{"id":74408,"date":"2025-05-23T10:33:52","date_gmt":"2025-05-23T08:33:52","guid":{"rendered":"https:\/\/progettotouring.it\/radiotouring104\/?p=74408"},"modified":"2025-05-23T10:33:52","modified_gmt":"2025-05-23T08:33:52","slug":"cna-calabria-sottoscritta-convenzione-con-il-sole-24-ore","status":"publish","type":"post","link":"https:\/\/progettotouring.it\/radiotouring104\/2025\/05\/23\/cna-calabria-sottoscritta-convenzione-con-il-sole-24-ore\/","title":{"rendered":"Cna Calabria: sottoscritta convenzione con il Sole 24 ore"},"content":{"rendered":"<p>Cna Calabria ha sottoscritto una convenzione con la societ\u00e0 Sole 24 ore Formazione che opera nel mondo della formazione avanzata al fine di offrire ai propri associati la possibilit\u00e0 di accedere a condizioni agevolate ai percorsi formativi offerti dal celebre istituto.<\/p>\n<p>Si tratta di una straordinaria opportunit\u00e0 per le piccole e medie imprese per acquisire quelle nuove competenze cos\u00ec ricercate in un mondo del lavoro in piena evoluzione. La scelta di ricorrere al Sole 24 Ore Formazione, non \u00e8 casuale.Il presidente CNA Calabria Giovanni Cugliari ha puntato ad un\u2019eccellenza dell\u2019ambito formativo, culturale e editoriale per offrire ai propri\u00a0associati\u00a0 le\u00a0migliori opportunit\u00e0 possibili e di crescita. \u201cLa formazione \u2013 afferma Cugliari &#8211; \u00e8 strategica per le imprese che desiderano rimanere competitive in un mercato in piena transizione ed evoluzione e che fai conti ormai quotidianamente con l\u2019intelligenza artificiale. Investire nella crescita e nello sviluppo di nuove competenze non solo migliora le prestazioni individuali, ma contribuisce anche al successo globale dell\u2019azienda. Ed \u00e8 quello che vogliamo: avere imprese artigiane sempre pi\u00f9 attrattive e competitive. Non a caso, come Cna, stiamo lavorando molto con le aziende per\u00a0quando\u00a0concerne l\u2019export in nuovi mercati, come quello asiatico. Il nostro tessuto ha le carte in regola per questo salto. Acquisire competenze in linea con il mercato, quali quelli proposte dal Sole24 ore non pu\u00f2 che oliare questo processo&#8221;.<\/p>\n","protected":false},"excerpt":{"rendered":"<p>Cna Calabria ha sottoscritto una convenzione con la societ\u00e0 Sole 24 ore Formazione che opera nel mondo della formazione avanzata al fine di offrire ai propri associati la possibilit\u00e0 di&hellip;<\/p>\n","protected":false},"author":12,"featured_media":42749,"comment_status":"closed","ping_status":"open","sticky":false,"template":"","format":"standard","meta":{"_jetpack_memberships_contains_paid_content":false,"footnotes":"","jetpack_publicize_message":"","jetpack_publicize_feature_enabled":true,"jetpack_social_post_already_shared":true,"jetpack_social_options":{"image_generator_settings":{"template":"highway","default_image_id":0,"font":"","enabled":false},"version":2}},"categories":[142,921,196],"tags":[22850,43927,22851,23540,28582],"class_list":["post-74408","post","type-post","status-publish","format-standard","has-post-thumbnail","hentry","category-calabria","category-home","category-news","tag-cna-calabria","tag-corsi-di-formazione-a-condizioni-agevolate","tag-giovanni-cugliari","tag-sole-24-ore","tag-sottoscritta-convenzione"],"yoast_head":"<!-- This site is optimized with the Yoast SEO plugin v27.2 - https:\/\/yoast.com\/product\/yoast-seo-wordpress\/ -->\n<title>Cna Calabria: sottoscritta convenzione con il Sole 24 ore<\/title>\n<meta name=\"description\" content=\"La convenzione sottoscritta ha la finalit\u00e0 di far accedere i propri associati a corsi di formazione, a condizioni agevolate\" \/>\n<meta name=\"robots\" content=\"index, follow, max-snippet:-1, max-image-preview:large, max-video-preview:-1\" \/>\n<link rel=\"canonical\" href=\"https:\/\/progettotouring.it\/radiotouring104\/2025\/05\/23\/cna-calabria-sottoscritta-convenzione-con-il-sole-24-ore\/\" \/>\n<meta property=\"og:locale\" content=\"it_IT\" \/>\n<meta property=\"og:type\" content=\"article\" \/>\n<meta property=\"og:title\" content=\"Cna Calabria: sottoscritta convenzione con il Sole 24 ore\" \/>\n<meta property=\"og:description\" content=\"La convenzione sottoscritta ha la finalit\u00e0 di far accedere i propri associati a corsi di formazione, a condizioni agevolate\" \/>\n<meta property=\"og:url\" content=\"https:\/\/progettotouring.it\/radiotouring104\/2025\/05\/23\/cna-calabria-sottoscritta-convenzione-con-il-sole-24-ore\/\" \/>\n<meta property=\"og:site_name\" content=\"Radio Touring 104\" \/>\n<meta property=\"article:published_time\" content=\"2025-05-23T08:33:52+00:00\" \/>\n<meta property=\"og:image\" content=\"https:\/\/progettotouring.it\/radiotouring104\/wp-content\/uploads\/sites\/6\/2024\/01\/GIOVANNI-CUGLIARI-CNA-CALABRIA.jpeg\" \/>\n\t<meta property=\"og:image:width\" content=\"1200\" \/>\n\t<meta property=\"og:image:height\" content=\"1041\" \/>\n\t<meta property=\"og:image:type\" content=\"image\/jpeg\" \/>\n<meta name=\"author\" content=\"Sebastiano Plutino\" \/>\n<meta name=\"twitter:card\" content=\"summary_large_image\" \/>\n<meta name=\"twitter:label1\" content=\"Scritto da\" \/>\n\t<meta name=\"twitter:data1\" content=\"Sebastiano Plutino\" \/>\n\t<meta name=\"twitter:label2\" content=\"Tempo di lettura stimato\" \/>\n\t<meta name=\"twitter:data2\" content=\"1 minuto\" \/>\n<script type=\"application\/ld+json\" class=\"yoast-schema-graph\">{\"@context\":\"https:\/\/schema.org\",\"@graph\":[{\"@type\":\"Article\",\"@id\":\"https:\/\/progettotouring.it\/radiotouring104\/2025\/05\/23\/cna-calabria-sottoscritta-convenzione-con-il-sole-24-ore\/#article\",\"isPartOf\":{\"@id\":\"https:\/\/progettotouring.it\/radiotouring104\/2025\/05\/23\/cna-calabria-sottoscritta-convenzione-con-il-sole-24-ore\/\"},\"author\":{\"name\":\"Sebastiano Plutino\",\"@id\":\"https:\/\/progettotouring.it\/radiotouring104\/#\/schema\/person\/78613917f1851f041f7483f5af1d422e\"},\"headline\":\"Cna Calabria: sottoscritta convenzione con il Sole 24 ore\",\"datePublished\":\"2025-05-23T08:33:52+00:00\",\"mainEntityOfPage\":{\"@id\":\"https:\/\/progettotouring.it\/radiotouring104\/2025\/05\/23\/cna-calabria-sottoscritta-convenzione-con-il-sole-24-ore\/\"},\"wordCount\":232,\"publisher\":{\"@id\":\"https:\/\/progettotouring.it\/radiotouring104\/#organization\"},\"image\":{\"@id\":\"https:\/\/progettotouring.it\/radiotouring104\/2025\/05\/23\/cna-calabria-sottoscritta-convenzione-con-il-sole-24-ore\/#primaryimage\"},\"thumbnailUrl\":\"https:\/\/progettotouring.it\/radiotouring104\/wp-content\/uploads\/sites\/6\/2024\/01\/GIOVANNI-CUGLIARI-CNA-CALABRIA.jpeg\",\"keywords\":[\"CNA Calabria\",\"corsi di formazione a condizioni agevolate\",\"Giovanni Cugliari\",\"Sole 24 Ore\",\"sottoscritta convenzione\"],\"articleSection\":[\"Calabria\",\"Home\",\"News\"],\"inLanguage\":\"it-IT\"},{\"@type\":\"WebPage\",\"@id\":\"https:\/\/progettotouring.it\/radiotouring104\/2025\/05\/23\/cna-calabria-sottoscritta-convenzione-con-il-sole-24-ore\/\",\"url\":\"https:\/\/progettotouring.it\/radiotouring104\/2025\/05\/23\/cna-calabria-sottoscritta-convenzione-con-il-sole-24-ore\/\",\"name\":\"Cna Calabria: sottoscritta convenzione con il Sole 24 ore\",\"isPartOf\":{\"@id\":\"https:\/\/progettotouring.it\/radiotouring104\/#website\"},\"primaryImageOfPage\":{\"@id\":\"https:\/\/progettotouring.it\/radiotouring104\/2025\/05\/23\/cna-calabria-sottoscritta-convenzione-con-il-sole-24-ore\/#primaryimage\"},\"image\":{\"@id\":\"https:\/\/progettotouring.it\/radiotouring104\/2025\/05\/23\/cna-calabria-sottoscritta-convenzione-con-il-sole-24-ore\/#primaryimage\"},\"thumbnailUrl\":\"https:\/\/progettotouring.it\/radiotouring104\/wp-content\/uploads\/sites\/6\/2024\/01\/GIOVANNI-CUGLIARI-CNA-CALABRIA.jpeg\",\"datePublished\":\"2025-05-23T08:33:52+00:00\",\"description\":\"La convenzione sottoscritta ha la finalit\u00e0 di far accedere i propri associati a corsi di formazione, a condizioni agevolate\",\"breadcrumb\":{\"@id\":\"https:\/\/progettotouring.it\/radiotouring104\/2025\/05\/23\/cna-calabria-sottoscritta-convenzione-con-il-sole-24-ore\/#breadcrumb\"},\"inLanguage\":\"it-IT\",\"potentialAction\":[{\"@type\":\"ReadAction\",\"target\":[\"https:\/\/progettotouring.it\/radiotouring104\/2025\/05\/23\/cna-calabria-sottoscritta-convenzione-con-il-sole-24-ore\/\"]}]},{\"@type\":\"ImageObject\",\"inLanguage\":\"it-IT\",\"@id\":\"https:\/\/progettotouring.it\/radiotouring104\/2025\/05\/23\/cna-calabria-sottoscritta-convenzione-con-il-sole-24-ore\/#primaryimage\",\"url\":\"https:\/\/progettotouring.it\/radiotouring104\/wp-content\/uploads\/sites\/6\/2024\/01\/GIOVANNI-CUGLIARI-CNA-CALABRIA.jpeg\",\"contentUrl\":\"https:\/\/progettotouring.it\/radiotouring104\/wp-content\/uploads\/sites\/6\/2024\/01\/GIOVANNI-CUGLIARI-CNA-CALABRIA.jpeg\",\"width\":1200,\"height\":1041},{\"@type\":\"BreadcrumbList\",\"@id\":\"https:\/\/progettotouring.it\/radiotouring104\/2025\/05\/23\/cna-calabria-sottoscritta-convenzione-con-il-sole-24-ore\/#breadcrumb\",\"itemListElement\":[{\"@type\":\"ListItem\",\"position\":1,\"name\":\"Home\",\"item\":\"https:\/\/progettotouring.it\/radiotouring104\/\"},{\"@type\":\"ListItem\",\"position\":2,\"name\":\"Cna Calabria: sottoscritta convenzione con il Sole 24 ore\"}]},{\"@type\":\"WebSite\",\"@id\":\"https:\/\/progettotouring.it\/radiotouring104\/#website\",\"url\":\"https:\/\/progettotouring.it\/radiotouring104\/\",\"name\":\"Radio Touring 104\",\"description\":\"La prima radio Reggina\",\"publisher\":{\"@id\":\"https:\/\/progettotouring.it\/radiotouring104\/#organization\"},\"potentialAction\":[{\"@type\":\"SearchAction\",\"target\":{\"@type\":\"EntryPoint\",\"urlTemplate\":\"https:\/\/progettotouring.it\/radiotouring104\/?s={search_term_string}\"},\"query-input\":{\"@type\":\"PropertyValueSpecification\",\"valueRequired\":true,\"valueName\":\"search_term_string\"}}],\"inLanguage\":\"it-IT\"},{\"@type\":\"Organization\",\"@id\":\"https:\/\/progettotouring.it\/radiotouring104\/#organization\",\"name\":\"Radio Touring 104\",\"url\":\"https:\/\/progettotouring.it\/radiotouring104\/\",\"logo\":{\"@type\":\"ImageObject\",\"inLanguage\":\"it-IT\",\"@id\":\"https:\/\/progettotouring.it\/radiotouring104\/#\/schema\/logo\/image\/\",\"url\":\"https:\/\/progettotouring.it\/radiotouring104\/wp-content\/uploads\/sites\/6\/2022\/02\/cropped-logo-radio-touring-104.png\",\"contentUrl\":\"https:\/\/progettotouring.it\/radiotouring104\/wp-content\/uploads\/sites\/6\/2022\/02\/cropped-logo-radio-touring-104.png\",\"width\":377,\"height\":182,\"caption\":\"Radio Touring 104\"},\"image\":{\"@id\":\"https:\/\/progettotouring.it\/radiotouring104\/#\/schema\/logo\/image\/\"}},{\"@type\":\"Person\",\"@id\":\"https:\/\/progettotouring.it\/radiotouring104\/#\/schema\/person\/78613917f1851f041f7483f5af1d422e\",\"name\":\"Sebastiano Plutino\",\"image\":{\"@type\":\"ImageObject\",\"inLanguage\":\"it-IT\",\"@id\":\"https:\/\/secure.gravatar.com\/avatar\/0546ffaa9b79224faf9f2a156b67a529ae861d3287c66c1d8ccfdf909bcba78d?s=96&d=mm&r=g\",\"url\":\"https:\/\/secure.gravatar.com\/avatar\/0546ffaa9b79224faf9f2a156b67a529ae861d3287c66c1d8ccfdf909bcba78d?s=96&d=mm&r=g\",\"contentUrl\":\"https:\/\/secure.gravatar.com\/avatar\/0546ffaa9b79224faf9f2a156b67a529ae861d3287c66c1d8ccfdf909bcba78d?s=96&d=mm&r=g\",\"caption\":\"Sebastiano Plutino\"},\"url\":\"https:\/\/progettotouring.it\/radiotouring104\/author\/sebastiano\/\"}]}<\/script>\n<!-- \/ Yoast SEO plugin. -->","yoast_head_json":{"title":"Cna Calabria: sottoscritta convenzione con il Sole 24 ore","description":"La convenzione sottoscritta ha la finalit\u00e0 di far accedere i propri associati a corsi di formazione, a condizioni agevolate","robots":{"index":"index","follow":"follow","max-snippet":"max-snippet:-1","max-image-preview":"max-image-preview:large","max-video-preview":"max-video-preview:-1"},"canonical":"https:\/\/progettotouring.it\/radiotouring104\/2025\/05\/23\/cna-calabria-sottoscritta-convenzione-con-il-sole-24-ore\/","og_locale":"it_IT","og_type":"article","og_title":"Cna Calabria: sottoscritta convenzione con il Sole 24 ore","og_description":"La convenzione sottoscritta ha la finalit\u00e0 di far accedere i propri associati a corsi di formazione, a condizioni agevolate","og_url":"https:\/\/progettotouring.it\/radiotouring104\/2025\/05\/23\/cna-calabria-sottoscritta-convenzione-con-il-sole-24-ore\/","og_site_name":"Radio Touring 104","article_published_time":"2025-05-23T08:33:52+00:00","og_image":[{"width":1200,"height":1041,"url":"https:\/\/progettotouring.it\/radiotouring104\/wp-content\/uploads\/sites\/6\/2024\/01\/GIOVANNI-CUGLIARI-CNA-CALABRIA.jpeg","type":"image\/jpeg"}],"author":"Sebastiano Plutino","twitter_card":"summary_large_image","twitter_misc":{"Scritto da":"Sebastiano Plutino","Tempo di lettura stimato":"1 minuto"},"schema":{"@context":"https:\/\/schema.org","@graph":[{"@type":"Article","@id":"https:\/\/progettotouring.it\/radiotouring104\/2025\/05\/23\/cna-calabria-sottoscritta-convenzione-con-il-sole-24-ore\/#article","isPartOf":{"@id":"https:\/\/progettotouring.it\/radiotouring104\/2025\/05\/23\/cna-calabria-sottoscritta-convenzione-con-il-sole-24-ore\/"},"author":{"name":"Sebastiano Plutino","@id":"https:\/\/progettotouring.it\/radiotouring104\/#\/schema\/person\/78613917f1851f041f7483f5af1d422e"},"headline":"Cna Calabria: sottoscritta convenzione con il Sole 24 ore","datePublished":"2025-05-23T08:33:52+00:00","mainEntityOfPage":{"@id":"https:\/\/progettotouring.it\/radiotouring104\/2025\/05\/23\/cna-calabria-sottoscritta-convenzione-con-il-sole-24-ore\/"},"wordCount":232,"publisher":{"@id":"https:\/\/progettotouring.it\/radiotouring104\/#organization"},"image":{"@id":"https:\/\/progettotouring.it\/radiotouring104\/2025\/05\/23\/cna-calabria-sottoscritta-convenzione-con-il-sole-24-ore\/#primaryimage"},"thumbnailUrl":"https:\/\/progettotouring.it\/radiotouring104\/wp-content\/uploads\/sites\/6\/2024\/01\/GIOVANNI-CUGLIARI-CNA-CALABRIA.jpeg","keywords":["CNA Calabria","corsi di formazione a condizioni agevolate","Giovanni Cugliari","Sole 24 Ore","sottoscritta convenzione"],"articleSection":["Calabria","Home","News"],"inLanguage":"it-IT"},{"@type":"WebPage","@id":"https:\/\/progettotouring.it\/radiotouring104\/2025\/05\/23\/cna-calabria-sottoscritta-convenzione-con-il-sole-24-ore\/","url":"https:\/\/progettotouring.it\/radiotouring104\/2025\/05\/23\/cna-calabria-sottoscritta-convenzione-con-il-sole-24-ore\/","name":"Cna Calabria: sottoscritta convenzione con il Sole 24 ore","isPartOf":{"@id":"https:\/\/progettotouring.it\/radiotouring104\/#website"},"primaryImageOfPage":{"@id":"https:\/\/progettotouring.it\/radiotouring104\/2025\/05\/23\/cna-calabria-sottoscritta-convenzione-con-il-sole-24-ore\/#primaryimage"},"image":{"@id":"https:\/\/progettotouring.it\/radiotouring104\/2025\/05\/23\/cna-calabria-sottoscritta-convenzione-con-il-sole-24-ore\/#primaryimage"},"thumbnailUrl":"https:\/\/progettotouring.it\/radiotouring104\/wp-content\/uploads\/sites\/6\/2024\/01\/GIOVANNI-CUGLIARI-CNA-CALABRIA.jpeg","datePublished":"2025-05-23T08:33:52+00:00","description":"La convenzione sottoscritta ha la finalit\u00e0 di far accedere i propri associati a corsi di formazione, a condizioni agevolate","breadcrumb":{"@id":"https:\/\/progettotouring.it\/radiotouring104\/2025\/05\/23\/cna-calabria-sottoscritta-convenzione-con-il-sole-24-ore\/#breadcrumb"},"inLanguage":"it-IT","potentialAction":[{"@type":"ReadAction","target":["https:\/\/progettotouring.it\/radiotouring104\/2025\/05\/23\/cna-calabria-sottoscritta-convenzione-con-il-sole-24-ore\/"]}]},{"@type":"ImageObject","inLanguage":"it-IT","@id":"https:\/\/progettotouring.it\/radiotouring104\/2025\/05\/23\/cna-calabria-sottoscritta-convenzione-con-il-sole-24-ore\/#primaryimage","url":"https:\/\/progettotouring.it\/radiotouring104\/wp-content\/uploads\/sites\/6\/2024\/01\/GIOVANNI-CUGLIARI-CNA-CALABRIA.jpeg","contentUrl":"https:\/\/progettotouring.it\/radiotouring104\/wp-content\/uploads\/sites\/6\/2024\/01\/GIOVANNI-CUGLIARI-CNA-CALABRIA.jpeg","width":1200,"height":1041},{"@type":"BreadcrumbList","@id":"https:\/\/progettotouring.it\/radiotouring104\/2025\/05\/23\/cna-calabria-sottoscritta-convenzione-con-il-sole-24-ore\/#breadcrumb","itemListElement":[{"@type":"ListItem","position":1,"name":"Home","item":"https:\/\/progettotouring.it\/radiotouring104\/"},{"@type":"ListItem","position":2,"name":"Cna Calabria: sottoscritta convenzione con il Sole 24 ore"}]},{"@type":"WebSite","@id":"https:\/\/progettotouring.it\/radiotouring104\/#website","url":"https:\/\/progettotouring.it\/radiotouring104\/","name":"Radio Touring 104","description":"La prima radio Reggina","publisher":{"@id":"https:\/\/progettotouring.it\/radiotouring104\/#organization"},"potentialAction":[{"@type":"SearchAction","target":{"@type":"EntryPoint","urlTemplate":"https:\/\/progettotouring.it\/radiotouring104\/?s={search_term_string}"},"query-input":{"@type":"PropertyValueSpecification","valueRequired":true,"valueName":"search_term_string"}}],"inLanguage":"it-IT"},{"@type":"Organization","@id":"https:\/\/progettotouring.it\/radiotouring104\/#organization","name":"Radio Touring 104","url":"https:\/\/progettotouring.it\/radiotouring104\/","logo":{"@type":"ImageObject","inLanguage":"it-IT","@id":"https:\/\/progettotouring.it\/radiotouring104\/#\/schema\/logo\/image\/","url":"https:\/\/progettotouring.it\/radiotouring104\/wp-content\/uploads\/sites\/6\/2022\/02\/cropped-logo-radio-touring-104.png","contentUrl":"https:\/\/progettotouring.it\/radiotouring104\/wp-content\/uploads\/sites\/6\/2022\/02\/cropped-logo-radio-touring-104.png","width":377,"height":182,"caption":"Radio Touring 104"},"image":{"@id":"https:\/\/progettotouring.it\/radiotouring104\/#\/schema\/logo\/image\/"}},{"@type":"Person","@id":"https:\/\/progettotouring.it\/radiotouring104\/#\/schema\/person\/78613917f1851f041f7483f5af1d422e","name":"Sebastiano Plutino","image":{"@type":"ImageObject","inLanguage":"it-IT","@id":"https:\/\/secure.gravatar.com\/avatar\/0546ffaa9b79224faf9f2a156b67a529ae861d3287c66c1d8ccfdf909bcba78d?s=96&d=mm&r=g","url":"https:\/\/secure.gravatar.com\/avatar\/0546ffaa9b79224faf9f2a156b67a529ae861d3287c66c1d8ccfdf909bcba78d?s=96&d=mm&r=g","contentUrl":"https:\/\/secure.gravatar.com\/avatar\/0546ffaa9b79224faf9f2a156b67a529ae861d3287c66c1d8ccfdf909bcba78d?s=96&d=mm&r=g","caption":"Sebastiano Plutino"},"url":"https:\/\/progettotouring.it\/radiotouring104\/author\/sebastiano\/"}]}},"jetpack_publicize_connections":[],"jetpack_featured_media_url":"https:\/\/progettotouring.it\/radiotouring104\/wp-content\/uploads\/sites\/6\/2024\/01\/GIOVANNI-CUGLIARI-CNA-CALABRIA.jpeg","jetpack_sharing_enabled":true,"_links":{"self":[{"href":"https:\/\/progettotouring.it\/radiotouring104\/wp-json\/wp\/v2\/posts\/74408","targetHints":{"allow":["GET"]}}],"collection":[{"href":"https:\/\/progettotouring.it\/radiotouring104\/wp-json\/wp\/v2\/posts"}],"about":[{"href":"https:\/\/progettotouring.it\/radiotouring104\/wp-json\/wp\/v2\/types\/post"}],"author":[{"embeddable":true,"href":"https:\/\/progettotouring.it\/radiotouring104\/wp-json\/wp\/v2\/users\/12"}],"replies":[{"embeddable":true,"href":"https:\/\/progettotouring.it\/radiotouring104\/wp-json\/wp\/v2\/comments?post=74408"}],"version-history":[{"count":1,"href":"https:\/\/progettotouring.it\/radiotouring104\/wp-json\/wp\/v2\/posts\/74408\/revisions"}],"predecessor-version":[{"id":74409,"href":"https:\/\/progettotouring.it\/radiotouring104\/wp-json\/wp\/v2\/posts\/74408\/revisions\/74409"}],"wp:featuredmedia":[{"embeddable":true,"href":"https:\/\/progettotouring.it\/radiotouring104\/wp-json\/wp\/v2\/media\/42749"}],"wp:attachment":[{"href":"https:\/\/progettotouring.it\/radiotouring104\/wp-json\/wp\/v2\/media?parent=74408"}],"wp:term":[{"taxonomy":"category","embeddable":true,"href":"https:\/\/progettotouring.it\/radiotouring104\/wp-json\/wp\/v2\/categories?post=74408"},{"taxonomy":"post_tag","embeddable":true,"href":"https:\/\/progettotouring.it\/radiotouring104\/wp-json\/wp\/v2\/tags?post=74408"}],"curies":[{"name":"wp","href":"https:\/\/api.w.org\/{rel}","templated":true}]}}