{"id":74410,"date":"2025-05-23T10:42:12","date_gmt":"2025-05-23T08:42:12","guid":{"rendered":"https:\/\/progettotouring.it\/radiotouring104\/?p=74410"},"modified":"2025-05-23T10:43:08","modified_gmt":"2025-05-23T08:43:08","slug":"dierre-domani-lattesa-finalissima-contro-alfa-catania","status":"publish","type":"post","link":"https:\/\/progettotouring.it\/radiotouring104\/2025\/05\/23\/dierre-domani-lattesa-finalissima-contro-alfa-catania\/","title":{"rendered":"Dierre: domani l&#8217;attesa finalissima contro Alfa Catania"},"content":{"rendered":"<div class=\"xmprfx_gmail-xdj266r xmprfx_gmail-x11i5rnm xmprfx_gmail-xat24cr xmprfx_gmail-x1mh8g0r xmprfx_gmail-x1vvkbs xmprfx_gmail-x126k92a\">\n<div dir=\"auto\">Voglia di provarci, voglia di vincere.<\/div>\n<\/div>\n<div class=\"xmprfx_gmail-x11i5rnm xmprfx_gmail-xat24cr xmprfx_gmail-x1mh8g0r xmprfx_gmail-x1vvkbs xmprfx_gmail-xtlvy1s xmprfx_gmail-x126k92a\">\n<div dir=\"auto\"><\/div>\n<div dir=\"auto\">La Dierre, dopo aver raggiunto il traguardo storico della finalissima di Serie C Unica, vuole vincere.<\/div>\n<\/div>\n<div class=\"xmprfx_gmail-x11i5rnm xmprfx_gmail-xat24cr xmprfx_gmail-x1mh8g0r xmprfx_gmail-x1vvkbs xmprfx_gmail-xtlvy1s xmprfx_gmail-x126k92a\">\n<div dir=\"auto\"><\/div>\n<div dir=\"auto\">Inizia la serie di finale: la stessa \u00e8 programmata al meglio delle tre sfide.<\/div>\n<div dir=\"auto\"><\/div>\n<div dir=\"auto\">Si inizia alle ore 18.30 di domani, presso la Palestra Leonardo Da Vinci di Catania.<\/div>\n<div dir=\"auto\"><\/div>\n<div dir=\"auto\">Sfida alla quotatissima Alfa Catania, team che ha veleggiato in vetta al ranking per tutta la stagione regolare.<\/div>\n<div dir=\"auto\">Gara due, invece, \u00e8 programmata per mercoled\u00ec 28 maggio alle ore 20 al Palacalafiore. L\u2019eventuale bella, si giocher\u00e0 ancora una volta, in terra etnea il sabato successivo.<\/div>\n<\/div>\n<div class=\"xmprfx_gmail-x11i5rnm xmprfx_gmail-xat24cr xmprfx_gmail-x1mh8g0r xmprfx_gmail-x1vvkbs xmprfx_gmail-xtlvy1s xmprfx_gmail-x126k92a\">\n<div dir=\"auto\"><\/div>\n<div dir=\"auto\">Una vittoria a testa durante la stagione regolare:il combattutissimo 76 a 68 della gara di andata in Sicilia ed il trionfo reggino sull\u2019inedito rettangolo del Palalumaka in gara due terminato 86 a 81, basilare per la conquista della terza piazza per Capitan Lagan\u00e0 e soci.<\/div>\n<\/div>\n<div class=\"xmprfx_gmail-x11i5rnm xmprfx_gmail-xat24cr xmprfx_gmail-x1mh8g0r xmprfx_gmail-x1vvkbs xmprfx_gmail-xtlvy1s xmprfx_gmail-x126k92a\">\n<div dir=\"auto\"><\/div>\n<div dir=\"auto\">Si sfideranno il miglior attacco del torneo, quello rosso-blu caro al Dg Carbone, contro la miglior difesa orchestrata da coach Cotroneo.<\/div>\n<\/div>\n<div class=\"xmprfx_gmail-x11i5rnm xmprfx_gmail-xat24cr xmprfx_gmail-x1mh8g0r xmprfx_gmail-x1vvkbs xmprfx_gmail-xtlvy1s xmprfx_gmail-x126k92a\">\n<div dir=\"auto\"><\/div>\n<div dir=\"auto\">L\u2019Alfa Catania, societ\u00e0 con trascorsi in B, \u00e8 un arsenale incredibile ma non imbattibile e la serie contro l\u2019Olympia Comiso lo ha dimostrato: finalista della passata edizione persa contro Catanzaro \u00e8 allenata l\u2019esperto coach \u017deljko Ze\u010devi\u0107. Ha lavorato in Italia a Vicenza, Cant\u00f9, La Maddalena, Udine, Scafati e Potenza, Tunisia, Marocco, Guinea e non solo. Allenatore dal respiro internazionale che pu\u00f2 vantare sulle conferme del Capitano Abramo, Budrys, Patan\u00e8 e Pappalardo, l\u2019ex di turno Smorto, Gatta, Drigo e non solo.<\/div>\n<\/div>\n<div class=\"xmprfx_gmail-x11i5rnm xmprfx_gmail-xat24cr xmprfx_gmail-x1mh8g0r xmprfx_gmail-x1vvkbs xmprfx_gmail-xtlvy1s xmprfx_gmail-x126k92a\">\n<div dir=\"auto\"><\/div>\n<div dir=\"auto\">Diretta social sulla pagina Facebook dell\u2019Alfa Catania.<\/div>\n<\/div>\n<div class=\"xmprfx_gmail-x11i5rnm xmprfx_gmail-xat24cr xmprfx_gmail-x1mh8g0r xmprfx_gmail-x1vvkbs xmprfx_gmail-xtlvy1s xmprfx_gmail-x126k92a\">\n<div dir=\"auto\"><\/div>\n<div dir=\"auto\">Arbitrano i signori Carlo D\u2019Amore di Messina e Matteo Gazzara di Messina<\/div>\n<\/div>\n","protected":false},"excerpt":{"rendered":"<p>Voglia di provarci, voglia di vincere. La Dierre, dopo aver raggiunto il traguardo storico della finalissima di Serie C Unica, vuole vincere. Inizia la serie di finale: la stessa \u00e8&hellip;<\/p>\n","protected":false},"author":12,"featured_media":74411,"comment_status":"closed","ping_status":"open","sticky":false,"template":"","format":"standard","meta":{"_jetpack_memberships_contains_paid_content":false,"footnotes":"","jetpack_publicize_message":"","jetpack_publicize_feature_enabled":true,"jetpack_social_post_already_shared":true,"jetpack_social_options":{"image_generator_settings":{"template":"highway","default_image_id":0,"font":"","enabled":false},"version":2}},"categories":[196,140,144],"tags":[43930,36039,35098,43929,43928,43931],"class_list":["post-74410","post","type-post","status-publish","format-standard","has-post-thumbnail","hentry","category-news","category-reggio-calabria","category-sport","tag-alfa-catania","tag-dierre-basketball-reggio-calabria","tag-finalissima","tag-palestra-leonardo-da-vinci-di-catania","tag-primo-dei-3-match","tag-serie-c-unica"],"yoast_head":"<!-- This site is optimized with the Yoast SEO plugin v27.2 - https:\/\/yoast.com\/product\/yoast-seo-wordpress\/ -->\n<title>Dierre: domani l&#039;attesa finalissima contro Alfa Catania<\/title>\n<meta name=\"description\" content=\"Il primo dei 3 attesi match \u00e8 in programma domani, alle ore 18: 30, presso la Palestra Leonardo Da Vinci di Catania\" \/>\n<meta name=\"robots\" content=\"index, follow, max-snippet:-1, max-image-preview:large, max-video-preview:-1\" \/>\n<link rel=\"canonical\" href=\"https:\/\/progettotouring.it\/radiotouring104\/2025\/05\/23\/dierre-domani-lattesa-finalissima-contro-alfa-catania\/\" \/>\n<meta property=\"og:locale\" content=\"it_IT\" \/>\n<meta property=\"og:type\" content=\"article\" \/>\n<meta property=\"og:title\" content=\"Dierre: domani l&#039;attesa finalissima contro Alfa Catania\" \/>\n<meta property=\"og:description\" content=\"Il primo dei 3 attesi match \u00e8 in programma domani, alle ore 18: 30, presso la Palestra Leonardo Da Vinci di Catania\" \/>\n<meta property=\"og:url\" content=\"https:\/\/progettotouring.it\/radiotouring104\/2025\/05\/23\/dierre-domani-lattesa-finalissima-contro-alfa-catania\/\" \/>\n<meta property=\"og:site_name\" content=\"Radio Touring 104\" \/>\n<meta property=\"article:published_time\" content=\"2025-05-23T08:42:12+00:00\" \/>\n<meta property=\"article:modified_time\" content=\"2025-05-23T08:43:08+00:00\" \/>\n<meta property=\"og:image\" content=\"https:\/\/progettotouring.it\/radiotouring104\/wp-content\/uploads\/sites\/6\/2025\/05\/Dierre-Basket-REGGIO.jpg\" \/>\n\t<meta property=\"og:image:width\" content=\"1452\" \/>\n\t<meta property=\"og:image:height\" content=\"733\" \/>\n\t<meta property=\"og:image:type\" content=\"image\/jpeg\" \/>\n<meta name=\"author\" content=\"Sebastiano Plutino\" \/>\n<meta name=\"twitter:card\" content=\"summary_large_image\" \/>\n<meta name=\"twitter:label1\" content=\"Scritto da\" \/>\n\t<meta name=\"twitter:data1\" content=\"Sebastiano Plutino\" \/>\n\t<meta name=\"twitter:label2\" content=\"Tempo di lettura stimato\" \/>\n\t<meta name=\"twitter:data2\" content=\"1 minuto\" \/>\n<script type=\"application\/ld+json\" class=\"yoast-schema-graph\">{\"@context\":\"https:\/\/schema.org\",\"@graph\":[{\"@type\":\"Article\",\"@id\":\"https:\/\/progettotouring.it\/radiotouring104\/2025\/05\/23\/dierre-domani-lattesa-finalissima-contro-alfa-catania\/#article\",\"isPartOf\":{\"@id\":\"https:\/\/progettotouring.it\/radiotouring104\/2025\/05\/23\/dierre-domani-lattesa-finalissima-contro-alfa-catania\/\"},\"author\":{\"name\":\"Sebastiano Plutino\",\"@id\":\"https:\/\/progettotouring.it\/radiotouring104\/#\/schema\/person\/78613917f1851f041f7483f5af1d422e\"},\"headline\":\"Dierre: domani l&#8217;attesa finalissima contro Alfa Catania\",\"datePublished\":\"2025-05-23T08:42:12+00:00\",\"dateModified\":\"2025-05-23T08:43:08+00:00\",\"mainEntityOfPage\":{\"@id\":\"https:\/\/progettotouring.it\/radiotouring104\/2025\/05\/23\/dierre-domani-lattesa-finalissima-contro-alfa-catania\/\"},\"wordCount\":267,\"publisher\":{\"@id\":\"https:\/\/progettotouring.it\/radiotouring104\/#organization\"},\"image\":{\"@id\":\"https:\/\/progettotouring.it\/radiotouring104\/2025\/05\/23\/dierre-domani-lattesa-finalissima-contro-alfa-catania\/#primaryimage\"},\"thumbnailUrl\":\"https:\/\/progettotouring.it\/radiotouring104\/wp-content\/uploads\/sites\/6\/2025\/05\/Dierre-Basket-REGGIO.jpg\",\"keywords\":[\"alfa catania\",\"Dierre Basketball Reggio Calabria.\",\"finalissima\",\"Palestra Leonardo Da Vinci di Catania\",\"primo dei 3 match\",\"Serie C Unica\"],\"articleSection\":[\"News\",\"Reggio Calabria\",\"Sport\"],\"inLanguage\":\"it-IT\"},{\"@type\":\"WebPage\",\"@id\":\"https:\/\/progettotouring.it\/radiotouring104\/2025\/05\/23\/dierre-domani-lattesa-finalissima-contro-alfa-catania\/\",\"url\":\"https:\/\/progettotouring.it\/radiotouring104\/2025\/05\/23\/dierre-domani-lattesa-finalissima-contro-alfa-catania\/\",\"name\":\"Dierre: domani l'attesa finalissima contro Alfa Catania\",\"isPartOf\":{\"@id\":\"https:\/\/progettotouring.it\/radiotouring104\/#website\"},\"primaryImageOfPage\":{\"@id\":\"https:\/\/progettotouring.it\/radiotouring104\/2025\/05\/23\/dierre-domani-lattesa-finalissima-contro-alfa-catania\/#primaryimage\"},\"image\":{\"@id\":\"https:\/\/progettotouring.it\/radiotouring104\/2025\/05\/23\/dierre-domani-lattesa-finalissima-contro-alfa-catania\/#primaryimage\"},\"thumbnailUrl\":\"https:\/\/progettotouring.it\/radiotouring104\/wp-content\/uploads\/sites\/6\/2025\/05\/Dierre-Basket-REGGIO.jpg\",\"datePublished\":\"2025-05-23T08:42:12+00:00\",\"dateModified\":\"2025-05-23T08:43:08+00:00\",\"description\":\"Il primo dei 3 attesi match \u00e8 in programma domani, alle ore 18: 30, presso la Palestra Leonardo Da Vinci di Catania\",\"breadcrumb\":{\"@id\":\"https:\/\/progettotouring.it\/radiotouring104\/2025\/05\/23\/dierre-domani-lattesa-finalissima-contro-alfa-catania\/#breadcrumb\"},\"inLanguage\":\"it-IT\",\"potentialAction\":[{\"@type\":\"ReadAction\",\"target\":[\"https:\/\/progettotouring.it\/radiotouring104\/2025\/05\/23\/dierre-domani-lattesa-finalissima-contro-alfa-catania\/\"]}]},{\"@type\":\"ImageObject\",\"inLanguage\":\"it-IT\",\"@id\":\"https:\/\/progettotouring.it\/radiotouring104\/2025\/05\/23\/dierre-domani-lattesa-finalissima-contro-alfa-catania\/#primaryimage\",\"url\":\"https:\/\/progettotouring.it\/radiotouring104\/wp-content\/uploads\/sites\/6\/2025\/05\/Dierre-Basket-REGGIO.jpg\",\"contentUrl\":\"https:\/\/progettotouring.it\/radiotouring104\/wp-content\/uploads\/sites\/6\/2025\/05\/Dierre-Basket-REGGIO.jpg\",\"width\":1452,\"height\":733},{\"@type\":\"BreadcrumbList\",\"@id\":\"https:\/\/progettotouring.it\/radiotouring104\/2025\/05\/23\/dierre-domani-lattesa-finalissima-contro-alfa-catania\/#breadcrumb\",\"itemListElement\":[{\"@type\":\"ListItem\",\"position\":1,\"name\":\"Home\",\"item\":\"https:\/\/progettotouring.it\/radiotouring104\/\"},{\"@type\":\"ListItem\",\"position\":2,\"name\":\"Dierre: domani l&#8217;attesa finalissima contro Alfa Catania\"}]},{\"@type\":\"WebSite\",\"@id\":\"https:\/\/progettotouring.it\/radiotouring104\/#website\",\"url\":\"https:\/\/progettotouring.it\/radiotouring104\/\",\"name\":\"Radio Touring 104\",\"description\":\"La prima radio Reggina\",\"publisher\":{\"@id\":\"https:\/\/progettotouring.it\/radiotouring104\/#organization\"},\"potentialAction\":[{\"@type\":\"SearchAction\",\"target\":{\"@type\":\"EntryPoint\",\"urlTemplate\":\"https:\/\/progettotouring.it\/radiotouring104\/?s={search_term_string}\"},\"query-input\":{\"@type\":\"PropertyValueSpecification\",\"valueRequired\":true,\"valueName\":\"search_term_string\"}}],\"inLanguage\":\"it-IT\"},{\"@type\":\"Organization\",\"@id\":\"https:\/\/progettotouring.it\/radiotouring104\/#organization\",\"name\":\"Radio Touring 104\",\"url\":\"https:\/\/progettotouring.it\/radiotouring104\/\",\"logo\":{\"@type\":\"ImageObject\",\"inLanguage\":\"it-IT\",\"@id\":\"https:\/\/progettotouring.it\/radiotouring104\/#\/schema\/logo\/image\/\",\"url\":\"https:\/\/progettotouring.it\/radiotouring104\/wp-content\/uploads\/sites\/6\/2022\/02\/cropped-logo-radio-touring-104.png\",\"contentUrl\":\"https:\/\/progettotouring.it\/radiotouring104\/wp-content\/uploads\/sites\/6\/2022\/02\/cropped-logo-radio-touring-104.png\",\"width\":377,\"height\":182,\"caption\":\"Radio Touring 104\"},\"image\":{\"@id\":\"https:\/\/progettotouring.it\/radiotouring104\/#\/schema\/logo\/image\/\"}},{\"@type\":\"Person\",\"@id\":\"https:\/\/progettotouring.it\/radiotouring104\/#\/schema\/person\/78613917f1851f041f7483f5af1d422e\",\"name\":\"Sebastiano Plutino\",\"image\":{\"@type\":\"ImageObject\",\"inLanguage\":\"it-IT\",\"@id\":\"https:\/\/secure.gravatar.com\/avatar\/0546ffaa9b79224faf9f2a156b67a529ae861d3287c66c1d8ccfdf909bcba78d?s=96&d=mm&r=g\",\"url\":\"https:\/\/secure.gravatar.com\/avatar\/0546ffaa9b79224faf9f2a156b67a529ae861d3287c66c1d8ccfdf909bcba78d?s=96&d=mm&r=g\",\"contentUrl\":\"https:\/\/secure.gravatar.com\/avatar\/0546ffaa9b79224faf9f2a156b67a529ae861d3287c66c1d8ccfdf909bcba78d?s=96&d=mm&r=g\",\"caption\":\"Sebastiano Plutino\"},\"url\":\"https:\/\/progettotouring.it\/radiotouring104\/author\/sebastiano\/\"}]}<\/script>\n<!-- \/ Yoast SEO plugin. -->","yoast_head_json":{"title":"Dierre: domani l'attesa finalissima contro Alfa Catania","description":"Il primo dei 3 attesi match \u00e8 in programma domani, alle ore 18: 30, presso la Palestra Leonardo Da Vinci di Catania","robots":{"index":"index","follow":"follow","max-snippet":"max-snippet:-1","max-image-preview":"max-image-preview:large","max-video-preview":"max-video-preview:-1"},"canonical":"https:\/\/progettotouring.it\/radiotouring104\/2025\/05\/23\/dierre-domani-lattesa-finalissima-contro-alfa-catania\/","og_locale":"it_IT","og_type":"article","og_title":"Dierre: domani l'attesa finalissima contro Alfa Catania","og_description":"Il primo dei 3 attesi match \u00e8 in programma domani, alle ore 18: 30, presso la Palestra Leonardo Da Vinci di Catania","og_url":"https:\/\/progettotouring.it\/radiotouring104\/2025\/05\/23\/dierre-domani-lattesa-finalissima-contro-alfa-catania\/","og_site_name":"Radio Touring 104","article_published_time":"2025-05-23T08:42:12+00:00","article_modified_time":"2025-05-23T08:43:08+00:00","og_image":[{"width":1452,"height":733,"url":"https:\/\/progettotouring.it\/radiotouring104\/wp-content\/uploads\/sites\/6\/2025\/05\/Dierre-Basket-REGGIO.jpg","type":"image\/jpeg"}],"author":"Sebastiano Plutino","twitter_card":"summary_large_image","twitter_misc":{"Scritto da":"Sebastiano Plutino","Tempo di lettura stimato":"1 minuto"},"schema":{"@context":"https:\/\/schema.org","@graph":[{"@type":"Article","@id":"https:\/\/progettotouring.it\/radiotouring104\/2025\/05\/23\/dierre-domani-lattesa-finalissima-contro-alfa-catania\/#article","isPartOf":{"@id":"https:\/\/progettotouring.it\/radiotouring104\/2025\/05\/23\/dierre-domani-lattesa-finalissima-contro-alfa-catania\/"},"author":{"name":"Sebastiano Plutino","@id":"https:\/\/progettotouring.it\/radiotouring104\/#\/schema\/person\/78613917f1851f041f7483f5af1d422e"},"headline":"Dierre: domani l&#8217;attesa finalissima contro Alfa Catania","datePublished":"2025-05-23T08:42:12+00:00","dateModified":"2025-05-23T08:43:08+00:00","mainEntityOfPage":{"@id":"https:\/\/progettotouring.it\/radiotouring104\/2025\/05\/23\/dierre-domani-lattesa-finalissima-contro-alfa-catania\/"},"wordCount":267,"publisher":{"@id":"https:\/\/progettotouring.it\/radiotouring104\/#organization"},"image":{"@id":"https:\/\/progettotouring.it\/radiotouring104\/2025\/05\/23\/dierre-domani-lattesa-finalissima-contro-alfa-catania\/#primaryimage"},"thumbnailUrl":"https:\/\/progettotouring.it\/radiotouring104\/wp-content\/uploads\/sites\/6\/2025\/05\/Dierre-Basket-REGGIO.jpg","keywords":["alfa catania","Dierre Basketball Reggio Calabria.","finalissima","Palestra Leonardo Da Vinci di Catania","primo dei 3 match","Serie C Unica"],"articleSection":["News","Reggio Calabria","Sport"],"inLanguage":"it-IT"},{"@type":"WebPage","@id":"https:\/\/progettotouring.it\/radiotouring104\/2025\/05\/23\/dierre-domani-lattesa-finalissima-contro-alfa-catania\/","url":"https:\/\/progettotouring.it\/radiotouring104\/2025\/05\/23\/dierre-domani-lattesa-finalissima-contro-alfa-catania\/","name":"Dierre: domani l'attesa finalissima contro Alfa Catania","isPartOf":{"@id":"https:\/\/progettotouring.it\/radiotouring104\/#website"},"primaryImageOfPage":{"@id":"https:\/\/progettotouring.it\/radiotouring104\/2025\/05\/23\/dierre-domani-lattesa-finalissima-contro-alfa-catania\/#primaryimage"},"image":{"@id":"https:\/\/progettotouring.it\/radiotouring104\/2025\/05\/23\/dierre-domani-lattesa-finalissima-contro-alfa-catania\/#primaryimage"},"thumbnailUrl":"https:\/\/progettotouring.it\/radiotouring104\/wp-content\/uploads\/sites\/6\/2025\/05\/Dierre-Basket-REGGIO.jpg","datePublished":"2025-05-23T08:42:12+00:00","dateModified":"2025-05-23T08:43:08+00:00","description":"Il primo dei 3 attesi match \u00e8 in programma domani, alle ore 18: 30, presso la Palestra Leonardo Da Vinci di Catania","breadcrumb":{"@id":"https:\/\/progettotouring.it\/radiotouring104\/2025\/05\/23\/dierre-domani-lattesa-finalissima-contro-alfa-catania\/#breadcrumb"},"inLanguage":"it-IT","potentialAction":[{"@type":"ReadAction","target":["https:\/\/progettotouring.it\/radiotouring104\/2025\/05\/23\/dierre-domani-lattesa-finalissima-contro-alfa-catania\/"]}]},{"@type":"ImageObject","inLanguage":"it-IT","@id":"https:\/\/progettotouring.it\/radiotouring104\/2025\/05\/23\/dierre-domani-lattesa-finalissima-contro-alfa-catania\/#primaryimage","url":"https:\/\/progettotouring.it\/radiotouring104\/wp-content\/uploads\/sites\/6\/2025\/05\/Dierre-Basket-REGGIO.jpg","contentUrl":"https:\/\/progettotouring.it\/radiotouring104\/wp-content\/uploads\/sites\/6\/2025\/05\/Dierre-Basket-REGGIO.jpg","width":1452,"height":733},{"@type":"BreadcrumbList","@id":"https:\/\/progettotouring.it\/radiotouring104\/2025\/05\/23\/dierre-domani-lattesa-finalissima-contro-alfa-catania\/#breadcrumb","itemListElement":[{"@type":"ListItem","position":1,"name":"Home","item":"https:\/\/progettotouring.it\/radiotouring104\/"},{"@type":"ListItem","position":2,"name":"Dierre: domani l&#8217;attesa finalissima contro Alfa Catania"}]},{"@type":"WebSite","@id":"https:\/\/progettotouring.it\/radiotouring104\/#website","url":"https:\/\/progettotouring.it\/radiotouring104\/","name":"Radio Touring 104","description":"La prima radio Reggina","publisher":{"@id":"https:\/\/progettotouring.it\/radiotouring104\/#organization"},"potentialAction":[{"@type":"SearchAction","target":{"@type":"EntryPoint","urlTemplate":"https:\/\/progettotouring.it\/radiotouring104\/?s={search_term_string}"},"query-input":{"@type":"PropertyValueSpecification","valueRequired":true,"valueName":"search_term_string"}}],"inLanguage":"it-IT"},{"@type":"Organization","@id":"https:\/\/progettotouring.it\/radiotouring104\/#organization","name":"Radio Touring 104","url":"https:\/\/progettotouring.it\/radiotouring104\/","logo":{"@type":"ImageObject","inLanguage":"it-IT","@id":"https:\/\/progettotouring.it\/radiotouring104\/#\/schema\/logo\/image\/","url":"https:\/\/progettotouring.it\/radiotouring104\/wp-content\/uploads\/sites\/6\/2022\/02\/cropped-logo-radio-touring-104.png","contentUrl":"https:\/\/progettotouring.it\/radiotouring104\/wp-content\/uploads\/sites\/6\/2022\/02\/cropped-logo-radio-touring-104.png","width":377,"height":182,"caption":"Radio Touring 104"},"image":{"@id":"https:\/\/progettotouring.it\/radiotouring104\/#\/schema\/logo\/image\/"}},{"@type":"Person","@id":"https:\/\/progettotouring.it\/radiotouring104\/#\/schema\/person\/78613917f1851f041f7483f5af1d422e","name":"Sebastiano Plutino","image":{"@type":"ImageObject","inLanguage":"it-IT","@id":"https:\/\/secure.gravatar.com\/avatar\/0546ffaa9b79224faf9f2a156b67a529ae861d3287c66c1d8ccfdf909bcba78d?s=96&d=mm&r=g","url":"https:\/\/secure.gravatar.com\/avatar\/0546ffaa9b79224faf9f2a156b67a529ae861d3287c66c1d8ccfdf909bcba78d?s=96&d=mm&r=g","contentUrl":"https:\/\/secure.gravatar.com\/avatar\/0546ffaa9b79224faf9f2a156b67a529ae861d3287c66c1d8ccfdf909bcba78d?s=96&d=mm&r=g","caption":"Sebastiano Plutino"},"url":"https:\/\/progettotouring.it\/radiotouring104\/author\/sebastiano\/"}]}},"jetpack_publicize_connections":[],"jetpack_featured_media_url":"https:\/\/progettotouring.it\/radiotouring104\/wp-content\/uploads\/sites\/6\/2025\/05\/Dierre-Basket-REGGIO.jpg","jetpack_sharing_enabled":true,"_links":{"self":[{"href":"https:\/\/progettotouring.it\/radiotouring104\/wp-json\/wp\/v2\/posts\/74410","targetHints":{"allow":["GET"]}}],"collection":[{"href":"https:\/\/progettotouring.it\/radiotouring104\/wp-json\/wp\/v2\/posts"}],"about":[{"href":"https:\/\/progettotouring.it\/radiotouring104\/wp-json\/wp\/v2\/types\/post"}],"author":[{"embeddable":true,"href":"https:\/\/progettotouring.it\/radiotouring104\/wp-json\/wp\/v2\/users\/12"}],"replies":[{"embeddable":true,"href":"https:\/\/progettotouring.it\/radiotouring104\/wp-json\/wp\/v2\/comments?post=74410"}],"version-history":[{"count":1,"href":"https:\/\/progettotouring.it\/radiotouring104\/wp-json\/wp\/v2\/posts\/74410\/revisions"}],"predecessor-version":[{"id":74412,"href":"https:\/\/progettotouring.it\/radiotouring104\/wp-json\/wp\/v2\/posts\/74410\/revisions\/74412"}],"wp:featuredmedia":[{"embeddable":true,"href":"https:\/\/progettotouring.it\/radiotouring104\/wp-json\/wp\/v2\/media\/74411"}],"wp:attachment":[{"href":"https:\/\/progettotouring.it\/radiotouring104\/wp-json\/wp\/v2\/media?parent=74410"}],"wp:term":[{"taxonomy":"category","embeddable":true,"href":"https:\/\/progettotouring.it\/radiotouring104\/wp-json\/wp\/v2\/categories?post=74410"},{"taxonomy":"post_tag","embeddable":true,"href":"https:\/\/progettotouring.it\/radiotouring104\/wp-json\/wp\/v2\/tags?post=74410"}],"curies":[{"name":"wp","href":"https:\/\/api.w.org\/{rel}","templated":true}]}}