{"id":7489,"date":"2022-07-01T19:20:09","date_gmt":"2022-07-01T17:20:09","guid":{"rendered":"https:\/\/progettotouring.it\/radiotouring104\/?p=7489"},"modified":"2022-07-01T19:20:35","modified_gmt":"2022-07-01T17:20:35","slug":"continua-il-dibattito-tra-denis-nesci-e-la-citta-metropolitana-la-risposta-del-commissario-fdi","status":"publish","type":"post","link":"https:\/\/progettotouring.it\/radiotouring104\/2022\/07\/01\/continua-il-dibattito-tra-denis-nesci-e-la-citta-metropolitana-la-risposta-del-commissario-fdi\/","title":{"rendered":"Continua il dibattito tra Denis Nesci e la Citt\u00e0 Metropolitana: la risposta del commissario FDI"},"content":{"rendered":"<p style=\"text-align: justify;\">\u2018Non so quale compagine rappresenti Sintesi Metropolitana che si affanna a prendere le difese del Sindaco f.f. Versace, ma comprendo che con molta probabilit\u00e0 ricevendo ordini di scuderia, non si sia potuto sottrarre al proprio compito; esercizio tra l\u2019altro adottato con consuetudine ma che non gli riesce per nulla bene\u2019. &#8211; Queste le parole di Denis Nesci, commissario FDI di Reggio Calabria, che sottolinea: \u2018Paradossale che questo \u201cgruppo\u201d politico si riferisca a Fratelli d\u2019Italia alludendo ad abilit\u00e0 a finire sui giornali per questioni avulse dall\u2019agone politico. Forse costoro vivono su un mondo parallelo e non si sono accorti che met\u00e0 amministrazione comunale \u00e8 sospesa e che ci sono indagini che coinvolgono i loro \u2018compagni\u2019 in vicende giudiziarie le cui ipotesi di reato sono gravissime. Ma come se non bastassero sette anni &#8211; ed oltre &#8211; di malamministrazione, fotografati da tutti gli indicatori economici e da dati impietosi registrati dal Sole 24 ore sul livello di vivibilit\u00e0, ancora farneticano, vaneggiando una difesa delle prerogative del territorio, dopo che con la loro totale incapacit\u00e0 politiche le hanno vessate, offese ed annullate! Hanno ucciso la vocazione turistica di Reggio e non sono stati in grado di darle una visione e invece di vergognarsi politicamente, hanno l\u2019ardua presunzione di fare note stampa camuffandosi dietro inconsistenti gruppi politici\u2019.<\/p>\n<p style=\"text-align: justify;\">\u2018Il mancato finanziamento dei progetti inerenti ai programmi CIS \u00e8 stato pubblicamente denunciato dal sindaco metropolitano Versace, il quale &#8211; ribadisce &#8211; ha dichiarato che si trattasse di una bocciatura di matrice politica, accusando di fatto la stessa maggioranza di governo del quale il suo partito fa parte! Invece di fare l\u2019accesso agli atti chiedesse al suo leader Calenda maggiore attenzione per Reggio Calabria\u2019.<\/p>\n<p style=\"text-align: justify;\">\u2018E per quanto riguarda i risultati politici del partito che mi onoro di rappresentare &#8211; continua Nesci &#8211; non mi sembra opportuno sottolineare ci\u00f2 che raffigura nel tessuto sociale ed economico del Paese e dei territori come quello metropolitano di Reggio Calabria, perch\u00e9 sarebbe troppo umiliante per questo centrosinistra morente che, nelle competizioni elettorali, non ha il coraggio nemmeno di presentare i simboli di partito che lo compongono\u2019.<\/p>\n<p style=\"text-align: justify;\">\u2018Fratelli d\u2019Italia \u00e8 una forza politica attrattiva e aggregante, tanto a livello nazionale quanto a livello territoriale, e i tanti amministratori che hanno aderito e che stanno sposando questo progetto sono la prova tangibile. A breve se ne renderanno conto anche questi sedicenti componenti di Sintesi Metropolitana. Con lo stesso scatto d\u2019orgoglio con il quale sono usciti dall\u2019oblio politico, auguro possano mettersi da parte al pi\u00f9 presto per dare alla Citt\u00e0 Metropolitana una classe dirigente in grado di invertire la rotta. I territori di Reggio Calabria e la loro gente meritano rispetto e soprattutto meritano servizi essenziali e piani solidi di rilancio per non vedere morire una citt\u00e0 stremata da criticit\u00e0 e continue emergenze. Questo governare a \u201cmuzzo\u201d ha portato solo risultati disastrosi; tirare alla giornata &#8211; conclude la nota &#8211; \u00e8 l\u2019antitesi di una programmazione politica ed ammnistrativa indispensabile per essere all\u2019altezza delle tante sfide alle quali chi amministra \u00e8 chiamato. Pertanto \u00e8 giunta l\u2019ora della dignit\u00e0: il centrosinistra dovrebbe dimettersi per manifesta incapacit\u00e0 politica, il compito \u00e8 troppo alto per le competenze e le capacit\u00e0 a disposizione di questa classe dirigente\u2019<strong>.<\/strong><\/p>\n","protected":false},"excerpt":{"rendered":"<p>\u2018Non so quale compagine rappresenti Sintesi Metropolitana che si affanna a prendere le difese del Sindaco f.f. Versace, ma comprendo che con molta probabilit\u00e0 ricevendo ordini di scuderia, non si&hellip;<\/p>\n","protected":false},"author":5,"featured_media":5666,"comment_status":"open","ping_status":"open","sticky":false,"template":"","format":"standard","meta":{"_jetpack_memberships_contains_paid_content":false,"footnotes":"","jetpack_publicize_message":"","jetpack_publicize_feature_enabled":true,"jetpack_social_post_already_shared":false,"jetpack_social_options":{"image_generator_settings":{"template":"highway","default_image_id":0,"font":"","enabled":false},"version":2}},"categories":[921,196,140],"tags":[743,739,236],"class_list":["post-7489","post","type-post","status-publish","format-standard","has-post-thumbnail","hentry","category-home","category-news","category-reggio-calabria","tag-citta-metropolitana","tag-palazzo-alvaro","tag-reggio-calabria"],"yoast_head":"<!-- This site is optimized with the Yoast SEO plugin v27.2 - https:\/\/yoast.com\/product\/yoast-seo-wordpress\/ -->\n<title>Continua il dibattito tra Denis Nesci e la Citt\u00e0 Metropolitana<\/title>\n<meta name=\"robots\" content=\"index, follow, max-snippet:-1, max-image-preview:large, max-video-preview:-1\" \/>\n<link rel=\"canonical\" href=\"https:\/\/progettotouring.it\/radiotouring104\/2022\/07\/01\/continua-il-dibattito-tra-denis-nesci-e-la-citta-metropolitana-la-risposta-del-commissario-fdi\/\" \/>\n<meta property=\"og:locale\" content=\"it_IT\" \/>\n<meta property=\"og:type\" content=\"article\" \/>\n<meta property=\"og:title\" content=\"Continua il dibattito tra Denis Nesci e la Citt\u00e0 Metropolitana\" \/>\n<meta property=\"og:description\" content=\"\u2018Non so quale compagine rappresenti Sintesi Metropolitana che si affanna a prendere le difese del Sindaco f.f. Versace, ma comprendo che con molta probabilit\u00e0 ricevendo ordini di scuderia, non si&hellip;\" \/>\n<meta property=\"og:url\" content=\"https:\/\/progettotouring.it\/radiotouring104\/2022\/07\/01\/continua-il-dibattito-tra-denis-nesci-e-la-citta-metropolitana-la-risposta-del-commissario-fdi\/\" \/>\n<meta property=\"og:site_name\" content=\"Radio Touring 104\" \/>\n<meta property=\"article:published_time\" content=\"2022-07-01T17:20:09+00:00\" \/>\n<meta property=\"article:modified_time\" content=\"2022-07-01T17:20:35+00:00\" \/>\n<meta property=\"og:image\" content=\"https:\/\/progettotouring.it\/radiotouring104\/wp-content\/uploads\/sites\/6\/2022\/05\/san-giorgio-comune.jpg\" \/>\n\t<meta property=\"og:image:width\" content=\"1920\" \/>\n\t<meta property=\"og:image:height\" content=\"1080\" \/>\n\t<meta property=\"og:image:type\" content=\"image\/jpeg\" \/>\n<meta name=\"author\" content=\"redazione\" \/>\n<meta name=\"twitter:card\" content=\"summary_large_image\" \/>\n<meta name=\"twitter:label1\" content=\"Scritto da\" \/>\n\t<meta name=\"twitter:data1\" content=\"redazione\" \/>\n\t<meta name=\"twitter:label2\" content=\"Tempo di lettura stimato\" \/>\n\t<meta name=\"twitter:data2\" content=\"3 minuti\" \/>\n<script type=\"application\/ld+json\" class=\"yoast-schema-graph\">{\"@context\":\"https:\/\/schema.org\",\"@graph\":[{\"@type\":\"Article\",\"@id\":\"https:\/\/progettotouring.it\/radiotouring104\/2022\/07\/01\/continua-il-dibattito-tra-denis-nesci-e-la-citta-metropolitana-la-risposta-del-commissario-fdi\/#article\",\"isPartOf\":{\"@id\":\"https:\/\/progettotouring.it\/radiotouring104\/2022\/07\/01\/continua-il-dibattito-tra-denis-nesci-e-la-citta-metropolitana-la-risposta-del-commissario-fdi\/\"},\"author\":{\"name\":\"redazione\",\"@id\":\"https:\/\/progettotouring.it\/radiotouring104\/#\/schema\/person\/1b3eb3c07c47136bc44c785c543e635f\"},\"headline\":\"Continua il dibattito tra Denis Nesci e la Citt\u00e0 Metropolitana: la risposta del commissario FDI\",\"datePublished\":\"2022-07-01T17:20:09+00:00\",\"dateModified\":\"2022-07-01T17:20:35+00:00\",\"mainEntityOfPage\":{\"@id\":\"https:\/\/progettotouring.it\/radiotouring104\/2022\/07\/01\/continua-il-dibattito-tra-denis-nesci-e-la-citta-metropolitana-la-risposta-del-commissario-fdi\/\"},\"wordCount\":547,\"commentCount\":0,\"publisher\":{\"@id\":\"https:\/\/progettotouring.it\/radiotouring104\/#organization\"},\"image\":{\"@id\":\"https:\/\/progettotouring.it\/radiotouring104\/2022\/07\/01\/continua-il-dibattito-tra-denis-nesci-e-la-citta-metropolitana-la-risposta-del-commissario-fdi\/#primaryimage\"},\"thumbnailUrl\":\"https:\/\/progettotouring.it\/radiotouring104\/wp-content\/uploads\/sites\/6\/2022\/05\/san-giorgio-comune.jpg\",\"keywords\":[\"Citt\u00e0 metropolitana\",\"Palazzo Alvaro\",\"reggio calabria\"],\"articleSection\":[\"Home\",\"News\",\"Reggio Calabria\"],\"inLanguage\":\"it-IT\",\"potentialAction\":[{\"@type\":\"CommentAction\",\"name\":\"Comment\",\"target\":[\"https:\/\/progettotouring.it\/radiotouring104\/2022\/07\/01\/continua-il-dibattito-tra-denis-nesci-e-la-citta-metropolitana-la-risposta-del-commissario-fdi\/#respond\"]}]},{\"@type\":\"WebPage\",\"@id\":\"https:\/\/progettotouring.it\/radiotouring104\/2022\/07\/01\/continua-il-dibattito-tra-denis-nesci-e-la-citta-metropolitana-la-risposta-del-commissario-fdi\/\",\"url\":\"https:\/\/progettotouring.it\/radiotouring104\/2022\/07\/01\/continua-il-dibattito-tra-denis-nesci-e-la-citta-metropolitana-la-risposta-del-commissario-fdi\/\",\"name\":\"Continua il dibattito tra Denis Nesci e la Citt\u00e0 Metropolitana\",\"isPartOf\":{\"@id\":\"https:\/\/progettotouring.it\/radiotouring104\/#website\"},\"primaryImageOfPage\":{\"@id\":\"https:\/\/progettotouring.it\/radiotouring104\/2022\/07\/01\/continua-il-dibattito-tra-denis-nesci-e-la-citta-metropolitana-la-risposta-del-commissario-fdi\/#primaryimage\"},\"image\":{\"@id\":\"https:\/\/progettotouring.it\/radiotouring104\/2022\/07\/01\/continua-il-dibattito-tra-denis-nesci-e-la-citta-metropolitana-la-risposta-del-commissario-fdi\/#primaryimage\"},\"thumbnailUrl\":\"https:\/\/progettotouring.it\/radiotouring104\/wp-content\/uploads\/sites\/6\/2022\/05\/san-giorgio-comune.jpg\",\"datePublished\":\"2022-07-01T17:20:09+00:00\",\"dateModified\":\"2022-07-01T17:20:35+00:00\",\"breadcrumb\":{\"@id\":\"https:\/\/progettotouring.it\/radiotouring104\/2022\/07\/01\/continua-il-dibattito-tra-denis-nesci-e-la-citta-metropolitana-la-risposta-del-commissario-fdi\/#breadcrumb\"},\"inLanguage\":\"it-IT\",\"potentialAction\":[{\"@type\":\"ReadAction\",\"target\":[\"https:\/\/progettotouring.it\/radiotouring104\/2022\/07\/01\/continua-il-dibattito-tra-denis-nesci-e-la-citta-metropolitana-la-risposta-del-commissario-fdi\/\"]}]},{\"@type\":\"ImageObject\",\"inLanguage\":\"it-IT\",\"@id\":\"https:\/\/progettotouring.it\/radiotouring104\/2022\/07\/01\/continua-il-dibattito-tra-denis-nesci-e-la-citta-metropolitana-la-risposta-del-commissario-fdi\/#primaryimage\",\"url\":\"https:\/\/progettotouring.it\/radiotouring104\/wp-content\/uploads\/sites\/6\/2022\/05\/san-giorgio-comune.jpg\",\"contentUrl\":\"https:\/\/progettotouring.it\/radiotouring104\/wp-content\/uploads\/sites\/6\/2022\/05\/san-giorgio-comune.jpg\",\"width\":1920,\"height\":1080},{\"@type\":\"BreadcrumbList\",\"@id\":\"https:\/\/progettotouring.it\/radiotouring104\/2022\/07\/01\/continua-il-dibattito-tra-denis-nesci-e-la-citta-metropolitana-la-risposta-del-commissario-fdi\/#breadcrumb\",\"itemListElement\":[{\"@type\":\"ListItem\",\"position\":1,\"name\":\"Home\",\"item\":\"https:\/\/progettotouring.it\/radiotouring104\/\"},{\"@type\":\"ListItem\",\"position\":2,\"name\":\"Continua il dibattito tra Denis Nesci e la Citt\u00e0 Metropolitana: la risposta del commissario FDI\"}]},{\"@type\":\"WebSite\",\"@id\":\"https:\/\/progettotouring.it\/radiotouring104\/#website\",\"url\":\"https:\/\/progettotouring.it\/radiotouring104\/\",\"name\":\"Radio Touring 104\",\"description\":\"La prima radio Reggina\",\"publisher\":{\"@id\":\"https:\/\/progettotouring.it\/radiotouring104\/#organization\"},\"potentialAction\":[{\"@type\":\"SearchAction\",\"target\":{\"@type\":\"EntryPoint\",\"urlTemplate\":\"https:\/\/progettotouring.it\/radiotouring104\/?s={search_term_string}\"},\"query-input\":{\"@type\":\"PropertyValueSpecification\",\"valueRequired\":true,\"valueName\":\"search_term_string\"}}],\"inLanguage\":\"it-IT\"},{\"@type\":\"Organization\",\"@id\":\"https:\/\/progettotouring.it\/radiotouring104\/#organization\",\"name\":\"Radio Touring 104\",\"url\":\"https:\/\/progettotouring.it\/radiotouring104\/\",\"logo\":{\"@type\":\"ImageObject\",\"inLanguage\":\"it-IT\",\"@id\":\"https:\/\/progettotouring.it\/radiotouring104\/#\/schema\/logo\/image\/\",\"url\":\"https:\/\/progettotouring.it\/radiotouring104\/wp-content\/uploads\/sites\/6\/2022\/02\/cropped-logo-radio-touring-104.png\",\"contentUrl\":\"https:\/\/progettotouring.it\/radiotouring104\/wp-content\/uploads\/sites\/6\/2022\/02\/cropped-logo-radio-touring-104.png\",\"width\":377,\"height\":182,\"caption\":\"Radio Touring 104\"},\"image\":{\"@id\":\"https:\/\/progettotouring.it\/radiotouring104\/#\/schema\/logo\/image\/\"}},{\"@type\":\"Person\",\"@id\":\"https:\/\/progettotouring.it\/radiotouring104\/#\/schema\/person\/1b3eb3c07c47136bc44c785c543e635f\",\"name\":\"redazione\",\"image\":{\"@type\":\"ImageObject\",\"inLanguage\":\"it-IT\",\"@id\":\"https:\/\/secure.gravatar.com\/avatar\/0b31605b49f100769e8b624b3e05de1b73e1692e9568a352f60f53fd072e6e11?s=96&d=mm&r=g\",\"url\":\"https:\/\/secure.gravatar.com\/avatar\/0b31605b49f100769e8b624b3e05de1b73e1692e9568a352f60f53fd072e6e11?s=96&d=mm&r=g\",\"contentUrl\":\"https:\/\/secure.gravatar.com\/avatar\/0b31605b49f100769e8b624b3e05de1b73e1692e9568a352f60f53fd072e6e11?s=96&d=mm&r=g\",\"caption\":\"redazione\"},\"url\":\"https:\/\/progettotouring.it\/radiotouring104\/author\/redazione\/\"}]}<\/script>\n<!-- \/ Yoast SEO plugin. -->","yoast_head_json":{"title":"Continua il dibattito tra Denis Nesci e la Citt\u00e0 Metropolitana","robots":{"index":"index","follow":"follow","max-snippet":"max-snippet:-1","max-image-preview":"max-image-preview:large","max-video-preview":"max-video-preview:-1"},"canonical":"https:\/\/progettotouring.it\/radiotouring104\/2022\/07\/01\/continua-il-dibattito-tra-denis-nesci-e-la-citta-metropolitana-la-risposta-del-commissario-fdi\/","og_locale":"it_IT","og_type":"article","og_title":"Continua il dibattito tra Denis Nesci e la Citt\u00e0 Metropolitana","og_description":"\u2018Non so quale compagine rappresenti Sintesi Metropolitana che si affanna a prendere le difese del Sindaco f.f. Versace, ma comprendo che con molta probabilit\u00e0 ricevendo ordini di scuderia, non si&hellip;","og_url":"https:\/\/progettotouring.it\/radiotouring104\/2022\/07\/01\/continua-il-dibattito-tra-denis-nesci-e-la-citta-metropolitana-la-risposta-del-commissario-fdi\/","og_site_name":"Radio Touring 104","article_published_time":"2022-07-01T17:20:09+00:00","article_modified_time":"2022-07-01T17:20:35+00:00","og_image":[{"width":1920,"height":1080,"url":"https:\/\/progettotouring.it\/radiotouring104\/wp-content\/uploads\/sites\/6\/2022\/05\/san-giorgio-comune.jpg","type":"image\/jpeg"}],"author":"redazione","twitter_card":"summary_large_image","twitter_misc":{"Scritto da":"redazione","Tempo di lettura stimato":"3 minuti"},"schema":{"@context":"https:\/\/schema.org","@graph":[{"@type":"Article","@id":"https:\/\/progettotouring.it\/radiotouring104\/2022\/07\/01\/continua-il-dibattito-tra-denis-nesci-e-la-citta-metropolitana-la-risposta-del-commissario-fdi\/#article","isPartOf":{"@id":"https:\/\/progettotouring.it\/radiotouring104\/2022\/07\/01\/continua-il-dibattito-tra-denis-nesci-e-la-citta-metropolitana-la-risposta-del-commissario-fdi\/"},"author":{"name":"redazione","@id":"https:\/\/progettotouring.it\/radiotouring104\/#\/schema\/person\/1b3eb3c07c47136bc44c785c543e635f"},"headline":"Continua il dibattito tra Denis Nesci e la Citt\u00e0 Metropolitana: la risposta del commissario FDI","datePublished":"2022-07-01T17:20:09+00:00","dateModified":"2022-07-01T17:20:35+00:00","mainEntityOfPage":{"@id":"https:\/\/progettotouring.it\/radiotouring104\/2022\/07\/01\/continua-il-dibattito-tra-denis-nesci-e-la-citta-metropolitana-la-risposta-del-commissario-fdi\/"},"wordCount":547,"commentCount":0,"publisher":{"@id":"https:\/\/progettotouring.it\/radiotouring104\/#organization"},"image":{"@id":"https:\/\/progettotouring.it\/radiotouring104\/2022\/07\/01\/continua-il-dibattito-tra-denis-nesci-e-la-citta-metropolitana-la-risposta-del-commissario-fdi\/#primaryimage"},"thumbnailUrl":"https:\/\/progettotouring.it\/radiotouring104\/wp-content\/uploads\/sites\/6\/2022\/05\/san-giorgio-comune.jpg","keywords":["Citt\u00e0 metropolitana","Palazzo Alvaro","reggio calabria"],"articleSection":["Home","News","Reggio Calabria"],"inLanguage":"it-IT","potentialAction":[{"@type":"CommentAction","name":"Comment","target":["https:\/\/progettotouring.it\/radiotouring104\/2022\/07\/01\/continua-il-dibattito-tra-denis-nesci-e-la-citta-metropolitana-la-risposta-del-commissario-fdi\/#respond"]}]},{"@type":"WebPage","@id":"https:\/\/progettotouring.it\/radiotouring104\/2022\/07\/01\/continua-il-dibattito-tra-denis-nesci-e-la-citta-metropolitana-la-risposta-del-commissario-fdi\/","url":"https:\/\/progettotouring.it\/radiotouring104\/2022\/07\/01\/continua-il-dibattito-tra-denis-nesci-e-la-citta-metropolitana-la-risposta-del-commissario-fdi\/","name":"Continua il dibattito tra Denis Nesci e la Citt\u00e0 Metropolitana","isPartOf":{"@id":"https:\/\/progettotouring.it\/radiotouring104\/#website"},"primaryImageOfPage":{"@id":"https:\/\/progettotouring.it\/radiotouring104\/2022\/07\/01\/continua-il-dibattito-tra-denis-nesci-e-la-citta-metropolitana-la-risposta-del-commissario-fdi\/#primaryimage"},"image":{"@id":"https:\/\/progettotouring.it\/radiotouring104\/2022\/07\/01\/continua-il-dibattito-tra-denis-nesci-e-la-citta-metropolitana-la-risposta-del-commissario-fdi\/#primaryimage"},"thumbnailUrl":"https:\/\/progettotouring.it\/radiotouring104\/wp-content\/uploads\/sites\/6\/2022\/05\/san-giorgio-comune.jpg","datePublished":"2022-07-01T17:20:09+00:00","dateModified":"2022-07-01T17:20:35+00:00","breadcrumb":{"@id":"https:\/\/progettotouring.it\/radiotouring104\/2022\/07\/01\/continua-il-dibattito-tra-denis-nesci-e-la-citta-metropolitana-la-risposta-del-commissario-fdi\/#breadcrumb"},"inLanguage":"it-IT","potentialAction":[{"@type":"ReadAction","target":["https:\/\/progettotouring.it\/radiotouring104\/2022\/07\/01\/continua-il-dibattito-tra-denis-nesci-e-la-citta-metropolitana-la-risposta-del-commissario-fdi\/"]}]},{"@type":"ImageObject","inLanguage":"it-IT","@id":"https:\/\/progettotouring.it\/radiotouring104\/2022\/07\/01\/continua-il-dibattito-tra-denis-nesci-e-la-citta-metropolitana-la-risposta-del-commissario-fdi\/#primaryimage","url":"https:\/\/progettotouring.it\/radiotouring104\/wp-content\/uploads\/sites\/6\/2022\/05\/san-giorgio-comune.jpg","contentUrl":"https:\/\/progettotouring.it\/radiotouring104\/wp-content\/uploads\/sites\/6\/2022\/05\/san-giorgio-comune.jpg","width":1920,"height":1080},{"@type":"BreadcrumbList","@id":"https:\/\/progettotouring.it\/radiotouring104\/2022\/07\/01\/continua-il-dibattito-tra-denis-nesci-e-la-citta-metropolitana-la-risposta-del-commissario-fdi\/#breadcrumb","itemListElement":[{"@type":"ListItem","position":1,"name":"Home","item":"https:\/\/progettotouring.it\/radiotouring104\/"},{"@type":"ListItem","position":2,"name":"Continua il dibattito tra Denis Nesci e la Citt\u00e0 Metropolitana: la risposta del commissario FDI"}]},{"@type":"WebSite","@id":"https:\/\/progettotouring.it\/radiotouring104\/#website","url":"https:\/\/progettotouring.it\/radiotouring104\/","name":"Radio Touring 104","description":"La prima radio Reggina","publisher":{"@id":"https:\/\/progettotouring.it\/radiotouring104\/#organization"},"potentialAction":[{"@type":"SearchAction","target":{"@type":"EntryPoint","urlTemplate":"https:\/\/progettotouring.it\/radiotouring104\/?s={search_term_string}"},"query-input":{"@type":"PropertyValueSpecification","valueRequired":true,"valueName":"search_term_string"}}],"inLanguage":"it-IT"},{"@type":"Organization","@id":"https:\/\/progettotouring.it\/radiotouring104\/#organization","name":"Radio Touring 104","url":"https:\/\/progettotouring.it\/radiotouring104\/","logo":{"@type":"ImageObject","inLanguage":"it-IT","@id":"https:\/\/progettotouring.it\/radiotouring104\/#\/schema\/logo\/image\/","url":"https:\/\/progettotouring.it\/radiotouring104\/wp-content\/uploads\/sites\/6\/2022\/02\/cropped-logo-radio-touring-104.png","contentUrl":"https:\/\/progettotouring.it\/radiotouring104\/wp-content\/uploads\/sites\/6\/2022\/02\/cropped-logo-radio-touring-104.png","width":377,"height":182,"caption":"Radio Touring 104"},"image":{"@id":"https:\/\/progettotouring.it\/radiotouring104\/#\/schema\/logo\/image\/"}},{"@type":"Person","@id":"https:\/\/progettotouring.it\/radiotouring104\/#\/schema\/person\/1b3eb3c07c47136bc44c785c543e635f","name":"redazione","image":{"@type":"ImageObject","inLanguage":"it-IT","@id":"https:\/\/secure.gravatar.com\/avatar\/0b31605b49f100769e8b624b3e05de1b73e1692e9568a352f60f53fd072e6e11?s=96&d=mm&r=g","url":"https:\/\/secure.gravatar.com\/avatar\/0b31605b49f100769e8b624b3e05de1b73e1692e9568a352f60f53fd072e6e11?s=96&d=mm&r=g","contentUrl":"https:\/\/secure.gravatar.com\/avatar\/0b31605b49f100769e8b624b3e05de1b73e1692e9568a352f60f53fd072e6e11?s=96&d=mm&r=g","caption":"redazione"},"url":"https:\/\/progettotouring.it\/radiotouring104\/author\/redazione\/"}]}},"jetpack_publicize_connections":[],"jetpack_featured_media_url":"https:\/\/progettotouring.it\/radiotouring104\/wp-content\/uploads\/sites\/6\/2022\/05\/san-giorgio-comune.jpg","jetpack_sharing_enabled":true,"_links":{"self":[{"href":"https:\/\/progettotouring.it\/radiotouring104\/wp-json\/wp\/v2\/posts\/7489","targetHints":{"allow":["GET"]}}],"collection":[{"href":"https:\/\/progettotouring.it\/radiotouring104\/wp-json\/wp\/v2\/posts"}],"about":[{"href":"https:\/\/progettotouring.it\/radiotouring104\/wp-json\/wp\/v2\/types\/post"}],"author":[{"embeddable":true,"href":"https:\/\/progettotouring.it\/radiotouring104\/wp-json\/wp\/v2\/users\/5"}],"replies":[{"embeddable":true,"href":"https:\/\/progettotouring.it\/radiotouring104\/wp-json\/wp\/v2\/comments?post=7489"}],"version-history":[{"count":1,"href":"https:\/\/progettotouring.it\/radiotouring104\/wp-json\/wp\/v2\/posts\/7489\/revisions"}],"predecessor-version":[{"id":7490,"href":"https:\/\/progettotouring.it\/radiotouring104\/wp-json\/wp\/v2\/posts\/7489\/revisions\/7490"}],"wp:featuredmedia":[{"embeddable":true,"href":"https:\/\/progettotouring.it\/radiotouring104\/wp-json\/wp\/v2\/media\/5666"}],"wp:attachment":[{"href":"https:\/\/progettotouring.it\/radiotouring104\/wp-json\/wp\/v2\/media?parent=7489"}],"wp:term":[{"taxonomy":"category","embeddable":true,"href":"https:\/\/progettotouring.it\/radiotouring104\/wp-json\/wp\/v2\/categories?post=7489"},{"taxonomy":"post_tag","embeddable":true,"href":"https:\/\/progettotouring.it\/radiotouring104\/wp-json\/wp\/v2\/tags?post=7489"}],"curies":[{"name":"wp","href":"https:\/\/api.w.org\/{rel}","templated":true}]}}