{"id":7520,"date":"2022-07-04T12:43:19","date_gmt":"2022-07-04T10:43:19","guid":{"rendered":"https:\/\/progettotouring.it\/radiotouring104\/?p=7520"},"modified":"2022-07-04T12:43:19","modified_gmt":"2022-07-04T10:43:19","slug":"nasce-lassociazione-rinasciamo-catona-a-p-s","status":"publish","type":"post","link":"https:\/\/progettotouring.it\/radiotouring104\/2022\/07\/04\/nasce-lassociazione-rinasciamo-catona-a-p-s\/","title":{"rendered":"Nasce l&#8217;associazione &#8220;RinasciAMO CATONA A.P.S.&#8221;"},"content":{"rendered":"<p>Il Presidente Antonio Chirico, con amore per la propria terra e grande entusiasmo, annuncia la nascita<br \/>\ndell\u2019Associazione RinasciAMO CATONA A.P.S.. Il nome dell\u2019associazione \u00e8 volutamente indicativo. Catona ha<br \/>\nuna storia importante ed i soci di RinasciAMO CATONA A.P.S. intendono dare il loro contributo, rimescolando<br \/>\nle carte per trasformare questo immobilismo in rinascita, coinvolgendo tutte le forze in campo: le<br \/>\nassociazioni, le istituzioni, le fondazioni, i circoli, etc..<br \/>\nIl battesimo dell\u2019associazione si terr\u00e0 presso il Lido dello Stretto di Catona, alle ore 19,15 del giorno<br \/>\nmercoled\u00ec 6 luglio 2022, durante il quale sar\u00e0 proposto l\u2019incontro dedicato alle poesie dell\u2019artista Miriam<br \/>\nJaskierowicz Arman raccolte nel libro L\u2019URLO DELL\u2019ANIMA: FEDE E PACE.<br \/>\nMiriam \u00e8 un\u2019artista. E\u2019 una pedagoga vocale, una docente, una poetessa e pittrice.<br \/>\nI suoi genitori erano detenuti nel centro di concentramento di Bergen Balsen e precisamente nel Blocco 26.<br \/>\nSi sposarono dopo la liberazione e concepirono Miriam in Germania.<br \/>\nLei conserva la testimonianza autentica dei propri genitori: il racconto della sofferenza, della cattiveria, degli<br \/>\nabusi, delle persecuzioni e dell\u2019attuale dilagante negazionismo. In tanti negano ancora l\u2019esistenza<br \/>\ndell\u2019Olocausto.<br \/>\nHa vissuto in Israele, Italia, Ungheria, Svizzera, Ucraina, Polonia, Romania, Russia, Slovenia, Messico, Sud<br \/>\nAmerica. Oggi, dopo aver girato il mondo da artista cosmopolita, vive a Reggio Calabria.<br \/>\nE\u2019 stata nominata ambasciatrice di \u201cWorld peace tracts\u201d, organizzazione internazionale tra Svezia e Israele<br \/>\ned ha svolto una infinit\u00e0 di attivit\u00e0 artistiche nel campo dell\u2019arte, della musica, del canto, della poesia, della<br \/>\nfimografia, del cinema, etc..<br \/>\nNel corso dell\u2019evento, condotto dallo scrittore, poeta e artista Francesco Miroddi, la madrina della serata<br \/>\nMiriam Jaskierowicz Arman legger\u00e0 alcune poesie della sua raccolta L\u2019URLO DELL\u2019ANIMA: FEDE E PACE,<br \/>\nseguite dalle performances musicali dell\u2019eccellente fisarmonicista Adolfo Zagari. Sar\u00e0 necessario e<br \/>\ngraditissimo l\u2019intervento dell\u2019editore Antonino Santisi.<\/p>\n","protected":false},"excerpt":{"rendered":"<p>Il Presidente Antonio Chirico, con amore per la propria terra e grande entusiasmo, annuncia la nascita dell\u2019Associazione RinasciAMO CATONA A.P.S.. Il nome dell\u2019associazione \u00e8 volutamente indicativo. Catona ha una storia&hellip;<\/p>\n","protected":false},"author":10,"featured_media":7521,"comment_status":"open","ping_status":"open","sticky":false,"template":"","format":"standard","meta":{"_jetpack_memberships_contains_paid_content":false,"footnotes":"","jetpack_publicize_message":"","jetpack_publicize_feature_enabled":true,"jetpack_social_post_already_shared":false,"jetpack_social_options":{"image_generator_settings":{"template":"highway","default_image_id":0,"font":"","enabled":false},"version":2}},"categories":[921,196,140],"tags":[3342,3337,2256,3341,3339,3340,236,3338],"class_list":["post-7520","post","type-post","status-publish","format-standard","has-post-thumbnail","hentry","category-home","category-news","category-reggio-calabria","tag-antonino-santisi","tag-antonio-chirico","tag-catona","tag-francesco-miroddi","tag-lido-dello-stretto-catona","tag-miriam-jaskierowicz-arman","tag-reggio-calabria","tag-rinasciamo-catona"],"yoast_head":"<!-- This site is optimized with the Yoast SEO plugin v27.2 - https:\/\/yoast.com\/product\/yoast-seo-wordpress\/ -->\n<title>Nasce l&#039;associazione &quot;RinasciAMO CATONA A.P.S.&quot;<\/title>\n<meta name=\"description\" content=\"Il battesimo dell\u2019associazione si terr\u00e0 presso il Lido dello Stretto di Catona, alle ore 19,15 del giorno mercoled\u00ec 6 luglio 2022, durante il quale sar\u00e0 proposto l\u2019incontro dedicato alle poesie dell\u2019artista Miriam Jaskierowicz Arman raccolte nel libro L\u2019URLO DELL\u2019ANIMA: FEDE E PACE\" \/>\n<meta name=\"robots\" content=\"index, follow, max-snippet:-1, max-image-preview:large, max-video-preview:-1\" \/>\n<link rel=\"canonical\" href=\"https:\/\/progettotouring.it\/radiotouring104\/2022\/07\/04\/nasce-lassociazione-rinasciamo-catona-a-p-s\/\" \/>\n<meta property=\"og:locale\" content=\"it_IT\" \/>\n<meta property=\"og:type\" content=\"article\" \/>\n<meta property=\"og:title\" content=\"Nasce l&#039;associazione &quot;RinasciAMO CATONA A.P.S.&quot;\" \/>\n<meta property=\"og:description\" content=\"Il battesimo dell\u2019associazione si terr\u00e0 presso il Lido dello Stretto di Catona, alle ore 19,15 del giorno mercoled\u00ec 6 luglio 2022, durante il quale sar\u00e0 proposto l\u2019incontro dedicato alle poesie dell\u2019artista Miriam Jaskierowicz Arman raccolte nel libro L\u2019URLO DELL\u2019ANIMA: FEDE E PACE\" \/>\n<meta property=\"og:url\" content=\"https:\/\/progettotouring.it\/radiotouring104\/2022\/07\/04\/nasce-lassociazione-rinasciamo-catona-a-p-s\/\" \/>\n<meta property=\"og:site_name\" content=\"Radio Touring 104\" \/>\n<meta property=\"article:published_time\" content=\"2022-07-04T10:43:19+00:00\" \/>\n<meta property=\"og:image\" content=\"https:\/\/progettotouring.it\/radiotouring104\/wp-content\/uploads\/sites\/6\/2022\/07\/rinasciamo-catona.jpg\" \/>\n\t<meta property=\"og:image:width\" content=\"1152\" \/>\n\t<meta property=\"og:image:height\" content=\"1600\" \/>\n\t<meta property=\"og:image:type\" content=\"image\/jpeg\" \/>\n<meta name=\"author\" content=\"Paolo Frascati\" \/>\n<meta name=\"twitter:card\" content=\"summary_large_image\" \/>\n<meta name=\"twitter:label1\" content=\"Scritto da\" \/>\n\t<meta name=\"twitter:data1\" content=\"Paolo Frascati\" \/>\n\t<meta name=\"twitter:label2\" content=\"Tempo di lettura stimato\" \/>\n\t<meta name=\"twitter:data2\" content=\"2 minuti\" \/>\n<script type=\"application\/ld+json\" class=\"yoast-schema-graph\">{\"@context\":\"https:\/\/schema.org\",\"@graph\":[{\"@type\":\"Article\",\"@id\":\"https:\/\/progettotouring.it\/radiotouring104\/2022\/07\/04\/nasce-lassociazione-rinasciamo-catona-a-p-s\/#article\",\"isPartOf\":{\"@id\":\"https:\/\/progettotouring.it\/radiotouring104\/2022\/07\/04\/nasce-lassociazione-rinasciamo-catona-a-p-s\/\"},\"author\":{\"name\":\"Paolo Frascati\",\"@id\":\"https:\/\/progettotouring.it\/radiotouring104\/#\/schema\/person\/f0ca1b839e26c1b921f796a3458a8574\"},\"headline\":\"Nasce l&#8217;associazione &#8220;RinasciAMO CATONA A.P.S.&#8221;\",\"datePublished\":\"2022-07-04T10:43:19+00:00\",\"mainEntityOfPage\":{\"@id\":\"https:\/\/progettotouring.it\/radiotouring104\/2022\/07\/04\/nasce-lassociazione-rinasciamo-catona-a-p-s\/\"},\"wordCount\":309,\"commentCount\":0,\"publisher\":{\"@id\":\"https:\/\/progettotouring.it\/radiotouring104\/#organization\"},\"image\":{\"@id\":\"https:\/\/progettotouring.it\/radiotouring104\/2022\/07\/04\/nasce-lassociazione-rinasciamo-catona-a-p-s\/#primaryimage\"},\"thumbnailUrl\":\"https:\/\/progettotouring.it\/radiotouring104\/wp-content\/uploads\/sites\/6\/2022\/07\/rinasciamo-catona.jpg\",\"keywords\":[\"Antonino Santisi\",\"Antonio Chirico\",\"catona\",\"Francesco Miroddi\",\"Lido dello Stretto Catona\",\"Miriam Jaskierowicz Arman\",\"reggio calabria\",\"RinasciAMO CATONA\"],\"articleSection\":[\"Home\",\"News\",\"Reggio Calabria\"],\"inLanguage\":\"it-IT\",\"potentialAction\":[{\"@type\":\"CommentAction\",\"name\":\"Comment\",\"target\":[\"https:\/\/progettotouring.it\/radiotouring104\/2022\/07\/04\/nasce-lassociazione-rinasciamo-catona-a-p-s\/#respond\"]}]},{\"@type\":\"WebPage\",\"@id\":\"https:\/\/progettotouring.it\/radiotouring104\/2022\/07\/04\/nasce-lassociazione-rinasciamo-catona-a-p-s\/\",\"url\":\"https:\/\/progettotouring.it\/radiotouring104\/2022\/07\/04\/nasce-lassociazione-rinasciamo-catona-a-p-s\/\",\"name\":\"Nasce l'associazione \\\"RinasciAMO CATONA A.P.S.\\\"\",\"isPartOf\":{\"@id\":\"https:\/\/progettotouring.it\/radiotouring104\/#website\"},\"primaryImageOfPage\":{\"@id\":\"https:\/\/progettotouring.it\/radiotouring104\/2022\/07\/04\/nasce-lassociazione-rinasciamo-catona-a-p-s\/#primaryimage\"},\"image\":{\"@id\":\"https:\/\/progettotouring.it\/radiotouring104\/2022\/07\/04\/nasce-lassociazione-rinasciamo-catona-a-p-s\/#primaryimage\"},\"thumbnailUrl\":\"https:\/\/progettotouring.it\/radiotouring104\/wp-content\/uploads\/sites\/6\/2022\/07\/rinasciamo-catona.jpg\",\"datePublished\":\"2022-07-04T10:43:19+00:00\",\"description\":\"Il battesimo dell\u2019associazione si terr\u00e0 presso il Lido dello Stretto di Catona, alle ore 19,15 del giorno mercoled\u00ec 6 luglio 2022, durante il quale sar\u00e0 proposto l\u2019incontro dedicato alle poesie dell\u2019artista Miriam Jaskierowicz Arman raccolte nel libro L\u2019URLO DELL\u2019ANIMA: FEDE E PACE\",\"breadcrumb\":{\"@id\":\"https:\/\/progettotouring.it\/radiotouring104\/2022\/07\/04\/nasce-lassociazione-rinasciamo-catona-a-p-s\/#breadcrumb\"},\"inLanguage\":\"it-IT\",\"potentialAction\":[{\"@type\":\"ReadAction\",\"target\":[\"https:\/\/progettotouring.it\/radiotouring104\/2022\/07\/04\/nasce-lassociazione-rinasciamo-catona-a-p-s\/\"]}]},{\"@type\":\"ImageObject\",\"inLanguage\":\"it-IT\",\"@id\":\"https:\/\/progettotouring.it\/radiotouring104\/2022\/07\/04\/nasce-lassociazione-rinasciamo-catona-a-p-s\/#primaryimage\",\"url\":\"https:\/\/progettotouring.it\/radiotouring104\/wp-content\/uploads\/sites\/6\/2022\/07\/rinasciamo-catona.jpg\",\"contentUrl\":\"https:\/\/progettotouring.it\/radiotouring104\/wp-content\/uploads\/sites\/6\/2022\/07\/rinasciamo-catona.jpg\",\"width\":1152,\"height\":1600},{\"@type\":\"BreadcrumbList\",\"@id\":\"https:\/\/progettotouring.it\/radiotouring104\/2022\/07\/04\/nasce-lassociazione-rinasciamo-catona-a-p-s\/#breadcrumb\",\"itemListElement\":[{\"@type\":\"ListItem\",\"position\":1,\"name\":\"Home\",\"item\":\"https:\/\/progettotouring.it\/radiotouring104\/\"},{\"@type\":\"ListItem\",\"position\":2,\"name\":\"Nasce l&#8217;associazione &#8220;RinasciAMO CATONA A.P.S.&#8221;\"}]},{\"@type\":\"WebSite\",\"@id\":\"https:\/\/progettotouring.it\/radiotouring104\/#website\",\"url\":\"https:\/\/progettotouring.it\/radiotouring104\/\",\"name\":\"Radio Touring 104\",\"description\":\"La prima radio Reggina\",\"publisher\":{\"@id\":\"https:\/\/progettotouring.it\/radiotouring104\/#organization\"},\"potentialAction\":[{\"@type\":\"SearchAction\",\"target\":{\"@type\":\"EntryPoint\",\"urlTemplate\":\"https:\/\/progettotouring.it\/radiotouring104\/?s={search_term_string}\"},\"query-input\":{\"@type\":\"PropertyValueSpecification\",\"valueRequired\":true,\"valueName\":\"search_term_string\"}}],\"inLanguage\":\"it-IT\"},{\"@type\":\"Organization\",\"@id\":\"https:\/\/progettotouring.it\/radiotouring104\/#organization\",\"name\":\"Radio Touring 104\",\"url\":\"https:\/\/progettotouring.it\/radiotouring104\/\",\"logo\":{\"@type\":\"ImageObject\",\"inLanguage\":\"it-IT\",\"@id\":\"https:\/\/progettotouring.it\/radiotouring104\/#\/schema\/logo\/image\/\",\"url\":\"https:\/\/progettotouring.it\/radiotouring104\/wp-content\/uploads\/sites\/6\/2022\/02\/cropped-logo-radio-touring-104.png\",\"contentUrl\":\"https:\/\/progettotouring.it\/radiotouring104\/wp-content\/uploads\/sites\/6\/2022\/02\/cropped-logo-radio-touring-104.png\",\"width\":377,\"height\":182,\"caption\":\"Radio Touring 104\"},\"image\":{\"@id\":\"https:\/\/progettotouring.it\/radiotouring104\/#\/schema\/logo\/image\/\"}},{\"@type\":\"Person\",\"@id\":\"https:\/\/progettotouring.it\/radiotouring104\/#\/schema\/person\/f0ca1b839e26c1b921f796a3458a8574\",\"name\":\"Paolo Frascati\",\"image\":{\"@type\":\"ImageObject\",\"inLanguage\":\"it-IT\",\"@id\":\"https:\/\/secure.gravatar.com\/avatar\/acad0e44d6a6c69de2c2c1bf6aba094792ac51f1833e9c8a3760ba270d70b909?s=96&d=mm&r=g\",\"url\":\"https:\/\/secure.gravatar.com\/avatar\/acad0e44d6a6c69de2c2c1bf6aba094792ac51f1833e9c8a3760ba270d70b909?s=96&d=mm&r=g\",\"contentUrl\":\"https:\/\/secure.gravatar.com\/avatar\/acad0e44d6a6c69de2c2c1bf6aba094792ac51f1833e9c8a3760ba270d70b909?s=96&d=mm&r=g\",\"caption\":\"Paolo Frascati\"},\"url\":\"https:\/\/progettotouring.it\/radiotouring104\/author\/paolofrascati\/\"}]}<\/script>\n<!-- \/ Yoast SEO plugin. -->","yoast_head_json":{"title":"Nasce l'associazione \"RinasciAMO CATONA A.P.S.\"","description":"Il battesimo dell\u2019associazione si terr\u00e0 presso il Lido dello Stretto di Catona, alle ore 19,15 del giorno mercoled\u00ec 6 luglio 2022, durante il quale sar\u00e0 proposto l\u2019incontro dedicato alle poesie dell\u2019artista Miriam Jaskierowicz Arman raccolte nel libro L\u2019URLO DELL\u2019ANIMA: FEDE E PACE","robots":{"index":"index","follow":"follow","max-snippet":"max-snippet:-1","max-image-preview":"max-image-preview:large","max-video-preview":"max-video-preview:-1"},"canonical":"https:\/\/progettotouring.it\/radiotouring104\/2022\/07\/04\/nasce-lassociazione-rinasciamo-catona-a-p-s\/","og_locale":"it_IT","og_type":"article","og_title":"Nasce l'associazione \"RinasciAMO CATONA A.P.S.\"","og_description":"Il battesimo dell\u2019associazione si terr\u00e0 presso il Lido dello Stretto di Catona, alle ore 19,15 del giorno mercoled\u00ec 6 luglio 2022, durante il quale sar\u00e0 proposto l\u2019incontro dedicato alle poesie dell\u2019artista Miriam Jaskierowicz Arman raccolte nel libro L\u2019URLO DELL\u2019ANIMA: FEDE E PACE","og_url":"https:\/\/progettotouring.it\/radiotouring104\/2022\/07\/04\/nasce-lassociazione-rinasciamo-catona-a-p-s\/","og_site_name":"Radio Touring 104","article_published_time":"2022-07-04T10:43:19+00:00","og_image":[{"width":1152,"height":1600,"url":"https:\/\/progettotouring.it\/radiotouring104\/wp-content\/uploads\/sites\/6\/2022\/07\/rinasciamo-catona.jpg","type":"image\/jpeg"}],"author":"Paolo Frascati","twitter_card":"summary_large_image","twitter_misc":{"Scritto da":"Paolo Frascati","Tempo di lettura stimato":"2 minuti"},"schema":{"@context":"https:\/\/schema.org","@graph":[{"@type":"Article","@id":"https:\/\/progettotouring.it\/radiotouring104\/2022\/07\/04\/nasce-lassociazione-rinasciamo-catona-a-p-s\/#article","isPartOf":{"@id":"https:\/\/progettotouring.it\/radiotouring104\/2022\/07\/04\/nasce-lassociazione-rinasciamo-catona-a-p-s\/"},"author":{"name":"Paolo Frascati","@id":"https:\/\/progettotouring.it\/radiotouring104\/#\/schema\/person\/f0ca1b839e26c1b921f796a3458a8574"},"headline":"Nasce l&#8217;associazione &#8220;RinasciAMO CATONA A.P.S.&#8221;","datePublished":"2022-07-04T10:43:19+00:00","mainEntityOfPage":{"@id":"https:\/\/progettotouring.it\/radiotouring104\/2022\/07\/04\/nasce-lassociazione-rinasciamo-catona-a-p-s\/"},"wordCount":309,"commentCount":0,"publisher":{"@id":"https:\/\/progettotouring.it\/radiotouring104\/#organization"},"image":{"@id":"https:\/\/progettotouring.it\/radiotouring104\/2022\/07\/04\/nasce-lassociazione-rinasciamo-catona-a-p-s\/#primaryimage"},"thumbnailUrl":"https:\/\/progettotouring.it\/radiotouring104\/wp-content\/uploads\/sites\/6\/2022\/07\/rinasciamo-catona.jpg","keywords":["Antonino Santisi","Antonio Chirico","catona","Francesco Miroddi","Lido dello Stretto Catona","Miriam Jaskierowicz Arman","reggio calabria","RinasciAMO CATONA"],"articleSection":["Home","News","Reggio Calabria"],"inLanguage":"it-IT","potentialAction":[{"@type":"CommentAction","name":"Comment","target":["https:\/\/progettotouring.it\/radiotouring104\/2022\/07\/04\/nasce-lassociazione-rinasciamo-catona-a-p-s\/#respond"]}]},{"@type":"WebPage","@id":"https:\/\/progettotouring.it\/radiotouring104\/2022\/07\/04\/nasce-lassociazione-rinasciamo-catona-a-p-s\/","url":"https:\/\/progettotouring.it\/radiotouring104\/2022\/07\/04\/nasce-lassociazione-rinasciamo-catona-a-p-s\/","name":"Nasce l'associazione \"RinasciAMO CATONA A.P.S.\"","isPartOf":{"@id":"https:\/\/progettotouring.it\/radiotouring104\/#website"},"primaryImageOfPage":{"@id":"https:\/\/progettotouring.it\/radiotouring104\/2022\/07\/04\/nasce-lassociazione-rinasciamo-catona-a-p-s\/#primaryimage"},"image":{"@id":"https:\/\/progettotouring.it\/radiotouring104\/2022\/07\/04\/nasce-lassociazione-rinasciamo-catona-a-p-s\/#primaryimage"},"thumbnailUrl":"https:\/\/progettotouring.it\/radiotouring104\/wp-content\/uploads\/sites\/6\/2022\/07\/rinasciamo-catona.jpg","datePublished":"2022-07-04T10:43:19+00:00","description":"Il battesimo dell\u2019associazione si terr\u00e0 presso il Lido dello Stretto di Catona, alle ore 19,15 del giorno mercoled\u00ec 6 luglio 2022, durante il quale sar\u00e0 proposto l\u2019incontro dedicato alle poesie dell\u2019artista Miriam Jaskierowicz Arman raccolte nel libro L\u2019URLO DELL\u2019ANIMA: FEDE E PACE","breadcrumb":{"@id":"https:\/\/progettotouring.it\/radiotouring104\/2022\/07\/04\/nasce-lassociazione-rinasciamo-catona-a-p-s\/#breadcrumb"},"inLanguage":"it-IT","potentialAction":[{"@type":"ReadAction","target":["https:\/\/progettotouring.it\/radiotouring104\/2022\/07\/04\/nasce-lassociazione-rinasciamo-catona-a-p-s\/"]}]},{"@type":"ImageObject","inLanguage":"it-IT","@id":"https:\/\/progettotouring.it\/radiotouring104\/2022\/07\/04\/nasce-lassociazione-rinasciamo-catona-a-p-s\/#primaryimage","url":"https:\/\/progettotouring.it\/radiotouring104\/wp-content\/uploads\/sites\/6\/2022\/07\/rinasciamo-catona.jpg","contentUrl":"https:\/\/progettotouring.it\/radiotouring104\/wp-content\/uploads\/sites\/6\/2022\/07\/rinasciamo-catona.jpg","width":1152,"height":1600},{"@type":"BreadcrumbList","@id":"https:\/\/progettotouring.it\/radiotouring104\/2022\/07\/04\/nasce-lassociazione-rinasciamo-catona-a-p-s\/#breadcrumb","itemListElement":[{"@type":"ListItem","position":1,"name":"Home","item":"https:\/\/progettotouring.it\/radiotouring104\/"},{"@type":"ListItem","position":2,"name":"Nasce l&#8217;associazione &#8220;RinasciAMO CATONA A.P.S.&#8221;"}]},{"@type":"WebSite","@id":"https:\/\/progettotouring.it\/radiotouring104\/#website","url":"https:\/\/progettotouring.it\/radiotouring104\/","name":"Radio Touring 104","description":"La prima radio Reggina","publisher":{"@id":"https:\/\/progettotouring.it\/radiotouring104\/#organization"},"potentialAction":[{"@type":"SearchAction","target":{"@type":"EntryPoint","urlTemplate":"https:\/\/progettotouring.it\/radiotouring104\/?s={search_term_string}"},"query-input":{"@type":"PropertyValueSpecification","valueRequired":true,"valueName":"search_term_string"}}],"inLanguage":"it-IT"},{"@type":"Organization","@id":"https:\/\/progettotouring.it\/radiotouring104\/#organization","name":"Radio Touring 104","url":"https:\/\/progettotouring.it\/radiotouring104\/","logo":{"@type":"ImageObject","inLanguage":"it-IT","@id":"https:\/\/progettotouring.it\/radiotouring104\/#\/schema\/logo\/image\/","url":"https:\/\/progettotouring.it\/radiotouring104\/wp-content\/uploads\/sites\/6\/2022\/02\/cropped-logo-radio-touring-104.png","contentUrl":"https:\/\/progettotouring.it\/radiotouring104\/wp-content\/uploads\/sites\/6\/2022\/02\/cropped-logo-radio-touring-104.png","width":377,"height":182,"caption":"Radio Touring 104"},"image":{"@id":"https:\/\/progettotouring.it\/radiotouring104\/#\/schema\/logo\/image\/"}},{"@type":"Person","@id":"https:\/\/progettotouring.it\/radiotouring104\/#\/schema\/person\/f0ca1b839e26c1b921f796a3458a8574","name":"Paolo Frascati","image":{"@type":"ImageObject","inLanguage":"it-IT","@id":"https:\/\/secure.gravatar.com\/avatar\/acad0e44d6a6c69de2c2c1bf6aba094792ac51f1833e9c8a3760ba270d70b909?s=96&d=mm&r=g","url":"https:\/\/secure.gravatar.com\/avatar\/acad0e44d6a6c69de2c2c1bf6aba094792ac51f1833e9c8a3760ba270d70b909?s=96&d=mm&r=g","contentUrl":"https:\/\/secure.gravatar.com\/avatar\/acad0e44d6a6c69de2c2c1bf6aba094792ac51f1833e9c8a3760ba270d70b909?s=96&d=mm&r=g","caption":"Paolo Frascati"},"url":"https:\/\/progettotouring.it\/radiotouring104\/author\/paolofrascati\/"}]}},"jetpack_publicize_connections":[],"jetpack_featured_media_url":"https:\/\/progettotouring.it\/radiotouring104\/wp-content\/uploads\/sites\/6\/2022\/07\/rinasciamo-catona.jpg","jetpack_sharing_enabled":true,"_links":{"self":[{"href":"https:\/\/progettotouring.it\/radiotouring104\/wp-json\/wp\/v2\/posts\/7520","targetHints":{"allow":["GET"]}}],"collection":[{"href":"https:\/\/progettotouring.it\/radiotouring104\/wp-json\/wp\/v2\/posts"}],"about":[{"href":"https:\/\/progettotouring.it\/radiotouring104\/wp-json\/wp\/v2\/types\/post"}],"author":[{"embeddable":true,"href":"https:\/\/progettotouring.it\/radiotouring104\/wp-json\/wp\/v2\/users\/10"}],"replies":[{"embeddable":true,"href":"https:\/\/progettotouring.it\/radiotouring104\/wp-json\/wp\/v2\/comments?post=7520"}],"version-history":[{"count":1,"href":"https:\/\/progettotouring.it\/radiotouring104\/wp-json\/wp\/v2\/posts\/7520\/revisions"}],"predecessor-version":[{"id":7522,"href":"https:\/\/progettotouring.it\/radiotouring104\/wp-json\/wp\/v2\/posts\/7520\/revisions\/7522"}],"wp:featuredmedia":[{"embeddable":true,"href":"https:\/\/progettotouring.it\/radiotouring104\/wp-json\/wp\/v2\/media\/7521"}],"wp:attachment":[{"href":"https:\/\/progettotouring.it\/radiotouring104\/wp-json\/wp\/v2\/media?parent=7520"}],"wp:term":[{"taxonomy":"category","embeddable":true,"href":"https:\/\/progettotouring.it\/radiotouring104\/wp-json\/wp\/v2\/categories?post=7520"},{"taxonomy":"post_tag","embeddable":true,"href":"https:\/\/progettotouring.it\/radiotouring104\/wp-json\/wp\/v2\/tags?post=7520"}],"curies":[{"name":"wp","href":"https:\/\/api.w.org\/{rel}","templated":true}]}}