{"id":75314,"date":"2025-06-05T19:40:40","date_gmt":"2025-06-05T17:40:40","guid":{"rendered":"https:\/\/progettotouring.it\/radiotouring104\/?p=75314"},"modified":"2025-06-05T19:40:40","modified_gmt":"2025-06-05T17:40:40","slug":"allistituto-panella-vallauri-si-parla-di-democrazia-con-i-consiglieri-comunali","status":"publish","type":"post","link":"https:\/\/progettotouring.it\/radiotouring104\/2025\/06\/05\/allistituto-panella-vallauri-si-parla-di-democrazia-con-i-consiglieri-comunali\/","title":{"rendered":"All&#8217;Istituto Panella Vallauri si parla di democrazia con i consiglieri comunali"},"content":{"rendered":"<p dir=\"ltr\">Proseguono gli incontri organizzati dalle Commissioni comunali Affari Istituzionali e Statuto, presieduta da Giuseppe Marino, e Istruzione, presieduta da Marcantonio Malara, dal titolo <em>&#8220;Dialoghi coi giovani sul tema della democrazia. Al cuore della democrazia&#8221;.<\/em> Dopo la prima tappa al Liceo Artistico Preti-Frangipane, le rappresentanze di tutti i gruppi consiliari si sono spostate all\u2019Istituto Tecnico Tecnologico Panella Vallauri, diretto dalla dirigente scolastica Teresa Marino.<\/p>\n<p dir=\"ltr\">All\u2019incontro, tenutosi nell\u2019aula magna, hanno partecipato numerosi studenti, tra cui due loro rappresentanti, Erika Vadal\u00e0 e Nino Macheda. Erano presenti i consiglieri Deborah Novarro, Santo Bongani, Guido Rulli, Giuseppe Giordano, Massimo Ripepi, Giuseppe De Biasi, Demetrio Marino, Maria Ranieri, Pino Cuzzocrea, Franco Barreca, e le assessore Giuggi Palmenta, Anna Briante e Lucia Nucera.<\/p>\n<p dir=\"ltr\">L\u2019incontro ha rappresentato un\u2019occasione di interlocuzione attiva tra gli esponenti dell\u2019Amministrazione comunale e gli studenti, per rispondere a domande e curiosit\u00e0 sulla vita politica e, soprattutto, sulle scelte riguardanti l\u2019importanza di partecipare alla vita democratica del Paese, manifestando il proprio voto. <em>\u00abLo sguardo dei nostri studenti \u00e8 attento alla citt\u00e0, come dimostrano i progetti premiati\u00bb<\/em>, ha spiegato la dirigente Marino, riferendosi in particolare al progetto di potenziamento della centrale idroelettrica di San Salvatore e alla riprogettazione degli impianti di illuminazione dell\u2019aeroporto cittadino.<\/p>\n<p dir=\"ltr\"><em>\u00abIl Comune \u00e8 l\u2019istituzione che pi\u00f9 da vicino ci rappresenta<\/em> &#8211; ha aggiunto &#8211; <em>nell\u2019esercizio della democrazia, all\u2019interno di una visione che persegue il bene comune, ossia il significato autentico della democrazia. Sono onorata dell\u2019attenzione riservata alla nostra scuola e a tutti gli istituti della citt\u00e0\u00bb.<\/em><\/p>\n<p dir=\"ltr\">Per il presidente Malara: <em>\u00abLa seduta congiunta nasce da un dialogo circa la partecipazione al referendum; abbiamo poi voluto estendere il ragionamento al concetto di democrazia per favorire il dialogo all\u2019interno delle scuole, per meglio comprendere il ruolo e le funzioni pubbliche e, insieme a voi, mettere le basi programmatiche e favorire nuovi percorsi\u00bb.<\/em><\/p>\n<p dir=\"ltr\">Il presidente Marino ha specificato: <em>\u00abDa maggiorenni avete acquisito pienamente il diritto di voto e ora vi assumerete le vostre responsabilit\u00e0 civiche, seguendo la Costituzione che \u00e8 il vangelo laico. Siamo qui per dirvi che siete importanti e ci interessa il vostro pensiero, anche se critico, perch\u00e9 \u00e8 la fonte del miglioramento. Pensiamo che il cuore della democrazia siano i cittadini. Questo dialogo \u00e8 un\u2019opportunit\u00e0 da cui trarremo spunto per dare risposte ai vostri bisogni\u00bb.<\/em><\/p>\n<p dir=\"ltr\">Numerose sono state le interazioni da parte dei consiglieri presenti e delle tre esponenti della Giunta.<\/p>\n<p dir=\"ltr\">L\u2019Assessora Briante ha posto l\u2019accento sull\u2019importanza della <em>\u00abcomunit\u00e0 educante, che \u00e8 la cellula della societ\u00e0 pi\u00f9 grande, fatta da chi lavora e da chi amministra. Sono orgogliosa perch\u00e9 spesso si criticano i ragazzi, ma non \u00e8 cos\u00ec: ho conosciuto giovani pieni di idee e voglia di fare che devono avere qualche opportunit\u00e0 in pi\u00f9\u00bb.<\/em><\/p>\n<p dir=\"ltr\">L\u2019Assessora Nucera ha raccontato di una positiva esperienza di lavoro, ricordando ai ragazzi: \u00ab<em>Avete una marcia in pi\u00f9 perch\u00e9 mettete impegno e cuore, e questo vi distinguer\u00e0 sempre\u00bb.<\/em><\/p>\n<p dir=\"ltr\">L\u2019Assessora Palmenta, infine, nell\u2019augurare buon lavoro ai prossimi maturandi, ha letto le parole del politico e filosofo Antonio Gramsci, risalenti al 1917, con l\u2019augurio rivolto ai ragazzi di <em>\u00abscegliere da che parte stare\u00bb<\/em>.<\/p>\n<p dir=\"ltr\">Al termine dell\u2019incontro, come nella scuola visitata in precedenza, ai ragazzi sono state donate alcune copie della Costituzione.<\/p>\n","protected":false},"excerpt":{"rendered":"<p>Proseguono gli incontri organizzati dalle Commissioni comunali Affari Istituzionali e Statuto, presieduta da Giuseppe Marino, e Istruzione, presieduta da Marcantonio Malara, dal titolo &#8220;Dialoghi coi giovani sul tema della democrazia.&hellip;<\/p>\n","protected":false},"author":19,"featured_media":75316,"comment_status":"closed","ping_status":"open","sticky":false,"template":"","format":"standard","meta":{"_jetpack_memberships_contains_paid_content":false,"footnotes":"","jetpack_publicize_message":"","jetpack_publicize_feature_enabled":true,"jetpack_social_post_already_shared":true,"jetpack_social_options":{"image_generator_settings":{"template":"highway","default_image_id":0,"font":"","enabled":false},"version":2}},"categories":[921,196,140],"tags":[],"class_list":["post-75314","post","type-post","status-publish","format-standard","has-post-thumbnail","hentry","category-home","category-news","category-reggio-calabria"],"yoast_head":"<!-- This site is optimized with the Yoast SEO plugin v27.2 - https:\/\/yoast.com\/product\/yoast-seo-wordpress\/ -->\n<title>All&#039;Istituto Panella Vallauri si parla di democrazia con i consiglieri comunali - Radio Touring 104<\/title>\n<meta name=\"description\" content=\"Il presidente Marino: \u00abQuesto dialogo \u00e8 un\u2019opportunit\u00e0 da cui trarremo spunto per dare risposte ai vostri bisogni\u00bb\" \/>\n<meta name=\"robots\" content=\"index, follow, max-snippet:-1, max-image-preview:large, max-video-preview:-1\" \/>\n<link rel=\"canonical\" href=\"https:\/\/progettotouring.it\/radiotouring104\/2025\/06\/05\/allistituto-panella-vallauri-si-parla-di-democrazia-con-i-consiglieri-comunali\/\" \/>\n<meta property=\"og:locale\" content=\"it_IT\" \/>\n<meta property=\"og:type\" content=\"article\" \/>\n<meta property=\"og:title\" content=\"All&#039;Istituto Panella Vallauri si parla di democrazia con i consiglieri comunali - Radio Touring 104\" \/>\n<meta property=\"og:description\" content=\"Il presidente Marino: \u00abQuesto dialogo \u00e8 un\u2019opportunit\u00e0 da cui trarremo spunto per dare risposte ai vostri bisogni\u00bb\" \/>\n<meta property=\"og:url\" content=\"https:\/\/progettotouring.it\/radiotouring104\/2025\/06\/05\/allistituto-panella-vallauri-si-parla-di-democrazia-con-i-consiglieri-comunali\/\" \/>\n<meta property=\"og:site_name\" content=\"Radio Touring 104\" \/>\n<meta property=\"article:published_time\" content=\"2025-06-05T17:40:40+00:00\" \/>\n<meta property=\"og:image\" content=\"https:\/\/progettotouring.it\/radiotouring104\/wp-content\/uploads\/sites\/6\/2025\/06\/1-22.jpg\" \/>\n\t<meta property=\"og:image:width\" content=\"2000\" \/>\n\t<meta property=\"og:image:height\" content=\"1545\" \/>\n\t<meta property=\"og:image:type\" content=\"image\/jpeg\" \/>\n<meta name=\"author\" content=\"S L\" \/>\n<meta name=\"twitter:card\" content=\"summary_large_image\" \/>\n<meta name=\"twitter:label1\" content=\"Scritto da\" \/>\n\t<meta name=\"twitter:data1\" content=\"S L\" \/>\n\t<meta name=\"twitter:label2\" content=\"Tempo di lettura stimato\" \/>\n\t<meta name=\"twitter:data2\" content=\"3 minuti\" \/>\n<script type=\"application\/ld+json\" class=\"yoast-schema-graph\">{\"@context\":\"https:\/\/schema.org\",\"@graph\":[{\"@type\":\"Article\",\"@id\":\"https:\/\/progettotouring.it\/radiotouring104\/2025\/06\/05\/allistituto-panella-vallauri-si-parla-di-democrazia-con-i-consiglieri-comunali\/#article\",\"isPartOf\":{\"@id\":\"https:\/\/progettotouring.it\/radiotouring104\/2025\/06\/05\/allistituto-panella-vallauri-si-parla-di-democrazia-con-i-consiglieri-comunali\/\"},\"author\":{\"name\":\"S L\",\"@id\":\"https:\/\/progettotouring.it\/radiotouring104\/#\/schema\/person\/b9f9c3730b0a78814c9b9f3bfc52c619\"},\"headline\":\"All&#8217;Istituto Panella Vallauri si parla di democrazia con i consiglieri comunali\",\"datePublished\":\"2025-06-05T17:40:40+00:00\",\"mainEntityOfPage\":{\"@id\":\"https:\/\/progettotouring.it\/radiotouring104\/2025\/06\/05\/allistituto-panella-vallauri-si-parla-di-democrazia-con-i-consiglieri-comunali\/\"},\"wordCount\":547,\"publisher\":{\"@id\":\"https:\/\/progettotouring.it\/radiotouring104\/#organization\"},\"image\":{\"@id\":\"https:\/\/progettotouring.it\/radiotouring104\/2025\/06\/05\/allistituto-panella-vallauri-si-parla-di-democrazia-con-i-consiglieri-comunali\/#primaryimage\"},\"thumbnailUrl\":\"https:\/\/progettotouring.it\/radiotouring104\/wp-content\/uploads\/sites\/6\/2025\/06\/1-22.jpg\",\"articleSection\":[\"Home\",\"News\",\"Reggio Calabria\"],\"inLanguage\":\"it-IT\"},{\"@type\":\"WebPage\",\"@id\":\"https:\/\/progettotouring.it\/radiotouring104\/2025\/06\/05\/allistituto-panella-vallauri-si-parla-di-democrazia-con-i-consiglieri-comunali\/\",\"url\":\"https:\/\/progettotouring.it\/radiotouring104\/2025\/06\/05\/allistituto-panella-vallauri-si-parla-di-democrazia-con-i-consiglieri-comunali\/\",\"name\":\"All'Istituto Panella Vallauri si parla di democrazia con i consiglieri comunali - Radio Touring 104\",\"isPartOf\":{\"@id\":\"https:\/\/progettotouring.it\/radiotouring104\/#website\"},\"primaryImageOfPage\":{\"@id\":\"https:\/\/progettotouring.it\/radiotouring104\/2025\/06\/05\/allistituto-panella-vallauri-si-parla-di-democrazia-con-i-consiglieri-comunali\/#primaryimage\"},\"image\":{\"@id\":\"https:\/\/progettotouring.it\/radiotouring104\/2025\/06\/05\/allistituto-panella-vallauri-si-parla-di-democrazia-con-i-consiglieri-comunali\/#primaryimage\"},\"thumbnailUrl\":\"https:\/\/progettotouring.it\/radiotouring104\/wp-content\/uploads\/sites\/6\/2025\/06\/1-22.jpg\",\"datePublished\":\"2025-06-05T17:40:40+00:00\",\"description\":\"Il presidente Marino: \u00abQuesto dialogo \u00e8 un\u2019opportunit\u00e0 da cui trarremo spunto per dare risposte ai vostri bisogni\u00bb\",\"breadcrumb\":{\"@id\":\"https:\/\/progettotouring.it\/radiotouring104\/2025\/06\/05\/allistituto-panella-vallauri-si-parla-di-democrazia-con-i-consiglieri-comunali\/#breadcrumb\"},\"inLanguage\":\"it-IT\",\"potentialAction\":[{\"@type\":\"ReadAction\",\"target\":[\"https:\/\/progettotouring.it\/radiotouring104\/2025\/06\/05\/allistituto-panella-vallauri-si-parla-di-democrazia-con-i-consiglieri-comunali\/\"]}]},{\"@type\":\"ImageObject\",\"inLanguage\":\"it-IT\",\"@id\":\"https:\/\/progettotouring.it\/radiotouring104\/2025\/06\/05\/allistituto-panella-vallauri-si-parla-di-democrazia-con-i-consiglieri-comunali\/#primaryimage\",\"url\":\"https:\/\/progettotouring.it\/radiotouring104\/wp-content\/uploads\/sites\/6\/2025\/06\/1-22.jpg\",\"contentUrl\":\"https:\/\/progettotouring.it\/radiotouring104\/wp-content\/uploads\/sites\/6\/2025\/06\/1-22.jpg\",\"width\":2000,\"height\":1545},{\"@type\":\"BreadcrumbList\",\"@id\":\"https:\/\/progettotouring.it\/radiotouring104\/2025\/06\/05\/allistituto-panella-vallauri-si-parla-di-democrazia-con-i-consiglieri-comunali\/#breadcrumb\",\"itemListElement\":[{\"@type\":\"ListItem\",\"position\":1,\"name\":\"Home\",\"item\":\"https:\/\/progettotouring.it\/radiotouring104\/\"},{\"@type\":\"ListItem\",\"position\":2,\"name\":\"All&#8217;Istituto Panella Vallauri si parla di democrazia con i consiglieri comunali\"}]},{\"@type\":\"WebSite\",\"@id\":\"https:\/\/progettotouring.it\/radiotouring104\/#website\",\"url\":\"https:\/\/progettotouring.it\/radiotouring104\/\",\"name\":\"Radio Touring 104\",\"description\":\"La prima radio Reggina\",\"publisher\":{\"@id\":\"https:\/\/progettotouring.it\/radiotouring104\/#organization\"},\"potentialAction\":[{\"@type\":\"SearchAction\",\"target\":{\"@type\":\"EntryPoint\",\"urlTemplate\":\"https:\/\/progettotouring.it\/radiotouring104\/?s={search_term_string}\"},\"query-input\":{\"@type\":\"PropertyValueSpecification\",\"valueRequired\":true,\"valueName\":\"search_term_string\"}}],\"inLanguage\":\"it-IT\"},{\"@type\":\"Organization\",\"@id\":\"https:\/\/progettotouring.it\/radiotouring104\/#organization\",\"name\":\"Radio Touring 104\",\"url\":\"https:\/\/progettotouring.it\/radiotouring104\/\",\"logo\":{\"@type\":\"ImageObject\",\"inLanguage\":\"it-IT\",\"@id\":\"https:\/\/progettotouring.it\/radiotouring104\/#\/schema\/logo\/image\/\",\"url\":\"https:\/\/progettotouring.it\/radiotouring104\/wp-content\/uploads\/sites\/6\/2022\/02\/cropped-logo-radio-touring-104.png\",\"contentUrl\":\"https:\/\/progettotouring.it\/radiotouring104\/wp-content\/uploads\/sites\/6\/2022\/02\/cropped-logo-radio-touring-104.png\",\"width\":377,\"height\":182,\"caption\":\"Radio Touring 104\"},\"image\":{\"@id\":\"https:\/\/progettotouring.it\/radiotouring104\/#\/schema\/logo\/image\/\"}},{\"@type\":\"Person\",\"@id\":\"https:\/\/progettotouring.it\/radiotouring104\/#\/schema\/person\/b9f9c3730b0a78814c9b9f3bfc52c619\",\"name\":\"S L\",\"image\":{\"@type\":\"ImageObject\",\"inLanguage\":\"it-IT\",\"@id\":\"https:\/\/secure.gravatar.com\/avatar\/652c51789d7030aaed9ff828331360502a68204fe6fb0831bc280515210e16d2?s=96&d=mm&r=g\",\"url\":\"https:\/\/secure.gravatar.com\/avatar\/652c51789d7030aaed9ff828331360502a68204fe6fb0831bc280515210e16d2?s=96&d=mm&r=g\",\"contentUrl\":\"https:\/\/secure.gravatar.com\/avatar\/652c51789d7030aaed9ff828331360502a68204fe6fb0831bc280515210e16d2?s=96&d=mm&r=g\",\"caption\":\"S L\"},\"url\":\"https:\/\/progettotouring.it\/radiotouring104\/author\/slibri\/\"}]}<\/script>\n<!-- \/ Yoast SEO plugin. -->","yoast_head_json":{"title":"All'Istituto Panella Vallauri si parla di democrazia con i consiglieri comunali - Radio Touring 104","description":"Il presidente Marino: \u00abQuesto dialogo \u00e8 un\u2019opportunit\u00e0 da cui trarremo spunto per dare risposte ai vostri bisogni\u00bb","robots":{"index":"index","follow":"follow","max-snippet":"max-snippet:-1","max-image-preview":"max-image-preview:large","max-video-preview":"max-video-preview:-1"},"canonical":"https:\/\/progettotouring.it\/radiotouring104\/2025\/06\/05\/allistituto-panella-vallauri-si-parla-di-democrazia-con-i-consiglieri-comunali\/","og_locale":"it_IT","og_type":"article","og_title":"All'Istituto Panella Vallauri si parla di democrazia con i consiglieri comunali - Radio Touring 104","og_description":"Il presidente Marino: \u00abQuesto dialogo \u00e8 un\u2019opportunit\u00e0 da cui trarremo spunto per dare risposte ai vostri bisogni\u00bb","og_url":"https:\/\/progettotouring.it\/radiotouring104\/2025\/06\/05\/allistituto-panella-vallauri-si-parla-di-democrazia-con-i-consiglieri-comunali\/","og_site_name":"Radio Touring 104","article_published_time":"2025-06-05T17:40:40+00:00","og_image":[{"width":2000,"height":1545,"url":"https:\/\/progettotouring.it\/radiotouring104\/wp-content\/uploads\/sites\/6\/2025\/06\/1-22.jpg","type":"image\/jpeg"}],"author":"S L","twitter_card":"summary_large_image","twitter_misc":{"Scritto da":"S L","Tempo di lettura stimato":"3 minuti"},"schema":{"@context":"https:\/\/schema.org","@graph":[{"@type":"Article","@id":"https:\/\/progettotouring.it\/radiotouring104\/2025\/06\/05\/allistituto-panella-vallauri-si-parla-di-democrazia-con-i-consiglieri-comunali\/#article","isPartOf":{"@id":"https:\/\/progettotouring.it\/radiotouring104\/2025\/06\/05\/allistituto-panella-vallauri-si-parla-di-democrazia-con-i-consiglieri-comunali\/"},"author":{"name":"S L","@id":"https:\/\/progettotouring.it\/radiotouring104\/#\/schema\/person\/b9f9c3730b0a78814c9b9f3bfc52c619"},"headline":"All&#8217;Istituto Panella Vallauri si parla di democrazia con i consiglieri comunali","datePublished":"2025-06-05T17:40:40+00:00","mainEntityOfPage":{"@id":"https:\/\/progettotouring.it\/radiotouring104\/2025\/06\/05\/allistituto-panella-vallauri-si-parla-di-democrazia-con-i-consiglieri-comunali\/"},"wordCount":547,"publisher":{"@id":"https:\/\/progettotouring.it\/radiotouring104\/#organization"},"image":{"@id":"https:\/\/progettotouring.it\/radiotouring104\/2025\/06\/05\/allistituto-panella-vallauri-si-parla-di-democrazia-con-i-consiglieri-comunali\/#primaryimage"},"thumbnailUrl":"https:\/\/progettotouring.it\/radiotouring104\/wp-content\/uploads\/sites\/6\/2025\/06\/1-22.jpg","articleSection":["Home","News","Reggio Calabria"],"inLanguage":"it-IT"},{"@type":"WebPage","@id":"https:\/\/progettotouring.it\/radiotouring104\/2025\/06\/05\/allistituto-panella-vallauri-si-parla-di-democrazia-con-i-consiglieri-comunali\/","url":"https:\/\/progettotouring.it\/radiotouring104\/2025\/06\/05\/allistituto-panella-vallauri-si-parla-di-democrazia-con-i-consiglieri-comunali\/","name":"All'Istituto Panella Vallauri si parla di democrazia con i consiglieri comunali - Radio Touring 104","isPartOf":{"@id":"https:\/\/progettotouring.it\/radiotouring104\/#website"},"primaryImageOfPage":{"@id":"https:\/\/progettotouring.it\/radiotouring104\/2025\/06\/05\/allistituto-panella-vallauri-si-parla-di-democrazia-con-i-consiglieri-comunali\/#primaryimage"},"image":{"@id":"https:\/\/progettotouring.it\/radiotouring104\/2025\/06\/05\/allistituto-panella-vallauri-si-parla-di-democrazia-con-i-consiglieri-comunali\/#primaryimage"},"thumbnailUrl":"https:\/\/progettotouring.it\/radiotouring104\/wp-content\/uploads\/sites\/6\/2025\/06\/1-22.jpg","datePublished":"2025-06-05T17:40:40+00:00","description":"Il presidente Marino: \u00abQuesto dialogo \u00e8 un\u2019opportunit\u00e0 da cui trarremo spunto per dare risposte ai vostri bisogni\u00bb","breadcrumb":{"@id":"https:\/\/progettotouring.it\/radiotouring104\/2025\/06\/05\/allistituto-panella-vallauri-si-parla-di-democrazia-con-i-consiglieri-comunali\/#breadcrumb"},"inLanguage":"it-IT","potentialAction":[{"@type":"ReadAction","target":["https:\/\/progettotouring.it\/radiotouring104\/2025\/06\/05\/allistituto-panella-vallauri-si-parla-di-democrazia-con-i-consiglieri-comunali\/"]}]},{"@type":"ImageObject","inLanguage":"it-IT","@id":"https:\/\/progettotouring.it\/radiotouring104\/2025\/06\/05\/allistituto-panella-vallauri-si-parla-di-democrazia-con-i-consiglieri-comunali\/#primaryimage","url":"https:\/\/progettotouring.it\/radiotouring104\/wp-content\/uploads\/sites\/6\/2025\/06\/1-22.jpg","contentUrl":"https:\/\/progettotouring.it\/radiotouring104\/wp-content\/uploads\/sites\/6\/2025\/06\/1-22.jpg","width":2000,"height":1545},{"@type":"BreadcrumbList","@id":"https:\/\/progettotouring.it\/radiotouring104\/2025\/06\/05\/allistituto-panella-vallauri-si-parla-di-democrazia-con-i-consiglieri-comunali\/#breadcrumb","itemListElement":[{"@type":"ListItem","position":1,"name":"Home","item":"https:\/\/progettotouring.it\/radiotouring104\/"},{"@type":"ListItem","position":2,"name":"All&#8217;Istituto Panella Vallauri si parla di democrazia con i consiglieri comunali"}]},{"@type":"WebSite","@id":"https:\/\/progettotouring.it\/radiotouring104\/#website","url":"https:\/\/progettotouring.it\/radiotouring104\/","name":"Radio Touring 104","description":"La prima radio Reggina","publisher":{"@id":"https:\/\/progettotouring.it\/radiotouring104\/#organization"},"potentialAction":[{"@type":"SearchAction","target":{"@type":"EntryPoint","urlTemplate":"https:\/\/progettotouring.it\/radiotouring104\/?s={search_term_string}"},"query-input":{"@type":"PropertyValueSpecification","valueRequired":true,"valueName":"search_term_string"}}],"inLanguage":"it-IT"},{"@type":"Organization","@id":"https:\/\/progettotouring.it\/radiotouring104\/#organization","name":"Radio Touring 104","url":"https:\/\/progettotouring.it\/radiotouring104\/","logo":{"@type":"ImageObject","inLanguage":"it-IT","@id":"https:\/\/progettotouring.it\/radiotouring104\/#\/schema\/logo\/image\/","url":"https:\/\/progettotouring.it\/radiotouring104\/wp-content\/uploads\/sites\/6\/2022\/02\/cropped-logo-radio-touring-104.png","contentUrl":"https:\/\/progettotouring.it\/radiotouring104\/wp-content\/uploads\/sites\/6\/2022\/02\/cropped-logo-radio-touring-104.png","width":377,"height":182,"caption":"Radio Touring 104"},"image":{"@id":"https:\/\/progettotouring.it\/radiotouring104\/#\/schema\/logo\/image\/"}},{"@type":"Person","@id":"https:\/\/progettotouring.it\/radiotouring104\/#\/schema\/person\/b9f9c3730b0a78814c9b9f3bfc52c619","name":"S L","image":{"@type":"ImageObject","inLanguage":"it-IT","@id":"https:\/\/secure.gravatar.com\/avatar\/652c51789d7030aaed9ff828331360502a68204fe6fb0831bc280515210e16d2?s=96&d=mm&r=g","url":"https:\/\/secure.gravatar.com\/avatar\/652c51789d7030aaed9ff828331360502a68204fe6fb0831bc280515210e16d2?s=96&d=mm&r=g","contentUrl":"https:\/\/secure.gravatar.com\/avatar\/652c51789d7030aaed9ff828331360502a68204fe6fb0831bc280515210e16d2?s=96&d=mm&r=g","caption":"S L"},"url":"https:\/\/progettotouring.it\/radiotouring104\/author\/slibri\/"}]}},"jetpack_publicize_connections":[],"jetpack_featured_media_url":"https:\/\/progettotouring.it\/radiotouring104\/wp-content\/uploads\/sites\/6\/2025\/06\/1-22.jpg","jetpack_sharing_enabled":true,"_links":{"self":[{"href":"https:\/\/progettotouring.it\/radiotouring104\/wp-json\/wp\/v2\/posts\/75314","targetHints":{"allow":["GET"]}}],"collection":[{"href":"https:\/\/progettotouring.it\/radiotouring104\/wp-json\/wp\/v2\/posts"}],"about":[{"href":"https:\/\/progettotouring.it\/radiotouring104\/wp-json\/wp\/v2\/types\/post"}],"author":[{"embeddable":true,"href":"https:\/\/progettotouring.it\/radiotouring104\/wp-json\/wp\/v2\/users\/19"}],"replies":[{"embeddable":true,"href":"https:\/\/progettotouring.it\/radiotouring104\/wp-json\/wp\/v2\/comments?post=75314"}],"version-history":[{"count":1,"href":"https:\/\/progettotouring.it\/radiotouring104\/wp-json\/wp\/v2\/posts\/75314\/revisions"}],"predecessor-version":[{"id":75315,"href":"https:\/\/progettotouring.it\/radiotouring104\/wp-json\/wp\/v2\/posts\/75314\/revisions\/75315"}],"wp:featuredmedia":[{"embeddable":true,"href":"https:\/\/progettotouring.it\/radiotouring104\/wp-json\/wp\/v2\/media\/75316"}],"wp:attachment":[{"href":"https:\/\/progettotouring.it\/radiotouring104\/wp-json\/wp\/v2\/media?parent=75314"}],"wp:term":[{"taxonomy":"category","embeddable":true,"href":"https:\/\/progettotouring.it\/radiotouring104\/wp-json\/wp\/v2\/categories?post=75314"},{"taxonomy":"post_tag","embeddable":true,"href":"https:\/\/progettotouring.it\/radiotouring104\/wp-json\/wp\/v2\/tags?post=75314"}],"curies":[{"name":"wp","href":"https:\/\/api.w.org\/{rel}","templated":true}]}}