{"id":75317,"date":"2025-06-05T19:49:17","date_gmt":"2025-06-05T17:49:17","guid":{"rendered":"https:\/\/progettotouring.it\/radiotouring104\/?p=75317"},"modified":"2025-06-05T19:49:17","modified_gmt":"2025-06-05T17:49:17","slug":"la-mostra-salvarti-e-anche-on-line-sul-portale-istituzionale-della-metrocity","status":"publish","type":"post","link":"https:\/\/progettotouring.it\/radiotouring104\/2025\/06\/05\/la-mostra-salvarti-e-anche-on-line-sul-portale-istituzionale-della-metrocity\/","title":{"rendered":"La mostra &#8220;SalvArti&#8221; \u00e8 anche on line sul portale istituzionale della Metrocity"},"content":{"rendered":"<p dir=\"ltr\">E\u2019 \u201con line\u201d, sul portale istituzionale dell&#8217;Ente\u00a0 (all&#8217;indirizzo: <a href=\"https:\/\/www.cittametropolitana.rc.it\/area_letturaNotizia\/569075\/pagsistema.html\" target=\"_blank\" rel=\"noopener noreferrer\">https:\/\/www.cittametropolitana.rc.it\/area_letturaNotizia\/569075\/pagsistema.html<\/a>) l\u2019incredibile viaggio fra i capolavori di Giorgio de Chirico, Mario Sironi, Lucio Fontana, Massimo Campigli, Salvador Dal\u00ed, Andy Warhol, Mario Schifano, Robert Rauschenberg, Christo e altri, esposti, in tre diverse tappe, a Milano, Roma e, in forma stabile, al Palazzo della Cultura \u201cCrupi\u201d di Reggio Calabria, nato dalla collaborazione tra Direzione generale Musei del Ministero della Cultura, Agenzia Nazionale Beni Sequestrati e Confiscati alla criminalit\u00e0 organizzata (ANBSC), Comune di Milano e Citt\u00e0 Metropolitana di Reggio Calabria e Ministero dell\u2019Interno.<\/p>\n<p dir=\"ltr\">Proprio l\u2019esposizione di Reggio Calabria, al centro dell\u2019attenzione di migliaia di visitatori e cultori d\u2019arte, rivive per immagini e suoni in un itinerario web lungo le dieci sale che hanno ospitato i capolavori dei pi\u00f9 importanti maestri, nel panorama mondiale, della pittura e della scultura contemporanea.<\/p>\n<p dir=\"ltr\">Ed \u00e8, soprattutto, l\u2019aspetto sociale dell\u2019installazione che ha richiamato l\u2019interesse generale intorno ad un evento che coniuga la bellezza della creativit\u00e0 umana ai principi ed ai valori di legalit\u00e0 e giustizia, contro ogni forma e tipo di criminalit\u00e0 organizzata. Quella di Reggio Calabria \u00e8 l\u2019ultima fermata del percorso virtuoso intrapreso con il progetto \u201cArte per la cultura della legalit\u00e0\u201d, iniziato, ad ottobre dello scorso anno, alla Casa Museo Hendrik Christian Andersen a Roma e proseguito, poi, a Palazzo Reale di Milano con un totale complessivo di quasi 30mila visitatori.<\/p>\n<p dir=\"ltr\">Oltre a presentare un patrimonio culturale in parte rimasto ancora inaccessibile alla collettivit\u00e0, l\u2019iniziativa ha messo in risalto il ruolo e l\u2019impegno delle istituzioni coinvolte \u2013 fra queste il Comando Carabinieri Tutela del Patrimonio culturale e la Guardia di Finanza \u2013 nell\u2019encomiabile processo necessario a recuperare quadri e sculture altrimenti sconosciute, risultato di due importanti procedimenti di sequestro e confisca.<\/p>\n<p dir=\"ltr\">Adesso, dunque, sar\u00e0 possibile ammirare le 80 opere d\u2019arte anche attraverso un tour virtuale, un ulteriore possibilit\u00e0 di conoscenza offerta a quanti non hanno potuto visitare, materialmente, le diverse mostre. Le immagini ed una voce fuori campo accompagneranno i visitatori lungo le stanze di Palazzo \u201cCrupi\u201d e le meraviglie esposte al suo interno.<\/p>\n<p>&nbsp;<\/p>\n<p dir=\"ltr\">\n","protected":false},"excerpt":{"rendered":"<p>E\u2019 \u201con line\u201d, sul portale istituzionale dell&#8217;Ente\u00a0 (all&#8217;indirizzo: https:\/\/www.cittametropolitana.rc.it\/area_letturaNotizia\/569075\/pagsistema.html) l\u2019incredibile viaggio fra i capolavori di Giorgio de Chirico, Mario Sironi, Lucio Fontana, Massimo Campigli, Salvador Dal\u00ed, Andy Warhol, Mario Schifano,&hellip;<\/p>\n","protected":false},"author":19,"featured_media":75318,"comment_status":"closed","ping_status":"open","sticky":false,"template":"","format":"standard","meta":{"_jetpack_memberships_contains_paid_content":false,"footnotes":"","jetpack_publicize_message":"","jetpack_publicize_feature_enabled":true,"jetpack_social_post_already_shared":true,"jetpack_social_options":{"image_generator_settings":{"template":"highway","default_image_id":0,"font":"","enabled":false},"version":2}},"categories":[921,196,140],"tags":[],"class_list":["post-75317","post","type-post","status-publish","format-standard","has-post-thumbnail","hentry","category-home","category-news","category-reggio-calabria"],"yoast_head":"<!-- This site is optimized with the Yoast SEO plugin v27.2 - https:\/\/yoast.com\/product\/yoast-seo-wordpress\/ -->\n<title>La mostra &quot;SalvArti&quot; \u00e8 anche on line sul portale istituzionale della Metrocity - Radio Touring 104<\/title>\n<meta name=\"description\" content=\"Il percorso espositivo raccontato in un videoclip realizzato dalla Citt\u00e0 Metropolitana di Reggio Calabria\" \/>\n<meta name=\"robots\" content=\"index, follow, max-snippet:-1, max-image-preview:large, max-video-preview:-1\" \/>\n<link rel=\"canonical\" href=\"https:\/\/progettotouring.it\/radiotouring104\/2025\/06\/05\/la-mostra-salvarti-e-anche-on-line-sul-portale-istituzionale-della-metrocity\/\" \/>\n<meta property=\"og:locale\" content=\"it_IT\" \/>\n<meta property=\"og:type\" content=\"article\" \/>\n<meta property=\"og:title\" content=\"La mostra &quot;SalvArti&quot; \u00e8 anche on line sul portale istituzionale della Metrocity - Radio Touring 104\" \/>\n<meta property=\"og:description\" content=\"Il percorso espositivo raccontato in un videoclip realizzato dalla Citt\u00e0 Metropolitana di Reggio Calabria\" \/>\n<meta property=\"og:url\" content=\"https:\/\/progettotouring.it\/radiotouring104\/2025\/06\/05\/la-mostra-salvarti-e-anche-on-line-sul-portale-istituzionale-della-metrocity\/\" \/>\n<meta property=\"og:site_name\" content=\"Radio Touring 104\" \/>\n<meta property=\"article:published_time\" content=\"2025-06-05T17:49:17+00:00\" \/>\n<meta property=\"og:image\" content=\"https:\/\/progettotouring.it\/radiotouring104\/wp-content\/uploads\/sites\/6\/2025\/06\/1-23.jpg\" \/>\n\t<meta property=\"og:image:width\" content=\"2000\" \/>\n\t<meta property=\"og:image:height\" content=\"1545\" \/>\n\t<meta property=\"og:image:type\" content=\"image\/jpeg\" \/>\n<meta name=\"author\" content=\"S L\" \/>\n<meta name=\"twitter:card\" content=\"summary_large_image\" \/>\n<meta name=\"twitter:label1\" content=\"Scritto da\" \/>\n\t<meta name=\"twitter:data1\" content=\"S L\" \/>\n\t<meta name=\"twitter:label2\" content=\"Tempo di lettura stimato\" \/>\n\t<meta name=\"twitter:data2\" content=\"2 minuti\" \/>\n<script type=\"application\/ld+json\" class=\"yoast-schema-graph\">{\"@context\":\"https:\/\/schema.org\",\"@graph\":[{\"@type\":\"Article\",\"@id\":\"https:\/\/progettotouring.it\/radiotouring104\/2025\/06\/05\/la-mostra-salvarti-e-anche-on-line-sul-portale-istituzionale-della-metrocity\/#article\",\"isPartOf\":{\"@id\":\"https:\/\/progettotouring.it\/radiotouring104\/2025\/06\/05\/la-mostra-salvarti-e-anche-on-line-sul-portale-istituzionale-della-metrocity\/\"},\"author\":{\"name\":\"S L\",\"@id\":\"https:\/\/progettotouring.it\/radiotouring104\/#\/schema\/person\/b9f9c3730b0a78814c9b9f3bfc52c619\"},\"headline\":\"La mostra &#8220;SalvArti&#8221; \u00e8 anche on line sul portale istituzionale della Metrocity\",\"datePublished\":\"2025-06-05T17:49:17+00:00\",\"mainEntityOfPage\":{\"@id\":\"https:\/\/progettotouring.it\/radiotouring104\/2025\/06\/05\/la-mostra-salvarti-e-anche-on-line-sul-portale-istituzionale-della-metrocity\/\"},\"wordCount\":364,\"publisher\":{\"@id\":\"https:\/\/progettotouring.it\/radiotouring104\/#organization\"},\"image\":{\"@id\":\"https:\/\/progettotouring.it\/radiotouring104\/2025\/06\/05\/la-mostra-salvarti-e-anche-on-line-sul-portale-istituzionale-della-metrocity\/#primaryimage\"},\"thumbnailUrl\":\"https:\/\/progettotouring.it\/radiotouring104\/wp-content\/uploads\/sites\/6\/2025\/06\/1-23.jpg\",\"articleSection\":[\"Home\",\"News\",\"Reggio Calabria\"],\"inLanguage\":\"it-IT\"},{\"@type\":\"WebPage\",\"@id\":\"https:\/\/progettotouring.it\/radiotouring104\/2025\/06\/05\/la-mostra-salvarti-e-anche-on-line-sul-portale-istituzionale-della-metrocity\/\",\"url\":\"https:\/\/progettotouring.it\/radiotouring104\/2025\/06\/05\/la-mostra-salvarti-e-anche-on-line-sul-portale-istituzionale-della-metrocity\/\",\"name\":\"La mostra \\\"SalvArti\\\" \u00e8 anche on line sul portale istituzionale della Metrocity - Radio Touring 104\",\"isPartOf\":{\"@id\":\"https:\/\/progettotouring.it\/radiotouring104\/#website\"},\"primaryImageOfPage\":{\"@id\":\"https:\/\/progettotouring.it\/radiotouring104\/2025\/06\/05\/la-mostra-salvarti-e-anche-on-line-sul-portale-istituzionale-della-metrocity\/#primaryimage\"},\"image\":{\"@id\":\"https:\/\/progettotouring.it\/radiotouring104\/2025\/06\/05\/la-mostra-salvarti-e-anche-on-line-sul-portale-istituzionale-della-metrocity\/#primaryimage\"},\"thumbnailUrl\":\"https:\/\/progettotouring.it\/radiotouring104\/wp-content\/uploads\/sites\/6\/2025\/06\/1-23.jpg\",\"datePublished\":\"2025-06-05T17:49:17+00:00\",\"description\":\"Il percorso espositivo raccontato in un videoclip realizzato dalla Citt\u00e0 Metropolitana di Reggio Calabria\",\"breadcrumb\":{\"@id\":\"https:\/\/progettotouring.it\/radiotouring104\/2025\/06\/05\/la-mostra-salvarti-e-anche-on-line-sul-portale-istituzionale-della-metrocity\/#breadcrumb\"},\"inLanguage\":\"it-IT\",\"potentialAction\":[{\"@type\":\"ReadAction\",\"target\":[\"https:\/\/progettotouring.it\/radiotouring104\/2025\/06\/05\/la-mostra-salvarti-e-anche-on-line-sul-portale-istituzionale-della-metrocity\/\"]}]},{\"@type\":\"ImageObject\",\"inLanguage\":\"it-IT\",\"@id\":\"https:\/\/progettotouring.it\/radiotouring104\/2025\/06\/05\/la-mostra-salvarti-e-anche-on-line-sul-portale-istituzionale-della-metrocity\/#primaryimage\",\"url\":\"https:\/\/progettotouring.it\/radiotouring104\/wp-content\/uploads\/sites\/6\/2025\/06\/1-23.jpg\",\"contentUrl\":\"https:\/\/progettotouring.it\/radiotouring104\/wp-content\/uploads\/sites\/6\/2025\/06\/1-23.jpg\",\"width\":2000,\"height\":1545},{\"@type\":\"BreadcrumbList\",\"@id\":\"https:\/\/progettotouring.it\/radiotouring104\/2025\/06\/05\/la-mostra-salvarti-e-anche-on-line-sul-portale-istituzionale-della-metrocity\/#breadcrumb\",\"itemListElement\":[{\"@type\":\"ListItem\",\"position\":1,\"name\":\"Home\",\"item\":\"https:\/\/progettotouring.it\/radiotouring104\/\"},{\"@type\":\"ListItem\",\"position\":2,\"name\":\"La mostra &#8220;SalvArti&#8221; \u00e8 anche on line sul portale istituzionale della Metrocity\"}]},{\"@type\":\"WebSite\",\"@id\":\"https:\/\/progettotouring.it\/radiotouring104\/#website\",\"url\":\"https:\/\/progettotouring.it\/radiotouring104\/\",\"name\":\"Radio Touring 104\",\"description\":\"La prima radio Reggina\",\"publisher\":{\"@id\":\"https:\/\/progettotouring.it\/radiotouring104\/#organization\"},\"potentialAction\":[{\"@type\":\"SearchAction\",\"target\":{\"@type\":\"EntryPoint\",\"urlTemplate\":\"https:\/\/progettotouring.it\/radiotouring104\/?s={search_term_string}\"},\"query-input\":{\"@type\":\"PropertyValueSpecification\",\"valueRequired\":true,\"valueName\":\"search_term_string\"}}],\"inLanguage\":\"it-IT\"},{\"@type\":\"Organization\",\"@id\":\"https:\/\/progettotouring.it\/radiotouring104\/#organization\",\"name\":\"Radio Touring 104\",\"url\":\"https:\/\/progettotouring.it\/radiotouring104\/\",\"logo\":{\"@type\":\"ImageObject\",\"inLanguage\":\"it-IT\",\"@id\":\"https:\/\/progettotouring.it\/radiotouring104\/#\/schema\/logo\/image\/\",\"url\":\"https:\/\/progettotouring.it\/radiotouring104\/wp-content\/uploads\/sites\/6\/2022\/02\/cropped-logo-radio-touring-104.png\",\"contentUrl\":\"https:\/\/progettotouring.it\/radiotouring104\/wp-content\/uploads\/sites\/6\/2022\/02\/cropped-logo-radio-touring-104.png\",\"width\":377,\"height\":182,\"caption\":\"Radio Touring 104\"},\"image\":{\"@id\":\"https:\/\/progettotouring.it\/radiotouring104\/#\/schema\/logo\/image\/\"}},{\"@type\":\"Person\",\"@id\":\"https:\/\/progettotouring.it\/radiotouring104\/#\/schema\/person\/b9f9c3730b0a78814c9b9f3bfc52c619\",\"name\":\"S L\",\"image\":{\"@type\":\"ImageObject\",\"inLanguage\":\"it-IT\",\"@id\":\"https:\/\/secure.gravatar.com\/avatar\/652c51789d7030aaed9ff828331360502a68204fe6fb0831bc280515210e16d2?s=96&d=mm&r=g\",\"url\":\"https:\/\/secure.gravatar.com\/avatar\/652c51789d7030aaed9ff828331360502a68204fe6fb0831bc280515210e16d2?s=96&d=mm&r=g\",\"contentUrl\":\"https:\/\/secure.gravatar.com\/avatar\/652c51789d7030aaed9ff828331360502a68204fe6fb0831bc280515210e16d2?s=96&d=mm&r=g\",\"caption\":\"S L\"},\"url\":\"https:\/\/progettotouring.it\/radiotouring104\/author\/slibri\/\"}]}<\/script>\n<!-- \/ Yoast SEO plugin. -->","yoast_head_json":{"title":"La mostra \"SalvArti\" \u00e8 anche on line sul portale istituzionale della Metrocity - Radio Touring 104","description":"Il percorso espositivo raccontato in un videoclip realizzato dalla Citt\u00e0 Metropolitana di Reggio Calabria","robots":{"index":"index","follow":"follow","max-snippet":"max-snippet:-1","max-image-preview":"max-image-preview:large","max-video-preview":"max-video-preview:-1"},"canonical":"https:\/\/progettotouring.it\/radiotouring104\/2025\/06\/05\/la-mostra-salvarti-e-anche-on-line-sul-portale-istituzionale-della-metrocity\/","og_locale":"it_IT","og_type":"article","og_title":"La mostra \"SalvArti\" \u00e8 anche on line sul portale istituzionale della Metrocity - Radio Touring 104","og_description":"Il percorso espositivo raccontato in un videoclip realizzato dalla Citt\u00e0 Metropolitana di Reggio Calabria","og_url":"https:\/\/progettotouring.it\/radiotouring104\/2025\/06\/05\/la-mostra-salvarti-e-anche-on-line-sul-portale-istituzionale-della-metrocity\/","og_site_name":"Radio Touring 104","article_published_time":"2025-06-05T17:49:17+00:00","og_image":[{"width":2000,"height":1545,"url":"https:\/\/progettotouring.it\/radiotouring104\/wp-content\/uploads\/sites\/6\/2025\/06\/1-23.jpg","type":"image\/jpeg"}],"author":"S L","twitter_card":"summary_large_image","twitter_misc":{"Scritto da":"S L","Tempo di lettura stimato":"2 minuti"},"schema":{"@context":"https:\/\/schema.org","@graph":[{"@type":"Article","@id":"https:\/\/progettotouring.it\/radiotouring104\/2025\/06\/05\/la-mostra-salvarti-e-anche-on-line-sul-portale-istituzionale-della-metrocity\/#article","isPartOf":{"@id":"https:\/\/progettotouring.it\/radiotouring104\/2025\/06\/05\/la-mostra-salvarti-e-anche-on-line-sul-portale-istituzionale-della-metrocity\/"},"author":{"name":"S L","@id":"https:\/\/progettotouring.it\/radiotouring104\/#\/schema\/person\/b9f9c3730b0a78814c9b9f3bfc52c619"},"headline":"La mostra &#8220;SalvArti&#8221; \u00e8 anche on line sul portale istituzionale della Metrocity","datePublished":"2025-06-05T17:49:17+00:00","mainEntityOfPage":{"@id":"https:\/\/progettotouring.it\/radiotouring104\/2025\/06\/05\/la-mostra-salvarti-e-anche-on-line-sul-portale-istituzionale-della-metrocity\/"},"wordCount":364,"publisher":{"@id":"https:\/\/progettotouring.it\/radiotouring104\/#organization"},"image":{"@id":"https:\/\/progettotouring.it\/radiotouring104\/2025\/06\/05\/la-mostra-salvarti-e-anche-on-line-sul-portale-istituzionale-della-metrocity\/#primaryimage"},"thumbnailUrl":"https:\/\/progettotouring.it\/radiotouring104\/wp-content\/uploads\/sites\/6\/2025\/06\/1-23.jpg","articleSection":["Home","News","Reggio Calabria"],"inLanguage":"it-IT"},{"@type":"WebPage","@id":"https:\/\/progettotouring.it\/radiotouring104\/2025\/06\/05\/la-mostra-salvarti-e-anche-on-line-sul-portale-istituzionale-della-metrocity\/","url":"https:\/\/progettotouring.it\/radiotouring104\/2025\/06\/05\/la-mostra-salvarti-e-anche-on-line-sul-portale-istituzionale-della-metrocity\/","name":"La mostra \"SalvArti\" \u00e8 anche on line sul portale istituzionale della Metrocity - Radio Touring 104","isPartOf":{"@id":"https:\/\/progettotouring.it\/radiotouring104\/#website"},"primaryImageOfPage":{"@id":"https:\/\/progettotouring.it\/radiotouring104\/2025\/06\/05\/la-mostra-salvarti-e-anche-on-line-sul-portale-istituzionale-della-metrocity\/#primaryimage"},"image":{"@id":"https:\/\/progettotouring.it\/radiotouring104\/2025\/06\/05\/la-mostra-salvarti-e-anche-on-line-sul-portale-istituzionale-della-metrocity\/#primaryimage"},"thumbnailUrl":"https:\/\/progettotouring.it\/radiotouring104\/wp-content\/uploads\/sites\/6\/2025\/06\/1-23.jpg","datePublished":"2025-06-05T17:49:17+00:00","description":"Il percorso espositivo raccontato in un videoclip realizzato dalla Citt\u00e0 Metropolitana di Reggio Calabria","breadcrumb":{"@id":"https:\/\/progettotouring.it\/radiotouring104\/2025\/06\/05\/la-mostra-salvarti-e-anche-on-line-sul-portale-istituzionale-della-metrocity\/#breadcrumb"},"inLanguage":"it-IT","potentialAction":[{"@type":"ReadAction","target":["https:\/\/progettotouring.it\/radiotouring104\/2025\/06\/05\/la-mostra-salvarti-e-anche-on-line-sul-portale-istituzionale-della-metrocity\/"]}]},{"@type":"ImageObject","inLanguage":"it-IT","@id":"https:\/\/progettotouring.it\/radiotouring104\/2025\/06\/05\/la-mostra-salvarti-e-anche-on-line-sul-portale-istituzionale-della-metrocity\/#primaryimage","url":"https:\/\/progettotouring.it\/radiotouring104\/wp-content\/uploads\/sites\/6\/2025\/06\/1-23.jpg","contentUrl":"https:\/\/progettotouring.it\/radiotouring104\/wp-content\/uploads\/sites\/6\/2025\/06\/1-23.jpg","width":2000,"height":1545},{"@type":"BreadcrumbList","@id":"https:\/\/progettotouring.it\/radiotouring104\/2025\/06\/05\/la-mostra-salvarti-e-anche-on-line-sul-portale-istituzionale-della-metrocity\/#breadcrumb","itemListElement":[{"@type":"ListItem","position":1,"name":"Home","item":"https:\/\/progettotouring.it\/radiotouring104\/"},{"@type":"ListItem","position":2,"name":"La mostra &#8220;SalvArti&#8221; \u00e8 anche on line sul portale istituzionale della Metrocity"}]},{"@type":"WebSite","@id":"https:\/\/progettotouring.it\/radiotouring104\/#website","url":"https:\/\/progettotouring.it\/radiotouring104\/","name":"Radio Touring 104","description":"La prima radio Reggina","publisher":{"@id":"https:\/\/progettotouring.it\/radiotouring104\/#organization"},"potentialAction":[{"@type":"SearchAction","target":{"@type":"EntryPoint","urlTemplate":"https:\/\/progettotouring.it\/radiotouring104\/?s={search_term_string}"},"query-input":{"@type":"PropertyValueSpecification","valueRequired":true,"valueName":"search_term_string"}}],"inLanguage":"it-IT"},{"@type":"Organization","@id":"https:\/\/progettotouring.it\/radiotouring104\/#organization","name":"Radio Touring 104","url":"https:\/\/progettotouring.it\/radiotouring104\/","logo":{"@type":"ImageObject","inLanguage":"it-IT","@id":"https:\/\/progettotouring.it\/radiotouring104\/#\/schema\/logo\/image\/","url":"https:\/\/progettotouring.it\/radiotouring104\/wp-content\/uploads\/sites\/6\/2022\/02\/cropped-logo-radio-touring-104.png","contentUrl":"https:\/\/progettotouring.it\/radiotouring104\/wp-content\/uploads\/sites\/6\/2022\/02\/cropped-logo-radio-touring-104.png","width":377,"height":182,"caption":"Radio Touring 104"},"image":{"@id":"https:\/\/progettotouring.it\/radiotouring104\/#\/schema\/logo\/image\/"}},{"@type":"Person","@id":"https:\/\/progettotouring.it\/radiotouring104\/#\/schema\/person\/b9f9c3730b0a78814c9b9f3bfc52c619","name":"S L","image":{"@type":"ImageObject","inLanguage":"it-IT","@id":"https:\/\/secure.gravatar.com\/avatar\/652c51789d7030aaed9ff828331360502a68204fe6fb0831bc280515210e16d2?s=96&d=mm&r=g","url":"https:\/\/secure.gravatar.com\/avatar\/652c51789d7030aaed9ff828331360502a68204fe6fb0831bc280515210e16d2?s=96&d=mm&r=g","contentUrl":"https:\/\/secure.gravatar.com\/avatar\/652c51789d7030aaed9ff828331360502a68204fe6fb0831bc280515210e16d2?s=96&d=mm&r=g","caption":"S L"},"url":"https:\/\/progettotouring.it\/radiotouring104\/author\/slibri\/"}]}},"jetpack_publicize_connections":[],"jetpack_featured_media_url":"https:\/\/progettotouring.it\/radiotouring104\/wp-content\/uploads\/sites\/6\/2025\/06\/1-23.jpg","jetpack_sharing_enabled":true,"_links":{"self":[{"href":"https:\/\/progettotouring.it\/radiotouring104\/wp-json\/wp\/v2\/posts\/75317","targetHints":{"allow":["GET"]}}],"collection":[{"href":"https:\/\/progettotouring.it\/radiotouring104\/wp-json\/wp\/v2\/posts"}],"about":[{"href":"https:\/\/progettotouring.it\/radiotouring104\/wp-json\/wp\/v2\/types\/post"}],"author":[{"embeddable":true,"href":"https:\/\/progettotouring.it\/radiotouring104\/wp-json\/wp\/v2\/users\/19"}],"replies":[{"embeddable":true,"href":"https:\/\/progettotouring.it\/radiotouring104\/wp-json\/wp\/v2\/comments?post=75317"}],"version-history":[{"count":1,"href":"https:\/\/progettotouring.it\/radiotouring104\/wp-json\/wp\/v2\/posts\/75317\/revisions"}],"predecessor-version":[{"id":75319,"href":"https:\/\/progettotouring.it\/radiotouring104\/wp-json\/wp\/v2\/posts\/75317\/revisions\/75319"}],"wp:featuredmedia":[{"embeddable":true,"href":"https:\/\/progettotouring.it\/radiotouring104\/wp-json\/wp\/v2\/media\/75318"}],"wp:attachment":[{"href":"https:\/\/progettotouring.it\/radiotouring104\/wp-json\/wp\/v2\/media?parent=75317"}],"wp:term":[{"taxonomy":"category","embeddable":true,"href":"https:\/\/progettotouring.it\/radiotouring104\/wp-json\/wp\/v2\/categories?post=75317"},{"taxonomy":"post_tag","embeddable":true,"href":"https:\/\/progettotouring.it\/radiotouring104\/wp-json\/wp\/v2\/tags?post=75317"}],"curies":[{"name":"wp","href":"https:\/\/api.w.org\/{rel}","templated":true}]}}