{"id":75346,"date":"2025-06-06T10:40:39","date_gmt":"2025-06-06T08:40:39","guid":{"rendered":"https:\/\/progettotouring.it\/radiotouring104\/?p=75346"},"modified":"2025-06-06T10:41:57","modified_gmt":"2025-06-06T08:41:57","slug":"reggio-arriva-in-anteprima-regionale-il-documentario-tra-natura-e-quota-giovanni-storti-sopravvive-alle-alpi-apuane","status":"publish","type":"post","link":"https:\/\/progettotouring.it\/radiotouring104\/2025\/06\/06\/reggio-arriva-in-anteprima-regionale-il-documentario-tra-natura-e-quota-giovanni-storti-sopravvive-alle-alpi-apuane\/","title":{"rendered":"Reggio: arriva in anteprima regionale il Documentario &#8220;Tra natura e quota: Giovanni Storti sopravvive alle Alpi Apuane&#8221;\u00a0"},"content":{"rendered":"<p>Approda a\u00a0<b>Reggio Calabria<\/b>, in <b>anteprima regionale<\/b>\u00a0per la Calabria, il documentario\u00a0<b><i>Tra natura e quota: Giovanni Storti sopravvive alle Alpi Apuane\u00a0<\/i><\/b>scritto e diretto da\u00a0<b>Giorgia Lorenzato<\/b>\u00a0e\u00a0<b>Manuel Zarpellon<\/b>\u00a0e prodotto da Cineblend in collaborazione con il\u00a0<b>Club Alpino Italiano\u00a0<\/b>sui temi di\u00a0<b>biodiversit\u00e0<\/b>\u00a0e\u00a0<b>riduzione del rischio in montagna<\/b>. Dopo il successo al Trento Film Festival, il tour di proiezioni evento arriva Mercoled\u00ec<b>\u00a011 giugno\u00a0<\/b>ore 18.30 al\u00a0<b>CineTeatro Odeon\u00a0<\/b>di Reggio Calabria (RC), in una proiezione evento con dibattito in collaborazione con la sezione\u00a0<b>CAI Regionale di Reggio Calabria<\/b>.<\/p>\n<p>Il documentario rappresenta un intenso viaggio visivo ed emotivo nel cuore delle\u00a0<b>Alpi Apuane<\/b>, un territorio affascinante e impervio, esplorato attraverso lo sguardo e l\u2019esperienza di\u00a0<b>Giovanni Storti<\/b>, noto attore italiano e grande appassionato di montagna.<\/p>\n<p>Con la sua consueta ironia e sensibilit\u00e0, Storti accompagna lo spettatore in un percorso narrativo che affronta due tematiche di grande rilevanza e attualit\u00e0: la\u00a0<b>tutela della biodiversit\u00e0<\/b>\u00a0e la\u00a0<b>riduzione del rischio in ambiente montano<\/b>.<\/p>\n<p>Nel corso del racconto si alternano le voci di esperti e protagonisti del territorio:\u00a0<b>Alessio Piccioli<\/b>, presidente della Struttura Operativa Sentieri e Cartografia del CAI,\u00a0<b>Andrea Ribolini<\/b>, dottore forestale e guida ambientale escursionistica,\u00a0<b>Elena Alberti<\/b>, biologa dell\u2019Orto Botanico Pellegrini-Ansaldi,\u00a0<b>Gionata Landi<\/b>, guida alpina e tecnico del Soccorso Alpino,\u00a0<b>Alberto Grossi<\/b>, esperto ambientale e\u00a0<b>Veronica Pierotti<\/b>, presidente della Sezione CAI di Forte dei Marmi.<\/p>\n<p>Il progetto \u00e8 stato realizzato con il supporto di\u00a0<b>Karpos, AKU, Vibram, Garmin Italia, Subaru Italia, Buona Visione Snc<\/b>\u00a0e\u00a0<b>Hotel La Lanterna srl<\/b>.<\/p>\n<p>Gli autori <strong>Giorgia Lorenzato e Manuel Zarpellon,<\/strong> con il supporto di Cineblend srl e con la piena collaborazione del Club Alpino Italiano, dopo aver registrato l\u2019interesse del pubblico in occasione delle centinaia di proiezioni del documentario sulla tragedia della Marmolada e sul mondo del soccorso alpino, hanno ritenuto necessario prendersi \u201cun respiro\u201d per tornare a parlare di ambiente e sicurezza in montagna, questa volta volutamente con leggerezza e ironia. Due temi che involontariamente e inevitabilmente sono stati vissuti, invece, in modo drammatico nel precedente lavoro\u00a0<i>Marmolada 03.07.22<\/i>. Riflettere sul mondo montano in evoluzione, per effetto dell\u2019antropizzazione o dell\u2019innalzamento delle temperature, e capire che per frequentarlo \u00e8 necessario aggiornare le proprie conoscenze e magari anche le proprie attrezzature, \u00e8 una cosa cui bisognava dare risposta e la persona, che pi\u00f9 di tutte poteva portare questi temi ad un vasto pubblico, con ironia e spensieratezza, era Giovanni Storti.<\/p>\n<p>Un\u2019occasione per scoprire con ironia un territorio selvaggio e riflettere sui problemi che ne minacciano la conservazione. Filo rosso di questa avventura proprio la\u00a0<b>biodiversit\u00e0<\/b>, concetto coniato nel 1988 dall\u2019entomologo Edward Wilson: quell\u2019interconnessione magica fra individui di tutte le specie che, come ricorda lo stesso Giovanni Storti \u201c<i>pu\u00f2 essere definita come la ricchezza di vita sul nostro pianeta<\/i>.\u201d<br \/>\nSecondo filo rosso la\u00a0<b>riduzione del rischio in montagna<\/b>\u00a0qui introdotta, grazie all\u2019ironia di Giovanni Storti, con il giusto equilibrio fra leggerezza e profondit\u00e0, l\u2019obiettivo di aiutare il pubblico a prendere consapevolezza di questo delicato tema soprattutto in questo momento di grande mutamento per il territorio.\u00a0 Tre le giornate di questo percorso: la prima immersi nelle fragranze e nel fascino dell\u2019Orto Botanico Pellegrini &#8211; Ansaldi per poi arrivare, nel pomeriggio al Rifugio Puliti. La seconda giornata \u00e8 dedicata, invece, al Monte Nona. E il terzo giorno alla mitica Ferrata del Monte Procinto, la pi\u00f9 antica d\u2019Italia.<\/p>\n","protected":false},"excerpt":{"rendered":"<p>Approda a\u00a0Reggio Calabria, in anteprima regionale\u00a0per la Calabria, il documentario\u00a0Tra natura e quota: Giovanni Storti sopravvive alle Alpi Apuane\u00a0scritto e diretto da\u00a0Giorgia Lorenzato\u00a0e\u00a0Manuel Zarpellon\u00a0e prodotto da Cineblend in collaborazione con&hellip;<\/p>\n","protected":false},"author":12,"featured_media":75350,"comment_status":"closed","ping_status":"open","sticky":false,"template":"","format":"standard","meta":{"_jetpack_memberships_contains_paid_content":false,"footnotes":"","jetpack_publicize_message":"","jetpack_publicize_feature_enabled":true,"jetpack_social_post_already_shared":true,"jetpack_social_options":{"image_generator_settings":{"template":"highway","default_image_id":0,"font":"","enabled":false},"version":2}},"categories":[921,196,140],"tags":[44333,44334,31594,44335,2092,44332],"class_list":["post-75346","post","type-post","status-publish","format-standard","has-post-thumbnail","hentry","category-home","category-news","category-reggio-calabria","tag-aldo-giovanni-giacomo","tag-anteprima-regionale","tag-cineteatro-odeon","tag-club-alpino-italiano","tag-documentario","tag-giovanni-storti"],"yoast_head":"<!-- This site is optimized with the Yoast SEO plugin v27.2 - https:\/\/yoast.com\/product\/yoast-seo-wordpress\/ -->\n<title>Arriva in anteprima all&#039;Odeon il Documentario di Giovanni Storti<\/title>\n<meta name=\"description\" content=\"Il Documentario del comico del noto trio Aldo Giovanni e Giacomo, sar\u00e0 trasmesso all&#039;Odeon mercoled\u00ec 11 giugno alle 18:30\" \/>\n<meta name=\"robots\" content=\"index, follow, max-snippet:-1, max-image-preview:large, max-video-preview:-1\" \/>\n<link rel=\"canonical\" href=\"https:\/\/progettotouring.it\/radiotouring104\/2025\/06\/06\/reggio-arriva-in-anteprima-regionale-il-documentario-tra-natura-e-quota-giovanni-storti-sopravvive-alle-alpi-apuane\/\" \/>\n<meta property=\"og:locale\" content=\"it_IT\" \/>\n<meta property=\"og:type\" content=\"article\" \/>\n<meta property=\"og:title\" content=\"Arriva in anteprima all&#039;Odeon il Documentario di Giovanni Storti\" \/>\n<meta property=\"og:description\" content=\"Il Documentario del comico del noto trio Aldo Giovanni e Giacomo, sar\u00e0 trasmesso all&#039;Odeon mercoled\u00ec 11 giugno alle 18:30\" \/>\n<meta property=\"og:url\" content=\"https:\/\/progettotouring.it\/radiotouring104\/2025\/06\/06\/reggio-arriva-in-anteprima-regionale-il-documentario-tra-natura-e-quota-giovanni-storti-sopravvive-alle-alpi-apuane\/\" \/>\n<meta property=\"og:site_name\" content=\"Radio Touring 104\" \/>\n<meta property=\"article:published_time\" content=\"2025-06-06T08:40:39+00:00\" \/>\n<meta property=\"article:modified_time\" content=\"2025-06-06T08:41:57+00:00\" \/>\n<meta property=\"og:image\" content=\"https:\/\/progettotouring.it\/radiotouring104\/wp-content\/uploads\/sites\/6\/2025\/06\/Documentario-Giovanni-Storti-in-anteprima-allOdeon.jpg\" \/>\n\t<meta property=\"og:image:width\" content=\"1600\" \/>\n\t<meta property=\"og:image:height\" content=\"900\" \/>\n\t<meta property=\"og:image:type\" content=\"image\/jpeg\" \/>\n<meta name=\"author\" content=\"Sebastiano Plutino\" \/>\n<meta name=\"twitter:card\" content=\"summary_large_image\" \/>\n<meta name=\"twitter:label1\" content=\"Scritto da\" \/>\n\t<meta name=\"twitter:data1\" content=\"Sebastiano Plutino\" \/>\n\t<meta name=\"twitter:label2\" content=\"Tempo di lettura stimato\" \/>\n\t<meta name=\"twitter:data2\" content=\"3 minuti\" \/>\n<script type=\"application\/ld+json\" class=\"yoast-schema-graph\">{\"@context\":\"https:\/\/schema.org\",\"@graph\":[{\"@type\":\"Article\",\"@id\":\"https:\/\/progettotouring.it\/radiotouring104\/2025\/06\/06\/reggio-arriva-in-anteprima-regionale-il-documentario-tra-natura-e-quota-giovanni-storti-sopravvive-alle-alpi-apuane\/#article\",\"isPartOf\":{\"@id\":\"https:\/\/progettotouring.it\/radiotouring104\/2025\/06\/06\/reggio-arriva-in-anteprima-regionale-il-documentario-tra-natura-e-quota-giovanni-storti-sopravvive-alle-alpi-apuane\/\"},\"author\":{\"name\":\"Sebastiano Plutino\",\"@id\":\"https:\/\/progettotouring.it\/radiotouring104\/#\/schema\/person\/78613917f1851f041f7483f5af1d422e\"},\"headline\":\"Reggio: arriva in anteprima regionale il Documentario &#8220;Tra natura e quota: Giovanni Storti sopravvive alle Alpi Apuane&#8221;\u00a0\",\"datePublished\":\"2025-06-06T08:40:39+00:00\",\"dateModified\":\"2025-06-06T08:41:57+00:00\",\"mainEntityOfPage\":{\"@id\":\"https:\/\/progettotouring.it\/radiotouring104\/2025\/06\/06\/reggio-arriva-in-anteprima-regionale-il-documentario-tra-natura-e-quota-giovanni-storti-sopravvive-alle-alpi-apuane\/\"},\"wordCount\":573,\"publisher\":{\"@id\":\"https:\/\/progettotouring.it\/radiotouring104\/#organization\"},\"image\":{\"@id\":\"https:\/\/progettotouring.it\/radiotouring104\/2025\/06\/06\/reggio-arriva-in-anteprima-regionale-il-documentario-tra-natura-e-quota-giovanni-storti-sopravvive-alle-alpi-apuane\/#primaryimage\"},\"thumbnailUrl\":\"https:\/\/progettotouring.it\/radiotouring104\/wp-content\/uploads\/sites\/6\/2025\/06\/Documentario-Giovanni-Storti-in-anteprima-allOdeon.jpg\",\"keywords\":[\"Aldo Giovanni Giacomo\",\"anteprima regionale\",\"CineTeatro Odeon\",\"Club Alpino Italiano\",\"documentario\",\"Giovanni Storti\"],\"articleSection\":[\"Home\",\"News\",\"Reggio Calabria\"],\"inLanguage\":\"it-IT\"},{\"@type\":\"WebPage\",\"@id\":\"https:\/\/progettotouring.it\/radiotouring104\/2025\/06\/06\/reggio-arriva-in-anteprima-regionale-il-documentario-tra-natura-e-quota-giovanni-storti-sopravvive-alle-alpi-apuane\/\",\"url\":\"https:\/\/progettotouring.it\/radiotouring104\/2025\/06\/06\/reggio-arriva-in-anteprima-regionale-il-documentario-tra-natura-e-quota-giovanni-storti-sopravvive-alle-alpi-apuane\/\",\"name\":\"Arriva in anteprima all'Odeon il Documentario di Giovanni Storti\",\"isPartOf\":{\"@id\":\"https:\/\/progettotouring.it\/radiotouring104\/#website\"},\"primaryImageOfPage\":{\"@id\":\"https:\/\/progettotouring.it\/radiotouring104\/2025\/06\/06\/reggio-arriva-in-anteprima-regionale-il-documentario-tra-natura-e-quota-giovanni-storti-sopravvive-alle-alpi-apuane\/#primaryimage\"},\"image\":{\"@id\":\"https:\/\/progettotouring.it\/radiotouring104\/2025\/06\/06\/reggio-arriva-in-anteprima-regionale-il-documentario-tra-natura-e-quota-giovanni-storti-sopravvive-alle-alpi-apuane\/#primaryimage\"},\"thumbnailUrl\":\"https:\/\/progettotouring.it\/radiotouring104\/wp-content\/uploads\/sites\/6\/2025\/06\/Documentario-Giovanni-Storti-in-anteprima-allOdeon.jpg\",\"datePublished\":\"2025-06-06T08:40:39+00:00\",\"dateModified\":\"2025-06-06T08:41:57+00:00\",\"description\":\"Il Documentario del comico del noto trio Aldo Giovanni e Giacomo, sar\u00e0 trasmesso all'Odeon mercoled\u00ec 11 giugno alle 18:30\",\"breadcrumb\":{\"@id\":\"https:\/\/progettotouring.it\/radiotouring104\/2025\/06\/06\/reggio-arriva-in-anteprima-regionale-il-documentario-tra-natura-e-quota-giovanni-storti-sopravvive-alle-alpi-apuane\/#breadcrumb\"},\"inLanguage\":\"it-IT\",\"potentialAction\":[{\"@type\":\"ReadAction\",\"target\":[\"https:\/\/progettotouring.it\/radiotouring104\/2025\/06\/06\/reggio-arriva-in-anteprima-regionale-il-documentario-tra-natura-e-quota-giovanni-storti-sopravvive-alle-alpi-apuane\/\"]}]},{\"@type\":\"ImageObject\",\"inLanguage\":\"it-IT\",\"@id\":\"https:\/\/progettotouring.it\/radiotouring104\/2025\/06\/06\/reggio-arriva-in-anteprima-regionale-il-documentario-tra-natura-e-quota-giovanni-storti-sopravvive-alle-alpi-apuane\/#primaryimage\",\"url\":\"https:\/\/progettotouring.it\/radiotouring104\/wp-content\/uploads\/sites\/6\/2025\/06\/Documentario-Giovanni-Storti-in-anteprima-allOdeon.jpg\",\"contentUrl\":\"https:\/\/progettotouring.it\/radiotouring104\/wp-content\/uploads\/sites\/6\/2025\/06\/Documentario-Giovanni-Storti-in-anteprima-allOdeon.jpg\",\"width\":1600,\"height\":900},{\"@type\":\"BreadcrumbList\",\"@id\":\"https:\/\/progettotouring.it\/radiotouring104\/2025\/06\/06\/reggio-arriva-in-anteprima-regionale-il-documentario-tra-natura-e-quota-giovanni-storti-sopravvive-alle-alpi-apuane\/#breadcrumb\",\"itemListElement\":[{\"@type\":\"ListItem\",\"position\":1,\"name\":\"Home\",\"item\":\"https:\/\/progettotouring.it\/radiotouring104\/\"},{\"@type\":\"ListItem\",\"position\":2,\"name\":\"Reggio: arriva in anteprima regionale il Documentario &#8220;Tra natura e quota: Giovanni Storti sopravvive alle Alpi Apuane&#8221;\u00a0\"}]},{\"@type\":\"WebSite\",\"@id\":\"https:\/\/progettotouring.it\/radiotouring104\/#website\",\"url\":\"https:\/\/progettotouring.it\/radiotouring104\/\",\"name\":\"Radio Touring 104\",\"description\":\"La prima radio Reggina\",\"publisher\":{\"@id\":\"https:\/\/progettotouring.it\/radiotouring104\/#organization\"},\"potentialAction\":[{\"@type\":\"SearchAction\",\"target\":{\"@type\":\"EntryPoint\",\"urlTemplate\":\"https:\/\/progettotouring.it\/radiotouring104\/?s={search_term_string}\"},\"query-input\":{\"@type\":\"PropertyValueSpecification\",\"valueRequired\":true,\"valueName\":\"search_term_string\"}}],\"inLanguage\":\"it-IT\"},{\"@type\":\"Organization\",\"@id\":\"https:\/\/progettotouring.it\/radiotouring104\/#organization\",\"name\":\"Radio Touring 104\",\"url\":\"https:\/\/progettotouring.it\/radiotouring104\/\",\"logo\":{\"@type\":\"ImageObject\",\"inLanguage\":\"it-IT\",\"@id\":\"https:\/\/progettotouring.it\/radiotouring104\/#\/schema\/logo\/image\/\",\"url\":\"https:\/\/progettotouring.it\/radiotouring104\/wp-content\/uploads\/sites\/6\/2022\/02\/cropped-logo-radio-touring-104.png\",\"contentUrl\":\"https:\/\/progettotouring.it\/radiotouring104\/wp-content\/uploads\/sites\/6\/2022\/02\/cropped-logo-radio-touring-104.png\",\"width\":377,\"height\":182,\"caption\":\"Radio Touring 104\"},\"image\":{\"@id\":\"https:\/\/progettotouring.it\/radiotouring104\/#\/schema\/logo\/image\/\"}},{\"@type\":\"Person\",\"@id\":\"https:\/\/progettotouring.it\/radiotouring104\/#\/schema\/person\/78613917f1851f041f7483f5af1d422e\",\"name\":\"Sebastiano Plutino\",\"image\":{\"@type\":\"ImageObject\",\"inLanguage\":\"it-IT\",\"@id\":\"https:\/\/secure.gravatar.com\/avatar\/0546ffaa9b79224faf9f2a156b67a529ae861d3287c66c1d8ccfdf909bcba78d?s=96&d=mm&r=g\",\"url\":\"https:\/\/secure.gravatar.com\/avatar\/0546ffaa9b79224faf9f2a156b67a529ae861d3287c66c1d8ccfdf909bcba78d?s=96&d=mm&r=g\",\"contentUrl\":\"https:\/\/secure.gravatar.com\/avatar\/0546ffaa9b79224faf9f2a156b67a529ae861d3287c66c1d8ccfdf909bcba78d?s=96&d=mm&r=g\",\"caption\":\"Sebastiano Plutino\"},\"url\":\"https:\/\/progettotouring.it\/radiotouring104\/author\/sebastiano\/\"}]}<\/script>\n<!-- \/ Yoast SEO plugin. -->","yoast_head_json":{"title":"Arriva in anteprima all'Odeon il Documentario di Giovanni Storti","description":"Il Documentario del comico del noto trio Aldo Giovanni e Giacomo, sar\u00e0 trasmesso all'Odeon mercoled\u00ec 11 giugno alle 18:30","robots":{"index":"index","follow":"follow","max-snippet":"max-snippet:-1","max-image-preview":"max-image-preview:large","max-video-preview":"max-video-preview:-1"},"canonical":"https:\/\/progettotouring.it\/radiotouring104\/2025\/06\/06\/reggio-arriva-in-anteprima-regionale-il-documentario-tra-natura-e-quota-giovanni-storti-sopravvive-alle-alpi-apuane\/","og_locale":"it_IT","og_type":"article","og_title":"Arriva in anteprima all'Odeon il Documentario di Giovanni Storti","og_description":"Il Documentario del comico del noto trio Aldo Giovanni e Giacomo, sar\u00e0 trasmesso all'Odeon mercoled\u00ec 11 giugno alle 18:30","og_url":"https:\/\/progettotouring.it\/radiotouring104\/2025\/06\/06\/reggio-arriva-in-anteprima-regionale-il-documentario-tra-natura-e-quota-giovanni-storti-sopravvive-alle-alpi-apuane\/","og_site_name":"Radio Touring 104","article_published_time":"2025-06-06T08:40:39+00:00","article_modified_time":"2025-06-06T08:41:57+00:00","og_image":[{"width":1600,"height":900,"url":"https:\/\/progettotouring.it\/radiotouring104\/wp-content\/uploads\/sites\/6\/2025\/06\/Documentario-Giovanni-Storti-in-anteprima-allOdeon.jpg","type":"image\/jpeg"}],"author":"Sebastiano Plutino","twitter_card":"summary_large_image","twitter_misc":{"Scritto da":"Sebastiano Plutino","Tempo di lettura stimato":"3 minuti"},"schema":{"@context":"https:\/\/schema.org","@graph":[{"@type":"Article","@id":"https:\/\/progettotouring.it\/radiotouring104\/2025\/06\/06\/reggio-arriva-in-anteprima-regionale-il-documentario-tra-natura-e-quota-giovanni-storti-sopravvive-alle-alpi-apuane\/#article","isPartOf":{"@id":"https:\/\/progettotouring.it\/radiotouring104\/2025\/06\/06\/reggio-arriva-in-anteprima-regionale-il-documentario-tra-natura-e-quota-giovanni-storti-sopravvive-alle-alpi-apuane\/"},"author":{"name":"Sebastiano Plutino","@id":"https:\/\/progettotouring.it\/radiotouring104\/#\/schema\/person\/78613917f1851f041f7483f5af1d422e"},"headline":"Reggio: arriva in anteprima regionale il Documentario &#8220;Tra natura e quota: Giovanni Storti sopravvive alle Alpi Apuane&#8221;\u00a0","datePublished":"2025-06-06T08:40:39+00:00","dateModified":"2025-06-06T08:41:57+00:00","mainEntityOfPage":{"@id":"https:\/\/progettotouring.it\/radiotouring104\/2025\/06\/06\/reggio-arriva-in-anteprima-regionale-il-documentario-tra-natura-e-quota-giovanni-storti-sopravvive-alle-alpi-apuane\/"},"wordCount":573,"publisher":{"@id":"https:\/\/progettotouring.it\/radiotouring104\/#organization"},"image":{"@id":"https:\/\/progettotouring.it\/radiotouring104\/2025\/06\/06\/reggio-arriva-in-anteprima-regionale-il-documentario-tra-natura-e-quota-giovanni-storti-sopravvive-alle-alpi-apuane\/#primaryimage"},"thumbnailUrl":"https:\/\/progettotouring.it\/radiotouring104\/wp-content\/uploads\/sites\/6\/2025\/06\/Documentario-Giovanni-Storti-in-anteprima-allOdeon.jpg","keywords":["Aldo Giovanni Giacomo","anteprima regionale","CineTeatro Odeon","Club Alpino Italiano","documentario","Giovanni Storti"],"articleSection":["Home","News","Reggio Calabria"],"inLanguage":"it-IT"},{"@type":"WebPage","@id":"https:\/\/progettotouring.it\/radiotouring104\/2025\/06\/06\/reggio-arriva-in-anteprima-regionale-il-documentario-tra-natura-e-quota-giovanni-storti-sopravvive-alle-alpi-apuane\/","url":"https:\/\/progettotouring.it\/radiotouring104\/2025\/06\/06\/reggio-arriva-in-anteprima-regionale-il-documentario-tra-natura-e-quota-giovanni-storti-sopravvive-alle-alpi-apuane\/","name":"Arriva in anteprima all'Odeon il Documentario di Giovanni Storti","isPartOf":{"@id":"https:\/\/progettotouring.it\/radiotouring104\/#website"},"primaryImageOfPage":{"@id":"https:\/\/progettotouring.it\/radiotouring104\/2025\/06\/06\/reggio-arriva-in-anteprima-regionale-il-documentario-tra-natura-e-quota-giovanni-storti-sopravvive-alle-alpi-apuane\/#primaryimage"},"image":{"@id":"https:\/\/progettotouring.it\/radiotouring104\/2025\/06\/06\/reggio-arriva-in-anteprima-regionale-il-documentario-tra-natura-e-quota-giovanni-storti-sopravvive-alle-alpi-apuane\/#primaryimage"},"thumbnailUrl":"https:\/\/progettotouring.it\/radiotouring104\/wp-content\/uploads\/sites\/6\/2025\/06\/Documentario-Giovanni-Storti-in-anteprima-allOdeon.jpg","datePublished":"2025-06-06T08:40:39+00:00","dateModified":"2025-06-06T08:41:57+00:00","description":"Il Documentario del comico del noto trio Aldo Giovanni e Giacomo, sar\u00e0 trasmesso all'Odeon mercoled\u00ec 11 giugno alle 18:30","breadcrumb":{"@id":"https:\/\/progettotouring.it\/radiotouring104\/2025\/06\/06\/reggio-arriva-in-anteprima-regionale-il-documentario-tra-natura-e-quota-giovanni-storti-sopravvive-alle-alpi-apuane\/#breadcrumb"},"inLanguage":"it-IT","potentialAction":[{"@type":"ReadAction","target":["https:\/\/progettotouring.it\/radiotouring104\/2025\/06\/06\/reggio-arriva-in-anteprima-regionale-il-documentario-tra-natura-e-quota-giovanni-storti-sopravvive-alle-alpi-apuane\/"]}]},{"@type":"ImageObject","inLanguage":"it-IT","@id":"https:\/\/progettotouring.it\/radiotouring104\/2025\/06\/06\/reggio-arriva-in-anteprima-regionale-il-documentario-tra-natura-e-quota-giovanni-storti-sopravvive-alle-alpi-apuane\/#primaryimage","url":"https:\/\/progettotouring.it\/radiotouring104\/wp-content\/uploads\/sites\/6\/2025\/06\/Documentario-Giovanni-Storti-in-anteprima-allOdeon.jpg","contentUrl":"https:\/\/progettotouring.it\/radiotouring104\/wp-content\/uploads\/sites\/6\/2025\/06\/Documentario-Giovanni-Storti-in-anteprima-allOdeon.jpg","width":1600,"height":900},{"@type":"BreadcrumbList","@id":"https:\/\/progettotouring.it\/radiotouring104\/2025\/06\/06\/reggio-arriva-in-anteprima-regionale-il-documentario-tra-natura-e-quota-giovanni-storti-sopravvive-alle-alpi-apuane\/#breadcrumb","itemListElement":[{"@type":"ListItem","position":1,"name":"Home","item":"https:\/\/progettotouring.it\/radiotouring104\/"},{"@type":"ListItem","position":2,"name":"Reggio: arriva in anteprima regionale il Documentario &#8220;Tra natura e quota: Giovanni Storti sopravvive alle Alpi Apuane&#8221;\u00a0"}]},{"@type":"WebSite","@id":"https:\/\/progettotouring.it\/radiotouring104\/#website","url":"https:\/\/progettotouring.it\/radiotouring104\/","name":"Radio Touring 104","description":"La prima radio Reggina","publisher":{"@id":"https:\/\/progettotouring.it\/radiotouring104\/#organization"},"potentialAction":[{"@type":"SearchAction","target":{"@type":"EntryPoint","urlTemplate":"https:\/\/progettotouring.it\/radiotouring104\/?s={search_term_string}"},"query-input":{"@type":"PropertyValueSpecification","valueRequired":true,"valueName":"search_term_string"}}],"inLanguage":"it-IT"},{"@type":"Organization","@id":"https:\/\/progettotouring.it\/radiotouring104\/#organization","name":"Radio Touring 104","url":"https:\/\/progettotouring.it\/radiotouring104\/","logo":{"@type":"ImageObject","inLanguage":"it-IT","@id":"https:\/\/progettotouring.it\/radiotouring104\/#\/schema\/logo\/image\/","url":"https:\/\/progettotouring.it\/radiotouring104\/wp-content\/uploads\/sites\/6\/2022\/02\/cropped-logo-radio-touring-104.png","contentUrl":"https:\/\/progettotouring.it\/radiotouring104\/wp-content\/uploads\/sites\/6\/2022\/02\/cropped-logo-radio-touring-104.png","width":377,"height":182,"caption":"Radio Touring 104"},"image":{"@id":"https:\/\/progettotouring.it\/radiotouring104\/#\/schema\/logo\/image\/"}},{"@type":"Person","@id":"https:\/\/progettotouring.it\/radiotouring104\/#\/schema\/person\/78613917f1851f041f7483f5af1d422e","name":"Sebastiano Plutino","image":{"@type":"ImageObject","inLanguage":"it-IT","@id":"https:\/\/secure.gravatar.com\/avatar\/0546ffaa9b79224faf9f2a156b67a529ae861d3287c66c1d8ccfdf909bcba78d?s=96&d=mm&r=g","url":"https:\/\/secure.gravatar.com\/avatar\/0546ffaa9b79224faf9f2a156b67a529ae861d3287c66c1d8ccfdf909bcba78d?s=96&d=mm&r=g","contentUrl":"https:\/\/secure.gravatar.com\/avatar\/0546ffaa9b79224faf9f2a156b67a529ae861d3287c66c1d8ccfdf909bcba78d?s=96&d=mm&r=g","caption":"Sebastiano Plutino"},"url":"https:\/\/progettotouring.it\/radiotouring104\/author\/sebastiano\/"}]}},"jetpack_publicize_connections":[],"jetpack_featured_media_url":"https:\/\/progettotouring.it\/radiotouring104\/wp-content\/uploads\/sites\/6\/2025\/06\/Documentario-Giovanni-Storti-in-anteprima-allOdeon.jpg","jetpack_sharing_enabled":true,"_links":{"self":[{"href":"https:\/\/progettotouring.it\/radiotouring104\/wp-json\/wp\/v2\/posts\/75346","targetHints":{"allow":["GET"]}}],"collection":[{"href":"https:\/\/progettotouring.it\/radiotouring104\/wp-json\/wp\/v2\/posts"}],"about":[{"href":"https:\/\/progettotouring.it\/radiotouring104\/wp-json\/wp\/v2\/types\/post"}],"author":[{"embeddable":true,"href":"https:\/\/progettotouring.it\/radiotouring104\/wp-json\/wp\/v2\/users\/12"}],"replies":[{"embeddable":true,"href":"https:\/\/progettotouring.it\/radiotouring104\/wp-json\/wp\/v2\/comments?post=75346"}],"version-history":[{"count":2,"href":"https:\/\/progettotouring.it\/radiotouring104\/wp-json\/wp\/v2\/posts\/75346\/revisions"}],"predecessor-version":[{"id":75352,"href":"https:\/\/progettotouring.it\/radiotouring104\/wp-json\/wp\/v2\/posts\/75346\/revisions\/75352"}],"wp:featuredmedia":[{"embeddable":true,"href":"https:\/\/progettotouring.it\/radiotouring104\/wp-json\/wp\/v2\/media\/75350"}],"wp:attachment":[{"href":"https:\/\/progettotouring.it\/radiotouring104\/wp-json\/wp\/v2\/media?parent=75346"}],"wp:term":[{"taxonomy":"category","embeddable":true,"href":"https:\/\/progettotouring.it\/radiotouring104\/wp-json\/wp\/v2\/categories?post=75346"},{"taxonomy":"post_tag","embeddable":true,"href":"https:\/\/progettotouring.it\/radiotouring104\/wp-json\/wp\/v2\/tags?post=75346"}],"curies":[{"name":"wp","href":"https:\/\/api.w.org\/{rel}","templated":true}]}}