{"id":75740,"date":"2025-06-12T10:36:54","date_gmt":"2025-06-12T08:36:54","guid":{"rendered":"https:\/\/progettotouring.it\/radiotouring104\/?p=75740"},"modified":"2025-06-12T10:36:54","modified_gmt":"2025-06-12T08:36:54","slug":"occhiuto-indagato-solidarieta-di-gentile-e-giannetta","status":"publish","type":"post","link":"https:\/\/progettotouring.it\/radiotouring104\/2025\/06\/12\/occhiuto-indagato-solidarieta-di-gentile-e-giannetta\/","title":{"rendered":"Occhiuto indagato: solidariet\u00e0 di Gentile e Giannetta"},"content":{"rendered":"<p><strong>L&#8217;Onorevole Andrea Gentile<\/strong> ed il Consigliere Regionale <strong>Domenico Giannetta,<\/strong> entrambi di Forza Italia, esprimono <strong>solidariet\u00e0 al Presidente<\/strong> della Regione Calabria,<strong> Roberto Occhiuto,<\/strong> dopo che lo stesso Governatore ha annunciato, via social, d&#8217;aver <strong>ricevuto un avviso di garanzia,<\/strong> nel quale \u00e8 <strong>accusato di corruzione.\u00a0<\/strong><\/p>\n<p>&#8220;Conosco Roberto Occhiuto da tanti anni. \u00c8 una persona perbene, corretta, un uomo delle istituzioni che ha sempre agito con trasparenza e responsabilit\u00e0. Non ho alcun dubbio sulla sua estraneit\u00e0 ai fatti contestati. Sono certo che uscir\u00e0 da questa vicenda a testa alta, con la dignit\u00e0 che lo contraddistingue e che da sempre lo accompagna nel suo percorso politico e umano. A lui va la mia pi\u00f9 sincera vicinanza e solidariet\u00e0, sul piano personale e politico. Forza Roberto!&#8221;, <strong>scrive,<\/strong> in una nota, <strong>l&#8217;On. Andrea Gentile.<\/strong><\/p>\n<p>&nbsp;<\/p>\n<h3><\/h3>\n<h3>La solidariet\u00e0 del Consigliere regionale Giannetta: &#8220;Con Occhiuto senza s\u00e8 e senza ma&#8221;<\/h3>\n<p class=\"xmprfx_p1\"><em><span class=\"xmprfx_s1\">\u201cAssociare la parola corruzione al nome di Roberto Occhiuto \u00e8 una contraddizione in termini. Conosco bene con quale rigore morale conduca il proprio mandato. Pondera ogni azione nel rispetto assoluto della legge e delle istituzioni. E nel rispetto delle persone. <\/span><\/em><span class=\"xmprfx_s1\"><em>E\u2019 cos\u00ec nella vita. \u00c9 cos\u00ec in politica<\/em>.&#8221;,<strong> scrive<\/strong>, in una nota,<strong> il Consigliere Regionale di Forza Italia, Domenico Giannetta.<\/strong><\/span><\/p>\n<p class=\"xmprfx_p1\"><em><span class=\"xmprfx_s1\">&#8220;Roberto Occhiuto non tradirebbe se stesso e la fiducia delle persone per nessun motivo.\u00a0 <\/span><\/em><span class=\"xmprfx_s1\"><em>La sua etica, la sua trasparenza e linearit\u00e0<strong> &#8211;<\/strong><\/em><strong> continua Giannetta &#8211;<\/strong><em> sono un esempio lampante di come si possa fare politica nella totale correttezza. E ottenere grandi risultati nel rigore pi\u00f9 assoluto. <\/em><\/span><em><span class=\"xmprfx_s1\">Occhiuto, tra le tante cose, sta dimostrando anche questo. Che si pu\u00f2 governare anche una regione difficile restando fedeli a se stessi, ai propri principi e valori.\u00a0 <\/span><\/em><span class=\"xmprfx_s1\"><em>Sta conducendo un percorso senza eguali<strong> &#8211;<\/strong><\/em><strong>prosegue Giannetta<\/strong>&#8211;<em> lavorando senza fermarsi un attimo. Sacrificando tutto. A volte anche la salute. E grazie a Roberto Occhiuto la Calabria sta vivendo una delle pagine pi\u00f9 belle della sua storia.\u00a0<\/em><\/span><\/p>\n<p class=\"xmprfx_p1\"><em><span class=\"xmprfx_s1\">\u00c9 un momento di delusione di amarezza. Ma passer\u00e0 prestissimo. Nessuno riuscir\u00e0 a mettere in discussione la sua integrit\u00e0.\u00a0 <\/span><\/em><span class=\"xmprfx_s1\"><em>Roberto, sono accanto a te. Siamo accanto a te tutta la Calabria \u00e8 con te. Senza se, senza ma<\/em>\u201d, <strong>conclude Giannetta.<\/strong><\/span><\/p>\n<p>&nbsp;<\/p>\n<p>&nbsp;<\/p>\n","protected":false},"excerpt":{"rendered":"<p>L&#8217;Onorevole Andrea Gentile ed il Consigliere Regionale Domenico Giannetta, entrambi di Forza Italia, esprimono solidariet\u00e0 al Presidente della Regione Calabria, Roberto Occhiuto, dopo che lo stesso Governatore ha annunciato, via&hellip;<\/p>\n","protected":false},"author":12,"featured_media":75741,"comment_status":"closed","ping_status":"open","sticky":false,"template":"","format":"standard","meta":{"_jetpack_memberships_contains_paid_content":false,"footnotes":"","jetpack_publicize_message":"","jetpack_publicize_feature_enabled":true,"jetpack_social_post_already_shared":true,"jetpack_social_options":{"image_generator_settings":{"template":"highway","default_image_id":0,"font":"","enabled":false},"version":2}},"categories":[142,921,196],"tags":[44592,1431,2074,44569,597],"class_list":["post-75740","post","type-post","status-publish","format-standard","has-post-thumbnail","hentry","category-calabria","category-home","category-news","tag-accusa-di-corruzione","tag-andrea-gentile","tag-domenico-giannetta","tag-occhiuto-indagato","tag-solidarieta"],"yoast_head":"<!-- This site is optimized with the Yoast SEO plugin v27.2 - https:\/\/yoast.com\/product\/yoast-seo-wordpress\/ -->\n<title>Occhiuto indagato: solidariet\u00e0 di Gentile e Giannetta - Radio Touring 104<\/title>\n<meta name=\"description\" content=\"L&#039;Onorevole ed il Consigliere Regionale di Forza Italia esprimono solidariet\u00e0 al Presidente Occhiuto, ricevente d&#039;un avviso di garanzia\" \/>\n<meta name=\"robots\" content=\"index, follow, max-snippet:-1, max-image-preview:large, max-video-preview:-1\" \/>\n<link rel=\"canonical\" href=\"https:\/\/progettotouring.it\/radiotouring104\/2025\/06\/12\/occhiuto-indagato-solidarieta-di-gentile-e-giannetta\/\" \/>\n<meta property=\"og:locale\" content=\"it_IT\" \/>\n<meta property=\"og:type\" content=\"article\" \/>\n<meta property=\"og:title\" content=\"Occhiuto indagato: solidariet\u00e0 di Gentile e Giannetta - Radio Touring 104\" \/>\n<meta property=\"og:description\" content=\"L&#039;Onorevole ed il Consigliere Regionale di Forza Italia esprimono solidariet\u00e0 al Presidente Occhiuto, ricevente d&#039;un avviso di garanzia\" \/>\n<meta property=\"og:url\" content=\"https:\/\/progettotouring.it\/radiotouring104\/2025\/06\/12\/occhiuto-indagato-solidarieta-di-gentile-e-giannetta\/\" \/>\n<meta property=\"og:site_name\" content=\"Radio Touring 104\" \/>\n<meta property=\"article:published_time\" content=\"2025-06-12T08:36:54+00:00\" \/>\n<meta property=\"og:image\" content=\"https:\/\/progettotouring.it\/radiotouring104\/wp-content\/uploads\/sites\/6\/2025\/06\/Domenico-Giannetta-Roberto-Occhiuto-rotated.jpeg\" \/>\n\t<meta property=\"og:image:width\" content=\"480\" \/>\n\t<meta property=\"og:image:height\" content=\"640\" \/>\n\t<meta property=\"og:image:type\" content=\"image\/jpeg\" \/>\n<meta name=\"author\" content=\"Sebastiano Plutino\" \/>\n<meta name=\"twitter:card\" content=\"summary_large_image\" \/>\n<meta name=\"twitter:label1\" content=\"Scritto da\" \/>\n\t<meta name=\"twitter:data1\" content=\"Sebastiano Plutino\" \/>\n\t<meta name=\"twitter:label2\" content=\"Tempo di lettura stimato\" \/>\n\t<meta name=\"twitter:data2\" content=\"2 minuti\" \/>\n<script type=\"application\/ld+json\" class=\"yoast-schema-graph\">{\"@context\":\"https:\/\/schema.org\",\"@graph\":[{\"@type\":\"Article\",\"@id\":\"https:\/\/progettotouring.it\/radiotouring104\/2025\/06\/12\/occhiuto-indagato-solidarieta-di-gentile-e-giannetta\/#article\",\"isPartOf\":{\"@id\":\"https:\/\/progettotouring.it\/radiotouring104\/2025\/06\/12\/occhiuto-indagato-solidarieta-di-gentile-e-giannetta\/\"},\"author\":{\"name\":\"Sebastiano Plutino\",\"@id\":\"https:\/\/progettotouring.it\/radiotouring104\/#\/schema\/person\/78613917f1851f041f7483f5af1d422e\"},\"headline\":\"Occhiuto indagato: solidariet\u00e0 di Gentile e Giannetta\",\"datePublished\":\"2025-06-12T08:36:54+00:00\",\"mainEntityOfPage\":{\"@id\":\"https:\/\/progettotouring.it\/radiotouring104\/2025\/06\/12\/occhiuto-indagato-solidarieta-di-gentile-e-giannetta\/\"},\"wordCount\":357,\"publisher\":{\"@id\":\"https:\/\/progettotouring.it\/radiotouring104\/#organization\"},\"image\":{\"@id\":\"https:\/\/progettotouring.it\/radiotouring104\/2025\/06\/12\/occhiuto-indagato-solidarieta-di-gentile-e-giannetta\/#primaryimage\"},\"thumbnailUrl\":\"https:\/\/progettotouring.it\/radiotouring104\/wp-content\/uploads\/sites\/6\/2025\/06\/Domenico-Giannetta-Roberto-Occhiuto-rotated.jpeg\",\"keywords\":[\"accusa di corruzione\",\"Andrea Gentile\",\"domenico giannetta\",\"Occhiuto indagato\",\"solidariet\u00e0\"],\"articleSection\":[\"Calabria\",\"Home\",\"News\"],\"inLanguage\":\"it-IT\"},{\"@type\":\"WebPage\",\"@id\":\"https:\/\/progettotouring.it\/radiotouring104\/2025\/06\/12\/occhiuto-indagato-solidarieta-di-gentile-e-giannetta\/\",\"url\":\"https:\/\/progettotouring.it\/radiotouring104\/2025\/06\/12\/occhiuto-indagato-solidarieta-di-gentile-e-giannetta\/\",\"name\":\"Occhiuto indagato: solidariet\u00e0 di Gentile e Giannetta - Radio Touring 104\",\"isPartOf\":{\"@id\":\"https:\/\/progettotouring.it\/radiotouring104\/#website\"},\"primaryImageOfPage\":{\"@id\":\"https:\/\/progettotouring.it\/radiotouring104\/2025\/06\/12\/occhiuto-indagato-solidarieta-di-gentile-e-giannetta\/#primaryimage\"},\"image\":{\"@id\":\"https:\/\/progettotouring.it\/radiotouring104\/2025\/06\/12\/occhiuto-indagato-solidarieta-di-gentile-e-giannetta\/#primaryimage\"},\"thumbnailUrl\":\"https:\/\/progettotouring.it\/radiotouring104\/wp-content\/uploads\/sites\/6\/2025\/06\/Domenico-Giannetta-Roberto-Occhiuto-rotated.jpeg\",\"datePublished\":\"2025-06-12T08:36:54+00:00\",\"description\":\"L'Onorevole ed il Consigliere Regionale di Forza Italia esprimono solidariet\u00e0 al Presidente Occhiuto, ricevente d'un avviso di garanzia\",\"breadcrumb\":{\"@id\":\"https:\/\/progettotouring.it\/radiotouring104\/2025\/06\/12\/occhiuto-indagato-solidarieta-di-gentile-e-giannetta\/#breadcrumb\"},\"inLanguage\":\"it-IT\",\"potentialAction\":[{\"@type\":\"ReadAction\",\"target\":[\"https:\/\/progettotouring.it\/radiotouring104\/2025\/06\/12\/occhiuto-indagato-solidarieta-di-gentile-e-giannetta\/\"]}]},{\"@type\":\"ImageObject\",\"inLanguage\":\"it-IT\",\"@id\":\"https:\/\/progettotouring.it\/radiotouring104\/2025\/06\/12\/occhiuto-indagato-solidarieta-di-gentile-e-giannetta\/#primaryimage\",\"url\":\"https:\/\/progettotouring.it\/radiotouring104\/wp-content\/uploads\/sites\/6\/2025\/06\/Domenico-Giannetta-Roberto-Occhiuto-rotated.jpeg\",\"contentUrl\":\"https:\/\/progettotouring.it\/radiotouring104\/wp-content\/uploads\/sites\/6\/2025\/06\/Domenico-Giannetta-Roberto-Occhiuto-rotated.jpeg\",\"width\":480,\"height\":640},{\"@type\":\"BreadcrumbList\",\"@id\":\"https:\/\/progettotouring.it\/radiotouring104\/2025\/06\/12\/occhiuto-indagato-solidarieta-di-gentile-e-giannetta\/#breadcrumb\",\"itemListElement\":[{\"@type\":\"ListItem\",\"position\":1,\"name\":\"Home\",\"item\":\"https:\/\/progettotouring.it\/radiotouring104\/\"},{\"@type\":\"ListItem\",\"position\":2,\"name\":\"Occhiuto indagato: solidariet\u00e0 di Gentile e Giannetta\"}]},{\"@type\":\"WebSite\",\"@id\":\"https:\/\/progettotouring.it\/radiotouring104\/#website\",\"url\":\"https:\/\/progettotouring.it\/radiotouring104\/\",\"name\":\"Radio Touring 104\",\"description\":\"La prima radio Reggina\",\"publisher\":{\"@id\":\"https:\/\/progettotouring.it\/radiotouring104\/#organization\"},\"potentialAction\":[{\"@type\":\"SearchAction\",\"target\":{\"@type\":\"EntryPoint\",\"urlTemplate\":\"https:\/\/progettotouring.it\/radiotouring104\/?s={search_term_string}\"},\"query-input\":{\"@type\":\"PropertyValueSpecification\",\"valueRequired\":true,\"valueName\":\"search_term_string\"}}],\"inLanguage\":\"it-IT\"},{\"@type\":\"Organization\",\"@id\":\"https:\/\/progettotouring.it\/radiotouring104\/#organization\",\"name\":\"Radio Touring 104\",\"url\":\"https:\/\/progettotouring.it\/radiotouring104\/\",\"logo\":{\"@type\":\"ImageObject\",\"inLanguage\":\"it-IT\",\"@id\":\"https:\/\/progettotouring.it\/radiotouring104\/#\/schema\/logo\/image\/\",\"url\":\"https:\/\/progettotouring.it\/radiotouring104\/wp-content\/uploads\/sites\/6\/2022\/02\/cropped-logo-radio-touring-104.png\",\"contentUrl\":\"https:\/\/progettotouring.it\/radiotouring104\/wp-content\/uploads\/sites\/6\/2022\/02\/cropped-logo-radio-touring-104.png\",\"width\":377,\"height\":182,\"caption\":\"Radio Touring 104\"},\"image\":{\"@id\":\"https:\/\/progettotouring.it\/radiotouring104\/#\/schema\/logo\/image\/\"}},{\"@type\":\"Person\",\"@id\":\"https:\/\/progettotouring.it\/radiotouring104\/#\/schema\/person\/78613917f1851f041f7483f5af1d422e\",\"name\":\"Sebastiano Plutino\",\"image\":{\"@type\":\"ImageObject\",\"inLanguage\":\"it-IT\",\"@id\":\"https:\/\/secure.gravatar.com\/avatar\/0546ffaa9b79224faf9f2a156b67a529ae861d3287c66c1d8ccfdf909bcba78d?s=96&d=mm&r=g\",\"url\":\"https:\/\/secure.gravatar.com\/avatar\/0546ffaa9b79224faf9f2a156b67a529ae861d3287c66c1d8ccfdf909bcba78d?s=96&d=mm&r=g\",\"contentUrl\":\"https:\/\/secure.gravatar.com\/avatar\/0546ffaa9b79224faf9f2a156b67a529ae861d3287c66c1d8ccfdf909bcba78d?s=96&d=mm&r=g\",\"caption\":\"Sebastiano Plutino\"},\"url\":\"https:\/\/progettotouring.it\/radiotouring104\/author\/sebastiano\/\"}]}<\/script>\n<!-- \/ Yoast SEO plugin. -->","yoast_head_json":{"title":"Occhiuto indagato: solidariet\u00e0 di Gentile e Giannetta - Radio Touring 104","description":"L'Onorevole ed il Consigliere Regionale di Forza Italia esprimono solidariet\u00e0 al Presidente Occhiuto, ricevente d'un avviso di garanzia","robots":{"index":"index","follow":"follow","max-snippet":"max-snippet:-1","max-image-preview":"max-image-preview:large","max-video-preview":"max-video-preview:-1"},"canonical":"https:\/\/progettotouring.it\/radiotouring104\/2025\/06\/12\/occhiuto-indagato-solidarieta-di-gentile-e-giannetta\/","og_locale":"it_IT","og_type":"article","og_title":"Occhiuto indagato: solidariet\u00e0 di Gentile e Giannetta - Radio Touring 104","og_description":"L'Onorevole ed il Consigliere Regionale di Forza Italia esprimono solidariet\u00e0 al Presidente Occhiuto, ricevente d'un avviso di garanzia","og_url":"https:\/\/progettotouring.it\/radiotouring104\/2025\/06\/12\/occhiuto-indagato-solidarieta-di-gentile-e-giannetta\/","og_site_name":"Radio Touring 104","article_published_time":"2025-06-12T08:36:54+00:00","og_image":[{"width":480,"height":640,"url":"https:\/\/progettotouring.it\/radiotouring104\/wp-content\/uploads\/sites\/6\/2025\/06\/Domenico-Giannetta-Roberto-Occhiuto-rotated.jpeg","type":"image\/jpeg"}],"author":"Sebastiano Plutino","twitter_card":"summary_large_image","twitter_misc":{"Scritto da":"Sebastiano Plutino","Tempo di lettura stimato":"2 minuti"},"schema":{"@context":"https:\/\/schema.org","@graph":[{"@type":"Article","@id":"https:\/\/progettotouring.it\/radiotouring104\/2025\/06\/12\/occhiuto-indagato-solidarieta-di-gentile-e-giannetta\/#article","isPartOf":{"@id":"https:\/\/progettotouring.it\/radiotouring104\/2025\/06\/12\/occhiuto-indagato-solidarieta-di-gentile-e-giannetta\/"},"author":{"name":"Sebastiano Plutino","@id":"https:\/\/progettotouring.it\/radiotouring104\/#\/schema\/person\/78613917f1851f041f7483f5af1d422e"},"headline":"Occhiuto indagato: solidariet\u00e0 di Gentile e Giannetta","datePublished":"2025-06-12T08:36:54+00:00","mainEntityOfPage":{"@id":"https:\/\/progettotouring.it\/radiotouring104\/2025\/06\/12\/occhiuto-indagato-solidarieta-di-gentile-e-giannetta\/"},"wordCount":357,"publisher":{"@id":"https:\/\/progettotouring.it\/radiotouring104\/#organization"},"image":{"@id":"https:\/\/progettotouring.it\/radiotouring104\/2025\/06\/12\/occhiuto-indagato-solidarieta-di-gentile-e-giannetta\/#primaryimage"},"thumbnailUrl":"https:\/\/progettotouring.it\/radiotouring104\/wp-content\/uploads\/sites\/6\/2025\/06\/Domenico-Giannetta-Roberto-Occhiuto-rotated.jpeg","keywords":["accusa di corruzione","Andrea Gentile","domenico giannetta","Occhiuto indagato","solidariet\u00e0"],"articleSection":["Calabria","Home","News"],"inLanguage":"it-IT"},{"@type":"WebPage","@id":"https:\/\/progettotouring.it\/radiotouring104\/2025\/06\/12\/occhiuto-indagato-solidarieta-di-gentile-e-giannetta\/","url":"https:\/\/progettotouring.it\/radiotouring104\/2025\/06\/12\/occhiuto-indagato-solidarieta-di-gentile-e-giannetta\/","name":"Occhiuto indagato: solidariet\u00e0 di Gentile e Giannetta - Radio Touring 104","isPartOf":{"@id":"https:\/\/progettotouring.it\/radiotouring104\/#website"},"primaryImageOfPage":{"@id":"https:\/\/progettotouring.it\/radiotouring104\/2025\/06\/12\/occhiuto-indagato-solidarieta-di-gentile-e-giannetta\/#primaryimage"},"image":{"@id":"https:\/\/progettotouring.it\/radiotouring104\/2025\/06\/12\/occhiuto-indagato-solidarieta-di-gentile-e-giannetta\/#primaryimage"},"thumbnailUrl":"https:\/\/progettotouring.it\/radiotouring104\/wp-content\/uploads\/sites\/6\/2025\/06\/Domenico-Giannetta-Roberto-Occhiuto-rotated.jpeg","datePublished":"2025-06-12T08:36:54+00:00","description":"L'Onorevole ed il Consigliere Regionale di Forza Italia esprimono solidariet\u00e0 al Presidente Occhiuto, ricevente d'un avviso di garanzia","breadcrumb":{"@id":"https:\/\/progettotouring.it\/radiotouring104\/2025\/06\/12\/occhiuto-indagato-solidarieta-di-gentile-e-giannetta\/#breadcrumb"},"inLanguage":"it-IT","potentialAction":[{"@type":"ReadAction","target":["https:\/\/progettotouring.it\/radiotouring104\/2025\/06\/12\/occhiuto-indagato-solidarieta-di-gentile-e-giannetta\/"]}]},{"@type":"ImageObject","inLanguage":"it-IT","@id":"https:\/\/progettotouring.it\/radiotouring104\/2025\/06\/12\/occhiuto-indagato-solidarieta-di-gentile-e-giannetta\/#primaryimage","url":"https:\/\/progettotouring.it\/radiotouring104\/wp-content\/uploads\/sites\/6\/2025\/06\/Domenico-Giannetta-Roberto-Occhiuto-rotated.jpeg","contentUrl":"https:\/\/progettotouring.it\/radiotouring104\/wp-content\/uploads\/sites\/6\/2025\/06\/Domenico-Giannetta-Roberto-Occhiuto-rotated.jpeg","width":480,"height":640},{"@type":"BreadcrumbList","@id":"https:\/\/progettotouring.it\/radiotouring104\/2025\/06\/12\/occhiuto-indagato-solidarieta-di-gentile-e-giannetta\/#breadcrumb","itemListElement":[{"@type":"ListItem","position":1,"name":"Home","item":"https:\/\/progettotouring.it\/radiotouring104\/"},{"@type":"ListItem","position":2,"name":"Occhiuto indagato: solidariet\u00e0 di Gentile e Giannetta"}]},{"@type":"WebSite","@id":"https:\/\/progettotouring.it\/radiotouring104\/#website","url":"https:\/\/progettotouring.it\/radiotouring104\/","name":"Radio Touring 104","description":"La prima radio Reggina","publisher":{"@id":"https:\/\/progettotouring.it\/radiotouring104\/#organization"},"potentialAction":[{"@type":"SearchAction","target":{"@type":"EntryPoint","urlTemplate":"https:\/\/progettotouring.it\/radiotouring104\/?s={search_term_string}"},"query-input":{"@type":"PropertyValueSpecification","valueRequired":true,"valueName":"search_term_string"}}],"inLanguage":"it-IT"},{"@type":"Organization","@id":"https:\/\/progettotouring.it\/radiotouring104\/#organization","name":"Radio Touring 104","url":"https:\/\/progettotouring.it\/radiotouring104\/","logo":{"@type":"ImageObject","inLanguage":"it-IT","@id":"https:\/\/progettotouring.it\/radiotouring104\/#\/schema\/logo\/image\/","url":"https:\/\/progettotouring.it\/radiotouring104\/wp-content\/uploads\/sites\/6\/2022\/02\/cropped-logo-radio-touring-104.png","contentUrl":"https:\/\/progettotouring.it\/radiotouring104\/wp-content\/uploads\/sites\/6\/2022\/02\/cropped-logo-radio-touring-104.png","width":377,"height":182,"caption":"Radio Touring 104"},"image":{"@id":"https:\/\/progettotouring.it\/radiotouring104\/#\/schema\/logo\/image\/"}},{"@type":"Person","@id":"https:\/\/progettotouring.it\/radiotouring104\/#\/schema\/person\/78613917f1851f041f7483f5af1d422e","name":"Sebastiano Plutino","image":{"@type":"ImageObject","inLanguage":"it-IT","@id":"https:\/\/secure.gravatar.com\/avatar\/0546ffaa9b79224faf9f2a156b67a529ae861d3287c66c1d8ccfdf909bcba78d?s=96&d=mm&r=g","url":"https:\/\/secure.gravatar.com\/avatar\/0546ffaa9b79224faf9f2a156b67a529ae861d3287c66c1d8ccfdf909bcba78d?s=96&d=mm&r=g","contentUrl":"https:\/\/secure.gravatar.com\/avatar\/0546ffaa9b79224faf9f2a156b67a529ae861d3287c66c1d8ccfdf909bcba78d?s=96&d=mm&r=g","caption":"Sebastiano Plutino"},"url":"https:\/\/progettotouring.it\/radiotouring104\/author\/sebastiano\/"}]}},"jetpack_publicize_connections":[],"jetpack_featured_media_url":"https:\/\/progettotouring.it\/radiotouring104\/wp-content\/uploads\/sites\/6\/2025\/06\/Domenico-Giannetta-Roberto-Occhiuto-rotated.jpeg","jetpack_sharing_enabled":true,"_links":{"self":[{"href":"https:\/\/progettotouring.it\/radiotouring104\/wp-json\/wp\/v2\/posts\/75740","targetHints":{"allow":["GET"]}}],"collection":[{"href":"https:\/\/progettotouring.it\/radiotouring104\/wp-json\/wp\/v2\/posts"}],"about":[{"href":"https:\/\/progettotouring.it\/radiotouring104\/wp-json\/wp\/v2\/types\/post"}],"author":[{"embeddable":true,"href":"https:\/\/progettotouring.it\/radiotouring104\/wp-json\/wp\/v2\/users\/12"}],"replies":[{"embeddable":true,"href":"https:\/\/progettotouring.it\/radiotouring104\/wp-json\/wp\/v2\/comments?post=75740"}],"version-history":[{"count":1,"href":"https:\/\/progettotouring.it\/radiotouring104\/wp-json\/wp\/v2\/posts\/75740\/revisions"}],"predecessor-version":[{"id":75742,"href":"https:\/\/progettotouring.it\/radiotouring104\/wp-json\/wp\/v2\/posts\/75740\/revisions\/75742"}],"wp:featuredmedia":[{"embeddable":true,"href":"https:\/\/progettotouring.it\/radiotouring104\/wp-json\/wp\/v2\/media\/75741"}],"wp:attachment":[{"href":"https:\/\/progettotouring.it\/radiotouring104\/wp-json\/wp\/v2\/media?parent=75740"}],"wp:term":[{"taxonomy":"category","embeddable":true,"href":"https:\/\/progettotouring.it\/radiotouring104\/wp-json\/wp\/v2\/categories?post=75740"},{"taxonomy":"post_tag","embeddable":true,"href":"https:\/\/progettotouring.it\/radiotouring104\/wp-json\/wp\/v2\/tags?post=75740"}],"curies":[{"name":"wp","href":"https:\/\/api.w.org\/{rel}","templated":true}]}}