{"id":7623,"date":"2022-07-06T17:24:45","date_gmt":"2022-07-06T15:24:45","guid":{"rendered":"https:\/\/progettotouring.it\/radiotouring104\/?p=7623"},"modified":"2022-07-06T19:10:35","modified_gmt":"2022-07-06T17:10:35","slug":"finali-nazionali-fgi-ottimi-piazzamenti-per-le-ginnaste-della-asd-reggio-ritmica","status":"publish","type":"post","link":"https:\/\/progettotouring.it\/radiotouring104\/2022\/07\/06\/finali-nazionali-fgi-ottimi-piazzamenti-per-le-ginnaste-della-asd-reggio-ritmica\/","title":{"rendered":"Finali Nazionali FGI \u2013 ottimi piazzamenti per le ginnaste della ASD REGGIO RITMICA"},"content":{"rendered":"<p>Le ginnaste della ASD REGGIO RITMICA, con soli nove mesi dall&#8217;inizio della loro attivit\u00e0 agonistica scalano le classifiche Italiane, posizionandosi sui gradini pi\u00f9 alti del podio e tra le TOP 20 nelle rispettive competizioni a cui hanno preso parte.<\/p>\n<p><em>\u201cOttimi piazzamenti e lodevoli prestazioni per tutte le atlete del team impegnate nel campionato nazionale indetto dalla federazione ginnastica d\u2019Italia.\u201d<\/em><\/p>\n<p>Di seguito i piazzamenti:<\/p>\n<p>Nella competizione del \u201c<em>Sincrogym\u201d <\/em>\u2013 collettivo combinato con attrezzi \u2013 \u00e8 podio per la squadra composta da:<\/p>\n<p>Iacopino Carlotta<\/p>\n<p>Pep\u00e8 Ludovica<\/p>\n<p>Romeo Sylvie<\/p>\n<p>Vitetta Viola<\/p>\n<p>Mollica Aurelia<\/p>\n<p>Che, con il punteggio di 17.500 conquistano una medaglia di bronzo, distaccando nettamente il resto delle atlete presenti rimaste dietro in classifica.<\/p>\n<p>Per il \u201c<em>Gymgiocando<\/em>\u201d collettivi e percorsi, le piccole atlete classe 2015\/2016 conquistano l\u2019argento nazionale: \u00e8 doppio titolo italiano per le squadre composte da:<\/p>\n<p>Baldari Desiree<\/p>\n<p>Candido Mayla<\/p>\n<p>Caponera Andrea<\/p>\n<p>Denaro Aurora<\/p>\n<p>Fazzari Beatrice<\/p>\n<p>Finocchiaro Rita<\/p>\n<p>Pitasi Sara<\/p>\n<p>Prester\u00e0 Marta<\/p>\n<p>Villani Conti Sofia.<\/p>\n<p>Ancora, le giovanissime atlete sopra citate, nonostante la tenera et\u00e0 si impongono da veterane al campionato Nazionale, durante le attivit\u00e0 individuali laureandosi campionesse Nazionali, durante le attivit\u00e0 della \u201cPREAGONISTICA-SEZIONE GR INDIVIDUALI\u201d<\/p>\n<p>Oro italiano alla palla durante le competizioni del Promogym individuale per l\u2019atleta Russo Francesca Rita che, si laurea campionessa nazionale ASSOLUTA, dopo solo quattro mesi di attivit\u00e0.<\/p>\n<p>Bene anche per le atlete Bova e Arcorace che ben figurano nel medesimo campionato posizionandosi rispettivamente al quarto e sesto posto.<\/p>\n<p>Il lavoro \u201cminuzioso e certosino\u201d condotto dalla responsabile tecnica Dott.ssa Benedetta Lombardi (Tecnico Federale IIILIV ed UDG IILIV FGI) e dalle tecniche Caterina Orsino e Marta Cherubino, unitamente allo STAFF tutto, ha permesso alle atlete della SEZ. agonistica SILVER di ginnastica ritmica di piazzarsi nella \u201c<em>TOP 20\u201d d\u2019Italia<\/em> esordiendo al loro primo campionato Nazionale, sia nel \u201cCampionato individuale silver di ginnastica ritmica\u201d, sia nel \u201ccampionato d\u2019insieme GR\u201d.<\/p>\n<p>Nel campionato silver GR: AA<\/p>\n<p>Calabrese Giorgia Pia, classe 2010<\/p>\n<p>Iacopino Carlotta, classe 2014<\/p>\n<p>Mollica Aurelia, classe 2012<\/p>\n<p>Pep\u00e8 Ludovica, classe 2012<\/p>\n<p>Romeo Sylvie, classe 2011<\/p>\n<p>Tassone Fatima, classe 2006<\/p>\n<p>Vitetta Viola, classe 2013<\/p>\n<p>Sempre nella \u201cTOP 20\u201d d\u2019Italia nel \u201ccampionato d\u2019insieme silver gr\u201d:<\/p>\n<p>Per la categoria OPEN, le ginnaste:<\/p>\n<p>Calabrese-Tassone<\/p>\n<p>Per la categoria allieve, le ginnaste:<\/p>\n<p>Iacopino-Vitetta<\/p>\n<p>Pep\u00e8-Romeo<\/p>\n<p>\u201cConquistare ottimi piazzamenti ed aver condotto una gara pulita esecutivamente, dopo soli pochi mesi di lavoro, riconosce a pieno titolo la futuribilit\u00e0 delle atlete selezionate e scelte a far parte del team agonistico e del vivaio preagonistico\u201d. Conclude la Lombardi.<\/p>\n<p>La Presidente, Dott.ssa Grazia Palermo, infine, si ritiene pienamente soddisfatta della tenuta di gara di tutte le atlete, soprattutto le \u201cSILVER\u201d, che hanno disputato qualificazioni e finali nelle medesime giornate.<\/p>\n<p>\u201cLe bambine e le ragazze hanno saputo mantenere la concentrazione e l\u2019emozione non ha giocato brutti scherzi permettendo cos\u00ec di ottenere ottimi livelli durante le performances eseguite\u201d.<\/p>\n<p>Ed ancora, aggiunge: \u201cIl tutto \u00e8 frutto di un investimento di ideali, valori ed azioni, condiviso assieme alla Dott.ssa Sara Lo Presti ed al Dott. Luigi Maria Di Bernardo, i quali, sostenendo a pieno titolo l\u2019attivit\u00e0 sportiva agonistica giovanile, hanno permesso alle atlete di raggiungere il massimo fin qui auspicato. Nello sport, \u201cfare rete\u201d \u00e8 la prima cosa, ed al <em>Palasport Botteghelle<\/em> si respira aria di casa\u201d.<\/p>\n","protected":false},"excerpt":{"rendered":"<p>Le ginnaste della ASD REGGIO RITMICA, con soli nove mesi dall&#8217;inizio della loro attivit\u00e0 agonistica scalano le classifiche Italiane, posizionandosi sui gradini pi\u00f9 alti del podio e tra le TOP&hellip;<\/p>\n","protected":false},"author":9,"featured_media":7625,"comment_status":"open","ping_status":"open","sticky":false,"template":"","format":"standard","meta":{"_jetpack_memberships_contains_paid_content":false,"footnotes":"","jetpack_publicize_message":"","jetpack_publicize_feature_enabled":true,"jetpack_social_post_already_shared":false,"jetpack_social_options":{"image_generator_settings":{"template":"highway","default_image_id":0,"font":"","enabled":false},"version":2}},"categories":[196,140,144],"tags":[3416,690,236,3417],"class_list":["post-7623","post","type-post","status-publish","format-standard","has-post-thumbnail","hentry","category-news","category-reggio-calabria","category-sport","tag-finali-nazionali","tag-ginnastica-ritmica","tag-reggio-calabria","tag-summer-edition"],"yoast_head":"<!-- This site is optimized with the Yoast SEO plugin v27.2 - https:\/\/yoast.com\/product\/yoast-seo-wordpress\/ -->\n<title>Finali Nazionali FGI \u2013 ottimi piazzamenti per le ginnaste della ASD REGGIO RITMICA<\/title>\n<meta name=\"robots\" content=\"index, follow, max-snippet:-1, max-image-preview:large, max-video-preview:-1\" \/>\n<link rel=\"canonical\" href=\"https:\/\/progettotouring.it\/radiotouring104\/2022\/07\/06\/finali-nazionali-fgi-ottimi-piazzamenti-per-le-ginnaste-della-asd-reggio-ritmica\/\" \/>\n<meta property=\"og:locale\" content=\"it_IT\" \/>\n<meta property=\"og:type\" content=\"article\" \/>\n<meta property=\"og:title\" content=\"Finali Nazionali FGI \u2013 ottimi piazzamenti per le ginnaste della ASD REGGIO RITMICA\" \/>\n<meta property=\"og:description\" content=\"Le ginnaste della ASD REGGIO RITMICA, con soli nove mesi dall&#8217;inizio della loro attivit\u00e0 agonistica scalano le classifiche Italiane, posizionandosi sui gradini pi\u00f9 alti del podio e tra le TOP&hellip;\" \/>\n<meta property=\"og:url\" content=\"https:\/\/progettotouring.it\/radiotouring104\/2022\/07\/06\/finali-nazionali-fgi-ottimi-piazzamenti-per-le-ginnaste-della-asd-reggio-ritmica\/\" \/>\n<meta property=\"og:site_name\" content=\"Radio Touring 104\" \/>\n<meta property=\"article:published_time\" content=\"2022-07-06T15:24:45+00:00\" \/>\n<meta property=\"article:modified_time\" content=\"2022-07-06T17:10:35+00:00\" \/>\n<meta property=\"og:image\" content=\"https:\/\/progettotouring.it\/radiotouring104\/wp-content\/uploads\/sites\/6\/2022\/07\/IMG-20220705-WA0028.jpg\" \/>\n\t<meta property=\"og:image:width\" content=\"1084\" \/>\n\t<meta property=\"og:image:height\" content=\"816\" \/>\n\t<meta property=\"og:image:type\" content=\"image\/jpeg\" \/>\n<meta name=\"author\" content=\"Simone Bellantone\" \/>\n<meta name=\"twitter:card\" content=\"summary_large_image\" \/>\n<meta name=\"twitter:label1\" content=\"Scritto da\" \/>\n\t<meta name=\"twitter:data1\" content=\"Simone Bellantone\" \/>\n\t<meta name=\"twitter:label2\" content=\"Tempo di lettura stimato\" \/>\n\t<meta name=\"twitter:data2\" content=\"3 minuti\" \/>\n<script type=\"application\/ld+json\" class=\"yoast-schema-graph\">{\"@context\":\"https:\/\/schema.org\",\"@graph\":[{\"@type\":\"Article\",\"@id\":\"https:\/\/progettotouring.it\/radiotouring104\/2022\/07\/06\/finali-nazionali-fgi-ottimi-piazzamenti-per-le-ginnaste-della-asd-reggio-ritmica\/#article\",\"isPartOf\":{\"@id\":\"https:\/\/progettotouring.it\/radiotouring104\/2022\/07\/06\/finali-nazionali-fgi-ottimi-piazzamenti-per-le-ginnaste-della-asd-reggio-ritmica\/\"},\"author\":{\"name\":\"Simone Bellantone\",\"@id\":\"https:\/\/progettotouring.it\/radiotouring104\/#\/schema\/person\/b02b4a64cc703d21ea2057af8a329b6b\"},\"headline\":\"Finali Nazionali FGI \u2013 ottimi piazzamenti per le ginnaste della ASD REGGIO RITMICA\",\"datePublished\":\"2022-07-06T15:24:45+00:00\",\"dateModified\":\"2022-07-06T17:10:35+00:00\",\"mainEntityOfPage\":{\"@id\":\"https:\/\/progettotouring.it\/radiotouring104\/2022\/07\/06\/finali-nazionali-fgi-ottimi-piazzamenti-per-le-ginnaste-della-asd-reggio-ritmica\/\"},\"wordCount\":530,\"commentCount\":0,\"publisher\":{\"@id\":\"https:\/\/progettotouring.it\/radiotouring104\/#organization\"},\"image\":{\"@id\":\"https:\/\/progettotouring.it\/radiotouring104\/2022\/07\/06\/finali-nazionali-fgi-ottimi-piazzamenti-per-le-ginnaste-della-asd-reggio-ritmica\/#primaryimage\"},\"thumbnailUrl\":\"https:\/\/progettotouring.it\/radiotouring104\/wp-content\/uploads\/sites\/6\/2022\/07\/IMG-20220705-WA0028.jpg\",\"keywords\":[\"Finali Nazionali\",\"ginnastica ritmica\",\"reggio calabria\",\"Summer Edition\"],\"articleSection\":[\"News\",\"Reggio Calabria\",\"Sport\"],\"inLanguage\":\"it-IT\",\"potentialAction\":[{\"@type\":\"CommentAction\",\"name\":\"Comment\",\"target\":[\"https:\/\/progettotouring.it\/radiotouring104\/2022\/07\/06\/finali-nazionali-fgi-ottimi-piazzamenti-per-le-ginnaste-della-asd-reggio-ritmica\/#respond\"]}]},{\"@type\":\"WebPage\",\"@id\":\"https:\/\/progettotouring.it\/radiotouring104\/2022\/07\/06\/finali-nazionali-fgi-ottimi-piazzamenti-per-le-ginnaste-della-asd-reggio-ritmica\/\",\"url\":\"https:\/\/progettotouring.it\/radiotouring104\/2022\/07\/06\/finali-nazionali-fgi-ottimi-piazzamenti-per-le-ginnaste-della-asd-reggio-ritmica\/\",\"name\":\"Finali Nazionali FGI \u2013 ottimi piazzamenti per le ginnaste della ASD REGGIO RITMICA\",\"isPartOf\":{\"@id\":\"https:\/\/progettotouring.it\/radiotouring104\/#website\"},\"primaryImageOfPage\":{\"@id\":\"https:\/\/progettotouring.it\/radiotouring104\/2022\/07\/06\/finali-nazionali-fgi-ottimi-piazzamenti-per-le-ginnaste-della-asd-reggio-ritmica\/#primaryimage\"},\"image\":{\"@id\":\"https:\/\/progettotouring.it\/radiotouring104\/2022\/07\/06\/finali-nazionali-fgi-ottimi-piazzamenti-per-le-ginnaste-della-asd-reggio-ritmica\/#primaryimage\"},\"thumbnailUrl\":\"https:\/\/progettotouring.it\/radiotouring104\/wp-content\/uploads\/sites\/6\/2022\/07\/IMG-20220705-WA0028.jpg\",\"datePublished\":\"2022-07-06T15:24:45+00:00\",\"dateModified\":\"2022-07-06T17:10:35+00:00\",\"breadcrumb\":{\"@id\":\"https:\/\/progettotouring.it\/radiotouring104\/2022\/07\/06\/finali-nazionali-fgi-ottimi-piazzamenti-per-le-ginnaste-della-asd-reggio-ritmica\/#breadcrumb\"},\"inLanguage\":\"it-IT\",\"potentialAction\":[{\"@type\":\"ReadAction\",\"target\":[\"https:\/\/progettotouring.it\/radiotouring104\/2022\/07\/06\/finali-nazionali-fgi-ottimi-piazzamenti-per-le-ginnaste-della-asd-reggio-ritmica\/\"]}]},{\"@type\":\"ImageObject\",\"inLanguage\":\"it-IT\",\"@id\":\"https:\/\/progettotouring.it\/radiotouring104\/2022\/07\/06\/finali-nazionali-fgi-ottimi-piazzamenti-per-le-ginnaste-della-asd-reggio-ritmica\/#primaryimage\",\"url\":\"https:\/\/progettotouring.it\/radiotouring104\/wp-content\/uploads\/sites\/6\/2022\/07\/IMG-20220705-WA0028.jpg\",\"contentUrl\":\"https:\/\/progettotouring.it\/radiotouring104\/wp-content\/uploads\/sites\/6\/2022\/07\/IMG-20220705-WA0028.jpg\",\"width\":1084,\"height\":816},{\"@type\":\"BreadcrumbList\",\"@id\":\"https:\/\/progettotouring.it\/radiotouring104\/2022\/07\/06\/finali-nazionali-fgi-ottimi-piazzamenti-per-le-ginnaste-della-asd-reggio-ritmica\/#breadcrumb\",\"itemListElement\":[{\"@type\":\"ListItem\",\"position\":1,\"name\":\"Home\",\"item\":\"https:\/\/progettotouring.it\/radiotouring104\/\"},{\"@type\":\"ListItem\",\"position\":2,\"name\":\"Finali Nazionali FGI \u2013 ottimi piazzamenti per le ginnaste della ASD REGGIO RITMICA\"}]},{\"@type\":\"WebSite\",\"@id\":\"https:\/\/progettotouring.it\/radiotouring104\/#website\",\"url\":\"https:\/\/progettotouring.it\/radiotouring104\/\",\"name\":\"Radio Touring 104\",\"description\":\"La prima radio Reggina\",\"publisher\":{\"@id\":\"https:\/\/progettotouring.it\/radiotouring104\/#organization\"},\"potentialAction\":[{\"@type\":\"SearchAction\",\"target\":{\"@type\":\"EntryPoint\",\"urlTemplate\":\"https:\/\/progettotouring.it\/radiotouring104\/?s={search_term_string}\"},\"query-input\":{\"@type\":\"PropertyValueSpecification\",\"valueRequired\":true,\"valueName\":\"search_term_string\"}}],\"inLanguage\":\"it-IT\"},{\"@type\":\"Organization\",\"@id\":\"https:\/\/progettotouring.it\/radiotouring104\/#organization\",\"name\":\"Radio Touring 104\",\"url\":\"https:\/\/progettotouring.it\/radiotouring104\/\",\"logo\":{\"@type\":\"ImageObject\",\"inLanguage\":\"it-IT\",\"@id\":\"https:\/\/progettotouring.it\/radiotouring104\/#\/schema\/logo\/image\/\",\"url\":\"https:\/\/progettotouring.it\/radiotouring104\/wp-content\/uploads\/sites\/6\/2022\/02\/cropped-logo-radio-touring-104.png\",\"contentUrl\":\"https:\/\/progettotouring.it\/radiotouring104\/wp-content\/uploads\/sites\/6\/2022\/02\/cropped-logo-radio-touring-104.png\",\"width\":377,\"height\":182,\"caption\":\"Radio Touring 104\"},\"image\":{\"@id\":\"https:\/\/progettotouring.it\/radiotouring104\/#\/schema\/logo\/image\/\"}},{\"@type\":\"Person\",\"@id\":\"https:\/\/progettotouring.it\/radiotouring104\/#\/schema\/person\/b02b4a64cc703d21ea2057af8a329b6b\",\"name\":\"Simone Bellantone\",\"image\":{\"@type\":\"ImageObject\",\"inLanguage\":\"it-IT\",\"@id\":\"https:\/\/secure.gravatar.com\/avatar\/c0fd4786b23723d384ae03466de926437b7f96aff3085f28bdb1144f02798375?s=96&d=mm&r=g\",\"url\":\"https:\/\/secure.gravatar.com\/avatar\/c0fd4786b23723d384ae03466de926437b7f96aff3085f28bdb1144f02798375?s=96&d=mm&r=g\",\"contentUrl\":\"https:\/\/secure.gravatar.com\/avatar\/c0fd4786b23723d384ae03466de926437b7f96aff3085f28bdb1144f02798375?s=96&d=mm&r=g\",\"caption\":\"Simone Bellantone\"},\"url\":\"https:\/\/progettotouring.it\/radiotouring104\/author\/simonebellantone\/\"}]}<\/script>\n<!-- \/ Yoast SEO plugin. -->","yoast_head_json":{"title":"Finali Nazionali FGI \u2013 ottimi piazzamenti per le ginnaste della ASD REGGIO RITMICA","robots":{"index":"index","follow":"follow","max-snippet":"max-snippet:-1","max-image-preview":"max-image-preview:large","max-video-preview":"max-video-preview:-1"},"canonical":"https:\/\/progettotouring.it\/radiotouring104\/2022\/07\/06\/finali-nazionali-fgi-ottimi-piazzamenti-per-le-ginnaste-della-asd-reggio-ritmica\/","og_locale":"it_IT","og_type":"article","og_title":"Finali Nazionali FGI \u2013 ottimi piazzamenti per le ginnaste della ASD REGGIO RITMICA","og_description":"Le ginnaste della ASD REGGIO RITMICA, con soli nove mesi dall&#8217;inizio della loro attivit\u00e0 agonistica scalano le classifiche Italiane, posizionandosi sui gradini pi\u00f9 alti del podio e tra le TOP&hellip;","og_url":"https:\/\/progettotouring.it\/radiotouring104\/2022\/07\/06\/finali-nazionali-fgi-ottimi-piazzamenti-per-le-ginnaste-della-asd-reggio-ritmica\/","og_site_name":"Radio Touring 104","article_published_time":"2022-07-06T15:24:45+00:00","article_modified_time":"2022-07-06T17:10:35+00:00","og_image":[{"width":1084,"height":816,"url":"https:\/\/progettotouring.it\/radiotouring104\/wp-content\/uploads\/sites\/6\/2022\/07\/IMG-20220705-WA0028.jpg","type":"image\/jpeg"}],"author":"Simone Bellantone","twitter_card":"summary_large_image","twitter_misc":{"Scritto da":"Simone Bellantone","Tempo di lettura stimato":"3 minuti"},"schema":{"@context":"https:\/\/schema.org","@graph":[{"@type":"Article","@id":"https:\/\/progettotouring.it\/radiotouring104\/2022\/07\/06\/finali-nazionali-fgi-ottimi-piazzamenti-per-le-ginnaste-della-asd-reggio-ritmica\/#article","isPartOf":{"@id":"https:\/\/progettotouring.it\/radiotouring104\/2022\/07\/06\/finali-nazionali-fgi-ottimi-piazzamenti-per-le-ginnaste-della-asd-reggio-ritmica\/"},"author":{"name":"Simone Bellantone","@id":"https:\/\/progettotouring.it\/radiotouring104\/#\/schema\/person\/b02b4a64cc703d21ea2057af8a329b6b"},"headline":"Finali Nazionali FGI \u2013 ottimi piazzamenti per le ginnaste della ASD REGGIO RITMICA","datePublished":"2022-07-06T15:24:45+00:00","dateModified":"2022-07-06T17:10:35+00:00","mainEntityOfPage":{"@id":"https:\/\/progettotouring.it\/radiotouring104\/2022\/07\/06\/finali-nazionali-fgi-ottimi-piazzamenti-per-le-ginnaste-della-asd-reggio-ritmica\/"},"wordCount":530,"commentCount":0,"publisher":{"@id":"https:\/\/progettotouring.it\/radiotouring104\/#organization"},"image":{"@id":"https:\/\/progettotouring.it\/radiotouring104\/2022\/07\/06\/finali-nazionali-fgi-ottimi-piazzamenti-per-le-ginnaste-della-asd-reggio-ritmica\/#primaryimage"},"thumbnailUrl":"https:\/\/progettotouring.it\/radiotouring104\/wp-content\/uploads\/sites\/6\/2022\/07\/IMG-20220705-WA0028.jpg","keywords":["Finali Nazionali","ginnastica ritmica","reggio calabria","Summer Edition"],"articleSection":["News","Reggio Calabria","Sport"],"inLanguage":"it-IT","potentialAction":[{"@type":"CommentAction","name":"Comment","target":["https:\/\/progettotouring.it\/radiotouring104\/2022\/07\/06\/finali-nazionali-fgi-ottimi-piazzamenti-per-le-ginnaste-della-asd-reggio-ritmica\/#respond"]}]},{"@type":"WebPage","@id":"https:\/\/progettotouring.it\/radiotouring104\/2022\/07\/06\/finali-nazionali-fgi-ottimi-piazzamenti-per-le-ginnaste-della-asd-reggio-ritmica\/","url":"https:\/\/progettotouring.it\/radiotouring104\/2022\/07\/06\/finali-nazionali-fgi-ottimi-piazzamenti-per-le-ginnaste-della-asd-reggio-ritmica\/","name":"Finali Nazionali FGI \u2013 ottimi piazzamenti per le ginnaste della ASD REGGIO RITMICA","isPartOf":{"@id":"https:\/\/progettotouring.it\/radiotouring104\/#website"},"primaryImageOfPage":{"@id":"https:\/\/progettotouring.it\/radiotouring104\/2022\/07\/06\/finali-nazionali-fgi-ottimi-piazzamenti-per-le-ginnaste-della-asd-reggio-ritmica\/#primaryimage"},"image":{"@id":"https:\/\/progettotouring.it\/radiotouring104\/2022\/07\/06\/finali-nazionali-fgi-ottimi-piazzamenti-per-le-ginnaste-della-asd-reggio-ritmica\/#primaryimage"},"thumbnailUrl":"https:\/\/progettotouring.it\/radiotouring104\/wp-content\/uploads\/sites\/6\/2022\/07\/IMG-20220705-WA0028.jpg","datePublished":"2022-07-06T15:24:45+00:00","dateModified":"2022-07-06T17:10:35+00:00","breadcrumb":{"@id":"https:\/\/progettotouring.it\/radiotouring104\/2022\/07\/06\/finali-nazionali-fgi-ottimi-piazzamenti-per-le-ginnaste-della-asd-reggio-ritmica\/#breadcrumb"},"inLanguage":"it-IT","potentialAction":[{"@type":"ReadAction","target":["https:\/\/progettotouring.it\/radiotouring104\/2022\/07\/06\/finali-nazionali-fgi-ottimi-piazzamenti-per-le-ginnaste-della-asd-reggio-ritmica\/"]}]},{"@type":"ImageObject","inLanguage":"it-IT","@id":"https:\/\/progettotouring.it\/radiotouring104\/2022\/07\/06\/finali-nazionali-fgi-ottimi-piazzamenti-per-le-ginnaste-della-asd-reggio-ritmica\/#primaryimage","url":"https:\/\/progettotouring.it\/radiotouring104\/wp-content\/uploads\/sites\/6\/2022\/07\/IMG-20220705-WA0028.jpg","contentUrl":"https:\/\/progettotouring.it\/radiotouring104\/wp-content\/uploads\/sites\/6\/2022\/07\/IMG-20220705-WA0028.jpg","width":1084,"height":816},{"@type":"BreadcrumbList","@id":"https:\/\/progettotouring.it\/radiotouring104\/2022\/07\/06\/finali-nazionali-fgi-ottimi-piazzamenti-per-le-ginnaste-della-asd-reggio-ritmica\/#breadcrumb","itemListElement":[{"@type":"ListItem","position":1,"name":"Home","item":"https:\/\/progettotouring.it\/radiotouring104\/"},{"@type":"ListItem","position":2,"name":"Finali Nazionali FGI \u2013 ottimi piazzamenti per le ginnaste della ASD REGGIO RITMICA"}]},{"@type":"WebSite","@id":"https:\/\/progettotouring.it\/radiotouring104\/#website","url":"https:\/\/progettotouring.it\/radiotouring104\/","name":"Radio Touring 104","description":"La prima radio Reggina","publisher":{"@id":"https:\/\/progettotouring.it\/radiotouring104\/#organization"},"potentialAction":[{"@type":"SearchAction","target":{"@type":"EntryPoint","urlTemplate":"https:\/\/progettotouring.it\/radiotouring104\/?s={search_term_string}"},"query-input":{"@type":"PropertyValueSpecification","valueRequired":true,"valueName":"search_term_string"}}],"inLanguage":"it-IT"},{"@type":"Organization","@id":"https:\/\/progettotouring.it\/radiotouring104\/#organization","name":"Radio Touring 104","url":"https:\/\/progettotouring.it\/radiotouring104\/","logo":{"@type":"ImageObject","inLanguage":"it-IT","@id":"https:\/\/progettotouring.it\/radiotouring104\/#\/schema\/logo\/image\/","url":"https:\/\/progettotouring.it\/radiotouring104\/wp-content\/uploads\/sites\/6\/2022\/02\/cropped-logo-radio-touring-104.png","contentUrl":"https:\/\/progettotouring.it\/radiotouring104\/wp-content\/uploads\/sites\/6\/2022\/02\/cropped-logo-radio-touring-104.png","width":377,"height":182,"caption":"Radio Touring 104"},"image":{"@id":"https:\/\/progettotouring.it\/radiotouring104\/#\/schema\/logo\/image\/"}},{"@type":"Person","@id":"https:\/\/progettotouring.it\/radiotouring104\/#\/schema\/person\/b02b4a64cc703d21ea2057af8a329b6b","name":"Simone Bellantone","image":{"@type":"ImageObject","inLanguage":"it-IT","@id":"https:\/\/secure.gravatar.com\/avatar\/c0fd4786b23723d384ae03466de926437b7f96aff3085f28bdb1144f02798375?s=96&d=mm&r=g","url":"https:\/\/secure.gravatar.com\/avatar\/c0fd4786b23723d384ae03466de926437b7f96aff3085f28bdb1144f02798375?s=96&d=mm&r=g","contentUrl":"https:\/\/secure.gravatar.com\/avatar\/c0fd4786b23723d384ae03466de926437b7f96aff3085f28bdb1144f02798375?s=96&d=mm&r=g","caption":"Simone Bellantone"},"url":"https:\/\/progettotouring.it\/radiotouring104\/author\/simonebellantone\/"}]}},"jetpack_publicize_connections":[],"jetpack_featured_media_url":"https:\/\/progettotouring.it\/radiotouring104\/wp-content\/uploads\/sites\/6\/2022\/07\/IMG-20220705-WA0028.jpg","jetpack_sharing_enabled":true,"_links":{"self":[{"href":"https:\/\/progettotouring.it\/radiotouring104\/wp-json\/wp\/v2\/posts\/7623","targetHints":{"allow":["GET"]}}],"collection":[{"href":"https:\/\/progettotouring.it\/radiotouring104\/wp-json\/wp\/v2\/posts"}],"about":[{"href":"https:\/\/progettotouring.it\/radiotouring104\/wp-json\/wp\/v2\/types\/post"}],"author":[{"embeddable":true,"href":"https:\/\/progettotouring.it\/radiotouring104\/wp-json\/wp\/v2\/users\/9"}],"replies":[{"embeddable":true,"href":"https:\/\/progettotouring.it\/radiotouring104\/wp-json\/wp\/v2\/comments?post=7623"}],"version-history":[{"count":1,"href":"https:\/\/progettotouring.it\/radiotouring104\/wp-json\/wp\/v2\/posts\/7623\/revisions"}],"predecessor-version":[{"id":7627,"href":"https:\/\/progettotouring.it\/radiotouring104\/wp-json\/wp\/v2\/posts\/7623\/revisions\/7627"}],"wp:featuredmedia":[{"embeddable":true,"href":"https:\/\/progettotouring.it\/radiotouring104\/wp-json\/wp\/v2\/media\/7625"}],"wp:attachment":[{"href":"https:\/\/progettotouring.it\/radiotouring104\/wp-json\/wp\/v2\/media?parent=7623"}],"wp:term":[{"taxonomy":"category","embeddable":true,"href":"https:\/\/progettotouring.it\/radiotouring104\/wp-json\/wp\/v2\/categories?post=7623"},{"taxonomy":"post_tag","embeddable":true,"href":"https:\/\/progettotouring.it\/radiotouring104\/wp-json\/wp\/v2\/tags?post=7623"}],"curies":[{"name":"wp","href":"https:\/\/api.w.org\/{rel}","templated":true}]}}