{"id":7730,"date":"2022-07-08T16:50:05","date_gmt":"2022-07-08T14:50:05","guid":{"rendered":"https:\/\/progettotouring.it\/radiotouring104\/?p=7730"},"modified":"2022-07-08T16:50:24","modified_gmt":"2022-07-08T14:50:24","slug":"palazzo-alvaro-ieri-il-workshop-ance-giovani-calabria-rigenerazione-urbana-e-sviluppo-sostenibile-delle-citta","status":"publish","type":"post","link":"https:\/\/progettotouring.it\/radiotouring104\/2022\/07\/08\/palazzo-alvaro-ieri-il-workshop-ance-giovani-calabria-rigenerazione-urbana-e-sviluppo-sostenibile-delle-citta\/","title":{"rendered":"Palazzo Alvaro, ieri il Workshop ANCE Giovani Calabria \u201cRigenerazione Urbana e Sviluppo Sostenibile delle Citt\u00e0\u201d"},"content":{"rendered":"<p style=\"text-align: justify;\">Si \u00e8 tenuto ieri, 7 luglio 2022, presso il prestigioso ed incantevole scenario della Sala Consiliare \u201cLeonida Repaci\u201d della Citt\u00e0 Metropolitana di Reggio Calabria a Palazzo Alvaro, il workshop dal titolo \u201cRigenerazione urbana e sviluppo sostenibile delle citt\u00e0\u201d organizzato da ANCE Giovani Calabria e dal Gruppo Giovani Costruttori Edili di ANCE Reggio Calabria, in collaborazione con l\u2019Ordine degli Architetti di Reggio Calabria, con il patrocinio del Consiglio Regionale della Calabria e della Citt\u00e0 Metropolitana di Reggio Calabria.<\/p>\n<p style=\"text-align: justify;\">In tale sede, nell\u2019ambito del pi\u00f9 ampio ciclo di incontri sul territorio regionale programmati da ANCE Calabria Giovani \u2013 uno per provincia \u2013 dal titolo \u201cGiovani Costruttori in movimento\u201d, \u00e8 stata approfondita, alla presenza e con la partecipazione di autorevoli rappresentanti del mondo associativo, imprenditoriale, accademico, degli ordini professionali e delle amministrazioni pubbliche territoriali, il tema della rigenerazione urbana collegandolo alle prospettive di investimento pubblico e privato, alle politiche per la transizione ecologica, alle citt\u00e0 sostenibili ed alle strategie per l&#8217;attrattivit\u00e0 del territorio.<\/p>\n<p style=\"text-align: justify;\">Il workshop, brillantemente moderato da Marco Oloferne Curti, presidente Macro-Area Sud Ance Giovani, \u00e8 stato introdotto dagli interventi del presidente di ANCE Reggio Calabria, Michele Lagan\u00e0, del presidente di Ance Giovani Calabria, Carlo Barberio e del presidente Ance Reggio Calabria Giovani, Nicola Irto.<\/p>\n<p style=\"text-align: justify;\">Il presidente Lagan\u00e0 nel proprio intervento di indirizzo, dopo i saluti di benvenuto ed i complimenti per l\u2019iniziativa ai giovani ANCE, ha illustrato l\u2019esigenza di un pi\u00f9 forte raccordo strategico tra settore pubblico e privato per l\u2019efficacia degli interventi di rigenerazione urbana, invitando le istituzioni pubbliche intervenute ad un approccio finalizzato alla \u2018messa a terra\u2019 delle opportunit\u00e0 offerte dal <em>green deal<\/em> europeo nel cui alveo si collocano, tra l\u2019altro, la recentissima normativa regionale sulla rigenerazione urbana ed il Superbonus 110%.<\/p>\n<p style=\"text-align: justify;\">\u00a0\u201c<em>Il workshop \u2013 <\/em>ha dichiarato il presidente Lagan\u00e0 <em>&#8211; lega in modo netto la questione della rigenerazione del territorio e del patrimonio immobiliare degli italiani con quella dello sviluppo sostenibile e delle strategie di contrasto del cambiamento climatico. Rispetto a tali priorit\u00e0 di tutela ambientale, occorre prendere consapevolezza dei valori in gioco che attengono al nostro dovere di operare oggi scelte in favore delle future generazioni e per la protezione della stessa comunit\u00e0 umana. Per questo riteniamo sia il momento di adottare decisioni coraggiose capaci di incidere in modo rilevante sui processi di degrado ambientale, territoriale ed immobiliare, quali principali fonti di emissioni nocive e sedi di marginalit\u00e0 sociale ed economica. Si tratta di affrontare un cambiamento epocale che riguarda indistintamente sia il mondo delle imprese, che la pubblica amministrazione che tutti noi come cittadini e per cui occorre una forte sinergia di sistema che, partendo dai nuovi bisogni delle persone, dispieghi una nuova alleanza delle forze istituzionali, sociali ed economiche in grado di governare i cambiamenti dettati dalla transizione ecologica. Come costruttori ci sentiamo al servizio di questo progetto di comunit\u00e0 fondato sul presidio della legalit\u00e0 e su un modello sociale che veda pubblico e privato agire sinergicamente per dischiudere le potenzialit\u00e0 di sviluppo e di valorizzazione delle risorse umane, naturali e culturali del nostro territorio<\/em>\u201d.<\/p>\n<p style=\"text-align: justify;\">Il Presidente di ANCE Calabria Giovani, Carlo Barberio, nel proprio intervento ha illustrato il pi\u00f9 ampio programma di lavoro dei giovani costruttori calabresi denominato \u201cGiovani Costruttori in Movimento\u201d, in cui si colloca il workshop reggino del 7 luglio 2022 e che vedr\u00e0 il sistema associativo giovanile muoversi su tutti i territori provinciali calabresi in un percorso di sensibilizzazione ed approfondimento sulle principali questioni riguardanti l\u2019edilizia nella prospettiva delle giovani generazioni.<\/p>\n<p style=\"text-align: justify;\">\u201c<em>Assumere come giovani imprenditori il ruolo di protagonisti della rigenerazione urbana \u2013 <\/em>ha dichiarato il presidente Barberio <em>&#8211; \u00a0implica la responsabilit\u00e0 e l\u2019opportunit\u00e0 di contribuire con lungimiranza alla lettura ed alla interpretazione della realt\u00e0 in cui si intende intervenire per favorire l\u2019elaborazione di progetti che producano inclusione sociale ed economica, soprattutto per i giovani, riducendo i costi dell\u2019inattivit\u00e0, in particolare dei Neet (Not in Education, Employment or Training), e favorendo la creazione di nuovi modelli di sviluppo coerenti con le sfide economiche, sociali ed ambientali del nostro tempo tra cui quella principale della transizione ecologica\u201d. <\/em><\/p>\n<p style=\"text-align: justify;\">Il Presidente di ANCE Reggio Calabria Giovani, Nicola Irto, ha illustrato nello specifico l\u2019iniziativa del workshop reggino, evidenziando l\u2019importanza del settore delle costruzioni per lo sviluppo delle politiche di sostenibilit\u00e0, ripresa e resilienza europee e nazionali.<\/p>\n<p style=\"text-align: justify;\">\u201c<em>Politiche efficaci di rigenerazione urbana<\/em> \u2013 ha dichiarato il presidente Irto &#8211; s<em>ono di fondamentale importanza per ridare qualit\u00e0 e sostenibilit\u00e0 ai territori come anche per rafforzare strutturalmente l\u2019economia e valorizzare lo spazio territoriale ed urbano adeguandolo ai nuovi bisogni di vita, produzione e consumo in un\u2019ottica di sostenibilit\u00e0 economica, ambientale e di inclusione sociale. Rispetto a tale opportunit\u00e0, i processi di rigenerazione urbana devono essere declinati soprattutto come attivatori delle dinamiche generali di sviluppo urbanistico a partire dalla qualificazione dell\u2019ambiente costruito, considerando la priorit\u00e0 di salvaguardare l\u2019ecosistema e la stessa specie umana dal decadimento ambientale e dagli effetti del cambiamento climatico\u201d.<\/em><\/p>\n<p style=\"text-align: justify;\">Nel corso della successiva tavola rotonda, la professoressa Consuelo Nava, docente dell\u2019Universit\u00e0 degli Studi Mediterranea di Reggio Calabria, ha illustrato i pi\u00f9 recenti sviluppi normativi e della programmazione in materia di strategie nazionali per l\u2019adattamento al cambiamento climatico al 2030, sollecitando, anche attraverso esempi concreti di innovazione e casi di studio, una visione ampia della rigenerazione urbana in un\u2019ottica di territorio e di sostenibilit\u00e0, evidenziando l\u2019importanza del trasferimento tecnologico da parte del sistema universitario verso le imprese e la P.A. anche per favorire i processi di rigenerazione territoriale.<\/p>\n<p style=\"text-align: justify;\"><em>\u201cLa rigenerazione dei territori in un\u2019ottica di sostenibilit\u00e0 \u2013 <\/em>ha dichiarato la professoressa Nava<em> &#8211; \u00e8 innanzitutto dettata dalle esigenze di radicale cambiamento dei modelli sociali ed economici per l\u2019adattamento ed il contrasto del progressivo deterioramento climatico e quindi per l\u2019attuazione del green deal europeo al 2030. Anche per tale ordine di motivi, le politiche per la rigenerazione urbana devono partire dall\u2019analisi delle dinamiche socio-demografiche di riferimento che inequivocabilmente indirizzano verso nuovi modelli di pianificazione e di programmazione per un nuovo ordine urbanistico e territoriale sostenibile e coerente con i nuovi bisogni di vita e di lavoro, con la questione demografica e generazionale ed il recupero del depauperamento \u00a0dei territori e delle aree interne del Paese e della Calabria causati proprio dal degrado e dalla mancanza di attrattivit\u00e0 e dinamismo alla base del loro crescente spopolamento\u201d.<\/em><\/p>\n<p style=\"text-align: justify;\">A seguire, \u00e8 intervenuto l\u2019arch. Ilario Tassone, presidente dell\u2019Ordine degli Architetti di Reggio Calabria, che ha approfondito i contenuti tecnici della nuova legge regionale sulla rigenerazione urbana, illustrando il contributo offerto dall\u2019ordine di appartenenza e l\u2019azione di <em>capacity building<\/em> propugnata in favore della P.A. locale per la formazione di figure tecniche a supporto della progettazione e dell\u2019implementazione del PNRR, evidenziando anche in tale ambito il valore strategico e l\u2019importanza dei concorsi di progettazione per la qualit\u00e0 dei progetti di investimento, il coinvolgimento delle giovani generazioni e l\u2019innovazione sociale.<\/p>\n<p style=\"text-align: justify;\">L\u2019ing. Pietro Foti \u2013 dirigente della Citt\u00e0 Metropolitana di Reggio Calabria \u2013 ha illustrato il ruolo fondamentale dei comuni per l\u2019effettiva realizzazione degli interventi di trasformazione territoriale e l\u2019implementazione della nuova normativa regionale sulla rigenerazione urbana, evidenziando la necessit\u00e0 di un loro pieno coinvolgimento per il successo delle politiche pubbliche di riferimento e per l\u2019efficace realizzazione delle riforme normative di settore e degli ingenti investimenti programmati sul territorio metropolitano.<\/p>\n<p style=\"text-align: justify;\">A seguire vi \u00e8 stato l\u2019intervento del Consigliere Regionale della Calabria, ing. Pietro Raso, presidente della IV Commissione consiliare \u201cAssetto e Utilizzazione del Territorio e Protezione dell\u2019Ambiente \u201ce relatore della Proposta di legge n. 74\/XII di iniziativa dei consiglieri regionali Raso, Caputo, Straface, recante \u201cNorme per la rigenerazione urbana e territoriale, la riqualificazione e il riuso\u201d approvata dal Consiglio Regionale nella seduta del 4 luglio scorso e di cui ha illustrato i principali profili strategici.<\/p>\n<p style=\"text-align: justify;\"><em>\u00a0\u201cSi tratta di una legge \u2013 <\/em>ha dichiarato l\u2019on. Pietro Raso <em>\u2013 costruita con il contributo rilevante delle forze sociali e dei rappresentanti della filiera delle costruzioni, che interviene &#8211; anche per porre riparo al vulnus di incostituzionalit\u00e0 rispetto al precedente articolato normativo relativo al Piano Casa regionale &#8211; su un tema di fondamentale importanza per il territorio calabrese quale quello della rigenerazione urbana. Colgo l\u2019opportunit\u00e0 delle critiche costruttive provenienti dal mondo imprenditoriale per ribadire la disponibilit\u00e0 ad intervenire con aggiustamenti di natura tecnica per rendere la nuova legge sulla rigenerazione urbana ancora pi\u00f9 efficace nel perseguimento degli obiettivi di valorizzazione e di sostenibilit\u00e0 del territorio regionale in un\u2019ottica europea di sviluppo sostenibile, nell\u2019interesse dei cittadini calabresi e nell\u2019ottica dell\u2019empowerment delle comunit\u00e0 locali\u201d.<\/em><\/p>\n<p style=\"text-align: justify;\">Il presidente del Gruppo Giovani Imprenditori di Unindustria Calabria, Umberto Barreca, nel suo intervento ha illustrato, dal punto di vista di un imprenditore storicamente impegnato sui temi dell\u2019innovazione in senso ecologico e della responsabilit\u00e0 sociale, i metodi e le buone prassi sperimentate, nella propria esperienza aziendale ed associativa, per la realizzazione di politiche di sostenibilit\u00e0 energetica, offrendo contestualmente indicazioni di prospettiva il cui aspetto chiave risiede in un nuovo e consapevole rapporto di tipo collaborativo tra mondo delle imprese e Pubblica Amministrazione.<\/p>\n<p style=\"text-align: justify;\">Le conclusioni del workshop sono state affidate ad Angelica Kristle Donati \u2013 Presidente nazionale di ANCE Giovani \u2013 che dopo aver sviluppato un <em>excursus<\/em> a 360\u00b0 sull\u2019impegno storico dell\u2019ANCE per la promozione di una politica nazionale di rigenerazione urbana efficace e l\u2019adeguamento di una normativa ormai obsoleta e distante dalle nuove esigenze di risparmio di suolo naturale, ha ribadito l\u2019importanza e l\u2019urgenza di avviare una nuova stagione di impegno collettivo per l\u2019effettivo avvio di dinamiche di rigenerazione urbana e territoriale in tutto il Paese ed anche quale via obbligata per il raggiungimento degli obiettivi di sostenibilit\u00e0 europei, del PNRR e l\u2019adeguamento della societ\u00e0 e dell\u2019economia alle sfide sociali, economiche ed ambientali del nostro tempo. In tale prospettiva ha evidenziato l\u2019importanza del Superbonus 110% per accelerare le operazioni di riqualificazione degli edifici anche nella pi\u00f9 ampia prospettiva della rigenerazione urbana e territoriale e per la messa in sicurezza e l\u2019efficientamento energetico del patrimonio architettonico ed immobiliare del Paese\u201d.<\/p>\n<p style=\"text-align: justify;\"><em>\u201cLe scadenze al 2030 e soprattutto le ragioni poste alla base del green deal europeo e nazionale \u2013 <\/em>ha dichiarato la presidente di ANCE Giovani, Angelica Kristle Donati <em>&#8211; ci impongono un impegno straordinario ed un cambio di passo nell\u2019approccio alla rigenerazione urbana almeno nel senso di una maggiore concretezza rispetto al passato. Siamo consapevoli e avvertiamo la responsabilit\u00e0 dell\u2019importanza del coinvolgimento del sistema imprenditoriale delle costruzioni per il perseguimento degli obiettivi fondamentali di contrasto del cambiamento climatico e di quelli di ripresa e resilienza previsti dal PNRR, semplicemente considerando che il nostro settore sia responsabile di circa il 36% delle emissioni climalteranti totali e che il PNRR preveda investimenti diretti attinenti il settore delle costruzioni per oltre il 50% del budget. <\/em><\/p>\n<p style=\"text-align: justify;\"><em>In tale senso, il settore dell\u2019edilizia riveste un ruolo determinante per raggiungere i cospicui obiettivi di riduzione delle emissioni climalteranti al 2030 ed intervenire tempestivamente contro i devastanti effetti a tale fenomeno collegati in termini di degrado ecologico e di perdita di vite umane, come da ultimo drammaticamente testimoniato dalla tragedia del Massiccio della Marmolada. \u00c8 urgente agire ed \u00e8 urgente farlo con concretezza. ANCE Giovani sta mobilitando tutte le migliori energie del sistema delle costruzioni nazionale ed europeo per un\u2019adeguata sensibilizzazione su tali questioni prioritarie e per adire il necessario cambiamento organizzativo e sociale verso modelli di produzione e lavoro sostenibili. In tale ambito, per le sue dirette implicazioni ed impatti di natura sociale, ambientale ed economica, il tema della rigenerazione urbana rappresenta uno dei principali laboratori per l\u2019elaborazione, il presidio ed il governo dei processi di ripresa e resilienza connessi alla rivoluzione verde\u201d.<\/em><\/p>\n<p style=\"text-align: justify;\">A margine dei lavori, il presidente di Ance Reggio Calabria, Michele Lagan\u00e0, ha dichiarato: \u201c<em>il workshop odierno, per la qualit\u00e0 dei contenuti, per il retrostante impegno sociale dei partecipanti e soprattutto dei giovani costruttori, \u00e8 la prova dell\u2019utilit\u00e0 di un tavolo permanente di lavoro comune tra gli stakeholder su temi di interesse prioritario per le giovani e future generazioni. Dobbiamo riuscire insieme a declinare tali priorit\u00e0 come opportunit\u00e0 di sviluppo economico sostenibile e di inclusione sociale nella consapevolezza della necessit\u00e0 di un\u2019azione corale di costruzione ed elaborazione sociale e di un impegno straordinario per affrontare la sfida ambientale. In questa battaglia per il clima, come rappresentanti del mondo delle costruzioni, consapevoli del nostro ruolo per il successo delle politiche pubbliche di ripresa e resilienza, ci sentiamo in prima linea al fianco della nostra componente giovanile che rappresenta il presente ed il futuro del settore dell\u2019edilizia e del territorio\u201d.<\/em><\/p>\n","protected":false},"excerpt":{"rendered":"<p>Si \u00e8 tenuto ieri, 7 luglio 2022, presso il prestigioso ed incantevole scenario della Sala Consiliare \u201cLeonida Repaci\u201d della Citt\u00e0 Metropolitana di Reggio Calabria a Palazzo Alvaro, il workshop dal&hellip;<\/p>\n","protected":false},"author":5,"featured_media":7731,"comment_status":"open","ping_status":"open","sticky":false,"template":"","format":"standard","meta":{"_jetpack_memberships_contains_paid_content":false,"footnotes":"","jetpack_publicize_message":"","jetpack_publicize_feature_enabled":true,"jetpack_social_post_already_shared":false,"jetpack_social_options":{"image_generator_settings":{"template":"highway","default_image_id":0,"font":"","enabled":false},"version":2}},"categories":[921,196,140],"tags":[3501,3502,3299,739,3500],"class_list":["post-7730","post","type-post","status-publish","format-standard","has-post-thumbnail","hentry","category-home","category-news","category-reggio-calabria","tag-ance-calabria","tag-ance-giovani","tag-ance-giovani-calabria","tag-palazzo-alvaro","tag-rigenerazione-urbana"],"yoast_head":"<!-- This site is optimized with the Yoast SEO plugin v27.2 - https:\/\/yoast.com\/product\/yoast-seo-wordpress\/ -->\n<title>Palazzo Alvaro, ieri il Workshop ANCE Giovani su rigenerazione urbana<\/title>\n<meta name=\"description\" content=\"Workshop in collaborazione con l\u2019Ordine degli Architetti, patrocinio del Consiglio Regionale e della Citt\u00e0 Metropolitana di Reggio Calabria\" \/>\n<meta name=\"robots\" content=\"index, follow, max-snippet:-1, max-image-preview:large, max-video-preview:-1\" \/>\n<link rel=\"canonical\" href=\"https:\/\/progettotouring.it\/radiotouring104\/2022\/07\/08\/palazzo-alvaro-ieri-il-workshop-ance-giovani-calabria-rigenerazione-urbana-e-sviluppo-sostenibile-delle-citta\/\" \/>\n<meta property=\"og:locale\" content=\"it_IT\" \/>\n<meta property=\"og:type\" content=\"article\" \/>\n<meta property=\"og:title\" content=\"Palazzo Alvaro, ieri il Workshop ANCE Giovani su rigenerazione urbana\" \/>\n<meta property=\"og:description\" content=\"Workshop in collaborazione con l\u2019Ordine degli Architetti, patrocinio del Consiglio Regionale e della Citt\u00e0 Metropolitana di Reggio Calabria\" \/>\n<meta property=\"og:url\" content=\"https:\/\/progettotouring.it\/radiotouring104\/2022\/07\/08\/palazzo-alvaro-ieri-il-workshop-ance-giovani-calabria-rigenerazione-urbana-e-sviluppo-sostenibile-delle-citta\/\" \/>\n<meta property=\"og:site_name\" content=\"Radio Touring 104\" \/>\n<meta property=\"article:published_time\" content=\"2022-07-08T14:50:05+00:00\" \/>\n<meta property=\"article:modified_time\" content=\"2022-07-08T14:50:24+00:00\" \/>\n<meta property=\"og:image\" content=\"https:\/\/progettotouring.it\/radiotouring104\/wp-content\/uploads\/sites\/6\/2022\/07\/workshop-ance-giovani-calabria.jpg\" \/>\n\t<meta property=\"og:image:width\" content=\"1600\" \/>\n\t<meta property=\"og:image:height\" content=\"1200\" \/>\n\t<meta property=\"og:image:type\" content=\"image\/jpeg\" \/>\n<meta name=\"author\" content=\"redazione\" \/>\n<meta name=\"twitter:card\" content=\"summary_large_image\" \/>\n<meta name=\"twitter:label1\" content=\"Scritto da\" \/>\n\t<meta name=\"twitter:data1\" content=\"redazione\" \/>\n\t<meta name=\"twitter:label2\" content=\"Tempo di lettura stimato\" \/>\n\t<meta name=\"twitter:data2\" content=\"10 minuti\" \/>\n<script type=\"application\/ld+json\" class=\"yoast-schema-graph\">{\"@context\":\"https:\/\/schema.org\",\"@graph\":[{\"@type\":\"Article\",\"@id\":\"https:\/\/progettotouring.it\/radiotouring104\/2022\/07\/08\/palazzo-alvaro-ieri-il-workshop-ance-giovani-calabria-rigenerazione-urbana-e-sviluppo-sostenibile-delle-citta\/#article\",\"isPartOf\":{\"@id\":\"https:\/\/progettotouring.it\/radiotouring104\/2022\/07\/08\/palazzo-alvaro-ieri-il-workshop-ance-giovani-calabria-rigenerazione-urbana-e-sviluppo-sostenibile-delle-citta\/\"},\"author\":{\"name\":\"redazione\",\"@id\":\"https:\/\/progettotouring.it\/radiotouring104\/#\/schema\/person\/1b3eb3c07c47136bc44c785c543e635f\"},\"headline\":\"Palazzo Alvaro, ieri il Workshop ANCE Giovani Calabria \u201cRigenerazione Urbana e Sviluppo Sostenibile delle Citt\u00e0\u201d\",\"datePublished\":\"2022-07-08T14:50:05+00:00\",\"dateModified\":\"2022-07-08T14:50:24+00:00\",\"mainEntityOfPage\":{\"@id\":\"https:\/\/progettotouring.it\/radiotouring104\/2022\/07\/08\/palazzo-alvaro-ieri-il-workshop-ance-giovani-calabria-rigenerazione-urbana-e-sviluppo-sostenibile-delle-citta\/\"},\"wordCount\":2079,\"commentCount\":0,\"publisher\":{\"@id\":\"https:\/\/progettotouring.it\/radiotouring104\/#organization\"},\"image\":{\"@id\":\"https:\/\/progettotouring.it\/radiotouring104\/2022\/07\/08\/palazzo-alvaro-ieri-il-workshop-ance-giovani-calabria-rigenerazione-urbana-e-sviluppo-sostenibile-delle-citta\/#primaryimage\"},\"thumbnailUrl\":\"https:\/\/progettotouring.it\/radiotouring104\/wp-content\/uploads\/sites\/6\/2022\/07\/workshop-ance-giovani-calabria.jpg\",\"keywords\":[\"ance calabria\",\"ance giovani\",\"ANCE Giovani Calabria\",\"Palazzo Alvaro\",\"rigenerazione urbana\"],\"articleSection\":[\"Home\",\"News\",\"Reggio Calabria\"],\"inLanguage\":\"it-IT\",\"potentialAction\":[{\"@type\":\"CommentAction\",\"name\":\"Comment\",\"target\":[\"https:\/\/progettotouring.it\/radiotouring104\/2022\/07\/08\/palazzo-alvaro-ieri-il-workshop-ance-giovani-calabria-rigenerazione-urbana-e-sviluppo-sostenibile-delle-citta\/#respond\"]}]},{\"@type\":\"WebPage\",\"@id\":\"https:\/\/progettotouring.it\/radiotouring104\/2022\/07\/08\/palazzo-alvaro-ieri-il-workshop-ance-giovani-calabria-rigenerazione-urbana-e-sviluppo-sostenibile-delle-citta\/\",\"url\":\"https:\/\/progettotouring.it\/radiotouring104\/2022\/07\/08\/palazzo-alvaro-ieri-il-workshop-ance-giovani-calabria-rigenerazione-urbana-e-sviluppo-sostenibile-delle-citta\/\",\"name\":\"Palazzo Alvaro, ieri il Workshop ANCE Giovani su rigenerazione urbana\",\"isPartOf\":{\"@id\":\"https:\/\/progettotouring.it\/radiotouring104\/#website\"},\"primaryImageOfPage\":{\"@id\":\"https:\/\/progettotouring.it\/radiotouring104\/2022\/07\/08\/palazzo-alvaro-ieri-il-workshop-ance-giovani-calabria-rigenerazione-urbana-e-sviluppo-sostenibile-delle-citta\/#primaryimage\"},\"image\":{\"@id\":\"https:\/\/progettotouring.it\/radiotouring104\/2022\/07\/08\/palazzo-alvaro-ieri-il-workshop-ance-giovani-calabria-rigenerazione-urbana-e-sviluppo-sostenibile-delle-citta\/#primaryimage\"},\"thumbnailUrl\":\"https:\/\/progettotouring.it\/radiotouring104\/wp-content\/uploads\/sites\/6\/2022\/07\/workshop-ance-giovani-calabria.jpg\",\"datePublished\":\"2022-07-08T14:50:05+00:00\",\"dateModified\":\"2022-07-08T14:50:24+00:00\",\"description\":\"Workshop in collaborazione con l\u2019Ordine degli Architetti, patrocinio del Consiglio Regionale e della Citt\u00e0 Metropolitana di Reggio Calabria\",\"breadcrumb\":{\"@id\":\"https:\/\/progettotouring.it\/radiotouring104\/2022\/07\/08\/palazzo-alvaro-ieri-il-workshop-ance-giovani-calabria-rigenerazione-urbana-e-sviluppo-sostenibile-delle-citta\/#breadcrumb\"},\"inLanguage\":\"it-IT\",\"potentialAction\":[{\"@type\":\"ReadAction\",\"target\":[\"https:\/\/progettotouring.it\/radiotouring104\/2022\/07\/08\/palazzo-alvaro-ieri-il-workshop-ance-giovani-calabria-rigenerazione-urbana-e-sviluppo-sostenibile-delle-citta\/\"]}]},{\"@type\":\"ImageObject\",\"inLanguage\":\"it-IT\",\"@id\":\"https:\/\/progettotouring.it\/radiotouring104\/2022\/07\/08\/palazzo-alvaro-ieri-il-workshop-ance-giovani-calabria-rigenerazione-urbana-e-sviluppo-sostenibile-delle-citta\/#primaryimage\",\"url\":\"https:\/\/progettotouring.it\/radiotouring104\/wp-content\/uploads\/sites\/6\/2022\/07\/workshop-ance-giovani-calabria.jpg\",\"contentUrl\":\"https:\/\/progettotouring.it\/radiotouring104\/wp-content\/uploads\/sites\/6\/2022\/07\/workshop-ance-giovani-calabria.jpg\",\"width\":1600,\"height\":1200},{\"@type\":\"BreadcrumbList\",\"@id\":\"https:\/\/progettotouring.it\/radiotouring104\/2022\/07\/08\/palazzo-alvaro-ieri-il-workshop-ance-giovani-calabria-rigenerazione-urbana-e-sviluppo-sostenibile-delle-citta\/#breadcrumb\",\"itemListElement\":[{\"@type\":\"ListItem\",\"position\":1,\"name\":\"Home\",\"item\":\"https:\/\/progettotouring.it\/radiotouring104\/\"},{\"@type\":\"ListItem\",\"position\":2,\"name\":\"Palazzo Alvaro, ieri il Workshop ANCE Giovani Calabria \u201cRigenerazione Urbana e Sviluppo Sostenibile delle Citt\u00e0\u201d\"}]},{\"@type\":\"WebSite\",\"@id\":\"https:\/\/progettotouring.it\/radiotouring104\/#website\",\"url\":\"https:\/\/progettotouring.it\/radiotouring104\/\",\"name\":\"Radio Touring 104\",\"description\":\"La prima radio Reggina\",\"publisher\":{\"@id\":\"https:\/\/progettotouring.it\/radiotouring104\/#organization\"},\"potentialAction\":[{\"@type\":\"SearchAction\",\"target\":{\"@type\":\"EntryPoint\",\"urlTemplate\":\"https:\/\/progettotouring.it\/radiotouring104\/?s={search_term_string}\"},\"query-input\":{\"@type\":\"PropertyValueSpecification\",\"valueRequired\":true,\"valueName\":\"search_term_string\"}}],\"inLanguage\":\"it-IT\"},{\"@type\":\"Organization\",\"@id\":\"https:\/\/progettotouring.it\/radiotouring104\/#organization\",\"name\":\"Radio Touring 104\",\"url\":\"https:\/\/progettotouring.it\/radiotouring104\/\",\"logo\":{\"@type\":\"ImageObject\",\"inLanguage\":\"it-IT\",\"@id\":\"https:\/\/progettotouring.it\/radiotouring104\/#\/schema\/logo\/image\/\",\"url\":\"https:\/\/progettotouring.it\/radiotouring104\/wp-content\/uploads\/sites\/6\/2022\/02\/cropped-logo-radio-touring-104.png\",\"contentUrl\":\"https:\/\/progettotouring.it\/radiotouring104\/wp-content\/uploads\/sites\/6\/2022\/02\/cropped-logo-radio-touring-104.png\",\"width\":377,\"height\":182,\"caption\":\"Radio Touring 104\"},\"image\":{\"@id\":\"https:\/\/progettotouring.it\/radiotouring104\/#\/schema\/logo\/image\/\"}},{\"@type\":\"Person\",\"@id\":\"https:\/\/progettotouring.it\/radiotouring104\/#\/schema\/person\/1b3eb3c07c47136bc44c785c543e635f\",\"name\":\"redazione\",\"image\":{\"@type\":\"ImageObject\",\"inLanguage\":\"it-IT\",\"@id\":\"https:\/\/secure.gravatar.com\/avatar\/0b31605b49f100769e8b624b3e05de1b73e1692e9568a352f60f53fd072e6e11?s=96&d=mm&r=g\",\"url\":\"https:\/\/secure.gravatar.com\/avatar\/0b31605b49f100769e8b624b3e05de1b73e1692e9568a352f60f53fd072e6e11?s=96&d=mm&r=g\",\"contentUrl\":\"https:\/\/secure.gravatar.com\/avatar\/0b31605b49f100769e8b624b3e05de1b73e1692e9568a352f60f53fd072e6e11?s=96&d=mm&r=g\",\"caption\":\"redazione\"},\"url\":\"https:\/\/progettotouring.it\/radiotouring104\/author\/redazione\/\"}]}<\/script>\n<!-- \/ Yoast SEO plugin. -->","yoast_head_json":{"title":"Palazzo Alvaro, ieri il Workshop ANCE Giovani su rigenerazione urbana","description":"Workshop in collaborazione con l\u2019Ordine degli Architetti, patrocinio del Consiglio Regionale e della Citt\u00e0 Metropolitana di Reggio Calabria","robots":{"index":"index","follow":"follow","max-snippet":"max-snippet:-1","max-image-preview":"max-image-preview:large","max-video-preview":"max-video-preview:-1"},"canonical":"https:\/\/progettotouring.it\/radiotouring104\/2022\/07\/08\/palazzo-alvaro-ieri-il-workshop-ance-giovani-calabria-rigenerazione-urbana-e-sviluppo-sostenibile-delle-citta\/","og_locale":"it_IT","og_type":"article","og_title":"Palazzo Alvaro, ieri il Workshop ANCE Giovani su rigenerazione urbana","og_description":"Workshop in collaborazione con l\u2019Ordine degli Architetti, patrocinio del Consiglio Regionale e della Citt\u00e0 Metropolitana di Reggio Calabria","og_url":"https:\/\/progettotouring.it\/radiotouring104\/2022\/07\/08\/palazzo-alvaro-ieri-il-workshop-ance-giovani-calabria-rigenerazione-urbana-e-sviluppo-sostenibile-delle-citta\/","og_site_name":"Radio Touring 104","article_published_time":"2022-07-08T14:50:05+00:00","article_modified_time":"2022-07-08T14:50:24+00:00","og_image":[{"width":1600,"height":1200,"url":"https:\/\/progettotouring.it\/radiotouring104\/wp-content\/uploads\/sites\/6\/2022\/07\/workshop-ance-giovani-calabria.jpg","type":"image\/jpeg"}],"author":"redazione","twitter_card":"summary_large_image","twitter_misc":{"Scritto da":"redazione","Tempo di lettura stimato":"10 minuti"},"schema":{"@context":"https:\/\/schema.org","@graph":[{"@type":"Article","@id":"https:\/\/progettotouring.it\/radiotouring104\/2022\/07\/08\/palazzo-alvaro-ieri-il-workshop-ance-giovani-calabria-rigenerazione-urbana-e-sviluppo-sostenibile-delle-citta\/#article","isPartOf":{"@id":"https:\/\/progettotouring.it\/radiotouring104\/2022\/07\/08\/palazzo-alvaro-ieri-il-workshop-ance-giovani-calabria-rigenerazione-urbana-e-sviluppo-sostenibile-delle-citta\/"},"author":{"name":"redazione","@id":"https:\/\/progettotouring.it\/radiotouring104\/#\/schema\/person\/1b3eb3c07c47136bc44c785c543e635f"},"headline":"Palazzo Alvaro, ieri il Workshop ANCE Giovani Calabria \u201cRigenerazione Urbana e Sviluppo Sostenibile delle Citt\u00e0\u201d","datePublished":"2022-07-08T14:50:05+00:00","dateModified":"2022-07-08T14:50:24+00:00","mainEntityOfPage":{"@id":"https:\/\/progettotouring.it\/radiotouring104\/2022\/07\/08\/palazzo-alvaro-ieri-il-workshop-ance-giovani-calabria-rigenerazione-urbana-e-sviluppo-sostenibile-delle-citta\/"},"wordCount":2079,"commentCount":0,"publisher":{"@id":"https:\/\/progettotouring.it\/radiotouring104\/#organization"},"image":{"@id":"https:\/\/progettotouring.it\/radiotouring104\/2022\/07\/08\/palazzo-alvaro-ieri-il-workshop-ance-giovani-calabria-rigenerazione-urbana-e-sviluppo-sostenibile-delle-citta\/#primaryimage"},"thumbnailUrl":"https:\/\/progettotouring.it\/radiotouring104\/wp-content\/uploads\/sites\/6\/2022\/07\/workshop-ance-giovani-calabria.jpg","keywords":["ance calabria","ance giovani","ANCE Giovani Calabria","Palazzo Alvaro","rigenerazione urbana"],"articleSection":["Home","News","Reggio Calabria"],"inLanguage":"it-IT","potentialAction":[{"@type":"CommentAction","name":"Comment","target":["https:\/\/progettotouring.it\/radiotouring104\/2022\/07\/08\/palazzo-alvaro-ieri-il-workshop-ance-giovani-calabria-rigenerazione-urbana-e-sviluppo-sostenibile-delle-citta\/#respond"]}]},{"@type":"WebPage","@id":"https:\/\/progettotouring.it\/radiotouring104\/2022\/07\/08\/palazzo-alvaro-ieri-il-workshop-ance-giovani-calabria-rigenerazione-urbana-e-sviluppo-sostenibile-delle-citta\/","url":"https:\/\/progettotouring.it\/radiotouring104\/2022\/07\/08\/palazzo-alvaro-ieri-il-workshop-ance-giovani-calabria-rigenerazione-urbana-e-sviluppo-sostenibile-delle-citta\/","name":"Palazzo Alvaro, ieri il Workshop ANCE Giovani su rigenerazione urbana","isPartOf":{"@id":"https:\/\/progettotouring.it\/radiotouring104\/#website"},"primaryImageOfPage":{"@id":"https:\/\/progettotouring.it\/radiotouring104\/2022\/07\/08\/palazzo-alvaro-ieri-il-workshop-ance-giovani-calabria-rigenerazione-urbana-e-sviluppo-sostenibile-delle-citta\/#primaryimage"},"image":{"@id":"https:\/\/progettotouring.it\/radiotouring104\/2022\/07\/08\/palazzo-alvaro-ieri-il-workshop-ance-giovani-calabria-rigenerazione-urbana-e-sviluppo-sostenibile-delle-citta\/#primaryimage"},"thumbnailUrl":"https:\/\/progettotouring.it\/radiotouring104\/wp-content\/uploads\/sites\/6\/2022\/07\/workshop-ance-giovani-calabria.jpg","datePublished":"2022-07-08T14:50:05+00:00","dateModified":"2022-07-08T14:50:24+00:00","description":"Workshop in collaborazione con l\u2019Ordine degli Architetti, patrocinio del Consiglio Regionale e della Citt\u00e0 Metropolitana di Reggio Calabria","breadcrumb":{"@id":"https:\/\/progettotouring.it\/radiotouring104\/2022\/07\/08\/palazzo-alvaro-ieri-il-workshop-ance-giovani-calabria-rigenerazione-urbana-e-sviluppo-sostenibile-delle-citta\/#breadcrumb"},"inLanguage":"it-IT","potentialAction":[{"@type":"ReadAction","target":["https:\/\/progettotouring.it\/radiotouring104\/2022\/07\/08\/palazzo-alvaro-ieri-il-workshop-ance-giovani-calabria-rigenerazione-urbana-e-sviluppo-sostenibile-delle-citta\/"]}]},{"@type":"ImageObject","inLanguage":"it-IT","@id":"https:\/\/progettotouring.it\/radiotouring104\/2022\/07\/08\/palazzo-alvaro-ieri-il-workshop-ance-giovani-calabria-rigenerazione-urbana-e-sviluppo-sostenibile-delle-citta\/#primaryimage","url":"https:\/\/progettotouring.it\/radiotouring104\/wp-content\/uploads\/sites\/6\/2022\/07\/workshop-ance-giovani-calabria.jpg","contentUrl":"https:\/\/progettotouring.it\/radiotouring104\/wp-content\/uploads\/sites\/6\/2022\/07\/workshop-ance-giovani-calabria.jpg","width":1600,"height":1200},{"@type":"BreadcrumbList","@id":"https:\/\/progettotouring.it\/radiotouring104\/2022\/07\/08\/palazzo-alvaro-ieri-il-workshop-ance-giovani-calabria-rigenerazione-urbana-e-sviluppo-sostenibile-delle-citta\/#breadcrumb","itemListElement":[{"@type":"ListItem","position":1,"name":"Home","item":"https:\/\/progettotouring.it\/radiotouring104\/"},{"@type":"ListItem","position":2,"name":"Palazzo Alvaro, ieri il Workshop ANCE Giovani Calabria \u201cRigenerazione Urbana e Sviluppo Sostenibile delle Citt\u00e0\u201d"}]},{"@type":"WebSite","@id":"https:\/\/progettotouring.it\/radiotouring104\/#website","url":"https:\/\/progettotouring.it\/radiotouring104\/","name":"Radio Touring 104","description":"La prima radio Reggina","publisher":{"@id":"https:\/\/progettotouring.it\/radiotouring104\/#organization"},"potentialAction":[{"@type":"SearchAction","target":{"@type":"EntryPoint","urlTemplate":"https:\/\/progettotouring.it\/radiotouring104\/?s={search_term_string}"},"query-input":{"@type":"PropertyValueSpecification","valueRequired":true,"valueName":"search_term_string"}}],"inLanguage":"it-IT"},{"@type":"Organization","@id":"https:\/\/progettotouring.it\/radiotouring104\/#organization","name":"Radio Touring 104","url":"https:\/\/progettotouring.it\/radiotouring104\/","logo":{"@type":"ImageObject","inLanguage":"it-IT","@id":"https:\/\/progettotouring.it\/radiotouring104\/#\/schema\/logo\/image\/","url":"https:\/\/progettotouring.it\/radiotouring104\/wp-content\/uploads\/sites\/6\/2022\/02\/cropped-logo-radio-touring-104.png","contentUrl":"https:\/\/progettotouring.it\/radiotouring104\/wp-content\/uploads\/sites\/6\/2022\/02\/cropped-logo-radio-touring-104.png","width":377,"height":182,"caption":"Radio Touring 104"},"image":{"@id":"https:\/\/progettotouring.it\/radiotouring104\/#\/schema\/logo\/image\/"}},{"@type":"Person","@id":"https:\/\/progettotouring.it\/radiotouring104\/#\/schema\/person\/1b3eb3c07c47136bc44c785c543e635f","name":"redazione","image":{"@type":"ImageObject","inLanguage":"it-IT","@id":"https:\/\/secure.gravatar.com\/avatar\/0b31605b49f100769e8b624b3e05de1b73e1692e9568a352f60f53fd072e6e11?s=96&d=mm&r=g","url":"https:\/\/secure.gravatar.com\/avatar\/0b31605b49f100769e8b624b3e05de1b73e1692e9568a352f60f53fd072e6e11?s=96&d=mm&r=g","contentUrl":"https:\/\/secure.gravatar.com\/avatar\/0b31605b49f100769e8b624b3e05de1b73e1692e9568a352f60f53fd072e6e11?s=96&d=mm&r=g","caption":"redazione"},"url":"https:\/\/progettotouring.it\/radiotouring104\/author\/redazione\/"}]}},"jetpack_publicize_connections":[],"jetpack_featured_media_url":"https:\/\/progettotouring.it\/radiotouring104\/wp-content\/uploads\/sites\/6\/2022\/07\/workshop-ance-giovani-calabria.jpg","jetpack_sharing_enabled":true,"_links":{"self":[{"href":"https:\/\/progettotouring.it\/radiotouring104\/wp-json\/wp\/v2\/posts\/7730","targetHints":{"allow":["GET"]}}],"collection":[{"href":"https:\/\/progettotouring.it\/radiotouring104\/wp-json\/wp\/v2\/posts"}],"about":[{"href":"https:\/\/progettotouring.it\/radiotouring104\/wp-json\/wp\/v2\/types\/post"}],"author":[{"embeddable":true,"href":"https:\/\/progettotouring.it\/radiotouring104\/wp-json\/wp\/v2\/users\/5"}],"replies":[{"embeddable":true,"href":"https:\/\/progettotouring.it\/radiotouring104\/wp-json\/wp\/v2\/comments?post=7730"}],"version-history":[{"count":1,"href":"https:\/\/progettotouring.it\/radiotouring104\/wp-json\/wp\/v2\/posts\/7730\/revisions"}],"predecessor-version":[{"id":7732,"href":"https:\/\/progettotouring.it\/radiotouring104\/wp-json\/wp\/v2\/posts\/7730\/revisions\/7732"}],"wp:featuredmedia":[{"embeddable":true,"href":"https:\/\/progettotouring.it\/radiotouring104\/wp-json\/wp\/v2\/media\/7731"}],"wp:attachment":[{"href":"https:\/\/progettotouring.it\/radiotouring104\/wp-json\/wp\/v2\/media?parent=7730"}],"wp:term":[{"taxonomy":"category","embeddable":true,"href":"https:\/\/progettotouring.it\/radiotouring104\/wp-json\/wp\/v2\/categories?post=7730"},{"taxonomy":"post_tag","embeddable":true,"href":"https:\/\/progettotouring.it\/radiotouring104\/wp-json\/wp\/v2\/tags?post=7730"}],"curies":[{"name":"wp","href":"https:\/\/api.w.org\/{rel}","templated":true}]}}