{"id":7761,"date":"2022-07-11T12:39:34","date_gmt":"2022-07-11T10:39:34","guid":{"rendered":"https:\/\/progettotouring.it\/radiotouring104\/?p=7761"},"modified":"2022-07-11T16:13:16","modified_gmt":"2022-07-11T14:13:16","slug":"polistena-carenza-di-personale-allospedale-santa-maria-degli-ungheresi","status":"publish","type":"post","link":"https:\/\/progettotouring.it\/radiotouring104\/2022\/07\/11\/polistena-carenza-di-personale-allospedale-santa-maria-degli-ungheresi\/","title":{"rendered":"Sanit\u00e0: chiusi i PPI di Scilla, Palmi e Oppido per dare supporto all&#8217;ospedale di Polistena"},"content":{"rendered":"<p style=\"text-align: justify;\">Prosegue l&#8217;emergenza all&#8217;Ospedale di Polistena, dove ormai da diversi giorni la carenza di personale sta mettendo a dura prova l&#8217;erogazione dei servizi di assistenza sanitaria, specialmente per quanto riguarda il pronto soccorso, e portando alla chiusura del reparto di rianimazione.<br \/>\nIl commissario straordinario Lucia di Furia ha convocato d&#8217;urgenza una riunione del collegio di direzione dell&#8217;Asp di Reggio Calabria, dove, a seguito di un grosso dibattito, si \u00e8 deciso di sopperire temporaneamente al problema chiudendo i punti di primo intervento di Scilla, Palmi e Oppido Mamertina per quindici giorni, salvo prorogarsi della criticit\u00e0.<br \/>\nLa decisione arriva a seguito del rivelarsi fallimentare di altre azioni riparatrici proposte, quali le richieste (rifiutate) di prestazioni aggiuntive ai medici in servizio, reclutamento di personale (introvabile) e affidamento del servizio di fornitura di prestazioni sanitarie (le cui tempistiche sono troppo lunghe per auspicare una risoluzione immediata.<br \/>\nLa carenza di personale ha portato momenti di tensione in pronto soccorso durante questo fine settimana, con un solo medico in servizio. Resosi necessario l&#8217;intervento dei carabinieri, \u00e8 stato lo stesso commissario straordinario Lucia di Furia ad alleggerire il problema, dimettendo per qualche ora i panni di manager e tornando a indossare il camice bianco, in supporto del collega.<br \/>\nIl sindaco di Polistena Michele Tripodi ha commentato la situazione dicendo che &#8220;certamente non \u00e8 questa la soluzione ai problemi della sanit\u00e0 che testimonia come la coperta sia sempre troppo corta e si accorci ancora di pi\u00f9 durante la stagione estiva&#8221; e sollecita l&#8217;Asp a &#8220;percorrere qualunque strada possibile, compresa quella di far arrivare specializzandi delle universit\u00e0 o volontari affinch\u00e9 il reparto di rianimazione ritorni ad essere funzionale&#8221;.<\/p>\n","protected":false},"excerpt":{"rendered":"<p>Prosegue l&#8217;emergenza all&#8217;Ospedale di Polistena, dove ormai da diversi giorni la carenza di personale sta mettendo a dura prova l&#8217;erogazione dei servizi di assistenza sanitaria, specialmente per quanto riguarda il&hellip;<\/p>\n","protected":false},"author":1,"featured_media":7762,"comment_status":"open","ping_status":"open","sticky":false,"template":"","format":"standard","meta":{"_jetpack_memberships_contains_paid_content":false,"footnotes":"","jetpack_publicize_message":"","jetpack_publicize_feature_enabled":true,"jetpack_social_post_already_shared":false,"jetpack_social_options":{"image_generator_settings":{"template":"highway","default_image_id":0,"font":"","enabled":false},"version":2}},"categories":[921,150,196,140],"tags":[3512,2303,3513,2052,3511,464,828,3537,1533],"class_list":["post-7761","post","type-post","status-publish","format-standard","has-post-thumbnail","hentry","category-home","category-in-primo-piano","category-news","category-reggio-calabria","tag-asp-di-reggio-calabria","tag-lucia-di-furia","tag-michele-tripodi","tag-oppido-mamertina","tag-ospedale-di-polistena","tag-palmi","tag-polistena","tag-punti-di-primo-intervento","tag-scilla"],"yoast_head":"<!-- This site is optimized with the Yoast SEO plugin v27.2 - https:\/\/yoast.com\/product\/yoast-seo-wordpress\/ -->\n<title>Chiusi i PPI di Scilla, Palmi e Oppido:medici inviati all&#039;ospedale di Polistena<\/title>\n<meta name=\"description\" content=\"La decisione \u00e8 arrivata a seguito della riunione d&#039;urgenza convocata dal commissario straordinario Lucia di Furia\" \/>\n<meta name=\"robots\" content=\"index, follow, max-snippet:-1, max-image-preview:large, max-video-preview:-1\" \/>\n<link rel=\"canonical\" href=\"https:\/\/progettotouring.it\/radiotouring104\/2022\/07\/11\/polistena-carenza-di-personale-allospedale-santa-maria-degli-ungheresi\/\" \/>\n<meta property=\"og:locale\" content=\"it_IT\" \/>\n<meta property=\"og:type\" content=\"article\" \/>\n<meta property=\"og:title\" content=\"Chiusi i PPI di Scilla, Palmi e Oppido:medici inviati all&#039;ospedale di Polistena\" \/>\n<meta property=\"og:description\" content=\"La decisione \u00e8 arrivata a seguito della riunione d&#039;urgenza convocata dal commissario straordinario Lucia di Furia\" \/>\n<meta property=\"og:url\" content=\"https:\/\/progettotouring.it\/radiotouring104\/2022\/07\/11\/polistena-carenza-di-personale-allospedale-santa-maria-degli-ungheresi\/\" \/>\n<meta property=\"og:site_name\" content=\"Radio Touring 104\" \/>\n<meta property=\"article:published_time\" content=\"2022-07-11T10:39:34+00:00\" \/>\n<meta property=\"article:modified_time\" content=\"2022-07-11T14:13:16+00:00\" \/>\n<meta property=\"og:image\" content=\"https:\/\/progettotouring.it\/radiotouring104\/wp-content\/uploads\/sites\/6\/2022\/07\/2021_polistena_ospedale_pronto_soccorso_1200.jpg\" \/>\n\t<meta property=\"og:image:width\" content=\"1200\" \/>\n\t<meta property=\"og:image:height\" content=\"720\" \/>\n\t<meta property=\"og:image:type\" content=\"image\/jpeg\" \/>\n<meta name=\"author\" content=\"Chiara Cucinotta\" \/>\n<meta name=\"twitter:card\" content=\"summary_large_image\" \/>\n<meta name=\"twitter:label1\" content=\"Scritto da\" \/>\n\t<meta name=\"twitter:data1\" content=\"Chiara Cucinotta\" \/>\n\t<meta name=\"twitter:label2\" content=\"Tempo di lettura stimato\" \/>\n\t<meta name=\"twitter:data2\" content=\"1 minuto\" \/>\n<script type=\"application\/ld+json\" class=\"yoast-schema-graph\">{\"@context\":\"https:\/\/schema.org\",\"@graph\":[{\"@type\":\"Article\",\"@id\":\"https:\/\/progettotouring.it\/radiotouring104\/2022\/07\/11\/polistena-carenza-di-personale-allospedale-santa-maria-degli-ungheresi\/#article\",\"isPartOf\":{\"@id\":\"https:\/\/progettotouring.it\/radiotouring104\/2022\/07\/11\/polistena-carenza-di-personale-allospedale-santa-maria-degli-ungheresi\/\"},\"author\":{\"name\":\"Chiara Cucinotta\",\"@id\":\"https:\/\/progettotouring.it\/radiotouring104\/#\/schema\/person\/f01f189b71df20dcfc0890eea7e67a0e\"},\"headline\":\"Sanit\u00e0: chiusi i PPI di Scilla, Palmi e Oppido per dare supporto all&#8217;ospedale di Polistena\",\"datePublished\":\"2022-07-11T10:39:34+00:00\",\"dateModified\":\"2022-07-11T14:13:16+00:00\",\"mainEntityOfPage\":{\"@id\":\"https:\/\/progettotouring.it\/radiotouring104\/2022\/07\/11\/polistena-carenza-di-personale-allospedale-santa-maria-degli-ungheresi\/\"},\"wordCount\":280,\"commentCount\":0,\"publisher\":{\"@id\":\"https:\/\/progettotouring.it\/radiotouring104\/#organization\"},\"image\":{\"@id\":\"https:\/\/progettotouring.it\/radiotouring104\/2022\/07\/11\/polistena-carenza-di-personale-allospedale-santa-maria-degli-ungheresi\/#primaryimage\"},\"thumbnailUrl\":\"https:\/\/progettotouring.it\/radiotouring104\/wp-content\/uploads\/sites\/6\/2022\/07\/2021_polistena_ospedale_pronto_soccorso_1200.jpg\",\"keywords\":[\"Asp di Reggio Calabria\",\"lucia di furia\",\"Michele Tripodi\",\"Oppido Mamertina\",\"Ospedale di Polistena\",\"Palmi\",\"Polistena\",\"Punti di primo intervento\",\"scilla\"],\"articleSection\":[\"Home\",\"In primo piano\",\"News\",\"Reggio Calabria\"],\"inLanguage\":\"it-IT\",\"potentialAction\":[{\"@type\":\"CommentAction\",\"name\":\"Comment\",\"target\":[\"https:\/\/progettotouring.it\/radiotouring104\/2022\/07\/11\/polistena-carenza-di-personale-allospedale-santa-maria-degli-ungheresi\/#respond\"]}]},{\"@type\":\"WebPage\",\"@id\":\"https:\/\/progettotouring.it\/radiotouring104\/2022\/07\/11\/polistena-carenza-di-personale-allospedale-santa-maria-degli-ungheresi\/\",\"url\":\"https:\/\/progettotouring.it\/radiotouring104\/2022\/07\/11\/polistena-carenza-di-personale-allospedale-santa-maria-degli-ungheresi\/\",\"name\":\"Chiusi i PPI di Scilla, Palmi e Oppido:medici inviati all'ospedale di Polistena\",\"isPartOf\":{\"@id\":\"https:\/\/progettotouring.it\/radiotouring104\/#website\"},\"primaryImageOfPage\":{\"@id\":\"https:\/\/progettotouring.it\/radiotouring104\/2022\/07\/11\/polistena-carenza-di-personale-allospedale-santa-maria-degli-ungheresi\/#primaryimage\"},\"image\":{\"@id\":\"https:\/\/progettotouring.it\/radiotouring104\/2022\/07\/11\/polistena-carenza-di-personale-allospedale-santa-maria-degli-ungheresi\/#primaryimage\"},\"thumbnailUrl\":\"https:\/\/progettotouring.it\/radiotouring104\/wp-content\/uploads\/sites\/6\/2022\/07\/2021_polistena_ospedale_pronto_soccorso_1200.jpg\",\"datePublished\":\"2022-07-11T10:39:34+00:00\",\"dateModified\":\"2022-07-11T14:13:16+00:00\",\"description\":\"La decisione \u00e8 arrivata a seguito della riunione d'urgenza convocata dal commissario straordinario Lucia di Furia\",\"breadcrumb\":{\"@id\":\"https:\/\/progettotouring.it\/radiotouring104\/2022\/07\/11\/polistena-carenza-di-personale-allospedale-santa-maria-degli-ungheresi\/#breadcrumb\"},\"inLanguage\":\"it-IT\",\"potentialAction\":[{\"@type\":\"ReadAction\",\"target\":[\"https:\/\/progettotouring.it\/radiotouring104\/2022\/07\/11\/polistena-carenza-di-personale-allospedale-santa-maria-degli-ungheresi\/\"]}]},{\"@type\":\"ImageObject\",\"inLanguage\":\"it-IT\",\"@id\":\"https:\/\/progettotouring.it\/radiotouring104\/2022\/07\/11\/polistena-carenza-di-personale-allospedale-santa-maria-degli-ungheresi\/#primaryimage\",\"url\":\"https:\/\/progettotouring.it\/radiotouring104\/wp-content\/uploads\/sites\/6\/2022\/07\/2021_polistena_ospedale_pronto_soccorso_1200.jpg\",\"contentUrl\":\"https:\/\/progettotouring.it\/radiotouring104\/wp-content\/uploads\/sites\/6\/2022\/07\/2021_polistena_ospedale_pronto_soccorso_1200.jpg\",\"width\":1200,\"height\":720},{\"@type\":\"BreadcrumbList\",\"@id\":\"https:\/\/progettotouring.it\/radiotouring104\/2022\/07\/11\/polistena-carenza-di-personale-allospedale-santa-maria-degli-ungheresi\/#breadcrumb\",\"itemListElement\":[{\"@type\":\"ListItem\",\"position\":1,\"name\":\"Home\",\"item\":\"https:\/\/progettotouring.it\/radiotouring104\/\"},{\"@type\":\"ListItem\",\"position\":2,\"name\":\"Sanit\u00e0: chiusi i PPI di Scilla, Palmi e Oppido per dare supporto all&#8217;ospedale di Polistena\"}]},{\"@type\":\"WebSite\",\"@id\":\"https:\/\/progettotouring.it\/radiotouring104\/#website\",\"url\":\"https:\/\/progettotouring.it\/radiotouring104\/\",\"name\":\"Radio Touring 104\",\"description\":\"La prima radio Reggina\",\"publisher\":{\"@id\":\"https:\/\/progettotouring.it\/radiotouring104\/#organization\"},\"potentialAction\":[{\"@type\":\"SearchAction\",\"target\":{\"@type\":\"EntryPoint\",\"urlTemplate\":\"https:\/\/progettotouring.it\/radiotouring104\/?s={search_term_string}\"},\"query-input\":{\"@type\":\"PropertyValueSpecification\",\"valueRequired\":true,\"valueName\":\"search_term_string\"}}],\"inLanguage\":\"it-IT\"},{\"@type\":\"Organization\",\"@id\":\"https:\/\/progettotouring.it\/radiotouring104\/#organization\",\"name\":\"Radio Touring 104\",\"url\":\"https:\/\/progettotouring.it\/radiotouring104\/\",\"logo\":{\"@type\":\"ImageObject\",\"inLanguage\":\"it-IT\",\"@id\":\"https:\/\/progettotouring.it\/radiotouring104\/#\/schema\/logo\/image\/\",\"url\":\"https:\/\/progettotouring.it\/radiotouring104\/wp-content\/uploads\/sites\/6\/2022\/02\/cropped-logo-radio-touring-104.png\",\"contentUrl\":\"https:\/\/progettotouring.it\/radiotouring104\/wp-content\/uploads\/sites\/6\/2022\/02\/cropped-logo-radio-touring-104.png\",\"width\":377,\"height\":182,\"caption\":\"Radio Touring 104\"},\"image\":{\"@id\":\"https:\/\/progettotouring.it\/radiotouring104\/#\/schema\/logo\/image\/\"}},{\"@type\":\"Person\",\"@id\":\"https:\/\/progettotouring.it\/radiotouring104\/#\/schema\/person\/f01f189b71df20dcfc0890eea7e67a0e\",\"name\":\"Chiara Cucinotta\",\"image\":{\"@type\":\"ImageObject\",\"inLanguage\":\"it-IT\",\"@id\":\"https:\/\/secure.gravatar.com\/avatar\/efe17e5613fdef9b05741a23cd4ef4e9b1c39955d8fe11176cb1da3641c96104?s=96&d=mm&r=g\",\"url\":\"https:\/\/secure.gravatar.com\/avatar\/efe17e5613fdef9b05741a23cd4ef4e9b1c39955d8fe11176cb1da3641c96104?s=96&d=mm&r=g\",\"contentUrl\":\"https:\/\/secure.gravatar.com\/avatar\/efe17e5613fdef9b05741a23cd4ef4e9b1c39955d8fe11176cb1da3641c96104?s=96&d=mm&r=g\",\"caption\":\"Chiara Cucinotta\"},\"sameAs\":[\"https:\/\/progettotouring.it\"],\"url\":\"https:\/\/progettotouring.it\/radiotouring104\/author\/auranex\/\"}]}<\/script>\n<!-- \/ Yoast SEO plugin. -->","yoast_head_json":{"title":"Chiusi i PPI di Scilla, Palmi e Oppido:medici inviati all'ospedale di Polistena","description":"La decisione \u00e8 arrivata a seguito della riunione d'urgenza convocata dal commissario straordinario Lucia di Furia","robots":{"index":"index","follow":"follow","max-snippet":"max-snippet:-1","max-image-preview":"max-image-preview:large","max-video-preview":"max-video-preview:-1"},"canonical":"https:\/\/progettotouring.it\/radiotouring104\/2022\/07\/11\/polistena-carenza-di-personale-allospedale-santa-maria-degli-ungheresi\/","og_locale":"it_IT","og_type":"article","og_title":"Chiusi i PPI di Scilla, Palmi e Oppido:medici inviati all'ospedale di Polistena","og_description":"La decisione \u00e8 arrivata a seguito della riunione d'urgenza convocata dal commissario straordinario Lucia di Furia","og_url":"https:\/\/progettotouring.it\/radiotouring104\/2022\/07\/11\/polistena-carenza-di-personale-allospedale-santa-maria-degli-ungheresi\/","og_site_name":"Radio Touring 104","article_published_time":"2022-07-11T10:39:34+00:00","article_modified_time":"2022-07-11T14:13:16+00:00","og_image":[{"width":1200,"height":720,"url":"https:\/\/progettotouring.it\/radiotouring104\/wp-content\/uploads\/sites\/6\/2022\/07\/2021_polistena_ospedale_pronto_soccorso_1200.jpg","type":"image\/jpeg"}],"author":"Chiara Cucinotta","twitter_card":"summary_large_image","twitter_misc":{"Scritto da":"Chiara Cucinotta","Tempo di lettura stimato":"1 minuto"},"schema":{"@context":"https:\/\/schema.org","@graph":[{"@type":"Article","@id":"https:\/\/progettotouring.it\/radiotouring104\/2022\/07\/11\/polistena-carenza-di-personale-allospedale-santa-maria-degli-ungheresi\/#article","isPartOf":{"@id":"https:\/\/progettotouring.it\/radiotouring104\/2022\/07\/11\/polistena-carenza-di-personale-allospedale-santa-maria-degli-ungheresi\/"},"author":{"name":"Chiara Cucinotta","@id":"https:\/\/progettotouring.it\/radiotouring104\/#\/schema\/person\/f01f189b71df20dcfc0890eea7e67a0e"},"headline":"Sanit\u00e0: chiusi i PPI di Scilla, Palmi e Oppido per dare supporto all&#8217;ospedale di Polistena","datePublished":"2022-07-11T10:39:34+00:00","dateModified":"2022-07-11T14:13:16+00:00","mainEntityOfPage":{"@id":"https:\/\/progettotouring.it\/radiotouring104\/2022\/07\/11\/polistena-carenza-di-personale-allospedale-santa-maria-degli-ungheresi\/"},"wordCount":280,"commentCount":0,"publisher":{"@id":"https:\/\/progettotouring.it\/radiotouring104\/#organization"},"image":{"@id":"https:\/\/progettotouring.it\/radiotouring104\/2022\/07\/11\/polistena-carenza-di-personale-allospedale-santa-maria-degli-ungheresi\/#primaryimage"},"thumbnailUrl":"https:\/\/progettotouring.it\/radiotouring104\/wp-content\/uploads\/sites\/6\/2022\/07\/2021_polistena_ospedale_pronto_soccorso_1200.jpg","keywords":["Asp di Reggio Calabria","lucia di furia","Michele Tripodi","Oppido Mamertina","Ospedale di Polistena","Palmi","Polistena","Punti di primo intervento","scilla"],"articleSection":["Home","In primo piano","News","Reggio Calabria"],"inLanguage":"it-IT","potentialAction":[{"@type":"CommentAction","name":"Comment","target":["https:\/\/progettotouring.it\/radiotouring104\/2022\/07\/11\/polistena-carenza-di-personale-allospedale-santa-maria-degli-ungheresi\/#respond"]}]},{"@type":"WebPage","@id":"https:\/\/progettotouring.it\/radiotouring104\/2022\/07\/11\/polistena-carenza-di-personale-allospedale-santa-maria-degli-ungheresi\/","url":"https:\/\/progettotouring.it\/radiotouring104\/2022\/07\/11\/polistena-carenza-di-personale-allospedale-santa-maria-degli-ungheresi\/","name":"Chiusi i PPI di Scilla, Palmi e Oppido:medici inviati all'ospedale di Polistena","isPartOf":{"@id":"https:\/\/progettotouring.it\/radiotouring104\/#website"},"primaryImageOfPage":{"@id":"https:\/\/progettotouring.it\/radiotouring104\/2022\/07\/11\/polistena-carenza-di-personale-allospedale-santa-maria-degli-ungheresi\/#primaryimage"},"image":{"@id":"https:\/\/progettotouring.it\/radiotouring104\/2022\/07\/11\/polistena-carenza-di-personale-allospedale-santa-maria-degli-ungheresi\/#primaryimage"},"thumbnailUrl":"https:\/\/progettotouring.it\/radiotouring104\/wp-content\/uploads\/sites\/6\/2022\/07\/2021_polistena_ospedale_pronto_soccorso_1200.jpg","datePublished":"2022-07-11T10:39:34+00:00","dateModified":"2022-07-11T14:13:16+00:00","description":"La decisione \u00e8 arrivata a seguito della riunione d'urgenza convocata dal commissario straordinario Lucia di Furia","breadcrumb":{"@id":"https:\/\/progettotouring.it\/radiotouring104\/2022\/07\/11\/polistena-carenza-di-personale-allospedale-santa-maria-degli-ungheresi\/#breadcrumb"},"inLanguage":"it-IT","potentialAction":[{"@type":"ReadAction","target":["https:\/\/progettotouring.it\/radiotouring104\/2022\/07\/11\/polistena-carenza-di-personale-allospedale-santa-maria-degli-ungheresi\/"]}]},{"@type":"ImageObject","inLanguage":"it-IT","@id":"https:\/\/progettotouring.it\/radiotouring104\/2022\/07\/11\/polistena-carenza-di-personale-allospedale-santa-maria-degli-ungheresi\/#primaryimage","url":"https:\/\/progettotouring.it\/radiotouring104\/wp-content\/uploads\/sites\/6\/2022\/07\/2021_polistena_ospedale_pronto_soccorso_1200.jpg","contentUrl":"https:\/\/progettotouring.it\/radiotouring104\/wp-content\/uploads\/sites\/6\/2022\/07\/2021_polistena_ospedale_pronto_soccorso_1200.jpg","width":1200,"height":720},{"@type":"BreadcrumbList","@id":"https:\/\/progettotouring.it\/radiotouring104\/2022\/07\/11\/polistena-carenza-di-personale-allospedale-santa-maria-degli-ungheresi\/#breadcrumb","itemListElement":[{"@type":"ListItem","position":1,"name":"Home","item":"https:\/\/progettotouring.it\/radiotouring104\/"},{"@type":"ListItem","position":2,"name":"Sanit\u00e0: chiusi i PPI di Scilla, Palmi e Oppido per dare supporto all&#8217;ospedale di Polistena"}]},{"@type":"WebSite","@id":"https:\/\/progettotouring.it\/radiotouring104\/#website","url":"https:\/\/progettotouring.it\/radiotouring104\/","name":"Radio Touring 104","description":"La prima radio Reggina","publisher":{"@id":"https:\/\/progettotouring.it\/radiotouring104\/#organization"},"potentialAction":[{"@type":"SearchAction","target":{"@type":"EntryPoint","urlTemplate":"https:\/\/progettotouring.it\/radiotouring104\/?s={search_term_string}"},"query-input":{"@type":"PropertyValueSpecification","valueRequired":true,"valueName":"search_term_string"}}],"inLanguage":"it-IT"},{"@type":"Organization","@id":"https:\/\/progettotouring.it\/radiotouring104\/#organization","name":"Radio Touring 104","url":"https:\/\/progettotouring.it\/radiotouring104\/","logo":{"@type":"ImageObject","inLanguage":"it-IT","@id":"https:\/\/progettotouring.it\/radiotouring104\/#\/schema\/logo\/image\/","url":"https:\/\/progettotouring.it\/radiotouring104\/wp-content\/uploads\/sites\/6\/2022\/02\/cropped-logo-radio-touring-104.png","contentUrl":"https:\/\/progettotouring.it\/radiotouring104\/wp-content\/uploads\/sites\/6\/2022\/02\/cropped-logo-radio-touring-104.png","width":377,"height":182,"caption":"Radio Touring 104"},"image":{"@id":"https:\/\/progettotouring.it\/radiotouring104\/#\/schema\/logo\/image\/"}},{"@type":"Person","@id":"https:\/\/progettotouring.it\/radiotouring104\/#\/schema\/person\/f01f189b71df20dcfc0890eea7e67a0e","name":"Chiara Cucinotta","image":{"@type":"ImageObject","inLanguage":"it-IT","@id":"https:\/\/secure.gravatar.com\/avatar\/efe17e5613fdef9b05741a23cd4ef4e9b1c39955d8fe11176cb1da3641c96104?s=96&d=mm&r=g","url":"https:\/\/secure.gravatar.com\/avatar\/efe17e5613fdef9b05741a23cd4ef4e9b1c39955d8fe11176cb1da3641c96104?s=96&d=mm&r=g","contentUrl":"https:\/\/secure.gravatar.com\/avatar\/efe17e5613fdef9b05741a23cd4ef4e9b1c39955d8fe11176cb1da3641c96104?s=96&d=mm&r=g","caption":"Chiara Cucinotta"},"sameAs":["https:\/\/progettotouring.it"],"url":"https:\/\/progettotouring.it\/radiotouring104\/author\/auranex\/"}]}},"jetpack_publicize_connections":[],"jetpack_featured_media_url":"https:\/\/progettotouring.it\/radiotouring104\/wp-content\/uploads\/sites\/6\/2022\/07\/2021_polistena_ospedale_pronto_soccorso_1200.jpg","jetpack_sharing_enabled":true,"_links":{"self":[{"href":"https:\/\/progettotouring.it\/radiotouring104\/wp-json\/wp\/v2\/posts\/7761","targetHints":{"allow":["GET"]}}],"collection":[{"href":"https:\/\/progettotouring.it\/radiotouring104\/wp-json\/wp\/v2\/posts"}],"about":[{"href":"https:\/\/progettotouring.it\/radiotouring104\/wp-json\/wp\/v2\/types\/post"}],"author":[{"embeddable":true,"href":"https:\/\/progettotouring.it\/radiotouring104\/wp-json\/wp\/v2\/users\/1"}],"replies":[{"embeddable":true,"href":"https:\/\/progettotouring.it\/radiotouring104\/wp-json\/wp\/v2\/comments?post=7761"}],"version-history":[{"count":3,"href":"https:\/\/progettotouring.it\/radiotouring104\/wp-json\/wp\/v2\/posts\/7761\/revisions"}],"predecessor-version":[{"id":7781,"href":"https:\/\/progettotouring.it\/radiotouring104\/wp-json\/wp\/v2\/posts\/7761\/revisions\/7781"}],"wp:featuredmedia":[{"embeddable":true,"href":"https:\/\/progettotouring.it\/radiotouring104\/wp-json\/wp\/v2\/media\/7762"}],"wp:attachment":[{"href":"https:\/\/progettotouring.it\/radiotouring104\/wp-json\/wp\/v2\/media?parent=7761"}],"wp:term":[{"taxonomy":"category","embeddable":true,"href":"https:\/\/progettotouring.it\/radiotouring104\/wp-json\/wp\/v2\/categories?post=7761"},{"taxonomy":"post_tag","embeddable":true,"href":"https:\/\/progettotouring.it\/radiotouring104\/wp-json\/wp\/v2\/tags?post=7761"}],"curies":[{"name":"wp","href":"https:\/\/api.w.org\/{rel}","templated":true}]}}