{"id":78324,"date":"2025-07-23T19:11:26","date_gmt":"2025-07-23T17:11:26","guid":{"rendered":"https:\/\/progettotouring.it\/radiotouring104\/?p=78324"},"modified":"2025-07-23T19:11:26","modified_gmt":"2025-07-23T17:11:26","slug":"palazzo-san-giorgio-analizzato-il-masterplan-scenari-di-sviluppo-per-la-citta-di-reggio-calabria","status":"publish","type":"post","link":"https:\/\/progettotouring.it\/radiotouring104\/2025\/07\/23\/palazzo-san-giorgio-analizzato-il-masterplan-scenari-di-sviluppo-per-la-citta-di-reggio-calabria\/","title":{"rendered":"Palazzo San Giorgio: analizzato il masterplan \u201cScenari di Sviluppo per la citt\u00e0 di Reggio Calabria\u201d"},"content":{"rendered":"<p class=\"xmprfx_MsoNormal\"><span style=\"font-size: large\">Si \u00e8 svolta presso il Salone dei Lampadari di Palazzo San Giorgio la presentazione dello studio \u00a0a supporto del masterplan <em>\u201cScenari di Sviluppo per la citt\u00e0 di Reggio Calabria\u201d<\/em>, a cura di Lorenzo Bellicini<b>, d<\/b>irettore del CRESME .<\/span><\/p>\n<p class=\"xmprfx_MsoNormal\"><span style=\"font-size: large\">\u00a0<\/span><span style=\"font-size: large\">Presenti in sala i referenti dei maggiori Ordini Professionali cittadini oltre che di Universit\u00e0, Camera di Commercio, Terzo Settore, associazioni e numerosi altri soggetti coinvolti direttamente, fin dall\u2019inizio, agli incontri aperti e partecipati del masterplan nel suo articolato percorso a tappe tematiche verso la stesura definitiva.<\/span><\/p>\n<p class=\"xmprfx_MsoNormal\"><span style=\"font-size: large\">\u00a0<\/span><span style=\"font-size: large\">Ad introdurre i lavori Paolo Malara assessore alla &#8220;<em>Citt\u00e0 sostenibile, ordinata e accessibile&#8221; <\/em>nonch\u00e9 Carmelo Romeo<b>, <\/b>assessore alla Programmazione.<\/span><\/p>\n<p class=\"xmprfx_MsoNormal\"><span style=\"font-size: large\">\u00a0<\/span><span style=\"font-size: large\">Nel suo intervento l\u2019assessore Malara ha voluto ricordare, evidenziandolo, che il Masterplan non \u00e8 uno strumento obbligatorio ma Reggio Calabria -come pochissime altre citt\u00e0 in Italia- ha scelto di farlo con un approccio di visione \u00a0a medio-lungo termine della citt\u00e0 futura.<\/span><\/p>\n<p class=\"xmprfx_MsoNormal\"><span style=\"font-size: large\">Malara ha, inoltre, ricordato che gli interventi teorizzati godono gi\u00e0 di ingenti risorse e molti di questi sono gi\u00e0 \u201cmessi a terra\u201d: si sta procedendo, ovvero, alla loro fattiva concretizzazione.<\/span><\/p>\n<p class=\"xmprfx_MsoNormal\"><span style=\"font-size: large\">Il Masterplan, dunque, quale strumento operativo per ridisegnare la citt\u00e0 nel suo rapporto con la natura, nella qualit\u00e0 del vivere, nella mobilit\u00e0, nell\u2019utilizzo sostenibile e consapevole delle risorse e nello sviluppo dei saperi e delle intelligenze; \u00a0in modo assolutamente reale e tangibile e con il contributo proattivo dei cittadini.<\/span><\/p>\n<p class=\"xmprfx_MsoNormal\"><span style=\"font-size: large\">\u00a0<\/span><span style=\"font-size: large\">L\u2019assessore Carmelo Romeo ha ritracciato il percorso amministrativo-finanziario relativo al masterplan ricordando gli investimenti impegnati non mirano ad interventi spot ma ad una metodologia d\u2019azione sistemica all\u2019 interno di una visione che, tra le altre cose, mira a ricucire il rapporto con la costa per far s\u00ec che Reggio divenga una citt\u00e0 \u201cdi mare\u201d e non \u201csul mare\u201d.<\/span><\/p>\n<p class=\"xmprfx_MsoNormal\"><span style=\"font-size: large\">Pertanto Romeo ha ricordato, a tal proposito, i progetti in cantiere sul waterfront cittadino nonch\u00e9 quelli gi\u00e0 realizzati: parco del vento a Pellaro, parco lineare Sud, parco urbano del Tempietto, gli interventi sul Lido Comunale, quelli previsti sul quartiere Andeloro al porto, il Museo del Mare di Zaha Hadid, i cui lavori stanno procedendo secondo agenda, il parco urbano a Pentimele, i progetti, appena presentati, su Gallico Marina ed il lungomare gi\u00e0 realizzato a Catona.<\/span><\/p>\n<p class=\"xmprfx_MsoNormal\"><span style=\"font-size: large\">Il direttore del CRESME, Lorenzo Bellicini, ha tracciato, in una ricca ed articolata relazione, gli scenari entro cui va letto il futuro della nostra citt\u00e0 nei prossimi decenni alla luce degli scenari pi\u00f9 ampi di carattere internazionale.<\/span><\/p>\n<p class=\"xmprfx_MsoNormal\"><span style=\"font-size: large\">Dati alla mano Bellicini, rispetto allo scenario attuale geopolitico globale, ha fatto notare quanto oggi\u00a0progettare il futuro\u00a0significhi\u00a0<i>dare forma a visioni concrete per affrontare le trasformazioni in corso, riconoscendo i punti di forza e le criticit\u00e0 dei nostri territori<\/i>.<\/span><\/p>\n<p class=\"xmprfx_MsoNormal\"><span style=\"font-size: large\">In questo contesto, il cambiamento diventa sfida e opportunit\u00e0 insieme.<\/span><\/p>\n<p class=\"xmprfx_MsoNormal\"><span style=\"font-size: large\">Quindi ha provato ad offrire strumenti di analisi per comprendere quale sia\u00a0oggi il posizionamento di Reggio Calabria in questo scenario impostando una\u00a0riflessione su sei dimensioni fondamentali:\u00a0<b>Lavoro<\/b><b>;\u00a0<\/b><b>Qualit\u00e0 della vita<\/b><b>;\u00a0<\/b><b>Abitare<\/b><b>;\u00a0<\/b><b>Progetto di futuro<\/b><b>;\u00a0<\/b><b>Metodo<\/b><b>\u00a0e\u00a0<\/b><b>Reputazione<\/b><b>.<\/b><b><\/b><\/span><\/p>\n<p class=\"xmprfx_MsoNormal\"><b><span style=\"font-size: large\">\u00a0<\/span><\/b><span style=\"font-size: large\">L<span style=\"font-family: Calibri\">\u2019<\/span>analisi\u00a0del CRESME\u00a0affronta questi temi intrecciando numeri, dati, visioni e piani di azione\u00a0tenendo conto, quale punto di partenza,\u00a0il Masterplan Reggio Calabria 2050 che propone una citt\u00e0 \u201c<i>ecosistemica, del benessere e della salute<\/i><span style=\"font-family: Calibri\">\u201d e si presenta come un vero progetto di futuro.<\/span><\/span><\/p>\n<p class=\"xmprfx_MsoNormal\"><span style=\"font-size: large\">Dagli studi effettuati emergono\u00a0punti di forza\u00a0e\u00a0criticit\u00e0\u00a0note ma\u00a0a \u00e8 proprio da qui che pu\u00f2 partire il cambiamento\u00a0ed una nuova narrazione della citt\u00e0 che ne determini un fattivo ed armonioso sviluppo.<\/span><\/p>\n<p class=\"xmprfx_MsoNormal\">\n<hr size=\"2\" width=\"100%\" \/>\n<p>&nbsp;<\/p>\n<p class=\"xmprfx_MsoNormal\"><span style=\"font-size: large\">Il Masterplan cittadino sposa una visione che si propone come vero progetto di futuro, un quadro strategico entro cui leggere dati e tendenze della citt\u00e0 contemporanea, tra potenzialit\u00e0 e fragilit\u00e0.<\/span><\/p>\n<p class=\"xmprfx_MsoNormal\"><span style=\"font-size: large\"><em><span style=\"font-family: Calibri\">\u201c<\/span>I numeri parlano chiaro, ma non bastano da soli\u00a0<\/em>&#8211; fa notare Bellicini- <em>perch\u00e8 serve una lettura che tenga insieme visione ed\u00a0azione, strategia e concretezza.<\/em><\/span><\/p>\n<p class=\"xmprfx_MsoNormal\"><em><span style=\"font-size: large\">Solo cos\u00ec Reggio Calabria potr\u00e0 affrontare con consapevolezza e ambizione le sfide di un tempo che cambia\u00a0determinandole\u201d.<\/span><\/em><\/p>\n<p class=\"xmprfx_MsoNormal\"><span style=\"font-size: large\">\u00a0<\/span><span style=\"font-size: large\">Dopo gli interventi programmati dei rappresentanti degli Ordini Professionali, dell\u2019Universit\u00e0, della Camera di Commercio e del Forum del Terzo Settore il sindaco Giuseppe Falcomat\u00e0 ha chiuso l\u2019incontro con una riflessione sulla relazione del CRESME, sulla visione di citt\u00e0 e soprattutto su quanto gi\u00e0 avviato nella realizzazione concreta della citt\u00e0 futura.<\/span><\/p>\n<p class=\"xmprfx_MsoNormal\"><span style=\"font-size: large\">Falcomat\u00e0 si \u00e8 soffermato sull\u2019aspetto geopolitico analizzato dal direttore del CRESME per ricordare a tutti che\u00a0la citt\u00e0\u00a0va letta\u00a0dentro uno scenario internazionale\u00a0e che, rispetto alla tematiche dell\u2019analisi CRESME,\u00a0va\u00a0rimessa\u00a0al centro la reputazione del territorio\u00a0affrontando\u00a0con metodo e visione le grandi sfide del futuro; convertendo le criticit\u00e0 in opportunit\u00e0.<\/span><\/p>\n<p class=\"xmprfx_MsoNormal\"><span style=\"font-size: large\">Sull\u2019aspetto della\u00a0reputazione\u00a0il primo cittadino ha sottolineato come per anni\u00a0sia gravato sulla citt\u00e0 il peso dell\u2019esser stati qualificati come \u201c<i>il comune sciolto per mafia<\/i><span style=\"font-family: Calibri\">\u201d<\/span>.<\/span><\/p>\n<p class=\"xmprfx_MsoNormal\"><span style=\"font-size: large\">Cancellare quella macchia, senza lasciarne minima traccia\u00a0\u00e8 stata\u00a0una responsabilit\u00e0\u00a0non solo\u00a0politico-amministrativa\u00a0ma\u00a0anche\u00a0di tutta la comunit\u00e0.<\/span><\/p>\n<p class=\"xmprfx_MsoNormal\"><span style=\"font-size: large\">Rispetto alla fotografia della crisi demografica ed occupazionale Falcomat\u00e0 \u00a0ha dichiarato che &#8220;<em>come emerso dai dati della Camera di Commercio siamo costretti a fare delle riflessioni importanti; perch\u00e9, con percentuali del genere, ci dovrebbe essere una rivoluzione civile ma se non \u00e8 avvenuta significa che c\u2019\u00e8 ancora molto sommerso da far emergere. Se, d\u2019altronde, c\u2019\u00e8 lavoro ma manca personale qualificato allora ci\u00f2 fa pensare e l\u2019analisi va sviluppata attorno anche ad altri aspetti; come quello della formazione <span style=\"font-family: Calibri\">\u201d.<\/span><\/em><\/span><\/p>\n<p class=\"xmprfx_MsoNormal\"><span style=\"font-size: large\">Il sindaco ha evidenziato il divario abnorme di investimenti infrastrutturali tra centro-nord e sud; per non parlare della nostra regione e della nostra citt\u00e0.\u00a0<em><span style=\"font-family: Calibri\">\u201cSi parla tanto\u00a0<\/span>infrastrutture e trasporti<\/em> &#8211; ha dichiarato- <em>ma\u00a0mentre al centro-nord si investono miliardi per autostrade ed\u00a0alta velocit\u00e0, da noi il macrolotto della SS106 non arriva nemmeno in provincia;\u00a0questo \u00e8 inaccettabile\u201d.<\/em><\/span><\/p>\n<p class=\"xmprfx_MsoNormal\"><span style=\"font-size: large\">\u00a0<\/span><span style=\"font-size: large\">Falcomat\u00e0 ha poi reso noto che, nei fatti, in citt\u00e0 si stanno per effettuare investimenti mai registrati prima;\u00a0 numeri parlano chiaro: 3,3 miliardi di euro in campo per 3.486 progetti, gran parte dei quali gi\u00e0 avviati -soprattutto su lavori pubblici e rigenerazione urbana- ma anche welfare, cultura e turismo.<\/span><\/p>\n<p class=\"xmprfx_MsoNormal\"><span style=\"font-size: large\"><em><span style=\"font-family: Calibri\">\u201c\u00c8 il momento storico con la maggiore quantit\u00e0 di risorse mai arrivate su questo territorio<\/span><\/em>\u00a0&#8211; ha dichiarato- <em>ed a\u00a0questi\u00a0fondi vanno aggiunti i\u00a0218 milioni del PNRR destinati alla Citt\u00e0 Metropolitana\u00a0con investimenti sui\u00a096 comuni\u00a0del nostro territorio\u201d.<\/em><\/span><\/p>\n<p class=\"xmprfx_MsoNormal\"><span style=\"font-size: large\"><span style=\"font-family: Calibri\">\u201c<\/span><em>Il\u00a0Masterplan\u00a0<\/em>&#8211; ha concluso il sindaco-\u00a0<em>non \u00e8 un obbligo di legge\u00a0ma una scelta politica di responsabilit\u00e0: uno strumento volontario ma vincolante, che rappresenta una guida concreta per affrontare le trasformazioni in atto\u00a0fuori e dentro i nostri territori.\u00a0\u00c8 una sfida\u00a0comune dalla quale nessuno pu\u00f2 tirarsi indietro\u00a0per la sua riuscita.\u00a0Abbiamo tutte le potenzialit\u00e0 per guardare avanti con fiducia; tocca a noi decidere se stare\u00a0a guardare\u00a0o muoverci\u00a0nell\u2019unica\u00a0direzione\u00a0di sviluppo possibile: Reggio ha tutte le carte in regola per declinare i verbi al futuro\u201d.<\/em><\/span><\/p>\n","protected":false},"excerpt":{"rendered":"<p>Si \u00e8 svolta presso il Salone dei Lampadari di Palazzo San Giorgio la presentazione dello studio \u00a0a supporto del masterplan \u201cScenari di Sviluppo per la citt\u00e0 di Reggio Calabria\u201d, a&hellip;<\/p>\n","protected":false},"author":19,"featured_media":78325,"comment_status":"closed","ping_status":"open","sticky":false,"template":"","format":"standard","meta":{"_jetpack_memberships_contains_paid_content":false,"footnotes":"","jetpack_publicize_message":"","jetpack_publicize_feature_enabled":true,"jetpack_social_post_already_shared":true,"jetpack_social_options":{"image_generator_settings":{"template":"highway","default_image_id":0,"font":"","enabled":false},"version":2}},"categories":[921,196,140],"tags":[],"class_list":["post-78324","post","type-post","status-publish","format-standard","has-post-thumbnail","hentry","category-home","category-news","category-reggio-calabria"],"yoast_head":"<!-- This site is optimized with the Yoast SEO plugin v27.2 - https:\/\/yoast.com\/product\/yoast-seo-wordpress\/ -->\n<title>Palazzo San Giorgio: analizzato il masterplan \u201cScenari di Sviluppo per la citt\u00e0 di Reggio Calabria\u201d - Radio Touring 104<\/title>\n<meta name=\"description\" content=\"Falcomat\u00e0\u00a0\u201cReggio ha tutte le carte in regola per declinare i verbi al futuro\u201d\" \/>\n<meta name=\"robots\" content=\"index, follow, max-snippet:-1, max-image-preview:large, max-video-preview:-1\" \/>\n<link rel=\"canonical\" href=\"https:\/\/progettotouring.it\/radiotouring104\/2025\/07\/23\/palazzo-san-giorgio-analizzato-il-masterplan-scenari-di-sviluppo-per-la-citta-di-reggio-calabria\/\" \/>\n<meta property=\"og:locale\" content=\"it_IT\" \/>\n<meta property=\"og:type\" content=\"article\" \/>\n<meta property=\"og:title\" content=\"Palazzo San Giorgio: analizzato il masterplan \u201cScenari di Sviluppo per la citt\u00e0 di Reggio Calabria\u201d - Radio Touring 104\" \/>\n<meta property=\"og:description\" content=\"Falcomat\u00e0\u00a0\u201cReggio ha tutte le carte in regola per declinare i verbi al futuro\u201d\" \/>\n<meta property=\"og:url\" content=\"https:\/\/progettotouring.it\/radiotouring104\/2025\/07\/23\/palazzo-san-giorgio-analizzato-il-masterplan-scenari-di-sviluppo-per-la-citta-di-reggio-calabria\/\" \/>\n<meta property=\"og:site_name\" content=\"Radio Touring 104\" \/>\n<meta property=\"article:published_time\" content=\"2025-07-23T17:11:26+00:00\" \/>\n<meta property=\"og:image\" content=\"https:\/\/progettotouring.it\/radiotouring104\/wp-content\/uploads\/sites\/6\/2025\/07\/Cresme.jpeg\" \/>\n\t<meta property=\"og:image:width\" content=\"2560\" \/>\n\t<meta property=\"og:image:height\" content=\"1441\" \/>\n\t<meta property=\"og:image:type\" content=\"image\/jpeg\" \/>\n<meta name=\"author\" content=\"S L\" \/>\n<meta name=\"twitter:card\" content=\"summary_large_image\" \/>\n<meta name=\"twitter:label1\" content=\"Scritto da\" \/>\n\t<meta name=\"twitter:data1\" content=\"S L\" \/>\n\t<meta name=\"twitter:label2\" content=\"Tempo di lettura stimato\" \/>\n\t<meta name=\"twitter:data2\" content=\"6 minuti\" \/>\n<script type=\"application\/ld+json\" class=\"yoast-schema-graph\">{\"@context\":\"https:\/\/schema.org\",\"@graph\":[{\"@type\":\"Article\",\"@id\":\"https:\/\/progettotouring.it\/radiotouring104\/2025\/07\/23\/palazzo-san-giorgio-analizzato-il-masterplan-scenari-di-sviluppo-per-la-citta-di-reggio-calabria\/#article\",\"isPartOf\":{\"@id\":\"https:\/\/progettotouring.it\/radiotouring104\/2025\/07\/23\/palazzo-san-giorgio-analizzato-il-masterplan-scenari-di-sviluppo-per-la-citta-di-reggio-calabria\/\"},\"author\":{\"name\":\"S L\",\"@id\":\"https:\/\/progettotouring.it\/radiotouring104\/#\/schema\/person\/b9f9c3730b0a78814c9b9f3bfc52c619\"},\"headline\":\"Palazzo San Giorgio: analizzato il masterplan \u201cScenari di Sviluppo per la citt\u00e0 di Reggio Calabria\u201d\",\"datePublished\":\"2025-07-23T17:11:26+00:00\",\"mainEntityOfPage\":{\"@id\":\"https:\/\/progettotouring.it\/radiotouring104\/2025\/07\/23\/palazzo-san-giorgio-analizzato-il-masterplan-scenari-di-sviluppo-per-la-citta-di-reggio-calabria\/\"},\"wordCount\":1119,\"publisher\":{\"@id\":\"https:\/\/progettotouring.it\/radiotouring104\/#organization\"},\"image\":{\"@id\":\"https:\/\/progettotouring.it\/radiotouring104\/2025\/07\/23\/palazzo-san-giorgio-analizzato-il-masterplan-scenari-di-sviluppo-per-la-citta-di-reggio-calabria\/#primaryimage\"},\"thumbnailUrl\":\"https:\/\/progettotouring.it\/radiotouring104\/wp-content\/uploads\/sites\/6\/2025\/07\/Cresme.jpeg\",\"articleSection\":[\"Home\",\"News\",\"Reggio Calabria\"],\"inLanguage\":\"it-IT\"},{\"@type\":\"WebPage\",\"@id\":\"https:\/\/progettotouring.it\/radiotouring104\/2025\/07\/23\/palazzo-san-giorgio-analizzato-il-masterplan-scenari-di-sviluppo-per-la-citta-di-reggio-calabria\/\",\"url\":\"https:\/\/progettotouring.it\/radiotouring104\/2025\/07\/23\/palazzo-san-giorgio-analizzato-il-masterplan-scenari-di-sviluppo-per-la-citta-di-reggio-calabria\/\",\"name\":\"Palazzo San Giorgio: analizzato il masterplan \u201cScenari di Sviluppo per la citt\u00e0 di Reggio Calabria\u201d - Radio Touring 104\",\"isPartOf\":{\"@id\":\"https:\/\/progettotouring.it\/radiotouring104\/#website\"},\"primaryImageOfPage\":{\"@id\":\"https:\/\/progettotouring.it\/radiotouring104\/2025\/07\/23\/palazzo-san-giorgio-analizzato-il-masterplan-scenari-di-sviluppo-per-la-citta-di-reggio-calabria\/#primaryimage\"},\"image\":{\"@id\":\"https:\/\/progettotouring.it\/radiotouring104\/2025\/07\/23\/palazzo-san-giorgio-analizzato-il-masterplan-scenari-di-sviluppo-per-la-citta-di-reggio-calabria\/#primaryimage\"},\"thumbnailUrl\":\"https:\/\/progettotouring.it\/radiotouring104\/wp-content\/uploads\/sites\/6\/2025\/07\/Cresme.jpeg\",\"datePublished\":\"2025-07-23T17:11:26+00:00\",\"description\":\"Falcomat\u00e0\u00a0\u201cReggio ha tutte le carte in regola per declinare i verbi al futuro\u201d\",\"breadcrumb\":{\"@id\":\"https:\/\/progettotouring.it\/radiotouring104\/2025\/07\/23\/palazzo-san-giorgio-analizzato-il-masterplan-scenari-di-sviluppo-per-la-citta-di-reggio-calabria\/#breadcrumb\"},\"inLanguage\":\"it-IT\",\"potentialAction\":[{\"@type\":\"ReadAction\",\"target\":[\"https:\/\/progettotouring.it\/radiotouring104\/2025\/07\/23\/palazzo-san-giorgio-analizzato-il-masterplan-scenari-di-sviluppo-per-la-citta-di-reggio-calabria\/\"]}]},{\"@type\":\"ImageObject\",\"inLanguage\":\"it-IT\",\"@id\":\"https:\/\/progettotouring.it\/radiotouring104\/2025\/07\/23\/palazzo-san-giorgio-analizzato-il-masterplan-scenari-di-sviluppo-per-la-citta-di-reggio-calabria\/#primaryimage\",\"url\":\"https:\/\/progettotouring.it\/radiotouring104\/wp-content\/uploads\/sites\/6\/2025\/07\/Cresme.jpeg\",\"contentUrl\":\"https:\/\/progettotouring.it\/radiotouring104\/wp-content\/uploads\/sites\/6\/2025\/07\/Cresme.jpeg\",\"width\":2560,\"height\":1441},{\"@type\":\"BreadcrumbList\",\"@id\":\"https:\/\/progettotouring.it\/radiotouring104\/2025\/07\/23\/palazzo-san-giorgio-analizzato-il-masterplan-scenari-di-sviluppo-per-la-citta-di-reggio-calabria\/#breadcrumb\",\"itemListElement\":[{\"@type\":\"ListItem\",\"position\":1,\"name\":\"Home\",\"item\":\"https:\/\/progettotouring.it\/radiotouring104\/\"},{\"@type\":\"ListItem\",\"position\":2,\"name\":\"Palazzo San Giorgio: analizzato il masterplan \u201cScenari di Sviluppo per la citt\u00e0 di Reggio Calabria\u201d\"}]},{\"@type\":\"WebSite\",\"@id\":\"https:\/\/progettotouring.it\/radiotouring104\/#website\",\"url\":\"https:\/\/progettotouring.it\/radiotouring104\/\",\"name\":\"Radio Touring 104\",\"description\":\"La prima radio Reggina\",\"publisher\":{\"@id\":\"https:\/\/progettotouring.it\/radiotouring104\/#organization\"},\"potentialAction\":[{\"@type\":\"SearchAction\",\"target\":{\"@type\":\"EntryPoint\",\"urlTemplate\":\"https:\/\/progettotouring.it\/radiotouring104\/?s={search_term_string}\"},\"query-input\":{\"@type\":\"PropertyValueSpecification\",\"valueRequired\":true,\"valueName\":\"search_term_string\"}}],\"inLanguage\":\"it-IT\"},{\"@type\":\"Organization\",\"@id\":\"https:\/\/progettotouring.it\/radiotouring104\/#organization\",\"name\":\"Radio Touring 104\",\"url\":\"https:\/\/progettotouring.it\/radiotouring104\/\",\"logo\":{\"@type\":\"ImageObject\",\"inLanguage\":\"it-IT\",\"@id\":\"https:\/\/progettotouring.it\/radiotouring104\/#\/schema\/logo\/image\/\",\"url\":\"https:\/\/progettotouring.it\/radiotouring104\/wp-content\/uploads\/sites\/6\/2022\/02\/cropped-logo-radio-touring-104.png\",\"contentUrl\":\"https:\/\/progettotouring.it\/radiotouring104\/wp-content\/uploads\/sites\/6\/2022\/02\/cropped-logo-radio-touring-104.png\",\"width\":377,\"height\":182,\"caption\":\"Radio Touring 104\"},\"image\":{\"@id\":\"https:\/\/progettotouring.it\/radiotouring104\/#\/schema\/logo\/image\/\"}},{\"@type\":\"Person\",\"@id\":\"https:\/\/progettotouring.it\/radiotouring104\/#\/schema\/person\/b9f9c3730b0a78814c9b9f3bfc52c619\",\"name\":\"S L\",\"image\":{\"@type\":\"ImageObject\",\"inLanguage\":\"it-IT\",\"@id\":\"https:\/\/secure.gravatar.com\/avatar\/652c51789d7030aaed9ff828331360502a68204fe6fb0831bc280515210e16d2?s=96&d=mm&r=g\",\"url\":\"https:\/\/secure.gravatar.com\/avatar\/652c51789d7030aaed9ff828331360502a68204fe6fb0831bc280515210e16d2?s=96&d=mm&r=g\",\"contentUrl\":\"https:\/\/secure.gravatar.com\/avatar\/652c51789d7030aaed9ff828331360502a68204fe6fb0831bc280515210e16d2?s=96&d=mm&r=g\",\"caption\":\"S L\"},\"url\":\"https:\/\/progettotouring.it\/radiotouring104\/author\/slibri\/\"}]}<\/script>\n<!-- \/ Yoast SEO plugin. -->","yoast_head_json":{"title":"Palazzo San Giorgio: analizzato il masterplan \u201cScenari di Sviluppo per la citt\u00e0 di Reggio Calabria\u201d - Radio Touring 104","description":"Falcomat\u00e0\u00a0\u201cReggio ha tutte le carte in regola per declinare i verbi al futuro\u201d","robots":{"index":"index","follow":"follow","max-snippet":"max-snippet:-1","max-image-preview":"max-image-preview:large","max-video-preview":"max-video-preview:-1"},"canonical":"https:\/\/progettotouring.it\/radiotouring104\/2025\/07\/23\/palazzo-san-giorgio-analizzato-il-masterplan-scenari-di-sviluppo-per-la-citta-di-reggio-calabria\/","og_locale":"it_IT","og_type":"article","og_title":"Palazzo San Giorgio: analizzato il masterplan \u201cScenari di Sviluppo per la citt\u00e0 di Reggio Calabria\u201d - Radio Touring 104","og_description":"Falcomat\u00e0\u00a0\u201cReggio ha tutte le carte in regola per declinare i verbi al futuro\u201d","og_url":"https:\/\/progettotouring.it\/radiotouring104\/2025\/07\/23\/palazzo-san-giorgio-analizzato-il-masterplan-scenari-di-sviluppo-per-la-citta-di-reggio-calabria\/","og_site_name":"Radio Touring 104","article_published_time":"2025-07-23T17:11:26+00:00","og_image":[{"width":2560,"height":1441,"url":"https:\/\/progettotouring.it\/radiotouring104\/wp-content\/uploads\/sites\/6\/2025\/07\/Cresme.jpeg","type":"image\/jpeg"}],"author":"S L","twitter_card":"summary_large_image","twitter_misc":{"Scritto da":"S L","Tempo di lettura stimato":"6 minuti"},"schema":{"@context":"https:\/\/schema.org","@graph":[{"@type":"Article","@id":"https:\/\/progettotouring.it\/radiotouring104\/2025\/07\/23\/palazzo-san-giorgio-analizzato-il-masterplan-scenari-di-sviluppo-per-la-citta-di-reggio-calabria\/#article","isPartOf":{"@id":"https:\/\/progettotouring.it\/radiotouring104\/2025\/07\/23\/palazzo-san-giorgio-analizzato-il-masterplan-scenari-di-sviluppo-per-la-citta-di-reggio-calabria\/"},"author":{"name":"S L","@id":"https:\/\/progettotouring.it\/radiotouring104\/#\/schema\/person\/b9f9c3730b0a78814c9b9f3bfc52c619"},"headline":"Palazzo San Giorgio: analizzato il masterplan \u201cScenari di Sviluppo per la citt\u00e0 di Reggio Calabria\u201d","datePublished":"2025-07-23T17:11:26+00:00","mainEntityOfPage":{"@id":"https:\/\/progettotouring.it\/radiotouring104\/2025\/07\/23\/palazzo-san-giorgio-analizzato-il-masterplan-scenari-di-sviluppo-per-la-citta-di-reggio-calabria\/"},"wordCount":1119,"publisher":{"@id":"https:\/\/progettotouring.it\/radiotouring104\/#organization"},"image":{"@id":"https:\/\/progettotouring.it\/radiotouring104\/2025\/07\/23\/palazzo-san-giorgio-analizzato-il-masterplan-scenari-di-sviluppo-per-la-citta-di-reggio-calabria\/#primaryimage"},"thumbnailUrl":"https:\/\/progettotouring.it\/radiotouring104\/wp-content\/uploads\/sites\/6\/2025\/07\/Cresme.jpeg","articleSection":["Home","News","Reggio Calabria"],"inLanguage":"it-IT"},{"@type":"WebPage","@id":"https:\/\/progettotouring.it\/radiotouring104\/2025\/07\/23\/palazzo-san-giorgio-analizzato-il-masterplan-scenari-di-sviluppo-per-la-citta-di-reggio-calabria\/","url":"https:\/\/progettotouring.it\/radiotouring104\/2025\/07\/23\/palazzo-san-giorgio-analizzato-il-masterplan-scenari-di-sviluppo-per-la-citta-di-reggio-calabria\/","name":"Palazzo San Giorgio: analizzato il masterplan \u201cScenari di Sviluppo per la citt\u00e0 di Reggio Calabria\u201d - Radio Touring 104","isPartOf":{"@id":"https:\/\/progettotouring.it\/radiotouring104\/#website"},"primaryImageOfPage":{"@id":"https:\/\/progettotouring.it\/radiotouring104\/2025\/07\/23\/palazzo-san-giorgio-analizzato-il-masterplan-scenari-di-sviluppo-per-la-citta-di-reggio-calabria\/#primaryimage"},"image":{"@id":"https:\/\/progettotouring.it\/radiotouring104\/2025\/07\/23\/palazzo-san-giorgio-analizzato-il-masterplan-scenari-di-sviluppo-per-la-citta-di-reggio-calabria\/#primaryimage"},"thumbnailUrl":"https:\/\/progettotouring.it\/radiotouring104\/wp-content\/uploads\/sites\/6\/2025\/07\/Cresme.jpeg","datePublished":"2025-07-23T17:11:26+00:00","description":"Falcomat\u00e0\u00a0\u201cReggio ha tutte le carte in regola per declinare i verbi al futuro\u201d","breadcrumb":{"@id":"https:\/\/progettotouring.it\/radiotouring104\/2025\/07\/23\/palazzo-san-giorgio-analizzato-il-masterplan-scenari-di-sviluppo-per-la-citta-di-reggio-calabria\/#breadcrumb"},"inLanguage":"it-IT","potentialAction":[{"@type":"ReadAction","target":["https:\/\/progettotouring.it\/radiotouring104\/2025\/07\/23\/palazzo-san-giorgio-analizzato-il-masterplan-scenari-di-sviluppo-per-la-citta-di-reggio-calabria\/"]}]},{"@type":"ImageObject","inLanguage":"it-IT","@id":"https:\/\/progettotouring.it\/radiotouring104\/2025\/07\/23\/palazzo-san-giorgio-analizzato-il-masterplan-scenari-di-sviluppo-per-la-citta-di-reggio-calabria\/#primaryimage","url":"https:\/\/progettotouring.it\/radiotouring104\/wp-content\/uploads\/sites\/6\/2025\/07\/Cresme.jpeg","contentUrl":"https:\/\/progettotouring.it\/radiotouring104\/wp-content\/uploads\/sites\/6\/2025\/07\/Cresme.jpeg","width":2560,"height":1441},{"@type":"BreadcrumbList","@id":"https:\/\/progettotouring.it\/radiotouring104\/2025\/07\/23\/palazzo-san-giorgio-analizzato-il-masterplan-scenari-di-sviluppo-per-la-citta-di-reggio-calabria\/#breadcrumb","itemListElement":[{"@type":"ListItem","position":1,"name":"Home","item":"https:\/\/progettotouring.it\/radiotouring104\/"},{"@type":"ListItem","position":2,"name":"Palazzo San Giorgio: analizzato il masterplan \u201cScenari di Sviluppo per la citt\u00e0 di Reggio Calabria\u201d"}]},{"@type":"WebSite","@id":"https:\/\/progettotouring.it\/radiotouring104\/#website","url":"https:\/\/progettotouring.it\/radiotouring104\/","name":"Radio Touring 104","description":"La prima radio Reggina","publisher":{"@id":"https:\/\/progettotouring.it\/radiotouring104\/#organization"},"potentialAction":[{"@type":"SearchAction","target":{"@type":"EntryPoint","urlTemplate":"https:\/\/progettotouring.it\/radiotouring104\/?s={search_term_string}"},"query-input":{"@type":"PropertyValueSpecification","valueRequired":true,"valueName":"search_term_string"}}],"inLanguage":"it-IT"},{"@type":"Organization","@id":"https:\/\/progettotouring.it\/radiotouring104\/#organization","name":"Radio Touring 104","url":"https:\/\/progettotouring.it\/radiotouring104\/","logo":{"@type":"ImageObject","inLanguage":"it-IT","@id":"https:\/\/progettotouring.it\/radiotouring104\/#\/schema\/logo\/image\/","url":"https:\/\/progettotouring.it\/radiotouring104\/wp-content\/uploads\/sites\/6\/2022\/02\/cropped-logo-radio-touring-104.png","contentUrl":"https:\/\/progettotouring.it\/radiotouring104\/wp-content\/uploads\/sites\/6\/2022\/02\/cropped-logo-radio-touring-104.png","width":377,"height":182,"caption":"Radio Touring 104"},"image":{"@id":"https:\/\/progettotouring.it\/radiotouring104\/#\/schema\/logo\/image\/"}},{"@type":"Person","@id":"https:\/\/progettotouring.it\/radiotouring104\/#\/schema\/person\/b9f9c3730b0a78814c9b9f3bfc52c619","name":"S L","image":{"@type":"ImageObject","inLanguage":"it-IT","@id":"https:\/\/secure.gravatar.com\/avatar\/652c51789d7030aaed9ff828331360502a68204fe6fb0831bc280515210e16d2?s=96&d=mm&r=g","url":"https:\/\/secure.gravatar.com\/avatar\/652c51789d7030aaed9ff828331360502a68204fe6fb0831bc280515210e16d2?s=96&d=mm&r=g","contentUrl":"https:\/\/secure.gravatar.com\/avatar\/652c51789d7030aaed9ff828331360502a68204fe6fb0831bc280515210e16d2?s=96&d=mm&r=g","caption":"S L"},"url":"https:\/\/progettotouring.it\/radiotouring104\/author\/slibri\/"}]}},"jetpack_publicize_connections":[],"jetpack_featured_media_url":"https:\/\/progettotouring.it\/radiotouring104\/wp-content\/uploads\/sites\/6\/2025\/07\/Cresme.jpeg","jetpack_sharing_enabled":true,"_links":{"self":[{"href":"https:\/\/progettotouring.it\/radiotouring104\/wp-json\/wp\/v2\/posts\/78324","targetHints":{"allow":["GET"]}}],"collection":[{"href":"https:\/\/progettotouring.it\/radiotouring104\/wp-json\/wp\/v2\/posts"}],"about":[{"href":"https:\/\/progettotouring.it\/radiotouring104\/wp-json\/wp\/v2\/types\/post"}],"author":[{"embeddable":true,"href":"https:\/\/progettotouring.it\/radiotouring104\/wp-json\/wp\/v2\/users\/19"}],"replies":[{"embeddable":true,"href":"https:\/\/progettotouring.it\/radiotouring104\/wp-json\/wp\/v2\/comments?post=78324"}],"version-history":[{"count":1,"href":"https:\/\/progettotouring.it\/radiotouring104\/wp-json\/wp\/v2\/posts\/78324\/revisions"}],"predecessor-version":[{"id":78326,"href":"https:\/\/progettotouring.it\/radiotouring104\/wp-json\/wp\/v2\/posts\/78324\/revisions\/78326"}],"wp:featuredmedia":[{"embeddable":true,"href":"https:\/\/progettotouring.it\/radiotouring104\/wp-json\/wp\/v2\/media\/78325"}],"wp:attachment":[{"href":"https:\/\/progettotouring.it\/radiotouring104\/wp-json\/wp\/v2\/media?parent=78324"}],"wp:term":[{"taxonomy":"category","embeddable":true,"href":"https:\/\/progettotouring.it\/radiotouring104\/wp-json\/wp\/v2\/categories?post=78324"},{"taxonomy":"post_tag","embeddable":true,"href":"https:\/\/progettotouring.it\/radiotouring104\/wp-json\/wp\/v2\/tags?post=78324"}],"curies":[{"name":"wp","href":"https:\/\/api.w.org\/{rel}","templated":true}]}}