{"id":7860,"date":"2022-07-13T22:49:47","date_gmt":"2022-07-13T20:49:47","guid":{"rendered":"https:\/\/progettotouring.it\/radiotouring104\/?p=7860"},"modified":"2022-07-13T23:01:25","modified_gmt":"2022-07-13T21:01:25","slug":"vertenza-alival-in-commissione-lavoro-il-presidente-nino-malara-istituzioni-al-fianco-dei-lavoratori","status":"publish","type":"post","link":"https:\/\/progettotouring.it\/radiotouring104\/2022\/07\/13\/vertenza-alival-in-commissione-lavoro-il-presidente-nino-malara-istituzioni-al-fianco-dei-lavoratori\/","title":{"rendered":"Vertenza Alival in Commissione Lavoro, il Presidente Nino Malara: &#8220;Istituzioni al fianco dei lavoratori&#8221;"},"content":{"rendered":"<p>Il Comune di Reggio Calabria non molla la presa sulla vicenda dei lavoratori Lactalis. Dopo l&#8217;interessamento delle istituzioni territoriali, con le prese di posizione e le lettere ufficiali dei sindaci ff Paolo Brunetti e Carmelo Versace, rispettivamente per Palazzo San Giorgio e Palazzo Alvaro, la vertenza approda anche all&#8217;attenzione del Consiglio comunale reggino. Del futuro dei 79 lavoratori dello stabilimento reggino si \u00e8 occupata la Commissione Lavoro di Palazzo San Giorgio che su input del Presidente Nino Malara ha convocato una seduta straordinaria per discutere la situazione ed immaginare insieme ai rappresentanti sindacali delle iniziative per alzare l&#8217;attenzione su una vicenda che sta assumendo risvolti drammatici per decine di famiglie reggine.<\/p>\n<p>Nel corso dell&#8217;incontro sono state audite le forze sindacali Cgil Cisl Uil con le quali si \u00e8 concordato di seguire costantemente la vertenza anche successivamente all\u2019incontro di marted\u00ec a Roma in Conferenza Stato-Regioni dove \u00e8 prevista anche la presenza del Sindaco facente funzioni Paolo Brunetti.<\/p>\n<p>La Commissione ha approvato all&#8217;unanimit\u00e0 una mozione di sostegno alla battaglia intrapresa dai lavoratori reggini, trovando la convergenza di tutti i gruppi presenti in Consiglio comunale e recependo anche gli spunti proposti al tavolo dal Consigliere Saverio Pazzano che ha collaborato alla stesura del testo. Nello specifico, il testo approvato dalla Commissione guidata da Malara, impegna il Sindaco e la Giunta a &#8220;rappresentare e formalizzare in ogni sede deputata la necessit\u00e0 che lo stabilimento Alival non chiuda e che non sia perduto alcun posto di lavoro, a difendere le lavoratrici ed i lavoratori del gruppo Lactalis chiedendo all&#8217;azienda interventi urgenti e concreti che garantiscano un felice esito della complessa vertenza&#8221; ed infine &#8220;a partecipare e\/o attivare, in rappresentanza della Citt\u00e0, a tutte le iniziative istituzionali possibili, tavolo tecnici e di confronto, per il superamento positivo della vertenza&#8221;.<\/p>\n<p>Il testo della mozione sar\u00e0 anche oggetto della prossima seduta utile del Consiglio comunale reggino, ma la Commissione presieduta da Malara intende anche riunirsi, in una seduta speciale, all&#8217;interno dello stabilimento di San Gregorio. L&#8217;idea proposta dal Presidente Malara \u00e8 quella di andare oltre la semplice iniziativa di solidariet\u00e0. &#8220;Vero \u00e8 che le istituzioni territoriali su una vertenza di natura privatistica non hanno una competenza diretta &#8211; ha spiegato &#8211; ma \u00e8 nostro compito, oltre che nostra ferma intenzione, andare oltre la semplice solidariet\u00e0 istituzionale. La chiusura dello stabilimento sarebbe una sciagura per il nostro territorio, non solo per le ricadute in termini occupazionali, che riguardano 79 famiglie reggine, ma anche per i risvolti sociali della vicenda. Noi continueremo ad agire, d&#8217;accordo con le forze sindacali, affinch\u00e8 i riflettori continuino a rimanere accesi sulla vertenza. Ed allo stesso tempo interesseremo i massimi rappresentanti istituzionali per fare in modo che la vicenda possa concludersi positivamente. La nostra citt\u00e0 non pu\u00f2 permettersi di perdere una realt\u00e0 produttiva cosi importante&#8221;.<\/p>\n","protected":false},"excerpt":{"rendered":"<p>Il Comune di Reggio Calabria non molla la presa sulla vicenda dei lavoratori Lactalis. Dopo l&#8217;interessamento delle istituzioni territoriali, con le prese di posizione e le lettere ufficiali dei sindaci&hellip;<\/p>\n","protected":false},"author":5,"featured_media":7861,"comment_status":"open","ping_status":"open","sticky":false,"template":"","format":"standard","meta":{"_jetpack_memberships_contains_paid_content":false,"footnotes":"","jetpack_publicize_message":"","jetpack_publicize_feature_enabled":true,"jetpack_social_post_already_shared":false,"jetpack_social_options":{"image_generator_settings":{"template":"highway","default_image_id":0,"font":"","enabled":false},"version":2}},"categories":[921,196,140],"tags":[3578,1560,495,1898],"class_list":["post-7860","post","type-post","status-publish","format-standard","has-post-thumbnail","hentry","category-home","category-news","category-reggio-calabria","tag-alival","tag-nino-malara","tag-paolo-brunetti","tag-san-gregorio"],"yoast_head":"<!-- This site is optimized with the Yoast SEO plugin v27.2 - https:\/\/yoast.com\/product\/yoast-seo-wordpress\/ -->\n<title>Vertenza Alival in Commissione Lavoro, il Presidente Nino Malara: &quot;Istituzioni al fianco dei lavoratori&quot; - Radio Touring 104<\/title>\n<meta name=\"robots\" content=\"index, follow, max-snippet:-1, max-image-preview:large, max-video-preview:-1\" \/>\n<link rel=\"canonical\" href=\"https:\/\/progettotouring.it\/radiotouring104\/2022\/07\/13\/vertenza-alival-in-commissione-lavoro-il-presidente-nino-malara-istituzioni-al-fianco-dei-lavoratori\/\" \/>\n<meta property=\"og:locale\" content=\"it_IT\" \/>\n<meta property=\"og:type\" content=\"article\" \/>\n<meta property=\"og:title\" content=\"Vertenza Alival in Commissione Lavoro, il Presidente Nino Malara: &quot;Istituzioni al fianco dei lavoratori&quot; - Radio Touring 104\" \/>\n<meta property=\"og:description\" content=\"Il Comune di Reggio Calabria non molla la presa sulla vicenda dei lavoratori Lactalis. Dopo l&#8217;interessamento delle istituzioni territoriali, con le prese di posizione e le lettere ufficiali dei sindaci&hellip;\" \/>\n<meta property=\"og:url\" content=\"https:\/\/progettotouring.it\/radiotouring104\/2022\/07\/13\/vertenza-alival-in-commissione-lavoro-il-presidente-nino-malara-istituzioni-al-fianco-dei-lavoratori\/\" \/>\n<meta property=\"og:site_name\" content=\"Radio Touring 104\" \/>\n<meta property=\"article:published_time\" content=\"2022-07-13T20:49:47+00:00\" \/>\n<meta property=\"article:modified_time\" content=\"2022-07-13T21:01:25+00:00\" \/>\n<meta property=\"og:image\" content=\"https:\/\/progettotouring.it\/radiotouring104\/wp-content\/uploads\/sites\/6\/2022\/07\/Alival.jpg\" \/>\n\t<meta property=\"og:image:width\" content=\"640\" \/>\n\t<meta property=\"og:image:height\" content=\"360\" \/>\n\t<meta property=\"og:image:type\" content=\"image\/jpeg\" \/>\n<meta name=\"author\" content=\"redazione\" \/>\n<meta name=\"twitter:card\" content=\"summary_large_image\" \/>\n<meta name=\"twitter:label1\" content=\"Scritto da\" \/>\n\t<meta name=\"twitter:data1\" content=\"redazione\" \/>\n\t<meta name=\"twitter:label2\" content=\"Tempo di lettura stimato\" \/>\n\t<meta name=\"twitter:data2\" content=\"2 minuti\" \/>\n<script type=\"application\/ld+json\" class=\"yoast-schema-graph\">{\"@context\":\"https:\/\/schema.org\",\"@graph\":[{\"@type\":\"Article\",\"@id\":\"https:\/\/progettotouring.it\/radiotouring104\/2022\/07\/13\/vertenza-alival-in-commissione-lavoro-il-presidente-nino-malara-istituzioni-al-fianco-dei-lavoratori\/#article\",\"isPartOf\":{\"@id\":\"https:\/\/progettotouring.it\/radiotouring104\/2022\/07\/13\/vertenza-alival-in-commissione-lavoro-il-presidente-nino-malara-istituzioni-al-fianco-dei-lavoratori\/\"},\"author\":{\"name\":\"redazione\",\"@id\":\"https:\/\/progettotouring.it\/radiotouring104\/#\/schema\/person\/1b3eb3c07c47136bc44c785c543e635f\"},\"headline\":\"Vertenza Alival in Commissione Lavoro, il Presidente Nino Malara: &#8220;Istituzioni al fianco dei lavoratori&#8221;\",\"datePublished\":\"2022-07-13T20:49:47+00:00\",\"dateModified\":\"2022-07-13T21:01:25+00:00\",\"mainEntityOfPage\":{\"@id\":\"https:\/\/progettotouring.it\/radiotouring104\/2022\/07\/13\/vertenza-alival-in-commissione-lavoro-il-presidente-nino-malara-istituzioni-al-fianco-dei-lavoratori\/\"},\"wordCount\":468,\"commentCount\":0,\"publisher\":{\"@id\":\"https:\/\/progettotouring.it\/radiotouring104\/#organization\"},\"image\":{\"@id\":\"https:\/\/progettotouring.it\/radiotouring104\/2022\/07\/13\/vertenza-alival-in-commissione-lavoro-il-presidente-nino-malara-istituzioni-al-fianco-dei-lavoratori\/#primaryimage\"},\"thumbnailUrl\":\"https:\/\/progettotouring.it\/radiotouring104\/wp-content\/uploads\/sites\/6\/2022\/07\/Alival.jpg\",\"keywords\":[\"alival\",\"Nino Malara\",\"Paolo Brunetti\",\"San Gregorio\"],\"articleSection\":[\"Home\",\"News\",\"Reggio Calabria\"],\"inLanguage\":\"it-IT\",\"potentialAction\":[{\"@type\":\"CommentAction\",\"name\":\"Comment\",\"target\":[\"https:\/\/progettotouring.it\/radiotouring104\/2022\/07\/13\/vertenza-alival-in-commissione-lavoro-il-presidente-nino-malara-istituzioni-al-fianco-dei-lavoratori\/#respond\"]}]},{\"@type\":\"WebPage\",\"@id\":\"https:\/\/progettotouring.it\/radiotouring104\/2022\/07\/13\/vertenza-alival-in-commissione-lavoro-il-presidente-nino-malara-istituzioni-al-fianco-dei-lavoratori\/\",\"url\":\"https:\/\/progettotouring.it\/radiotouring104\/2022\/07\/13\/vertenza-alival-in-commissione-lavoro-il-presidente-nino-malara-istituzioni-al-fianco-dei-lavoratori\/\",\"name\":\"Vertenza Alival in Commissione Lavoro, il Presidente Nino Malara: \\\"Istituzioni al fianco dei lavoratori\\\" - Radio Touring 104\",\"isPartOf\":{\"@id\":\"https:\/\/progettotouring.it\/radiotouring104\/#website\"},\"primaryImageOfPage\":{\"@id\":\"https:\/\/progettotouring.it\/radiotouring104\/2022\/07\/13\/vertenza-alival-in-commissione-lavoro-il-presidente-nino-malara-istituzioni-al-fianco-dei-lavoratori\/#primaryimage\"},\"image\":{\"@id\":\"https:\/\/progettotouring.it\/radiotouring104\/2022\/07\/13\/vertenza-alival-in-commissione-lavoro-il-presidente-nino-malara-istituzioni-al-fianco-dei-lavoratori\/#primaryimage\"},\"thumbnailUrl\":\"https:\/\/progettotouring.it\/radiotouring104\/wp-content\/uploads\/sites\/6\/2022\/07\/Alival.jpg\",\"datePublished\":\"2022-07-13T20:49:47+00:00\",\"dateModified\":\"2022-07-13T21:01:25+00:00\",\"breadcrumb\":{\"@id\":\"https:\/\/progettotouring.it\/radiotouring104\/2022\/07\/13\/vertenza-alival-in-commissione-lavoro-il-presidente-nino-malara-istituzioni-al-fianco-dei-lavoratori\/#breadcrumb\"},\"inLanguage\":\"it-IT\",\"potentialAction\":[{\"@type\":\"ReadAction\",\"target\":[\"https:\/\/progettotouring.it\/radiotouring104\/2022\/07\/13\/vertenza-alival-in-commissione-lavoro-il-presidente-nino-malara-istituzioni-al-fianco-dei-lavoratori\/\"]}]},{\"@type\":\"ImageObject\",\"inLanguage\":\"it-IT\",\"@id\":\"https:\/\/progettotouring.it\/radiotouring104\/2022\/07\/13\/vertenza-alival-in-commissione-lavoro-il-presidente-nino-malara-istituzioni-al-fianco-dei-lavoratori\/#primaryimage\",\"url\":\"https:\/\/progettotouring.it\/radiotouring104\/wp-content\/uploads\/sites\/6\/2022\/07\/Alival.jpg\",\"contentUrl\":\"https:\/\/progettotouring.it\/radiotouring104\/wp-content\/uploads\/sites\/6\/2022\/07\/Alival.jpg\",\"width\":640,\"height\":360},{\"@type\":\"BreadcrumbList\",\"@id\":\"https:\/\/progettotouring.it\/radiotouring104\/2022\/07\/13\/vertenza-alival-in-commissione-lavoro-il-presidente-nino-malara-istituzioni-al-fianco-dei-lavoratori\/#breadcrumb\",\"itemListElement\":[{\"@type\":\"ListItem\",\"position\":1,\"name\":\"Home\",\"item\":\"https:\/\/progettotouring.it\/radiotouring104\/\"},{\"@type\":\"ListItem\",\"position\":2,\"name\":\"Vertenza Alival in Commissione Lavoro, il Presidente Nino Malara: &#8220;Istituzioni al fianco dei lavoratori&#8221;\"}]},{\"@type\":\"WebSite\",\"@id\":\"https:\/\/progettotouring.it\/radiotouring104\/#website\",\"url\":\"https:\/\/progettotouring.it\/radiotouring104\/\",\"name\":\"Radio Touring 104\",\"description\":\"La prima radio Reggina\",\"publisher\":{\"@id\":\"https:\/\/progettotouring.it\/radiotouring104\/#organization\"},\"potentialAction\":[{\"@type\":\"SearchAction\",\"target\":{\"@type\":\"EntryPoint\",\"urlTemplate\":\"https:\/\/progettotouring.it\/radiotouring104\/?s={search_term_string}\"},\"query-input\":{\"@type\":\"PropertyValueSpecification\",\"valueRequired\":true,\"valueName\":\"search_term_string\"}}],\"inLanguage\":\"it-IT\"},{\"@type\":\"Organization\",\"@id\":\"https:\/\/progettotouring.it\/radiotouring104\/#organization\",\"name\":\"Radio Touring 104\",\"url\":\"https:\/\/progettotouring.it\/radiotouring104\/\",\"logo\":{\"@type\":\"ImageObject\",\"inLanguage\":\"it-IT\",\"@id\":\"https:\/\/progettotouring.it\/radiotouring104\/#\/schema\/logo\/image\/\",\"url\":\"https:\/\/progettotouring.it\/radiotouring104\/wp-content\/uploads\/sites\/6\/2022\/02\/cropped-logo-radio-touring-104.png\",\"contentUrl\":\"https:\/\/progettotouring.it\/radiotouring104\/wp-content\/uploads\/sites\/6\/2022\/02\/cropped-logo-radio-touring-104.png\",\"width\":377,\"height\":182,\"caption\":\"Radio Touring 104\"},\"image\":{\"@id\":\"https:\/\/progettotouring.it\/radiotouring104\/#\/schema\/logo\/image\/\"}},{\"@type\":\"Person\",\"@id\":\"https:\/\/progettotouring.it\/radiotouring104\/#\/schema\/person\/1b3eb3c07c47136bc44c785c543e635f\",\"name\":\"redazione\",\"image\":{\"@type\":\"ImageObject\",\"inLanguage\":\"it-IT\",\"@id\":\"https:\/\/secure.gravatar.com\/avatar\/0b31605b49f100769e8b624b3e05de1b73e1692e9568a352f60f53fd072e6e11?s=96&d=mm&r=g\",\"url\":\"https:\/\/secure.gravatar.com\/avatar\/0b31605b49f100769e8b624b3e05de1b73e1692e9568a352f60f53fd072e6e11?s=96&d=mm&r=g\",\"contentUrl\":\"https:\/\/secure.gravatar.com\/avatar\/0b31605b49f100769e8b624b3e05de1b73e1692e9568a352f60f53fd072e6e11?s=96&d=mm&r=g\",\"caption\":\"redazione\"},\"url\":\"https:\/\/progettotouring.it\/radiotouring104\/author\/redazione\/\"}]}<\/script>\n<!-- \/ Yoast SEO plugin. -->","yoast_head_json":{"title":"Vertenza Alival in Commissione Lavoro, il Presidente Nino Malara: \"Istituzioni al fianco dei lavoratori\" - Radio Touring 104","robots":{"index":"index","follow":"follow","max-snippet":"max-snippet:-1","max-image-preview":"max-image-preview:large","max-video-preview":"max-video-preview:-1"},"canonical":"https:\/\/progettotouring.it\/radiotouring104\/2022\/07\/13\/vertenza-alival-in-commissione-lavoro-il-presidente-nino-malara-istituzioni-al-fianco-dei-lavoratori\/","og_locale":"it_IT","og_type":"article","og_title":"Vertenza Alival in Commissione Lavoro, il Presidente Nino Malara: \"Istituzioni al fianco dei lavoratori\" - Radio Touring 104","og_description":"Il Comune di Reggio Calabria non molla la presa sulla vicenda dei lavoratori Lactalis. Dopo l&#8217;interessamento delle istituzioni territoriali, con le prese di posizione e le lettere ufficiali dei sindaci&hellip;","og_url":"https:\/\/progettotouring.it\/radiotouring104\/2022\/07\/13\/vertenza-alival-in-commissione-lavoro-il-presidente-nino-malara-istituzioni-al-fianco-dei-lavoratori\/","og_site_name":"Radio Touring 104","article_published_time":"2022-07-13T20:49:47+00:00","article_modified_time":"2022-07-13T21:01:25+00:00","og_image":[{"width":640,"height":360,"url":"https:\/\/progettotouring.it\/radiotouring104\/wp-content\/uploads\/sites\/6\/2022\/07\/Alival.jpg","type":"image\/jpeg"}],"author":"redazione","twitter_card":"summary_large_image","twitter_misc":{"Scritto da":"redazione","Tempo di lettura stimato":"2 minuti"},"schema":{"@context":"https:\/\/schema.org","@graph":[{"@type":"Article","@id":"https:\/\/progettotouring.it\/radiotouring104\/2022\/07\/13\/vertenza-alival-in-commissione-lavoro-il-presidente-nino-malara-istituzioni-al-fianco-dei-lavoratori\/#article","isPartOf":{"@id":"https:\/\/progettotouring.it\/radiotouring104\/2022\/07\/13\/vertenza-alival-in-commissione-lavoro-il-presidente-nino-malara-istituzioni-al-fianco-dei-lavoratori\/"},"author":{"name":"redazione","@id":"https:\/\/progettotouring.it\/radiotouring104\/#\/schema\/person\/1b3eb3c07c47136bc44c785c543e635f"},"headline":"Vertenza Alival in Commissione Lavoro, il Presidente Nino Malara: &#8220;Istituzioni al fianco dei lavoratori&#8221;","datePublished":"2022-07-13T20:49:47+00:00","dateModified":"2022-07-13T21:01:25+00:00","mainEntityOfPage":{"@id":"https:\/\/progettotouring.it\/radiotouring104\/2022\/07\/13\/vertenza-alival-in-commissione-lavoro-il-presidente-nino-malara-istituzioni-al-fianco-dei-lavoratori\/"},"wordCount":468,"commentCount":0,"publisher":{"@id":"https:\/\/progettotouring.it\/radiotouring104\/#organization"},"image":{"@id":"https:\/\/progettotouring.it\/radiotouring104\/2022\/07\/13\/vertenza-alival-in-commissione-lavoro-il-presidente-nino-malara-istituzioni-al-fianco-dei-lavoratori\/#primaryimage"},"thumbnailUrl":"https:\/\/progettotouring.it\/radiotouring104\/wp-content\/uploads\/sites\/6\/2022\/07\/Alival.jpg","keywords":["alival","Nino Malara","Paolo Brunetti","San Gregorio"],"articleSection":["Home","News","Reggio Calabria"],"inLanguage":"it-IT","potentialAction":[{"@type":"CommentAction","name":"Comment","target":["https:\/\/progettotouring.it\/radiotouring104\/2022\/07\/13\/vertenza-alival-in-commissione-lavoro-il-presidente-nino-malara-istituzioni-al-fianco-dei-lavoratori\/#respond"]}]},{"@type":"WebPage","@id":"https:\/\/progettotouring.it\/radiotouring104\/2022\/07\/13\/vertenza-alival-in-commissione-lavoro-il-presidente-nino-malara-istituzioni-al-fianco-dei-lavoratori\/","url":"https:\/\/progettotouring.it\/radiotouring104\/2022\/07\/13\/vertenza-alival-in-commissione-lavoro-il-presidente-nino-malara-istituzioni-al-fianco-dei-lavoratori\/","name":"Vertenza Alival in Commissione Lavoro, il Presidente Nino Malara: \"Istituzioni al fianco dei lavoratori\" - Radio Touring 104","isPartOf":{"@id":"https:\/\/progettotouring.it\/radiotouring104\/#website"},"primaryImageOfPage":{"@id":"https:\/\/progettotouring.it\/radiotouring104\/2022\/07\/13\/vertenza-alival-in-commissione-lavoro-il-presidente-nino-malara-istituzioni-al-fianco-dei-lavoratori\/#primaryimage"},"image":{"@id":"https:\/\/progettotouring.it\/radiotouring104\/2022\/07\/13\/vertenza-alival-in-commissione-lavoro-il-presidente-nino-malara-istituzioni-al-fianco-dei-lavoratori\/#primaryimage"},"thumbnailUrl":"https:\/\/progettotouring.it\/radiotouring104\/wp-content\/uploads\/sites\/6\/2022\/07\/Alival.jpg","datePublished":"2022-07-13T20:49:47+00:00","dateModified":"2022-07-13T21:01:25+00:00","breadcrumb":{"@id":"https:\/\/progettotouring.it\/radiotouring104\/2022\/07\/13\/vertenza-alival-in-commissione-lavoro-il-presidente-nino-malara-istituzioni-al-fianco-dei-lavoratori\/#breadcrumb"},"inLanguage":"it-IT","potentialAction":[{"@type":"ReadAction","target":["https:\/\/progettotouring.it\/radiotouring104\/2022\/07\/13\/vertenza-alival-in-commissione-lavoro-il-presidente-nino-malara-istituzioni-al-fianco-dei-lavoratori\/"]}]},{"@type":"ImageObject","inLanguage":"it-IT","@id":"https:\/\/progettotouring.it\/radiotouring104\/2022\/07\/13\/vertenza-alival-in-commissione-lavoro-il-presidente-nino-malara-istituzioni-al-fianco-dei-lavoratori\/#primaryimage","url":"https:\/\/progettotouring.it\/radiotouring104\/wp-content\/uploads\/sites\/6\/2022\/07\/Alival.jpg","contentUrl":"https:\/\/progettotouring.it\/radiotouring104\/wp-content\/uploads\/sites\/6\/2022\/07\/Alival.jpg","width":640,"height":360},{"@type":"BreadcrumbList","@id":"https:\/\/progettotouring.it\/radiotouring104\/2022\/07\/13\/vertenza-alival-in-commissione-lavoro-il-presidente-nino-malara-istituzioni-al-fianco-dei-lavoratori\/#breadcrumb","itemListElement":[{"@type":"ListItem","position":1,"name":"Home","item":"https:\/\/progettotouring.it\/radiotouring104\/"},{"@type":"ListItem","position":2,"name":"Vertenza Alival in Commissione Lavoro, il Presidente Nino Malara: &#8220;Istituzioni al fianco dei lavoratori&#8221;"}]},{"@type":"WebSite","@id":"https:\/\/progettotouring.it\/radiotouring104\/#website","url":"https:\/\/progettotouring.it\/radiotouring104\/","name":"Radio Touring 104","description":"La prima radio Reggina","publisher":{"@id":"https:\/\/progettotouring.it\/radiotouring104\/#organization"},"potentialAction":[{"@type":"SearchAction","target":{"@type":"EntryPoint","urlTemplate":"https:\/\/progettotouring.it\/radiotouring104\/?s={search_term_string}"},"query-input":{"@type":"PropertyValueSpecification","valueRequired":true,"valueName":"search_term_string"}}],"inLanguage":"it-IT"},{"@type":"Organization","@id":"https:\/\/progettotouring.it\/radiotouring104\/#organization","name":"Radio Touring 104","url":"https:\/\/progettotouring.it\/radiotouring104\/","logo":{"@type":"ImageObject","inLanguage":"it-IT","@id":"https:\/\/progettotouring.it\/radiotouring104\/#\/schema\/logo\/image\/","url":"https:\/\/progettotouring.it\/radiotouring104\/wp-content\/uploads\/sites\/6\/2022\/02\/cropped-logo-radio-touring-104.png","contentUrl":"https:\/\/progettotouring.it\/radiotouring104\/wp-content\/uploads\/sites\/6\/2022\/02\/cropped-logo-radio-touring-104.png","width":377,"height":182,"caption":"Radio Touring 104"},"image":{"@id":"https:\/\/progettotouring.it\/radiotouring104\/#\/schema\/logo\/image\/"}},{"@type":"Person","@id":"https:\/\/progettotouring.it\/radiotouring104\/#\/schema\/person\/1b3eb3c07c47136bc44c785c543e635f","name":"redazione","image":{"@type":"ImageObject","inLanguage":"it-IT","@id":"https:\/\/secure.gravatar.com\/avatar\/0b31605b49f100769e8b624b3e05de1b73e1692e9568a352f60f53fd072e6e11?s=96&d=mm&r=g","url":"https:\/\/secure.gravatar.com\/avatar\/0b31605b49f100769e8b624b3e05de1b73e1692e9568a352f60f53fd072e6e11?s=96&d=mm&r=g","contentUrl":"https:\/\/secure.gravatar.com\/avatar\/0b31605b49f100769e8b624b3e05de1b73e1692e9568a352f60f53fd072e6e11?s=96&d=mm&r=g","caption":"redazione"},"url":"https:\/\/progettotouring.it\/radiotouring104\/author\/redazione\/"}]}},"jetpack_publicize_connections":[],"jetpack_featured_media_url":"https:\/\/progettotouring.it\/radiotouring104\/wp-content\/uploads\/sites\/6\/2022\/07\/Alival.jpg","jetpack_sharing_enabled":true,"_links":{"self":[{"href":"https:\/\/progettotouring.it\/radiotouring104\/wp-json\/wp\/v2\/posts\/7860","targetHints":{"allow":["GET"]}}],"collection":[{"href":"https:\/\/progettotouring.it\/radiotouring104\/wp-json\/wp\/v2\/posts"}],"about":[{"href":"https:\/\/progettotouring.it\/radiotouring104\/wp-json\/wp\/v2\/types\/post"}],"author":[{"embeddable":true,"href":"https:\/\/progettotouring.it\/radiotouring104\/wp-json\/wp\/v2\/users\/5"}],"replies":[{"embeddable":true,"href":"https:\/\/progettotouring.it\/radiotouring104\/wp-json\/wp\/v2\/comments?post=7860"}],"version-history":[{"count":1,"href":"https:\/\/progettotouring.it\/radiotouring104\/wp-json\/wp\/v2\/posts\/7860\/revisions"}],"predecessor-version":[{"id":7862,"href":"https:\/\/progettotouring.it\/radiotouring104\/wp-json\/wp\/v2\/posts\/7860\/revisions\/7862"}],"wp:featuredmedia":[{"embeddable":true,"href":"https:\/\/progettotouring.it\/radiotouring104\/wp-json\/wp\/v2\/media\/7861"}],"wp:attachment":[{"href":"https:\/\/progettotouring.it\/radiotouring104\/wp-json\/wp\/v2\/media?parent=7860"}],"wp:term":[{"taxonomy":"category","embeddable":true,"href":"https:\/\/progettotouring.it\/radiotouring104\/wp-json\/wp\/v2\/categories?post=7860"},{"taxonomy":"post_tag","embeddable":true,"href":"https:\/\/progettotouring.it\/radiotouring104\/wp-json\/wp\/v2\/tags?post=7860"}],"curies":[{"name":"wp","href":"https:\/\/api.w.org\/{rel}","templated":true}]}}