{"id":7907,"date":"2022-07-14T17:53:44","date_gmt":"2022-07-14T15:53:44","guid":{"rendered":"https:\/\/progettotouring.it\/radiotouring104\/?p=7907"},"modified":"2022-07-14T17:56:29","modified_gmt":"2022-07-14T15:56:29","slug":"approvato-lo-studio-di-fattibilita-per-la-stazione-sperimentale-delle-essenze","status":"publish","type":"post","link":"https:\/\/progettotouring.it\/radiotouring104\/2022\/07\/14\/approvato-lo-studio-di-fattibilita-per-la-stazione-sperimentale-delle-essenze\/","title":{"rendered":"Approvato lo studio di fattibilit\u00e0 per la Stazione sperimentale delle essenze"},"content":{"rendered":"<p style=\"text-align: justify;\">Prende quota il progetto per il potenziamento della \u201cStazione sperimentale per le industrie delle essenze e dei derivati dagli agrumi\u201d. La Giunta comunale di Reggio Calabria, guidata dal sindaco ff Paolo Brunetti, ha approvato su proposta dell&#8217;Assessora alle Attivit\u00e0 Produttive Angela Martino lo studio di fattibilit\u00e0 tecnica ed economica inerente i lavori di efficientamento energetico e realizzazione di una copertura bioclimatica da effettuarsi sull\u2019immobile che ospita la storica struttura nell&#8217;area adiacente il Lungomare Falcomat\u00e0.<\/p>\n<p>&#8220;Un ulteriore importantissimo passo in avanti nel programma di rigenerazione urbana che punta al completamento ed al potenziamento di una struttura fondamentale per lo sviluppo di un&#8217;industria strategica come quella del bergamotto ed in generale dei prodotti agrumari nel settore delle essenze&#8221; ha commentato l&#8217;Assessora Martino a margine della seduta dell&#8217;Esecutivo cittadino.<\/p>\n<p>&#8220;Un&#8217;attivit\u00e0 programmata a suo tempo su indirizzo del Sindaco Falcomat\u00e0 che oggi vede un importante step nell&#8217;iter di realizzazione, con l&#8217;approvazione dello studio di fattibilit\u00e0 propedeutico al reperimento delle risorse nella programmazione dei fondi comunitari o sui prossimi bandi Pnrr, ai quali l&#8217;Amministrazione comunale intende aderire nell&#8217;ambito delle linee guida fissate dalla convenzione disposta con la Camera di Commercio, l&#8217;Universit\u00e0 Mediterranea e l\u2019Azienda Speciale Stazione Sperimentale per le Industrie delle Essenze e dei derivati dagli Agrumi (SSEA), per lo sviluppo della stessa struttura. La convenzione &#8211; spiega ancora Martino &#8211; prevede il potenziamento della Stazione sperimentale con l&#8217;obiettivo di sviluppare un asset chiave per il supporto scientifico-tecnologico alle imprese del territorio, di offerta di servizi qualificati, di ricerca e formazione nel settore delle essenze e dei derivati agrumari, nonch\u00e9 per la creazione di un sistema per la certificazione, la ricerca di supporto all&#8217;innovazione delle piccole e medie imprese, la valorizzazione delle specifiche potenzialit\u00e0 produttive territoriali sia in chiave economica che turistico-culturale.&#8221;.<\/p>\n<p>&#8220;Nel complesso &#8211; ha spiegato ancora l&#8217;Assessora &#8211; l&#8217;investimento da parte comunale prevede una spesa di un milione e mezzo di euro, per l&#8217;efficientamento di una struttura che non si fermer\u00e0 solo agli aspetti scientifici, legati alla ricerca sul settore delle essenze, ma diventer\u00e0 un vero e proprio attrattore in chiave turistica e commerciale, con la creazione di infrastrutture ricettive, bar e ristorante ad esempio, che saranno complementari rispetto all&#8217;attivit\u00e0 scientifica primaria gestita dalla Camera di Commercio e dall&#8217;Universit\u00e0 e che costituiranno un ulteriore valore aggiunto&#8221;.<\/p>\n<p>&#8220;L&#8217;indirizzo dell&#8217;Amministrazione, sul quale gli uffici stanno lavorando in maniera spedita, \u00e8 quello di creare un vero e proprio hub di un settore che costituisce una delle eccellenze delle nostre produzioni territoriale, costituendo anche un&#8217;importante fetta per ci\u00f2 che riguarda l&#8217;esportazioni per il contesto cittadino e regionale&#8221;.<\/p>\n","protected":false},"excerpt":{"rendered":"<p>Prende quota il progetto per il potenziamento della \u201cStazione sperimentale per le industrie delle essenze e dei derivati dagli agrumi\u201d. La Giunta comunale di Reggio Calabria, guidata dal sindaco ff&hellip;<\/p>\n","protected":false},"author":5,"featured_media":2864,"comment_status":"open","ping_status":"open","sticky":false,"template":"","format":"standard","meta":{"_jetpack_memberships_contains_paid_content":false,"footnotes":"","jetpack_publicize_message":"","jetpack_publicize_feature_enabled":true,"jetpack_social_post_already_shared":false,"jetpack_social_options":{"image_generator_settings":{"template":"highway","default_image_id":0,"font":"","enabled":false},"version":2}},"categories":[921,196,140],"tags":[1345,3611,3610,2832],"class_list":["post-7907","post","type-post","status-publish","format-standard","has-post-thumbnail","hentry","category-home","category-news","category-reggio-calabria","tag-angela-martino","tag-approvazione","tag-fattibilita","tag-stazione-sperimentale-delle-essenze"],"yoast_head":"<!-- This site is optimized with the Yoast SEO plugin v27.2 - https:\/\/yoast.com\/product\/yoast-seo-wordpress\/ -->\n<title>Approvato studio fattibilit\u00e0 per Stazione sperimentale delle essenze<\/title>\n<meta name=\"description\" content=\"La delibera proposta dall&#039;Assessora Angela Martino: &quot;Importante passo in avanti per il potenziamento dell&#039;export cittadino e regionale&quot;\" \/>\n<meta name=\"robots\" content=\"index, follow, max-snippet:-1, max-image-preview:large, max-video-preview:-1\" \/>\n<link rel=\"canonical\" href=\"https:\/\/progettotouring.it\/radiotouring104\/2022\/07\/14\/approvato-lo-studio-di-fattibilita-per-la-stazione-sperimentale-delle-essenze\/\" \/>\n<meta property=\"og:locale\" content=\"it_IT\" \/>\n<meta property=\"og:type\" content=\"article\" \/>\n<meta property=\"og:title\" content=\"Approvato studio fattibilit\u00e0 per Stazione sperimentale delle essenze\" \/>\n<meta property=\"og:description\" content=\"La delibera proposta dall&#039;Assessora Angela Martino: &quot;Importante passo in avanti per il potenziamento dell&#039;export cittadino e regionale&quot;\" \/>\n<meta property=\"og:url\" content=\"https:\/\/progettotouring.it\/radiotouring104\/2022\/07\/14\/approvato-lo-studio-di-fattibilita-per-la-stazione-sperimentale-delle-essenze\/\" \/>\n<meta property=\"og:site_name\" content=\"Radio Touring 104\" \/>\n<meta property=\"article:published_time\" content=\"2022-07-14T15:53:44+00:00\" \/>\n<meta property=\"article:modified_time\" content=\"2022-07-14T15:56:29+00:00\" \/>\n<meta property=\"og:image\" content=\"https:\/\/progettotouring.it\/radiotouring104\/wp-content\/uploads\/sites\/6\/2022\/03\/COMUNE-RC.png\" \/>\n\t<meta property=\"og:image:width\" content=\"986\" \/>\n\t<meta property=\"og:image:height\" content=\"663\" \/>\n\t<meta property=\"og:image:type\" content=\"image\/png\" \/>\n<meta name=\"author\" content=\"redazione\" \/>\n<meta name=\"twitter:card\" content=\"summary_large_image\" \/>\n<meta name=\"twitter:label1\" content=\"Scritto da\" \/>\n\t<meta name=\"twitter:data1\" content=\"redazione\" \/>\n\t<meta name=\"twitter:label2\" content=\"Tempo di lettura stimato\" \/>\n\t<meta name=\"twitter:data2\" content=\"2 minuti\" \/>\n<script type=\"application\/ld+json\" class=\"yoast-schema-graph\">{\"@context\":\"https:\/\/schema.org\",\"@graph\":[{\"@type\":\"Article\",\"@id\":\"https:\/\/progettotouring.it\/radiotouring104\/2022\/07\/14\/approvato-lo-studio-di-fattibilita-per-la-stazione-sperimentale-delle-essenze\/#article\",\"isPartOf\":{\"@id\":\"https:\/\/progettotouring.it\/radiotouring104\/2022\/07\/14\/approvato-lo-studio-di-fattibilita-per-la-stazione-sperimentale-delle-essenze\/\"},\"author\":{\"name\":\"redazione\",\"@id\":\"https:\/\/progettotouring.it\/radiotouring104\/#\/schema\/person\/1b3eb3c07c47136bc44c785c543e635f\"},\"headline\":\"Approvato lo studio di fattibilit\u00e0 per la Stazione sperimentale delle essenze\",\"datePublished\":\"2022-07-14T15:53:44+00:00\",\"dateModified\":\"2022-07-14T15:56:29+00:00\",\"mainEntityOfPage\":{\"@id\":\"https:\/\/progettotouring.it\/radiotouring104\/2022\/07\/14\/approvato-lo-studio-di-fattibilita-per-la-stazione-sperimentale-delle-essenze\/\"},\"wordCount\":432,\"commentCount\":0,\"publisher\":{\"@id\":\"https:\/\/progettotouring.it\/radiotouring104\/#organization\"},\"image\":{\"@id\":\"https:\/\/progettotouring.it\/radiotouring104\/2022\/07\/14\/approvato-lo-studio-di-fattibilita-per-la-stazione-sperimentale-delle-essenze\/#primaryimage\"},\"thumbnailUrl\":\"https:\/\/progettotouring.it\/radiotouring104\/wp-content\/uploads\/sites\/6\/2022\/03\/COMUNE-RC.png\",\"keywords\":[\"angela martino\",\"approvazione\",\"fattibilit\u00e0\",\"stazione sperimentale delle essenze\"],\"articleSection\":[\"Home\",\"News\",\"Reggio Calabria\"],\"inLanguage\":\"it-IT\",\"potentialAction\":[{\"@type\":\"CommentAction\",\"name\":\"Comment\",\"target\":[\"https:\/\/progettotouring.it\/radiotouring104\/2022\/07\/14\/approvato-lo-studio-di-fattibilita-per-la-stazione-sperimentale-delle-essenze\/#respond\"]}]},{\"@type\":\"WebPage\",\"@id\":\"https:\/\/progettotouring.it\/radiotouring104\/2022\/07\/14\/approvato-lo-studio-di-fattibilita-per-la-stazione-sperimentale-delle-essenze\/\",\"url\":\"https:\/\/progettotouring.it\/radiotouring104\/2022\/07\/14\/approvato-lo-studio-di-fattibilita-per-la-stazione-sperimentale-delle-essenze\/\",\"name\":\"Approvato studio fattibilit\u00e0 per Stazione sperimentale delle essenze\",\"isPartOf\":{\"@id\":\"https:\/\/progettotouring.it\/radiotouring104\/#website\"},\"primaryImageOfPage\":{\"@id\":\"https:\/\/progettotouring.it\/radiotouring104\/2022\/07\/14\/approvato-lo-studio-di-fattibilita-per-la-stazione-sperimentale-delle-essenze\/#primaryimage\"},\"image\":{\"@id\":\"https:\/\/progettotouring.it\/radiotouring104\/2022\/07\/14\/approvato-lo-studio-di-fattibilita-per-la-stazione-sperimentale-delle-essenze\/#primaryimage\"},\"thumbnailUrl\":\"https:\/\/progettotouring.it\/radiotouring104\/wp-content\/uploads\/sites\/6\/2022\/03\/COMUNE-RC.png\",\"datePublished\":\"2022-07-14T15:53:44+00:00\",\"dateModified\":\"2022-07-14T15:56:29+00:00\",\"description\":\"La delibera proposta dall'Assessora Angela Martino: \\\"Importante passo in avanti per il potenziamento dell'export cittadino e regionale\\\"\",\"breadcrumb\":{\"@id\":\"https:\/\/progettotouring.it\/radiotouring104\/2022\/07\/14\/approvato-lo-studio-di-fattibilita-per-la-stazione-sperimentale-delle-essenze\/#breadcrumb\"},\"inLanguage\":\"it-IT\",\"potentialAction\":[{\"@type\":\"ReadAction\",\"target\":[\"https:\/\/progettotouring.it\/radiotouring104\/2022\/07\/14\/approvato-lo-studio-di-fattibilita-per-la-stazione-sperimentale-delle-essenze\/\"]}]},{\"@type\":\"ImageObject\",\"inLanguage\":\"it-IT\",\"@id\":\"https:\/\/progettotouring.it\/radiotouring104\/2022\/07\/14\/approvato-lo-studio-di-fattibilita-per-la-stazione-sperimentale-delle-essenze\/#primaryimage\",\"url\":\"https:\/\/progettotouring.it\/radiotouring104\/wp-content\/uploads\/sites\/6\/2022\/03\/COMUNE-RC.png\",\"contentUrl\":\"https:\/\/progettotouring.it\/radiotouring104\/wp-content\/uploads\/sites\/6\/2022\/03\/COMUNE-RC.png\",\"width\":986,\"height\":663,\"caption\":\"Palazzo San Giorgio\"},{\"@type\":\"BreadcrumbList\",\"@id\":\"https:\/\/progettotouring.it\/radiotouring104\/2022\/07\/14\/approvato-lo-studio-di-fattibilita-per-la-stazione-sperimentale-delle-essenze\/#breadcrumb\",\"itemListElement\":[{\"@type\":\"ListItem\",\"position\":1,\"name\":\"Home\",\"item\":\"https:\/\/progettotouring.it\/radiotouring104\/\"},{\"@type\":\"ListItem\",\"position\":2,\"name\":\"Approvato lo studio di fattibilit\u00e0 per la Stazione sperimentale delle essenze\"}]},{\"@type\":\"WebSite\",\"@id\":\"https:\/\/progettotouring.it\/radiotouring104\/#website\",\"url\":\"https:\/\/progettotouring.it\/radiotouring104\/\",\"name\":\"Radio Touring 104\",\"description\":\"La prima radio Reggina\",\"publisher\":{\"@id\":\"https:\/\/progettotouring.it\/radiotouring104\/#organization\"},\"potentialAction\":[{\"@type\":\"SearchAction\",\"target\":{\"@type\":\"EntryPoint\",\"urlTemplate\":\"https:\/\/progettotouring.it\/radiotouring104\/?s={search_term_string}\"},\"query-input\":{\"@type\":\"PropertyValueSpecification\",\"valueRequired\":true,\"valueName\":\"search_term_string\"}}],\"inLanguage\":\"it-IT\"},{\"@type\":\"Organization\",\"@id\":\"https:\/\/progettotouring.it\/radiotouring104\/#organization\",\"name\":\"Radio Touring 104\",\"url\":\"https:\/\/progettotouring.it\/radiotouring104\/\",\"logo\":{\"@type\":\"ImageObject\",\"inLanguage\":\"it-IT\",\"@id\":\"https:\/\/progettotouring.it\/radiotouring104\/#\/schema\/logo\/image\/\",\"url\":\"https:\/\/progettotouring.it\/radiotouring104\/wp-content\/uploads\/sites\/6\/2022\/02\/cropped-logo-radio-touring-104.png\",\"contentUrl\":\"https:\/\/progettotouring.it\/radiotouring104\/wp-content\/uploads\/sites\/6\/2022\/02\/cropped-logo-radio-touring-104.png\",\"width\":377,\"height\":182,\"caption\":\"Radio Touring 104\"},\"image\":{\"@id\":\"https:\/\/progettotouring.it\/radiotouring104\/#\/schema\/logo\/image\/\"}},{\"@type\":\"Person\",\"@id\":\"https:\/\/progettotouring.it\/radiotouring104\/#\/schema\/person\/1b3eb3c07c47136bc44c785c543e635f\",\"name\":\"redazione\",\"image\":{\"@type\":\"ImageObject\",\"inLanguage\":\"it-IT\",\"@id\":\"https:\/\/secure.gravatar.com\/avatar\/0b31605b49f100769e8b624b3e05de1b73e1692e9568a352f60f53fd072e6e11?s=96&d=mm&r=g\",\"url\":\"https:\/\/secure.gravatar.com\/avatar\/0b31605b49f100769e8b624b3e05de1b73e1692e9568a352f60f53fd072e6e11?s=96&d=mm&r=g\",\"contentUrl\":\"https:\/\/secure.gravatar.com\/avatar\/0b31605b49f100769e8b624b3e05de1b73e1692e9568a352f60f53fd072e6e11?s=96&d=mm&r=g\",\"caption\":\"redazione\"},\"url\":\"https:\/\/progettotouring.it\/radiotouring104\/author\/redazione\/\"}]}<\/script>\n<!-- \/ Yoast SEO plugin. -->","yoast_head_json":{"title":"Approvato studio fattibilit\u00e0 per Stazione sperimentale delle essenze","description":"La delibera proposta dall'Assessora Angela Martino: \"Importante passo in avanti per il potenziamento dell'export cittadino e regionale\"","robots":{"index":"index","follow":"follow","max-snippet":"max-snippet:-1","max-image-preview":"max-image-preview:large","max-video-preview":"max-video-preview:-1"},"canonical":"https:\/\/progettotouring.it\/radiotouring104\/2022\/07\/14\/approvato-lo-studio-di-fattibilita-per-la-stazione-sperimentale-delle-essenze\/","og_locale":"it_IT","og_type":"article","og_title":"Approvato studio fattibilit\u00e0 per Stazione sperimentale delle essenze","og_description":"La delibera proposta dall'Assessora Angela Martino: \"Importante passo in avanti per il potenziamento dell'export cittadino e regionale\"","og_url":"https:\/\/progettotouring.it\/radiotouring104\/2022\/07\/14\/approvato-lo-studio-di-fattibilita-per-la-stazione-sperimentale-delle-essenze\/","og_site_name":"Radio Touring 104","article_published_time":"2022-07-14T15:53:44+00:00","article_modified_time":"2022-07-14T15:56:29+00:00","og_image":[{"width":986,"height":663,"url":"https:\/\/progettotouring.it\/radiotouring104\/wp-content\/uploads\/sites\/6\/2022\/03\/COMUNE-RC.png","type":"image\/png"}],"author":"redazione","twitter_card":"summary_large_image","twitter_misc":{"Scritto da":"redazione","Tempo di lettura stimato":"2 minuti"},"schema":{"@context":"https:\/\/schema.org","@graph":[{"@type":"Article","@id":"https:\/\/progettotouring.it\/radiotouring104\/2022\/07\/14\/approvato-lo-studio-di-fattibilita-per-la-stazione-sperimentale-delle-essenze\/#article","isPartOf":{"@id":"https:\/\/progettotouring.it\/radiotouring104\/2022\/07\/14\/approvato-lo-studio-di-fattibilita-per-la-stazione-sperimentale-delle-essenze\/"},"author":{"name":"redazione","@id":"https:\/\/progettotouring.it\/radiotouring104\/#\/schema\/person\/1b3eb3c07c47136bc44c785c543e635f"},"headline":"Approvato lo studio di fattibilit\u00e0 per la Stazione sperimentale delle essenze","datePublished":"2022-07-14T15:53:44+00:00","dateModified":"2022-07-14T15:56:29+00:00","mainEntityOfPage":{"@id":"https:\/\/progettotouring.it\/radiotouring104\/2022\/07\/14\/approvato-lo-studio-di-fattibilita-per-la-stazione-sperimentale-delle-essenze\/"},"wordCount":432,"commentCount":0,"publisher":{"@id":"https:\/\/progettotouring.it\/radiotouring104\/#organization"},"image":{"@id":"https:\/\/progettotouring.it\/radiotouring104\/2022\/07\/14\/approvato-lo-studio-di-fattibilita-per-la-stazione-sperimentale-delle-essenze\/#primaryimage"},"thumbnailUrl":"https:\/\/progettotouring.it\/radiotouring104\/wp-content\/uploads\/sites\/6\/2022\/03\/COMUNE-RC.png","keywords":["angela martino","approvazione","fattibilit\u00e0","stazione sperimentale delle essenze"],"articleSection":["Home","News","Reggio Calabria"],"inLanguage":"it-IT","potentialAction":[{"@type":"CommentAction","name":"Comment","target":["https:\/\/progettotouring.it\/radiotouring104\/2022\/07\/14\/approvato-lo-studio-di-fattibilita-per-la-stazione-sperimentale-delle-essenze\/#respond"]}]},{"@type":"WebPage","@id":"https:\/\/progettotouring.it\/radiotouring104\/2022\/07\/14\/approvato-lo-studio-di-fattibilita-per-la-stazione-sperimentale-delle-essenze\/","url":"https:\/\/progettotouring.it\/radiotouring104\/2022\/07\/14\/approvato-lo-studio-di-fattibilita-per-la-stazione-sperimentale-delle-essenze\/","name":"Approvato studio fattibilit\u00e0 per Stazione sperimentale delle essenze","isPartOf":{"@id":"https:\/\/progettotouring.it\/radiotouring104\/#website"},"primaryImageOfPage":{"@id":"https:\/\/progettotouring.it\/radiotouring104\/2022\/07\/14\/approvato-lo-studio-di-fattibilita-per-la-stazione-sperimentale-delle-essenze\/#primaryimage"},"image":{"@id":"https:\/\/progettotouring.it\/radiotouring104\/2022\/07\/14\/approvato-lo-studio-di-fattibilita-per-la-stazione-sperimentale-delle-essenze\/#primaryimage"},"thumbnailUrl":"https:\/\/progettotouring.it\/radiotouring104\/wp-content\/uploads\/sites\/6\/2022\/03\/COMUNE-RC.png","datePublished":"2022-07-14T15:53:44+00:00","dateModified":"2022-07-14T15:56:29+00:00","description":"La delibera proposta dall'Assessora Angela Martino: \"Importante passo in avanti per il potenziamento dell'export cittadino e regionale\"","breadcrumb":{"@id":"https:\/\/progettotouring.it\/radiotouring104\/2022\/07\/14\/approvato-lo-studio-di-fattibilita-per-la-stazione-sperimentale-delle-essenze\/#breadcrumb"},"inLanguage":"it-IT","potentialAction":[{"@type":"ReadAction","target":["https:\/\/progettotouring.it\/radiotouring104\/2022\/07\/14\/approvato-lo-studio-di-fattibilita-per-la-stazione-sperimentale-delle-essenze\/"]}]},{"@type":"ImageObject","inLanguage":"it-IT","@id":"https:\/\/progettotouring.it\/radiotouring104\/2022\/07\/14\/approvato-lo-studio-di-fattibilita-per-la-stazione-sperimentale-delle-essenze\/#primaryimage","url":"https:\/\/progettotouring.it\/radiotouring104\/wp-content\/uploads\/sites\/6\/2022\/03\/COMUNE-RC.png","contentUrl":"https:\/\/progettotouring.it\/radiotouring104\/wp-content\/uploads\/sites\/6\/2022\/03\/COMUNE-RC.png","width":986,"height":663,"caption":"Palazzo San Giorgio"},{"@type":"BreadcrumbList","@id":"https:\/\/progettotouring.it\/radiotouring104\/2022\/07\/14\/approvato-lo-studio-di-fattibilita-per-la-stazione-sperimentale-delle-essenze\/#breadcrumb","itemListElement":[{"@type":"ListItem","position":1,"name":"Home","item":"https:\/\/progettotouring.it\/radiotouring104\/"},{"@type":"ListItem","position":2,"name":"Approvato lo studio di fattibilit\u00e0 per la Stazione sperimentale delle essenze"}]},{"@type":"WebSite","@id":"https:\/\/progettotouring.it\/radiotouring104\/#website","url":"https:\/\/progettotouring.it\/radiotouring104\/","name":"Radio Touring 104","description":"La prima radio Reggina","publisher":{"@id":"https:\/\/progettotouring.it\/radiotouring104\/#organization"},"potentialAction":[{"@type":"SearchAction","target":{"@type":"EntryPoint","urlTemplate":"https:\/\/progettotouring.it\/radiotouring104\/?s={search_term_string}"},"query-input":{"@type":"PropertyValueSpecification","valueRequired":true,"valueName":"search_term_string"}}],"inLanguage":"it-IT"},{"@type":"Organization","@id":"https:\/\/progettotouring.it\/radiotouring104\/#organization","name":"Radio Touring 104","url":"https:\/\/progettotouring.it\/radiotouring104\/","logo":{"@type":"ImageObject","inLanguage":"it-IT","@id":"https:\/\/progettotouring.it\/radiotouring104\/#\/schema\/logo\/image\/","url":"https:\/\/progettotouring.it\/radiotouring104\/wp-content\/uploads\/sites\/6\/2022\/02\/cropped-logo-radio-touring-104.png","contentUrl":"https:\/\/progettotouring.it\/radiotouring104\/wp-content\/uploads\/sites\/6\/2022\/02\/cropped-logo-radio-touring-104.png","width":377,"height":182,"caption":"Radio Touring 104"},"image":{"@id":"https:\/\/progettotouring.it\/radiotouring104\/#\/schema\/logo\/image\/"}},{"@type":"Person","@id":"https:\/\/progettotouring.it\/radiotouring104\/#\/schema\/person\/1b3eb3c07c47136bc44c785c543e635f","name":"redazione","image":{"@type":"ImageObject","inLanguage":"it-IT","@id":"https:\/\/secure.gravatar.com\/avatar\/0b31605b49f100769e8b624b3e05de1b73e1692e9568a352f60f53fd072e6e11?s=96&d=mm&r=g","url":"https:\/\/secure.gravatar.com\/avatar\/0b31605b49f100769e8b624b3e05de1b73e1692e9568a352f60f53fd072e6e11?s=96&d=mm&r=g","contentUrl":"https:\/\/secure.gravatar.com\/avatar\/0b31605b49f100769e8b624b3e05de1b73e1692e9568a352f60f53fd072e6e11?s=96&d=mm&r=g","caption":"redazione"},"url":"https:\/\/progettotouring.it\/radiotouring104\/author\/redazione\/"}]}},"jetpack_publicize_connections":[],"jetpack_featured_media_url":"https:\/\/progettotouring.it\/radiotouring104\/wp-content\/uploads\/sites\/6\/2022\/03\/COMUNE-RC.png","jetpack_sharing_enabled":true,"_links":{"self":[{"href":"https:\/\/progettotouring.it\/radiotouring104\/wp-json\/wp\/v2\/posts\/7907","targetHints":{"allow":["GET"]}}],"collection":[{"href":"https:\/\/progettotouring.it\/radiotouring104\/wp-json\/wp\/v2\/posts"}],"about":[{"href":"https:\/\/progettotouring.it\/radiotouring104\/wp-json\/wp\/v2\/types\/post"}],"author":[{"embeddable":true,"href":"https:\/\/progettotouring.it\/radiotouring104\/wp-json\/wp\/v2\/users\/5"}],"replies":[{"embeddable":true,"href":"https:\/\/progettotouring.it\/radiotouring104\/wp-json\/wp\/v2\/comments?post=7907"}],"version-history":[{"count":1,"href":"https:\/\/progettotouring.it\/radiotouring104\/wp-json\/wp\/v2\/posts\/7907\/revisions"}],"predecessor-version":[{"id":7908,"href":"https:\/\/progettotouring.it\/radiotouring104\/wp-json\/wp\/v2\/posts\/7907\/revisions\/7908"}],"wp:featuredmedia":[{"embeddable":true,"href":"https:\/\/progettotouring.it\/radiotouring104\/wp-json\/wp\/v2\/media\/2864"}],"wp:attachment":[{"href":"https:\/\/progettotouring.it\/radiotouring104\/wp-json\/wp\/v2\/media?parent=7907"}],"wp:term":[{"taxonomy":"category","embeddable":true,"href":"https:\/\/progettotouring.it\/radiotouring104\/wp-json\/wp\/v2\/categories?post=7907"},{"taxonomy":"post_tag","embeddable":true,"href":"https:\/\/progettotouring.it\/radiotouring104\/wp-json\/wp\/v2\/tags?post=7907"}],"curies":[{"name":"wp","href":"https:\/\/api.w.org\/{rel}","templated":true}]}}