{"id":7916,"date":"2022-07-15T09:18:23","date_gmt":"2022-07-15T07:18:23","guid":{"rendered":"https:\/\/progettotouring.it\/radiotouring104\/?p=7916"},"modified":"2022-07-15T09:18:23","modified_gmt":"2022-07-15T07:18:23","slug":"primo-incontro-rete-lavoro-agricolo-di-qualita-reggio-calabria","status":"publish","type":"post","link":"https:\/\/progettotouring.it\/radiotouring104\/2022\/07\/15\/primo-incontro-rete-lavoro-agricolo-di-qualita-reggio-calabria\/","title":{"rendered":"Primo incontro Rete Lavoro Agricolo di Qualit\u00e0 Reggio Calabria"},"content":{"rendered":"<p>COMUNICATO STAMPA ROMOLO PISCIONIERI, SEGRETARIO GENERALE FAI CISL REGGIO CALABRIA<\/p>\n<p style=\"text-align: justify\">Dall&#8217;incontro d&#8217;informazione sulla promozione e approfondimenti concernenti la sezione territoriale della &#8216;Rete del Lavoro Agricolo di Qualit\u00e0&#8221; tenutosi presso la sede Inps di Reggio Calabria, giorno 8 luglio 2022, su iniziativa del direttore Angelo Maria Manna, emerge l&#8217;esigenza di rafforzare l&#8217;impegno verso il lavoro in agricoltura, in uno scenario globale che implica innovazione e sostenibilit\u00e0.<\/p>\n<p style=\"text-align: justify\">Una visione macro dell&#8217;agricoltura i cui ri\ufb02essi \ufb01niscono per condizionare le aziende e i lavoratori, con un&#8217;eccessiva precarizzazione del lavoro per la manodopera straniera, l&#8217;unica a crescere, ma solo tra i non comunitari.<\/p>\n<p style=\"text-align: justify\">Un&#8217;incidenza, che lascia inalterata la specializzazione produttiva, chiamandoci a ri\ufb02ettere su come gestire e governare certi \ufb02ussi stagionali che alterano gli equilibri locali, nei diversi ambiti, giacch\u00e9 si tratta di prestazioni lavorative svolte da manodopera extracomunitaria.<\/p>\n<p style=\"text-align: justify\">La collaborazione dell\u2019organizzazione Internazionale per le Migrazioni deve poter supportare eventuali vuoti normativi rendendosi interprete delle esigenze di legalit\u00e0 presenti in diverse realt\u00e0.<\/p>\n<p style=\"text-align: justify\">Sicch\u00e9, s&#8217;invoca un rinnovato impegno comune; Parti imprenditoriali agricole, sindacato confederale settore agricoltura, Inps, Istituzioni locali, affinch\u00e9 si possa stabilire un&#8217;alleanza per la condivisione di percorsi da intraprendere tra Istituzioni, produzione, lavoro, consumo consapevole, utile a seguire le nuove regole, senza rischiare di perdere gli accessi agli aiuti \ufb01nanziari di nuova destinazione per l&#8217;agricoltura.<\/p>\n<p style=\"text-align: justify\">La nuova Politica Agricola Comunitaria, 2023\/2027, si distingue dal passato a seguito della prevista &#8216; condizionalit\u00e0 rafforzata ambientale e sociale&#8221; e ci obbliga a lasciarci alle spalle quel retaggio mentale di approccio con super\ufb01cialit\u00e0, presente in tanti di noi, riguardante l&#8217;operato e I&#8217;agire, molte volte freno per la caratterizzazione e l&#8217;attribuzione di quel meritato valore aggiunto ai nostri prodotti di qualit\u00e0.<\/p>\n<p style=\"text-align: justify\">La nuova PAC, suggerisce una diversa via sul modo di fare impresa agricola, per quanto possibile innovativa e moderna, nel pieno rispetto delle regole, oggi, che si annunciano stringenti e comunque non eludibili, vista la nuova clausola di condizionalit\u00e0 sociale, tendente al rispetto dei contratti e delle norme che regolano la condizione sociale e lavorativa, la sicurezza e la salute sul lavoro.<\/p>\n<p style=\"text-align: justify\">Sono adempimenti obbligati per entrare a pieno nei bene\ufb01ci futuri degli aiuti comunitari.<\/p>\n<p style=\"text-align: justify\">La via dell&#8217;iscrizione alla Rete del Lavoro Agricolo di Qualit\u00e0, per alcuni versi, \u00e8 anticipatoria di un percorso, anche se ancora deve essere migliorata, in termini di convenienza, per coloro i quali decidono di sottoscriverne l&#8217;adesione.<\/p>\n<p style=\"text-align: justify\">Una possibile via premiale, da contestualizzare nell&#8217;articolato dei futuri bandi di apertura alla progettazione riferita al PSR, nonch\u00e9 ad altri fondi, mediante un indicatore di attribuzione di ulteriore punteggio, se a parit\u00e0, passa l&#8217;azienda che vanta l&#8217;iscrizione, dimostrando cosi di rendersi protagonista sul piano degli adempimenti contrattuali e normativi a vantaggio dei lavoratori, delle comunit\u00e0, nonch\u00e9 dei consumatori, visto il rispetto etico e ambientale, funzionali a una produzione di migliore qualit\u00e0.<\/p>\n<p style=\"text-align: justify\">\n","protected":false},"excerpt":{"rendered":"<p>COMUNICATO STAMPA ROMOLO PISCIONIERI, SEGRETARIO GENERALE FAI CISL REGGIO CALABRIA Dall&#8217;incontro d&#8217;informazione sulla promozione e approfondimenti concernenti la sezione territoriale della &#8216;Rete del Lavoro Agricolo di Qualit\u00e0&#8221; tenutosi presso la&hellip;<\/p>\n","protected":false},"author":10,"featured_media":7917,"comment_status":"open","ping_status":"open","sticky":false,"template":"","format":"standard","meta":{"_jetpack_memberships_contains_paid_content":false,"footnotes":"","jetpack_publicize_message":"","jetpack_publicize_feature_enabled":true,"jetpack_social_post_already_shared":false,"jetpack_social_options":{"image_generator_settings":{"template":"highway","default_image_id":0,"font":"","enabled":false},"version":2}},"categories":[921,196,140],"tags":[3617,3616,236,3615,3618],"class_list":["post-7916","post","type-post","status-publish","format-standard","has-post-thumbnail","hentry","category-home","category-news","category-reggio-calabria","tag-angelo-maria-manna","tag-inps-reggio-calabria","tag-reggio-calabria","tag-rete-lavoro-agricolo-di-qualita","tag-romolo-piscionieri"],"yoast_head":"<!-- This site is optimized with the Yoast SEO plugin v27.2 - https:\/\/yoast.com\/product\/yoast-seo-wordpress\/ -->\n<title>Primo incontro Rete Lavoro Agricolo di Qualit\u00e0 Reggio Calabria<\/title>\n<meta name=\"description\" content=\"Le parole di Romolo Piscionieri sull&#039;incontro d&#039;informazione sulla promozione e approfondimenti concernenti la sezione territoriale della &#039;Rete del Lavoro Agricolo di Qualit\u00e0&quot; si \u00e8 tenuto presso la sede Inps di Reggio Calabria, giorno 8 luglio 2022, su iniziativa del direttore Angelo Maria Manna\" \/>\n<meta name=\"robots\" content=\"index, follow, max-snippet:-1, max-image-preview:large, max-video-preview:-1\" \/>\n<link rel=\"canonical\" href=\"https:\/\/progettotouring.it\/radiotouring104\/2022\/07\/15\/primo-incontro-rete-lavoro-agricolo-di-qualita-reggio-calabria\/\" \/>\n<meta property=\"og:locale\" content=\"it_IT\" \/>\n<meta property=\"og:type\" content=\"article\" \/>\n<meta property=\"og:title\" content=\"Primo incontro Rete Lavoro Agricolo di Qualit\u00e0 Reggio Calabria\" \/>\n<meta property=\"og:description\" content=\"Le parole di Romolo Piscionieri sull&#039;incontro d&#039;informazione sulla promozione e approfondimenti concernenti la sezione territoriale della &#039;Rete del Lavoro Agricolo di Qualit\u00e0&quot; si \u00e8 tenuto presso la sede Inps di Reggio Calabria, giorno 8 luglio 2022, su iniziativa del direttore Angelo Maria Manna\" \/>\n<meta property=\"og:url\" content=\"https:\/\/progettotouring.it\/radiotouring104\/2022\/07\/15\/primo-incontro-rete-lavoro-agricolo-di-qualita-reggio-calabria\/\" \/>\n<meta property=\"og:site_name\" content=\"Radio Touring 104\" \/>\n<meta property=\"article:published_time\" content=\"2022-07-15T07:18:23+00:00\" \/>\n<meta property=\"og:image\" content=\"https:\/\/progettotouring.it\/radiotouring104\/wp-content\/uploads\/sites\/6\/2022\/07\/Romolo-Piscioneri-Segretario-Generale-Fai-Cisl-Reggio-Calabria.jpg\" \/>\n\t<meta property=\"og:image:width\" content=\"1497\" \/>\n\t<meta property=\"og:image:height\" content=\"1136\" \/>\n\t<meta property=\"og:image:type\" content=\"image\/jpeg\" \/>\n<meta name=\"author\" content=\"Paolo Frascati\" \/>\n<meta name=\"twitter:card\" content=\"summary_large_image\" \/>\n<meta name=\"twitter:label1\" content=\"Scritto da\" \/>\n\t<meta name=\"twitter:data1\" content=\"Paolo Frascati\" \/>\n\t<meta name=\"twitter:label2\" content=\"Tempo di lettura stimato\" \/>\n\t<meta name=\"twitter:data2\" content=\"2 minuti\" \/>\n<script type=\"application\/ld+json\" class=\"yoast-schema-graph\">{\"@context\":\"https:\/\/schema.org\",\"@graph\":[{\"@type\":\"Article\",\"@id\":\"https:\/\/progettotouring.it\/radiotouring104\/2022\/07\/15\/primo-incontro-rete-lavoro-agricolo-di-qualita-reggio-calabria\/#article\",\"isPartOf\":{\"@id\":\"https:\/\/progettotouring.it\/radiotouring104\/2022\/07\/15\/primo-incontro-rete-lavoro-agricolo-di-qualita-reggio-calabria\/\"},\"author\":{\"name\":\"Paolo Frascati\",\"@id\":\"https:\/\/progettotouring.it\/radiotouring104\/#\/schema\/person\/f0ca1b839e26c1b921f796a3458a8574\"},\"headline\":\"Primo incontro Rete Lavoro Agricolo di Qualit\u00e0 Reggio Calabria\",\"datePublished\":\"2022-07-15T07:18:23+00:00\",\"mainEntityOfPage\":{\"@id\":\"https:\/\/progettotouring.it\/radiotouring104\/2022\/07\/15\/primo-incontro-rete-lavoro-agricolo-di-qualita-reggio-calabria\/\"},\"wordCount\":464,\"commentCount\":0,\"publisher\":{\"@id\":\"https:\/\/progettotouring.it\/radiotouring104\/#organization\"},\"image\":{\"@id\":\"https:\/\/progettotouring.it\/radiotouring104\/2022\/07\/15\/primo-incontro-rete-lavoro-agricolo-di-qualita-reggio-calabria\/#primaryimage\"},\"thumbnailUrl\":\"https:\/\/progettotouring.it\/radiotouring104\/wp-content\/uploads\/sites\/6\/2022\/07\/Romolo-Piscioneri-Segretario-Generale-Fai-Cisl-Reggio-Calabria.jpg\",\"keywords\":[\"Angelo Maria Manna\",\"Inps Reggio Calabria\",\"reggio calabria\",\"Rete Lavoro Agricolo di Qualit\u00e0\",\"Romolo Piscionieri\"],\"articleSection\":[\"Home\",\"News\",\"Reggio Calabria\"],\"inLanguage\":\"it-IT\",\"potentialAction\":[{\"@type\":\"CommentAction\",\"name\":\"Comment\",\"target\":[\"https:\/\/progettotouring.it\/radiotouring104\/2022\/07\/15\/primo-incontro-rete-lavoro-agricolo-di-qualita-reggio-calabria\/#respond\"]}]},{\"@type\":\"WebPage\",\"@id\":\"https:\/\/progettotouring.it\/radiotouring104\/2022\/07\/15\/primo-incontro-rete-lavoro-agricolo-di-qualita-reggio-calabria\/\",\"url\":\"https:\/\/progettotouring.it\/radiotouring104\/2022\/07\/15\/primo-incontro-rete-lavoro-agricolo-di-qualita-reggio-calabria\/\",\"name\":\"Primo incontro Rete Lavoro Agricolo di Qualit\u00e0 Reggio Calabria\",\"isPartOf\":{\"@id\":\"https:\/\/progettotouring.it\/radiotouring104\/#website\"},\"primaryImageOfPage\":{\"@id\":\"https:\/\/progettotouring.it\/radiotouring104\/2022\/07\/15\/primo-incontro-rete-lavoro-agricolo-di-qualita-reggio-calabria\/#primaryimage\"},\"image\":{\"@id\":\"https:\/\/progettotouring.it\/radiotouring104\/2022\/07\/15\/primo-incontro-rete-lavoro-agricolo-di-qualita-reggio-calabria\/#primaryimage\"},\"thumbnailUrl\":\"https:\/\/progettotouring.it\/radiotouring104\/wp-content\/uploads\/sites\/6\/2022\/07\/Romolo-Piscioneri-Segretario-Generale-Fai-Cisl-Reggio-Calabria.jpg\",\"datePublished\":\"2022-07-15T07:18:23+00:00\",\"description\":\"Le parole di Romolo Piscionieri sull'incontro d'informazione sulla promozione e approfondimenti concernenti la sezione territoriale della 'Rete del Lavoro Agricolo di Qualit\u00e0\\\" si \u00e8 tenuto presso la sede Inps di Reggio Calabria, giorno 8 luglio 2022, su iniziativa del direttore Angelo Maria Manna\",\"breadcrumb\":{\"@id\":\"https:\/\/progettotouring.it\/radiotouring104\/2022\/07\/15\/primo-incontro-rete-lavoro-agricolo-di-qualita-reggio-calabria\/#breadcrumb\"},\"inLanguage\":\"it-IT\",\"potentialAction\":[{\"@type\":\"ReadAction\",\"target\":[\"https:\/\/progettotouring.it\/radiotouring104\/2022\/07\/15\/primo-incontro-rete-lavoro-agricolo-di-qualita-reggio-calabria\/\"]}]},{\"@type\":\"ImageObject\",\"inLanguage\":\"it-IT\",\"@id\":\"https:\/\/progettotouring.it\/radiotouring104\/2022\/07\/15\/primo-incontro-rete-lavoro-agricolo-di-qualita-reggio-calabria\/#primaryimage\",\"url\":\"https:\/\/progettotouring.it\/radiotouring104\/wp-content\/uploads\/sites\/6\/2022\/07\/Romolo-Piscioneri-Segretario-Generale-Fai-Cisl-Reggio-Calabria.jpg\",\"contentUrl\":\"https:\/\/progettotouring.it\/radiotouring104\/wp-content\/uploads\/sites\/6\/2022\/07\/Romolo-Piscioneri-Segretario-Generale-Fai-Cisl-Reggio-Calabria.jpg\",\"width\":1497,\"height\":1136},{\"@type\":\"BreadcrumbList\",\"@id\":\"https:\/\/progettotouring.it\/radiotouring104\/2022\/07\/15\/primo-incontro-rete-lavoro-agricolo-di-qualita-reggio-calabria\/#breadcrumb\",\"itemListElement\":[{\"@type\":\"ListItem\",\"position\":1,\"name\":\"Home\",\"item\":\"https:\/\/progettotouring.it\/radiotouring104\/\"},{\"@type\":\"ListItem\",\"position\":2,\"name\":\"Primo incontro Rete Lavoro Agricolo di Qualit\u00e0 Reggio Calabria\"}]},{\"@type\":\"WebSite\",\"@id\":\"https:\/\/progettotouring.it\/radiotouring104\/#website\",\"url\":\"https:\/\/progettotouring.it\/radiotouring104\/\",\"name\":\"Radio Touring 104\",\"description\":\"La prima radio Reggina\",\"publisher\":{\"@id\":\"https:\/\/progettotouring.it\/radiotouring104\/#organization\"},\"potentialAction\":[{\"@type\":\"SearchAction\",\"target\":{\"@type\":\"EntryPoint\",\"urlTemplate\":\"https:\/\/progettotouring.it\/radiotouring104\/?s={search_term_string}\"},\"query-input\":{\"@type\":\"PropertyValueSpecification\",\"valueRequired\":true,\"valueName\":\"search_term_string\"}}],\"inLanguage\":\"it-IT\"},{\"@type\":\"Organization\",\"@id\":\"https:\/\/progettotouring.it\/radiotouring104\/#organization\",\"name\":\"Radio Touring 104\",\"url\":\"https:\/\/progettotouring.it\/radiotouring104\/\",\"logo\":{\"@type\":\"ImageObject\",\"inLanguage\":\"it-IT\",\"@id\":\"https:\/\/progettotouring.it\/radiotouring104\/#\/schema\/logo\/image\/\",\"url\":\"https:\/\/progettotouring.it\/radiotouring104\/wp-content\/uploads\/sites\/6\/2022\/02\/cropped-logo-radio-touring-104.png\",\"contentUrl\":\"https:\/\/progettotouring.it\/radiotouring104\/wp-content\/uploads\/sites\/6\/2022\/02\/cropped-logo-radio-touring-104.png\",\"width\":377,\"height\":182,\"caption\":\"Radio Touring 104\"},\"image\":{\"@id\":\"https:\/\/progettotouring.it\/radiotouring104\/#\/schema\/logo\/image\/\"}},{\"@type\":\"Person\",\"@id\":\"https:\/\/progettotouring.it\/radiotouring104\/#\/schema\/person\/f0ca1b839e26c1b921f796a3458a8574\",\"name\":\"Paolo Frascati\",\"image\":{\"@type\":\"ImageObject\",\"inLanguage\":\"it-IT\",\"@id\":\"https:\/\/secure.gravatar.com\/avatar\/acad0e44d6a6c69de2c2c1bf6aba094792ac51f1833e9c8a3760ba270d70b909?s=96&d=mm&r=g\",\"url\":\"https:\/\/secure.gravatar.com\/avatar\/acad0e44d6a6c69de2c2c1bf6aba094792ac51f1833e9c8a3760ba270d70b909?s=96&d=mm&r=g\",\"contentUrl\":\"https:\/\/secure.gravatar.com\/avatar\/acad0e44d6a6c69de2c2c1bf6aba094792ac51f1833e9c8a3760ba270d70b909?s=96&d=mm&r=g\",\"caption\":\"Paolo Frascati\"},\"url\":\"https:\/\/progettotouring.it\/radiotouring104\/author\/paolofrascati\/\"}]}<\/script>\n<!-- \/ Yoast SEO plugin. -->","yoast_head_json":{"title":"Primo incontro Rete Lavoro Agricolo di Qualit\u00e0 Reggio Calabria","description":"Le parole di Romolo Piscionieri sull'incontro d'informazione sulla promozione e approfondimenti concernenti la sezione territoriale della 'Rete del Lavoro Agricolo di Qualit\u00e0\" si \u00e8 tenuto presso la sede Inps di Reggio Calabria, giorno 8 luglio 2022, su iniziativa del direttore Angelo Maria Manna","robots":{"index":"index","follow":"follow","max-snippet":"max-snippet:-1","max-image-preview":"max-image-preview:large","max-video-preview":"max-video-preview:-1"},"canonical":"https:\/\/progettotouring.it\/radiotouring104\/2022\/07\/15\/primo-incontro-rete-lavoro-agricolo-di-qualita-reggio-calabria\/","og_locale":"it_IT","og_type":"article","og_title":"Primo incontro Rete Lavoro Agricolo di Qualit\u00e0 Reggio Calabria","og_description":"Le parole di Romolo Piscionieri sull'incontro d'informazione sulla promozione e approfondimenti concernenti la sezione territoriale della 'Rete del Lavoro Agricolo di Qualit\u00e0\" si \u00e8 tenuto presso la sede Inps di Reggio Calabria, giorno 8 luglio 2022, su iniziativa del direttore Angelo Maria Manna","og_url":"https:\/\/progettotouring.it\/radiotouring104\/2022\/07\/15\/primo-incontro-rete-lavoro-agricolo-di-qualita-reggio-calabria\/","og_site_name":"Radio Touring 104","article_published_time":"2022-07-15T07:18:23+00:00","og_image":[{"width":1497,"height":1136,"url":"https:\/\/progettotouring.it\/radiotouring104\/wp-content\/uploads\/sites\/6\/2022\/07\/Romolo-Piscioneri-Segretario-Generale-Fai-Cisl-Reggio-Calabria.jpg","type":"image\/jpeg"}],"author":"Paolo Frascati","twitter_card":"summary_large_image","twitter_misc":{"Scritto da":"Paolo Frascati","Tempo di lettura stimato":"2 minuti"},"schema":{"@context":"https:\/\/schema.org","@graph":[{"@type":"Article","@id":"https:\/\/progettotouring.it\/radiotouring104\/2022\/07\/15\/primo-incontro-rete-lavoro-agricolo-di-qualita-reggio-calabria\/#article","isPartOf":{"@id":"https:\/\/progettotouring.it\/radiotouring104\/2022\/07\/15\/primo-incontro-rete-lavoro-agricolo-di-qualita-reggio-calabria\/"},"author":{"name":"Paolo Frascati","@id":"https:\/\/progettotouring.it\/radiotouring104\/#\/schema\/person\/f0ca1b839e26c1b921f796a3458a8574"},"headline":"Primo incontro Rete Lavoro Agricolo di Qualit\u00e0 Reggio Calabria","datePublished":"2022-07-15T07:18:23+00:00","mainEntityOfPage":{"@id":"https:\/\/progettotouring.it\/radiotouring104\/2022\/07\/15\/primo-incontro-rete-lavoro-agricolo-di-qualita-reggio-calabria\/"},"wordCount":464,"commentCount":0,"publisher":{"@id":"https:\/\/progettotouring.it\/radiotouring104\/#organization"},"image":{"@id":"https:\/\/progettotouring.it\/radiotouring104\/2022\/07\/15\/primo-incontro-rete-lavoro-agricolo-di-qualita-reggio-calabria\/#primaryimage"},"thumbnailUrl":"https:\/\/progettotouring.it\/radiotouring104\/wp-content\/uploads\/sites\/6\/2022\/07\/Romolo-Piscioneri-Segretario-Generale-Fai-Cisl-Reggio-Calabria.jpg","keywords":["Angelo Maria Manna","Inps Reggio Calabria","reggio calabria","Rete Lavoro Agricolo di Qualit\u00e0","Romolo Piscionieri"],"articleSection":["Home","News","Reggio Calabria"],"inLanguage":"it-IT","potentialAction":[{"@type":"CommentAction","name":"Comment","target":["https:\/\/progettotouring.it\/radiotouring104\/2022\/07\/15\/primo-incontro-rete-lavoro-agricolo-di-qualita-reggio-calabria\/#respond"]}]},{"@type":"WebPage","@id":"https:\/\/progettotouring.it\/radiotouring104\/2022\/07\/15\/primo-incontro-rete-lavoro-agricolo-di-qualita-reggio-calabria\/","url":"https:\/\/progettotouring.it\/radiotouring104\/2022\/07\/15\/primo-incontro-rete-lavoro-agricolo-di-qualita-reggio-calabria\/","name":"Primo incontro Rete Lavoro Agricolo di Qualit\u00e0 Reggio Calabria","isPartOf":{"@id":"https:\/\/progettotouring.it\/radiotouring104\/#website"},"primaryImageOfPage":{"@id":"https:\/\/progettotouring.it\/radiotouring104\/2022\/07\/15\/primo-incontro-rete-lavoro-agricolo-di-qualita-reggio-calabria\/#primaryimage"},"image":{"@id":"https:\/\/progettotouring.it\/radiotouring104\/2022\/07\/15\/primo-incontro-rete-lavoro-agricolo-di-qualita-reggio-calabria\/#primaryimage"},"thumbnailUrl":"https:\/\/progettotouring.it\/radiotouring104\/wp-content\/uploads\/sites\/6\/2022\/07\/Romolo-Piscioneri-Segretario-Generale-Fai-Cisl-Reggio-Calabria.jpg","datePublished":"2022-07-15T07:18:23+00:00","description":"Le parole di Romolo Piscionieri sull'incontro d'informazione sulla promozione e approfondimenti concernenti la sezione territoriale della 'Rete del Lavoro Agricolo di Qualit\u00e0\" si \u00e8 tenuto presso la sede Inps di Reggio Calabria, giorno 8 luglio 2022, su iniziativa del direttore Angelo Maria Manna","breadcrumb":{"@id":"https:\/\/progettotouring.it\/radiotouring104\/2022\/07\/15\/primo-incontro-rete-lavoro-agricolo-di-qualita-reggio-calabria\/#breadcrumb"},"inLanguage":"it-IT","potentialAction":[{"@type":"ReadAction","target":["https:\/\/progettotouring.it\/radiotouring104\/2022\/07\/15\/primo-incontro-rete-lavoro-agricolo-di-qualita-reggio-calabria\/"]}]},{"@type":"ImageObject","inLanguage":"it-IT","@id":"https:\/\/progettotouring.it\/radiotouring104\/2022\/07\/15\/primo-incontro-rete-lavoro-agricolo-di-qualita-reggio-calabria\/#primaryimage","url":"https:\/\/progettotouring.it\/radiotouring104\/wp-content\/uploads\/sites\/6\/2022\/07\/Romolo-Piscioneri-Segretario-Generale-Fai-Cisl-Reggio-Calabria.jpg","contentUrl":"https:\/\/progettotouring.it\/radiotouring104\/wp-content\/uploads\/sites\/6\/2022\/07\/Romolo-Piscioneri-Segretario-Generale-Fai-Cisl-Reggio-Calabria.jpg","width":1497,"height":1136},{"@type":"BreadcrumbList","@id":"https:\/\/progettotouring.it\/radiotouring104\/2022\/07\/15\/primo-incontro-rete-lavoro-agricolo-di-qualita-reggio-calabria\/#breadcrumb","itemListElement":[{"@type":"ListItem","position":1,"name":"Home","item":"https:\/\/progettotouring.it\/radiotouring104\/"},{"@type":"ListItem","position":2,"name":"Primo incontro Rete Lavoro Agricolo di Qualit\u00e0 Reggio Calabria"}]},{"@type":"WebSite","@id":"https:\/\/progettotouring.it\/radiotouring104\/#website","url":"https:\/\/progettotouring.it\/radiotouring104\/","name":"Radio Touring 104","description":"La prima radio Reggina","publisher":{"@id":"https:\/\/progettotouring.it\/radiotouring104\/#organization"},"potentialAction":[{"@type":"SearchAction","target":{"@type":"EntryPoint","urlTemplate":"https:\/\/progettotouring.it\/radiotouring104\/?s={search_term_string}"},"query-input":{"@type":"PropertyValueSpecification","valueRequired":true,"valueName":"search_term_string"}}],"inLanguage":"it-IT"},{"@type":"Organization","@id":"https:\/\/progettotouring.it\/radiotouring104\/#organization","name":"Radio Touring 104","url":"https:\/\/progettotouring.it\/radiotouring104\/","logo":{"@type":"ImageObject","inLanguage":"it-IT","@id":"https:\/\/progettotouring.it\/radiotouring104\/#\/schema\/logo\/image\/","url":"https:\/\/progettotouring.it\/radiotouring104\/wp-content\/uploads\/sites\/6\/2022\/02\/cropped-logo-radio-touring-104.png","contentUrl":"https:\/\/progettotouring.it\/radiotouring104\/wp-content\/uploads\/sites\/6\/2022\/02\/cropped-logo-radio-touring-104.png","width":377,"height":182,"caption":"Radio Touring 104"},"image":{"@id":"https:\/\/progettotouring.it\/radiotouring104\/#\/schema\/logo\/image\/"}},{"@type":"Person","@id":"https:\/\/progettotouring.it\/radiotouring104\/#\/schema\/person\/f0ca1b839e26c1b921f796a3458a8574","name":"Paolo Frascati","image":{"@type":"ImageObject","inLanguage":"it-IT","@id":"https:\/\/secure.gravatar.com\/avatar\/acad0e44d6a6c69de2c2c1bf6aba094792ac51f1833e9c8a3760ba270d70b909?s=96&d=mm&r=g","url":"https:\/\/secure.gravatar.com\/avatar\/acad0e44d6a6c69de2c2c1bf6aba094792ac51f1833e9c8a3760ba270d70b909?s=96&d=mm&r=g","contentUrl":"https:\/\/secure.gravatar.com\/avatar\/acad0e44d6a6c69de2c2c1bf6aba094792ac51f1833e9c8a3760ba270d70b909?s=96&d=mm&r=g","caption":"Paolo Frascati"},"url":"https:\/\/progettotouring.it\/radiotouring104\/author\/paolofrascati\/"}]}},"jetpack_publicize_connections":[],"jetpack_featured_media_url":"https:\/\/progettotouring.it\/radiotouring104\/wp-content\/uploads\/sites\/6\/2022\/07\/Romolo-Piscioneri-Segretario-Generale-Fai-Cisl-Reggio-Calabria.jpg","jetpack_sharing_enabled":true,"_links":{"self":[{"href":"https:\/\/progettotouring.it\/radiotouring104\/wp-json\/wp\/v2\/posts\/7916","targetHints":{"allow":["GET"]}}],"collection":[{"href":"https:\/\/progettotouring.it\/radiotouring104\/wp-json\/wp\/v2\/posts"}],"about":[{"href":"https:\/\/progettotouring.it\/radiotouring104\/wp-json\/wp\/v2\/types\/post"}],"author":[{"embeddable":true,"href":"https:\/\/progettotouring.it\/radiotouring104\/wp-json\/wp\/v2\/users\/10"}],"replies":[{"embeddable":true,"href":"https:\/\/progettotouring.it\/radiotouring104\/wp-json\/wp\/v2\/comments?post=7916"}],"version-history":[{"count":1,"href":"https:\/\/progettotouring.it\/radiotouring104\/wp-json\/wp\/v2\/posts\/7916\/revisions"}],"predecessor-version":[{"id":7918,"href":"https:\/\/progettotouring.it\/radiotouring104\/wp-json\/wp\/v2\/posts\/7916\/revisions\/7918"}],"wp:featuredmedia":[{"embeddable":true,"href":"https:\/\/progettotouring.it\/radiotouring104\/wp-json\/wp\/v2\/media\/7917"}],"wp:attachment":[{"href":"https:\/\/progettotouring.it\/radiotouring104\/wp-json\/wp\/v2\/media?parent=7916"}],"wp:term":[{"taxonomy":"category","embeddable":true,"href":"https:\/\/progettotouring.it\/radiotouring104\/wp-json\/wp\/v2\/categories?post=7916"},{"taxonomy":"post_tag","embeddable":true,"href":"https:\/\/progettotouring.it\/radiotouring104\/wp-json\/wp\/v2\/tags?post=7916"}],"curies":[{"name":"wp","href":"https:\/\/api.w.org\/{rel}","templated":true}]}}