{"id":7925,"date":"2022-07-15T09:42:48","date_gmt":"2022-07-15T07:42:48","guid":{"rendered":"https:\/\/progettotouring.it\/radiotouring104\/?p=7925"},"modified":"2022-07-15T09:42:48","modified_gmt":"2022-07-15T07:42:48","slug":"il-partito-democratico-abbraccia-la-battaglia-dei-sindaci-per-i-ppi","status":"publish","type":"post","link":"https:\/\/progettotouring.it\/radiotouring104\/2022\/07\/15\/il-partito-democratico-abbraccia-la-battaglia-dei-sindaci-per-i-ppi\/","title":{"rendered":"Il Partito Democratico abbraccia la battaglia dei Sindaci per i PPI"},"content":{"rendered":"<p style=\"text-align: justify\">&#8220;Riaprire immediatamente i punti di primo intervento di Scilla, Oppido e Palmi. La salute dei cittadini non pu\u00f2 essere messa in secondo piano rispetto a meri calcoli finanziari. Il Partito Democratico sostiene convintamente la protesta dei sindaci del territorio metropolitano e sar\u00e0 presente domani, in occasione della manifestazione che si svolger\u00e0 a Bagnara Calabra, per dare forza ad una battaglia in favore del diritto alla salute sul nostro territorio&#8221;. E&#8217; quanto afferma in una nota il Segretario della Federazione metropolitana del Partito Democratico Antonio Morabito, intervenendo in merito alla querelle sui Ppi dei tre centri dell&#8217;area tirrenica.<\/p>\n<p style=\"text-align: justify\">&#8220;La chiusura dei punti di primo intervento costituisce una vera e propria sciagura per il nostro territorio &#8211; ha aggiunto Morabito &#8211; quello che va costruito \u00e8 un modello di sanit\u00e0 che fa proprio della prossimit\u00e0 la sua forza. Ci aspettiamo che il Presidente Occhiuto assuma un&#8217;iniziativa determinata su questi aspetti, non si pu\u00f2 spogliare un territorio solo in nome di qualche calcolo aritmetico. Se mancano i medici si facciano subito i concorsi. Oggi la Regione ha assunto piena titolarit\u00e0 sulla materia sanitaria, non \u00e8 pi\u00f9 possibile nascondersi dietro il paravento dei Commissari. Si proceda immediatamente al reintegro delle strutture, che risultano vitali per la sicurezza ed il diritto alla salute di cittadini e turisti&#8221;.<\/p>\n","protected":false},"excerpt":{"rendered":"<p>&#8220;Riaprire immediatamente i punti di primo intervento di Scilla, Oppido e Palmi. La salute dei cittadini non pu\u00f2 essere messa in secondo piano rispetto a meri calcoli finanziari. Il Partito&hellip;<\/p>\n","protected":false},"author":10,"featured_media":0,"comment_status":"open","ping_status":"open","sticky":false,"template":"","format":"standard","meta":{"_jetpack_memberships_contains_paid_content":false,"footnotes":"","jetpack_publicize_message":"","jetpack_publicize_feature_enabled":true,"jetpack_social_post_already_shared":false,"jetpack_social_options":{"image_generator_settings":{"template":"highway","default_image_id":0,"font":"","enabled":false},"version":2}},"categories":[921,196,140],"tags":[1728,3208,236],"class_list":["post-7925","post","type-post","status-publish","format-standard","hentry","category-home","category-news","category-reggio-calabria","tag-antonio-morabito","tag-partito-democratico","tag-reggio-calabria"],"yoast_head":"<!-- This site is optimized with the Yoast SEO plugin v27.2 - https:\/\/yoast.com\/product\/yoast-seo-wordpress\/ -->\n<title>Il Partito Democratico abbraccia la battaglia dei Sindaci per i PPI<\/title>\n<meta name=\"description\" content=\"Il Partito Democratico sostiene la protesta dei sindaci e sar\u00e0 presente domani alla manifestazione che si svolger\u00e0 a Bagnara Calabra\" \/>\n<meta name=\"robots\" content=\"index, follow, max-snippet:-1, max-image-preview:large, max-video-preview:-1\" \/>\n<link rel=\"canonical\" href=\"https:\/\/progettotouring.it\/radiotouring104\/2022\/07\/15\/il-partito-democratico-abbraccia-la-battaglia-dei-sindaci-per-i-ppi\/\" \/>\n<meta property=\"og:locale\" content=\"it_IT\" \/>\n<meta property=\"og:type\" content=\"article\" \/>\n<meta property=\"og:title\" content=\"Il Partito Democratico abbraccia la battaglia dei Sindaci per i PPI\" \/>\n<meta property=\"og:description\" content=\"Il Partito Democratico sostiene la protesta dei sindaci e sar\u00e0 presente domani alla manifestazione che si svolger\u00e0 a Bagnara Calabra\" \/>\n<meta property=\"og:url\" content=\"https:\/\/progettotouring.it\/radiotouring104\/2022\/07\/15\/il-partito-democratico-abbraccia-la-battaglia-dei-sindaci-per-i-ppi\/\" \/>\n<meta property=\"og:site_name\" content=\"Radio Touring 104\" \/>\n<meta property=\"article:published_time\" content=\"2022-07-15T07:42:48+00:00\" \/>\n<meta property=\"og:image\" content=\"https:\/\/progettotouring.it\/radiotouring104\/wp-content\/uploads\/sites\/6\/2022\/06\/pd-calabria.png\" \/>\n\t<meta property=\"og:image:width\" content=\"225\" \/>\n\t<meta property=\"og:image:height\" content=\"225\" \/>\n\t<meta property=\"og:image:type\" content=\"image\/png\" \/>\n<meta name=\"author\" content=\"Paolo Frascati\" \/>\n<meta name=\"twitter:card\" content=\"summary_large_image\" \/>\n<meta name=\"twitter:label1\" content=\"Scritto da\" \/>\n\t<meta name=\"twitter:data1\" content=\"Paolo Frascati\" \/>\n\t<meta name=\"twitter:label2\" content=\"Tempo di lettura stimato\" \/>\n\t<meta name=\"twitter:data2\" content=\"1 minuto\" \/>\n<script type=\"application\/ld+json\" class=\"yoast-schema-graph\">{\"@context\":\"https:\/\/schema.org\",\"@graph\":[{\"@type\":\"Article\",\"@id\":\"https:\/\/progettotouring.it\/radiotouring104\/2022\/07\/15\/il-partito-democratico-abbraccia-la-battaglia-dei-sindaci-per-i-ppi\/#article\",\"isPartOf\":{\"@id\":\"https:\/\/progettotouring.it\/radiotouring104\/2022\/07\/15\/il-partito-democratico-abbraccia-la-battaglia-dei-sindaci-per-i-ppi\/\"},\"author\":{\"name\":\"Paolo Frascati\",\"@id\":\"https:\/\/progettotouring.it\/radiotouring104\/#\/schema\/person\/f0ca1b839e26c1b921f796a3458a8574\"},\"headline\":\"Il Partito Democratico abbraccia la battaglia dei Sindaci per i PPI\",\"datePublished\":\"2022-07-15T07:42:48+00:00\",\"mainEntityOfPage\":{\"@id\":\"https:\/\/progettotouring.it\/radiotouring104\/2022\/07\/15\/il-partito-democratico-abbraccia-la-battaglia-dei-sindaci-per-i-ppi\/\"},\"wordCount\":221,\"commentCount\":0,\"publisher\":{\"@id\":\"https:\/\/progettotouring.it\/radiotouring104\/#organization\"},\"keywords\":[\"antonio morabito\",\"Partito Democratico\",\"reggio calabria\"],\"articleSection\":[\"Home\",\"News\",\"Reggio Calabria\"],\"inLanguage\":\"it-IT\",\"potentialAction\":[{\"@type\":\"CommentAction\",\"name\":\"Comment\",\"target\":[\"https:\/\/progettotouring.it\/radiotouring104\/2022\/07\/15\/il-partito-democratico-abbraccia-la-battaglia-dei-sindaci-per-i-ppi\/#respond\"]}]},{\"@type\":\"WebPage\",\"@id\":\"https:\/\/progettotouring.it\/radiotouring104\/2022\/07\/15\/il-partito-democratico-abbraccia-la-battaglia-dei-sindaci-per-i-ppi\/\",\"url\":\"https:\/\/progettotouring.it\/radiotouring104\/2022\/07\/15\/il-partito-democratico-abbraccia-la-battaglia-dei-sindaci-per-i-ppi\/\",\"name\":\"Il Partito Democratico abbraccia la battaglia dei Sindaci per i PPI\",\"isPartOf\":{\"@id\":\"https:\/\/progettotouring.it\/radiotouring104\/#website\"},\"datePublished\":\"2022-07-15T07:42:48+00:00\",\"description\":\"Il Partito Democratico sostiene la protesta dei sindaci e sar\u00e0 presente domani alla manifestazione che si svolger\u00e0 a Bagnara Calabra\",\"breadcrumb\":{\"@id\":\"https:\/\/progettotouring.it\/radiotouring104\/2022\/07\/15\/il-partito-democratico-abbraccia-la-battaglia-dei-sindaci-per-i-ppi\/#breadcrumb\"},\"inLanguage\":\"it-IT\",\"potentialAction\":[{\"@type\":\"ReadAction\",\"target\":[\"https:\/\/progettotouring.it\/radiotouring104\/2022\/07\/15\/il-partito-democratico-abbraccia-la-battaglia-dei-sindaci-per-i-ppi\/\"]}]},{\"@type\":\"BreadcrumbList\",\"@id\":\"https:\/\/progettotouring.it\/radiotouring104\/2022\/07\/15\/il-partito-democratico-abbraccia-la-battaglia-dei-sindaci-per-i-ppi\/#breadcrumb\",\"itemListElement\":[{\"@type\":\"ListItem\",\"position\":1,\"name\":\"Home\",\"item\":\"https:\/\/progettotouring.it\/radiotouring104\/\"},{\"@type\":\"ListItem\",\"position\":2,\"name\":\"Il Partito Democratico abbraccia la battaglia dei Sindaci per i PPI\"}]},{\"@type\":\"WebSite\",\"@id\":\"https:\/\/progettotouring.it\/radiotouring104\/#website\",\"url\":\"https:\/\/progettotouring.it\/radiotouring104\/\",\"name\":\"Radio Touring 104\",\"description\":\"La prima radio Reggina\",\"publisher\":{\"@id\":\"https:\/\/progettotouring.it\/radiotouring104\/#organization\"},\"potentialAction\":[{\"@type\":\"SearchAction\",\"target\":{\"@type\":\"EntryPoint\",\"urlTemplate\":\"https:\/\/progettotouring.it\/radiotouring104\/?s={search_term_string}\"},\"query-input\":{\"@type\":\"PropertyValueSpecification\",\"valueRequired\":true,\"valueName\":\"search_term_string\"}}],\"inLanguage\":\"it-IT\"},{\"@type\":\"Organization\",\"@id\":\"https:\/\/progettotouring.it\/radiotouring104\/#organization\",\"name\":\"Radio Touring 104\",\"url\":\"https:\/\/progettotouring.it\/radiotouring104\/\",\"logo\":{\"@type\":\"ImageObject\",\"inLanguage\":\"it-IT\",\"@id\":\"https:\/\/progettotouring.it\/radiotouring104\/#\/schema\/logo\/image\/\",\"url\":\"https:\/\/progettotouring.it\/radiotouring104\/wp-content\/uploads\/sites\/6\/2022\/02\/cropped-logo-radio-touring-104.png\",\"contentUrl\":\"https:\/\/progettotouring.it\/radiotouring104\/wp-content\/uploads\/sites\/6\/2022\/02\/cropped-logo-radio-touring-104.png\",\"width\":377,\"height\":182,\"caption\":\"Radio Touring 104\"},\"image\":{\"@id\":\"https:\/\/progettotouring.it\/radiotouring104\/#\/schema\/logo\/image\/\"}},{\"@type\":\"Person\",\"@id\":\"https:\/\/progettotouring.it\/radiotouring104\/#\/schema\/person\/f0ca1b839e26c1b921f796a3458a8574\",\"name\":\"Paolo Frascati\",\"image\":{\"@type\":\"ImageObject\",\"inLanguage\":\"it-IT\",\"@id\":\"https:\/\/secure.gravatar.com\/avatar\/acad0e44d6a6c69de2c2c1bf6aba094792ac51f1833e9c8a3760ba270d70b909?s=96&d=mm&r=g\",\"url\":\"https:\/\/secure.gravatar.com\/avatar\/acad0e44d6a6c69de2c2c1bf6aba094792ac51f1833e9c8a3760ba270d70b909?s=96&d=mm&r=g\",\"contentUrl\":\"https:\/\/secure.gravatar.com\/avatar\/acad0e44d6a6c69de2c2c1bf6aba094792ac51f1833e9c8a3760ba270d70b909?s=96&d=mm&r=g\",\"caption\":\"Paolo Frascati\"},\"url\":\"https:\/\/progettotouring.it\/radiotouring104\/author\/paolofrascati\/\"}]}<\/script>\n<!-- \/ Yoast SEO plugin. -->","yoast_head_json":{"title":"Il Partito Democratico abbraccia la battaglia dei Sindaci per i PPI","description":"Il Partito Democratico sostiene la protesta dei sindaci e sar\u00e0 presente domani alla manifestazione che si svolger\u00e0 a Bagnara Calabra","robots":{"index":"index","follow":"follow","max-snippet":"max-snippet:-1","max-image-preview":"max-image-preview:large","max-video-preview":"max-video-preview:-1"},"canonical":"https:\/\/progettotouring.it\/radiotouring104\/2022\/07\/15\/il-partito-democratico-abbraccia-la-battaglia-dei-sindaci-per-i-ppi\/","og_locale":"it_IT","og_type":"article","og_title":"Il Partito Democratico abbraccia la battaglia dei Sindaci per i PPI","og_description":"Il Partito Democratico sostiene la protesta dei sindaci e sar\u00e0 presente domani alla manifestazione che si svolger\u00e0 a Bagnara Calabra","og_url":"https:\/\/progettotouring.it\/radiotouring104\/2022\/07\/15\/il-partito-democratico-abbraccia-la-battaglia-dei-sindaci-per-i-ppi\/","og_site_name":"Radio Touring 104","article_published_time":"2022-07-15T07:42:48+00:00","og_image":[{"width":225,"height":225,"url":"https:\/\/progettotouring.it\/radiotouring104\/wp-content\/uploads\/sites\/6\/2022\/06\/pd-calabria.png","type":"image\/png"}],"author":"Paolo Frascati","twitter_card":"summary_large_image","twitter_misc":{"Scritto da":"Paolo Frascati","Tempo di lettura stimato":"1 minuto"},"schema":{"@context":"https:\/\/schema.org","@graph":[{"@type":"Article","@id":"https:\/\/progettotouring.it\/radiotouring104\/2022\/07\/15\/il-partito-democratico-abbraccia-la-battaglia-dei-sindaci-per-i-ppi\/#article","isPartOf":{"@id":"https:\/\/progettotouring.it\/radiotouring104\/2022\/07\/15\/il-partito-democratico-abbraccia-la-battaglia-dei-sindaci-per-i-ppi\/"},"author":{"name":"Paolo Frascati","@id":"https:\/\/progettotouring.it\/radiotouring104\/#\/schema\/person\/f0ca1b839e26c1b921f796a3458a8574"},"headline":"Il Partito Democratico abbraccia la battaglia dei Sindaci per i PPI","datePublished":"2022-07-15T07:42:48+00:00","mainEntityOfPage":{"@id":"https:\/\/progettotouring.it\/radiotouring104\/2022\/07\/15\/il-partito-democratico-abbraccia-la-battaglia-dei-sindaci-per-i-ppi\/"},"wordCount":221,"commentCount":0,"publisher":{"@id":"https:\/\/progettotouring.it\/radiotouring104\/#organization"},"keywords":["antonio morabito","Partito Democratico","reggio calabria"],"articleSection":["Home","News","Reggio Calabria"],"inLanguage":"it-IT","potentialAction":[{"@type":"CommentAction","name":"Comment","target":["https:\/\/progettotouring.it\/radiotouring104\/2022\/07\/15\/il-partito-democratico-abbraccia-la-battaglia-dei-sindaci-per-i-ppi\/#respond"]}]},{"@type":"WebPage","@id":"https:\/\/progettotouring.it\/radiotouring104\/2022\/07\/15\/il-partito-democratico-abbraccia-la-battaglia-dei-sindaci-per-i-ppi\/","url":"https:\/\/progettotouring.it\/radiotouring104\/2022\/07\/15\/il-partito-democratico-abbraccia-la-battaglia-dei-sindaci-per-i-ppi\/","name":"Il Partito Democratico abbraccia la battaglia dei Sindaci per i PPI","isPartOf":{"@id":"https:\/\/progettotouring.it\/radiotouring104\/#website"},"datePublished":"2022-07-15T07:42:48+00:00","description":"Il Partito Democratico sostiene la protesta dei sindaci e sar\u00e0 presente domani alla manifestazione che si svolger\u00e0 a Bagnara Calabra","breadcrumb":{"@id":"https:\/\/progettotouring.it\/radiotouring104\/2022\/07\/15\/il-partito-democratico-abbraccia-la-battaglia-dei-sindaci-per-i-ppi\/#breadcrumb"},"inLanguage":"it-IT","potentialAction":[{"@type":"ReadAction","target":["https:\/\/progettotouring.it\/radiotouring104\/2022\/07\/15\/il-partito-democratico-abbraccia-la-battaglia-dei-sindaci-per-i-ppi\/"]}]},{"@type":"BreadcrumbList","@id":"https:\/\/progettotouring.it\/radiotouring104\/2022\/07\/15\/il-partito-democratico-abbraccia-la-battaglia-dei-sindaci-per-i-ppi\/#breadcrumb","itemListElement":[{"@type":"ListItem","position":1,"name":"Home","item":"https:\/\/progettotouring.it\/radiotouring104\/"},{"@type":"ListItem","position":2,"name":"Il Partito Democratico abbraccia la battaglia dei Sindaci per i PPI"}]},{"@type":"WebSite","@id":"https:\/\/progettotouring.it\/radiotouring104\/#website","url":"https:\/\/progettotouring.it\/radiotouring104\/","name":"Radio Touring 104","description":"La prima radio Reggina","publisher":{"@id":"https:\/\/progettotouring.it\/radiotouring104\/#organization"},"potentialAction":[{"@type":"SearchAction","target":{"@type":"EntryPoint","urlTemplate":"https:\/\/progettotouring.it\/radiotouring104\/?s={search_term_string}"},"query-input":{"@type":"PropertyValueSpecification","valueRequired":true,"valueName":"search_term_string"}}],"inLanguage":"it-IT"},{"@type":"Organization","@id":"https:\/\/progettotouring.it\/radiotouring104\/#organization","name":"Radio Touring 104","url":"https:\/\/progettotouring.it\/radiotouring104\/","logo":{"@type":"ImageObject","inLanguage":"it-IT","@id":"https:\/\/progettotouring.it\/radiotouring104\/#\/schema\/logo\/image\/","url":"https:\/\/progettotouring.it\/radiotouring104\/wp-content\/uploads\/sites\/6\/2022\/02\/cropped-logo-radio-touring-104.png","contentUrl":"https:\/\/progettotouring.it\/radiotouring104\/wp-content\/uploads\/sites\/6\/2022\/02\/cropped-logo-radio-touring-104.png","width":377,"height":182,"caption":"Radio Touring 104"},"image":{"@id":"https:\/\/progettotouring.it\/radiotouring104\/#\/schema\/logo\/image\/"}},{"@type":"Person","@id":"https:\/\/progettotouring.it\/radiotouring104\/#\/schema\/person\/f0ca1b839e26c1b921f796a3458a8574","name":"Paolo Frascati","image":{"@type":"ImageObject","inLanguage":"it-IT","@id":"https:\/\/secure.gravatar.com\/avatar\/acad0e44d6a6c69de2c2c1bf6aba094792ac51f1833e9c8a3760ba270d70b909?s=96&d=mm&r=g","url":"https:\/\/secure.gravatar.com\/avatar\/acad0e44d6a6c69de2c2c1bf6aba094792ac51f1833e9c8a3760ba270d70b909?s=96&d=mm&r=g","contentUrl":"https:\/\/secure.gravatar.com\/avatar\/acad0e44d6a6c69de2c2c1bf6aba094792ac51f1833e9c8a3760ba270d70b909?s=96&d=mm&r=g","caption":"Paolo Frascati"},"url":"https:\/\/progettotouring.it\/radiotouring104\/author\/paolofrascati\/"}]}},"jetpack_publicize_connections":[],"jetpack_featured_media_url":"","jetpack_sharing_enabled":true,"_links":{"self":[{"href":"https:\/\/progettotouring.it\/radiotouring104\/wp-json\/wp\/v2\/posts\/7925","targetHints":{"allow":["GET"]}}],"collection":[{"href":"https:\/\/progettotouring.it\/radiotouring104\/wp-json\/wp\/v2\/posts"}],"about":[{"href":"https:\/\/progettotouring.it\/radiotouring104\/wp-json\/wp\/v2\/types\/post"}],"author":[{"embeddable":true,"href":"https:\/\/progettotouring.it\/radiotouring104\/wp-json\/wp\/v2\/users\/10"}],"replies":[{"embeddable":true,"href":"https:\/\/progettotouring.it\/radiotouring104\/wp-json\/wp\/v2\/comments?post=7925"}],"version-history":[{"count":1,"href":"https:\/\/progettotouring.it\/radiotouring104\/wp-json\/wp\/v2\/posts\/7925\/revisions"}],"predecessor-version":[{"id":7926,"href":"https:\/\/progettotouring.it\/radiotouring104\/wp-json\/wp\/v2\/posts\/7925\/revisions\/7926"}],"wp:attachment":[{"href":"https:\/\/progettotouring.it\/radiotouring104\/wp-json\/wp\/v2\/media?parent=7925"}],"wp:term":[{"taxonomy":"category","embeddable":true,"href":"https:\/\/progettotouring.it\/radiotouring104\/wp-json\/wp\/v2\/categories?post=7925"},{"taxonomy":"post_tag","embeddable":true,"href":"https:\/\/progettotouring.it\/radiotouring104\/wp-json\/wp\/v2\/tags?post=7925"}],"curies":[{"name":"wp","href":"https:\/\/api.w.org\/{rel}","templated":true}]}}