{"id":79563,"date":"2025-08-08T11:44:02","date_gmt":"2025-08-08T09:44:02","guid":{"rendered":"https:\/\/progettotouring.it\/radiotouring104\/?p=79563"},"modified":"2025-08-08T12:59:09","modified_gmt":"2025-08-08T10:59:09","slug":"falerna-the-greatest-showman-approda-al-riva-restaurant-per-un-ferragosto-unico","status":"publish","type":"post","link":"https:\/\/progettotouring.it\/radiotouring104\/2025\/08\/08\/falerna-the-greatest-showman-approda-al-riva-restaurant-per-un-ferragosto-unico\/","title":{"rendered":"Falerna: \u201cThe Greatest Showman\u201d approda al &#8220;Riva Restaurant&#8221; per un Ferragosto unico"},"content":{"rendered":"<p class=\"xmprfx_MsoNormal\">Musica, divertimento, luci ed esibizioni artistiche con performance a tema \u201cThe Greatest Showman\u201d sono pronte ad arricchire la spiaggia di Falerna al Riva Restaurant &amp; Lounge Bar.<\/p>\n<p class=\"xmprfx_MsoNormal\">Non pu\u00f2 mancare il gusto dell\u2019arte culinaria dello chef Francesca Mannis che, per l\u2019occasione, ha ideato un menu degustazione ispirato alla cucina contemporanea di pesce.<\/p>\n<p class=\"xmprfx_MsoNormal\">\n<p class=\"xmprfx_MsoNormal\">Venerd\u00ec 15 agosto il Riva si fa sedurre dal fascino del film di successo \u201cThe Greatest Showman\u201d, con un programma pensato per coinvolgere tutti i sensi e trasformare ogni momento in un ricordo memorabile.<\/p>\n<p class=\"xmprfx_MsoNormal\">Dalla possibilit\u00e0 al mattino di scegliere tra spiaggia e piscina, si potr\u00e0 godere delle bellezze del Mar Tirreno o iniziare la giornata con una lezione di fitness all\u2019aperto tra cielo e mare.<\/p>\n<p class=\"xmprfx_MsoNormal\">Il pranzo prevede un men\u00f9 degustazione dedicato ma anche la possibilit\u00e0 di scegliere \u00e0 la carte le prelibatezze da assaporare, il tutto accompagnato da performance artistiche dal vivo, giocolieri e intrattenimento.<\/p>\n<p class=\"xmprfx_MsoNormal\">Valide come sempre, in alternativa a un\u2019elegante \u201cEsperienza Romantica\u201d al ristorante, le proposte estive del Riva, ovvero il pacchetto \u201cSpiaggia e piscina\u201d o il \u201cPiscina Premium\u201d per godere di un gazebo privato a bordo piscina con pranzo incluso.<\/p>\n<p class=\"xmprfx_MsoNormal\">Il pomeriggio sar\u00e0 animato dalla musica del DJ set per accompagnare gli ospiti fino al tramonto e da una lezione di danza contemporanea. La danza lascer\u00e0 poi spazio al fascino del sax al calar del sole, per poi abbandonarsi ad uno spettacolo infuocato, tra effetti speciali e sorprese in perfetto stile \u201cThe Greatest Showman\u201d.<\/p>\n<p class=\"xmprfx_MsoNormal\">\n<p class=\"xmprfx_MsoNormal\">&lt;&lt;La scelta di questo tema celebra l\u2019anima del Riva: l\u2019amore, la passione, la musica e il divertimento senza mai rinunciare al gusto sono gli ingredienti fondamentali di ogni nostra proposta\u201d dichiara Roberto Gallo, patron del Riva Restaurant.<\/p>\n","protected":false},"excerpt":{"rendered":"<p>Musica, divertimento, luci ed esibizioni artistiche con performance a tema \u201cThe Greatest Showman\u201d sono pronte ad arricchire la spiaggia di Falerna al Riva Restaurant &amp; Lounge Bar. Non pu\u00f2 mancare&hellip;<\/p>\n","protected":false},"author":5,"featured_media":79564,"comment_status":"closed","ping_status":"open","sticky":false,"template":"","format":"standard","meta":{"_jetpack_memberships_contains_paid_content":false,"footnotes":"","jetpack_publicize_message":"","jetpack_publicize_feature_enabled":true,"jetpack_social_post_already_shared":true,"jetpack_social_options":{"image_generator_settings":{"template":"highway","default_image_id":0,"font":"","enabled":false},"version":2}},"categories":[142,921,196],"tags":[46700,20358,869,44767],"class_list":["post-79563","post","type-post","status-publish","format-standard","has-post-thumbnail","hentry","category-calabria","category-home","category-news","tag-divertimento","tag-falerna","tag-musica","tag-riva-restaurant"],"yoast_head":"<!-- This site is optimized with the Yoast SEO plugin v27.2 - https:\/\/yoast.com\/product\/yoast-seo-wordpress\/ -->\n<title>Falerna: \u201cThe Greatest Showman\u201d approda al &quot;Riva Restaurant&quot;<\/title>\n<meta name=\"description\" content=\"Il &quot;Riva Restaurant&quot; si prepara ad un Ferragosto unico, all&#039;insegna di musica, divertimento, luci ed esibizioni artistiche con performance\" \/>\n<meta name=\"robots\" content=\"index, follow, max-snippet:-1, max-image-preview:large, max-video-preview:-1\" \/>\n<link rel=\"canonical\" href=\"https:\/\/progettotouring.it\/radiotouring104\/2025\/08\/08\/falerna-the-greatest-showman-approda-al-riva-restaurant-per-un-ferragosto-unico\/\" \/>\n<meta property=\"og:locale\" content=\"it_IT\" \/>\n<meta property=\"og:type\" content=\"article\" \/>\n<meta property=\"og:title\" content=\"Falerna: \u201cThe Greatest Showman\u201d approda al &quot;Riva Restaurant&quot;\" \/>\n<meta property=\"og:description\" content=\"Il &quot;Riva Restaurant&quot; si prepara ad un Ferragosto unico, all&#039;insegna di musica, divertimento, luci ed esibizioni artistiche con performance\" \/>\n<meta property=\"og:url\" content=\"https:\/\/progettotouring.it\/radiotouring104\/2025\/08\/08\/falerna-the-greatest-showman-approda-al-riva-restaurant-per-un-ferragosto-unico\/\" \/>\n<meta property=\"og:site_name\" content=\"Radio Touring 104\" \/>\n<meta property=\"article:published_time\" content=\"2025-08-08T09:44:02+00:00\" \/>\n<meta property=\"article:modified_time\" content=\"2025-08-08T10:59:09+00:00\" \/>\n<meta property=\"og:image\" content=\"https:\/\/progettotouring.it\/radiotouring104\/wp-content\/uploads\/sites\/6\/2025\/08\/Riva-Restaurant-Falerna.png\" \/>\n\t<meta property=\"og:image:width\" content=\"782\" \/>\n\t<meta property=\"og:image:height\" content=\"523\" \/>\n\t<meta property=\"og:image:type\" content=\"image\/png\" \/>\n<meta name=\"author\" content=\"redazione\" \/>\n<meta name=\"twitter:card\" content=\"summary_large_image\" \/>\n<meta name=\"twitter:label1\" content=\"Scritto da\" \/>\n\t<meta name=\"twitter:data1\" content=\"redazione\" \/>\n\t<meta name=\"twitter:label2\" content=\"Tempo di lettura stimato\" \/>\n\t<meta name=\"twitter:data2\" content=\"1 minuto\" \/>\n<script type=\"application\/ld+json\" class=\"yoast-schema-graph\">{\"@context\":\"https:\/\/schema.org\",\"@graph\":[{\"@type\":\"Article\",\"@id\":\"https:\/\/progettotouring.it\/radiotouring104\/2025\/08\/08\/falerna-the-greatest-showman-approda-al-riva-restaurant-per-un-ferragosto-unico\/#article\",\"isPartOf\":{\"@id\":\"https:\/\/progettotouring.it\/radiotouring104\/2025\/08\/08\/falerna-the-greatest-showman-approda-al-riva-restaurant-per-un-ferragosto-unico\/\"},\"author\":{\"name\":\"redazione\",\"@id\":\"https:\/\/progettotouring.it\/radiotouring104\/#\/schema\/person\/1b3eb3c07c47136bc44c785c543e635f\"},\"headline\":\"Falerna: \u201cThe Greatest Showman\u201d approda al &#8220;Riva Restaurant&#8221; per un Ferragosto unico\",\"datePublished\":\"2025-08-08T09:44:02+00:00\",\"dateModified\":\"2025-08-08T10:59:09+00:00\",\"mainEntityOfPage\":{\"@id\":\"https:\/\/progettotouring.it\/radiotouring104\/2025\/08\/08\/falerna-the-greatest-showman-approda-al-riva-restaurant-per-un-ferragosto-unico\/\"},\"wordCount\":296,\"publisher\":{\"@id\":\"https:\/\/progettotouring.it\/radiotouring104\/#organization\"},\"image\":{\"@id\":\"https:\/\/progettotouring.it\/radiotouring104\/2025\/08\/08\/falerna-the-greatest-showman-approda-al-riva-restaurant-per-un-ferragosto-unico\/#primaryimage\"},\"thumbnailUrl\":\"https:\/\/progettotouring.it\/radiotouring104\/wp-content\/uploads\/sites\/6\/2025\/08\/Riva-Restaurant-Falerna.png\",\"keywords\":[\"divertimento\",\"Falerna\",\"musica\",\"Riva Restaurant\"],\"articleSection\":[\"Calabria\",\"Home\",\"News\"],\"inLanguage\":\"it-IT\"},{\"@type\":\"WebPage\",\"@id\":\"https:\/\/progettotouring.it\/radiotouring104\/2025\/08\/08\/falerna-the-greatest-showman-approda-al-riva-restaurant-per-un-ferragosto-unico\/\",\"url\":\"https:\/\/progettotouring.it\/radiotouring104\/2025\/08\/08\/falerna-the-greatest-showman-approda-al-riva-restaurant-per-un-ferragosto-unico\/\",\"name\":\"Falerna: \u201cThe Greatest Showman\u201d approda al \\\"Riva Restaurant\\\"\",\"isPartOf\":{\"@id\":\"https:\/\/progettotouring.it\/radiotouring104\/#website\"},\"primaryImageOfPage\":{\"@id\":\"https:\/\/progettotouring.it\/radiotouring104\/2025\/08\/08\/falerna-the-greatest-showman-approda-al-riva-restaurant-per-un-ferragosto-unico\/#primaryimage\"},\"image\":{\"@id\":\"https:\/\/progettotouring.it\/radiotouring104\/2025\/08\/08\/falerna-the-greatest-showman-approda-al-riva-restaurant-per-un-ferragosto-unico\/#primaryimage\"},\"thumbnailUrl\":\"https:\/\/progettotouring.it\/radiotouring104\/wp-content\/uploads\/sites\/6\/2025\/08\/Riva-Restaurant-Falerna.png\",\"datePublished\":\"2025-08-08T09:44:02+00:00\",\"dateModified\":\"2025-08-08T10:59:09+00:00\",\"description\":\"Il \\\"Riva Restaurant\\\" si prepara ad un Ferragosto unico, all'insegna di musica, divertimento, luci ed esibizioni artistiche con performance\",\"breadcrumb\":{\"@id\":\"https:\/\/progettotouring.it\/radiotouring104\/2025\/08\/08\/falerna-the-greatest-showman-approda-al-riva-restaurant-per-un-ferragosto-unico\/#breadcrumb\"},\"inLanguage\":\"it-IT\",\"potentialAction\":[{\"@type\":\"ReadAction\",\"target\":[\"https:\/\/progettotouring.it\/radiotouring104\/2025\/08\/08\/falerna-the-greatest-showman-approda-al-riva-restaurant-per-un-ferragosto-unico\/\"]}]},{\"@type\":\"ImageObject\",\"inLanguage\":\"it-IT\",\"@id\":\"https:\/\/progettotouring.it\/radiotouring104\/2025\/08\/08\/falerna-the-greatest-showman-approda-al-riva-restaurant-per-un-ferragosto-unico\/#primaryimage\",\"url\":\"https:\/\/progettotouring.it\/radiotouring104\/wp-content\/uploads\/sites\/6\/2025\/08\/Riva-Restaurant-Falerna.png\",\"contentUrl\":\"https:\/\/progettotouring.it\/radiotouring104\/wp-content\/uploads\/sites\/6\/2025\/08\/Riva-Restaurant-Falerna.png\",\"width\":782,\"height\":523},{\"@type\":\"BreadcrumbList\",\"@id\":\"https:\/\/progettotouring.it\/radiotouring104\/2025\/08\/08\/falerna-the-greatest-showman-approda-al-riva-restaurant-per-un-ferragosto-unico\/#breadcrumb\",\"itemListElement\":[{\"@type\":\"ListItem\",\"position\":1,\"name\":\"Home\",\"item\":\"https:\/\/progettotouring.it\/radiotouring104\/\"},{\"@type\":\"ListItem\",\"position\":2,\"name\":\"Falerna: \u201cThe Greatest Showman\u201d approda al &#8220;Riva Restaurant&#8221; per un Ferragosto unico\"}]},{\"@type\":\"WebSite\",\"@id\":\"https:\/\/progettotouring.it\/radiotouring104\/#website\",\"url\":\"https:\/\/progettotouring.it\/radiotouring104\/\",\"name\":\"Radio Touring 104\",\"description\":\"La prima radio Reggina\",\"publisher\":{\"@id\":\"https:\/\/progettotouring.it\/radiotouring104\/#organization\"},\"potentialAction\":[{\"@type\":\"SearchAction\",\"target\":{\"@type\":\"EntryPoint\",\"urlTemplate\":\"https:\/\/progettotouring.it\/radiotouring104\/?s={search_term_string}\"},\"query-input\":{\"@type\":\"PropertyValueSpecification\",\"valueRequired\":true,\"valueName\":\"search_term_string\"}}],\"inLanguage\":\"it-IT\"},{\"@type\":\"Organization\",\"@id\":\"https:\/\/progettotouring.it\/radiotouring104\/#organization\",\"name\":\"Radio Touring 104\",\"url\":\"https:\/\/progettotouring.it\/radiotouring104\/\",\"logo\":{\"@type\":\"ImageObject\",\"inLanguage\":\"it-IT\",\"@id\":\"https:\/\/progettotouring.it\/radiotouring104\/#\/schema\/logo\/image\/\",\"url\":\"https:\/\/progettotouring.it\/radiotouring104\/wp-content\/uploads\/sites\/6\/2022\/02\/cropped-logo-radio-touring-104.png\",\"contentUrl\":\"https:\/\/progettotouring.it\/radiotouring104\/wp-content\/uploads\/sites\/6\/2022\/02\/cropped-logo-radio-touring-104.png\",\"width\":377,\"height\":182,\"caption\":\"Radio Touring 104\"},\"image\":{\"@id\":\"https:\/\/progettotouring.it\/radiotouring104\/#\/schema\/logo\/image\/\"}},{\"@type\":\"Person\",\"@id\":\"https:\/\/progettotouring.it\/radiotouring104\/#\/schema\/person\/1b3eb3c07c47136bc44c785c543e635f\",\"name\":\"redazione\",\"image\":{\"@type\":\"ImageObject\",\"inLanguage\":\"it-IT\",\"@id\":\"https:\/\/secure.gravatar.com\/avatar\/0b31605b49f100769e8b624b3e05de1b73e1692e9568a352f60f53fd072e6e11?s=96&d=mm&r=g\",\"url\":\"https:\/\/secure.gravatar.com\/avatar\/0b31605b49f100769e8b624b3e05de1b73e1692e9568a352f60f53fd072e6e11?s=96&d=mm&r=g\",\"contentUrl\":\"https:\/\/secure.gravatar.com\/avatar\/0b31605b49f100769e8b624b3e05de1b73e1692e9568a352f60f53fd072e6e11?s=96&d=mm&r=g\",\"caption\":\"redazione\"},\"url\":\"https:\/\/progettotouring.it\/radiotouring104\/author\/redazione\/\"}]}<\/script>\n<!-- \/ Yoast SEO plugin. -->","yoast_head_json":{"title":"Falerna: \u201cThe Greatest Showman\u201d approda al \"Riva Restaurant\"","description":"Il \"Riva Restaurant\" si prepara ad un Ferragosto unico, all'insegna di musica, divertimento, luci ed esibizioni artistiche con performance","robots":{"index":"index","follow":"follow","max-snippet":"max-snippet:-1","max-image-preview":"max-image-preview:large","max-video-preview":"max-video-preview:-1"},"canonical":"https:\/\/progettotouring.it\/radiotouring104\/2025\/08\/08\/falerna-the-greatest-showman-approda-al-riva-restaurant-per-un-ferragosto-unico\/","og_locale":"it_IT","og_type":"article","og_title":"Falerna: \u201cThe Greatest Showman\u201d approda al \"Riva Restaurant\"","og_description":"Il \"Riva Restaurant\" si prepara ad un Ferragosto unico, all'insegna di musica, divertimento, luci ed esibizioni artistiche con performance","og_url":"https:\/\/progettotouring.it\/radiotouring104\/2025\/08\/08\/falerna-the-greatest-showman-approda-al-riva-restaurant-per-un-ferragosto-unico\/","og_site_name":"Radio Touring 104","article_published_time":"2025-08-08T09:44:02+00:00","article_modified_time":"2025-08-08T10:59:09+00:00","og_image":[{"width":782,"height":523,"url":"https:\/\/progettotouring.it\/radiotouring104\/wp-content\/uploads\/sites\/6\/2025\/08\/Riva-Restaurant-Falerna.png","type":"image\/png"}],"author":"redazione","twitter_card":"summary_large_image","twitter_misc":{"Scritto da":"redazione","Tempo di lettura stimato":"1 minuto"},"schema":{"@context":"https:\/\/schema.org","@graph":[{"@type":"Article","@id":"https:\/\/progettotouring.it\/radiotouring104\/2025\/08\/08\/falerna-the-greatest-showman-approda-al-riva-restaurant-per-un-ferragosto-unico\/#article","isPartOf":{"@id":"https:\/\/progettotouring.it\/radiotouring104\/2025\/08\/08\/falerna-the-greatest-showman-approda-al-riva-restaurant-per-un-ferragosto-unico\/"},"author":{"name":"redazione","@id":"https:\/\/progettotouring.it\/radiotouring104\/#\/schema\/person\/1b3eb3c07c47136bc44c785c543e635f"},"headline":"Falerna: \u201cThe Greatest Showman\u201d approda al &#8220;Riva Restaurant&#8221; per un Ferragosto unico","datePublished":"2025-08-08T09:44:02+00:00","dateModified":"2025-08-08T10:59:09+00:00","mainEntityOfPage":{"@id":"https:\/\/progettotouring.it\/radiotouring104\/2025\/08\/08\/falerna-the-greatest-showman-approda-al-riva-restaurant-per-un-ferragosto-unico\/"},"wordCount":296,"publisher":{"@id":"https:\/\/progettotouring.it\/radiotouring104\/#organization"},"image":{"@id":"https:\/\/progettotouring.it\/radiotouring104\/2025\/08\/08\/falerna-the-greatest-showman-approda-al-riva-restaurant-per-un-ferragosto-unico\/#primaryimage"},"thumbnailUrl":"https:\/\/progettotouring.it\/radiotouring104\/wp-content\/uploads\/sites\/6\/2025\/08\/Riva-Restaurant-Falerna.png","keywords":["divertimento","Falerna","musica","Riva Restaurant"],"articleSection":["Calabria","Home","News"],"inLanguage":"it-IT"},{"@type":"WebPage","@id":"https:\/\/progettotouring.it\/radiotouring104\/2025\/08\/08\/falerna-the-greatest-showman-approda-al-riva-restaurant-per-un-ferragosto-unico\/","url":"https:\/\/progettotouring.it\/radiotouring104\/2025\/08\/08\/falerna-the-greatest-showman-approda-al-riva-restaurant-per-un-ferragosto-unico\/","name":"Falerna: \u201cThe Greatest Showman\u201d approda al \"Riva Restaurant\"","isPartOf":{"@id":"https:\/\/progettotouring.it\/radiotouring104\/#website"},"primaryImageOfPage":{"@id":"https:\/\/progettotouring.it\/radiotouring104\/2025\/08\/08\/falerna-the-greatest-showman-approda-al-riva-restaurant-per-un-ferragosto-unico\/#primaryimage"},"image":{"@id":"https:\/\/progettotouring.it\/radiotouring104\/2025\/08\/08\/falerna-the-greatest-showman-approda-al-riva-restaurant-per-un-ferragosto-unico\/#primaryimage"},"thumbnailUrl":"https:\/\/progettotouring.it\/radiotouring104\/wp-content\/uploads\/sites\/6\/2025\/08\/Riva-Restaurant-Falerna.png","datePublished":"2025-08-08T09:44:02+00:00","dateModified":"2025-08-08T10:59:09+00:00","description":"Il \"Riva Restaurant\" si prepara ad un Ferragosto unico, all'insegna di musica, divertimento, luci ed esibizioni artistiche con performance","breadcrumb":{"@id":"https:\/\/progettotouring.it\/radiotouring104\/2025\/08\/08\/falerna-the-greatest-showman-approda-al-riva-restaurant-per-un-ferragosto-unico\/#breadcrumb"},"inLanguage":"it-IT","potentialAction":[{"@type":"ReadAction","target":["https:\/\/progettotouring.it\/radiotouring104\/2025\/08\/08\/falerna-the-greatest-showman-approda-al-riva-restaurant-per-un-ferragosto-unico\/"]}]},{"@type":"ImageObject","inLanguage":"it-IT","@id":"https:\/\/progettotouring.it\/radiotouring104\/2025\/08\/08\/falerna-the-greatest-showman-approda-al-riva-restaurant-per-un-ferragosto-unico\/#primaryimage","url":"https:\/\/progettotouring.it\/radiotouring104\/wp-content\/uploads\/sites\/6\/2025\/08\/Riva-Restaurant-Falerna.png","contentUrl":"https:\/\/progettotouring.it\/radiotouring104\/wp-content\/uploads\/sites\/6\/2025\/08\/Riva-Restaurant-Falerna.png","width":782,"height":523},{"@type":"BreadcrumbList","@id":"https:\/\/progettotouring.it\/radiotouring104\/2025\/08\/08\/falerna-the-greatest-showman-approda-al-riva-restaurant-per-un-ferragosto-unico\/#breadcrumb","itemListElement":[{"@type":"ListItem","position":1,"name":"Home","item":"https:\/\/progettotouring.it\/radiotouring104\/"},{"@type":"ListItem","position":2,"name":"Falerna: \u201cThe Greatest Showman\u201d approda al &#8220;Riva Restaurant&#8221; per un Ferragosto unico"}]},{"@type":"WebSite","@id":"https:\/\/progettotouring.it\/radiotouring104\/#website","url":"https:\/\/progettotouring.it\/radiotouring104\/","name":"Radio Touring 104","description":"La prima radio Reggina","publisher":{"@id":"https:\/\/progettotouring.it\/radiotouring104\/#organization"},"potentialAction":[{"@type":"SearchAction","target":{"@type":"EntryPoint","urlTemplate":"https:\/\/progettotouring.it\/radiotouring104\/?s={search_term_string}"},"query-input":{"@type":"PropertyValueSpecification","valueRequired":true,"valueName":"search_term_string"}}],"inLanguage":"it-IT"},{"@type":"Organization","@id":"https:\/\/progettotouring.it\/radiotouring104\/#organization","name":"Radio Touring 104","url":"https:\/\/progettotouring.it\/radiotouring104\/","logo":{"@type":"ImageObject","inLanguage":"it-IT","@id":"https:\/\/progettotouring.it\/radiotouring104\/#\/schema\/logo\/image\/","url":"https:\/\/progettotouring.it\/radiotouring104\/wp-content\/uploads\/sites\/6\/2022\/02\/cropped-logo-radio-touring-104.png","contentUrl":"https:\/\/progettotouring.it\/radiotouring104\/wp-content\/uploads\/sites\/6\/2022\/02\/cropped-logo-radio-touring-104.png","width":377,"height":182,"caption":"Radio Touring 104"},"image":{"@id":"https:\/\/progettotouring.it\/radiotouring104\/#\/schema\/logo\/image\/"}},{"@type":"Person","@id":"https:\/\/progettotouring.it\/radiotouring104\/#\/schema\/person\/1b3eb3c07c47136bc44c785c543e635f","name":"redazione","image":{"@type":"ImageObject","inLanguage":"it-IT","@id":"https:\/\/secure.gravatar.com\/avatar\/0b31605b49f100769e8b624b3e05de1b73e1692e9568a352f60f53fd072e6e11?s=96&d=mm&r=g","url":"https:\/\/secure.gravatar.com\/avatar\/0b31605b49f100769e8b624b3e05de1b73e1692e9568a352f60f53fd072e6e11?s=96&d=mm&r=g","contentUrl":"https:\/\/secure.gravatar.com\/avatar\/0b31605b49f100769e8b624b3e05de1b73e1692e9568a352f60f53fd072e6e11?s=96&d=mm&r=g","caption":"redazione"},"url":"https:\/\/progettotouring.it\/radiotouring104\/author\/redazione\/"}]}},"jetpack_publicize_connections":[],"jetpack_featured_media_url":"https:\/\/progettotouring.it\/radiotouring104\/wp-content\/uploads\/sites\/6\/2025\/08\/Riva-Restaurant-Falerna.png","jetpack_sharing_enabled":true,"_links":{"self":[{"href":"https:\/\/progettotouring.it\/radiotouring104\/wp-json\/wp\/v2\/posts\/79563","targetHints":{"allow":["GET"]}}],"collection":[{"href":"https:\/\/progettotouring.it\/radiotouring104\/wp-json\/wp\/v2\/posts"}],"about":[{"href":"https:\/\/progettotouring.it\/radiotouring104\/wp-json\/wp\/v2\/types\/post"}],"author":[{"embeddable":true,"href":"https:\/\/progettotouring.it\/radiotouring104\/wp-json\/wp\/v2\/users\/5"}],"replies":[{"embeddable":true,"href":"https:\/\/progettotouring.it\/radiotouring104\/wp-json\/wp\/v2\/comments?post=79563"}],"version-history":[{"count":1,"href":"https:\/\/progettotouring.it\/radiotouring104\/wp-json\/wp\/v2\/posts\/79563\/revisions"}],"predecessor-version":[{"id":79565,"href":"https:\/\/progettotouring.it\/radiotouring104\/wp-json\/wp\/v2\/posts\/79563\/revisions\/79565"}],"wp:featuredmedia":[{"embeddable":true,"href":"https:\/\/progettotouring.it\/radiotouring104\/wp-json\/wp\/v2\/media\/79564"}],"wp:attachment":[{"href":"https:\/\/progettotouring.it\/radiotouring104\/wp-json\/wp\/v2\/media?parent=79563"}],"wp:term":[{"taxonomy":"category","embeddable":true,"href":"https:\/\/progettotouring.it\/radiotouring104\/wp-json\/wp\/v2\/categories?post=79563"},{"taxonomy":"post_tag","embeddable":true,"href":"https:\/\/progettotouring.it\/radiotouring104\/wp-json\/wp\/v2\/tags?post=79563"}],"curies":[{"name":"wp","href":"https:\/\/api.w.org\/{rel}","templated":true}]}}