{"id":79587,"date":"2025-08-08T12:51:56","date_gmt":"2025-08-08T10:51:56","guid":{"rendered":"https:\/\/progettotouring.it\/radiotouring104\/?p=79587"},"modified":"2025-08-08T12:58:36","modified_gmt":"2025-08-08T10:58:36","slug":"ponte-sullo-stretto-ripepi-rendera-il-nostro-territorio-fiorente","status":"publish","type":"post","link":"https:\/\/progettotouring.it\/radiotouring104\/2025\/08\/08\/ponte-sullo-stretto-ripepi-rendera-il-nostro-territorio-fiorente\/","title":{"rendered":"Ponte sullo Stretto, Ripepi &#8220;Render\u00e0\u00a0il\u00a0nostro\u00a0territorio\u00a0fiorente&#8221;\u00a0"},"content":{"rendered":"<p class=\"xmprfx_gmail-MsoBodyText\">\u201cL\u2019approvazione\u00a0del\u00a0progetto\u00a0definitivo\u00a0da\u00a0parte\u00a0del\u00a0CIPESS rappresenta,\u00a0per\u00a0le\u00a0due citt\u00e0, Messina e Villa San Giovanni, ma anche per Reggio Calabria, il conseguimento\u00a0di\u00a0un\u00a0<b>risultato\u00a0atteso\u00a0da\u00a0decenni<\/b>\u00a0che\u00a0consentir\u00e0\u00a0di\u00a0ospitare,\u00a0nei rispettivi territori,\u00a0<b>un\u2019opera di ingegneria unica al mondo<\/b>.\u201d \u2013 esordisce cos\u00ec il Consigliere comunale reggino e Segretario Regionale di Alternativa Popolare,\u00a0<b>Massimo Ripepi<\/b>\u00a0che gi\u00e0 nel giugno 2021 aveva sostenuto la realizzazione dell\u2019infrastruttura strategica con\u00a0<b>una mozione approvata in III Commissione.\u00a0<\/b>\u2013 \u201cGrande soddisfazione per il traguardo raggiunto, nonostante le resistenze di chi (pochi per la verit\u00e0) considerava e considera il Ponte un\u2019opera che sottrae risorse ad altri progetti infrastrutturali.\u201d<\/p>\n<p class=\"xmprfx_gmail-MsoBodyText\">\u201cIl\u00a0<b>Ponte rappresenta una risorsa da offrire alle generazioni future<\/b>\u00a0di questo territorio perch\u00e9 non dovranno pi\u00f9 vivere in una condizione di bisogno e grazie alla sua realizzazione si superer\u00e0 la condizione di miseria e povert\u00e0 attuale.\u201d \u2013 prosegue Ripepi \u2013 \u201cLa realizzazione del Ponte consentir\u00e0 a questo lembo di terra di vivere nel benessere non tanto, e non solo, durante la fase di esecuzione dei lavori, ma soprattutto nei decenni successivi, per tutta la vita utile dell\u2019infrastruttura, quando milioni di turisti provenienti da tutto il mondo verranno ad ammirare un\u2019opera d\u2019ingegneria unica al mondo.\u201d<\/p>\n<p class=\"xmprfx_gmail-MsoBodyText\">\u201cL\u2019approvazione del progetto ha definitivamente messo a tacere le tesi di quanti ritenevano l\u2019opera irrealizzabile dal punto di vista tecnico; questi dovranno farsene una ragione e smettere di continuare, come ancora oggi fa il Sindaco di Villa San Giovanni nell\u2019intervista rilasciata al Corriere della Sera, a mettere in dubbio la sopravvivenza del Comune che amministra.\u201d\u2013 rimprovera\u00a0 Ripepi rivolgendosi alla Caminiti \u2013 \u201cPu\u00f2 stare tranquilla perch\u00e9 i\u00a0suoi\u00a0<b>concittadini\u00a0non solo resteranno, ma torneranno anche in molti tra coloro che, nel tempo, sono stati costretti a lasciare Villa a causa della mancanza di opportunit\u00e0 di lavoro<\/b>.\u201d<\/p>\n<p class=\"xmprfx_gmail-MsoBodyText\">\u201cA breve saranno avviate le procedure espropriative, e questo \u00e8 il momento in cui bisogna\u00a0vigilare\u00a0affinch\u00e9\u00a0non\u00a0solo\u00a0i\u00a0terreni,ma\u00a0soprattutto\u00a0le\u00a0abitazioni\u00a0che verranno\u00a0espropriate\u00a0siano\u00a0adeguatamente\u00a0remunerate\u00a0in\u00a0modo\u00a0da\u00a0<b>consentire agli attuali proprietari di trovare soluzioni alternative, soddisfacenti ed adeguate.\u201d\u00a0<\/b>\u2013 prosegue il Consigliere \u2013 \u201cSi\u00a0metter\u00e0\u00a0in\u00a0moto\u00a0una\u00a0macchina\u00a0tecnico-organizzativa\u00a0imponente\u00a0e,\u00a0perci\u00f2,\u00a0gli amministratori\u00a0locali\u00a0coinvolti,\u00a0piuttosto\u00a0che\u00a0continuare\u00a0a\u00a0lamentarsi,\u00a0dovranno dimostrare\u00a0di\u00a0avere\u00a0la\u00a0capacit\u00e0\u00a0di\u00a0stare\u00a0al\u00a0passo\u00a0con\u00a0le\u00a0problematiche\u00a0che\u00a0si\u00a0presenteranno e di essere in grado di proporre soluzioni all\u2019altezza della\u00a0situazione.\u201d<\/p>\n<p class=\"xmprfx_gmail-MsoBodyText\">\u201c<b>Alternativa Popolare considera l\u2019avvio dei lavori una tappa fondamentale per lo sviluppo di questo territorio\u00a0<\/b>che negli anni a venire, grazie alla realizzazione del Ponte, rappresenter\u00e0 un laboratorio nazionale capace di sviluppare competenze ed attrarre investimenti.\u201d \u2013 conclude il Segretario Regionale di Alternativa Popolare Calabria, Massimo Ripepi.<\/p>\n","protected":false},"excerpt":{"rendered":"<p>\u201cL\u2019approvazione\u00a0del\u00a0progetto\u00a0definitivo\u00a0da\u00a0parte\u00a0del\u00a0CIPESS rappresenta,\u00a0per\u00a0le\u00a0due citt\u00e0, Messina e Villa San Giovanni, ma anche per Reggio Calabria, il conseguimento\u00a0di\u00a0un\u00a0risultato\u00a0atteso\u00a0da\u00a0decenni\u00a0che\u00a0consentir\u00e0\u00a0di\u00a0ospitare,\u00a0nei rispettivi territori,\u00a0un\u2019opera di ingegneria unica al mondo.\u201d \u2013 esordisce cos\u00ec il Consigliere comunale reggino e&hellip;<\/p>\n","protected":false},"author":5,"featured_media":79590,"comment_status":"closed","ping_status":"open","sticky":false,"template":"","format":"standard","meta":{"_jetpack_memberships_contains_paid_content":false,"footnotes":"","jetpack_publicize_message":"","jetpack_publicize_feature_enabled":true,"jetpack_social_post_already_shared":true,"jetpack_social_options":{"image_generator_settings":{"template":"highway","default_image_id":0,"font":"","enabled":false},"version":2}},"categories":[921,196,140],"tags":[808,46639,5738],"class_list":["post-79587","post","type-post","status-publish","format-standard","has-post-thumbnail","hentry","category-home","category-news","category-reggio-calabria","tag-massimo-ripepi","tag-ok-del-cipess","tag-ponte-stretto"],"yoast_head":"<!-- This site is optimized with the Yoast SEO plugin v27.2 - https:\/\/yoast.com\/product\/yoast-seo-wordpress\/ -->\n<title>Ponte sullo Stretto, Ripepi &quot;Render\u00e0\u00a0il\u00a0nostro\u00a0territorio\u00a0fiorente&quot;<\/title>\n<meta name=\"description\" content=\"Il Segretario di Alternativa Popolare Calabria, Massimo Ripepi, esprime soddisfazione dopo l&#039;ok del Cipess al progetto del Ponte sullo Stretto\" \/>\n<meta name=\"robots\" content=\"index, follow, max-snippet:-1, max-image-preview:large, max-video-preview:-1\" \/>\n<link rel=\"canonical\" href=\"https:\/\/progettotouring.it\/radiotouring104\/2025\/08\/08\/ponte-sullo-stretto-ripepi-rendera-il-nostro-territorio-fiorente\/\" \/>\n<meta property=\"og:locale\" content=\"it_IT\" \/>\n<meta property=\"og:type\" content=\"article\" \/>\n<meta property=\"og:title\" content=\"Ponte sullo Stretto, Ripepi &quot;Render\u00e0\u00a0il\u00a0nostro\u00a0territorio\u00a0fiorente&quot;\" \/>\n<meta property=\"og:description\" content=\"Il Segretario di Alternativa Popolare Calabria, Massimo Ripepi, esprime soddisfazione dopo l&#039;ok del Cipess al progetto del Ponte sullo Stretto\" \/>\n<meta property=\"og:url\" content=\"https:\/\/progettotouring.it\/radiotouring104\/2025\/08\/08\/ponte-sullo-stretto-ripepi-rendera-il-nostro-territorio-fiorente\/\" \/>\n<meta property=\"og:site_name\" content=\"Radio Touring 104\" \/>\n<meta property=\"article:published_time\" content=\"2025-08-08T10:51:56+00:00\" \/>\n<meta property=\"article:modified_time\" content=\"2025-08-08T10:58:36+00:00\" \/>\n<meta property=\"og:image\" content=\"https:\/\/progettotouring.it\/radiotouring104\/wp-content\/uploads\/sites\/6\/2025\/08\/Ripepi-Ponte.jpeg\" \/>\n\t<meta property=\"og:image:width\" content=\"940\" \/>\n\t<meta property=\"og:image:height\" content=\"788\" \/>\n\t<meta property=\"og:image:type\" content=\"image\/jpeg\" \/>\n<meta name=\"author\" content=\"redazione\" \/>\n<meta name=\"twitter:card\" content=\"summary_large_image\" \/>\n<meta name=\"twitter:label1\" content=\"Scritto da\" \/>\n\t<meta name=\"twitter:data1\" content=\"redazione\" \/>\n\t<meta name=\"twitter:label2\" content=\"Tempo di lettura stimato\" \/>\n\t<meta name=\"twitter:data2\" content=\"2 minuti\" \/>\n<script type=\"application\/ld+json\" class=\"yoast-schema-graph\">{\"@context\":\"https:\/\/schema.org\",\"@graph\":[{\"@type\":\"Article\",\"@id\":\"https:\/\/progettotouring.it\/radiotouring104\/2025\/08\/08\/ponte-sullo-stretto-ripepi-rendera-il-nostro-territorio-fiorente\/#article\",\"isPartOf\":{\"@id\":\"https:\/\/progettotouring.it\/radiotouring104\/2025\/08\/08\/ponte-sullo-stretto-ripepi-rendera-il-nostro-territorio-fiorente\/\"},\"author\":{\"name\":\"redazione\",\"@id\":\"https:\/\/progettotouring.it\/radiotouring104\/#\/schema\/person\/1b3eb3c07c47136bc44c785c543e635f\"},\"headline\":\"Ponte sullo Stretto, Ripepi &#8220;Render\u00e0\u00a0il\u00a0nostro\u00a0territorio\u00a0fiorente&#8221;\u00a0\",\"datePublished\":\"2025-08-08T10:51:56+00:00\",\"dateModified\":\"2025-08-08T10:58:36+00:00\",\"mainEntityOfPage\":{\"@id\":\"https:\/\/progettotouring.it\/radiotouring104\/2025\/08\/08\/ponte-sullo-stretto-ripepi-rendera-il-nostro-territorio-fiorente\/\"},\"wordCount\":450,\"publisher\":{\"@id\":\"https:\/\/progettotouring.it\/radiotouring104\/#organization\"},\"image\":{\"@id\":\"https:\/\/progettotouring.it\/radiotouring104\/2025\/08\/08\/ponte-sullo-stretto-ripepi-rendera-il-nostro-territorio-fiorente\/#primaryimage\"},\"thumbnailUrl\":\"https:\/\/progettotouring.it\/radiotouring104\/wp-content\/uploads\/sites\/6\/2025\/08\/Ripepi-Ponte.jpeg\",\"keywords\":[\"Massimo Ripepi\",\"ok del Cipess\",\"ponte stretto\"],\"articleSection\":[\"Home\",\"News\",\"Reggio Calabria\"],\"inLanguage\":\"it-IT\"},{\"@type\":\"WebPage\",\"@id\":\"https:\/\/progettotouring.it\/radiotouring104\/2025\/08\/08\/ponte-sullo-stretto-ripepi-rendera-il-nostro-territorio-fiorente\/\",\"url\":\"https:\/\/progettotouring.it\/radiotouring104\/2025\/08\/08\/ponte-sullo-stretto-ripepi-rendera-il-nostro-territorio-fiorente\/\",\"name\":\"Ponte sullo Stretto, Ripepi \\\"Render\u00e0\u00a0il\u00a0nostro\u00a0territorio\u00a0fiorente\\\"\",\"isPartOf\":{\"@id\":\"https:\/\/progettotouring.it\/radiotouring104\/#website\"},\"primaryImageOfPage\":{\"@id\":\"https:\/\/progettotouring.it\/radiotouring104\/2025\/08\/08\/ponte-sullo-stretto-ripepi-rendera-il-nostro-territorio-fiorente\/#primaryimage\"},\"image\":{\"@id\":\"https:\/\/progettotouring.it\/radiotouring104\/2025\/08\/08\/ponte-sullo-stretto-ripepi-rendera-il-nostro-territorio-fiorente\/#primaryimage\"},\"thumbnailUrl\":\"https:\/\/progettotouring.it\/radiotouring104\/wp-content\/uploads\/sites\/6\/2025\/08\/Ripepi-Ponte.jpeg\",\"datePublished\":\"2025-08-08T10:51:56+00:00\",\"dateModified\":\"2025-08-08T10:58:36+00:00\",\"description\":\"Il Segretario di Alternativa Popolare Calabria, Massimo Ripepi, esprime soddisfazione dopo l'ok del Cipess al progetto del Ponte sullo Stretto\",\"breadcrumb\":{\"@id\":\"https:\/\/progettotouring.it\/radiotouring104\/2025\/08\/08\/ponte-sullo-stretto-ripepi-rendera-il-nostro-territorio-fiorente\/#breadcrumb\"},\"inLanguage\":\"it-IT\",\"potentialAction\":[{\"@type\":\"ReadAction\",\"target\":[\"https:\/\/progettotouring.it\/radiotouring104\/2025\/08\/08\/ponte-sullo-stretto-ripepi-rendera-il-nostro-territorio-fiorente\/\"]}]},{\"@type\":\"ImageObject\",\"inLanguage\":\"it-IT\",\"@id\":\"https:\/\/progettotouring.it\/radiotouring104\/2025\/08\/08\/ponte-sullo-stretto-ripepi-rendera-il-nostro-territorio-fiorente\/#primaryimage\",\"url\":\"https:\/\/progettotouring.it\/radiotouring104\/wp-content\/uploads\/sites\/6\/2025\/08\/Ripepi-Ponte.jpeg\",\"contentUrl\":\"https:\/\/progettotouring.it\/radiotouring104\/wp-content\/uploads\/sites\/6\/2025\/08\/Ripepi-Ponte.jpeg\",\"width\":940,\"height\":788},{\"@type\":\"BreadcrumbList\",\"@id\":\"https:\/\/progettotouring.it\/radiotouring104\/2025\/08\/08\/ponte-sullo-stretto-ripepi-rendera-il-nostro-territorio-fiorente\/#breadcrumb\",\"itemListElement\":[{\"@type\":\"ListItem\",\"position\":1,\"name\":\"Home\",\"item\":\"https:\/\/progettotouring.it\/radiotouring104\/\"},{\"@type\":\"ListItem\",\"position\":2,\"name\":\"Ponte sullo Stretto, Ripepi &#8220;Render\u00e0\u00a0il\u00a0nostro\u00a0territorio\u00a0fiorente&#8221;\u00a0\"}]},{\"@type\":\"WebSite\",\"@id\":\"https:\/\/progettotouring.it\/radiotouring104\/#website\",\"url\":\"https:\/\/progettotouring.it\/radiotouring104\/\",\"name\":\"Radio Touring 104\",\"description\":\"La prima radio Reggina\",\"publisher\":{\"@id\":\"https:\/\/progettotouring.it\/radiotouring104\/#organization\"},\"potentialAction\":[{\"@type\":\"SearchAction\",\"target\":{\"@type\":\"EntryPoint\",\"urlTemplate\":\"https:\/\/progettotouring.it\/radiotouring104\/?s={search_term_string}\"},\"query-input\":{\"@type\":\"PropertyValueSpecification\",\"valueRequired\":true,\"valueName\":\"search_term_string\"}}],\"inLanguage\":\"it-IT\"},{\"@type\":\"Organization\",\"@id\":\"https:\/\/progettotouring.it\/radiotouring104\/#organization\",\"name\":\"Radio Touring 104\",\"url\":\"https:\/\/progettotouring.it\/radiotouring104\/\",\"logo\":{\"@type\":\"ImageObject\",\"inLanguage\":\"it-IT\",\"@id\":\"https:\/\/progettotouring.it\/radiotouring104\/#\/schema\/logo\/image\/\",\"url\":\"https:\/\/progettotouring.it\/radiotouring104\/wp-content\/uploads\/sites\/6\/2022\/02\/cropped-logo-radio-touring-104.png\",\"contentUrl\":\"https:\/\/progettotouring.it\/radiotouring104\/wp-content\/uploads\/sites\/6\/2022\/02\/cropped-logo-radio-touring-104.png\",\"width\":377,\"height\":182,\"caption\":\"Radio Touring 104\"},\"image\":{\"@id\":\"https:\/\/progettotouring.it\/radiotouring104\/#\/schema\/logo\/image\/\"}},{\"@type\":\"Person\",\"@id\":\"https:\/\/progettotouring.it\/radiotouring104\/#\/schema\/person\/1b3eb3c07c47136bc44c785c543e635f\",\"name\":\"redazione\",\"image\":{\"@type\":\"ImageObject\",\"inLanguage\":\"it-IT\",\"@id\":\"https:\/\/secure.gravatar.com\/avatar\/0b31605b49f100769e8b624b3e05de1b73e1692e9568a352f60f53fd072e6e11?s=96&d=mm&r=g\",\"url\":\"https:\/\/secure.gravatar.com\/avatar\/0b31605b49f100769e8b624b3e05de1b73e1692e9568a352f60f53fd072e6e11?s=96&d=mm&r=g\",\"contentUrl\":\"https:\/\/secure.gravatar.com\/avatar\/0b31605b49f100769e8b624b3e05de1b73e1692e9568a352f60f53fd072e6e11?s=96&d=mm&r=g\",\"caption\":\"redazione\"},\"url\":\"https:\/\/progettotouring.it\/radiotouring104\/author\/redazione\/\"}]}<\/script>\n<!-- \/ Yoast SEO plugin. -->","yoast_head_json":{"title":"Ponte sullo Stretto, Ripepi \"Render\u00e0\u00a0il\u00a0nostro\u00a0territorio\u00a0fiorente\"","description":"Il Segretario di Alternativa Popolare Calabria, Massimo Ripepi, esprime soddisfazione dopo l'ok del Cipess al progetto del Ponte sullo Stretto","robots":{"index":"index","follow":"follow","max-snippet":"max-snippet:-1","max-image-preview":"max-image-preview:large","max-video-preview":"max-video-preview:-1"},"canonical":"https:\/\/progettotouring.it\/radiotouring104\/2025\/08\/08\/ponte-sullo-stretto-ripepi-rendera-il-nostro-territorio-fiorente\/","og_locale":"it_IT","og_type":"article","og_title":"Ponte sullo Stretto, Ripepi \"Render\u00e0\u00a0il\u00a0nostro\u00a0territorio\u00a0fiorente\"","og_description":"Il Segretario di Alternativa Popolare Calabria, Massimo Ripepi, esprime soddisfazione dopo l'ok del Cipess al progetto del Ponte sullo Stretto","og_url":"https:\/\/progettotouring.it\/radiotouring104\/2025\/08\/08\/ponte-sullo-stretto-ripepi-rendera-il-nostro-territorio-fiorente\/","og_site_name":"Radio Touring 104","article_published_time":"2025-08-08T10:51:56+00:00","article_modified_time":"2025-08-08T10:58:36+00:00","og_image":[{"width":940,"height":788,"url":"https:\/\/progettotouring.it\/radiotouring104\/wp-content\/uploads\/sites\/6\/2025\/08\/Ripepi-Ponte.jpeg","type":"image\/jpeg"}],"author":"redazione","twitter_card":"summary_large_image","twitter_misc":{"Scritto da":"redazione","Tempo di lettura stimato":"2 minuti"},"schema":{"@context":"https:\/\/schema.org","@graph":[{"@type":"Article","@id":"https:\/\/progettotouring.it\/radiotouring104\/2025\/08\/08\/ponte-sullo-stretto-ripepi-rendera-il-nostro-territorio-fiorente\/#article","isPartOf":{"@id":"https:\/\/progettotouring.it\/radiotouring104\/2025\/08\/08\/ponte-sullo-stretto-ripepi-rendera-il-nostro-territorio-fiorente\/"},"author":{"name":"redazione","@id":"https:\/\/progettotouring.it\/radiotouring104\/#\/schema\/person\/1b3eb3c07c47136bc44c785c543e635f"},"headline":"Ponte sullo Stretto, Ripepi &#8220;Render\u00e0\u00a0il\u00a0nostro\u00a0territorio\u00a0fiorente&#8221;\u00a0","datePublished":"2025-08-08T10:51:56+00:00","dateModified":"2025-08-08T10:58:36+00:00","mainEntityOfPage":{"@id":"https:\/\/progettotouring.it\/radiotouring104\/2025\/08\/08\/ponte-sullo-stretto-ripepi-rendera-il-nostro-territorio-fiorente\/"},"wordCount":450,"publisher":{"@id":"https:\/\/progettotouring.it\/radiotouring104\/#organization"},"image":{"@id":"https:\/\/progettotouring.it\/radiotouring104\/2025\/08\/08\/ponte-sullo-stretto-ripepi-rendera-il-nostro-territorio-fiorente\/#primaryimage"},"thumbnailUrl":"https:\/\/progettotouring.it\/radiotouring104\/wp-content\/uploads\/sites\/6\/2025\/08\/Ripepi-Ponte.jpeg","keywords":["Massimo Ripepi","ok del Cipess","ponte stretto"],"articleSection":["Home","News","Reggio Calabria"],"inLanguage":"it-IT"},{"@type":"WebPage","@id":"https:\/\/progettotouring.it\/radiotouring104\/2025\/08\/08\/ponte-sullo-stretto-ripepi-rendera-il-nostro-territorio-fiorente\/","url":"https:\/\/progettotouring.it\/radiotouring104\/2025\/08\/08\/ponte-sullo-stretto-ripepi-rendera-il-nostro-territorio-fiorente\/","name":"Ponte sullo Stretto, Ripepi \"Render\u00e0\u00a0il\u00a0nostro\u00a0territorio\u00a0fiorente\"","isPartOf":{"@id":"https:\/\/progettotouring.it\/radiotouring104\/#website"},"primaryImageOfPage":{"@id":"https:\/\/progettotouring.it\/radiotouring104\/2025\/08\/08\/ponte-sullo-stretto-ripepi-rendera-il-nostro-territorio-fiorente\/#primaryimage"},"image":{"@id":"https:\/\/progettotouring.it\/radiotouring104\/2025\/08\/08\/ponte-sullo-stretto-ripepi-rendera-il-nostro-territorio-fiorente\/#primaryimage"},"thumbnailUrl":"https:\/\/progettotouring.it\/radiotouring104\/wp-content\/uploads\/sites\/6\/2025\/08\/Ripepi-Ponte.jpeg","datePublished":"2025-08-08T10:51:56+00:00","dateModified":"2025-08-08T10:58:36+00:00","description":"Il Segretario di Alternativa Popolare Calabria, Massimo Ripepi, esprime soddisfazione dopo l'ok del Cipess al progetto del Ponte sullo Stretto","breadcrumb":{"@id":"https:\/\/progettotouring.it\/radiotouring104\/2025\/08\/08\/ponte-sullo-stretto-ripepi-rendera-il-nostro-territorio-fiorente\/#breadcrumb"},"inLanguage":"it-IT","potentialAction":[{"@type":"ReadAction","target":["https:\/\/progettotouring.it\/radiotouring104\/2025\/08\/08\/ponte-sullo-stretto-ripepi-rendera-il-nostro-territorio-fiorente\/"]}]},{"@type":"ImageObject","inLanguage":"it-IT","@id":"https:\/\/progettotouring.it\/radiotouring104\/2025\/08\/08\/ponte-sullo-stretto-ripepi-rendera-il-nostro-territorio-fiorente\/#primaryimage","url":"https:\/\/progettotouring.it\/radiotouring104\/wp-content\/uploads\/sites\/6\/2025\/08\/Ripepi-Ponte.jpeg","contentUrl":"https:\/\/progettotouring.it\/radiotouring104\/wp-content\/uploads\/sites\/6\/2025\/08\/Ripepi-Ponte.jpeg","width":940,"height":788},{"@type":"BreadcrumbList","@id":"https:\/\/progettotouring.it\/radiotouring104\/2025\/08\/08\/ponte-sullo-stretto-ripepi-rendera-il-nostro-territorio-fiorente\/#breadcrumb","itemListElement":[{"@type":"ListItem","position":1,"name":"Home","item":"https:\/\/progettotouring.it\/radiotouring104\/"},{"@type":"ListItem","position":2,"name":"Ponte sullo Stretto, Ripepi &#8220;Render\u00e0\u00a0il\u00a0nostro\u00a0territorio\u00a0fiorente&#8221;\u00a0"}]},{"@type":"WebSite","@id":"https:\/\/progettotouring.it\/radiotouring104\/#website","url":"https:\/\/progettotouring.it\/radiotouring104\/","name":"Radio Touring 104","description":"La prima radio Reggina","publisher":{"@id":"https:\/\/progettotouring.it\/radiotouring104\/#organization"},"potentialAction":[{"@type":"SearchAction","target":{"@type":"EntryPoint","urlTemplate":"https:\/\/progettotouring.it\/radiotouring104\/?s={search_term_string}"},"query-input":{"@type":"PropertyValueSpecification","valueRequired":true,"valueName":"search_term_string"}}],"inLanguage":"it-IT"},{"@type":"Organization","@id":"https:\/\/progettotouring.it\/radiotouring104\/#organization","name":"Radio Touring 104","url":"https:\/\/progettotouring.it\/radiotouring104\/","logo":{"@type":"ImageObject","inLanguage":"it-IT","@id":"https:\/\/progettotouring.it\/radiotouring104\/#\/schema\/logo\/image\/","url":"https:\/\/progettotouring.it\/radiotouring104\/wp-content\/uploads\/sites\/6\/2022\/02\/cropped-logo-radio-touring-104.png","contentUrl":"https:\/\/progettotouring.it\/radiotouring104\/wp-content\/uploads\/sites\/6\/2022\/02\/cropped-logo-radio-touring-104.png","width":377,"height":182,"caption":"Radio Touring 104"},"image":{"@id":"https:\/\/progettotouring.it\/radiotouring104\/#\/schema\/logo\/image\/"}},{"@type":"Person","@id":"https:\/\/progettotouring.it\/radiotouring104\/#\/schema\/person\/1b3eb3c07c47136bc44c785c543e635f","name":"redazione","image":{"@type":"ImageObject","inLanguage":"it-IT","@id":"https:\/\/secure.gravatar.com\/avatar\/0b31605b49f100769e8b624b3e05de1b73e1692e9568a352f60f53fd072e6e11?s=96&d=mm&r=g","url":"https:\/\/secure.gravatar.com\/avatar\/0b31605b49f100769e8b624b3e05de1b73e1692e9568a352f60f53fd072e6e11?s=96&d=mm&r=g","contentUrl":"https:\/\/secure.gravatar.com\/avatar\/0b31605b49f100769e8b624b3e05de1b73e1692e9568a352f60f53fd072e6e11?s=96&d=mm&r=g","caption":"redazione"},"url":"https:\/\/progettotouring.it\/radiotouring104\/author\/redazione\/"}]}},"jetpack_publicize_connections":[],"jetpack_featured_media_url":"https:\/\/progettotouring.it\/radiotouring104\/wp-content\/uploads\/sites\/6\/2025\/08\/Ripepi-Ponte.jpeg","jetpack_sharing_enabled":true,"_links":{"self":[{"href":"https:\/\/progettotouring.it\/radiotouring104\/wp-json\/wp\/v2\/posts\/79587","targetHints":{"allow":["GET"]}}],"collection":[{"href":"https:\/\/progettotouring.it\/radiotouring104\/wp-json\/wp\/v2\/posts"}],"about":[{"href":"https:\/\/progettotouring.it\/radiotouring104\/wp-json\/wp\/v2\/types\/post"}],"author":[{"embeddable":true,"href":"https:\/\/progettotouring.it\/radiotouring104\/wp-json\/wp\/v2\/users\/5"}],"replies":[{"embeddable":true,"href":"https:\/\/progettotouring.it\/radiotouring104\/wp-json\/wp\/v2\/comments?post=79587"}],"version-history":[{"count":1,"href":"https:\/\/progettotouring.it\/radiotouring104\/wp-json\/wp\/v2\/posts\/79587\/revisions"}],"predecessor-version":[{"id":79591,"href":"https:\/\/progettotouring.it\/radiotouring104\/wp-json\/wp\/v2\/posts\/79587\/revisions\/79591"}],"wp:featuredmedia":[{"embeddable":true,"href":"https:\/\/progettotouring.it\/radiotouring104\/wp-json\/wp\/v2\/media\/79590"}],"wp:attachment":[{"href":"https:\/\/progettotouring.it\/radiotouring104\/wp-json\/wp\/v2\/media?parent=79587"}],"wp:term":[{"taxonomy":"category","embeddable":true,"href":"https:\/\/progettotouring.it\/radiotouring104\/wp-json\/wp\/v2\/categories?post=79587"},{"taxonomy":"post_tag","embeddable":true,"href":"https:\/\/progettotouring.it\/radiotouring104\/wp-json\/wp\/v2\/tags?post=79587"}],"curies":[{"name":"wp","href":"https:\/\/api.w.org\/{rel}","templated":true}]}}