{"id":7966,"date":"2022-07-18T13:31:00","date_gmt":"2022-07-18T11:31:00","guid":{"rendered":"https:\/\/progettotouring.it\/radiotouring104\/?p=7966"},"modified":"2022-07-18T18:54:50","modified_gmt":"2022-07-18T16:54:50","slug":"installata-la-nuova-panchina-parlante-nel-ricordo-di-borsellino","status":"publish","type":"post","link":"https:\/\/progettotouring.it\/radiotouring104\/2022\/07\/18\/installata-la-nuova-panchina-parlante-nel-ricordo-di-borsellino\/","title":{"rendered":"Installata la nuova panchina parlante, nel ricordo di Borsellino"},"content":{"rendered":"<div style=\"text-align: justify\">\u00c8 stata inaugurata ufficialmente questa mattina nello spazio adiacente l&#8217;ingresso del Castello Aragonese la panchina dedicata al magistrato Paolo Borsellino, vittima 19 luglio del 1992, insieme a cinque agenti della sua scorta, di quella che pass\u00f2 alla storia come la strage di via D&#8217;Amelio di cui quest\u2019anno ricorrono i trent\u2019anni.<\/div>\n<div style=\"text-align: justify\"><\/div>\n<div style=\"text-align: justify\">Una sobria ma partecipata cerimonia pubblica a cui hanno preso parte accanto alle massime autorit\u00e0 cittadine, i Sindaci f.f. di Comune e Citt\u00e0 metropolitana, Paolo Brunetti e Carmelo Versace, gli assessori comunali alla Legalit\u00e0 e Istruzione Giuggi Palmenta e Lucia Nucera e il consigliere comunale delegato all\u2019Arredo urbano, Massimiliano Merenda. L\u2019installazione della panchina verde in memoria di Paolo Borsellino, resa possibile grazie all\u2019intervento di Castore, completa l\u2019arredo di simboli \u201cparlanti\u201d che occupano lo spazio ai piedi del Castello Aragonese, formando un emblematico tricolore.<\/p>\n<p>\u201cUn gesto dall\u2019alto valore simbolico che dice tanto \u2013 ha affermato a margine della cerimonia Versace \u2013 ed \u00e8 proprio da questi gesti che occorre ripartire per rinsaldare l\u2019impegno comune contro la criminalit\u00e0 e a tutela della legalit\u00e0. Ed \u00e8 particolarmente significativo che questo simbolo che ricorda a tutti noi il sacrificio di donne e uomini della magistratura e delle forze dell\u2019ordine, a difesa dei valori democratici, sia stato collocato tra due istituti scolastici della nostra citt\u00e0, ad ulteriore testimonianza della centralit\u00e0 che riveste il percorso educativo e formativo rivolto alle giovani generazioni e dello sforzo costante che le istituzioni per prime sono chiamate a profondere per affermare i principi del vivere civile e il netto rifiuto del malaffare e di ogni logica del compromesso\u201d.<\/p>\n<p>Carica di significati anche la frase di Borsellino incisa sulla panchina parlante, \u201cse la giovent\u00f9 le negher\u00e0 il consenso, anche la mafia svanir\u00e0 come un incubo\u201d, ha poi evidenziato Brunetti, \u201ced \u00e8 bello che proprio queste parole completino uno spazio pubblico particolarmente frequentato da bambini e ragazzi, formando il Tricolore, altro simbolo di cui non possiamo mai fare a meno. Queste testimonianze sono fondamentali perch\u00e9 rappresentano anche un segnale di speranza, che guarda alle giovani generazioni e prova a trasmettere un sentimento di rinnovata fiducia nei confronti dello Stato e al tempo stesso l\u2019invito a cooperare e impegnarsi per difendere il bene comune e operare sempre nel rispetto delle regole\u201d.<\/p>\n<p>Quello sorto in prossimit\u00e0 del Castello Aragonese \u00e8 ormai a tutti gli effetti un largo della \u201cLegalit\u00e0\u201d, hanno infine rimarcato l\u2019assessora Palmenta e il consigliere delegato Merenda, \u201ce quest\u2019ultima panchina parlante \u2013 ha detto l\u2019assessora alla Legalit\u00e0 &#8211; dedicata a Borsellino ci aiuta a ricordare anche l\u2019importanza di parlare di quanto accaduto nella storia recente di questo Paese. Vicende drammatiche che hanno scosso le fondamenta democratiche della nazione e che devono dunque essere parte integrante dei percorsi formativi e didattici dei nostri giovani\u201d. Quello di mantenere vivo, in modo costante e tangibile, il percorso di valorizzazione della memoria collettiva, \u201c\u00e8 un preciso impegno che questa amministrazione, secondo l\u2019indirizzo del sindaco Giuseppe Falcomat\u00e0, sta portando avanti con grande determinazione \u2013 ha sottolineato Merenda \u2013 e dopo i simboli posti contro la violenza sulle donne e in memoria della lotta di Liberazione, questa terza panchina completa l\u2019arredo parlante nel segno della legalit\u00e0 e del ricordo di quanti hanno pagato con la vita il loro impegno per lo Stato\u201d.<\/p><\/div>\n","protected":false},"excerpt":{"rendered":"<p>\u00c8 stata inaugurata ufficialmente questa mattina nello spazio adiacente l&#8217;ingresso del Castello Aragonese la panchina dedicata al magistrato Paolo Borsellino, vittima 19 luglio del 1992, insieme a cinque agenti della&hellip;<\/p>\n","protected":false},"author":10,"featured_media":7967,"comment_status":"open","ping_status":"open","sticky":false,"template":"","format":"standard","meta":{"_jetpack_memberships_contains_paid_content":false,"footnotes":"","jetpack_publicize_message":"","jetpack_publicize_feature_enabled":true,"jetpack_social_post_already_shared":false,"jetpack_social_options":{"image_generator_settings":{"template":"highway","default_image_id":0,"font":"","enabled":false},"version":2}},"categories":[921,150,196,140],"tags":[239,3579,1524,1456,3639,495,236],"class_list":["post-7966","post","type-post","status-publish","format-standard","has-post-thumbnail","hentry","category-home","category-in-primo-piano","category-news","category-reggio-calabria","tag-carmelo-versace","tag-castore","tag-giuggi-palmenta","tag-lucia-nucera","tag-massimiliano-merenda","tag-paolo-brunetti","tag-reggio-calabria"],"yoast_head":"<!-- This site is optimized with the Yoast SEO plugin v27.2 - https:\/\/yoast.com\/product\/yoast-seo-wordpress\/ -->\n<title>Installata la nuova panchina parlante, nel ricordo di Borsellino<\/title>\n<meta name=\"description\" content=\"Reggio Calabria ricorda la strage di via D&#039;Amelio di cui ricorrono i 30 anni quest&#039;anno attraverso un nuovo segno di memoria. Presenti accanto alle massime autorit\u00e0 cittadine i Sindaci f.f. di Comune e Citt\u00e0 metropolitana Brunetti e Versace\" \/>\n<meta name=\"robots\" content=\"index, follow, max-snippet:-1, max-image-preview:large, max-video-preview:-1\" \/>\n<link rel=\"canonical\" href=\"https:\/\/progettotouring.it\/radiotouring104\/2022\/07\/18\/installata-la-nuova-panchina-parlante-nel-ricordo-di-borsellino\/\" \/>\n<meta property=\"og:locale\" content=\"it_IT\" \/>\n<meta property=\"og:type\" content=\"article\" \/>\n<meta property=\"og:title\" content=\"Installata la nuova panchina parlante, nel ricordo di Borsellino\" \/>\n<meta property=\"og:description\" content=\"Reggio Calabria ricorda la strage di via D&#039;Amelio di cui ricorrono i 30 anni quest&#039;anno attraverso un nuovo segno di memoria. Presenti accanto alle massime autorit\u00e0 cittadine i Sindaci f.f. di Comune e Citt\u00e0 metropolitana Brunetti e Versace\" \/>\n<meta property=\"og:url\" content=\"https:\/\/progettotouring.it\/radiotouring104\/2022\/07\/18\/installata-la-nuova-panchina-parlante-nel-ricordo-di-borsellino\/\" \/>\n<meta property=\"og:site_name\" content=\"Radio Touring 104\" \/>\n<meta property=\"article:published_time\" content=\"2022-07-18T11:31:00+00:00\" \/>\n<meta property=\"article:modified_time\" content=\"2022-07-18T16:54:50+00:00\" \/>\n<meta property=\"og:image\" content=\"https:\/\/progettotouring.it\/radiotouring104\/wp-content\/uploads\/sites\/6\/2022\/07\/panchina-borsellino.jpeg\" \/>\n\t<meta property=\"og:image:width\" content=\"2000\" \/>\n\t<meta property=\"og:image:height\" content=\"900\" \/>\n\t<meta property=\"og:image:type\" content=\"image\/jpeg\" \/>\n<meta name=\"author\" content=\"Paolo Frascati\" \/>\n<meta name=\"twitter:card\" content=\"summary_large_image\" \/>\n<meta name=\"twitter:label1\" content=\"Scritto da\" \/>\n\t<meta name=\"twitter:data1\" content=\"Paolo Frascati\" \/>\n\t<meta name=\"twitter:label2\" content=\"Tempo di lettura stimato\" \/>\n\t<meta name=\"twitter:data2\" content=\"3 minuti\" \/>\n<script type=\"application\/ld+json\" class=\"yoast-schema-graph\">{\"@context\":\"https:\/\/schema.org\",\"@graph\":[{\"@type\":\"Article\",\"@id\":\"https:\/\/progettotouring.it\/radiotouring104\/2022\/07\/18\/installata-la-nuova-panchina-parlante-nel-ricordo-di-borsellino\/#article\",\"isPartOf\":{\"@id\":\"https:\/\/progettotouring.it\/radiotouring104\/2022\/07\/18\/installata-la-nuova-panchina-parlante-nel-ricordo-di-borsellino\/\"},\"author\":{\"name\":\"Paolo Frascati\",\"@id\":\"https:\/\/progettotouring.it\/radiotouring104\/#\/schema\/person\/f0ca1b839e26c1b921f796a3458a8574\"},\"headline\":\"Installata la nuova panchina parlante, nel ricordo di Borsellino\",\"datePublished\":\"2022-07-18T11:31:00+00:00\",\"dateModified\":\"2022-07-18T16:54:50+00:00\",\"mainEntityOfPage\":{\"@id\":\"https:\/\/progettotouring.it\/radiotouring104\/2022\/07\/18\/installata-la-nuova-panchina-parlante-nel-ricordo-di-borsellino\/\"},\"wordCount\":547,\"commentCount\":0,\"publisher\":{\"@id\":\"https:\/\/progettotouring.it\/radiotouring104\/#organization\"},\"image\":{\"@id\":\"https:\/\/progettotouring.it\/radiotouring104\/2022\/07\/18\/installata-la-nuova-panchina-parlante-nel-ricordo-di-borsellino\/#primaryimage\"},\"thumbnailUrl\":\"https:\/\/progettotouring.it\/radiotouring104\/wp-content\/uploads\/sites\/6\/2022\/07\/panchina-borsellino.jpeg\",\"keywords\":[\"carmelo versace\",\"castore\",\"Giuggi Palmenta\",\"lucia nucera\",\"Massimiliano Merenda\",\"Paolo Brunetti\",\"reggio calabria\"],\"articleSection\":[\"Home\",\"In primo piano\",\"News\",\"Reggio Calabria\"],\"inLanguage\":\"it-IT\",\"potentialAction\":[{\"@type\":\"CommentAction\",\"name\":\"Comment\",\"target\":[\"https:\/\/progettotouring.it\/radiotouring104\/2022\/07\/18\/installata-la-nuova-panchina-parlante-nel-ricordo-di-borsellino\/#respond\"]}]},{\"@type\":\"WebPage\",\"@id\":\"https:\/\/progettotouring.it\/radiotouring104\/2022\/07\/18\/installata-la-nuova-panchina-parlante-nel-ricordo-di-borsellino\/\",\"url\":\"https:\/\/progettotouring.it\/radiotouring104\/2022\/07\/18\/installata-la-nuova-panchina-parlante-nel-ricordo-di-borsellino\/\",\"name\":\"Installata la nuova panchina parlante, nel ricordo di Borsellino\",\"isPartOf\":{\"@id\":\"https:\/\/progettotouring.it\/radiotouring104\/#website\"},\"primaryImageOfPage\":{\"@id\":\"https:\/\/progettotouring.it\/radiotouring104\/2022\/07\/18\/installata-la-nuova-panchina-parlante-nel-ricordo-di-borsellino\/#primaryimage\"},\"image\":{\"@id\":\"https:\/\/progettotouring.it\/radiotouring104\/2022\/07\/18\/installata-la-nuova-panchina-parlante-nel-ricordo-di-borsellino\/#primaryimage\"},\"thumbnailUrl\":\"https:\/\/progettotouring.it\/radiotouring104\/wp-content\/uploads\/sites\/6\/2022\/07\/panchina-borsellino.jpeg\",\"datePublished\":\"2022-07-18T11:31:00+00:00\",\"dateModified\":\"2022-07-18T16:54:50+00:00\",\"description\":\"Reggio Calabria ricorda la strage di via D'Amelio di cui ricorrono i 30 anni quest'anno attraverso un nuovo segno di memoria. Presenti accanto alle massime autorit\u00e0 cittadine i Sindaci f.f. di Comune e Citt\u00e0 metropolitana Brunetti e Versace\",\"breadcrumb\":{\"@id\":\"https:\/\/progettotouring.it\/radiotouring104\/2022\/07\/18\/installata-la-nuova-panchina-parlante-nel-ricordo-di-borsellino\/#breadcrumb\"},\"inLanguage\":\"it-IT\",\"potentialAction\":[{\"@type\":\"ReadAction\",\"target\":[\"https:\/\/progettotouring.it\/radiotouring104\/2022\/07\/18\/installata-la-nuova-panchina-parlante-nel-ricordo-di-borsellino\/\"]}]},{\"@type\":\"ImageObject\",\"inLanguage\":\"it-IT\",\"@id\":\"https:\/\/progettotouring.it\/radiotouring104\/2022\/07\/18\/installata-la-nuova-panchina-parlante-nel-ricordo-di-borsellino\/#primaryimage\",\"url\":\"https:\/\/progettotouring.it\/radiotouring104\/wp-content\/uploads\/sites\/6\/2022\/07\/panchina-borsellino.jpeg\",\"contentUrl\":\"https:\/\/progettotouring.it\/radiotouring104\/wp-content\/uploads\/sites\/6\/2022\/07\/panchina-borsellino.jpeg\",\"width\":2000,\"height\":900},{\"@type\":\"BreadcrumbList\",\"@id\":\"https:\/\/progettotouring.it\/radiotouring104\/2022\/07\/18\/installata-la-nuova-panchina-parlante-nel-ricordo-di-borsellino\/#breadcrumb\",\"itemListElement\":[{\"@type\":\"ListItem\",\"position\":1,\"name\":\"Home\",\"item\":\"https:\/\/progettotouring.it\/radiotouring104\/\"},{\"@type\":\"ListItem\",\"position\":2,\"name\":\"Installata la nuova panchina parlante, nel ricordo di Borsellino\"}]},{\"@type\":\"WebSite\",\"@id\":\"https:\/\/progettotouring.it\/radiotouring104\/#website\",\"url\":\"https:\/\/progettotouring.it\/radiotouring104\/\",\"name\":\"Radio Touring 104\",\"description\":\"La prima radio Reggina\",\"publisher\":{\"@id\":\"https:\/\/progettotouring.it\/radiotouring104\/#organization\"},\"potentialAction\":[{\"@type\":\"SearchAction\",\"target\":{\"@type\":\"EntryPoint\",\"urlTemplate\":\"https:\/\/progettotouring.it\/radiotouring104\/?s={search_term_string}\"},\"query-input\":{\"@type\":\"PropertyValueSpecification\",\"valueRequired\":true,\"valueName\":\"search_term_string\"}}],\"inLanguage\":\"it-IT\"},{\"@type\":\"Organization\",\"@id\":\"https:\/\/progettotouring.it\/radiotouring104\/#organization\",\"name\":\"Radio Touring 104\",\"url\":\"https:\/\/progettotouring.it\/radiotouring104\/\",\"logo\":{\"@type\":\"ImageObject\",\"inLanguage\":\"it-IT\",\"@id\":\"https:\/\/progettotouring.it\/radiotouring104\/#\/schema\/logo\/image\/\",\"url\":\"https:\/\/progettotouring.it\/radiotouring104\/wp-content\/uploads\/sites\/6\/2022\/02\/cropped-logo-radio-touring-104.png\",\"contentUrl\":\"https:\/\/progettotouring.it\/radiotouring104\/wp-content\/uploads\/sites\/6\/2022\/02\/cropped-logo-radio-touring-104.png\",\"width\":377,\"height\":182,\"caption\":\"Radio Touring 104\"},\"image\":{\"@id\":\"https:\/\/progettotouring.it\/radiotouring104\/#\/schema\/logo\/image\/\"}},{\"@type\":\"Person\",\"@id\":\"https:\/\/progettotouring.it\/radiotouring104\/#\/schema\/person\/f0ca1b839e26c1b921f796a3458a8574\",\"name\":\"Paolo Frascati\",\"image\":{\"@type\":\"ImageObject\",\"inLanguage\":\"it-IT\",\"@id\":\"https:\/\/secure.gravatar.com\/avatar\/acad0e44d6a6c69de2c2c1bf6aba094792ac51f1833e9c8a3760ba270d70b909?s=96&d=mm&r=g\",\"url\":\"https:\/\/secure.gravatar.com\/avatar\/acad0e44d6a6c69de2c2c1bf6aba094792ac51f1833e9c8a3760ba270d70b909?s=96&d=mm&r=g\",\"contentUrl\":\"https:\/\/secure.gravatar.com\/avatar\/acad0e44d6a6c69de2c2c1bf6aba094792ac51f1833e9c8a3760ba270d70b909?s=96&d=mm&r=g\",\"caption\":\"Paolo Frascati\"},\"url\":\"https:\/\/progettotouring.it\/radiotouring104\/author\/paolofrascati\/\"}]}<\/script>\n<!-- \/ Yoast SEO plugin. -->","yoast_head_json":{"title":"Installata la nuova panchina parlante, nel ricordo di Borsellino","description":"Reggio Calabria ricorda la strage di via D'Amelio di cui ricorrono i 30 anni quest'anno attraverso un nuovo segno di memoria. Presenti accanto alle massime autorit\u00e0 cittadine i Sindaci f.f. di Comune e Citt\u00e0 metropolitana Brunetti e Versace","robots":{"index":"index","follow":"follow","max-snippet":"max-snippet:-1","max-image-preview":"max-image-preview:large","max-video-preview":"max-video-preview:-1"},"canonical":"https:\/\/progettotouring.it\/radiotouring104\/2022\/07\/18\/installata-la-nuova-panchina-parlante-nel-ricordo-di-borsellino\/","og_locale":"it_IT","og_type":"article","og_title":"Installata la nuova panchina parlante, nel ricordo di Borsellino","og_description":"Reggio Calabria ricorda la strage di via D'Amelio di cui ricorrono i 30 anni quest'anno attraverso un nuovo segno di memoria. Presenti accanto alle massime autorit\u00e0 cittadine i Sindaci f.f. di Comune e Citt\u00e0 metropolitana Brunetti e Versace","og_url":"https:\/\/progettotouring.it\/radiotouring104\/2022\/07\/18\/installata-la-nuova-panchina-parlante-nel-ricordo-di-borsellino\/","og_site_name":"Radio Touring 104","article_published_time":"2022-07-18T11:31:00+00:00","article_modified_time":"2022-07-18T16:54:50+00:00","og_image":[{"width":2000,"height":900,"url":"https:\/\/progettotouring.it\/radiotouring104\/wp-content\/uploads\/sites\/6\/2022\/07\/panchina-borsellino.jpeg","type":"image\/jpeg"}],"author":"Paolo Frascati","twitter_card":"summary_large_image","twitter_misc":{"Scritto da":"Paolo Frascati","Tempo di lettura stimato":"3 minuti"},"schema":{"@context":"https:\/\/schema.org","@graph":[{"@type":"Article","@id":"https:\/\/progettotouring.it\/radiotouring104\/2022\/07\/18\/installata-la-nuova-panchina-parlante-nel-ricordo-di-borsellino\/#article","isPartOf":{"@id":"https:\/\/progettotouring.it\/radiotouring104\/2022\/07\/18\/installata-la-nuova-panchina-parlante-nel-ricordo-di-borsellino\/"},"author":{"name":"Paolo Frascati","@id":"https:\/\/progettotouring.it\/radiotouring104\/#\/schema\/person\/f0ca1b839e26c1b921f796a3458a8574"},"headline":"Installata la nuova panchina parlante, nel ricordo di Borsellino","datePublished":"2022-07-18T11:31:00+00:00","dateModified":"2022-07-18T16:54:50+00:00","mainEntityOfPage":{"@id":"https:\/\/progettotouring.it\/radiotouring104\/2022\/07\/18\/installata-la-nuova-panchina-parlante-nel-ricordo-di-borsellino\/"},"wordCount":547,"commentCount":0,"publisher":{"@id":"https:\/\/progettotouring.it\/radiotouring104\/#organization"},"image":{"@id":"https:\/\/progettotouring.it\/radiotouring104\/2022\/07\/18\/installata-la-nuova-panchina-parlante-nel-ricordo-di-borsellino\/#primaryimage"},"thumbnailUrl":"https:\/\/progettotouring.it\/radiotouring104\/wp-content\/uploads\/sites\/6\/2022\/07\/panchina-borsellino.jpeg","keywords":["carmelo versace","castore","Giuggi Palmenta","lucia nucera","Massimiliano Merenda","Paolo Brunetti","reggio calabria"],"articleSection":["Home","In primo piano","News","Reggio Calabria"],"inLanguage":"it-IT","potentialAction":[{"@type":"CommentAction","name":"Comment","target":["https:\/\/progettotouring.it\/radiotouring104\/2022\/07\/18\/installata-la-nuova-panchina-parlante-nel-ricordo-di-borsellino\/#respond"]}]},{"@type":"WebPage","@id":"https:\/\/progettotouring.it\/radiotouring104\/2022\/07\/18\/installata-la-nuova-panchina-parlante-nel-ricordo-di-borsellino\/","url":"https:\/\/progettotouring.it\/radiotouring104\/2022\/07\/18\/installata-la-nuova-panchina-parlante-nel-ricordo-di-borsellino\/","name":"Installata la nuova panchina parlante, nel ricordo di Borsellino","isPartOf":{"@id":"https:\/\/progettotouring.it\/radiotouring104\/#website"},"primaryImageOfPage":{"@id":"https:\/\/progettotouring.it\/radiotouring104\/2022\/07\/18\/installata-la-nuova-panchina-parlante-nel-ricordo-di-borsellino\/#primaryimage"},"image":{"@id":"https:\/\/progettotouring.it\/radiotouring104\/2022\/07\/18\/installata-la-nuova-panchina-parlante-nel-ricordo-di-borsellino\/#primaryimage"},"thumbnailUrl":"https:\/\/progettotouring.it\/radiotouring104\/wp-content\/uploads\/sites\/6\/2022\/07\/panchina-borsellino.jpeg","datePublished":"2022-07-18T11:31:00+00:00","dateModified":"2022-07-18T16:54:50+00:00","description":"Reggio Calabria ricorda la strage di via D'Amelio di cui ricorrono i 30 anni quest'anno attraverso un nuovo segno di memoria. Presenti accanto alle massime autorit\u00e0 cittadine i Sindaci f.f. di Comune e Citt\u00e0 metropolitana Brunetti e Versace","breadcrumb":{"@id":"https:\/\/progettotouring.it\/radiotouring104\/2022\/07\/18\/installata-la-nuova-panchina-parlante-nel-ricordo-di-borsellino\/#breadcrumb"},"inLanguage":"it-IT","potentialAction":[{"@type":"ReadAction","target":["https:\/\/progettotouring.it\/radiotouring104\/2022\/07\/18\/installata-la-nuova-panchina-parlante-nel-ricordo-di-borsellino\/"]}]},{"@type":"ImageObject","inLanguage":"it-IT","@id":"https:\/\/progettotouring.it\/radiotouring104\/2022\/07\/18\/installata-la-nuova-panchina-parlante-nel-ricordo-di-borsellino\/#primaryimage","url":"https:\/\/progettotouring.it\/radiotouring104\/wp-content\/uploads\/sites\/6\/2022\/07\/panchina-borsellino.jpeg","contentUrl":"https:\/\/progettotouring.it\/radiotouring104\/wp-content\/uploads\/sites\/6\/2022\/07\/panchina-borsellino.jpeg","width":2000,"height":900},{"@type":"BreadcrumbList","@id":"https:\/\/progettotouring.it\/radiotouring104\/2022\/07\/18\/installata-la-nuova-panchina-parlante-nel-ricordo-di-borsellino\/#breadcrumb","itemListElement":[{"@type":"ListItem","position":1,"name":"Home","item":"https:\/\/progettotouring.it\/radiotouring104\/"},{"@type":"ListItem","position":2,"name":"Installata la nuova panchina parlante, nel ricordo di Borsellino"}]},{"@type":"WebSite","@id":"https:\/\/progettotouring.it\/radiotouring104\/#website","url":"https:\/\/progettotouring.it\/radiotouring104\/","name":"Radio Touring 104","description":"La prima radio Reggina","publisher":{"@id":"https:\/\/progettotouring.it\/radiotouring104\/#organization"},"potentialAction":[{"@type":"SearchAction","target":{"@type":"EntryPoint","urlTemplate":"https:\/\/progettotouring.it\/radiotouring104\/?s={search_term_string}"},"query-input":{"@type":"PropertyValueSpecification","valueRequired":true,"valueName":"search_term_string"}}],"inLanguage":"it-IT"},{"@type":"Organization","@id":"https:\/\/progettotouring.it\/radiotouring104\/#organization","name":"Radio Touring 104","url":"https:\/\/progettotouring.it\/radiotouring104\/","logo":{"@type":"ImageObject","inLanguage":"it-IT","@id":"https:\/\/progettotouring.it\/radiotouring104\/#\/schema\/logo\/image\/","url":"https:\/\/progettotouring.it\/radiotouring104\/wp-content\/uploads\/sites\/6\/2022\/02\/cropped-logo-radio-touring-104.png","contentUrl":"https:\/\/progettotouring.it\/radiotouring104\/wp-content\/uploads\/sites\/6\/2022\/02\/cropped-logo-radio-touring-104.png","width":377,"height":182,"caption":"Radio Touring 104"},"image":{"@id":"https:\/\/progettotouring.it\/radiotouring104\/#\/schema\/logo\/image\/"}},{"@type":"Person","@id":"https:\/\/progettotouring.it\/radiotouring104\/#\/schema\/person\/f0ca1b839e26c1b921f796a3458a8574","name":"Paolo Frascati","image":{"@type":"ImageObject","inLanguage":"it-IT","@id":"https:\/\/secure.gravatar.com\/avatar\/acad0e44d6a6c69de2c2c1bf6aba094792ac51f1833e9c8a3760ba270d70b909?s=96&d=mm&r=g","url":"https:\/\/secure.gravatar.com\/avatar\/acad0e44d6a6c69de2c2c1bf6aba094792ac51f1833e9c8a3760ba270d70b909?s=96&d=mm&r=g","contentUrl":"https:\/\/secure.gravatar.com\/avatar\/acad0e44d6a6c69de2c2c1bf6aba094792ac51f1833e9c8a3760ba270d70b909?s=96&d=mm&r=g","caption":"Paolo Frascati"},"url":"https:\/\/progettotouring.it\/radiotouring104\/author\/paolofrascati\/"}]}},"jetpack_publicize_connections":[],"jetpack_featured_media_url":"https:\/\/progettotouring.it\/radiotouring104\/wp-content\/uploads\/sites\/6\/2022\/07\/panchina-borsellino.jpeg","jetpack_sharing_enabled":true,"_links":{"self":[{"href":"https:\/\/progettotouring.it\/radiotouring104\/wp-json\/wp\/v2\/posts\/7966","targetHints":{"allow":["GET"]}}],"collection":[{"href":"https:\/\/progettotouring.it\/radiotouring104\/wp-json\/wp\/v2\/posts"}],"about":[{"href":"https:\/\/progettotouring.it\/radiotouring104\/wp-json\/wp\/v2\/types\/post"}],"author":[{"embeddable":true,"href":"https:\/\/progettotouring.it\/radiotouring104\/wp-json\/wp\/v2\/users\/10"}],"replies":[{"embeddable":true,"href":"https:\/\/progettotouring.it\/radiotouring104\/wp-json\/wp\/v2\/comments?post=7966"}],"version-history":[{"count":1,"href":"https:\/\/progettotouring.it\/radiotouring104\/wp-json\/wp\/v2\/posts\/7966\/revisions"}],"predecessor-version":[{"id":7968,"href":"https:\/\/progettotouring.it\/radiotouring104\/wp-json\/wp\/v2\/posts\/7966\/revisions\/7968"}],"wp:featuredmedia":[{"embeddable":true,"href":"https:\/\/progettotouring.it\/radiotouring104\/wp-json\/wp\/v2\/media\/7967"}],"wp:attachment":[{"href":"https:\/\/progettotouring.it\/radiotouring104\/wp-json\/wp\/v2\/media?parent=7966"}],"wp:term":[{"taxonomy":"category","embeddable":true,"href":"https:\/\/progettotouring.it\/radiotouring104\/wp-json\/wp\/v2\/categories?post=7966"},{"taxonomy":"post_tag","embeddable":true,"href":"https:\/\/progettotouring.it\/radiotouring104\/wp-json\/wp\/v2\/tags?post=7966"}],"curies":[{"name":"wp","href":"https:\/\/api.w.org\/{rel}","templated":true}]}}