{"id":79820,"date":"2025-08-17T16:58:49","date_gmt":"2025-08-17T14:58:49","guid":{"rendered":"https:\/\/progettotouring.it\/radiotouring104\/?p=79820"},"modified":"2025-08-17T16:58:49","modified_gmt":"2025-08-17T14:58:49","slug":"rhegium-julii-il-18-agosto-alle-21-30-il-caffe-letterario-di-attilio-bolzoni","status":"publish","type":"post","link":"https:\/\/progettotouring.it\/radiotouring104\/2025\/08\/17\/rhegium-julii-il-18-agosto-alle-21-30-il-caffe-letterario-di-attilio-bolzoni\/","title":{"rendered":"Rhegium Julii: il 18 agosto, alle 21.30, il Caff\u00e8 Letterario di Attilio Bolzoni"},"content":{"rendered":"<div><strong><br \/>\n<\/strong>Il 18 agosto, alle 21.30, presso il Circolo tennis <em>\u201cRocco Polimeni\u201d<\/em> il Rhegium Julii conclude il ciclo dei \u201ccaff\u00e8 letterari\u201d 2025 con una voce che da oltre quarant\u2019anni racconta l\u2019Italia delle verit\u00e0 scomode: <b>Attilio Bolzoni<\/b>.<\/div>\n<div>\n<p>Giornalista, scrittore, inviato di lungo corso per\u00a0<i>l\u2019Ora<\/i>\u00a0prima ,\u00a0<em>la Repubblica<\/em>, dopo e il\u00a0<i>Domani<\/i> oggi, Bolzoni ha attraversato con taccuino e registratore alcune delle pagine pi\u00f9 buie della nostra storia recente.<\/p>\n<p>Non sar\u00e0\u00a0 la semplice presentazione di un libro, ma\u00a0 un viaggio dentro le pieghe di un Paese segnato da mafia, corruzione e silenzi. Bolzoni racconter\u00e0 i suoi anni in Sicilia, l\u2019amicizia con colleghi e magistrati caduti per mano della criminalit\u00e0 organizzata, il ruolo \u2013 fragile e potente al tempo stesso \u2013 della parola scritta.<\/p>\n<p>\u00ab<i>Scrivere di mafia<\/i>\u00a0\u2013 ricorda Bolzoni \u2013\u00a0<i>significa misurarsi con un nemico che non ama la luce. Spetta al giornalista non solo informare, ma illuminare, dare nomi e cognomi, raccontare storie che altrimenti tutto verrebbe sepolto<\/i>\u00bb.<\/p>\n<p>Il giornalista\u00a0 presenter\u00e0 il suo ultimo libro <i>Immortal<\/i>i edito da Fuoriscena, testo che mescola inchiesta e racconto, ricostruzione storica e sguardo umano. Storie che, pur parlando di sangue e ingiustizia, sono attraversate da una costante: la dignit\u00e0 di chi resiste. Soprattutto si chieder\u00e0 dove si \u00e8 nascosta la mafia, che cosa \u00e8 diventata e come la borghesia mafiosa si \u00e8 ripresa il potere.<\/p>\n<p>L\u2019incontro sar\u00e0 animato dai dialoghi condotti dall\u2019esperto giornalista\u00a0<b>Giuseppe Smorto<\/b>, dall\u2019analista sociale\u00a0<b>Franco Costantino<\/b>\u00a0e da\u00a0<b>Rocco Fedele<\/b>\u00a0componente Rhegium Julii. Bolzoni, con il tono pacato di chi ha imparato a pesare ogni parola, lascer\u00e0 un messaggio chiaro: \u00ab<i>Non abbiate paura della complessit\u00e0. Raccontare bene le cose \u00e8 il primo passo per cambiarle<\/i>\u00bb.<\/p>\n<p class=\"xmprfx_MsoNormal\">\n<\/div>\n","protected":false},"excerpt":{"rendered":"<p>Il 18 agosto, alle 21.30, presso il Circolo tennis \u201cRocco Polimeni\u201d il Rhegium Julii conclude il ciclo dei \u201ccaff\u00e8 letterari\u201d 2025 con una voce che da oltre quarant\u2019anni racconta l\u2019Italia&hellip;<\/p>\n","protected":false},"author":19,"featured_media":79821,"comment_status":"closed","ping_status":"open","sticky":false,"template":"","format":"standard","meta":{"_jetpack_memberships_contains_paid_content":false,"footnotes":"","jetpack_publicize_message":"","jetpack_publicize_feature_enabled":true,"jetpack_social_post_already_shared":true,"jetpack_social_options":{"image_generator_settings":{"template":"highway","default_image_id":0,"font":"","enabled":false},"version":2}},"categories":[145,921,196,140],"tags":[],"class_list":["post-79820","post","type-post","status-publish","format-standard","has-post-thumbnail","hentry","category-cultura","category-home","category-news","category-reggio-calabria"],"yoast_head":"<!-- This site is optimized with the Yoast SEO plugin v27.2 - https:\/\/yoast.com\/product\/yoast-seo-wordpress\/ -->\n<title>Rhegium Julii: il 18 agosto, alle 21.30, il Caff\u00e8 Letterario di Attilio Bolzoni - Radio Touring 104<\/title>\n<meta name=\"description\" content=\"Giornalista, scrittore, inviato per\u00a0l\u2019Ora\u00a0prima ,\u00a0la Repubblica, dopo e il\u00a0Domani\u00a0oggi, da oltre quarant\u2019anni racconta l\u2019Italia delle verit\u00e0 scomode\" \/>\n<meta name=\"robots\" content=\"index, follow, max-snippet:-1, max-image-preview:large, max-video-preview:-1\" \/>\n<link rel=\"canonical\" href=\"https:\/\/progettotouring.it\/radiotouring104\/2025\/08\/17\/rhegium-julii-il-18-agosto-alle-21-30-il-caffe-letterario-di-attilio-bolzoni\/\" \/>\n<meta property=\"og:locale\" content=\"it_IT\" \/>\n<meta property=\"og:type\" content=\"article\" \/>\n<meta property=\"og:title\" content=\"Rhegium Julii: il 18 agosto, alle 21.30, il Caff\u00e8 Letterario di Attilio Bolzoni - Radio Touring 104\" \/>\n<meta property=\"og:description\" content=\"Giornalista, scrittore, inviato per\u00a0l\u2019Ora\u00a0prima ,\u00a0la Repubblica, dopo e il\u00a0Domani\u00a0oggi, da oltre quarant\u2019anni racconta l\u2019Italia delle verit\u00e0 scomode\" \/>\n<meta property=\"og:url\" content=\"https:\/\/progettotouring.it\/radiotouring104\/2025\/08\/17\/rhegium-julii-il-18-agosto-alle-21-30-il-caffe-letterario-di-attilio-bolzoni\/\" \/>\n<meta property=\"og:site_name\" content=\"Radio Touring 104\" \/>\n<meta property=\"article:published_time\" content=\"2025-08-17T14:58:49+00:00\" \/>\n<meta property=\"og:image\" content=\"https:\/\/progettotouring.it\/radiotouring104\/wp-content\/uploads\/sites\/6\/2025\/08\/IMMAGINI-X-SITO-2025-08-17T165802.317.jpg\" \/>\n\t<meta property=\"og:image:width\" content=\"2000\" \/>\n\t<meta property=\"og:image:height\" content=\"1545\" \/>\n\t<meta property=\"og:image:type\" content=\"image\/jpeg\" \/>\n<meta name=\"author\" content=\"S L\" \/>\n<meta name=\"twitter:card\" content=\"summary_large_image\" \/>\n<meta name=\"twitter:label1\" content=\"Scritto da\" \/>\n\t<meta name=\"twitter:data1\" content=\"S L\" \/>\n\t<meta name=\"twitter:label2\" content=\"Tempo di lettura stimato\" \/>\n\t<meta name=\"twitter:data2\" content=\"1 minuto\" \/>\n<script type=\"application\/ld+json\" class=\"yoast-schema-graph\">{\"@context\":\"https:\/\/schema.org\",\"@graph\":[{\"@type\":\"Article\",\"@id\":\"https:\/\/progettotouring.it\/radiotouring104\/2025\/08\/17\/rhegium-julii-il-18-agosto-alle-21-30-il-caffe-letterario-di-attilio-bolzoni\/#article\",\"isPartOf\":{\"@id\":\"https:\/\/progettotouring.it\/radiotouring104\/2025\/08\/17\/rhegium-julii-il-18-agosto-alle-21-30-il-caffe-letterario-di-attilio-bolzoni\/\"},\"author\":{\"name\":\"S L\",\"@id\":\"https:\/\/progettotouring.it\/radiotouring104\/#\/schema\/person\/b9f9c3730b0a78814c9b9f3bfc52c619\"},\"headline\":\"Rhegium Julii: il 18 agosto, alle 21.30, il Caff\u00e8 Letterario di Attilio Bolzoni\",\"datePublished\":\"2025-08-17T14:58:49+00:00\",\"mainEntityOfPage\":{\"@id\":\"https:\/\/progettotouring.it\/radiotouring104\/2025\/08\/17\/rhegium-julii-il-18-agosto-alle-21-30-il-caffe-letterario-di-attilio-bolzoni\/\"},\"wordCount\":280,\"publisher\":{\"@id\":\"https:\/\/progettotouring.it\/radiotouring104\/#organization\"},\"image\":{\"@id\":\"https:\/\/progettotouring.it\/radiotouring104\/2025\/08\/17\/rhegium-julii-il-18-agosto-alle-21-30-il-caffe-letterario-di-attilio-bolzoni\/#primaryimage\"},\"thumbnailUrl\":\"https:\/\/progettotouring.it\/radiotouring104\/wp-content\/uploads\/sites\/6\/2025\/08\/IMMAGINI-X-SITO-2025-08-17T165802.317.jpg\",\"articleSection\":[\"Cultura\",\"Home\",\"News\",\"Reggio Calabria\"],\"inLanguage\":\"it-IT\"},{\"@type\":\"WebPage\",\"@id\":\"https:\/\/progettotouring.it\/radiotouring104\/2025\/08\/17\/rhegium-julii-il-18-agosto-alle-21-30-il-caffe-letterario-di-attilio-bolzoni\/\",\"url\":\"https:\/\/progettotouring.it\/radiotouring104\/2025\/08\/17\/rhegium-julii-il-18-agosto-alle-21-30-il-caffe-letterario-di-attilio-bolzoni\/\",\"name\":\"Rhegium Julii: il 18 agosto, alle 21.30, il Caff\u00e8 Letterario di Attilio Bolzoni - Radio Touring 104\",\"isPartOf\":{\"@id\":\"https:\/\/progettotouring.it\/radiotouring104\/#website\"},\"primaryImageOfPage\":{\"@id\":\"https:\/\/progettotouring.it\/radiotouring104\/2025\/08\/17\/rhegium-julii-il-18-agosto-alle-21-30-il-caffe-letterario-di-attilio-bolzoni\/#primaryimage\"},\"image\":{\"@id\":\"https:\/\/progettotouring.it\/radiotouring104\/2025\/08\/17\/rhegium-julii-il-18-agosto-alle-21-30-il-caffe-letterario-di-attilio-bolzoni\/#primaryimage\"},\"thumbnailUrl\":\"https:\/\/progettotouring.it\/radiotouring104\/wp-content\/uploads\/sites\/6\/2025\/08\/IMMAGINI-X-SITO-2025-08-17T165802.317.jpg\",\"datePublished\":\"2025-08-17T14:58:49+00:00\",\"description\":\"Giornalista, scrittore, inviato per\u00a0l\u2019Ora\u00a0prima ,\u00a0la Repubblica, dopo e il\u00a0Domani\u00a0oggi, da oltre quarant\u2019anni racconta l\u2019Italia delle verit\u00e0 scomode\",\"breadcrumb\":{\"@id\":\"https:\/\/progettotouring.it\/radiotouring104\/2025\/08\/17\/rhegium-julii-il-18-agosto-alle-21-30-il-caffe-letterario-di-attilio-bolzoni\/#breadcrumb\"},\"inLanguage\":\"it-IT\",\"potentialAction\":[{\"@type\":\"ReadAction\",\"target\":[\"https:\/\/progettotouring.it\/radiotouring104\/2025\/08\/17\/rhegium-julii-il-18-agosto-alle-21-30-il-caffe-letterario-di-attilio-bolzoni\/\"]}]},{\"@type\":\"ImageObject\",\"inLanguage\":\"it-IT\",\"@id\":\"https:\/\/progettotouring.it\/radiotouring104\/2025\/08\/17\/rhegium-julii-il-18-agosto-alle-21-30-il-caffe-letterario-di-attilio-bolzoni\/#primaryimage\",\"url\":\"https:\/\/progettotouring.it\/radiotouring104\/wp-content\/uploads\/sites\/6\/2025\/08\/IMMAGINI-X-SITO-2025-08-17T165802.317.jpg\",\"contentUrl\":\"https:\/\/progettotouring.it\/radiotouring104\/wp-content\/uploads\/sites\/6\/2025\/08\/IMMAGINI-X-SITO-2025-08-17T165802.317.jpg\",\"width\":2000,\"height\":1545},{\"@type\":\"BreadcrumbList\",\"@id\":\"https:\/\/progettotouring.it\/radiotouring104\/2025\/08\/17\/rhegium-julii-il-18-agosto-alle-21-30-il-caffe-letterario-di-attilio-bolzoni\/#breadcrumb\",\"itemListElement\":[{\"@type\":\"ListItem\",\"position\":1,\"name\":\"Home\",\"item\":\"https:\/\/progettotouring.it\/radiotouring104\/\"},{\"@type\":\"ListItem\",\"position\":2,\"name\":\"Rhegium Julii: il 18 agosto, alle 21.30, il Caff\u00e8 Letterario di Attilio Bolzoni\"}]},{\"@type\":\"WebSite\",\"@id\":\"https:\/\/progettotouring.it\/radiotouring104\/#website\",\"url\":\"https:\/\/progettotouring.it\/radiotouring104\/\",\"name\":\"Radio Touring 104\",\"description\":\"La prima radio Reggina\",\"publisher\":{\"@id\":\"https:\/\/progettotouring.it\/radiotouring104\/#organization\"},\"potentialAction\":[{\"@type\":\"SearchAction\",\"target\":{\"@type\":\"EntryPoint\",\"urlTemplate\":\"https:\/\/progettotouring.it\/radiotouring104\/?s={search_term_string}\"},\"query-input\":{\"@type\":\"PropertyValueSpecification\",\"valueRequired\":true,\"valueName\":\"search_term_string\"}}],\"inLanguage\":\"it-IT\"},{\"@type\":\"Organization\",\"@id\":\"https:\/\/progettotouring.it\/radiotouring104\/#organization\",\"name\":\"Radio Touring 104\",\"url\":\"https:\/\/progettotouring.it\/radiotouring104\/\",\"logo\":{\"@type\":\"ImageObject\",\"inLanguage\":\"it-IT\",\"@id\":\"https:\/\/progettotouring.it\/radiotouring104\/#\/schema\/logo\/image\/\",\"url\":\"https:\/\/progettotouring.it\/radiotouring104\/wp-content\/uploads\/sites\/6\/2022\/02\/cropped-logo-radio-touring-104.png\",\"contentUrl\":\"https:\/\/progettotouring.it\/radiotouring104\/wp-content\/uploads\/sites\/6\/2022\/02\/cropped-logo-radio-touring-104.png\",\"width\":377,\"height\":182,\"caption\":\"Radio Touring 104\"},\"image\":{\"@id\":\"https:\/\/progettotouring.it\/radiotouring104\/#\/schema\/logo\/image\/\"}},{\"@type\":\"Person\",\"@id\":\"https:\/\/progettotouring.it\/radiotouring104\/#\/schema\/person\/b9f9c3730b0a78814c9b9f3bfc52c619\",\"name\":\"S L\",\"image\":{\"@type\":\"ImageObject\",\"inLanguage\":\"it-IT\",\"@id\":\"https:\/\/secure.gravatar.com\/avatar\/652c51789d7030aaed9ff828331360502a68204fe6fb0831bc280515210e16d2?s=96&d=mm&r=g\",\"url\":\"https:\/\/secure.gravatar.com\/avatar\/652c51789d7030aaed9ff828331360502a68204fe6fb0831bc280515210e16d2?s=96&d=mm&r=g\",\"contentUrl\":\"https:\/\/secure.gravatar.com\/avatar\/652c51789d7030aaed9ff828331360502a68204fe6fb0831bc280515210e16d2?s=96&d=mm&r=g\",\"caption\":\"S L\"},\"url\":\"https:\/\/progettotouring.it\/radiotouring104\/author\/slibri\/\"}]}<\/script>\n<!-- \/ Yoast SEO plugin. -->","yoast_head_json":{"title":"Rhegium Julii: il 18 agosto, alle 21.30, il Caff\u00e8 Letterario di Attilio Bolzoni - Radio Touring 104","description":"Giornalista, scrittore, inviato per\u00a0l\u2019Ora\u00a0prima ,\u00a0la Repubblica, dopo e il\u00a0Domani\u00a0oggi, da oltre quarant\u2019anni racconta l\u2019Italia delle verit\u00e0 scomode","robots":{"index":"index","follow":"follow","max-snippet":"max-snippet:-1","max-image-preview":"max-image-preview:large","max-video-preview":"max-video-preview:-1"},"canonical":"https:\/\/progettotouring.it\/radiotouring104\/2025\/08\/17\/rhegium-julii-il-18-agosto-alle-21-30-il-caffe-letterario-di-attilio-bolzoni\/","og_locale":"it_IT","og_type":"article","og_title":"Rhegium Julii: il 18 agosto, alle 21.30, il Caff\u00e8 Letterario di Attilio Bolzoni - Radio Touring 104","og_description":"Giornalista, scrittore, inviato per\u00a0l\u2019Ora\u00a0prima ,\u00a0la Repubblica, dopo e il\u00a0Domani\u00a0oggi, da oltre quarant\u2019anni racconta l\u2019Italia delle verit\u00e0 scomode","og_url":"https:\/\/progettotouring.it\/radiotouring104\/2025\/08\/17\/rhegium-julii-il-18-agosto-alle-21-30-il-caffe-letterario-di-attilio-bolzoni\/","og_site_name":"Radio Touring 104","article_published_time":"2025-08-17T14:58:49+00:00","og_image":[{"width":2000,"height":1545,"url":"https:\/\/progettotouring.it\/radiotouring104\/wp-content\/uploads\/sites\/6\/2025\/08\/IMMAGINI-X-SITO-2025-08-17T165802.317.jpg","type":"image\/jpeg"}],"author":"S L","twitter_card":"summary_large_image","twitter_misc":{"Scritto da":"S L","Tempo di lettura stimato":"1 minuto"},"schema":{"@context":"https:\/\/schema.org","@graph":[{"@type":"Article","@id":"https:\/\/progettotouring.it\/radiotouring104\/2025\/08\/17\/rhegium-julii-il-18-agosto-alle-21-30-il-caffe-letterario-di-attilio-bolzoni\/#article","isPartOf":{"@id":"https:\/\/progettotouring.it\/radiotouring104\/2025\/08\/17\/rhegium-julii-il-18-agosto-alle-21-30-il-caffe-letterario-di-attilio-bolzoni\/"},"author":{"name":"S L","@id":"https:\/\/progettotouring.it\/radiotouring104\/#\/schema\/person\/b9f9c3730b0a78814c9b9f3bfc52c619"},"headline":"Rhegium Julii: il 18 agosto, alle 21.30, il Caff\u00e8 Letterario di Attilio Bolzoni","datePublished":"2025-08-17T14:58:49+00:00","mainEntityOfPage":{"@id":"https:\/\/progettotouring.it\/radiotouring104\/2025\/08\/17\/rhegium-julii-il-18-agosto-alle-21-30-il-caffe-letterario-di-attilio-bolzoni\/"},"wordCount":280,"publisher":{"@id":"https:\/\/progettotouring.it\/radiotouring104\/#organization"},"image":{"@id":"https:\/\/progettotouring.it\/radiotouring104\/2025\/08\/17\/rhegium-julii-il-18-agosto-alle-21-30-il-caffe-letterario-di-attilio-bolzoni\/#primaryimage"},"thumbnailUrl":"https:\/\/progettotouring.it\/radiotouring104\/wp-content\/uploads\/sites\/6\/2025\/08\/IMMAGINI-X-SITO-2025-08-17T165802.317.jpg","articleSection":["Cultura","Home","News","Reggio Calabria"],"inLanguage":"it-IT"},{"@type":"WebPage","@id":"https:\/\/progettotouring.it\/radiotouring104\/2025\/08\/17\/rhegium-julii-il-18-agosto-alle-21-30-il-caffe-letterario-di-attilio-bolzoni\/","url":"https:\/\/progettotouring.it\/radiotouring104\/2025\/08\/17\/rhegium-julii-il-18-agosto-alle-21-30-il-caffe-letterario-di-attilio-bolzoni\/","name":"Rhegium Julii: il 18 agosto, alle 21.30, il Caff\u00e8 Letterario di Attilio Bolzoni - Radio Touring 104","isPartOf":{"@id":"https:\/\/progettotouring.it\/radiotouring104\/#website"},"primaryImageOfPage":{"@id":"https:\/\/progettotouring.it\/radiotouring104\/2025\/08\/17\/rhegium-julii-il-18-agosto-alle-21-30-il-caffe-letterario-di-attilio-bolzoni\/#primaryimage"},"image":{"@id":"https:\/\/progettotouring.it\/radiotouring104\/2025\/08\/17\/rhegium-julii-il-18-agosto-alle-21-30-il-caffe-letterario-di-attilio-bolzoni\/#primaryimage"},"thumbnailUrl":"https:\/\/progettotouring.it\/radiotouring104\/wp-content\/uploads\/sites\/6\/2025\/08\/IMMAGINI-X-SITO-2025-08-17T165802.317.jpg","datePublished":"2025-08-17T14:58:49+00:00","description":"Giornalista, scrittore, inviato per\u00a0l\u2019Ora\u00a0prima ,\u00a0la Repubblica, dopo e il\u00a0Domani\u00a0oggi, da oltre quarant\u2019anni racconta l\u2019Italia delle verit\u00e0 scomode","breadcrumb":{"@id":"https:\/\/progettotouring.it\/radiotouring104\/2025\/08\/17\/rhegium-julii-il-18-agosto-alle-21-30-il-caffe-letterario-di-attilio-bolzoni\/#breadcrumb"},"inLanguage":"it-IT","potentialAction":[{"@type":"ReadAction","target":["https:\/\/progettotouring.it\/radiotouring104\/2025\/08\/17\/rhegium-julii-il-18-agosto-alle-21-30-il-caffe-letterario-di-attilio-bolzoni\/"]}]},{"@type":"ImageObject","inLanguage":"it-IT","@id":"https:\/\/progettotouring.it\/radiotouring104\/2025\/08\/17\/rhegium-julii-il-18-agosto-alle-21-30-il-caffe-letterario-di-attilio-bolzoni\/#primaryimage","url":"https:\/\/progettotouring.it\/radiotouring104\/wp-content\/uploads\/sites\/6\/2025\/08\/IMMAGINI-X-SITO-2025-08-17T165802.317.jpg","contentUrl":"https:\/\/progettotouring.it\/radiotouring104\/wp-content\/uploads\/sites\/6\/2025\/08\/IMMAGINI-X-SITO-2025-08-17T165802.317.jpg","width":2000,"height":1545},{"@type":"BreadcrumbList","@id":"https:\/\/progettotouring.it\/radiotouring104\/2025\/08\/17\/rhegium-julii-il-18-agosto-alle-21-30-il-caffe-letterario-di-attilio-bolzoni\/#breadcrumb","itemListElement":[{"@type":"ListItem","position":1,"name":"Home","item":"https:\/\/progettotouring.it\/radiotouring104\/"},{"@type":"ListItem","position":2,"name":"Rhegium Julii: il 18 agosto, alle 21.30, il Caff\u00e8 Letterario di Attilio Bolzoni"}]},{"@type":"WebSite","@id":"https:\/\/progettotouring.it\/radiotouring104\/#website","url":"https:\/\/progettotouring.it\/radiotouring104\/","name":"Radio Touring 104","description":"La prima radio Reggina","publisher":{"@id":"https:\/\/progettotouring.it\/radiotouring104\/#organization"},"potentialAction":[{"@type":"SearchAction","target":{"@type":"EntryPoint","urlTemplate":"https:\/\/progettotouring.it\/radiotouring104\/?s={search_term_string}"},"query-input":{"@type":"PropertyValueSpecification","valueRequired":true,"valueName":"search_term_string"}}],"inLanguage":"it-IT"},{"@type":"Organization","@id":"https:\/\/progettotouring.it\/radiotouring104\/#organization","name":"Radio Touring 104","url":"https:\/\/progettotouring.it\/radiotouring104\/","logo":{"@type":"ImageObject","inLanguage":"it-IT","@id":"https:\/\/progettotouring.it\/radiotouring104\/#\/schema\/logo\/image\/","url":"https:\/\/progettotouring.it\/radiotouring104\/wp-content\/uploads\/sites\/6\/2022\/02\/cropped-logo-radio-touring-104.png","contentUrl":"https:\/\/progettotouring.it\/radiotouring104\/wp-content\/uploads\/sites\/6\/2022\/02\/cropped-logo-radio-touring-104.png","width":377,"height":182,"caption":"Radio Touring 104"},"image":{"@id":"https:\/\/progettotouring.it\/radiotouring104\/#\/schema\/logo\/image\/"}},{"@type":"Person","@id":"https:\/\/progettotouring.it\/radiotouring104\/#\/schema\/person\/b9f9c3730b0a78814c9b9f3bfc52c619","name":"S L","image":{"@type":"ImageObject","inLanguage":"it-IT","@id":"https:\/\/secure.gravatar.com\/avatar\/652c51789d7030aaed9ff828331360502a68204fe6fb0831bc280515210e16d2?s=96&d=mm&r=g","url":"https:\/\/secure.gravatar.com\/avatar\/652c51789d7030aaed9ff828331360502a68204fe6fb0831bc280515210e16d2?s=96&d=mm&r=g","contentUrl":"https:\/\/secure.gravatar.com\/avatar\/652c51789d7030aaed9ff828331360502a68204fe6fb0831bc280515210e16d2?s=96&d=mm&r=g","caption":"S L"},"url":"https:\/\/progettotouring.it\/radiotouring104\/author\/slibri\/"}]}},"jetpack_publicize_connections":[],"jetpack_featured_media_url":"https:\/\/progettotouring.it\/radiotouring104\/wp-content\/uploads\/sites\/6\/2025\/08\/IMMAGINI-X-SITO-2025-08-17T165802.317.jpg","jetpack_sharing_enabled":true,"_links":{"self":[{"href":"https:\/\/progettotouring.it\/radiotouring104\/wp-json\/wp\/v2\/posts\/79820","targetHints":{"allow":["GET"]}}],"collection":[{"href":"https:\/\/progettotouring.it\/radiotouring104\/wp-json\/wp\/v2\/posts"}],"about":[{"href":"https:\/\/progettotouring.it\/radiotouring104\/wp-json\/wp\/v2\/types\/post"}],"author":[{"embeddable":true,"href":"https:\/\/progettotouring.it\/radiotouring104\/wp-json\/wp\/v2\/users\/19"}],"replies":[{"embeddable":true,"href":"https:\/\/progettotouring.it\/radiotouring104\/wp-json\/wp\/v2\/comments?post=79820"}],"version-history":[{"count":1,"href":"https:\/\/progettotouring.it\/radiotouring104\/wp-json\/wp\/v2\/posts\/79820\/revisions"}],"predecessor-version":[{"id":79822,"href":"https:\/\/progettotouring.it\/radiotouring104\/wp-json\/wp\/v2\/posts\/79820\/revisions\/79822"}],"wp:featuredmedia":[{"embeddable":true,"href":"https:\/\/progettotouring.it\/radiotouring104\/wp-json\/wp\/v2\/media\/79821"}],"wp:attachment":[{"href":"https:\/\/progettotouring.it\/radiotouring104\/wp-json\/wp\/v2\/media?parent=79820"}],"wp:term":[{"taxonomy":"category","embeddable":true,"href":"https:\/\/progettotouring.it\/radiotouring104\/wp-json\/wp\/v2\/categories?post=79820"},{"taxonomy":"post_tag","embeddable":true,"href":"https:\/\/progettotouring.it\/radiotouring104\/wp-json\/wp\/v2\/tags?post=79820"}],"curies":[{"name":"wp","href":"https:\/\/api.w.org\/{rel}","templated":true}]}}