{"id":79834,"date":"2025-08-18T15:54:24","date_gmt":"2025-08-18T13:54:24","guid":{"rendered":"https:\/\/progettotouring.it\/radiotouring104\/?p=79834"},"modified":"2025-08-18T15:54:24","modified_gmt":"2025-08-18T13:54:24","slug":"e-stata-una-settimana-di-novita-per-la-dierre-basketball","status":"publish","type":"post","link":"https:\/\/progettotouring.it\/radiotouring104\/2025\/08\/18\/e-stata-una-settimana-di-novita-per-la-dierre-basketball\/","title":{"rendered":"E&#8217; stata una settimana di novit\u00e0 per la Dierre Basketball"},"content":{"rendered":"<div class=\"xmprfx_gmail-xdj266r xmprfx_gmail-x14z9mp xmprfx_gmail-xat24cr xmprfx_gmail-x1lziwak xmprfx_gmail-x1vvkbs xmprfx_gmail-x126k92a\">\n<div dir=\"auto\">Non sono stati giorni di vacanza per la societ\u00e0 che, quotidianamente, sta ufficializzando i nuovi arrivi. In precedenza confermati alcuni membri dello staff.<\/div>\n<div dir=\"auto\"><\/div>\n<div dir=\"auto\">Oggi \u00e8 stato il turno di Filippo Arrighini, centro torinese, classe 2003, alto 2,05 metri, che porter\u00e0 fisicit\u00e0, esperienza e grinta sotto i tabelloni.<\/div>\n<div dir=\"auto\"><img fetchpriority=\"high\" decoding=\"async\" class=\"alignnone size-medium wp-image-79840\" src=\"https:\/\/progettotouring.it\/radiotouring104\/wp-content\/uploads\/sites\/6\/2025\/08\/535396090_1083119630472018_6459344704516583844_n-300x251.jpg\" alt=\"\" width=\"300\" height=\"251\" srcset=\"https:\/\/progettotouring.it\/radiotouring104\/wp-content\/uploads\/sites\/6\/2025\/08\/535396090_1083119630472018_6459344704516583844_n-300x251.jpg 300w, https:\/\/progettotouring.it\/radiotouring104\/wp-content\/uploads\/sites\/6\/2025\/08\/535396090_1083119630472018_6459344704516583844_n-768x644.jpg 768w, https:\/\/progettotouring.it\/radiotouring104\/wp-content\/uploads\/sites\/6\/2025\/08\/535396090_1083119630472018_6459344704516583844_n-585x490.jpg 585w, https:\/\/progettotouring.it\/radiotouring104\/wp-content\/uploads\/sites\/6\/2025\/08\/535396090_1083119630472018_6459344704516583844_n.jpg 940w\" sizes=\"(max-width: 300px) 100vw, 300px\" \/><\/div>\n<\/div>\n<div class=\"xmprfx_gmail-x14z9mp xmprfx_gmail-xat24cr xmprfx_gmail-x1lziwak xmprfx_gmail-x1vvkbs xmprfx_gmail-xtlvy1s xmprfx_gmail-x126k92a\">\n<div dir=\"auto\"><\/div>\n<div dir=\"auto\">Tre anni fa, ha vissuto un\u2019importante esperienza in Serie B, dividendo la stagione tra Virtus Cassino e Monfalcone.<\/div>\n<\/div>\n<div dir=\"auto\"><\/div>\n<div dir=\"auto\">\n<div class=\"msg-view-text-cnt\">\n<div class=\"xam_msg_class\">\n<div dir=\"ltr\"><span class=\"xmprfx_gmail-x193iq5w xmprfx_gmail-xeuugli xmprfx_gmail-x13faqbe xmprfx_gmail-x1vvkbs xmprfx_gmail-xlh3980 xmprfx_gmail-xvmahel xmprfx_gmail-x1n0sxbx xmprfx_gmail-x1lliihq xmprfx_gmail-x1s928wv xmprfx_gmail-xhkezso xmprfx_gmail-x1gmr53x xmprfx_gmail-x1cpjm7i xmprfx_gmail-x1fgarty xmprfx_gmail-x1943h6x xmprfx_gmail-xudqn12 xmprfx_gmail-x3x7a5m xmprfx_gmail-x6prxxf xmprfx_gmail-xvq8zen xmprfx_gmail-xo1l8bm xmprfx_gmail-xzsf02u\" dir=\"auto\">In precedenza la Dierre ha annunciato l\u2019ingaggio di Douglas Marini, atleta versatile, che, nella scorsa stagione, ha disputato il campionato di C Abruzzo con il Foligno mettendo a referto 153 punti e segnando un massimo di 22 punti in una singola partita.<img decoding=\"async\" class=\"alignnone size-medium wp-image-79839\" src=\"https:\/\/progettotouring.it\/radiotouring104\/wp-content\/uploads\/sites\/6\/2025\/08\/rumors-foligno-basket-prova-esterno-agostino-douglas-marini-600-300x200.jpg\" alt=\"\" width=\"300\" height=\"200\" srcset=\"https:\/\/progettotouring.it\/radiotouring104\/wp-content\/uploads\/sites\/6\/2025\/08\/rumors-foligno-basket-prova-esterno-agostino-douglas-marini-600-300x200.jpg 300w, https:\/\/progettotouring.it\/radiotouring104\/wp-content\/uploads\/sites\/6\/2025\/08\/rumors-foligno-basket-prova-esterno-agostino-douglas-marini-600-768x512.jpg 768w, https:\/\/progettotouring.it\/radiotouring104\/wp-content\/uploads\/sites\/6\/2025\/08\/rumors-foligno-basket-prova-esterno-agostino-douglas-marini-600-585x390.jpg 585w, https:\/\/progettotouring.it\/radiotouring104\/wp-content\/uploads\/sites\/6\/2025\/08\/rumors-foligno-basket-prova-esterno-agostino-douglas-marini-600-263x175.jpg 263w, https:\/\/progettotouring.it\/radiotouring104\/wp-content\/uploads\/sites\/6\/2025\/08\/rumors-foligno-basket-prova-esterno-agostino-douglas-marini-600.jpg 900w\" sizes=\"(max-width: 300px) 100vw, 300px\" \/><br class=\"xmprfx_gmail-html-br\" \/><br class=\"xmprfx_gmail-html-br\" \/>Prima ancora Giacomo Scortica, <\/span>play-guardia, classe 1999,\u00a0 che porta in Calabria la sua esperienza maturata nei campionati nazionali: con i suoi 192 centimetri d&#8217;altezza arriva dalla Serie B di Barcellona Pozzo di Gotto.<\/div>\n<div dir=\"ltr\"><img decoding=\"async\" class=\"alignnone size-medium wp-image-79838\" src=\"https:\/\/progettotouring.it\/radiotouring104\/wp-content\/uploads\/sites\/6\/2025\/08\/Giacomo-Scortica-tra-i-volti-nuovi-in-casa-Barcellona-foto-Mario-Barresi-300x200.jpg\" alt=\"\" width=\"300\" height=\"200\" srcset=\"https:\/\/progettotouring.it\/radiotouring104\/wp-content\/uploads\/sites\/6\/2025\/08\/Giacomo-Scortica-tra-i-volti-nuovi-in-casa-Barcellona-foto-Mario-Barresi-300x200.jpg 300w, https:\/\/progettotouring.it\/radiotouring104\/wp-content\/uploads\/sites\/6\/2025\/08\/Giacomo-Scortica-tra-i-volti-nuovi-in-casa-Barcellona-foto-Mario-Barresi-768x512.jpg 768w, https:\/\/progettotouring.it\/radiotouring104\/wp-content\/uploads\/sites\/6\/2025\/08\/Giacomo-Scortica-tra-i-volti-nuovi-in-casa-Barcellona-foto-Mario-Barresi-585x390.jpg 585w, https:\/\/progettotouring.it\/radiotouring104\/wp-content\/uploads\/sites\/6\/2025\/08\/Giacomo-Scortica-tra-i-volti-nuovi-in-casa-Barcellona-foto-Mario-Barresi-263x175.jpg 263w, https:\/\/progettotouring.it\/radiotouring104\/wp-content\/uploads\/sites\/6\/2025\/08\/Giacomo-Scortica-tra-i-volti-nuovi-in-casa-Barcellona-foto-Mario-Barresi.jpg 987w\" sizes=\"(max-width: 300px) 100vw, 300px\" \/><\/div>\n<\/div>\n<\/div>\n<\/div>\n<div dir=\"ltr\">\n<div class=\"xmprfx_gmail-x14z9mp xmprfx_gmail-xat24cr xmprfx_gmail-x1lziwak xmprfx_gmail-x1vvkbs xmprfx_gmail-xtlvy1s xmprfx_gmail-x126k92a\"><\/div>\n<div class=\"xmprfx_gmail-x14z9mp xmprfx_gmail-xat24cr xmprfx_gmail-x1lziwak xmprfx_gmail-x1vvkbs xmprfx_gmail-xtlvy1s xmprfx_gmail-x126k92a\">\n<div dir=\"auto\"><\/div>\n<\/div>\n<\/div>\n<div dir=\"ltr\">Inoltre Benedetto Epifani, promettente playmaker-guardia di 185 cm., classe 2004, nella passata stagione ha militato in B nel Barcellona, realizzando 145 punti totali nel torneo.<\/div>\n<div dir=\"ltr\"><img decoding=\"async\" src=\"https:\/\/progettotouring.it\/radiotouring104\/wp-content\/uploads\/sites\/6\/2025\/08\/531990346_1079027800881201_476311228266257000_n-300x252.jpg\" \/><\/div>\n<div dir=\"ltr\">Non solo facce nuove ma anche conferme:\u00a0 Francesco Morabito, preparatore fisico e &#8220;<em>Mental Coach<\/em>&#8220;, e Filippo Marcian\u00f2, che lavorer\u00e0 fianco a fianco con il nuovo capo allenatore, Francesco Inguaggiato, tecnico proveniente dagli Stati Uniti, con l\u2019obiettivo di consolidare e far crescere ulteriormente il progetto biancoblu.<\/div>\n<div class=\"attachmentsBlock\" role=\"group\">\n<div class=\"xmprfx_gmail-xdj266r xmprfx_gmail-x14z9mp xmprfx_gmail-xat24cr xmprfx_gmail-x1lziwak xmprfx_gmail-x1vvkbs xmprfx_gmail-x126k92a\"><\/div>\n<\/div>\n<div dir=\"auto\">\n<div class=\"xmprfx_gmail-x14z9mp xmprfx_gmail-xat24cr xmprfx_gmail-x1lziwak xmprfx_gmail-x1vvkbs xmprfx_gmail-xtlvy1s xmprfx_gmail-x126k92a\">\n<div dir=\"auto\"><img loading=\"lazy\" decoding=\"async\" class=\"alignnone size-full wp-image-79835\" src=\"https:\/\/progettotouring.it\/radiotouring104\/wp-content\/uploads\/sites\/6\/2025\/08\/hh.jpg\" alt=\"\" width=\"280\" height=\"180\" \/> <img loading=\"lazy\" decoding=\"async\" class=\"alignnone size-medium wp-image-79836\" src=\"https:\/\/progettotouring.it\/radiotouring104\/wp-content\/uploads\/sites\/6\/2025\/08\/ww.jpg\" alt=\"\" width=\"281\" height=\"180\" \/><\/div>\n<\/div>\n<\/div>\n","protected":false},"excerpt":{"rendered":"<p>Non sono stati giorni di vacanza per la societ\u00e0 che, quotidianamente, sta ufficializzando i nuovi arrivi. In precedenza confermati alcuni membri dello staff. Oggi \u00e8 stato il turno di Filippo&hellip;<\/p>\n","protected":false},"author":19,"featured_media":74524,"comment_status":"closed","ping_status":"open","sticky":false,"template":"","format":"standard","meta":{"_jetpack_memberships_contains_paid_content":false,"footnotes":"","jetpack_publicize_message":"","jetpack_publicize_feature_enabled":true,"jetpack_social_post_already_shared":true,"jetpack_social_options":{"image_generator_settings":{"template":"highway","default_image_id":0,"font":"","enabled":false},"version":2}},"categories":[196,144],"tags":[],"class_list":["post-79834","post","type-post","status-publish","format-standard","has-post-thumbnail","hentry","category-news","category-sport"],"yoast_head":"<!-- This site is optimized with the Yoast SEO plugin v27.2 - https:\/\/yoast.com\/product\/yoast-seo-wordpress\/ -->\n<title>E&#039; stata una settimana di novit\u00e0 per la Dierre Basketball - Radio Touring 104<\/title>\n<meta name=\"description\" content=\"Nonostante Ferragosto non si \u00e8 mai interrotta la campagna di rafforzamento del roster guidato da coach Inguaggiato\" \/>\n<meta name=\"robots\" content=\"index, follow, max-snippet:-1, max-image-preview:large, max-video-preview:-1\" \/>\n<link rel=\"canonical\" href=\"https:\/\/progettotouring.it\/radiotouring104\/2025\/08\/18\/e-stata-una-settimana-di-novita-per-la-dierre-basketball\/\" \/>\n<meta property=\"og:locale\" content=\"it_IT\" \/>\n<meta property=\"og:type\" content=\"article\" \/>\n<meta property=\"og:title\" content=\"E&#039; stata una settimana di novit\u00e0 per la Dierre Basketball - Radio Touring 104\" \/>\n<meta property=\"og:description\" content=\"Nonostante Ferragosto non si \u00e8 mai interrotta la campagna di rafforzamento del roster guidato da coach Inguaggiato\" \/>\n<meta property=\"og:url\" content=\"https:\/\/progettotouring.it\/radiotouring104\/2025\/08\/18\/e-stata-una-settimana-di-novita-per-la-dierre-basketball\/\" \/>\n<meta property=\"og:site_name\" content=\"Radio Touring 104\" \/>\n<meta property=\"article:published_time\" content=\"2025-08-18T13:54:24+00:00\" \/>\n<meta property=\"og:image\" content=\"https:\/\/progettotouring.it\/radiotouring104\/wp-content\/uploads\/sites\/6\/2025\/05\/dierre-alfa.jpg\" \/>\n\t<meta property=\"og:image:width\" content=\"1920\" \/>\n\t<meta property=\"og:image:height\" content=\"1080\" \/>\n\t<meta property=\"og:image:type\" content=\"image\/jpeg\" \/>\n<meta name=\"author\" content=\"S L\" \/>\n<meta name=\"twitter:card\" content=\"summary_large_image\" \/>\n<meta name=\"twitter:label1\" content=\"Scritto da\" \/>\n\t<meta name=\"twitter:data1\" content=\"S L\" \/>\n\t<meta name=\"twitter:label2\" content=\"Tempo di lettura stimato\" \/>\n\t<meta name=\"twitter:data2\" content=\"1 minuto\" \/>\n<script type=\"application\/ld+json\" class=\"yoast-schema-graph\">{\"@context\":\"https:\/\/schema.org\",\"@graph\":[{\"@type\":\"Article\",\"@id\":\"https:\/\/progettotouring.it\/radiotouring104\/2025\/08\/18\/e-stata-una-settimana-di-novita-per-la-dierre-basketball\/#article\",\"isPartOf\":{\"@id\":\"https:\/\/progettotouring.it\/radiotouring104\/2025\/08\/18\/e-stata-una-settimana-di-novita-per-la-dierre-basketball\/\"},\"author\":{\"name\":\"S L\",\"@id\":\"https:\/\/progettotouring.it\/radiotouring104\/#\/schema\/person\/b9f9c3730b0a78814c9b9f3bfc52c619\"},\"headline\":\"E&#8217; stata una settimana di novit\u00e0 per la Dierre Basketball\",\"datePublished\":\"2025-08-18T13:54:24+00:00\",\"mainEntityOfPage\":{\"@id\":\"https:\/\/progettotouring.it\/radiotouring104\/2025\/08\/18\/e-stata-una-settimana-di-novita-per-la-dierre-basketball\/\"},\"wordCount\":213,\"publisher\":{\"@id\":\"https:\/\/progettotouring.it\/radiotouring104\/#organization\"},\"image\":{\"@id\":\"https:\/\/progettotouring.it\/radiotouring104\/2025\/08\/18\/e-stata-una-settimana-di-novita-per-la-dierre-basketball\/#primaryimage\"},\"thumbnailUrl\":\"https:\/\/progettotouring.it\/radiotouring104\/wp-content\/uploads\/sites\/6\/2025\/05\/dierre-alfa.jpg\",\"articleSection\":[\"News\",\"Sport\"],\"inLanguage\":\"it-IT\"},{\"@type\":\"WebPage\",\"@id\":\"https:\/\/progettotouring.it\/radiotouring104\/2025\/08\/18\/e-stata-una-settimana-di-novita-per-la-dierre-basketball\/\",\"url\":\"https:\/\/progettotouring.it\/radiotouring104\/2025\/08\/18\/e-stata-una-settimana-di-novita-per-la-dierre-basketball\/\",\"name\":\"E' stata una settimana di novit\u00e0 per la Dierre Basketball - Radio Touring 104\",\"isPartOf\":{\"@id\":\"https:\/\/progettotouring.it\/radiotouring104\/#website\"},\"primaryImageOfPage\":{\"@id\":\"https:\/\/progettotouring.it\/radiotouring104\/2025\/08\/18\/e-stata-una-settimana-di-novita-per-la-dierre-basketball\/#primaryimage\"},\"image\":{\"@id\":\"https:\/\/progettotouring.it\/radiotouring104\/2025\/08\/18\/e-stata-una-settimana-di-novita-per-la-dierre-basketball\/#primaryimage\"},\"thumbnailUrl\":\"https:\/\/progettotouring.it\/radiotouring104\/wp-content\/uploads\/sites\/6\/2025\/05\/dierre-alfa.jpg\",\"datePublished\":\"2025-08-18T13:54:24+00:00\",\"description\":\"Nonostante Ferragosto non si \u00e8 mai interrotta la campagna di rafforzamento del roster guidato da coach Inguaggiato\",\"breadcrumb\":{\"@id\":\"https:\/\/progettotouring.it\/radiotouring104\/2025\/08\/18\/e-stata-una-settimana-di-novita-per-la-dierre-basketball\/#breadcrumb\"},\"inLanguage\":\"it-IT\",\"potentialAction\":[{\"@type\":\"ReadAction\",\"target\":[\"https:\/\/progettotouring.it\/radiotouring104\/2025\/08\/18\/e-stata-una-settimana-di-novita-per-la-dierre-basketball\/\"]}]},{\"@type\":\"ImageObject\",\"inLanguage\":\"it-IT\",\"@id\":\"https:\/\/progettotouring.it\/radiotouring104\/2025\/08\/18\/e-stata-una-settimana-di-novita-per-la-dierre-basketball\/#primaryimage\",\"url\":\"https:\/\/progettotouring.it\/radiotouring104\/wp-content\/uploads\/sites\/6\/2025\/05\/dierre-alfa.jpg\",\"contentUrl\":\"https:\/\/progettotouring.it\/radiotouring104\/wp-content\/uploads\/sites\/6\/2025\/05\/dierre-alfa.jpg\",\"width\":1920,\"height\":1080},{\"@type\":\"BreadcrumbList\",\"@id\":\"https:\/\/progettotouring.it\/radiotouring104\/2025\/08\/18\/e-stata-una-settimana-di-novita-per-la-dierre-basketball\/#breadcrumb\",\"itemListElement\":[{\"@type\":\"ListItem\",\"position\":1,\"name\":\"Home\",\"item\":\"https:\/\/progettotouring.it\/radiotouring104\/\"},{\"@type\":\"ListItem\",\"position\":2,\"name\":\"E&#8217; stata una settimana di novit\u00e0 per la Dierre Basketball\"}]},{\"@type\":\"WebSite\",\"@id\":\"https:\/\/progettotouring.it\/radiotouring104\/#website\",\"url\":\"https:\/\/progettotouring.it\/radiotouring104\/\",\"name\":\"Radio Touring 104\",\"description\":\"La prima radio Reggina\",\"publisher\":{\"@id\":\"https:\/\/progettotouring.it\/radiotouring104\/#organization\"},\"potentialAction\":[{\"@type\":\"SearchAction\",\"target\":{\"@type\":\"EntryPoint\",\"urlTemplate\":\"https:\/\/progettotouring.it\/radiotouring104\/?s={search_term_string}\"},\"query-input\":{\"@type\":\"PropertyValueSpecification\",\"valueRequired\":true,\"valueName\":\"search_term_string\"}}],\"inLanguage\":\"it-IT\"},{\"@type\":\"Organization\",\"@id\":\"https:\/\/progettotouring.it\/radiotouring104\/#organization\",\"name\":\"Radio Touring 104\",\"url\":\"https:\/\/progettotouring.it\/radiotouring104\/\",\"logo\":{\"@type\":\"ImageObject\",\"inLanguage\":\"it-IT\",\"@id\":\"https:\/\/progettotouring.it\/radiotouring104\/#\/schema\/logo\/image\/\",\"url\":\"https:\/\/progettotouring.it\/radiotouring104\/wp-content\/uploads\/sites\/6\/2022\/02\/cropped-logo-radio-touring-104.png\",\"contentUrl\":\"https:\/\/progettotouring.it\/radiotouring104\/wp-content\/uploads\/sites\/6\/2022\/02\/cropped-logo-radio-touring-104.png\",\"width\":377,\"height\":182,\"caption\":\"Radio Touring 104\"},\"image\":{\"@id\":\"https:\/\/progettotouring.it\/radiotouring104\/#\/schema\/logo\/image\/\"}},{\"@type\":\"Person\",\"@id\":\"https:\/\/progettotouring.it\/radiotouring104\/#\/schema\/person\/b9f9c3730b0a78814c9b9f3bfc52c619\",\"name\":\"S L\",\"image\":{\"@type\":\"ImageObject\",\"inLanguage\":\"it-IT\",\"@id\":\"https:\/\/secure.gravatar.com\/avatar\/652c51789d7030aaed9ff828331360502a68204fe6fb0831bc280515210e16d2?s=96&d=mm&r=g\",\"url\":\"https:\/\/secure.gravatar.com\/avatar\/652c51789d7030aaed9ff828331360502a68204fe6fb0831bc280515210e16d2?s=96&d=mm&r=g\",\"contentUrl\":\"https:\/\/secure.gravatar.com\/avatar\/652c51789d7030aaed9ff828331360502a68204fe6fb0831bc280515210e16d2?s=96&d=mm&r=g\",\"caption\":\"S L\"},\"url\":\"https:\/\/progettotouring.it\/radiotouring104\/author\/slibri\/\"}]}<\/script>\n<!-- \/ Yoast SEO plugin. -->","yoast_head_json":{"title":"E' stata una settimana di novit\u00e0 per la Dierre Basketball - Radio Touring 104","description":"Nonostante Ferragosto non si \u00e8 mai interrotta la campagna di rafforzamento del roster guidato da coach Inguaggiato","robots":{"index":"index","follow":"follow","max-snippet":"max-snippet:-1","max-image-preview":"max-image-preview:large","max-video-preview":"max-video-preview:-1"},"canonical":"https:\/\/progettotouring.it\/radiotouring104\/2025\/08\/18\/e-stata-una-settimana-di-novita-per-la-dierre-basketball\/","og_locale":"it_IT","og_type":"article","og_title":"E' stata una settimana di novit\u00e0 per la Dierre Basketball - Radio Touring 104","og_description":"Nonostante Ferragosto non si \u00e8 mai interrotta la campagna di rafforzamento del roster guidato da coach Inguaggiato","og_url":"https:\/\/progettotouring.it\/radiotouring104\/2025\/08\/18\/e-stata-una-settimana-di-novita-per-la-dierre-basketball\/","og_site_name":"Radio Touring 104","article_published_time":"2025-08-18T13:54:24+00:00","og_image":[{"width":1920,"height":1080,"url":"https:\/\/progettotouring.it\/radiotouring104\/wp-content\/uploads\/sites\/6\/2025\/05\/dierre-alfa.jpg","type":"image\/jpeg"}],"author":"S L","twitter_card":"summary_large_image","twitter_misc":{"Scritto da":"S L","Tempo di lettura stimato":"1 minuto"},"schema":{"@context":"https:\/\/schema.org","@graph":[{"@type":"Article","@id":"https:\/\/progettotouring.it\/radiotouring104\/2025\/08\/18\/e-stata-una-settimana-di-novita-per-la-dierre-basketball\/#article","isPartOf":{"@id":"https:\/\/progettotouring.it\/radiotouring104\/2025\/08\/18\/e-stata-una-settimana-di-novita-per-la-dierre-basketball\/"},"author":{"name":"S L","@id":"https:\/\/progettotouring.it\/radiotouring104\/#\/schema\/person\/b9f9c3730b0a78814c9b9f3bfc52c619"},"headline":"E&#8217; stata una settimana di novit\u00e0 per la Dierre Basketball","datePublished":"2025-08-18T13:54:24+00:00","mainEntityOfPage":{"@id":"https:\/\/progettotouring.it\/radiotouring104\/2025\/08\/18\/e-stata-una-settimana-di-novita-per-la-dierre-basketball\/"},"wordCount":213,"publisher":{"@id":"https:\/\/progettotouring.it\/radiotouring104\/#organization"},"image":{"@id":"https:\/\/progettotouring.it\/radiotouring104\/2025\/08\/18\/e-stata-una-settimana-di-novita-per-la-dierre-basketball\/#primaryimage"},"thumbnailUrl":"https:\/\/progettotouring.it\/radiotouring104\/wp-content\/uploads\/sites\/6\/2025\/05\/dierre-alfa.jpg","articleSection":["News","Sport"],"inLanguage":"it-IT"},{"@type":"WebPage","@id":"https:\/\/progettotouring.it\/radiotouring104\/2025\/08\/18\/e-stata-una-settimana-di-novita-per-la-dierre-basketball\/","url":"https:\/\/progettotouring.it\/radiotouring104\/2025\/08\/18\/e-stata-una-settimana-di-novita-per-la-dierre-basketball\/","name":"E' stata una settimana di novit\u00e0 per la Dierre Basketball - Radio Touring 104","isPartOf":{"@id":"https:\/\/progettotouring.it\/radiotouring104\/#website"},"primaryImageOfPage":{"@id":"https:\/\/progettotouring.it\/radiotouring104\/2025\/08\/18\/e-stata-una-settimana-di-novita-per-la-dierre-basketball\/#primaryimage"},"image":{"@id":"https:\/\/progettotouring.it\/radiotouring104\/2025\/08\/18\/e-stata-una-settimana-di-novita-per-la-dierre-basketball\/#primaryimage"},"thumbnailUrl":"https:\/\/progettotouring.it\/radiotouring104\/wp-content\/uploads\/sites\/6\/2025\/05\/dierre-alfa.jpg","datePublished":"2025-08-18T13:54:24+00:00","description":"Nonostante Ferragosto non si \u00e8 mai interrotta la campagna di rafforzamento del roster guidato da coach Inguaggiato","breadcrumb":{"@id":"https:\/\/progettotouring.it\/radiotouring104\/2025\/08\/18\/e-stata-una-settimana-di-novita-per-la-dierre-basketball\/#breadcrumb"},"inLanguage":"it-IT","potentialAction":[{"@type":"ReadAction","target":["https:\/\/progettotouring.it\/radiotouring104\/2025\/08\/18\/e-stata-una-settimana-di-novita-per-la-dierre-basketball\/"]}]},{"@type":"ImageObject","inLanguage":"it-IT","@id":"https:\/\/progettotouring.it\/radiotouring104\/2025\/08\/18\/e-stata-una-settimana-di-novita-per-la-dierre-basketball\/#primaryimage","url":"https:\/\/progettotouring.it\/radiotouring104\/wp-content\/uploads\/sites\/6\/2025\/05\/dierre-alfa.jpg","contentUrl":"https:\/\/progettotouring.it\/radiotouring104\/wp-content\/uploads\/sites\/6\/2025\/05\/dierre-alfa.jpg","width":1920,"height":1080},{"@type":"BreadcrumbList","@id":"https:\/\/progettotouring.it\/radiotouring104\/2025\/08\/18\/e-stata-una-settimana-di-novita-per-la-dierre-basketball\/#breadcrumb","itemListElement":[{"@type":"ListItem","position":1,"name":"Home","item":"https:\/\/progettotouring.it\/radiotouring104\/"},{"@type":"ListItem","position":2,"name":"E&#8217; stata una settimana di novit\u00e0 per la Dierre Basketball"}]},{"@type":"WebSite","@id":"https:\/\/progettotouring.it\/radiotouring104\/#website","url":"https:\/\/progettotouring.it\/radiotouring104\/","name":"Radio Touring 104","description":"La prima radio Reggina","publisher":{"@id":"https:\/\/progettotouring.it\/radiotouring104\/#organization"},"potentialAction":[{"@type":"SearchAction","target":{"@type":"EntryPoint","urlTemplate":"https:\/\/progettotouring.it\/radiotouring104\/?s={search_term_string}"},"query-input":{"@type":"PropertyValueSpecification","valueRequired":true,"valueName":"search_term_string"}}],"inLanguage":"it-IT"},{"@type":"Organization","@id":"https:\/\/progettotouring.it\/radiotouring104\/#organization","name":"Radio Touring 104","url":"https:\/\/progettotouring.it\/radiotouring104\/","logo":{"@type":"ImageObject","inLanguage":"it-IT","@id":"https:\/\/progettotouring.it\/radiotouring104\/#\/schema\/logo\/image\/","url":"https:\/\/progettotouring.it\/radiotouring104\/wp-content\/uploads\/sites\/6\/2022\/02\/cropped-logo-radio-touring-104.png","contentUrl":"https:\/\/progettotouring.it\/radiotouring104\/wp-content\/uploads\/sites\/6\/2022\/02\/cropped-logo-radio-touring-104.png","width":377,"height":182,"caption":"Radio Touring 104"},"image":{"@id":"https:\/\/progettotouring.it\/radiotouring104\/#\/schema\/logo\/image\/"}},{"@type":"Person","@id":"https:\/\/progettotouring.it\/radiotouring104\/#\/schema\/person\/b9f9c3730b0a78814c9b9f3bfc52c619","name":"S L","image":{"@type":"ImageObject","inLanguage":"it-IT","@id":"https:\/\/secure.gravatar.com\/avatar\/652c51789d7030aaed9ff828331360502a68204fe6fb0831bc280515210e16d2?s=96&d=mm&r=g","url":"https:\/\/secure.gravatar.com\/avatar\/652c51789d7030aaed9ff828331360502a68204fe6fb0831bc280515210e16d2?s=96&d=mm&r=g","contentUrl":"https:\/\/secure.gravatar.com\/avatar\/652c51789d7030aaed9ff828331360502a68204fe6fb0831bc280515210e16d2?s=96&d=mm&r=g","caption":"S L"},"url":"https:\/\/progettotouring.it\/radiotouring104\/author\/slibri\/"}]}},"jetpack_publicize_connections":[],"jetpack_featured_media_url":"https:\/\/progettotouring.it\/radiotouring104\/wp-content\/uploads\/sites\/6\/2025\/05\/dierre-alfa.jpg","jetpack_sharing_enabled":true,"_links":{"self":[{"href":"https:\/\/progettotouring.it\/radiotouring104\/wp-json\/wp\/v2\/posts\/79834","targetHints":{"allow":["GET"]}}],"collection":[{"href":"https:\/\/progettotouring.it\/radiotouring104\/wp-json\/wp\/v2\/posts"}],"about":[{"href":"https:\/\/progettotouring.it\/radiotouring104\/wp-json\/wp\/v2\/types\/post"}],"author":[{"embeddable":true,"href":"https:\/\/progettotouring.it\/radiotouring104\/wp-json\/wp\/v2\/users\/19"}],"replies":[{"embeddable":true,"href":"https:\/\/progettotouring.it\/radiotouring104\/wp-json\/wp\/v2\/comments?post=79834"}],"version-history":[{"count":1,"href":"https:\/\/progettotouring.it\/radiotouring104\/wp-json\/wp\/v2\/posts\/79834\/revisions"}],"predecessor-version":[{"id":79841,"href":"https:\/\/progettotouring.it\/radiotouring104\/wp-json\/wp\/v2\/posts\/79834\/revisions\/79841"}],"wp:featuredmedia":[{"embeddable":true,"href":"https:\/\/progettotouring.it\/radiotouring104\/wp-json\/wp\/v2\/media\/74524"}],"wp:attachment":[{"href":"https:\/\/progettotouring.it\/radiotouring104\/wp-json\/wp\/v2\/media?parent=79834"}],"wp:term":[{"taxonomy":"category","embeddable":true,"href":"https:\/\/progettotouring.it\/radiotouring104\/wp-json\/wp\/v2\/categories?post=79834"},{"taxonomy":"post_tag","embeddable":true,"href":"https:\/\/progettotouring.it\/radiotouring104\/wp-json\/wp\/v2\/tags?post=79834"}],"curies":[{"name":"wp","href":"https:\/\/api.w.org\/{rel}","templated":true}]}}