{"id":79852,"date":"2025-08-18T16:40:09","date_gmt":"2025-08-18T14:40:09","guid":{"rendered":"https:\/\/progettotouring.it\/radiotouring104\/?p=79852"},"modified":"2025-08-18T16:40:09","modified_gmt":"2025-08-18T14:40:09","slug":"redel-reggio-calabria-ingaggiato-il-lungo-riccardo-agbortabi","status":"publish","type":"post","link":"https:\/\/progettotouring.it\/radiotouring104\/2025\/08\/18\/redel-reggio-calabria-ingaggiato-il-lungo-riccardo-agbortabi\/","title":{"rendered":"Redel Reggio Calabria, ingaggiato il lungo Riccardo Agbortabi"},"content":{"rendered":"<p>La Redel Reggio Calabria ha comunicato l\u2019ingaggio di Riccardo Agbortabi per la stagione sportiva 25\/26.<\/p>\n<p>Nato a San Don\u00e0 di Piave il 19 ottobre del 2000, il lungo veneto, 200 cm, inizia il suo percorso cestistico nel vivaio di Ponzano Basket per poi continuare nel settore giovanile della TVB Treviso.<\/p>\n<p>Nella scorsa stagione 24\/25, Agbortabi \u00e8 stato ingaggiato dalla Basket Academy Catanzaro contribuendo alla salvezza.<\/p>\n<p>Le sue prime parole in maglia neroarancio:<br \/>\n\u201c<em>Un grande saluto a tutti i tifosi della Viola Reggio Calabria! Per ora posso solo dirvi queste parole da lontano ma non vedo l\u2019ora di incontrarvi di persona e abbracciarvi tutti.<\/em><br \/>\n<em>Sono davvero felicissimo di entrare a far parte di questa societ\u00e0 storica e di una citt\u00e0 con una tradizione cos\u00ec importante come Reggio Calabria.<\/em><br \/>\n<em>So bene cosa rappresenta questa piazza, il suo valore e la sua passione: far\u00f2 di tutto per onorare questi colori e questa maglia.<\/em><br \/>\n<em>Non vedo l\u2019ora di iniziare la stagione insieme a voi\u2026 ci vediamo presto, forza Redel Viola!\u201d<\/em><\/p>\n<p>Il commento del DS Vincenzo Meduri all\u2019ingaggio di Riccardo: <em>\u201cRiccardo Agbortabi, nel suo percorso cestistico, si \u00e8 messo in evidenza per le \u00a0grandi doti atletiche e fisiche ma anche per la grande duttilit\u00e0 nel ricoprire \u00a0il ruolo di ala forte. Agbortabi \u00e8 un atleta esplosivo, che fa della fisicit\u00e0 la sua caratteristica identitaria. Rimbalzista provetto, tende ad emergere del centro del pitturato mettendosi a disposizione della squadra, facendo spazio agli esterni in entrata e contribuendo ad allentare la pressione difensiva sui tiratori. Le sue caratteristiche fanno di lui il giocatore che cercavamo per completare il roster a disposizione di Coach Cadeo\u201d.<\/em><\/p>\n<p>&nbsp;<\/p>\n","protected":false},"excerpt":{"rendered":"<p>La Redel Reggio Calabria ha comunicato l\u2019ingaggio di Riccardo Agbortabi per la stagione sportiva 25\/26. Nato a San Don\u00e0 di Piave il 19 ottobre del 2000, il lungo veneto, 200&hellip;<\/p>\n","protected":false},"author":19,"featured_media":79853,"comment_status":"closed","ping_status":"open","sticky":false,"template":"","format":"standard","meta":{"_jetpack_memberships_contains_paid_content":false,"footnotes":"","jetpack_publicize_message":"","jetpack_publicize_feature_enabled":true,"jetpack_social_post_already_shared":true,"jetpack_social_options":{"image_generator_settings":{"template":"highway","default_image_id":0,"font":"","enabled":false},"version":2}},"categories":[196,144],"tags":[],"class_list":["post-79852","post","type-post","status-publish","format-standard","has-post-thumbnail","hentry","category-news","category-sport"],"yoast_head":"<!-- This site is optimized with the Yoast SEO plugin v27.2 - https:\/\/yoast.com\/product\/yoast-seo-wordpress\/ -->\n<title>Redel Reggio Calabria, ingaggiato il lungo Riccardo Agbortabi - Radio Touring 104<\/title>\n<meta name=\"description\" content=\"Classe 2000, 200 cm, arriva dalla Basket Academy Catanzaro dove ha contribuito alla salvezza\" \/>\n<meta name=\"robots\" content=\"index, follow, max-snippet:-1, max-image-preview:large, max-video-preview:-1\" \/>\n<link rel=\"canonical\" href=\"https:\/\/progettotouring.it\/radiotouring104\/2025\/08\/18\/redel-reggio-calabria-ingaggiato-il-lungo-riccardo-agbortabi\/\" \/>\n<meta property=\"og:locale\" content=\"it_IT\" \/>\n<meta property=\"og:type\" content=\"article\" \/>\n<meta property=\"og:title\" content=\"Redel Reggio Calabria, ingaggiato il lungo Riccardo Agbortabi - Radio Touring 104\" \/>\n<meta property=\"og:description\" content=\"Classe 2000, 200 cm, arriva dalla Basket Academy Catanzaro dove ha contribuito alla salvezza\" \/>\n<meta property=\"og:url\" content=\"https:\/\/progettotouring.it\/radiotouring104\/2025\/08\/18\/redel-reggio-calabria-ingaggiato-il-lungo-riccardo-agbortabi\/\" \/>\n<meta property=\"og:site_name\" content=\"Radio Touring 104\" \/>\n<meta property=\"article:published_time\" content=\"2025-08-18T14:40:09+00:00\" \/>\n<meta property=\"og:image\" content=\"https:\/\/progettotouring.it\/radiotouring104\/wp-content\/uploads\/sites\/6\/2025\/08\/IMMAGINI-X-SITO-2025-08-18T163925.796.jpg\" \/>\n\t<meta property=\"og:image:width\" content=\"2000\" \/>\n\t<meta property=\"og:image:height\" content=\"1545\" \/>\n\t<meta property=\"og:image:type\" content=\"image\/jpeg\" \/>\n<meta name=\"author\" content=\"S L\" \/>\n<meta name=\"twitter:card\" content=\"summary_large_image\" \/>\n<meta name=\"twitter:label1\" content=\"Scritto da\" \/>\n\t<meta name=\"twitter:data1\" content=\"S L\" \/>\n\t<meta name=\"twitter:label2\" content=\"Tempo di lettura stimato\" \/>\n\t<meta name=\"twitter:data2\" content=\"1 minuto\" \/>\n<script type=\"application\/ld+json\" class=\"yoast-schema-graph\">{\"@context\":\"https:\/\/schema.org\",\"@graph\":[{\"@type\":\"Article\",\"@id\":\"https:\/\/progettotouring.it\/radiotouring104\/2025\/08\/18\/redel-reggio-calabria-ingaggiato-il-lungo-riccardo-agbortabi\/#article\",\"isPartOf\":{\"@id\":\"https:\/\/progettotouring.it\/radiotouring104\/2025\/08\/18\/redel-reggio-calabria-ingaggiato-il-lungo-riccardo-agbortabi\/\"},\"author\":{\"name\":\"S L\",\"@id\":\"https:\/\/progettotouring.it\/radiotouring104\/#\/schema\/person\/b9f9c3730b0a78814c9b9f3bfc52c619\"},\"headline\":\"Redel Reggio Calabria, ingaggiato il lungo Riccardo Agbortabi\",\"datePublished\":\"2025-08-18T14:40:09+00:00\",\"mainEntityOfPage\":{\"@id\":\"https:\/\/progettotouring.it\/radiotouring104\/2025\/08\/18\/redel-reggio-calabria-ingaggiato-il-lungo-riccardo-agbortabi\/\"},\"wordCount\":272,\"publisher\":{\"@id\":\"https:\/\/progettotouring.it\/radiotouring104\/#organization\"},\"image\":{\"@id\":\"https:\/\/progettotouring.it\/radiotouring104\/2025\/08\/18\/redel-reggio-calabria-ingaggiato-il-lungo-riccardo-agbortabi\/#primaryimage\"},\"thumbnailUrl\":\"https:\/\/progettotouring.it\/radiotouring104\/wp-content\/uploads\/sites\/6\/2025\/08\/IMMAGINI-X-SITO-2025-08-18T163925.796.jpg\",\"articleSection\":[\"News\",\"Sport\"],\"inLanguage\":\"it-IT\"},{\"@type\":\"WebPage\",\"@id\":\"https:\/\/progettotouring.it\/radiotouring104\/2025\/08\/18\/redel-reggio-calabria-ingaggiato-il-lungo-riccardo-agbortabi\/\",\"url\":\"https:\/\/progettotouring.it\/radiotouring104\/2025\/08\/18\/redel-reggio-calabria-ingaggiato-il-lungo-riccardo-agbortabi\/\",\"name\":\"Redel Reggio Calabria, ingaggiato il lungo Riccardo Agbortabi - Radio Touring 104\",\"isPartOf\":{\"@id\":\"https:\/\/progettotouring.it\/radiotouring104\/#website\"},\"primaryImageOfPage\":{\"@id\":\"https:\/\/progettotouring.it\/radiotouring104\/2025\/08\/18\/redel-reggio-calabria-ingaggiato-il-lungo-riccardo-agbortabi\/#primaryimage\"},\"image\":{\"@id\":\"https:\/\/progettotouring.it\/radiotouring104\/2025\/08\/18\/redel-reggio-calabria-ingaggiato-il-lungo-riccardo-agbortabi\/#primaryimage\"},\"thumbnailUrl\":\"https:\/\/progettotouring.it\/radiotouring104\/wp-content\/uploads\/sites\/6\/2025\/08\/IMMAGINI-X-SITO-2025-08-18T163925.796.jpg\",\"datePublished\":\"2025-08-18T14:40:09+00:00\",\"description\":\"Classe 2000, 200 cm, arriva dalla Basket Academy Catanzaro dove ha contribuito alla salvezza\",\"breadcrumb\":{\"@id\":\"https:\/\/progettotouring.it\/radiotouring104\/2025\/08\/18\/redel-reggio-calabria-ingaggiato-il-lungo-riccardo-agbortabi\/#breadcrumb\"},\"inLanguage\":\"it-IT\",\"potentialAction\":[{\"@type\":\"ReadAction\",\"target\":[\"https:\/\/progettotouring.it\/radiotouring104\/2025\/08\/18\/redel-reggio-calabria-ingaggiato-il-lungo-riccardo-agbortabi\/\"]}]},{\"@type\":\"ImageObject\",\"inLanguage\":\"it-IT\",\"@id\":\"https:\/\/progettotouring.it\/radiotouring104\/2025\/08\/18\/redel-reggio-calabria-ingaggiato-il-lungo-riccardo-agbortabi\/#primaryimage\",\"url\":\"https:\/\/progettotouring.it\/radiotouring104\/wp-content\/uploads\/sites\/6\/2025\/08\/IMMAGINI-X-SITO-2025-08-18T163925.796.jpg\",\"contentUrl\":\"https:\/\/progettotouring.it\/radiotouring104\/wp-content\/uploads\/sites\/6\/2025\/08\/IMMAGINI-X-SITO-2025-08-18T163925.796.jpg\",\"width\":2000,\"height\":1545},{\"@type\":\"BreadcrumbList\",\"@id\":\"https:\/\/progettotouring.it\/radiotouring104\/2025\/08\/18\/redel-reggio-calabria-ingaggiato-il-lungo-riccardo-agbortabi\/#breadcrumb\",\"itemListElement\":[{\"@type\":\"ListItem\",\"position\":1,\"name\":\"Home\",\"item\":\"https:\/\/progettotouring.it\/radiotouring104\/\"},{\"@type\":\"ListItem\",\"position\":2,\"name\":\"Redel Reggio Calabria, ingaggiato il lungo Riccardo Agbortabi\"}]},{\"@type\":\"WebSite\",\"@id\":\"https:\/\/progettotouring.it\/radiotouring104\/#website\",\"url\":\"https:\/\/progettotouring.it\/radiotouring104\/\",\"name\":\"Radio Touring 104\",\"description\":\"La prima radio Reggina\",\"publisher\":{\"@id\":\"https:\/\/progettotouring.it\/radiotouring104\/#organization\"},\"potentialAction\":[{\"@type\":\"SearchAction\",\"target\":{\"@type\":\"EntryPoint\",\"urlTemplate\":\"https:\/\/progettotouring.it\/radiotouring104\/?s={search_term_string}\"},\"query-input\":{\"@type\":\"PropertyValueSpecification\",\"valueRequired\":true,\"valueName\":\"search_term_string\"}}],\"inLanguage\":\"it-IT\"},{\"@type\":\"Organization\",\"@id\":\"https:\/\/progettotouring.it\/radiotouring104\/#organization\",\"name\":\"Radio Touring 104\",\"url\":\"https:\/\/progettotouring.it\/radiotouring104\/\",\"logo\":{\"@type\":\"ImageObject\",\"inLanguage\":\"it-IT\",\"@id\":\"https:\/\/progettotouring.it\/radiotouring104\/#\/schema\/logo\/image\/\",\"url\":\"https:\/\/progettotouring.it\/radiotouring104\/wp-content\/uploads\/sites\/6\/2022\/02\/cropped-logo-radio-touring-104.png\",\"contentUrl\":\"https:\/\/progettotouring.it\/radiotouring104\/wp-content\/uploads\/sites\/6\/2022\/02\/cropped-logo-radio-touring-104.png\",\"width\":377,\"height\":182,\"caption\":\"Radio Touring 104\"},\"image\":{\"@id\":\"https:\/\/progettotouring.it\/radiotouring104\/#\/schema\/logo\/image\/\"}},{\"@type\":\"Person\",\"@id\":\"https:\/\/progettotouring.it\/radiotouring104\/#\/schema\/person\/b9f9c3730b0a78814c9b9f3bfc52c619\",\"name\":\"S L\",\"image\":{\"@type\":\"ImageObject\",\"inLanguage\":\"it-IT\",\"@id\":\"https:\/\/secure.gravatar.com\/avatar\/652c51789d7030aaed9ff828331360502a68204fe6fb0831bc280515210e16d2?s=96&d=mm&r=g\",\"url\":\"https:\/\/secure.gravatar.com\/avatar\/652c51789d7030aaed9ff828331360502a68204fe6fb0831bc280515210e16d2?s=96&d=mm&r=g\",\"contentUrl\":\"https:\/\/secure.gravatar.com\/avatar\/652c51789d7030aaed9ff828331360502a68204fe6fb0831bc280515210e16d2?s=96&d=mm&r=g\",\"caption\":\"S L\"},\"url\":\"https:\/\/progettotouring.it\/radiotouring104\/author\/slibri\/\"}]}<\/script>\n<!-- \/ Yoast SEO plugin. -->","yoast_head_json":{"title":"Redel Reggio Calabria, ingaggiato il lungo Riccardo Agbortabi - Radio Touring 104","description":"Classe 2000, 200 cm, arriva dalla Basket Academy Catanzaro dove ha contribuito alla salvezza","robots":{"index":"index","follow":"follow","max-snippet":"max-snippet:-1","max-image-preview":"max-image-preview:large","max-video-preview":"max-video-preview:-1"},"canonical":"https:\/\/progettotouring.it\/radiotouring104\/2025\/08\/18\/redel-reggio-calabria-ingaggiato-il-lungo-riccardo-agbortabi\/","og_locale":"it_IT","og_type":"article","og_title":"Redel Reggio Calabria, ingaggiato il lungo Riccardo Agbortabi - Radio Touring 104","og_description":"Classe 2000, 200 cm, arriva dalla Basket Academy Catanzaro dove ha contribuito alla salvezza","og_url":"https:\/\/progettotouring.it\/radiotouring104\/2025\/08\/18\/redel-reggio-calabria-ingaggiato-il-lungo-riccardo-agbortabi\/","og_site_name":"Radio Touring 104","article_published_time":"2025-08-18T14:40:09+00:00","og_image":[{"width":2000,"height":1545,"url":"https:\/\/progettotouring.it\/radiotouring104\/wp-content\/uploads\/sites\/6\/2025\/08\/IMMAGINI-X-SITO-2025-08-18T163925.796.jpg","type":"image\/jpeg"}],"author":"S L","twitter_card":"summary_large_image","twitter_misc":{"Scritto da":"S L","Tempo di lettura stimato":"1 minuto"},"schema":{"@context":"https:\/\/schema.org","@graph":[{"@type":"Article","@id":"https:\/\/progettotouring.it\/radiotouring104\/2025\/08\/18\/redel-reggio-calabria-ingaggiato-il-lungo-riccardo-agbortabi\/#article","isPartOf":{"@id":"https:\/\/progettotouring.it\/radiotouring104\/2025\/08\/18\/redel-reggio-calabria-ingaggiato-il-lungo-riccardo-agbortabi\/"},"author":{"name":"S L","@id":"https:\/\/progettotouring.it\/radiotouring104\/#\/schema\/person\/b9f9c3730b0a78814c9b9f3bfc52c619"},"headline":"Redel Reggio Calabria, ingaggiato il lungo Riccardo Agbortabi","datePublished":"2025-08-18T14:40:09+00:00","mainEntityOfPage":{"@id":"https:\/\/progettotouring.it\/radiotouring104\/2025\/08\/18\/redel-reggio-calabria-ingaggiato-il-lungo-riccardo-agbortabi\/"},"wordCount":272,"publisher":{"@id":"https:\/\/progettotouring.it\/radiotouring104\/#organization"},"image":{"@id":"https:\/\/progettotouring.it\/radiotouring104\/2025\/08\/18\/redel-reggio-calabria-ingaggiato-il-lungo-riccardo-agbortabi\/#primaryimage"},"thumbnailUrl":"https:\/\/progettotouring.it\/radiotouring104\/wp-content\/uploads\/sites\/6\/2025\/08\/IMMAGINI-X-SITO-2025-08-18T163925.796.jpg","articleSection":["News","Sport"],"inLanguage":"it-IT"},{"@type":"WebPage","@id":"https:\/\/progettotouring.it\/radiotouring104\/2025\/08\/18\/redel-reggio-calabria-ingaggiato-il-lungo-riccardo-agbortabi\/","url":"https:\/\/progettotouring.it\/radiotouring104\/2025\/08\/18\/redel-reggio-calabria-ingaggiato-il-lungo-riccardo-agbortabi\/","name":"Redel Reggio Calabria, ingaggiato il lungo Riccardo Agbortabi - Radio Touring 104","isPartOf":{"@id":"https:\/\/progettotouring.it\/radiotouring104\/#website"},"primaryImageOfPage":{"@id":"https:\/\/progettotouring.it\/radiotouring104\/2025\/08\/18\/redel-reggio-calabria-ingaggiato-il-lungo-riccardo-agbortabi\/#primaryimage"},"image":{"@id":"https:\/\/progettotouring.it\/radiotouring104\/2025\/08\/18\/redel-reggio-calabria-ingaggiato-il-lungo-riccardo-agbortabi\/#primaryimage"},"thumbnailUrl":"https:\/\/progettotouring.it\/radiotouring104\/wp-content\/uploads\/sites\/6\/2025\/08\/IMMAGINI-X-SITO-2025-08-18T163925.796.jpg","datePublished":"2025-08-18T14:40:09+00:00","description":"Classe 2000, 200 cm, arriva dalla Basket Academy Catanzaro dove ha contribuito alla salvezza","breadcrumb":{"@id":"https:\/\/progettotouring.it\/radiotouring104\/2025\/08\/18\/redel-reggio-calabria-ingaggiato-il-lungo-riccardo-agbortabi\/#breadcrumb"},"inLanguage":"it-IT","potentialAction":[{"@type":"ReadAction","target":["https:\/\/progettotouring.it\/radiotouring104\/2025\/08\/18\/redel-reggio-calabria-ingaggiato-il-lungo-riccardo-agbortabi\/"]}]},{"@type":"ImageObject","inLanguage":"it-IT","@id":"https:\/\/progettotouring.it\/radiotouring104\/2025\/08\/18\/redel-reggio-calabria-ingaggiato-il-lungo-riccardo-agbortabi\/#primaryimage","url":"https:\/\/progettotouring.it\/radiotouring104\/wp-content\/uploads\/sites\/6\/2025\/08\/IMMAGINI-X-SITO-2025-08-18T163925.796.jpg","contentUrl":"https:\/\/progettotouring.it\/radiotouring104\/wp-content\/uploads\/sites\/6\/2025\/08\/IMMAGINI-X-SITO-2025-08-18T163925.796.jpg","width":2000,"height":1545},{"@type":"BreadcrumbList","@id":"https:\/\/progettotouring.it\/radiotouring104\/2025\/08\/18\/redel-reggio-calabria-ingaggiato-il-lungo-riccardo-agbortabi\/#breadcrumb","itemListElement":[{"@type":"ListItem","position":1,"name":"Home","item":"https:\/\/progettotouring.it\/radiotouring104\/"},{"@type":"ListItem","position":2,"name":"Redel Reggio Calabria, ingaggiato il lungo Riccardo Agbortabi"}]},{"@type":"WebSite","@id":"https:\/\/progettotouring.it\/radiotouring104\/#website","url":"https:\/\/progettotouring.it\/radiotouring104\/","name":"Radio Touring 104","description":"La prima radio Reggina","publisher":{"@id":"https:\/\/progettotouring.it\/radiotouring104\/#organization"},"potentialAction":[{"@type":"SearchAction","target":{"@type":"EntryPoint","urlTemplate":"https:\/\/progettotouring.it\/radiotouring104\/?s={search_term_string}"},"query-input":{"@type":"PropertyValueSpecification","valueRequired":true,"valueName":"search_term_string"}}],"inLanguage":"it-IT"},{"@type":"Organization","@id":"https:\/\/progettotouring.it\/radiotouring104\/#organization","name":"Radio Touring 104","url":"https:\/\/progettotouring.it\/radiotouring104\/","logo":{"@type":"ImageObject","inLanguage":"it-IT","@id":"https:\/\/progettotouring.it\/radiotouring104\/#\/schema\/logo\/image\/","url":"https:\/\/progettotouring.it\/radiotouring104\/wp-content\/uploads\/sites\/6\/2022\/02\/cropped-logo-radio-touring-104.png","contentUrl":"https:\/\/progettotouring.it\/radiotouring104\/wp-content\/uploads\/sites\/6\/2022\/02\/cropped-logo-radio-touring-104.png","width":377,"height":182,"caption":"Radio Touring 104"},"image":{"@id":"https:\/\/progettotouring.it\/radiotouring104\/#\/schema\/logo\/image\/"}},{"@type":"Person","@id":"https:\/\/progettotouring.it\/radiotouring104\/#\/schema\/person\/b9f9c3730b0a78814c9b9f3bfc52c619","name":"S L","image":{"@type":"ImageObject","inLanguage":"it-IT","@id":"https:\/\/secure.gravatar.com\/avatar\/652c51789d7030aaed9ff828331360502a68204fe6fb0831bc280515210e16d2?s=96&d=mm&r=g","url":"https:\/\/secure.gravatar.com\/avatar\/652c51789d7030aaed9ff828331360502a68204fe6fb0831bc280515210e16d2?s=96&d=mm&r=g","contentUrl":"https:\/\/secure.gravatar.com\/avatar\/652c51789d7030aaed9ff828331360502a68204fe6fb0831bc280515210e16d2?s=96&d=mm&r=g","caption":"S L"},"url":"https:\/\/progettotouring.it\/radiotouring104\/author\/slibri\/"}]}},"jetpack_publicize_connections":[],"jetpack_featured_media_url":"https:\/\/progettotouring.it\/radiotouring104\/wp-content\/uploads\/sites\/6\/2025\/08\/IMMAGINI-X-SITO-2025-08-18T163925.796.jpg","jetpack_sharing_enabled":true,"_links":{"self":[{"href":"https:\/\/progettotouring.it\/radiotouring104\/wp-json\/wp\/v2\/posts\/79852","targetHints":{"allow":["GET"]}}],"collection":[{"href":"https:\/\/progettotouring.it\/radiotouring104\/wp-json\/wp\/v2\/posts"}],"about":[{"href":"https:\/\/progettotouring.it\/radiotouring104\/wp-json\/wp\/v2\/types\/post"}],"author":[{"embeddable":true,"href":"https:\/\/progettotouring.it\/radiotouring104\/wp-json\/wp\/v2\/users\/19"}],"replies":[{"embeddable":true,"href":"https:\/\/progettotouring.it\/radiotouring104\/wp-json\/wp\/v2\/comments?post=79852"}],"version-history":[{"count":1,"href":"https:\/\/progettotouring.it\/radiotouring104\/wp-json\/wp\/v2\/posts\/79852\/revisions"}],"predecessor-version":[{"id":79854,"href":"https:\/\/progettotouring.it\/radiotouring104\/wp-json\/wp\/v2\/posts\/79852\/revisions\/79854"}],"wp:featuredmedia":[{"embeddable":true,"href":"https:\/\/progettotouring.it\/radiotouring104\/wp-json\/wp\/v2\/media\/79853"}],"wp:attachment":[{"href":"https:\/\/progettotouring.it\/radiotouring104\/wp-json\/wp\/v2\/media?parent=79852"}],"wp:term":[{"taxonomy":"category","embeddable":true,"href":"https:\/\/progettotouring.it\/radiotouring104\/wp-json\/wp\/v2\/categories?post=79852"},{"taxonomy":"post_tag","embeddable":true,"href":"https:\/\/progettotouring.it\/radiotouring104\/wp-json\/wp\/v2\/tags?post=79852"}],"curies":[{"name":"wp","href":"https:\/\/api.w.org\/{rel}","templated":true}]}}