{"id":79855,"date":"2025-08-18T16:46:05","date_gmt":"2025-08-18T14:46:05","guid":{"rendered":"https:\/\/progettotouring.it\/radiotouring104\/?p=79855"},"modified":"2025-08-18T16:46:05","modified_gmt":"2025-08-18T14:46:05","slug":"nucera-presidente-di-la-calabria-che-vogliamo-si-rivolge-al-ministro-salvini","status":"publish","type":"post","link":"https:\/\/progettotouring.it\/radiotouring104\/2025\/08\/18\/nucera-presidente-di-la-calabria-che-vogliamo-si-rivolge-al-ministro-salvini\/","title":{"rendered":"Nucera, presidente di \u2018La Calabria che vogliamo\u2019, si rivolge al Ministro Salvini"},"content":{"rendered":"<p>\u201c<em>L\u2019approvazione del progetto definitivo del Ponte sullo Stretto da parte del CIPESS segna una svolta storica per la Calabria e per l\u2019Italia. Un\u2019opera epocale, destinata a rivoluzionare il volto della nostra regione e renderla finalmente protagonista e non pi\u00f9 periferia dello sviluppo nazionale\u201d<\/em>.<\/p>\n<p>A dichiararlo \u00e8 Giuseppe Nucera, presidente del movimento \u201c<em>La Calabria che vogliamo\u201d<\/em> ed ex presidente di Confindustria Reggio Calabria, che accoglie con favore il via libera al collegamento stabile tra Sicilia e Calabria.<\/p>\n<p>\u201c<em>Il Ponte sullo Stretto sar\u00e0 un vanto per l\u2019ingegneria italiana e un riferimento per il mondo intero<\/em> \u2013 aggiunge Nucera\u2013, <em>coinvolger\u00e0 imprese, maestranze, professionisti. Per una volta la Calabria sar\u00e0 epicentro di un\u2019infrastruttura di rilevanza planetaria\u201d.<\/em><\/p>\n<p>Secondo Nucera, per\u00f2, questo \u00e8 anche il momento per guardare oltre, all\u2019interno di una visione strategica pi\u00f9 ampia sulle infrastrutture:<\/p>\n<p>\u201c<em>Oggi che si parla di Ponte, Alta Velocit\u00e0 e Statale 106, \u00e8 indispensabile inserire tra le opere collegate anche la Strada Bovalino-Bagnara. \u00c8 l\u2019unica speranza per rompere l\u2019isolamento di una vasta parte della provincia reggina, in particolare della fascia ionica, che continua a pagare il prezzo di collegamenti insufficienti\u201d<\/em>.<\/p>\n<p>L\u2019ex presidente di Confindustria Rc ribadisce che la Bovalino-Bagnara non \u00e8 un\u2019opera marginale, ma una direttrice strategica:<\/p>\n<p>\u201c<em>Garantirebbe una connessione reale tra le due coste, riducendo drasticamente i tempi di percorrenza e offrendo nuove opportunit\u00e0 economiche, turistiche e occupazionali ai comuni dell\u2019entroterra e della fascia costiera. Non si tratta di un capriccio, ma di un\u2019infrastruttura essenziale per contrastare lo spopolamento, rilanciare le imprese locali e valorizzare un territorio oggi dimenticato\u201d.<\/em><\/p>\n<p>Nucera rivolge un appello diretto al sindaco metropolitano Giuseppe Falcomat\u00e0 e al Ministro Matteo Salvini:<\/p>\n<p>\u201c<em>Chiedo al Sindaco di farsi portavoce, insieme ai primi cittadini dei Comuni interessati, di un\u2019azione concreta per far inserire la Bovalino-Bagnara tra le opere connesse al Ponte sullo Stretto. Servono determinazione e unit\u00e0: i sindaci possono e devono far sentire la loro voce. Il Ministro Salvini non sia solo l\u2019artefice del Ponte, ma anche di un\u2019altra infrastruttura decisiva per lo sviluppo di un vasto territorio<\/em>\u201d<\/p>\n<p>\u201c<em>Questa \u00e8 un\u2019occasione che non possiamo perdere<\/em> \u2013 conclude Nucera \u2013 <em>il Ponte cambier\u00e0 il destino della Calabria, ma senza collegamenti interni efficienti rischiamo di restare spettatori. \u00c8 il momento di agire, questo treno che rappresenta un\u2019occasione imperdibile, non passer\u00e0 nuovamente\u201d.<\/em><\/p>\n","protected":false},"excerpt":{"rendered":"<p>\u201cL\u2019approvazione del progetto definitivo del Ponte sullo Stretto da parte del CIPESS segna una svolta storica per la Calabria e per l\u2019Italia. Un\u2019opera epocale, destinata a rivoluzionare il volto della&hellip;<\/p>\n","protected":false},"author":19,"featured_media":40052,"comment_status":"closed","ping_status":"open","sticky":false,"template":"","format":"standard","meta":{"_jetpack_memberships_contains_paid_content":false,"footnotes":"","jetpack_publicize_message":"","jetpack_publicize_feature_enabled":true,"jetpack_social_post_already_shared":true,"jetpack_social_options":{"image_generator_settings":{"template":"highway","default_image_id":0,"font":"","enabled":false},"version":2}},"categories":[921,196,140],"tags":[],"class_list":["post-79855","post","type-post","status-publish","format-standard","has-post-thumbnail","hentry","category-home","category-news","category-reggio-calabria"],"yoast_head":"<!-- This site is optimized with the Yoast SEO plugin v27.2 - https:\/\/yoast.com\/product\/yoast-seo-wordpress\/ -->\n<title>Nucera, presidente di \u2018La Calabria che vogliamo\u2019, si rivolge al Ministro Salvini - Radio Touring 104<\/title>\n<meta name=\"description\" content=\"Opera epocale destinata a fare la storia. Bovalino-Bagnara tra le infrastrutture collegate\u201d\" \/>\n<meta name=\"robots\" content=\"index, follow, max-snippet:-1, max-image-preview:large, max-video-preview:-1\" \/>\n<link rel=\"canonical\" href=\"https:\/\/progettotouring.it\/radiotouring104\/2025\/08\/18\/nucera-presidente-di-la-calabria-che-vogliamo-si-rivolge-al-ministro-salvini\/\" \/>\n<meta property=\"og:locale\" content=\"it_IT\" \/>\n<meta property=\"og:type\" content=\"article\" \/>\n<meta property=\"og:title\" content=\"Nucera, presidente di \u2018La Calabria che vogliamo\u2019, si rivolge al Ministro Salvini - Radio Touring 104\" \/>\n<meta property=\"og:description\" content=\"Opera epocale destinata a fare la storia. Bovalino-Bagnara tra le infrastrutture collegate\u201d\" \/>\n<meta property=\"og:url\" content=\"https:\/\/progettotouring.it\/radiotouring104\/2025\/08\/18\/nucera-presidente-di-la-calabria-che-vogliamo-si-rivolge-al-ministro-salvini\/\" \/>\n<meta property=\"og:site_name\" content=\"Radio Touring 104\" \/>\n<meta property=\"article:published_time\" content=\"2025-08-18T14:46:05+00:00\" \/>\n<meta property=\"og:image\" content=\"https:\/\/progettotouring.it\/radiotouring104\/wp-content\/uploads\/sites\/6\/2023\/11\/GIUSEPPE-NUCERA-la-Calabria-che-vogliamo.webp\" \/>\n\t<meta property=\"og:image:width\" content=\"800\" \/>\n\t<meta property=\"og:image:height\" content=\"450\" \/>\n\t<meta property=\"og:image:type\" content=\"image\/webp\" \/>\n<meta name=\"author\" content=\"S L\" \/>\n<meta name=\"twitter:card\" content=\"summary_large_image\" \/>\n<meta name=\"twitter:label1\" content=\"Scritto da\" \/>\n\t<meta name=\"twitter:data1\" content=\"S L\" \/>\n\t<meta name=\"twitter:label2\" content=\"Tempo di lettura stimato\" \/>\n\t<meta name=\"twitter:data2\" content=\"2 minuti\" \/>\n<script type=\"application\/ld+json\" class=\"yoast-schema-graph\">{\"@context\":\"https:\/\/schema.org\",\"@graph\":[{\"@type\":\"Article\",\"@id\":\"https:\/\/progettotouring.it\/radiotouring104\/2025\/08\/18\/nucera-presidente-di-la-calabria-che-vogliamo-si-rivolge-al-ministro-salvini\/#article\",\"isPartOf\":{\"@id\":\"https:\/\/progettotouring.it\/radiotouring104\/2025\/08\/18\/nucera-presidente-di-la-calabria-che-vogliamo-si-rivolge-al-ministro-salvini\/\"},\"author\":{\"name\":\"S L\",\"@id\":\"https:\/\/progettotouring.it\/radiotouring104\/#\/schema\/person\/b9f9c3730b0a78814c9b9f3bfc52c619\"},\"headline\":\"Nucera, presidente di \u2018La Calabria che vogliamo\u2019, si rivolge al Ministro Salvini\",\"datePublished\":\"2025-08-18T14:46:05+00:00\",\"mainEntityOfPage\":{\"@id\":\"https:\/\/progettotouring.it\/radiotouring104\/2025\/08\/18\/nucera-presidente-di-la-calabria-che-vogliamo-si-rivolge-al-ministro-salvini\/\"},\"wordCount\":390,\"publisher\":{\"@id\":\"https:\/\/progettotouring.it\/radiotouring104\/#organization\"},\"image\":{\"@id\":\"https:\/\/progettotouring.it\/radiotouring104\/2025\/08\/18\/nucera-presidente-di-la-calabria-che-vogliamo-si-rivolge-al-ministro-salvini\/#primaryimage\"},\"thumbnailUrl\":\"https:\/\/progettotouring.it\/radiotouring104\/wp-content\/uploads\/sites\/6\/2023\/11\/GIUSEPPE-NUCERA-la-Calabria-che-vogliamo.webp\",\"articleSection\":[\"Home\",\"News\",\"Reggio Calabria\"],\"inLanguage\":\"it-IT\"},{\"@type\":\"WebPage\",\"@id\":\"https:\/\/progettotouring.it\/radiotouring104\/2025\/08\/18\/nucera-presidente-di-la-calabria-che-vogliamo-si-rivolge-al-ministro-salvini\/\",\"url\":\"https:\/\/progettotouring.it\/radiotouring104\/2025\/08\/18\/nucera-presidente-di-la-calabria-che-vogliamo-si-rivolge-al-ministro-salvini\/\",\"name\":\"Nucera, presidente di \u2018La Calabria che vogliamo\u2019, si rivolge al Ministro Salvini - Radio Touring 104\",\"isPartOf\":{\"@id\":\"https:\/\/progettotouring.it\/radiotouring104\/#website\"},\"primaryImageOfPage\":{\"@id\":\"https:\/\/progettotouring.it\/radiotouring104\/2025\/08\/18\/nucera-presidente-di-la-calabria-che-vogliamo-si-rivolge-al-ministro-salvini\/#primaryimage\"},\"image\":{\"@id\":\"https:\/\/progettotouring.it\/radiotouring104\/2025\/08\/18\/nucera-presidente-di-la-calabria-che-vogliamo-si-rivolge-al-ministro-salvini\/#primaryimage\"},\"thumbnailUrl\":\"https:\/\/progettotouring.it\/radiotouring104\/wp-content\/uploads\/sites\/6\/2023\/11\/GIUSEPPE-NUCERA-la-Calabria-che-vogliamo.webp\",\"datePublished\":\"2025-08-18T14:46:05+00:00\",\"description\":\"Opera epocale destinata a fare la storia. Bovalino-Bagnara tra le infrastrutture collegate\u201d\",\"breadcrumb\":{\"@id\":\"https:\/\/progettotouring.it\/radiotouring104\/2025\/08\/18\/nucera-presidente-di-la-calabria-che-vogliamo-si-rivolge-al-ministro-salvini\/#breadcrumb\"},\"inLanguage\":\"it-IT\",\"potentialAction\":[{\"@type\":\"ReadAction\",\"target\":[\"https:\/\/progettotouring.it\/radiotouring104\/2025\/08\/18\/nucera-presidente-di-la-calabria-che-vogliamo-si-rivolge-al-ministro-salvini\/\"]}]},{\"@type\":\"ImageObject\",\"inLanguage\":\"it-IT\",\"@id\":\"https:\/\/progettotouring.it\/radiotouring104\/2025\/08\/18\/nucera-presidente-di-la-calabria-che-vogliamo-si-rivolge-al-ministro-salvini\/#primaryimage\",\"url\":\"https:\/\/progettotouring.it\/radiotouring104\/wp-content\/uploads\/sites\/6\/2023\/11\/GIUSEPPE-NUCERA-la-Calabria-che-vogliamo.webp\",\"contentUrl\":\"https:\/\/progettotouring.it\/radiotouring104\/wp-content\/uploads\/sites\/6\/2023\/11\/GIUSEPPE-NUCERA-la-Calabria-che-vogliamo.webp\",\"width\":800,\"height\":450},{\"@type\":\"BreadcrumbList\",\"@id\":\"https:\/\/progettotouring.it\/radiotouring104\/2025\/08\/18\/nucera-presidente-di-la-calabria-che-vogliamo-si-rivolge-al-ministro-salvini\/#breadcrumb\",\"itemListElement\":[{\"@type\":\"ListItem\",\"position\":1,\"name\":\"Home\",\"item\":\"https:\/\/progettotouring.it\/radiotouring104\/\"},{\"@type\":\"ListItem\",\"position\":2,\"name\":\"Nucera, presidente di \u2018La Calabria che vogliamo\u2019, si rivolge al Ministro Salvini\"}]},{\"@type\":\"WebSite\",\"@id\":\"https:\/\/progettotouring.it\/radiotouring104\/#website\",\"url\":\"https:\/\/progettotouring.it\/radiotouring104\/\",\"name\":\"Radio Touring 104\",\"description\":\"La prima radio Reggina\",\"publisher\":{\"@id\":\"https:\/\/progettotouring.it\/radiotouring104\/#organization\"},\"potentialAction\":[{\"@type\":\"SearchAction\",\"target\":{\"@type\":\"EntryPoint\",\"urlTemplate\":\"https:\/\/progettotouring.it\/radiotouring104\/?s={search_term_string}\"},\"query-input\":{\"@type\":\"PropertyValueSpecification\",\"valueRequired\":true,\"valueName\":\"search_term_string\"}}],\"inLanguage\":\"it-IT\"},{\"@type\":\"Organization\",\"@id\":\"https:\/\/progettotouring.it\/radiotouring104\/#organization\",\"name\":\"Radio Touring 104\",\"url\":\"https:\/\/progettotouring.it\/radiotouring104\/\",\"logo\":{\"@type\":\"ImageObject\",\"inLanguage\":\"it-IT\",\"@id\":\"https:\/\/progettotouring.it\/radiotouring104\/#\/schema\/logo\/image\/\",\"url\":\"https:\/\/progettotouring.it\/radiotouring104\/wp-content\/uploads\/sites\/6\/2022\/02\/cropped-logo-radio-touring-104.png\",\"contentUrl\":\"https:\/\/progettotouring.it\/radiotouring104\/wp-content\/uploads\/sites\/6\/2022\/02\/cropped-logo-radio-touring-104.png\",\"width\":377,\"height\":182,\"caption\":\"Radio Touring 104\"},\"image\":{\"@id\":\"https:\/\/progettotouring.it\/radiotouring104\/#\/schema\/logo\/image\/\"}},{\"@type\":\"Person\",\"@id\":\"https:\/\/progettotouring.it\/radiotouring104\/#\/schema\/person\/b9f9c3730b0a78814c9b9f3bfc52c619\",\"name\":\"S L\",\"image\":{\"@type\":\"ImageObject\",\"inLanguage\":\"it-IT\",\"@id\":\"https:\/\/secure.gravatar.com\/avatar\/652c51789d7030aaed9ff828331360502a68204fe6fb0831bc280515210e16d2?s=96&d=mm&r=g\",\"url\":\"https:\/\/secure.gravatar.com\/avatar\/652c51789d7030aaed9ff828331360502a68204fe6fb0831bc280515210e16d2?s=96&d=mm&r=g\",\"contentUrl\":\"https:\/\/secure.gravatar.com\/avatar\/652c51789d7030aaed9ff828331360502a68204fe6fb0831bc280515210e16d2?s=96&d=mm&r=g\",\"caption\":\"S L\"},\"url\":\"https:\/\/progettotouring.it\/radiotouring104\/author\/slibri\/\"}]}<\/script>\n<!-- \/ Yoast SEO plugin. -->","yoast_head_json":{"title":"Nucera, presidente di \u2018La Calabria che vogliamo\u2019, si rivolge al Ministro Salvini - Radio Touring 104","description":"Opera epocale destinata a fare la storia. Bovalino-Bagnara tra le infrastrutture collegate\u201d","robots":{"index":"index","follow":"follow","max-snippet":"max-snippet:-1","max-image-preview":"max-image-preview:large","max-video-preview":"max-video-preview:-1"},"canonical":"https:\/\/progettotouring.it\/radiotouring104\/2025\/08\/18\/nucera-presidente-di-la-calabria-che-vogliamo-si-rivolge-al-ministro-salvini\/","og_locale":"it_IT","og_type":"article","og_title":"Nucera, presidente di \u2018La Calabria che vogliamo\u2019, si rivolge al Ministro Salvini - Radio Touring 104","og_description":"Opera epocale destinata a fare la storia. Bovalino-Bagnara tra le infrastrutture collegate\u201d","og_url":"https:\/\/progettotouring.it\/radiotouring104\/2025\/08\/18\/nucera-presidente-di-la-calabria-che-vogliamo-si-rivolge-al-ministro-salvini\/","og_site_name":"Radio Touring 104","article_published_time":"2025-08-18T14:46:05+00:00","og_image":[{"width":800,"height":450,"url":"https:\/\/progettotouring.it\/radiotouring104\/wp-content\/uploads\/sites\/6\/2023\/11\/GIUSEPPE-NUCERA-la-Calabria-che-vogliamo.webp","type":"image\/webp"}],"author":"S L","twitter_card":"summary_large_image","twitter_misc":{"Scritto da":"S L","Tempo di lettura stimato":"2 minuti"},"schema":{"@context":"https:\/\/schema.org","@graph":[{"@type":"Article","@id":"https:\/\/progettotouring.it\/radiotouring104\/2025\/08\/18\/nucera-presidente-di-la-calabria-che-vogliamo-si-rivolge-al-ministro-salvini\/#article","isPartOf":{"@id":"https:\/\/progettotouring.it\/radiotouring104\/2025\/08\/18\/nucera-presidente-di-la-calabria-che-vogliamo-si-rivolge-al-ministro-salvini\/"},"author":{"name":"S L","@id":"https:\/\/progettotouring.it\/radiotouring104\/#\/schema\/person\/b9f9c3730b0a78814c9b9f3bfc52c619"},"headline":"Nucera, presidente di \u2018La Calabria che vogliamo\u2019, si rivolge al Ministro Salvini","datePublished":"2025-08-18T14:46:05+00:00","mainEntityOfPage":{"@id":"https:\/\/progettotouring.it\/radiotouring104\/2025\/08\/18\/nucera-presidente-di-la-calabria-che-vogliamo-si-rivolge-al-ministro-salvini\/"},"wordCount":390,"publisher":{"@id":"https:\/\/progettotouring.it\/radiotouring104\/#organization"},"image":{"@id":"https:\/\/progettotouring.it\/radiotouring104\/2025\/08\/18\/nucera-presidente-di-la-calabria-che-vogliamo-si-rivolge-al-ministro-salvini\/#primaryimage"},"thumbnailUrl":"https:\/\/progettotouring.it\/radiotouring104\/wp-content\/uploads\/sites\/6\/2023\/11\/GIUSEPPE-NUCERA-la-Calabria-che-vogliamo.webp","articleSection":["Home","News","Reggio Calabria"],"inLanguage":"it-IT"},{"@type":"WebPage","@id":"https:\/\/progettotouring.it\/radiotouring104\/2025\/08\/18\/nucera-presidente-di-la-calabria-che-vogliamo-si-rivolge-al-ministro-salvini\/","url":"https:\/\/progettotouring.it\/radiotouring104\/2025\/08\/18\/nucera-presidente-di-la-calabria-che-vogliamo-si-rivolge-al-ministro-salvini\/","name":"Nucera, presidente di \u2018La Calabria che vogliamo\u2019, si rivolge al Ministro Salvini - Radio Touring 104","isPartOf":{"@id":"https:\/\/progettotouring.it\/radiotouring104\/#website"},"primaryImageOfPage":{"@id":"https:\/\/progettotouring.it\/radiotouring104\/2025\/08\/18\/nucera-presidente-di-la-calabria-che-vogliamo-si-rivolge-al-ministro-salvini\/#primaryimage"},"image":{"@id":"https:\/\/progettotouring.it\/radiotouring104\/2025\/08\/18\/nucera-presidente-di-la-calabria-che-vogliamo-si-rivolge-al-ministro-salvini\/#primaryimage"},"thumbnailUrl":"https:\/\/progettotouring.it\/radiotouring104\/wp-content\/uploads\/sites\/6\/2023\/11\/GIUSEPPE-NUCERA-la-Calabria-che-vogliamo.webp","datePublished":"2025-08-18T14:46:05+00:00","description":"Opera epocale destinata a fare la storia. Bovalino-Bagnara tra le infrastrutture collegate\u201d","breadcrumb":{"@id":"https:\/\/progettotouring.it\/radiotouring104\/2025\/08\/18\/nucera-presidente-di-la-calabria-che-vogliamo-si-rivolge-al-ministro-salvini\/#breadcrumb"},"inLanguage":"it-IT","potentialAction":[{"@type":"ReadAction","target":["https:\/\/progettotouring.it\/radiotouring104\/2025\/08\/18\/nucera-presidente-di-la-calabria-che-vogliamo-si-rivolge-al-ministro-salvini\/"]}]},{"@type":"ImageObject","inLanguage":"it-IT","@id":"https:\/\/progettotouring.it\/radiotouring104\/2025\/08\/18\/nucera-presidente-di-la-calabria-che-vogliamo-si-rivolge-al-ministro-salvini\/#primaryimage","url":"https:\/\/progettotouring.it\/radiotouring104\/wp-content\/uploads\/sites\/6\/2023\/11\/GIUSEPPE-NUCERA-la-Calabria-che-vogliamo.webp","contentUrl":"https:\/\/progettotouring.it\/radiotouring104\/wp-content\/uploads\/sites\/6\/2023\/11\/GIUSEPPE-NUCERA-la-Calabria-che-vogliamo.webp","width":800,"height":450},{"@type":"BreadcrumbList","@id":"https:\/\/progettotouring.it\/radiotouring104\/2025\/08\/18\/nucera-presidente-di-la-calabria-che-vogliamo-si-rivolge-al-ministro-salvini\/#breadcrumb","itemListElement":[{"@type":"ListItem","position":1,"name":"Home","item":"https:\/\/progettotouring.it\/radiotouring104\/"},{"@type":"ListItem","position":2,"name":"Nucera, presidente di \u2018La Calabria che vogliamo\u2019, si rivolge al Ministro Salvini"}]},{"@type":"WebSite","@id":"https:\/\/progettotouring.it\/radiotouring104\/#website","url":"https:\/\/progettotouring.it\/radiotouring104\/","name":"Radio Touring 104","description":"La prima radio Reggina","publisher":{"@id":"https:\/\/progettotouring.it\/radiotouring104\/#organization"},"potentialAction":[{"@type":"SearchAction","target":{"@type":"EntryPoint","urlTemplate":"https:\/\/progettotouring.it\/radiotouring104\/?s={search_term_string}"},"query-input":{"@type":"PropertyValueSpecification","valueRequired":true,"valueName":"search_term_string"}}],"inLanguage":"it-IT"},{"@type":"Organization","@id":"https:\/\/progettotouring.it\/radiotouring104\/#organization","name":"Radio Touring 104","url":"https:\/\/progettotouring.it\/radiotouring104\/","logo":{"@type":"ImageObject","inLanguage":"it-IT","@id":"https:\/\/progettotouring.it\/radiotouring104\/#\/schema\/logo\/image\/","url":"https:\/\/progettotouring.it\/radiotouring104\/wp-content\/uploads\/sites\/6\/2022\/02\/cropped-logo-radio-touring-104.png","contentUrl":"https:\/\/progettotouring.it\/radiotouring104\/wp-content\/uploads\/sites\/6\/2022\/02\/cropped-logo-radio-touring-104.png","width":377,"height":182,"caption":"Radio Touring 104"},"image":{"@id":"https:\/\/progettotouring.it\/radiotouring104\/#\/schema\/logo\/image\/"}},{"@type":"Person","@id":"https:\/\/progettotouring.it\/radiotouring104\/#\/schema\/person\/b9f9c3730b0a78814c9b9f3bfc52c619","name":"S L","image":{"@type":"ImageObject","inLanguage":"it-IT","@id":"https:\/\/secure.gravatar.com\/avatar\/652c51789d7030aaed9ff828331360502a68204fe6fb0831bc280515210e16d2?s=96&d=mm&r=g","url":"https:\/\/secure.gravatar.com\/avatar\/652c51789d7030aaed9ff828331360502a68204fe6fb0831bc280515210e16d2?s=96&d=mm&r=g","contentUrl":"https:\/\/secure.gravatar.com\/avatar\/652c51789d7030aaed9ff828331360502a68204fe6fb0831bc280515210e16d2?s=96&d=mm&r=g","caption":"S L"},"url":"https:\/\/progettotouring.it\/radiotouring104\/author\/slibri\/"}]}},"jetpack_publicize_connections":[],"jetpack_featured_media_url":"https:\/\/progettotouring.it\/radiotouring104\/wp-content\/uploads\/sites\/6\/2023\/11\/GIUSEPPE-NUCERA-la-Calabria-che-vogliamo.webp","jetpack_sharing_enabled":true,"_links":{"self":[{"href":"https:\/\/progettotouring.it\/radiotouring104\/wp-json\/wp\/v2\/posts\/79855","targetHints":{"allow":["GET"]}}],"collection":[{"href":"https:\/\/progettotouring.it\/radiotouring104\/wp-json\/wp\/v2\/posts"}],"about":[{"href":"https:\/\/progettotouring.it\/radiotouring104\/wp-json\/wp\/v2\/types\/post"}],"author":[{"embeddable":true,"href":"https:\/\/progettotouring.it\/radiotouring104\/wp-json\/wp\/v2\/users\/19"}],"replies":[{"embeddable":true,"href":"https:\/\/progettotouring.it\/radiotouring104\/wp-json\/wp\/v2\/comments?post=79855"}],"version-history":[{"count":1,"href":"https:\/\/progettotouring.it\/radiotouring104\/wp-json\/wp\/v2\/posts\/79855\/revisions"}],"predecessor-version":[{"id":79856,"href":"https:\/\/progettotouring.it\/radiotouring104\/wp-json\/wp\/v2\/posts\/79855\/revisions\/79856"}],"wp:featuredmedia":[{"embeddable":true,"href":"https:\/\/progettotouring.it\/radiotouring104\/wp-json\/wp\/v2\/media\/40052"}],"wp:attachment":[{"href":"https:\/\/progettotouring.it\/radiotouring104\/wp-json\/wp\/v2\/media?parent=79855"}],"wp:term":[{"taxonomy":"category","embeddable":true,"href":"https:\/\/progettotouring.it\/radiotouring104\/wp-json\/wp\/v2\/categories?post=79855"},{"taxonomy":"post_tag","embeddable":true,"href":"https:\/\/progettotouring.it\/radiotouring104\/wp-json\/wp\/v2\/tags?post=79855"}],"curies":[{"name":"wp","href":"https:\/\/api.w.org\/{rel}","templated":true}]}}