{"id":79890,"date":"2025-08-19T21:17:03","date_gmt":"2025-08-19T19:17:03","guid":{"rendered":"https:\/\/progettotouring.it\/radiotouring104\/?p=79890"},"modified":"2025-08-19T21:17:03","modified_gmt":"2025-08-19T19:17:03","slug":"associazione-rinascita-comune-conferenza-stampa-di-presentazione-del-progetto-politico-culturale","status":"publish","type":"post","link":"https:\/\/progettotouring.it\/radiotouring104\/2025\/08\/19\/associazione-rinascita-comune-conferenza-stampa-di-presentazione-del-progetto-politico-culturale\/","title":{"rendered":"Associazione Rinascita Comune: conferenza stampa di presentazione del progetto politico-culturale"},"content":{"rendered":"<div dir=\"auto\">Il 18 agosto si \u00e8 svolta a Reggio la conferenza stampa di presentazione del sostegno dell\u2019associazione politico-culturale Rinascita Comune alla candidatura di Giovanni Muraca alle prossime elezioni regionali.<\/div>\n<div dir=\"auto\"><\/div>\n<div dir=\"auto\">L\u2019incontro, moderato dal segretario Davide Grilletto, ha rappresentato il primo atto pubblico della campagna elettorale. \u201c<em>Insieme per costruire futuro<\/em> \u2013 ha dichiarato Grilletto \u2013<em> non \u00e8 solo uno slogan, ma la sintesi del nostro progetto: insieme perch\u00e9 vogliamo costruire una rete di territori e persone, costruire futuro perch\u00e9 crediamo nella visione e nella concretezza di Giovanni Muraca\u201d.<\/em><\/div>\n<div dir=\"auto\"><\/div>\n<div dir=\"auto\">Il vicepresidente Antonino Quartuccio ha ricordato l\u2019identit\u00e0 dell\u2019associazione: \u201cS<em>iamo nati per avvicinare i cittadini alla politica, con delegazioni territoriali che portano la voce delle comunit\u00e0 direttamente nel direttivo. Sosteniamo Giovanni Muraca perch\u00e9 rappresenta una politica del fare, libera e concreta, capace di dare risposte ai territori\u201d<\/em>.<\/div>\n<div dir=\"auto\"><\/div>\n<div dir=\"auto\">Numerosi delegati territoriali e amministratori locali, che si riconoscono nei valori dell&#8217;Associazione, sono intervenuti: Vincenzo Biondo di Cardeto, Dalila Oliva di San Ferdinando, Carmine Sgarlata consigliere comunale e vicepresidente del Consiglio di Scilla, Mimmo Barreca di Campo Calabro, Gianni Sarica Sindaco f.f. di Plat\u00ec, Claudio Saporito Consigliere Comunale di Bianco, Nino Ped\u00e0 di Motta San Giovanni, Santo Idone assessore di Campo Calabro, Santo Bongani Consigliere e Maria Ranieri Consiglieri Comunali a Reggio Calabria, Filippo Quartuccio Consigliere Comunale a Reggio Calabria e delegato alla Cultura della Citt\u00e0 Metropolitana di Reggio Calabria, portando il sostegno delle comunit\u00e0 di Cardeto, San Ferdinando, Campo Calabro, Melito Porto Salvo, Motta San Giovanni, Bagnara, Plat\u00ec, Scilla, Delianuova, Villa San Giovanni, Lazzaro e Reggio Calabria. Tutti hanno sottolineato i valori di coerenza, ascolto, legalit\u00e0 e concretezza incarnati da Muraca, ribadendo il suo impegno soprattutto in tema di sanit\u00e0 e difesa dei diritti dei cittadini.<\/div>\n<div dir=\"auto\"><\/div>\n<div dir=\"auto\">Il presidente Vincenzo Sacc\u00e0 ha sottolineato il ruolo e la missione dell\u2019associazione Rinascita Comune: un laboratorio politico-culturale nato per avvicinare i cittadini alla politica, creare partecipazione e dare voce ai territori attraverso le delegazioni locali.<\/div>\n<div dir=\"auto\"><\/div>\n<div dir=\"auto\">Secondo Sacc\u00e0, Muraca rappresenta al meglio lo spirito di Rinascita Comune: costruire futuro insieme, con una visione chiara e un forte legame con i territori.<\/div>\n<div dir=\"auto\"><\/div>\n<div dir=\"auto\"><\/div>\n<div dir=\"auto\">Nel suo intervento conclusivo, Giovanni Muraca ha ringraziato l\u2019associazione e i delegati territoriali per la fiducia:<\/div>\n<div dir=\"auto\"><em>\u201cIl sostegno che sento intorno a me non \u00e8 solo politico, ma umano. In questi venti mesi in Consiglio regionale ho cercato di rappresentare al meglio la nostra provincia, con battaglie sulla sanit\u00e0 e con un lavoro costante al fianco dei cittadini. La mia candidatura nasce dalla volont\u00e0 di continuare questo percorso con coerenza, seriet\u00e0 e passione. Costruire futuro significa pensare ai giovani, al lavoro, alla sanit\u00e0 e alle infrastrutture. Io ci credo, e so che insieme possiamo farcela. Prima di tutto, dei partiti o delle varie coalizioni ci sono i calabresi. E noi la battaglia qui la faremo per i calabresi\u201d.<\/em><\/div>\n<div dir=\"auto\"><\/div>\n<div dir=\"auto\">La conferenza si \u00e8 chiusa con l\u2019annuncio di nuove delegazioni territoriali di Rinascita Comune a Melicucc\u00e0 e Delianuova.<\/div>\n","protected":false},"excerpt":{"rendered":"<p>Il 18 agosto si \u00e8 svolta a Reggio la conferenza stampa di presentazione del sostegno dell\u2019associazione politico-culturale Rinascita Comune alla candidatura di Giovanni Muraca alle prossime elezioni regionali. L\u2019incontro, moderato&hellip;<\/p>\n","protected":false},"author":19,"featured_media":79891,"comment_status":"closed","ping_status":"open","sticky":false,"template":"","format":"standard","meta":{"_jetpack_memberships_contains_paid_content":false,"footnotes":"","jetpack_publicize_message":"","jetpack_publicize_feature_enabled":true,"jetpack_social_post_already_shared":true,"jetpack_social_options":{"image_generator_settings":{"template":"highway","default_image_id":0,"font":"","enabled":false},"version":2}},"categories":[921,196,195,140],"tags":[],"class_list":["post-79890","post","type-post","status-publish","format-standard","has-post-thumbnail","hentry","category-home","category-news","category-politica","category-reggio-calabria"],"yoast_head":"<!-- This site is optimized with the Yoast SEO plugin v27.2 - https:\/\/yoast.com\/product\/yoast-seo-wordpress\/ -->\n<title>Associazione Rinascita Comune: conferenza stampa di presentazione del progetto politico-culturale - Radio Touring 104<\/title>\n<meta name=\"description\" content=\"Nell&#039;incontro \u00e8 stato ribadito il sostegno alla candidatura di Giovanni Muraca alle prossime elezioni regionali\" \/>\n<meta name=\"robots\" content=\"index, follow, max-snippet:-1, max-image-preview:large, max-video-preview:-1\" \/>\n<link rel=\"canonical\" href=\"https:\/\/progettotouring.it\/radiotouring104\/2025\/08\/19\/associazione-rinascita-comune-conferenza-stampa-di-presentazione-del-progetto-politico-culturale\/\" \/>\n<meta property=\"og:locale\" content=\"it_IT\" \/>\n<meta property=\"og:type\" content=\"article\" \/>\n<meta property=\"og:title\" content=\"Associazione Rinascita Comune: conferenza stampa di presentazione del progetto politico-culturale - Radio Touring 104\" \/>\n<meta property=\"og:description\" content=\"Nell&#039;incontro \u00e8 stato ribadito il sostegno alla candidatura di Giovanni Muraca alle prossime elezioni regionali\" \/>\n<meta property=\"og:url\" content=\"https:\/\/progettotouring.it\/radiotouring104\/2025\/08\/19\/associazione-rinascita-comune-conferenza-stampa-di-presentazione-del-progetto-politico-culturale\/\" \/>\n<meta property=\"og:site_name\" content=\"Radio Touring 104\" \/>\n<meta property=\"article:published_time\" content=\"2025-08-19T19:17:03+00:00\" \/>\n<meta property=\"og:image\" content=\"https:\/\/progettotouring.it\/radiotouring104\/wp-content\/uploads\/sites\/6\/2025\/08\/IMMAGINI-X-SITO-2025-08-19T211526.912.jpg\" \/>\n\t<meta property=\"og:image:width\" content=\"2000\" \/>\n\t<meta property=\"og:image:height\" content=\"1545\" \/>\n\t<meta property=\"og:image:type\" content=\"image\/jpeg\" \/>\n<meta name=\"author\" content=\"S L\" \/>\n<meta name=\"twitter:card\" content=\"summary_large_image\" \/>\n<meta name=\"twitter:label1\" content=\"Scritto da\" \/>\n\t<meta name=\"twitter:data1\" content=\"S L\" \/>\n\t<meta name=\"twitter:label2\" content=\"Tempo di lettura stimato\" \/>\n\t<meta name=\"twitter:data2\" content=\"2 minuti\" \/>\n<script type=\"application\/ld+json\" class=\"yoast-schema-graph\">{\"@context\":\"https:\/\/schema.org\",\"@graph\":[{\"@type\":\"Article\",\"@id\":\"https:\/\/progettotouring.it\/radiotouring104\/2025\/08\/19\/associazione-rinascita-comune-conferenza-stampa-di-presentazione-del-progetto-politico-culturale\/#article\",\"isPartOf\":{\"@id\":\"https:\/\/progettotouring.it\/radiotouring104\/2025\/08\/19\/associazione-rinascita-comune-conferenza-stampa-di-presentazione-del-progetto-politico-culturale\/\"},\"author\":{\"name\":\"S L\",\"@id\":\"https:\/\/progettotouring.it\/radiotouring104\/#\/schema\/person\/b9f9c3730b0a78814c9b9f3bfc52c619\"},\"headline\":\"Associazione Rinascita Comune: conferenza stampa di presentazione del progetto politico-culturale\",\"datePublished\":\"2025-08-19T19:17:03+00:00\",\"mainEntityOfPage\":{\"@id\":\"https:\/\/progettotouring.it\/radiotouring104\/2025\/08\/19\/associazione-rinascita-comune-conferenza-stampa-di-presentazione-del-progetto-politico-culturale\/\"},\"wordCount\":485,\"publisher\":{\"@id\":\"https:\/\/progettotouring.it\/radiotouring104\/#organization\"},\"image\":{\"@id\":\"https:\/\/progettotouring.it\/radiotouring104\/2025\/08\/19\/associazione-rinascita-comune-conferenza-stampa-di-presentazione-del-progetto-politico-culturale\/#primaryimage\"},\"thumbnailUrl\":\"https:\/\/progettotouring.it\/radiotouring104\/wp-content\/uploads\/sites\/6\/2025\/08\/IMMAGINI-X-SITO-2025-08-19T211526.912.jpg\",\"articleSection\":[\"Home\",\"News\",\"Politica\",\"Reggio Calabria\"],\"inLanguage\":\"it-IT\"},{\"@type\":\"WebPage\",\"@id\":\"https:\/\/progettotouring.it\/radiotouring104\/2025\/08\/19\/associazione-rinascita-comune-conferenza-stampa-di-presentazione-del-progetto-politico-culturale\/\",\"url\":\"https:\/\/progettotouring.it\/radiotouring104\/2025\/08\/19\/associazione-rinascita-comune-conferenza-stampa-di-presentazione-del-progetto-politico-culturale\/\",\"name\":\"Associazione Rinascita Comune: conferenza stampa di presentazione del progetto politico-culturale - Radio Touring 104\",\"isPartOf\":{\"@id\":\"https:\/\/progettotouring.it\/radiotouring104\/#website\"},\"primaryImageOfPage\":{\"@id\":\"https:\/\/progettotouring.it\/radiotouring104\/2025\/08\/19\/associazione-rinascita-comune-conferenza-stampa-di-presentazione-del-progetto-politico-culturale\/#primaryimage\"},\"image\":{\"@id\":\"https:\/\/progettotouring.it\/radiotouring104\/2025\/08\/19\/associazione-rinascita-comune-conferenza-stampa-di-presentazione-del-progetto-politico-culturale\/#primaryimage\"},\"thumbnailUrl\":\"https:\/\/progettotouring.it\/radiotouring104\/wp-content\/uploads\/sites\/6\/2025\/08\/IMMAGINI-X-SITO-2025-08-19T211526.912.jpg\",\"datePublished\":\"2025-08-19T19:17:03+00:00\",\"description\":\"Nell'incontro \u00e8 stato ribadito il sostegno alla candidatura di Giovanni Muraca alle prossime elezioni regionali\",\"breadcrumb\":{\"@id\":\"https:\/\/progettotouring.it\/radiotouring104\/2025\/08\/19\/associazione-rinascita-comune-conferenza-stampa-di-presentazione-del-progetto-politico-culturale\/#breadcrumb\"},\"inLanguage\":\"it-IT\",\"potentialAction\":[{\"@type\":\"ReadAction\",\"target\":[\"https:\/\/progettotouring.it\/radiotouring104\/2025\/08\/19\/associazione-rinascita-comune-conferenza-stampa-di-presentazione-del-progetto-politico-culturale\/\"]}]},{\"@type\":\"ImageObject\",\"inLanguage\":\"it-IT\",\"@id\":\"https:\/\/progettotouring.it\/radiotouring104\/2025\/08\/19\/associazione-rinascita-comune-conferenza-stampa-di-presentazione-del-progetto-politico-culturale\/#primaryimage\",\"url\":\"https:\/\/progettotouring.it\/radiotouring104\/wp-content\/uploads\/sites\/6\/2025\/08\/IMMAGINI-X-SITO-2025-08-19T211526.912.jpg\",\"contentUrl\":\"https:\/\/progettotouring.it\/radiotouring104\/wp-content\/uploads\/sites\/6\/2025\/08\/IMMAGINI-X-SITO-2025-08-19T211526.912.jpg\",\"width\":2000,\"height\":1545},{\"@type\":\"BreadcrumbList\",\"@id\":\"https:\/\/progettotouring.it\/radiotouring104\/2025\/08\/19\/associazione-rinascita-comune-conferenza-stampa-di-presentazione-del-progetto-politico-culturale\/#breadcrumb\",\"itemListElement\":[{\"@type\":\"ListItem\",\"position\":1,\"name\":\"Home\",\"item\":\"https:\/\/progettotouring.it\/radiotouring104\/\"},{\"@type\":\"ListItem\",\"position\":2,\"name\":\"Associazione Rinascita Comune: conferenza stampa di presentazione del progetto politico-culturale\"}]},{\"@type\":\"WebSite\",\"@id\":\"https:\/\/progettotouring.it\/radiotouring104\/#website\",\"url\":\"https:\/\/progettotouring.it\/radiotouring104\/\",\"name\":\"Radio Touring 104\",\"description\":\"La prima radio Reggina\",\"publisher\":{\"@id\":\"https:\/\/progettotouring.it\/radiotouring104\/#organization\"},\"potentialAction\":[{\"@type\":\"SearchAction\",\"target\":{\"@type\":\"EntryPoint\",\"urlTemplate\":\"https:\/\/progettotouring.it\/radiotouring104\/?s={search_term_string}\"},\"query-input\":{\"@type\":\"PropertyValueSpecification\",\"valueRequired\":true,\"valueName\":\"search_term_string\"}}],\"inLanguage\":\"it-IT\"},{\"@type\":\"Organization\",\"@id\":\"https:\/\/progettotouring.it\/radiotouring104\/#organization\",\"name\":\"Radio Touring 104\",\"url\":\"https:\/\/progettotouring.it\/radiotouring104\/\",\"logo\":{\"@type\":\"ImageObject\",\"inLanguage\":\"it-IT\",\"@id\":\"https:\/\/progettotouring.it\/radiotouring104\/#\/schema\/logo\/image\/\",\"url\":\"https:\/\/progettotouring.it\/radiotouring104\/wp-content\/uploads\/sites\/6\/2022\/02\/cropped-logo-radio-touring-104.png\",\"contentUrl\":\"https:\/\/progettotouring.it\/radiotouring104\/wp-content\/uploads\/sites\/6\/2022\/02\/cropped-logo-radio-touring-104.png\",\"width\":377,\"height\":182,\"caption\":\"Radio Touring 104\"},\"image\":{\"@id\":\"https:\/\/progettotouring.it\/radiotouring104\/#\/schema\/logo\/image\/\"}},{\"@type\":\"Person\",\"@id\":\"https:\/\/progettotouring.it\/radiotouring104\/#\/schema\/person\/b9f9c3730b0a78814c9b9f3bfc52c619\",\"name\":\"S L\",\"image\":{\"@type\":\"ImageObject\",\"inLanguage\":\"it-IT\",\"@id\":\"https:\/\/secure.gravatar.com\/avatar\/652c51789d7030aaed9ff828331360502a68204fe6fb0831bc280515210e16d2?s=96&d=mm&r=g\",\"url\":\"https:\/\/secure.gravatar.com\/avatar\/652c51789d7030aaed9ff828331360502a68204fe6fb0831bc280515210e16d2?s=96&d=mm&r=g\",\"contentUrl\":\"https:\/\/secure.gravatar.com\/avatar\/652c51789d7030aaed9ff828331360502a68204fe6fb0831bc280515210e16d2?s=96&d=mm&r=g\",\"caption\":\"S L\"},\"url\":\"https:\/\/progettotouring.it\/radiotouring104\/author\/slibri\/\"}]}<\/script>\n<!-- \/ Yoast SEO plugin. -->","yoast_head_json":{"title":"Associazione Rinascita Comune: conferenza stampa di presentazione del progetto politico-culturale - Radio Touring 104","description":"Nell'incontro \u00e8 stato ribadito il sostegno alla candidatura di Giovanni Muraca alle prossime elezioni regionali","robots":{"index":"index","follow":"follow","max-snippet":"max-snippet:-1","max-image-preview":"max-image-preview:large","max-video-preview":"max-video-preview:-1"},"canonical":"https:\/\/progettotouring.it\/radiotouring104\/2025\/08\/19\/associazione-rinascita-comune-conferenza-stampa-di-presentazione-del-progetto-politico-culturale\/","og_locale":"it_IT","og_type":"article","og_title":"Associazione Rinascita Comune: conferenza stampa di presentazione del progetto politico-culturale - Radio Touring 104","og_description":"Nell'incontro \u00e8 stato ribadito il sostegno alla candidatura di Giovanni Muraca alle prossime elezioni regionali","og_url":"https:\/\/progettotouring.it\/radiotouring104\/2025\/08\/19\/associazione-rinascita-comune-conferenza-stampa-di-presentazione-del-progetto-politico-culturale\/","og_site_name":"Radio Touring 104","article_published_time":"2025-08-19T19:17:03+00:00","og_image":[{"width":2000,"height":1545,"url":"https:\/\/progettotouring.it\/radiotouring104\/wp-content\/uploads\/sites\/6\/2025\/08\/IMMAGINI-X-SITO-2025-08-19T211526.912.jpg","type":"image\/jpeg"}],"author":"S L","twitter_card":"summary_large_image","twitter_misc":{"Scritto da":"S L","Tempo di lettura stimato":"2 minuti"},"schema":{"@context":"https:\/\/schema.org","@graph":[{"@type":"Article","@id":"https:\/\/progettotouring.it\/radiotouring104\/2025\/08\/19\/associazione-rinascita-comune-conferenza-stampa-di-presentazione-del-progetto-politico-culturale\/#article","isPartOf":{"@id":"https:\/\/progettotouring.it\/radiotouring104\/2025\/08\/19\/associazione-rinascita-comune-conferenza-stampa-di-presentazione-del-progetto-politico-culturale\/"},"author":{"name":"S L","@id":"https:\/\/progettotouring.it\/radiotouring104\/#\/schema\/person\/b9f9c3730b0a78814c9b9f3bfc52c619"},"headline":"Associazione Rinascita Comune: conferenza stampa di presentazione del progetto politico-culturale","datePublished":"2025-08-19T19:17:03+00:00","mainEntityOfPage":{"@id":"https:\/\/progettotouring.it\/radiotouring104\/2025\/08\/19\/associazione-rinascita-comune-conferenza-stampa-di-presentazione-del-progetto-politico-culturale\/"},"wordCount":485,"publisher":{"@id":"https:\/\/progettotouring.it\/radiotouring104\/#organization"},"image":{"@id":"https:\/\/progettotouring.it\/radiotouring104\/2025\/08\/19\/associazione-rinascita-comune-conferenza-stampa-di-presentazione-del-progetto-politico-culturale\/#primaryimage"},"thumbnailUrl":"https:\/\/progettotouring.it\/radiotouring104\/wp-content\/uploads\/sites\/6\/2025\/08\/IMMAGINI-X-SITO-2025-08-19T211526.912.jpg","articleSection":["Home","News","Politica","Reggio Calabria"],"inLanguage":"it-IT"},{"@type":"WebPage","@id":"https:\/\/progettotouring.it\/radiotouring104\/2025\/08\/19\/associazione-rinascita-comune-conferenza-stampa-di-presentazione-del-progetto-politico-culturale\/","url":"https:\/\/progettotouring.it\/radiotouring104\/2025\/08\/19\/associazione-rinascita-comune-conferenza-stampa-di-presentazione-del-progetto-politico-culturale\/","name":"Associazione Rinascita Comune: conferenza stampa di presentazione del progetto politico-culturale - Radio Touring 104","isPartOf":{"@id":"https:\/\/progettotouring.it\/radiotouring104\/#website"},"primaryImageOfPage":{"@id":"https:\/\/progettotouring.it\/radiotouring104\/2025\/08\/19\/associazione-rinascita-comune-conferenza-stampa-di-presentazione-del-progetto-politico-culturale\/#primaryimage"},"image":{"@id":"https:\/\/progettotouring.it\/radiotouring104\/2025\/08\/19\/associazione-rinascita-comune-conferenza-stampa-di-presentazione-del-progetto-politico-culturale\/#primaryimage"},"thumbnailUrl":"https:\/\/progettotouring.it\/radiotouring104\/wp-content\/uploads\/sites\/6\/2025\/08\/IMMAGINI-X-SITO-2025-08-19T211526.912.jpg","datePublished":"2025-08-19T19:17:03+00:00","description":"Nell'incontro \u00e8 stato ribadito il sostegno alla candidatura di Giovanni Muraca alle prossime elezioni regionali","breadcrumb":{"@id":"https:\/\/progettotouring.it\/radiotouring104\/2025\/08\/19\/associazione-rinascita-comune-conferenza-stampa-di-presentazione-del-progetto-politico-culturale\/#breadcrumb"},"inLanguage":"it-IT","potentialAction":[{"@type":"ReadAction","target":["https:\/\/progettotouring.it\/radiotouring104\/2025\/08\/19\/associazione-rinascita-comune-conferenza-stampa-di-presentazione-del-progetto-politico-culturale\/"]}]},{"@type":"ImageObject","inLanguage":"it-IT","@id":"https:\/\/progettotouring.it\/radiotouring104\/2025\/08\/19\/associazione-rinascita-comune-conferenza-stampa-di-presentazione-del-progetto-politico-culturale\/#primaryimage","url":"https:\/\/progettotouring.it\/radiotouring104\/wp-content\/uploads\/sites\/6\/2025\/08\/IMMAGINI-X-SITO-2025-08-19T211526.912.jpg","contentUrl":"https:\/\/progettotouring.it\/radiotouring104\/wp-content\/uploads\/sites\/6\/2025\/08\/IMMAGINI-X-SITO-2025-08-19T211526.912.jpg","width":2000,"height":1545},{"@type":"BreadcrumbList","@id":"https:\/\/progettotouring.it\/radiotouring104\/2025\/08\/19\/associazione-rinascita-comune-conferenza-stampa-di-presentazione-del-progetto-politico-culturale\/#breadcrumb","itemListElement":[{"@type":"ListItem","position":1,"name":"Home","item":"https:\/\/progettotouring.it\/radiotouring104\/"},{"@type":"ListItem","position":2,"name":"Associazione Rinascita Comune: conferenza stampa di presentazione del progetto politico-culturale"}]},{"@type":"WebSite","@id":"https:\/\/progettotouring.it\/radiotouring104\/#website","url":"https:\/\/progettotouring.it\/radiotouring104\/","name":"Radio Touring 104","description":"La prima radio Reggina","publisher":{"@id":"https:\/\/progettotouring.it\/radiotouring104\/#organization"},"potentialAction":[{"@type":"SearchAction","target":{"@type":"EntryPoint","urlTemplate":"https:\/\/progettotouring.it\/radiotouring104\/?s={search_term_string}"},"query-input":{"@type":"PropertyValueSpecification","valueRequired":true,"valueName":"search_term_string"}}],"inLanguage":"it-IT"},{"@type":"Organization","@id":"https:\/\/progettotouring.it\/radiotouring104\/#organization","name":"Radio Touring 104","url":"https:\/\/progettotouring.it\/radiotouring104\/","logo":{"@type":"ImageObject","inLanguage":"it-IT","@id":"https:\/\/progettotouring.it\/radiotouring104\/#\/schema\/logo\/image\/","url":"https:\/\/progettotouring.it\/radiotouring104\/wp-content\/uploads\/sites\/6\/2022\/02\/cropped-logo-radio-touring-104.png","contentUrl":"https:\/\/progettotouring.it\/radiotouring104\/wp-content\/uploads\/sites\/6\/2022\/02\/cropped-logo-radio-touring-104.png","width":377,"height":182,"caption":"Radio Touring 104"},"image":{"@id":"https:\/\/progettotouring.it\/radiotouring104\/#\/schema\/logo\/image\/"}},{"@type":"Person","@id":"https:\/\/progettotouring.it\/radiotouring104\/#\/schema\/person\/b9f9c3730b0a78814c9b9f3bfc52c619","name":"S L","image":{"@type":"ImageObject","inLanguage":"it-IT","@id":"https:\/\/secure.gravatar.com\/avatar\/652c51789d7030aaed9ff828331360502a68204fe6fb0831bc280515210e16d2?s=96&d=mm&r=g","url":"https:\/\/secure.gravatar.com\/avatar\/652c51789d7030aaed9ff828331360502a68204fe6fb0831bc280515210e16d2?s=96&d=mm&r=g","contentUrl":"https:\/\/secure.gravatar.com\/avatar\/652c51789d7030aaed9ff828331360502a68204fe6fb0831bc280515210e16d2?s=96&d=mm&r=g","caption":"S L"},"url":"https:\/\/progettotouring.it\/radiotouring104\/author\/slibri\/"}]}},"jetpack_publicize_connections":[],"jetpack_featured_media_url":"https:\/\/progettotouring.it\/radiotouring104\/wp-content\/uploads\/sites\/6\/2025\/08\/IMMAGINI-X-SITO-2025-08-19T211526.912.jpg","jetpack_sharing_enabled":true,"_links":{"self":[{"href":"https:\/\/progettotouring.it\/radiotouring104\/wp-json\/wp\/v2\/posts\/79890","targetHints":{"allow":["GET"]}}],"collection":[{"href":"https:\/\/progettotouring.it\/radiotouring104\/wp-json\/wp\/v2\/posts"}],"about":[{"href":"https:\/\/progettotouring.it\/radiotouring104\/wp-json\/wp\/v2\/types\/post"}],"author":[{"embeddable":true,"href":"https:\/\/progettotouring.it\/radiotouring104\/wp-json\/wp\/v2\/users\/19"}],"replies":[{"embeddable":true,"href":"https:\/\/progettotouring.it\/radiotouring104\/wp-json\/wp\/v2\/comments?post=79890"}],"version-history":[{"count":2,"href":"https:\/\/progettotouring.it\/radiotouring104\/wp-json\/wp\/v2\/posts\/79890\/revisions"}],"predecessor-version":[{"id":79893,"href":"https:\/\/progettotouring.it\/radiotouring104\/wp-json\/wp\/v2\/posts\/79890\/revisions\/79893"}],"wp:featuredmedia":[{"embeddable":true,"href":"https:\/\/progettotouring.it\/radiotouring104\/wp-json\/wp\/v2\/media\/79891"}],"wp:attachment":[{"href":"https:\/\/progettotouring.it\/radiotouring104\/wp-json\/wp\/v2\/media?parent=79890"}],"wp:term":[{"taxonomy":"category","embeddable":true,"href":"https:\/\/progettotouring.it\/radiotouring104\/wp-json\/wp\/v2\/categories?post=79890"},{"taxonomy":"post_tag","embeddable":true,"href":"https:\/\/progettotouring.it\/radiotouring104\/wp-json\/wp\/v2\/tags?post=79890"}],"curies":[{"name":"wp","href":"https:\/\/api.w.org\/{rel}","templated":true}]}}