{"id":79894,"date":"2025-08-20T00:39:29","date_gmt":"2025-08-19T22:39:29","guid":{"rendered":"https:\/\/progettotouring.it\/radiotouring104\/?p=79894"},"modified":"2025-08-20T00:40:26","modified_gmt":"2025-08-19T22:40:26","slug":"redel-reggio-calabria-arrivata-lora-del-raduno","status":"publish","type":"post","link":"https:\/\/progettotouring.it\/radiotouring104\/2025\/08\/20\/redel-reggio-calabria-arrivata-lora-del-raduno\/","title":{"rendered":"Redel Reggio Calabria: arrivata l&#8217;ora del raduno"},"content":{"rendered":"<p>E\u2019 il giorno del raduno per la REDEL che ha dato il via alla pre season all\u2019inizio di questa terz\u2019ultima settimana di agosto.<br \/>\nLa formazione neroarancio comincer\u00e0 la stagione sotto gli ordini del confermato coach Giulio Cadeo; l\u2019ex allenatore di Varese \u00e9 pronto e carico in vista di un\u2019annata in cui si cercher\u00e0 un ulteriore salto di qualit\u00e0 sia con la prima squadra che per il settore giovanile.<br \/>\nIn questo senso sono entrati nei quadri tecnici due giovani tecnici come l\u2019ex Dierre Giuseppe Cotroneo e l\u2019ex Ruvo Vincenzo Lovino che saranno impegnati soprattutto con la prima squadra mentre Stefano Scarpa concentrer\u00e0 il suo raggio d\u2019azione verso le formazioni under assieme ai confermatissimi D\u2019Agostino, Calabrese e Favasuli.<br \/>\nPer quanto riguarda la squadra che disputer\u00e0 per il terzo anno la Serie B interregionale, sono rimasti dalla passata stagione tre atleti: Ani, Paulinus ed il capitano Fernandez ormai ristabilito dopo il grave infortunio dello scorso gennaio.<br \/>\nSono arrivati sette senior che garantiscono esperienza e solidit\u00e0:<br \/>\nLaquintana, Clark, Fiusco, Zampa, Marini, Maresca e l\u2019ultimo arrivato Agbortabi sono i volti nuovi di un roster costruito dal nuovo direttore sportivo Vincenzo Meduri e dal GM Fortunato Vita su indicazioni dello staff tecnico che ha voluto gente che conosce perfettamente questi tipi di campionati.<br \/>\nLa REDEL sar\u00e0 di nuovo lo sponsor sulle maglie mentre la My Energy ha rilevato la maggioranza delle quote societarie cedute dalla precedente propriet\u00e0 che ha fatto un grandissimo lavoro trascinata dal Sangiorgino d\u2019Oro Carmelo Lagan\u00e0.<br \/>\nC\u2019\u00e8 grande attesa ed entusiasmo in citt\u00e0 per questa nuova stagione in cui la societ\u00e0 neroarancio cercher\u00e0 di raggiungere tanti e prestigiosi obiettivi.<\/p>\n","protected":false},"excerpt":{"rendered":"<p>E\u2019 il giorno del raduno per la REDEL che ha dato il via alla pre season all\u2019inizio di questa terz\u2019ultima settimana di agosto. La formazione neroarancio comincer\u00e0 la stagione sotto&hellip;<\/p>\n","protected":false},"author":21,"featured_media":66477,"comment_status":"closed","ping_status":"open","sticky":false,"template":"","format":"standard","meta":{"_jetpack_memberships_contains_paid_content":false,"footnotes":"","jetpack_publicize_message":"","jetpack_publicize_feature_enabled":true,"jetpack_social_post_already_shared":true,"jetpack_social_options":{"image_generator_settings":{"template":"highway","default_image_id":0,"font":"","enabled":false},"version":2}},"categories":[196,144],"tags":[],"class_list":["post-79894","post","type-post","status-publish","format-standard","has-post-thumbnail","hentry","category-news","category-sport"],"yoast_head":"<!-- This site is optimized with the Yoast SEO plugin v27.2 - https:\/\/yoast.com\/product\/yoast-seo-wordpress\/ -->\n<title>Redel Reggio Calabria: arrivata l&#039;ora del raduno - Radio Touring 104<\/title>\n<meta name=\"description\" content=\"Agli ordini del coach Cadeo sono arrivati sette nuovi senior\" \/>\n<meta name=\"robots\" content=\"index, follow, max-snippet:-1, max-image-preview:large, max-video-preview:-1\" \/>\n<link rel=\"canonical\" href=\"https:\/\/progettotouring.it\/radiotouring104\/2025\/08\/20\/redel-reggio-calabria-arrivata-lora-del-raduno\/\" \/>\n<meta property=\"og:locale\" content=\"it_IT\" \/>\n<meta property=\"og:type\" content=\"article\" \/>\n<meta property=\"og:title\" content=\"Redel Reggio Calabria: arrivata l&#039;ora del raduno - Radio Touring 104\" \/>\n<meta property=\"og:description\" content=\"Agli ordini del coach Cadeo sono arrivati sette nuovi senior\" \/>\n<meta property=\"og:url\" content=\"https:\/\/progettotouring.it\/radiotouring104\/2025\/08\/20\/redel-reggio-calabria-arrivata-lora-del-raduno\/\" \/>\n<meta property=\"og:site_name\" content=\"Radio Touring 104\" \/>\n<meta property=\"article:published_time\" content=\"2025-08-19T22:39:29+00:00\" \/>\n<meta property=\"article:modified_time\" content=\"2025-08-19T22:40:26+00:00\" \/>\n<meta property=\"og:image\" content=\"https:\/\/progettotouring.it\/radiotouring104\/wp-content\/uploads\/sites\/6\/2025\/02\/Redel-Viola-Reggio-Calabria-Logo.png\" \/>\n\t<meta property=\"og:image:width\" content=\"324\" \/>\n\t<meta property=\"og:image:height\" content=\"247\" \/>\n\t<meta property=\"og:image:type\" content=\"image\/png\" \/>\n<meta name=\"author\" content=\"Giuseppe Dattola\" \/>\n<meta name=\"twitter:card\" content=\"summary_large_image\" \/>\n<meta name=\"twitter:label1\" content=\"Scritto da\" \/>\n\t<meta name=\"twitter:data1\" content=\"Giuseppe Dattola\" \/>\n\t<meta name=\"twitter:label2\" content=\"Tempo di lettura stimato\" \/>\n\t<meta name=\"twitter:data2\" content=\"1 minuto\" \/>\n<script type=\"application\/ld+json\" class=\"yoast-schema-graph\">{\"@context\":\"https:\/\/schema.org\",\"@graph\":[{\"@type\":\"Article\",\"@id\":\"https:\/\/progettotouring.it\/radiotouring104\/2025\/08\/20\/redel-reggio-calabria-arrivata-lora-del-raduno\/#article\",\"isPartOf\":{\"@id\":\"https:\/\/progettotouring.it\/radiotouring104\/2025\/08\/20\/redel-reggio-calabria-arrivata-lora-del-raduno\/\"},\"author\":{\"name\":\"Giuseppe Dattola\",\"@id\":\"https:\/\/progettotouring.it\/radiotouring104\/#\/schema\/person\/c0e800756c839eae8c93153858959084\"},\"headline\":\"Redel Reggio Calabria: arrivata l&#8217;ora del raduno\",\"datePublished\":\"2025-08-19T22:39:29+00:00\",\"dateModified\":\"2025-08-19T22:40:26+00:00\",\"mainEntityOfPage\":{\"@id\":\"https:\/\/progettotouring.it\/radiotouring104\/2025\/08\/20\/redel-reggio-calabria-arrivata-lora-del-raduno\/\"},\"wordCount\":282,\"publisher\":{\"@id\":\"https:\/\/progettotouring.it\/radiotouring104\/#organization\"},\"image\":{\"@id\":\"https:\/\/progettotouring.it\/radiotouring104\/2025\/08\/20\/redel-reggio-calabria-arrivata-lora-del-raduno\/#primaryimage\"},\"thumbnailUrl\":\"https:\/\/progettotouring.it\/radiotouring104\/wp-content\/uploads\/sites\/6\/2025\/02\/Redel-Viola-Reggio-Calabria-Logo.png\",\"articleSection\":[\"News\",\"Sport\"],\"inLanguage\":\"it-IT\"},{\"@type\":\"WebPage\",\"@id\":\"https:\/\/progettotouring.it\/radiotouring104\/2025\/08\/20\/redel-reggio-calabria-arrivata-lora-del-raduno\/\",\"url\":\"https:\/\/progettotouring.it\/radiotouring104\/2025\/08\/20\/redel-reggio-calabria-arrivata-lora-del-raduno\/\",\"name\":\"Redel Reggio Calabria: arrivata l'ora del raduno - Radio Touring 104\",\"isPartOf\":{\"@id\":\"https:\/\/progettotouring.it\/radiotouring104\/#website\"},\"primaryImageOfPage\":{\"@id\":\"https:\/\/progettotouring.it\/radiotouring104\/2025\/08\/20\/redel-reggio-calabria-arrivata-lora-del-raduno\/#primaryimage\"},\"image\":{\"@id\":\"https:\/\/progettotouring.it\/radiotouring104\/2025\/08\/20\/redel-reggio-calabria-arrivata-lora-del-raduno\/#primaryimage\"},\"thumbnailUrl\":\"https:\/\/progettotouring.it\/radiotouring104\/wp-content\/uploads\/sites\/6\/2025\/02\/Redel-Viola-Reggio-Calabria-Logo.png\",\"datePublished\":\"2025-08-19T22:39:29+00:00\",\"dateModified\":\"2025-08-19T22:40:26+00:00\",\"description\":\"Agli ordini del coach Cadeo sono arrivati sette nuovi senior\",\"breadcrumb\":{\"@id\":\"https:\/\/progettotouring.it\/radiotouring104\/2025\/08\/20\/redel-reggio-calabria-arrivata-lora-del-raduno\/#breadcrumb\"},\"inLanguage\":\"it-IT\",\"potentialAction\":[{\"@type\":\"ReadAction\",\"target\":[\"https:\/\/progettotouring.it\/radiotouring104\/2025\/08\/20\/redel-reggio-calabria-arrivata-lora-del-raduno\/\"]}]},{\"@type\":\"ImageObject\",\"inLanguage\":\"it-IT\",\"@id\":\"https:\/\/progettotouring.it\/radiotouring104\/2025\/08\/20\/redel-reggio-calabria-arrivata-lora-del-raduno\/#primaryimage\",\"url\":\"https:\/\/progettotouring.it\/radiotouring104\/wp-content\/uploads\/sites\/6\/2025\/02\/Redel-Viola-Reggio-Calabria-Logo.png\",\"contentUrl\":\"https:\/\/progettotouring.it\/radiotouring104\/wp-content\/uploads\/sites\/6\/2025\/02\/Redel-Viola-Reggio-Calabria-Logo.png\",\"width\":324,\"height\":247},{\"@type\":\"BreadcrumbList\",\"@id\":\"https:\/\/progettotouring.it\/radiotouring104\/2025\/08\/20\/redel-reggio-calabria-arrivata-lora-del-raduno\/#breadcrumb\",\"itemListElement\":[{\"@type\":\"ListItem\",\"position\":1,\"name\":\"Home\",\"item\":\"https:\/\/progettotouring.it\/radiotouring104\/\"},{\"@type\":\"ListItem\",\"position\":2,\"name\":\"Redel Reggio Calabria: arrivata l&#8217;ora del raduno\"}]},{\"@type\":\"WebSite\",\"@id\":\"https:\/\/progettotouring.it\/radiotouring104\/#website\",\"url\":\"https:\/\/progettotouring.it\/radiotouring104\/\",\"name\":\"Radio Touring 104\",\"description\":\"La prima radio Reggina\",\"publisher\":{\"@id\":\"https:\/\/progettotouring.it\/radiotouring104\/#organization\"},\"potentialAction\":[{\"@type\":\"SearchAction\",\"target\":{\"@type\":\"EntryPoint\",\"urlTemplate\":\"https:\/\/progettotouring.it\/radiotouring104\/?s={search_term_string}\"},\"query-input\":{\"@type\":\"PropertyValueSpecification\",\"valueRequired\":true,\"valueName\":\"search_term_string\"}}],\"inLanguage\":\"it-IT\"},{\"@type\":\"Organization\",\"@id\":\"https:\/\/progettotouring.it\/radiotouring104\/#organization\",\"name\":\"Radio Touring 104\",\"url\":\"https:\/\/progettotouring.it\/radiotouring104\/\",\"logo\":{\"@type\":\"ImageObject\",\"inLanguage\":\"it-IT\",\"@id\":\"https:\/\/progettotouring.it\/radiotouring104\/#\/schema\/logo\/image\/\",\"url\":\"https:\/\/progettotouring.it\/radiotouring104\/wp-content\/uploads\/sites\/6\/2022\/02\/cropped-logo-radio-touring-104.png\",\"contentUrl\":\"https:\/\/progettotouring.it\/radiotouring104\/wp-content\/uploads\/sites\/6\/2022\/02\/cropped-logo-radio-touring-104.png\",\"width\":377,\"height\":182,\"caption\":\"Radio Touring 104\"},\"image\":{\"@id\":\"https:\/\/progettotouring.it\/radiotouring104\/#\/schema\/logo\/image\/\"}},{\"@type\":\"Person\",\"@id\":\"https:\/\/progettotouring.it\/radiotouring104\/#\/schema\/person\/c0e800756c839eae8c93153858959084\",\"name\":\"Giuseppe Dattola\",\"image\":{\"@type\":\"ImageObject\",\"inLanguage\":\"it-IT\",\"@id\":\"https:\/\/secure.gravatar.com\/avatar\/c5771b35d04c75debcca6c29ddd4741e6a8276b8c8f1598b29c8fba52c35e758?s=96&d=mm&r=g\",\"url\":\"https:\/\/secure.gravatar.com\/avatar\/c5771b35d04c75debcca6c29ddd4741e6a8276b8c8f1598b29c8fba52c35e758?s=96&d=mm&r=g\",\"contentUrl\":\"https:\/\/secure.gravatar.com\/avatar\/c5771b35d04c75debcca6c29ddd4741e6a8276b8c8f1598b29c8fba52c35e758?s=96&d=mm&r=g\",\"caption\":\"Giuseppe Dattola\"},\"url\":\"https:\/\/progettotouring.it\/radiotouring104\/author\/gdattola\/\"}]}<\/script>\n<!-- \/ Yoast SEO plugin. -->","yoast_head_json":{"title":"Redel Reggio Calabria: arrivata l'ora del raduno - Radio Touring 104","description":"Agli ordini del coach Cadeo sono arrivati sette nuovi senior","robots":{"index":"index","follow":"follow","max-snippet":"max-snippet:-1","max-image-preview":"max-image-preview:large","max-video-preview":"max-video-preview:-1"},"canonical":"https:\/\/progettotouring.it\/radiotouring104\/2025\/08\/20\/redel-reggio-calabria-arrivata-lora-del-raduno\/","og_locale":"it_IT","og_type":"article","og_title":"Redel Reggio Calabria: arrivata l'ora del raduno - Radio Touring 104","og_description":"Agli ordini del coach Cadeo sono arrivati sette nuovi senior","og_url":"https:\/\/progettotouring.it\/radiotouring104\/2025\/08\/20\/redel-reggio-calabria-arrivata-lora-del-raduno\/","og_site_name":"Radio Touring 104","article_published_time":"2025-08-19T22:39:29+00:00","article_modified_time":"2025-08-19T22:40:26+00:00","og_image":[{"width":324,"height":247,"url":"https:\/\/progettotouring.it\/radiotouring104\/wp-content\/uploads\/sites\/6\/2025\/02\/Redel-Viola-Reggio-Calabria-Logo.png","type":"image\/png"}],"author":"Giuseppe Dattola","twitter_card":"summary_large_image","twitter_misc":{"Scritto da":"Giuseppe Dattola","Tempo di lettura stimato":"1 minuto"},"schema":{"@context":"https:\/\/schema.org","@graph":[{"@type":"Article","@id":"https:\/\/progettotouring.it\/radiotouring104\/2025\/08\/20\/redel-reggio-calabria-arrivata-lora-del-raduno\/#article","isPartOf":{"@id":"https:\/\/progettotouring.it\/radiotouring104\/2025\/08\/20\/redel-reggio-calabria-arrivata-lora-del-raduno\/"},"author":{"name":"Giuseppe Dattola","@id":"https:\/\/progettotouring.it\/radiotouring104\/#\/schema\/person\/c0e800756c839eae8c93153858959084"},"headline":"Redel Reggio Calabria: arrivata l&#8217;ora del raduno","datePublished":"2025-08-19T22:39:29+00:00","dateModified":"2025-08-19T22:40:26+00:00","mainEntityOfPage":{"@id":"https:\/\/progettotouring.it\/radiotouring104\/2025\/08\/20\/redel-reggio-calabria-arrivata-lora-del-raduno\/"},"wordCount":282,"publisher":{"@id":"https:\/\/progettotouring.it\/radiotouring104\/#organization"},"image":{"@id":"https:\/\/progettotouring.it\/radiotouring104\/2025\/08\/20\/redel-reggio-calabria-arrivata-lora-del-raduno\/#primaryimage"},"thumbnailUrl":"https:\/\/progettotouring.it\/radiotouring104\/wp-content\/uploads\/sites\/6\/2025\/02\/Redel-Viola-Reggio-Calabria-Logo.png","articleSection":["News","Sport"],"inLanguage":"it-IT"},{"@type":"WebPage","@id":"https:\/\/progettotouring.it\/radiotouring104\/2025\/08\/20\/redel-reggio-calabria-arrivata-lora-del-raduno\/","url":"https:\/\/progettotouring.it\/radiotouring104\/2025\/08\/20\/redel-reggio-calabria-arrivata-lora-del-raduno\/","name":"Redel Reggio Calabria: arrivata l'ora del raduno - Radio Touring 104","isPartOf":{"@id":"https:\/\/progettotouring.it\/radiotouring104\/#website"},"primaryImageOfPage":{"@id":"https:\/\/progettotouring.it\/radiotouring104\/2025\/08\/20\/redel-reggio-calabria-arrivata-lora-del-raduno\/#primaryimage"},"image":{"@id":"https:\/\/progettotouring.it\/radiotouring104\/2025\/08\/20\/redel-reggio-calabria-arrivata-lora-del-raduno\/#primaryimage"},"thumbnailUrl":"https:\/\/progettotouring.it\/radiotouring104\/wp-content\/uploads\/sites\/6\/2025\/02\/Redel-Viola-Reggio-Calabria-Logo.png","datePublished":"2025-08-19T22:39:29+00:00","dateModified":"2025-08-19T22:40:26+00:00","description":"Agli ordini del coach Cadeo sono arrivati sette nuovi senior","breadcrumb":{"@id":"https:\/\/progettotouring.it\/radiotouring104\/2025\/08\/20\/redel-reggio-calabria-arrivata-lora-del-raduno\/#breadcrumb"},"inLanguage":"it-IT","potentialAction":[{"@type":"ReadAction","target":["https:\/\/progettotouring.it\/radiotouring104\/2025\/08\/20\/redel-reggio-calabria-arrivata-lora-del-raduno\/"]}]},{"@type":"ImageObject","inLanguage":"it-IT","@id":"https:\/\/progettotouring.it\/radiotouring104\/2025\/08\/20\/redel-reggio-calabria-arrivata-lora-del-raduno\/#primaryimage","url":"https:\/\/progettotouring.it\/radiotouring104\/wp-content\/uploads\/sites\/6\/2025\/02\/Redel-Viola-Reggio-Calabria-Logo.png","contentUrl":"https:\/\/progettotouring.it\/radiotouring104\/wp-content\/uploads\/sites\/6\/2025\/02\/Redel-Viola-Reggio-Calabria-Logo.png","width":324,"height":247},{"@type":"BreadcrumbList","@id":"https:\/\/progettotouring.it\/radiotouring104\/2025\/08\/20\/redel-reggio-calabria-arrivata-lora-del-raduno\/#breadcrumb","itemListElement":[{"@type":"ListItem","position":1,"name":"Home","item":"https:\/\/progettotouring.it\/radiotouring104\/"},{"@type":"ListItem","position":2,"name":"Redel Reggio Calabria: arrivata l&#8217;ora del raduno"}]},{"@type":"WebSite","@id":"https:\/\/progettotouring.it\/radiotouring104\/#website","url":"https:\/\/progettotouring.it\/radiotouring104\/","name":"Radio Touring 104","description":"La prima radio Reggina","publisher":{"@id":"https:\/\/progettotouring.it\/radiotouring104\/#organization"},"potentialAction":[{"@type":"SearchAction","target":{"@type":"EntryPoint","urlTemplate":"https:\/\/progettotouring.it\/radiotouring104\/?s={search_term_string}"},"query-input":{"@type":"PropertyValueSpecification","valueRequired":true,"valueName":"search_term_string"}}],"inLanguage":"it-IT"},{"@type":"Organization","@id":"https:\/\/progettotouring.it\/radiotouring104\/#organization","name":"Radio Touring 104","url":"https:\/\/progettotouring.it\/radiotouring104\/","logo":{"@type":"ImageObject","inLanguage":"it-IT","@id":"https:\/\/progettotouring.it\/radiotouring104\/#\/schema\/logo\/image\/","url":"https:\/\/progettotouring.it\/radiotouring104\/wp-content\/uploads\/sites\/6\/2022\/02\/cropped-logo-radio-touring-104.png","contentUrl":"https:\/\/progettotouring.it\/radiotouring104\/wp-content\/uploads\/sites\/6\/2022\/02\/cropped-logo-radio-touring-104.png","width":377,"height":182,"caption":"Radio Touring 104"},"image":{"@id":"https:\/\/progettotouring.it\/radiotouring104\/#\/schema\/logo\/image\/"}},{"@type":"Person","@id":"https:\/\/progettotouring.it\/radiotouring104\/#\/schema\/person\/c0e800756c839eae8c93153858959084","name":"Giuseppe Dattola","image":{"@type":"ImageObject","inLanguage":"it-IT","@id":"https:\/\/secure.gravatar.com\/avatar\/c5771b35d04c75debcca6c29ddd4741e6a8276b8c8f1598b29c8fba52c35e758?s=96&d=mm&r=g","url":"https:\/\/secure.gravatar.com\/avatar\/c5771b35d04c75debcca6c29ddd4741e6a8276b8c8f1598b29c8fba52c35e758?s=96&d=mm&r=g","contentUrl":"https:\/\/secure.gravatar.com\/avatar\/c5771b35d04c75debcca6c29ddd4741e6a8276b8c8f1598b29c8fba52c35e758?s=96&d=mm&r=g","caption":"Giuseppe Dattola"},"url":"https:\/\/progettotouring.it\/radiotouring104\/author\/gdattola\/"}]}},"jetpack_publicize_connections":[],"jetpack_featured_media_url":"https:\/\/progettotouring.it\/radiotouring104\/wp-content\/uploads\/sites\/6\/2025\/02\/Redel-Viola-Reggio-Calabria-Logo.png","jetpack_sharing_enabled":true,"_links":{"self":[{"href":"https:\/\/progettotouring.it\/radiotouring104\/wp-json\/wp\/v2\/posts\/79894","targetHints":{"allow":["GET"]}}],"collection":[{"href":"https:\/\/progettotouring.it\/radiotouring104\/wp-json\/wp\/v2\/posts"}],"about":[{"href":"https:\/\/progettotouring.it\/radiotouring104\/wp-json\/wp\/v2\/types\/post"}],"author":[{"embeddable":true,"href":"https:\/\/progettotouring.it\/radiotouring104\/wp-json\/wp\/v2\/users\/21"}],"replies":[{"embeddable":true,"href":"https:\/\/progettotouring.it\/radiotouring104\/wp-json\/wp\/v2\/comments?post=79894"}],"version-history":[{"count":1,"href":"https:\/\/progettotouring.it\/radiotouring104\/wp-json\/wp\/v2\/posts\/79894\/revisions"}],"predecessor-version":[{"id":79895,"href":"https:\/\/progettotouring.it\/radiotouring104\/wp-json\/wp\/v2\/posts\/79894\/revisions\/79895"}],"wp:featuredmedia":[{"embeddable":true,"href":"https:\/\/progettotouring.it\/radiotouring104\/wp-json\/wp\/v2\/media\/66477"}],"wp:attachment":[{"href":"https:\/\/progettotouring.it\/radiotouring104\/wp-json\/wp\/v2\/media?parent=79894"}],"wp:term":[{"taxonomy":"category","embeddable":true,"href":"https:\/\/progettotouring.it\/radiotouring104\/wp-json\/wp\/v2\/categories?post=79894"},{"taxonomy":"post_tag","embeddable":true,"href":"https:\/\/progettotouring.it\/radiotouring104\/wp-json\/wp\/v2\/tags?post=79894"}],"curies":[{"name":"wp","href":"https:\/\/api.w.org\/{rel}","templated":true}]}}