{"id":80269,"date":"2025-08-27T18:19:03","date_gmt":"2025-08-27T16:19:03","guid":{"rendered":"https:\/\/progettotouring.it\/radiotouring104\/?p=80269"},"modified":"2025-08-27T18:19:03","modified_gmt":"2025-08-27T16:19:03","slug":"stasera-enrico-brignano-al-teatro-parco-mitoio-di-lamezia-terme","status":"publish","type":"post","link":"https:\/\/progettotouring.it\/radiotouring104\/2025\/08\/27\/stasera-enrico-brignano-al-teatro-parco-mitoio-di-lamezia-terme\/","title":{"rendered":"Stasera Enrico Brignano al Teatro Parco Mitoio di Lamezia Terme"},"content":{"rendered":"<div class=\"application-pane\">\n<div class=\"main-pane\">\n<div id=\"application-stack\" class=\"dijitContainer dijitStackContainer dijitLayoutContainer\" dir=\"ltr\" role=\"tabpanel\">\n<div id=\"webmail-page\" class=\"main-page dijitContentPane dijitStackContainer-child dijitStackContainer-dijitContentPane dijitVisible menu-not-pinned is-next is-previous main-menu-collapsed\" role=\"group\">\n<div class=\"main-page-center-pane\">\n<div class=\"main-page-pane-with-toolbar\">\n<div class=\"main-content\">\n<div id=\"uiLogic_util_StackContainer_0\" class=\"content-stack-container dijitContainer dijitStackContainer dijitLayoutContainer leading-active componentVisible\" dir=\"ltr\" role=\"tabpanel\">\n<div id=\"uiLogic_webmail_WebmailFoldersManager_0\" class=\"webmailfoldersmanager messages-compose-compofeedback-stack dijitContainer dijitStackContainer dijitLayoutContainer dijitStackContainer-child dijitStackContainer-dijitStackContainer dijitVisible componentVisible\" dir=\"ltr\" role=\"tabpanel\">\n<div id=\"dijit_layout_BorderContainer_0\" class=\"trailing-1 messages-container dijitContainer dijitBorderContainer dijitStackContainer-child dijitStackContainer-dijitBorderContainer dijitVisible componentVisible center-active trailing-active\" dir=\"ltr\" lang=\"\">\n<div id=\"dijit_layout_ContentPane_0\" class=\"dijitContentPane dijitBorderContainer-child dijitBorderContainer-dijitContentPane dijitBorderContainerPane dijitContentPaneSingleChild\" dir=\"ltr\" lang=\"\" role=\"group\">\n<div id=\"xandmail_widget_layout_RelativeBorderContainer_0\" class=\"dijitContainer dijitBorderContainer\" dir=\"ltr\" lang=\"\">\n<div id=\"dijit_layout_StackContainer_0\" class=\"dijitContainer dijitStackContainer dijitLayoutContainer dijitBorderContainer-child dijitBorderContainer-dijitStackContainer dijitBorderContainerPane\" dir=\"ltr\" lang=\"\" role=\"tabpanel\">\n<div id=\"dijit_layout_ContentPane_4\" class=\"component-page item-view webmail-view trailing-1 webmail-view-page dijitContentPane dijitStackContainer-child dijitStackContainer-dijitContentPane dijitVisible dijitContentPaneSingleChild\" dir=\"ltr\" lang=\"\" role=\"group\">\n<div id=\"dijit_layout_BorderContainer_4\" class=\"message dijitContainer dijitBorderContainer\" dir=\"ltr\">\n<div id=\"dijit_layout_ContentPane_15\" class=\"content dijitContentPane dijitBorderContainer-child dijitBorderContainer-dijitContentPane dijitBorderContainerPane\" dir=\"ltr\" role=\"group\">\n<div class=\"message-section\">\n<div class=\"content-message\">\n<div class=\"text msg-view-text\" role=\"text\">\n<div class=\"msg-view-text-cnt\">\n<div class=\"xam_msg_class\">\n<div class=\"xmprfx_WordSection1\">\n<p class=\"xmprfx_MsoNormal\">Tutto pronto per il nuovo spettacolo<strong> \u201cBello di Mamma\u201d<\/strong> di\u00a0<b>Enrico Brignano,\u00a0<\/b>in prima e unica tappa in Calabria stasera, con inizio alle ore 21:30, nello splendido <b>Teatro all\u2019aperto di Parco Mitoio\u00a0<\/b>di\u00a0<b>Lamezia Terme<\/b>.<\/p>\n<p class=\"xmprfx_MsoNormal\"><i>\u00a0\u201cPer Lamezia \u00e8 un evento di grandissimo prestigio, uno spettacolo tra i pi\u00f9 attesi dell\u2019estate, concepito come un vero variet\u00e0<\/i>\u00a0\u2013\u00a0afferma il promoter Ruggero Pegna \u2013.\u00a0<i>Saranno moltissimi gli spettatori che arriveranno da tutta la Calabria, anche perch\u00e9 questo Teatro<\/i>\u00a0<i>\u00e8 facile e comodo da raggiungere, e si trova nel cuore di un\u2019oasi naturalistica segnalata anche dal Fai, Fondo Ambiente Italiano. Sar\u00e0 una serata indimenticabile e di puro divertimento!\u201d.<\/i><\/p>\n<p class=\"xmprfx_MsoNormal\">Ad accompagnare Enrico Brignano in questo spettacolo, scritto dallo stesso attore con Graziano Cutrona, Manuela D\u2019Angelo, Luciano Federico e Alessio Parenti, ci saranno musicisti e coriste.<\/p>\n<p class=\"xmprfx_MsoNormal\">Mille e cinquecento i biglietti gi\u00e0 venduti, mentre la prevendita dei posti a sedere in gradinata prosegue su\u00a0<a href=\"http:\/\/www.ticketone.it\/\" target=\"_blank\" rel=\"noopener noreferrer\">www.ticketone.it<\/a>, nei punti Ticketone e dalle ore 18:00 presso la biglietteria all\u2019ingresso del Teatro. L\u2019apertura del cancelli \u00e8 prevista a partire dalle ore 20:00. Sar\u00e0 possibile parcheggiare lungo tutto il viale che dalle Terme di Caronte porta al Teatro e, dalla stessa ora, sar\u00e0 anche disponibile ogni quindici minuti il Servizio Navetta dall\u2019area cimiteriale di Sambiase, con andata e ritorno a fine show, curato dalla Lamezia Multiservizi.<\/p>\n<p class=\"xmprfx_MsoNormal\">Tutte le informazioni sono reperibili allo 0968441888,\u00a0<a href=\"http:\/\/www.ruggeropegna.it\/\" target=\"_blank\" rel=\"noopener noreferrer\">www.ruggeropegna.it<\/a>,\u00a0<a href=\"http:\/\/www.ticketone.it\/\" target=\"_blank\" rel=\"noopener noreferrer\">www.ticketone.it<\/a>, pagine social ufficiali.<\/p>\n<\/div>\n<\/div>\n<\/div>\n<\/div>\n<\/div>\n<\/div>\n<\/div>\n<\/div>\n<\/div>\n<\/div>\n<\/div>\n<\/div>\n<\/div>\n<\/div>\n<\/div>\n<\/div>\n<\/div>\n<\/div>\n<\/div>\n<\/div>\n<\/div>\n<\/div>\n<div id=\"usabilla_live_button_container_740319998\" class=\"usabilla_live_button_container\" role=\"button\" aria-label=\"Feedback\"><\/div>\n","protected":false},"excerpt":{"rendered":"<p>Tutto pronto per il nuovo spettacolo \u201cBello di Mamma\u201d di\u00a0Enrico Brignano,\u00a0in prima e unica tappa in Calabria stasera, con inizio alle ore 21:30, nello splendido Teatro all\u2019aperto di Parco Mitoio\u00a0di\u00a0Lamezia&hellip;<\/p>\n","protected":false},"author":19,"featured_media":79951,"comment_status":"closed","ping_status":"open","sticky":false,"template":"","format":"standard","meta":{"_jetpack_memberships_contains_paid_content":false,"footnotes":"","jetpack_publicize_message":"","jetpack_publicize_feature_enabled":true,"jetpack_social_post_already_shared":true,"jetpack_social_options":{"image_generator_settings":{"template":"highway","default_image_id":0,"font":"","enabled":false},"version":2}},"categories":[142,196,147],"tags":[],"class_list":["post-80269","post","type-post","status-publish","format-standard","has-post-thumbnail","hentry","category-calabria","category-news","category-spettacoli"],"yoast_head":"<!-- This site is optimized with the Yoast SEO plugin v27.2 - https:\/\/yoast.com\/product\/yoast-seo-wordpress\/ -->\n<title>Stasera Enrico Brignano al Teatro Parco Mitoio di Lamezia Terme - Radio Touring 104<\/title>\n<meta name=\"description\" content=\"Alle 21.30 l&#039;inizio dello spettacolo \u201cBello di Mamma\u201d\" \/>\n<meta name=\"robots\" content=\"index, follow, max-snippet:-1, max-image-preview:large, max-video-preview:-1\" \/>\n<link rel=\"canonical\" href=\"https:\/\/progettotouring.it\/radiotouring104\/2025\/08\/27\/stasera-enrico-brignano-al-teatro-parco-mitoio-di-lamezia-terme\/\" \/>\n<meta property=\"og:locale\" content=\"it_IT\" \/>\n<meta property=\"og:type\" content=\"article\" \/>\n<meta property=\"og:title\" content=\"Stasera Enrico Brignano al Teatro Parco Mitoio di Lamezia Terme - Radio Touring 104\" \/>\n<meta property=\"og:description\" content=\"Alle 21.30 l&#039;inizio dello spettacolo \u201cBello di Mamma\u201d\" \/>\n<meta property=\"og:url\" content=\"https:\/\/progettotouring.it\/radiotouring104\/2025\/08\/27\/stasera-enrico-brignano-al-teatro-parco-mitoio-di-lamezia-terme\/\" \/>\n<meta property=\"og:site_name\" content=\"Radio Touring 104\" \/>\n<meta property=\"article:published_time\" content=\"2025-08-27T16:19:03+00:00\" \/>\n<meta property=\"og:image\" content=\"https:\/\/progettotouring.it\/radiotouring104\/wp-content\/uploads\/sites\/6\/2025\/08\/IMMAGINI-X-SITO-2025-08-21T235958.620.jpg\" \/>\n\t<meta property=\"og:image:width\" content=\"2000\" \/>\n\t<meta property=\"og:image:height\" content=\"1545\" \/>\n\t<meta property=\"og:image:type\" content=\"image\/jpeg\" \/>\n<meta name=\"author\" content=\"S L\" \/>\n<meta name=\"twitter:card\" content=\"summary_large_image\" \/>\n<meta name=\"twitter:label1\" content=\"Scritto da\" \/>\n\t<meta name=\"twitter:data1\" content=\"S L\" \/>\n\t<meta name=\"twitter:label2\" content=\"Tempo di lettura stimato\" \/>\n\t<meta name=\"twitter:data2\" content=\"1 minuto\" \/>\n<script type=\"application\/ld+json\" class=\"yoast-schema-graph\">{\"@context\":\"https:\/\/schema.org\",\"@graph\":[{\"@type\":\"Article\",\"@id\":\"https:\/\/progettotouring.it\/radiotouring104\/2025\/08\/27\/stasera-enrico-brignano-al-teatro-parco-mitoio-di-lamezia-terme\/#article\",\"isPartOf\":{\"@id\":\"https:\/\/progettotouring.it\/radiotouring104\/2025\/08\/27\/stasera-enrico-brignano-al-teatro-parco-mitoio-di-lamezia-terme\/\"},\"author\":{\"name\":\"S L\",\"@id\":\"https:\/\/progettotouring.it\/radiotouring104\/#\/schema\/person\/b9f9c3730b0a78814c9b9f3bfc52c619\"},\"headline\":\"Stasera Enrico Brignano al Teatro Parco Mitoio di Lamezia Terme\",\"datePublished\":\"2025-08-27T16:19:03+00:00\",\"mainEntityOfPage\":{\"@id\":\"https:\/\/progettotouring.it\/radiotouring104\/2025\/08\/27\/stasera-enrico-brignano-al-teatro-parco-mitoio-di-lamezia-terme\/\"},\"wordCount\":242,\"publisher\":{\"@id\":\"https:\/\/progettotouring.it\/radiotouring104\/#organization\"},\"image\":{\"@id\":\"https:\/\/progettotouring.it\/radiotouring104\/2025\/08\/27\/stasera-enrico-brignano-al-teatro-parco-mitoio-di-lamezia-terme\/#primaryimage\"},\"thumbnailUrl\":\"https:\/\/progettotouring.it\/radiotouring104\/wp-content\/uploads\/sites\/6\/2025\/08\/IMMAGINI-X-SITO-2025-08-21T235958.620.jpg\",\"articleSection\":[\"Calabria\",\"News\",\"Spettacoli\"],\"inLanguage\":\"it-IT\"},{\"@type\":\"WebPage\",\"@id\":\"https:\/\/progettotouring.it\/radiotouring104\/2025\/08\/27\/stasera-enrico-brignano-al-teatro-parco-mitoio-di-lamezia-terme\/\",\"url\":\"https:\/\/progettotouring.it\/radiotouring104\/2025\/08\/27\/stasera-enrico-brignano-al-teatro-parco-mitoio-di-lamezia-terme\/\",\"name\":\"Stasera Enrico Brignano al Teatro Parco Mitoio di Lamezia Terme - Radio Touring 104\",\"isPartOf\":{\"@id\":\"https:\/\/progettotouring.it\/radiotouring104\/#website\"},\"primaryImageOfPage\":{\"@id\":\"https:\/\/progettotouring.it\/radiotouring104\/2025\/08\/27\/stasera-enrico-brignano-al-teatro-parco-mitoio-di-lamezia-terme\/#primaryimage\"},\"image\":{\"@id\":\"https:\/\/progettotouring.it\/radiotouring104\/2025\/08\/27\/stasera-enrico-brignano-al-teatro-parco-mitoio-di-lamezia-terme\/#primaryimage\"},\"thumbnailUrl\":\"https:\/\/progettotouring.it\/radiotouring104\/wp-content\/uploads\/sites\/6\/2025\/08\/IMMAGINI-X-SITO-2025-08-21T235958.620.jpg\",\"datePublished\":\"2025-08-27T16:19:03+00:00\",\"description\":\"Alle 21.30 l'inizio dello spettacolo \u201cBello di Mamma\u201d\",\"breadcrumb\":{\"@id\":\"https:\/\/progettotouring.it\/radiotouring104\/2025\/08\/27\/stasera-enrico-brignano-al-teatro-parco-mitoio-di-lamezia-terme\/#breadcrumb\"},\"inLanguage\":\"it-IT\",\"potentialAction\":[{\"@type\":\"ReadAction\",\"target\":[\"https:\/\/progettotouring.it\/radiotouring104\/2025\/08\/27\/stasera-enrico-brignano-al-teatro-parco-mitoio-di-lamezia-terme\/\"]}]},{\"@type\":\"ImageObject\",\"inLanguage\":\"it-IT\",\"@id\":\"https:\/\/progettotouring.it\/radiotouring104\/2025\/08\/27\/stasera-enrico-brignano-al-teatro-parco-mitoio-di-lamezia-terme\/#primaryimage\",\"url\":\"https:\/\/progettotouring.it\/radiotouring104\/wp-content\/uploads\/sites\/6\/2025\/08\/IMMAGINI-X-SITO-2025-08-21T235958.620.jpg\",\"contentUrl\":\"https:\/\/progettotouring.it\/radiotouring104\/wp-content\/uploads\/sites\/6\/2025\/08\/IMMAGINI-X-SITO-2025-08-21T235958.620.jpg\",\"width\":2000,\"height\":1545},{\"@type\":\"BreadcrumbList\",\"@id\":\"https:\/\/progettotouring.it\/radiotouring104\/2025\/08\/27\/stasera-enrico-brignano-al-teatro-parco-mitoio-di-lamezia-terme\/#breadcrumb\",\"itemListElement\":[{\"@type\":\"ListItem\",\"position\":1,\"name\":\"Home\",\"item\":\"https:\/\/progettotouring.it\/radiotouring104\/\"},{\"@type\":\"ListItem\",\"position\":2,\"name\":\"Stasera Enrico Brignano al Teatro Parco Mitoio di Lamezia Terme\"}]},{\"@type\":\"WebSite\",\"@id\":\"https:\/\/progettotouring.it\/radiotouring104\/#website\",\"url\":\"https:\/\/progettotouring.it\/radiotouring104\/\",\"name\":\"Radio Touring 104\",\"description\":\"La prima radio Reggina\",\"publisher\":{\"@id\":\"https:\/\/progettotouring.it\/radiotouring104\/#organization\"},\"potentialAction\":[{\"@type\":\"SearchAction\",\"target\":{\"@type\":\"EntryPoint\",\"urlTemplate\":\"https:\/\/progettotouring.it\/radiotouring104\/?s={search_term_string}\"},\"query-input\":{\"@type\":\"PropertyValueSpecification\",\"valueRequired\":true,\"valueName\":\"search_term_string\"}}],\"inLanguage\":\"it-IT\"},{\"@type\":\"Organization\",\"@id\":\"https:\/\/progettotouring.it\/radiotouring104\/#organization\",\"name\":\"Radio Touring 104\",\"url\":\"https:\/\/progettotouring.it\/radiotouring104\/\",\"logo\":{\"@type\":\"ImageObject\",\"inLanguage\":\"it-IT\",\"@id\":\"https:\/\/progettotouring.it\/radiotouring104\/#\/schema\/logo\/image\/\",\"url\":\"https:\/\/progettotouring.it\/radiotouring104\/wp-content\/uploads\/sites\/6\/2022\/02\/cropped-logo-radio-touring-104.png\",\"contentUrl\":\"https:\/\/progettotouring.it\/radiotouring104\/wp-content\/uploads\/sites\/6\/2022\/02\/cropped-logo-radio-touring-104.png\",\"width\":377,\"height\":182,\"caption\":\"Radio Touring 104\"},\"image\":{\"@id\":\"https:\/\/progettotouring.it\/radiotouring104\/#\/schema\/logo\/image\/\"}},{\"@type\":\"Person\",\"@id\":\"https:\/\/progettotouring.it\/radiotouring104\/#\/schema\/person\/b9f9c3730b0a78814c9b9f3bfc52c619\",\"name\":\"S L\",\"image\":{\"@type\":\"ImageObject\",\"inLanguage\":\"it-IT\",\"@id\":\"https:\/\/secure.gravatar.com\/avatar\/652c51789d7030aaed9ff828331360502a68204fe6fb0831bc280515210e16d2?s=96&d=mm&r=g\",\"url\":\"https:\/\/secure.gravatar.com\/avatar\/652c51789d7030aaed9ff828331360502a68204fe6fb0831bc280515210e16d2?s=96&d=mm&r=g\",\"contentUrl\":\"https:\/\/secure.gravatar.com\/avatar\/652c51789d7030aaed9ff828331360502a68204fe6fb0831bc280515210e16d2?s=96&d=mm&r=g\",\"caption\":\"S L\"},\"url\":\"https:\/\/progettotouring.it\/radiotouring104\/author\/slibri\/\"}]}<\/script>\n<!-- \/ Yoast SEO plugin. -->","yoast_head_json":{"title":"Stasera Enrico Brignano al Teatro Parco Mitoio di Lamezia Terme - Radio Touring 104","description":"Alle 21.30 l'inizio dello spettacolo \u201cBello di Mamma\u201d","robots":{"index":"index","follow":"follow","max-snippet":"max-snippet:-1","max-image-preview":"max-image-preview:large","max-video-preview":"max-video-preview:-1"},"canonical":"https:\/\/progettotouring.it\/radiotouring104\/2025\/08\/27\/stasera-enrico-brignano-al-teatro-parco-mitoio-di-lamezia-terme\/","og_locale":"it_IT","og_type":"article","og_title":"Stasera Enrico Brignano al Teatro Parco Mitoio di Lamezia Terme - Radio Touring 104","og_description":"Alle 21.30 l'inizio dello spettacolo \u201cBello di Mamma\u201d","og_url":"https:\/\/progettotouring.it\/radiotouring104\/2025\/08\/27\/stasera-enrico-brignano-al-teatro-parco-mitoio-di-lamezia-terme\/","og_site_name":"Radio Touring 104","article_published_time":"2025-08-27T16:19:03+00:00","og_image":[{"width":2000,"height":1545,"url":"https:\/\/progettotouring.it\/radiotouring104\/wp-content\/uploads\/sites\/6\/2025\/08\/IMMAGINI-X-SITO-2025-08-21T235958.620.jpg","type":"image\/jpeg"}],"author":"S L","twitter_card":"summary_large_image","twitter_misc":{"Scritto da":"S L","Tempo di lettura stimato":"1 minuto"},"schema":{"@context":"https:\/\/schema.org","@graph":[{"@type":"Article","@id":"https:\/\/progettotouring.it\/radiotouring104\/2025\/08\/27\/stasera-enrico-brignano-al-teatro-parco-mitoio-di-lamezia-terme\/#article","isPartOf":{"@id":"https:\/\/progettotouring.it\/radiotouring104\/2025\/08\/27\/stasera-enrico-brignano-al-teatro-parco-mitoio-di-lamezia-terme\/"},"author":{"name":"S L","@id":"https:\/\/progettotouring.it\/radiotouring104\/#\/schema\/person\/b9f9c3730b0a78814c9b9f3bfc52c619"},"headline":"Stasera Enrico Brignano al Teatro Parco Mitoio di Lamezia Terme","datePublished":"2025-08-27T16:19:03+00:00","mainEntityOfPage":{"@id":"https:\/\/progettotouring.it\/radiotouring104\/2025\/08\/27\/stasera-enrico-brignano-al-teatro-parco-mitoio-di-lamezia-terme\/"},"wordCount":242,"publisher":{"@id":"https:\/\/progettotouring.it\/radiotouring104\/#organization"},"image":{"@id":"https:\/\/progettotouring.it\/radiotouring104\/2025\/08\/27\/stasera-enrico-brignano-al-teatro-parco-mitoio-di-lamezia-terme\/#primaryimage"},"thumbnailUrl":"https:\/\/progettotouring.it\/radiotouring104\/wp-content\/uploads\/sites\/6\/2025\/08\/IMMAGINI-X-SITO-2025-08-21T235958.620.jpg","articleSection":["Calabria","News","Spettacoli"],"inLanguage":"it-IT"},{"@type":"WebPage","@id":"https:\/\/progettotouring.it\/radiotouring104\/2025\/08\/27\/stasera-enrico-brignano-al-teatro-parco-mitoio-di-lamezia-terme\/","url":"https:\/\/progettotouring.it\/radiotouring104\/2025\/08\/27\/stasera-enrico-brignano-al-teatro-parco-mitoio-di-lamezia-terme\/","name":"Stasera Enrico Brignano al Teatro Parco Mitoio di Lamezia Terme - Radio Touring 104","isPartOf":{"@id":"https:\/\/progettotouring.it\/radiotouring104\/#website"},"primaryImageOfPage":{"@id":"https:\/\/progettotouring.it\/radiotouring104\/2025\/08\/27\/stasera-enrico-brignano-al-teatro-parco-mitoio-di-lamezia-terme\/#primaryimage"},"image":{"@id":"https:\/\/progettotouring.it\/radiotouring104\/2025\/08\/27\/stasera-enrico-brignano-al-teatro-parco-mitoio-di-lamezia-terme\/#primaryimage"},"thumbnailUrl":"https:\/\/progettotouring.it\/radiotouring104\/wp-content\/uploads\/sites\/6\/2025\/08\/IMMAGINI-X-SITO-2025-08-21T235958.620.jpg","datePublished":"2025-08-27T16:19:03+00:00","description":"Alle 21.30 l'inizio dello spettacolo \u201cBello di Mamma\u201d","breadcrumb":{"@id":"https:\/\/progettotouring.it\/radiotouring104\/2025\/08\/27\/stasera-enrico-brignano-al-teatro-parco-mitoio-di-lamezia-terme\/#breadcrumb"},"inLanguage":"it-IT","potentialAction":[{"@type":"ReadAction","target":["https:\/\/progettotouring.it\/radiotouring104\/2025\/08\/27\/stasera-enrico-brignano-al-teatro-parco-mitoio-di-lamezia-terme\/"]}]},{"@type":"ImageObject","inLanguage":"it-IT","@id":"https:\/\/progettotouring.it\/radiotouring104\/2025\/08\/27\/stasera-enrico-brignano-al-teatro-parco-mitoio-di-lamezia-terme\/#primaryimage","url":"https:\/\/progettotouring.it\/radiotouring104\/wp-content\/uploads\/sites\/6\/2025\/08\/IMMAGINI-X-SITO-2025-08-21T235958.620.jpg","contentUrl":"https:\/\/progettotouring.it\/radiotouring104\/wp-content\/uploads\/sites\/6\/2025\/08\/IMMAGINI-X-SITO-2025-08-21T235958.620.jpg","width":2000,"height":1545},{"@type":"BreadcrumbList","@id":"https:\/\/progettotouring.it\/radiotouring104\/2025\/08\/27\/stasera-enrico-brignano-al-teatro-parco-mitoio-di-lamezia-terme\/#breadcrumb","itemListElement":[{"@type":"ListItem","position":1,"name":"Home","item":"https:\/\/progettotouring.it\/radiotouring104\/"},{"@type":"ListItem","position":2,"name":"Stasera Enrico Brignano al Teatro Parco Mitoio di Lamezia Terme"}]},{"@type":"WebSite","@id":"https:\/\/progettotouring.it\/radiotouring104\/#website","url":"https:\/\/progettotouring.it\/radiotouring104\/","name":"Radio Touring 104","description":"La prima radio Reggina","publisher":{"@id":"https:\/\/progettotouring.it\/radiotouring104\/#organization"},"potentialAction":[{"@type":"SearchAction","target":{"@type":"EntryPoint","urlTemplate":"https:\/\/progettotouring.it\/radiotouring104\/?s={search_term_string}"},"query-input":{"@type":"PropertyValueSpecification","valueRequired":true,"valueName":"search_term_string"}}],"inLanguage":"it-IT"},{"@type":"Organization","@id":"https:\/\/progettotouring.it\/radiotouring104\/#organization","name":"Radio Touring 104","url":"https:\/\/progettotouring.it\/radiotouring104\/","logo":{"@type":"ImageObject","inLanguage":"it-IT","@id":"https:\/\/progettotouring.it\/radiotouring104\/#\/schema\/logo\/image\/","url":"https:\/\/progettotouring.it\/radiotouring104\/wp-content\/uploads\/sites\/6\/2022\/02\/cropped-logo-radio-touring-104.png","contentUrl":"https:\/\/progettotouring.it\/radiotouring104\/wp-content\/uploads\/sites\/6\/2022\/02\/cropped-logo-radio-touring-104.png","width":377,"height":182,"caption":"Radio Touring 104"},"image":{"@id":"https:\/\/progettotouring.it\/radiotouring104\/#\/schema\/logo\/image\/"}},{"@type":"Person","@id":"https:\/\/progettotouring.it\/radiotouring104\/#\/schema\/person\/b9f9c3730b0a78814c9b9f3bfc52c619","name":"S L","image":{"@type":"ImageObject","inLanguage":"it-IT","@id":"https:\/\/secure.gravatar.com\/avatar\/652c51789d7030aaed9ff828331360502a68204fe6fb0831bc280515210e16d2?s=96&d=mm&r=g","url":"https:\/\/secure.gravatar.com\/avatar\/652c51789d7030aaed9ff828331360502a68204fe6fb0831bc280515210e16d2?s=96&d=mm&r=g","contentUrl":"https:\/\/secure.gravatar.com\/avatar\/652c51789d7030aaed9ff828331360502a68204fe6fb0831bc280515210e16d2?s=96&d=mm&r=g","caption":"S L"},"url":"https:\/\/progettotouring.it\/radiotouring104\/author\/slibri\/"}]}},"jetpack_publicize_connections":[],"jetpack_featured_media_url":"https:\/\/progettotouring.it\/radiotouring104\/wp-content\/uploads\/sites\/6\/2025\/08\/IMMAGINI-X-SITO-2025-08-21T235958.620.jpg","jetpack_sharing_enabled":true,"_links":{"self":[{"href":"https:\/\/progettotouring.it\/radiotouring104\/wp-json\/wp\/v2\/posts\/80269","targetHints":{"allow":["GET"]}}],"collection":[{"href":"https:\/\/progettotouring.it\/radiotouring104\/wp-json\/wp\/v2\/posts"}],"about":[{"href":"https:\/\/progettotouring.it\/radiotouring104\/wp-json\/wp\/v2\/types\/post"}],"author":[{"embeddable":true,"href":"https:\/\/progettotouring.it\/radiotouring104\/wp-json\/wp\/v2\/users\/19"}],"replies":[{"embeddable":true,"href":"https:\/\/progettotouring.it\/radiotouring104\/wp-json\/wp\/v2\/comments?post=80269"}],"version-history":[{"count":1,"href":"https:\/\/progettotouring.it\/radiotouring104\/wp-json\/wp\/v2\/posts\/80269\/revisions"}],"predecessor-version":[{"id":80270,"href":"https:\/\/progettotouring.it\/radiotouring104\/wp-json\/wp\/v2\/posts\/80269\/revisions\/80270"}],"wp:featuredmedia":[{"embeddable":true,"href":"https:\/\/progettotouring.it\/radiotouring104\/wp-json\/wp\/v2\/media\/79951"}],"wp:attachment":[{"href":"https:\/\/progettotouring.it\/radiotouring104\/wp-json\/wp\/v2\/media?parent=80269"}],"wp:term":[{"taxonomy":"category","embeddable":true,"href":"https:\/\/progettotouring.it\/radiotouring104\/wp-json\/wp\/v2\/categories?post=80269"},{"taxonomy":"post_tag","embeddable":true,"href":"https:\/\/progettotouring.it\/radiotouring104\/wp-json\/wp\/v2\/tags?post=80269"}],"curies":[{"name":"wp","href":"https:\/\/api.w.org\/{rel}","templated":true}]}}