{"id":8032,"date":"2022-07-19T16:51:22","date_gmt":"2022-07-19T14:51:22","guid":{"rendered":"https:\/\/progettotouring.it\/radiotouring104\/?p=8032"},"modified":"2022-07-19T16:51:37","modified_gmt":"2022-07-19T14:51:37","slug":"il-consorzio-macrame-inaugura-limmobile-confiscato-di-via-possidonea-53-a-a-reggio-calabria","status":"publish","type":"post","link":"https:\/\/progettotouring.it\/radiotouring104\/2022\/07\/19\/il-consorzio-macrame-inaugura-limmobile-confiscato-di-via-possidonea-53-a-a-reggio-calabria\/","title":{"rendered":"Il Consorzio Macram\u00e8 inaugura l\u2019immobile confiscato di Via Possidonea 53\/A a Reggio Calabria"},"content":{"rendered":"<p style=\"text-align: justify;\"><strong>Venerd\u00ec 22 luglio alle ore 12:15<\/strong> il Consorzio Macram\u00e8 <strong>inaugura l\u2019immobile confiscato di Via Possidonea 53\/A<\/strong> nel centro storico di Reggio Calabria. Un immobile confiscato a Gioacchino Campolo, \u201cre dei videopoker\u201d, ristrutturato nell\u2019ambito del progetto <strong>Impronte a Sud \u2013 Welfare Lab <\/strong>grazie al sostegno di Fondazione Con il Sud. Un antico palazzo anni \u201930 stile liberty che la Citt\u00e0 Metropolitana di Reggio Calabria ha assegnato al Consorzio Macram\u00e8 nel 2017 e che grazie al progetto Impronte a Sud verr\u00e0 restituito alla comunit\u00e0 per offrire servizi e attivit\u00e0 alle famiglie, alle persone svantaggiate, alle aziende, ospitare un centro di informazioni per i lavoratori del terzo settore, aule di studio e di lavoro condiviso, un centro organizzativo di progettazione e gestione delle emergenze sociali, uno sportello di prossimit\u00e0 a cui poter fare riferimento.<\/p>\n<p style=\"text-align: justify;\">L\u2019immobile destinato a diventare uno spazio comune di relazione e partecipazione \u00e8 stato recuperato dopo un lungo e faticoso lavoro di riqualificazione ideato dal laboratorio di ricerca Landscape_inProgress del Dipartimento Architettura e Territorio (dArTe) dell\u2019Universit\u00e0 degli Studi Mediterranea di Reggio Calabria e realizzato dalla cooperativa sociale La Casa di Miryam, entrambi partner del progetto.<\/p>\n<p style=\"text-align: justify;\">Alla cerimonia di inaugurazione dell\u2019immobile saranno presenti <strong>Carlo Borgomeo<\/strong>, presidente di Fondazione CON IL SUD,\u00a0 <strong>Giancarlo Rafele<\/strong> presidente del Consorzio Macram\u00e8, <strong>Carmelo Versace<\/strong> sindaco facente funzioni della Citt\u00e0 Metropolitana di Reggio Calabria. Dopo il taglio del nastro e i saluti istituzionali interverranno nell\u2019<em>open space <\/em>dell\u2019immobile <strong>Pasquale Neri<\/strong>, responsabile del progetto Impronte a Sud \u2013 Welfare Lab per il Consorzio Macram\u00e8, <strong>Marina Tornatora<\/strong> dell\u2019Universit\u00e0 degli Studi Mediterranea di Reggio Calabria, <strong>Marina Galati<\/strong> di Banca Etica, <strong>Marco Imperiale<\/strong>, direttore di Fondazione CON IL SUD.<\/p>\n<p style=\"text-align: justify;\">Il progetto Impronte a Sud &#8211; Welfare Lab sostenuto da Fondazione CON IL SUD\u00a0 \u00e8 promosso dal Consorzio Macram\u00e8 in partenariato con 16 enti partner tra associazioni, cooperative sociali, istituzioni locali, universit\u00e0: Ace &#8211; Associazione Calabrese di Epatologia ONLUS, la Citt\u00e0 Metropolitana di Reggio Calabria, il Comune di Reggio Calabria, il Consorzio Idea Agenzia per il Lavoro, la Fondazione Ebbene, la Fondazione Finanza Etica, La Casa di Miryam cooperativa sociale, la cooperativa sociale \u201cLa nostra Valle\u201d, Rose Blu cooperativa sociale, la cooperativa Social Hub, la societ\u00e0 nazionale di Mutuo Soccorso Cesare Pozzo, la cooperativa sociale Soleinsieme, l\u2019Universit\u00e0 degli Studi Mediterranea di Reggio Calabria con il Laboratorio di ricerca Landscape_inProgress del Dipartimento Architettura e Territorio, l\u2019Universit\u00e0 degli Studi di Roma \u201cTor Vegata\u201d, l\u2019Universit\u00e0 per stranieri \u201cDante Alighieri\u201d di Reggio Calabria.<\/p>\n","protected":false},"excerpt":{"rendered":"<p>Venerd\u00ec 22 luglio alle ore 12:15 il Consorzio Macram\u00e8 inaugura l\u2019immobile confiscato di Via Possidonea 53\/A nel centro storico di Reggio Calabria. Un immobile confiscato a Gioacchino Campolo, \u201cre dei&hellip;<\/p>\n","protected":false},"author":5,"featured_media":8033,"comment_status":"open","ping_status":"open","sticky":false,"template":"","format":"standard","meta":{"_jetpack_memberships_contains_paid_content":false,"footnotes":"","jetpack_publicize_message":"","jetpack_publicize_feature_enabled":true,"jetpack_social_post_already_shared":false,"jetpack_social_options":{"image_generator_settings":{"template":"highway","default_image_id":0,"font":"","enabled":false},"version":2}},"categories":[921,196,140],"tags":[3689,239,2967,3690,3688,3694,3693,3692,3691],"class_list":["post-8032","post","type-post","status-publish","format-standard","has-post-thumbnail","hentry","category-home","category-news","category-reggio-calabria","tag-carlo-borgomeo","tag-carmelo-versace","tag-consorzio-macrame","tag-giancarlo-rafele","tag-immobile-confiscato","tag-marco-imperiale","tag-marina-tornatora","tag-marna-galai","tag-pasquale-neri"],"yoast_head":"<!-- This site is optimized with the Yoast SEO plugin v27.2 - https:\/\/yoast.com\/product\/yoast-seo-wordpress\/ -->\n<title>Consorzio Macram\u00e8 inaugura immobile confiscato Via Possidonea<\/title>\n<meta name=\"description\" content=\"Venerd\u00ec 22 luglio alle ore 12:15 il Consorzio Macram\u00e8 inaugura l\u2019immobile confiscato di Via Possidonea 53\/A\" \/>\n<meta name=\"robots\" content=\"index, follow, max-snippet:-1, max-image-preview:large, max-video-preview:-1\" \/>\n<link rel=\"canonical\" href=\"https:\/\/progettotouring.it\/radiotouring104\/2022\/07\/19\/il-consorzio-macrame-inaugura-limmobile-confiscato-di-via-possidonea-53-a-a-reggio-calabria\/\" \/>\n<meta property=\"og:locale\" content=\"it_IT\" \/>\n<meta property=\"og:type\" content=\"article\" \/>\n<meta property=\"og:title\" content=\"Consorzio Macram\u00e8 inaugura immobile confiscato Via Possidonea\" \/>\n<meta property=\"og:description\" content=\"Venerd\u00ec 22 luglio alle ore 12:15 il Consorzio Macram\u00e8 inaugura l\u2019immobile confiscato di Via Possidonea 53\/A\" \/>\n<meta property=\"og:url\" content=\"https:\/\/progettotouring.it\/radiotouring104\/2022\/07\/19\/il-consorzio-macrame-inaugura-limmobile-confiscato-di-via-possidonea-53-a-a-reggio-calabria\/\" \/>\n<meta property=\"og:site_name\" content=\"Radio Touring 104\" \/>\n<meta property=\"article:published_time\" content=\"2022-07-19T14:51:22+00:00\" \/>\n<meta property=\"article:modified_time\" content=\"2022-07-19T14:51:37+00:00\" \/>\n<meta property=\"og:image\" content=\"https:\/\/progettotouring.it\/radiotouring104\/wp-content\/uploads\/sites\/6\/2022\/07\/macrame-bene-confiscato.jpg\" \/>\n\t<meta property=\"og:image:width\" content=\"702\" \/>\n\t<meta property=\"og:image:height\" content=\"482\" \/>\n\t<meta property=\"og:image:type\" content=\"image\/jpeg\" \/>\n<meta name=\"author\" content=\"redazione\" \/>\n<meta name=\"twitter:card\" content=\"summary_large_image\" \/>\n<meta name=\"twitter:label1\" content=\"Scritto da\" \/>\n\t<meta name=\"twitter:data1\" content=\"redazione\" \/>\n\t<meta name=\"twitter:label2\" content=\"Tempo di lettura stimato\" \/>\n\t<meta name=\"twitter:data2\" content=\"2 minuti\" \/>\n<script type=\"application\/ld+json\" class=\"yoast-schema-graph\">{\"@context\":\"https:\/\/schema.org\",\"@graph\":[{\"@type\":\"Article\",\"@id\":\"https:\/\/progettotouring.it\/radiotouring104\/2022\/07\/19\/il-consorzio-macrame-inaugura-limmobile-confiscato-di-via-possidonea-53-a-a-reggio-calabria\/#article\",\"isPartOf\":{\"@id\":\"https:\/\/progettotouring.it\/radiotouring104\/2022\/07\/19\/il-consorzio-macrame-inaugura-limmobile-confiscato-di-via-possidonea-53-a-a-reggio-calabria\/\"},\"author\":{\"name\":\"redazione\",\"@id\":\"https:\/\/progettotouring.it\/radiotouring104\/#\/schema\/person\/1b3eb3c07c47136bc44c785c543e635f\"},\"headline\":\"Il Consorzio Macram\u00e8 inaugura l\u2019immobile confiscato di Via Possidonea 53\/A a Reggio Calabria\",\"datePublished\":\"2022-07-19T14:51:22+00:00\",\"dateModified\":\"2022-07-19T14:51:37+00:00\",\"mainEntityOfPage\":{\"@id\":\"https:\/\/progettotouring.it\/radiotouring104\/2022\/07\/19\/il-consorzio-macrame-inaugura-limmobile-confiscato-di-via-possidonea-53-a-a-reggio-calabria\/\"},\"wordCount\":414,\"commentCount\":0,\"publisher\":{\"@id\":\"https:\/\/progettotouring.it\/radiotouring104\/#organization\"},\"image\":{\"@id\":\"https:\/\/progettotouring.it\/radiotouring104\/2022\/07\/19\/il-consorzio-macrame-inaugura-limmobile-confiscato-di-via-possidonea-53-a-a-reggio-calabria\/#primaryimage\"},\"thumbnailUrl\":\"https:\/\/progettotouring.it\/radiotouring104\/wp-content\/uploads\/sites\/6\/2022\/07\/macrame-bene-confiscato.jpg\",\"keywords\":[\"carlo borgomeo\",\"carmelo versace\",\"consorzio macram\u00e8\",\"giancarlo rafele\",\"immobile confiscato\",\"marco imperiale\",\"marina tornatora\",\"marna galai\",\"pasquale neri\"],\"articleSection\":[\"Home\",\"News\",\"Reggio Calabria\"],\"inLanguage\":\"it-IT\",\"potentialAction\":[{\"@type\":\"CommentAction\",\"name\":\"Comment\",\"target\":[\"https:\/\/progettotouring.it\/radiotouring104\/2022\/07\/19\/il-consorzio-macrame-inaugura-limmobile-confiscato-di-via-possidonea-53-a-a-reggio-calabria\/#respond\"]}]},{\"@type\":\"WebPage\",\"@id\":\"https:\/\/progettotouring.it\/radiotouring104\/2022\/07\/19\/il-consorzio-macrame-inaugura-limmobile-confiscato-di-via-possidonea-53-a-a-reggio-calabria\/\",\"url\":\"https:\/\/progettotouring.it\/radiotouring104\/2022\/07\/19\/il-consorzio-macrame-inaugura-limmobile-confiscato-di-via-possidonea-53-a-a-reggio-calabria\/\",\"name\":\"Consorzio Macram\u00e8 inaugura immobile confiscato Via Possidonea\",\"isPartOf\":{\"@id\":\"https:\/\/progettotouring.it\/radiotouring104\/#website\"},\"primaryImageOfPage\":{\"@id\":\"https:\/\/progettotouring.it\/radiotouring104\/2022\/07\/19\/il-consorzio-macrame-inaugura-limmobile-confiscato-di-via-possidonea-53-a-a-reggio-calabria\/#primaryimage\"},\"image\":{\"@id\":\"https:\/\/progettotouring.it\/radiotouring104\/2022\/07\/19\/il-consorzio-macrame-inaugura-limmobile-confiscato-di-via-possidonea-53-a-a-reggio-calabria\/#primaryimage\"},\"thumbnailUrl\":\"https:\/\/progettotouring.it\/radiotouring104\/wp-content\/uploads\/sites\/6\/2022\/07\/macrame-bene-confiscato.jpg\",\"datePublished\":\"2022-07-19T14:51:22+00:00\",\"dateModified\":\"2022-07-19T14:51:37+00:00\",\"description\":\"Venerd\u00ec 22 luglio alle ore 12:15 il Consorzio Macram\u00e8 inaugura l\u2019immobile confiscato di Via Possidonea 53\/A\",\"breadcrumb\":{\"@id\":\"https:\/\/progettotouring.it\/radiotouring104\/2022\/07\/19\/il-consorzio-macrame-inaugura-limmobile-confiscato-di-via-possidonea-53-a-a-reggio-calabria\/#breadcrumb\"},\"inLanguage\":\"it-IT\",\"potentialAction\":[{\"@type\":\"ReadAction\",\"target\":[\"https:\/\/progettotouring.it\/radiotouring104\/2022\/07\/19\/il-consorzio-macrame-inaugura-limmobile-confiscato-di-via-possidonea-53-a-a-reggio-calabria\/\"]}]},{\"@type\":\"ImageObject\",\"inLanguage\":\"it-IT\",\"@id\":\"https:\/\/progettotouring.it\/radiotouring104\/2022\/07\/19\/il-consorzio-macrame-inaugura-limmobile-confiscato-di-via-possidonea-53-a-a-reggio-calabria\/#primaryimage\",\"url\":\"https:\/\/progettotouring.it\/radiotouring104\/wp-content\/uploads\/sites\/6\/2022\/07\/macrame-bene-confiscato.jpg\",\"contentUrl\":\"https:\/\/progettotouring.it\/radiotouring104\/wp-content\/uploads\/sites\/6\/2022\/07\/macrame-bene-confiscato.jpg\",\"width\":702,\"height\":482},{\"@type\":\"BreadcrumbList\",\"@id\":\"https:\/\/progettotouring.it\/radiotouring104\/2022\/07\/19\/il-consorzio-macrame-inaugura-limmobile-confiscato-di-via-possidonea-53-a-a-reggio-calabria\/#breadcrumb\",\"itemListElement\":[{\"@type\":\"ListItem\",\"position\":1,\"name\":\"Home\",\"item\":\"https:\/\/progettotouring.it\/radiotouring104\/\"},{\"@type\":\"ListItem\",\"position\":2,\"name\":\"Il Consorzio Macram\u00e8 inaugura l\u2019immobile confiscato di Via Possidonea 53\/A a Reggio Calabria\"}]},{\"@type\":\"WebSite\",\"@id\":\"https:\/\/progettotouring.it\/radiotouring104\/#website\",\"url\":\"https:\/\/progettotouring.it\/radiotouring104\/\",\"name\":\"Radio Touring 104\",\"description\":\"La prima radio Reggina\",\"publisher\":{\"@id\":\"https:\/\/progettotouring.it\/radiotouring104\/#organization\"},\"potentialAction\":[{\"@type\":\"SearchAction\",\"target\":{\"@type\":\"EntryPoint\",\"urlTemplate\":\"https:\/\/progettotouring.it\/radiotouring104\/?s={search_term_string}\"},\"query-input\":{\"@type\":\"PropertyValueSpecification\",\"valueRequired\":true,\"valueName\":\"search_term_string\"}}],\"inLanguage\":\"it-IT\"},{\"@type\":\"Organization\",\"@id\":\"https:\/\/progettotouring.it\/radiotouring104\/#organization\",\"name\":\"Radio Touring 104\",\"url\":\"https:\/\/progettotouring.it\/radiotouring104\/\",\"logo\":{\"@type\":\"ImageObject\",\"inLanguage\":\"it-IT\",\"@id\":\"https:\/\/progettotouring.it\/radiotouring104\/#\/schema\/logo\/image\/\",\"url\":\"https:\/\/progettotouring.it\/radiotouring104\/wp-content\/uploads\/sites\/6\/2022\/02\/cropped-logo-radio-touring-104.png\",\"contentUrl\":\"https:\/\/progettotouring.it\/radiotouring104\/wp-content\/uploads\/sites\/6\/2022\/02\/cropped-logo-radio-touring-104.png\",\"width\":377,\"height\":182,\"caption\":\"Radio Touring 104\"},\"image\":{\"@id\":\"https:\/\/progettotouring.it\/radiotouring104\/#\/schema\/logo\/image\/\"}},{\"@type\":\"Person\",\"@id\":\"https:\/\/progettotouring.it\/radiotouring104\/#\/schema\/person\/1b3eb3c07c47136bc44c785c543e635f\",\"name\":\"redazione\",\"image\":{\"@type\":\"ImageObject\",\"inLanguage\":\"it-IT\",\"@id\":\"https:\/\/secure.gravatar.com\/avatar\/0b31605b49f100769e8b624b3e05de1b73e1692e9568a352f60f53fd072e6e11?s=96&d=mm&r=g\",\"url\":\"https:\/\/secure.gravatar.com\/avatar\/0b31605b49f100769e8b624b3e05de1b73e1692e9568a352f60f53fd072e6e11?s=96&d=mm&r=g\",\"contentUrl\":\"https:\/\/secure.gravatar.com\/avatar\/0b31605b49f100769e8b624b3e05de1b73e1692e9568a352f60f53fd072e6e11?s=96&d=mm&r=g\",\"caption\":\"redazione\"},\"url\":\"https:\/\/progettotouring.it\/radiotouring104\/author\/redazione\/\"}]}<\/script>\n<!-- \/ Yoast SEO plugin. -->","yoast_head_json":{"title":"Consorzio Macram\u00e8 inaugura immobile confiscato Via Possidonea","description":"Venerd\u00ec 22 luglio alle ore 12:15 il Consorzio Macram\u00e8 inaugura l\u2019immobile confiscato di Via Possidonea 53\/A","robots":{"index":"index","follow":"follow","max-snippet":"max-snippet:-1","max-image-preview":"max-image-preview:large","max-video-preview":"max-video-preview:-1"},"canonical":"https:\/\/progettotouring.it\/radiotouring104\/2022\/07\/19\/il-consorzio-macrame-inaugura-limmobile-confiscato-di-via-possidonea-53-a-a-reggio-calabria\/","og_locale":"it_IT","og_type":"article","og_title":"Consorzio Macram\u00e8 inaugura immobile confiscato Via Possidonea","og_description":"Venerd\u00ec 22 luglio alle ore 12:15 il Consorzio Macram\u00e8 inaugura l\u2019immobile confiscato di Via Possidonea 53\/A","og_url":"https:\/\/progettotouring.it\/radiotouring104\/2022\/07\/19\/il-consorzio-macrame-inaugura-limmobile-confiscato-di-via-possidonea-53-a-a-reggio-calabria\/","og_site_name":"Radio Touring 104","article_published_time":"2022-07-19T14:51:22+00:00","article_modified_time":"2022-07-19T14:51:37+00:00","og_image":[{"width":702,"height":482,"url":"https:\/\/progettotouring.it\/radiotouring104\/wp-content\/uploads\/sites\/6\/2022\/07\/macrame-bene-confiscato.jpg","type":"image\/jpeg"}],"author":"redazione","twitter_card":"summary_large_image","twitter_misc":{"Scritto da":"redazione","Tempo di lettura stimato":"2 minuti"},"schema":{"@context":"https:\/\/schema.org","@graph":[{"@type":"Article","@id":"https:\/\/progettotouring.it\/radiotouring104\/2022\/07\/19\/il-consorzio-macrame-inaugura-limmobile-confiscato-di-via-possidonea-53-a-a-reggio-calabria\/#article","isPartOf":{"@id":"https:\/\/progettotouring.it\/radiotouring104\/2022\/07\/19\/il-consorzio-macrame-inaugura-limmobile-confiscato-di-via-possidonea-53-a-a-reggio-calabria\/"},"author":{"name":"redazione","@id":"https:\/\/progettotouring.it\/radiotouring104\/#\/schema\/person\/1b3eb3c07c47136bc44c785c543e635f"},"headline":"Il Consorzio Macram\u00e8 inaugura l\u2019immobile confiscato di Via Possidonea 53\/A a Reggio Calabria","datePublished":"2022-07-19T14:51:22+00:00","dateModified":"2022-07-19T14:51:37+00:00","mainEntityOfPage":{"@id":"https:\/\/progettotouring.it\/radiotouring104\/2022\/07\/19\/il-consorzio-macrame-inaugura-limmobile-confiscato-di-via-possidonea-53-a-a-reggio-calabria\/"},"wordCount":414,"commentCount":0,"publisher":{"@id":"https:\/\/progettotouring.it\/radiotouring104\/#organization"},"image":{"@id":"https:\/\/progettotouring.it\/radiotouring104\/2022\/07\/19\/il-consorzio-macrame-inaugura-limmobile-confiscato-di-via-possidonea-53-a-a-reggio-calabria\/#primaryimage"},"thumbnailUrl":"https:\/\/progettotouring.it\/radiotouring104\/wp-content\/uploads\/sites\/6\/2022\/07\/macrame-bene-confiscato.jpg","keywords":["carlo borgomeo","carmelo versace","consorzio macram\u00e8","giancarlo rafele","immobile confiscato","marco imperiale","marina tornatora","marna galai","pasquale neri"],"articleSection":["Home","News","Reggio Calabria"],"inLanguage":"it-IT","potentialAction":[{"@type":"CommentAction","name":"Comment","target":["https:\/\/progettotouring.it\/radiotouring104\/2022\/07\/19\/il-consorzio-macrame-inaugura-limmobile-confiscato-di-via-possidonea-53-a-a-reggio-calabria\/#respond"]}]},{"@type":"WebPage","@id":"https:\/\/progettotouring.it\/radiotouring104\/2022\/07\/19\/il-consorzio-macrame-inaugura-limmobile-confiscato-di-via-possidonea-53-a-a-reggio-calabria\/","url":"https:\/\/progettotouring.it\/radiotouring104\/2022\/07\/19\/il-consorzio-macrame-inaugura-limmobile-confiscato-di-via-possidonea-53-a-a-reggio-calabria\/","name":"Consorzio Macram\u00e8 inaugura immobile confiscato Via Possidonea","isPartOf":{"@id":"https:\/\/progettotouring.it\/radiotouring104\/#website"},"primaryImageOfPage":{"@id":"https:\/\/progettotouring.it\/radiotouring104\/2022\/07\/19\/il-consorzio-macrame-inaugura-limmobile-confiscato-di-via-possidonea-53-a-a-reggio-calabria\/#primaryimage"},"image":{"@id":"https:\/\/progettotouring.it\/radiotouring104\/2022\/07\/19\/il-consorzio-macrame-inaugura-limmobile-confiscato-di-via-possidonea-53-a-a-reggio-calabria\/#primaryimage"},"thumbnailUrl":"https:\/\/progettotouring.it\/radiotouring104\/wp-content\/uploads\/sites\/6\/2022\/07\/macrame-bene-confiscato.jpg","datePublished":"2022-07-19T14:51:22+00:00","dateModified":"2022-07-19T14:51:37+00:00","description":"Venerd\u00ec 22 luglio alle ore 12:15 il Consorzio Macram\u00e8 inaugura l\u2019immobile confiscato di Via Possidonea 53\/A","breadcrumb":{"@id":"https:\/\/progettotouring.it\/radiotouring104\/2022\/07\/19\/il-consorzio-macrame-inaugura-limmobile-confiscato-di-via-possidonea-53-a-a-reggio-calabria\/#breadcrumb"},"inLanguage":"it-IT","potentialAction":[{"@type":"ReadAction","target":["https:\/\/progettotouring.it\/radiotouring104\/2022\/07\/19\/il-consorzio-macrame-inaugura-limmobile-confiscato-di-via-possidonea-53-a-a-reggio-calabria\/"]}]},{"@type":"ImageObject","inLanguage":"it-IT","@id":"https:\/\/progettotouring.it\/radiotouring104\/2022\/07\/19\/il-consorzio-macrame-inaugura-limmobile-confiscato-di-via-possidonea-53-a-a-reggio-calabria\/#primaryimage","url":"https:\/\/progettotouring.it\/radiotouring104\/wp-content\/uploads\/sites\/6\/2022\/07\/macrame-bene-confiscato.jpg","contentUrl":"https:\/\/progettotouring.it\/radiotouring104\/wp-content\/uploads\/sites\/6\/2022\/07\/macrame-bene-confiscato.jpg","width":702,"height":482},{"@type":"BreadcrumbList","@id":"https:\/\/progettotouring.it\/radiotouring104\/2022\/07\/19\/il-consorzio-macrame-inaugura-limmobile-confiscato-di-via-possidonea-53-a-a-reggio-calabria\/#breadcrumb","itemListElement":[{"@type":"ListItem","position":1,"name":"Home","item":"https:\/\/progettotouring.it\/radiotouring104\/"},{"@type":"ListItem","position":2,"name":"Il Consorzio Macram\u00e8 inaugura l\u2019immobile confiscato di Via Possidonea 53\/A a Reggio Calabria"}]},{"@type":"WebSite","@id":"https:\/\/progettotouring.it\/radiotouring104\/#website","url":"https:\/\/progettotouring.it\/radiotouring104\/","name":"Radio Touring 104","description":"La prima radio Reggina","publisher":{"@id":"https:\/\/progettotouring.it\/radiotouring104\/#organization"},"potentialAction":[{"@type":"SearchAction","target":{"@type":"EntryPoint","urlTemplate":"https:\/\/progettotouring.it\/radiotouring104\/?s={search_term_string}"},"query-input":{"@type":"PropertyValueSpecification","valueRequired":true,"valueName":"search_term_string"}}],"inLanguage":"it-IT"},{"@type":"Organization","@id":"https:\/\/progettotouring.it\/radiotouring104\/#organization","name":"Radio Touring 104","url":"https:\/\/progettotouring.it\/radiotouring104\/","logo":{"@type":"ImageObject","inLanguage":"it-IT","@id":"https:\/\/progettotouring.it\/radiotouring104\/#\/schema\/logo\/image\/","url":"https:\/\/progettotouring.it\/radiotouring104\/wp-content\/uploads\/sites\/6\/2022\/02\/cropped-logo-radio-touring-104.png","contentUrl":"https:\/\/progettotouring.it\/radiotouring104\/wp-content\/uploads\/sites\/6\/2022\/02\/cropped-logo-radio-touring-104.png","width":377,"height":182,"caption":"Radio Touring 104"},"image":{"@id":"https:\/\/progettotouring.it\/radiotouring104\/#\/schema\/logo\/image\/"}},{"@type":"Person","@id":"https:\/\/progettotouring.it\/radiotouring104\/#\/schema\/person\/1b3eb3c07c47136bc44c785c543e635f","name":"redazione","image":{"@type":"ImageObject","inLanguage":"it-IT","@id":"https:\/\/secure.gravatar.com\/avatar\/0b31605b49f100769e8b624b3e05de1b73e1692e9568a352f60f53fd072e6e11?s=96&d=mm&r=g","url":"https:\/\/secure.gravatar.com\/avatar\/0b31605b49f100769e8b624b3e05de1b73e1692e9568a352f60f53fd072e6e11?s=96&d=mm&r=g","contentUrl":"https:\/\/secure.gravatar.com\/avatar\/0b31605b49f100769e8b624b3e05de1b73e1692e9568a352f60f53fd072e6e11?s=96&d=mm&r=g","caption":"redazione"},"url":"https:\/\/progettotouring.it\/radiotouring104\/author\/redazione\/"}]}},"jetpack_publicize_connections":[],"jetpack_featured_media_url":"https:\/\/progettotouring.it\/radiotouring104\/wp-content\/uploads\/sites\/6\/2022\/07\/macrame-bene-confiscato.jpg","jetpack_sharing_enabled":true,"_links":{"self":[{"href":"https:\/\/progettotouring.it\/radiotouring104\/wp-json\/wp\/v2\/posts\/8032","targetHints":{"allow":["GET"]}}],"collection":[{"href":"https:\/\/progettotouring.it\/radiotouring104\/wp-json\/wp\/v2\/posts"}],"about":[{"href":"https:\/\/progettotouring.it\/radiotouring104\/wp-json\/wp\/v2\/types\/post"}],"author":[{"embeddable":true,"href":"https:\/\/progettotouring.it\/radiotouring104\/wp-json\/wp\/v2\/users\/5"}],"replies":[{"embeddable":true,"href":"https:\/\/progettotouring.it\/radiotouring104\/wp-json\/wp\/v2\/comments?post=8032"}],"version-history":[{"count":1,"href":"https:\/\/progettotouring.it\/radiotouring104\/wp-json\/wp\/v2\/posts\/8032\/revisions"}],"predecessor-version":[{"id":8034,"href":"https:\/\/progettotouring.it\/radiotouring104\/wp-json\/wp\/v2\/posts\/8032\/revisions\/8034"}],"wp:featuredmedia":[{"embeddable":true,"href":"https:\/\/progettotouring.it\/radiotouring104\/wp-json\/wp\/v2\/media\/8033"}],"wp:attachment":[{"href":"https:\/\/progettotouring.it\/radiotouring104\/wp-json\/wp\/v2\/media?parent=8032"}],"wp:term":[{"taxonomy":"category","embeddable":true,"href":"https:\/\/progettotouring.it\/radiotouring104\/wp-json\/wp\/v2\/categories?post=8032"},{"taxonomy":"post_tag","embeddable":true,"href":"https:\/\/progettotouring.it\/radiotouring104\/wp-json\/wp\/v2\/tags?post=8032"}],"curies":[{"name":"wp","href":"https:\/\/api.w.org\/{rel}","templated":true}]}}