{"id":8037,"date":"2022-07-19T16:57:50","date_gmt":"2022-07-19T14:57:50","guid":{"rendered":"https:\/\/progettotouring.it\/radiotouring104\/?p=8037"},"modified":"2022-07-19T17:05:30","modified_gmt":"2022-07-19T15:05:30","slug":"il-castello-di-sabbia-arriva-il-corto-danimazione-dedicato-al-giudice-antonino-scopelliti","status":"publish","type":"post","link":"https:\/\/progettotouring.it\/radiotouring104\/2022\/07\/19\/il-castello-di-sabbia-arriva-il-corto-danimazione-dedicato-al-giudice-antonino-scopelliti\/","title":{"rendered":"Il Castello di Sabbia: arriva il corto d&#8217;animazione dedicato al giudice Antonino Scopelliti"},"content":{"rendered":"<p class=\"xmprfx_gmail-MsoNoSpacing\" style=\"text-align: justify;\">La\u00a0<b>Fondazione Antonino Scopelliti<\/b>, d\u2019intesa con lo studio\u00a0\u00a0<b>Magmanimation,\u00a0<\/b>ha presentato ieri a Reggio Calabria, nel salone dei Lampadari Italo Falcomat\u00e0 di Palazzo San Giorgio l\u2019avvio del ciclo di cortometraggi:<b>\u00a0Memorianimata.\u00a0<\/b>L\u2019iniziativa, gi\u00e0 anticipata la scorsa estate durante il premio nazionale 2021 in occasione del 30ennale dalla morte dell\u2019alto magistrato italiano, ha avuto il suo battesimo ufficiale, nelle scorse settimane, alla Camera dei deputati.<\/p>\n<p class=\"xmprfx_gmail-MsoNoSpacing\" style=\"text-align: justify;\">Il primo video, dal titolo\u00a0<b>Il Castello di sabbia<\/b>, realizzato da Magmanimation, \u00e8 dedicato alla\u00a0<b>figura del giudice Antonino Scopelliti<\/b>, sostituto procuratore generale della Corte di Cassazione, assassinato il 9 agosto 1991 a Piale di Villa San Giovanni (Reggio Calabria), tragico omicidio sul quale, a distanza di trent\u2019anni, ancora non si \u00e8 fatta la piena chiarezza.<\/p>\n<p class=\"xmprfx_gmail-MsoNoSpacing\" style=\"text-align: justify;\">Alla presentazione di ieri, moderata da Maria Cantone direttrice della Fondazione, hanno preso parte Rosanna Scopelliti, figlia del compianto giudice presidente della Fondazione, da diversi anni attiva in Calabria, insieme a Pietro Adorato, Annalisa Locatelli e Antonio Rocca fondatori della Magmanimation, uno studio di animazione che riunisce artisti, animatori, musicisti, scrittori e sceneggiatori che opera sul territorio nazionale e internazionale. Per le istituzioni erano presenti il sindaco facente funzioni di Reggio Calabria Paolo Brunetti, gli assessori comunali Lucia Nucera (Istruzione) e Giuggi Palmenta (Legalit\u00e0 e politiche giovanili) e in rappresentanza della commissione regionale antindrangheta Filippo Rosati.<b>\u00a0<\/b>Il cortometraggio Il Castello di Sabbia, segna l\u2019esordio di un filone produttivo che vedr\u00e0 i temi dell\u2019impegno civile e della memoria delle vittime declinati attraverso il linguaggio d\u2019animazione.<b><\/b><\/p>\n<p class=\"xmprfx_gmail-MsoNoSpacing\" style=\"text-align: justify;\">\u201cRingrazio i professionisti di Magmanimation per il grande impegno che hanno dimostrato, per tutti noi rappresentano una chiara testimonianza della vera identit\u00e0 dei calabresi, un germoglio di ottimismo e volont\u00e0 per il nostro Paese\u201d ha affermato\u00a0<b>Rosanna Scopelliti<\/b>\u00a0aggiungendo \u201cPensiamo inoltre che questi cortometraggi, partendo da \u2018Il Castello di sabbia\u2019, possano essere visti e raccontati soprattutto nelle scuole, da intendere anche come luoghi per costruire un sano impegno sociale\u201d.\u00a0 \u201cAnche attraverso questa sinergia con Magmanimation \u2013\u00a0<b>ha detto Scopelliti<\/b>\u00a0&#8211; intendiamo parlare alle giovani generazioni, interpretando i loro pensieri attraverso nuovi linguaggi, quale appunto pu\u00f2 essere un video animato. Il nostro auspicio \u2013 conclude &#8211; \u00e8 quello che non si perda la memoria delle persone che hanno combattuto e creduto nel proprio Paese\u201d. Per\u00a0<b>Annalisa Locatelli<\/b>\u00a0screen-writer di Magmanimation \u201cLa didattica attuale necessita, oggi pi\u00f9 che mai, dei nuovi linguaggi, come quello dell\u2019animazione, per favorire l\u2019incontro culturale con le giovanissime generazioni e facilitare l\u2019apprendimento\u201d.\u00a0<b>Pietro Adorato<\/b>\u00a0presidente di Magmanimation ha affermato che \u201cil linguaggio dell&#8217;animazione \u00e8 universalmente conosciuto come linguaggio tanto versatile e divulgativo quanto innocente e semplice per l\u2019utenza cui tradizionalmente si rivolge. Solo se l\u2019idea assume la giusta forma, colore, suono &#8211; ha concluso &#8211; pu\u00f2 diventare storia animata e veicolare emozioni\u201d. Per il\u00a0<b>sindaco Paolo Brunetti<\/b>\u00a0\u201cl\u2019unione delle migliori sinergie reggine, soprattutto giovanili, rappresentano lo strumento pi\u00f9 efficace per sconfiggere la ndrangheta\u201d. \u201cIl metodo innovativo proposto da Magmanimation grazie alla Fondazione Scopelliti \u2013\u00a0<b>ha detto Palmenta<\/b>\u00a0&#8211; \u00e8 quello di cercare di arrivare a parlare lo stesso linguaggio che parlano i nostri giovani, anche i pi\u00f9 piccoli, abbiamo quindi voluto sostenere da subito questa iniziativa affinch\u00e9 la memoria possa parlare a loro attraverso i loro strumenti\u201d. \u201cMagmanimation \u2013\u00a0<b>ha affermato Nucera<\/b>\u00a0&#8211; \u00e8 una giovane realt\u00e0 di reggini di grande interesse, ci\u00f2 testimonia la notevole intraprendenza che i nostri professionisti riescono ad esprimere magari anche con pochi mezzi\u201d, \u201cla materia legalit\u00e0 &#8211; ha aggiunto &#8211; sar\u00e0 inserita come argomento di studio nelle nostre scuole comunali, partendo proprio da questi cortometraggi promossi dalla Fondazione Scopelliti, anche per via dell\u2019utilizzo innovativo molto attinente\u201d.<\/p>\n","protected":false},"excerpt":{"rendered":"<p>La\u00a0Fondazione Antonino Scopelliti, d\u2019intesa con lo studio\u00a0\u00a0Magmanimation,\u00a0ha presentato ieri a Reggio Calabria, nel salone dei Lampadari Italo Falcomat\u00e0 di Palazzo San Giorgio l\u2019avvio del ciclo di cortometraggi:\u00a0Memorianimata.\u00a0L\u2019iniziativa, gi\u00e0 anticipata la&hellip;<\/p>\n","protected":false},"author":5,"featured_media":8038,"comment_status":"open","ping_status":"open","sticky":false,"template":"","format":"standard","meta":{"_jetpack_memberships_contains_paid_content":false,"footnotes":"","jetpack_publicize_message":"","jetpack_publicize_feature_enabled":true,"jetpack_social_post_already_shared":false,"jetpack_social_options":{"image_generator_settings":{"template":"highway","default_image_id":0,"font":"","enabled":false},"version":2}},"categories":[145,196,140],"tags":[570,3695,3698,3696,3697],"class_list":["post-8037","post","type-post","status-publish","format-standard","has-post-thumbnail","hentry","category-cultura","category-news","category-reggio-calabria","tag-antonino-scopelliti","tag-fondazione-antonino-scopelliti","tag-il-castello-di-sabbia","tag-magmanimation","tag-memorianimata"],"yoast_head":"<!-- This site is optimized with the Yoast SEO plugin v27.2 - https:\/\/yoast.com\/product\/yoast-seo-wordpress\/ -->\n<title>Il Castello di Sabbia: il corto dedicato al giudice Antonino Scopelliti<\/title>\n<meta name=\"description\" content=\"La\u00a0Fondazione Antonino Scopelliti ha presentato con Magmanimation ieri a Reggio Calabria il ciclo di cortometraggi:\u00a0Memorianimata\" \/>\n<meta name=\"robots\" content=\"index, follow, max-snippet:-1, max-image-preview:large, max-video-preview:-1\" \/>\n<link rel=\"canonical\" href=\"https:\/\/progettotouring.it\/radiotouring104\/2022\/07\/19\/il-castello-di-sabbia-arriva-il-corto-danimazione-dedicato-al-giudice-antonino-scopelliti\/\" \/>\n<meta property=\"og:locale\" content=\"it_IT\" \/>\n<meta property=\"og:type\" content=\"article\" \/>\n<meta property=\"og:title\" content=\"Il Castello di Sabbia: il corto dedicato al giudice Antonino Scopelliti\" \/>\n<meta property=\"og:description\" content=\"La\u00a0Fondazione Antonino Scopelliti ha presentato con Magmanimation ieri a Reggio Calabria il ciclo di cortometraggi:\u00a0Memorianimata\" \/>\n<meta property=\"og:url\" content=\"https:\/\/progettotouring.it\/radiotouring104\/2022\/07\/19\/il-castello-di-sabbia-arriva-il-corto-danimazione-dedicato-al-giudice-antonino-scopelliti\/\" \/>\n<meta property=\"og:site_name\" content=\"Radio Touring 104\" \/>\n<meta property=\"article:published_time\" content=\"2022-07-19T14:57:50+00:00\" \/>\n<meta property=\"article:modified_time\" content=\"2022-07-19T15:05:30+00:00\" \/>\n<meta property=\"og:image\" content=\"https:\/\/progettotouring.it\/radiotouring104\/wp-content\/uploads\/sites\/6\/2022\/07\/FOTO-PRESENTAZIONE-CASTELLO-DI-SABBIA.jpg\" \/>\n\t<meta property=\"og:image:width\" content=\"2016\" \/>\n\t<meta property=\"og:image:height\" content=\"1134\" \/>\n\t<meta property=\"og:image:type\" content=\"image\/jpeg\" \/>\n<meta name=\"author\" content=\"redazione\" \/>\n<meta name=\"twitter:card\" content=\"summary_large_image\" \/>\n<meta name=\"twitter:label1\" content=\"Scritto da\" \/>\n\t<meta name=\"twitter:data1\" content=\"redazione\" \/>\n\t<meta name=\"twitter:label2\" content=\"Tempo di lettura stimato\" \/>\n\t<meta name=\"twitter:data2\" content=\"3 minuti\" \/>\n<script type=\"application\/ld+json\" class=\"yoast-schema-graph\">{\"@context\":\"https:\/\/schema.org\",\"@graph\":[{\"@type\":\"Article\",\"@id\":\"https:\/\/progettotouring.it\/radiotouring104\/2022\/07\/19\/il-castello-di-sabbia-arriva-il-corto-danimazione-dedicato-al-giudice-antonino-scopelliti\/#article\",\"isPartOf\":{\"@id\":\"https:\/\/progettotouring.it\/radiotouring104\/2022\/07\/19\/il-castello-di-sabbia-arriva-il-corto-danimazione-dedicato-al-giudice-antonino-scopelliti\/\"},\"author\":{\"name\":\"redazione\",\"@id\":\"https:\/\/progettotouring.it\/radiotouring104\/#\/schema\/person\/1b3eb3c07c47136bc44c785c543e635f\"},\"headline\":\"Il Castello di Sabbia: arriva il corto d&#8217;animazione dedicato al giudice Antonino Scopelliti\",\"datePublished\":\"2022-07-19T14:57:50+00:00\",\"dateModified\":\"2022-07-19T15:05:30+00:00\",\"mainEntityOfPage\":{\"@id\":\"https:\/\/progettotouring.it\/radiotouring104\/2022\/07\/19\/il-castello-di-sabbia-arriva-il-corto-danimazione-dedicato-al-giudice-antonino-scopelliti\/\"},\"wordCount\":603,\"commentCount\":0,\"publisher\":{\"@id\":\"https:\/\/progettotouring.it\/radiotouring104\/#organization\"},\"image\":{\"@id\":\"https:\/\/progettotouring.it\/radiotouring104\/2022\/07\/19\/il-castello-di-sabbia-arriva-il-corto-danimazione-dedicato-al-giudice-antonino-scopelliti\/#primaryimage\"},\"thumbnailUrl\":\"https:\/\/progettotouring.it\/radiotouring104\/wp-content\/uploads\/sites\/6\/2022\/07\/FOTO-PRESENTAZIONE-CASTELLO-DI-SABBIA.jpg\",\"keywords\":[\"antonino scopelliti\",\"fondazione antonino scopelliti\",\"il castello di sabbia\",\"magmanimation\",\"memorianimata\"],\"articleSection\":[\"Cultura\",\"News\",\"Reggio Calabria\"],\"inLanguage\":\"it-IT\",\"potentialAction\":[{\"@type\":\"CommentAction\",\"name\":\"Comment\",\"target\":[\"https:\/\/progettotouring.it\/radiotouring104\/2022\/07\/19\/il-castello-di-sabbia-arriva-il-corto-danimazione-dedicato-al-giudice-antonino-scopelliti\/#respond\"]}]},{\"@type\":\"WebPage\",\"@id\":\"https:\/\/progettotouring.it\/radiotouring104\/2022\/07\/19\/il-castello-di-sabbia-arriva-il-corto-danimazione-dedicato-al-giudice-antonino-scopelliti\/\",\"url\":\"https:\/\/progettotouring.it\/radiotouring104\/2022\/07\/19\/il-castello-di-sabbia-arriva-il-corto-danimazione-dedicato-al-giudice-antonino-scopelliti\/\",\"name\":\"Il Castello di Sabbia: il corto dedicato al giudice Antonino Scopelliti\",\"isPartOf\":{\"@id\":\"https:\/\/progettotouring.it\/radiotouring104\/#website\"},\"primaryImageOfPage\":{\"@id\":\"https:\/\/progettotouring.it\/radiotouring104\/2022\/07\/19\/il-castello-di-sabbia-arriva-il-corto-danimazione-dedicato-al-giudice-antonino-scopelliti\/#primaryimage\"},\"image\":{\"@id\":\"https:\/\/progettotouring.it\/radiotouring104\/2022\/07\/19\/il-castello-di-sabbia-arriva-il-corto-danimazione-dedicato-al-giudice-antonino-scopelliti\/#primaryimage\"},\"thumbnailUrl\":\"https:\/\/progettotouring.it\/radiotouring104\/wp-content\/uploads\/sites\/6\/2022\/07\/FOTO-PRESENTAZIONE-CASTELLO-DI-SABBIA.jpg\",\"datePublished\":\"2022-07-19T14:57:50+00:00\",\"dateModified\":\"2022-07-19T15:05:30+00:00\",\"description\":\"La\u00a0Fondazione Antonino Scopelliti ha presentato con Magmanimation ieri a Reggio Calabria il ciclo di cortometraggi:\u00a0Memorianimata\",\"breadcrumb\":{\"@id\":\"https:\/\/progettotouring.it\/radiotouring104\/2022\/07\/19\/il-castello-di-sabbia-arriva-il-corto-danimazione-dedicato-al-giudice-antonino-scopelliti\/#breadcrumb\"},\"inLanguage\":\"it-IT\",\"potentialAction\":[{\"@type\":\"ReadAction\",\"target\":[\"https:\/\/progettotouring.it\/radiotouring104\/2022\/07\/19\/il-castello-di-sabbia-arriva-il-corto-danimazione-dedicato-al-giudice-antonino-scopelliti\/\"]}]},{\"@type\":\"ImageObject\",\"inLanguage\":\"it-IT\",\"@id\":\"https:\/\/progettotouring.it\/radiotouring104\/2022\/07\/19\/il-castello-di-sabbia-arriva-il-corto-danimazione-dedicato-al-giudice-antonino-scopelliti\/#primaryimage\",\"url\":\"https:\/\/progettotouring.it\/radiotouring104\/wp-content\/uploads\/sites\/6\/2022\/07\/FOTO-PRESENTAZIONE-CASTELLO-DI-SABBIA.jpg\",\"contentUrl\":\"https:\/\/progettotouring.it\/radiotouring104\/wp-content\/uploads\/sites\/6\/2022\/07\/FOTO-PRESENTAZIONE-CASTELLO-DI-SABBIA.jpg\",\"width\":2016,\"height\":1134},{\"@type\":\"BreadcrumbList\",\"@id\":\"https:\/\/progettotouring.it\/radiotouring104\/2022\/07\/19\/il-castello-di-sabbia-arriva-il-corto-danimazione-dedicato-al-giudice-antonino-scopelliti\/#breadcrumb\",\"itemListElement\":[{\"@type\":\"ListItem\",\"position\":1,\"name\":\"Home\",\"item\":\"https:\/\/progettotouring.it\/radiotouring104\/\"},{\"@type\":\"ListItem\",\"position\":2,\"name\":\"Il Castello di Sabbia: arriva il corto d&#8217;animazione dedicato al giudice Antonino Scopelliti\"}]},{\"@type\":\"WebSite\",\"@id\":\"https:\/\/progettotouring.it\/radiotouring104\/#website\",\"url\":\"https:\/\/progettotouring.it\/radiotouring104\/\",\"name\":\"Radio Touring 104\",\"description\":\"La prima radio Reggina\",\"publisher\":{\"@id\":\"https:\/\/progettotouring.it\/radiotouring104\/#organization\"},\"potentialAction\":[{\"@type\":\"SearchAction\",\"target\":{\"@type\":\"EntryPoint\",\"urlTemplate\":\"https:\/\/progettotouring.it\/radiotouring104\/?s={search_term_string}\"},\"query-input\":{\"@type\":\"PropertyValueSpecification\",\"valueRequired\":true,\"valueName\":\"search_term_string\"}}],\"inLanguage\":\"it-IT\"},{\"@type\":\"Organization\",\"@id\":\"https:\/\/progettotouring.it\/radiotouring104\/#organization\",\"name\":\"Radio Touring 104\",\"url\":\"https:\/\/progettotouring.it\/radiotouring104\/\",\"logo\":{\"@type\":\"ImageObject\",\"inLanguage\":\"it-IT\",\"@id\":\"https:\/\/progettotouring.it\/radiotouring104\/#\/schema\/logo\/image\/\",\"url\":\"https:\/\/progettotouring.it\/radiotouring104\/wp-content\/uploads\/sites\/6\/2022\/02\/cropped-logo-radio-touring-104.png\",\"contentUrl\":\"https:\/\/progettotouring.it\/radiotouring104\/wp-content\/uploads\/sites\/6\/2022\/02\/cropped-logo-radio-touring-104.png\",\"width\":377,\"height\":182,\"caption\":\"Radio Touring 104\"},\"image\":{\"@id\":\"https:\/\/progettotouring.it\/radiotouring104\/#\/schema\/logo\/image\/\"}},{\"@type\":\"Person\",\"@id\":\"https:\/\/progettotouring.it\/radiotouring104\/#\/schema\/person\/1b3eb3c07c47136bc44c785c543e635f\",\"name\":\"redazione\",\"image\":{\"@type\":\"ImageObject\",\"inLanguage\":\"it-IT\",\"@id\":\"https:\/\/secure.gravatar.com\/avatar\/0b31605b49f100769e8b624b3e05de1b73e1692e9568a352f60f53fd072e6e11?s=96&d=mm&r=g\",\"url\":\"https:\/\/secure.gravatar.com\/avatar\/0b31605b49f100769e8b624b3e05de1b73e1692e9568a352f60f53fd072e6e11?s=96&d=mm&r=g\",\"contentUrl\":\"https:\/\/secure.gravatar.com\/avatar\/0b31605b49f100769e8b624b3e05de1b73e1692e9568a352f60f53fd072e6e11?s=96&d=mm&r=g\",\"caption\":\"redazione\"},\"url\":\"https:\/\/progettotouring.it\/radiotouring104\/author\/redazione\/\"}]}<\/script>\n<!-- \/ Yoast SEO plugin. -->","yoast_head_json":{"title":"Il Castello di Sabbia: il corto dedicato al giudice Antonino Scopelliti","description":"La\u00a0Fondazione Antonino Scopelliti ha presentato con Magmanimation ieri a Reggio Calabria il ciclo di cortometraggi:\u00a0Memorianimata","robots":{"index":"index","follow":"follow","max-snippet":"max-snippet:-1","max-image-preview":"max-image-preview:large","max-video-preview":"max-video-preview:-1"},"canonical":"https:\/\/progettotouring.it\/radiotouring104\/2022\/07\/19\/il-castello-di-sabbia-arriva-il-corto-danimazione-dedicato-al-giudice-antonino-scopelliti\/","og_locale":"it_IT","og_type":"article","og_title":"Il Castello di Sabbia: il corto dedicato al giudice Antonino Scopelliti","og_description":"La\u00a0Fondazione Antonino Scopelliti ha presentato con Magmanimation ieri a Reggio Calabria il ciclo di cortometraggi:\u00a0Memorianimata","og_url":"https:\/\/progettotouring.it\/radiotouring104\/2022\/07\/19\/il-castello-di-sabbia-arriva-il-corto-danimazione-dedicato-al-giudice-antonino-scopelliti\/","og_site_name":"Radio Touring 104","article_published_time":"2022-07-19T14:57:50+00:00","article_modified_time":"2022-07-19T15:05:30+00:00","og_image":[{"width":2016,"height":1134,"url":"https:\/\/progettotouring.it\/radiotouring104\/wp-content\/uploads\/sites\/6\/2022\/07\/FOTO-PRESENTAZIONE-CASTELLO-DI-SABBIA.jpg","type":"image\/jpeg"}],"author":"redazione","twitter_card":"summary_large_image","twitter_misc":{"Scritto da":"redazione","Tempo di lettura stimato":"3 minuti"},"schema":{"@context":"https:\/\/schema.org","@graph":[{"@type":"Article","@id":"https:\/\/progettotouring.it\/radiotouring104\/2022\/07\/19\/il-castello-di-sabbia-arriva-il-corto-danimazione-dedicato-al-giudice-antonino-scopelliti\/#article","isPartOf":{"@id":"https:\/\/progettotouring.it\/radiotouring104\/2022\/07\/19\/il-castello-di-sabbia-arriva-il-corto-danimazione-dedicato-al-giudice-antonino-scopelliti\/"},"author":{"name":"redazione","@id":"https:\/\/progettotouring.it\/radiotouring104\/#\/schema\/person\/1b3eb3c07c47136bc44c785c543e635f"},"headline":"Il Castello di Sabbia: arriva il corto d&#8217;animazione dedicato al giudice Antonino Scopelliti","datePublished":"2022-07-19T14:57:50+00:00","dateModified":"2022-07-19T15:05:30+00:00","mainEntityOfPage":{"@id":"https:\/\/progettotouring.it\/radiotouring104\/2022\/07\/19\/il-castello-di-sabbia-arriva-il-corto-danimazione-dedicato-al-giudice-antonino-scopelliti\/"},"wordCount":603,"commentCount":0,"publisher":{"@id":"https:\/\/progettotouring.it\/radiotouring104\/#organization"},"image":{"@id":"https:\/\/progettotouring.it\/radiotouring104\/2022\/07\/19\/il-castello-di-sabbia-arriva-il-corto-danimazione-dedicato-al-giudice-antonino-scopelliti\/#primaryimage"},"thumbnailUrl":"https:\/\/progettotouring.it\/radiotouring104\/wp-content\/uploads\/sites\/6\/2022\/07\/FOTO-PRESENTAZIONE-CASTELLO-DI-SABBIA.jpg","keywords":["antonino scopelliti","fondazione antonino scopelliti","il castello di sabbia","magmanimation","memorianimata"],"articleSection":["Cultura","News","Reggio Calabria"],"inLanguage":"it-IT","potentialAction":[{"@type":"CommentAction","name":"Comment","target":["https:\/\/progettotouring.it\/radiotouring104\/2022\/07\/19\/il-castello-di-sabbia-arriva-il-corto-danimazione-dedicato-al-giudice-antonino-scopelliti\/#respond"]}]},{"@type":"WebPage","@id":"https:\/\/progettotouring.it\/radiotouring104\/2022\/07\/19\/il-castello-di-sabbia-arriva-il-corto-danimazione-dedicato-al-giudice-antonino-scopelliti\/","url":"https:\/\/progettotouring.it\/radiotouring104\/2022\/07\/19\/il-castello-di-sabbia-arriva-il-corto-danimazione-dedicato-al-giudice-antonino-scopelliti\/","name":"Il Castello di Sabbia: il corto dedicato al giudice Antonino Scopelliti","isPartOf":{"@id":"https:\/\/progettotouring.it\/radiotouring104\/#website"},"primaryImageOfPage":{"@id":"https:\/\/progettotouring.it\/radiotouring104\/2022\/07\/19\/il-castello-di-sabbia-arriva-il-corto-danimazione-dedicato-al-giudice-antonino-scopelliti\/#primaryimage"},"image":{"@id":"https:\/\/progettotouring.it\/radiotouring104\/2022\/07\/19\/il-castello-di-sabbia-arriva-il-corto-danimazione-dedicato-al-giudice-antonino-scopelliti\/#primaryimage"},"thumbnailUrl":"https:\/\/progettotouring.it\/radiotouring104\/wp-content\/uploads\/sites\/6\/2022\/07\/FOTO-PRESENTAZIONE-CASTELLO-DI-SABBIA.jpg","datePublished":"2022-07-19T14:57:50+00:00","dateModified":"2022-07-19T15:05:30+00:00","description":"La\u00a0Fondazione Antonino Scopelliti ha presentato con Magmanimation ieri a Reggio Calabria il ciclo di cortometraggi:\u00a0Memorianimata","breadcrumb":{"@id":"https:\/\/progettotouring.it\/radiotouring104\/2022\/07\/19\/il-castello-di-sabbia-arriva-il-corto-danimazione-dedicato-al-giudice-antonino-scopelliti\/#breadcrumb"},"inLanguage":"it-IT","potentialAction":[{"@type":"ReadAction","target":["https:\/\/progettotouring.it\/radiotouring104\/2022\/07\/19\/il-castello-di-sabbia-arriva-il-corto-danimazione-dedicato-al-giudice-antonino-scopelliti\/"]}]},{"@type":"ImageObject","inLanguage":"it-IT","@id":"https:\/\/progettotouring.it\/radiotouring104\/2022\/07\/19\/il-castello-di-sabbia-arriva-il-corto-danimazione-dedicato-al-giudice-antonino-scopelliti\/#primaryimage","url":"https:\/\/progettotouring.it\/radiotouring104\/wp-content\/uploads\/sites\/6\/2022\/07\/FOTO-PRESENTAZIONE-CASTELLO-DI-SABBIA.jpg","contentUrl":"https:\/\/progettotouring.it\/radiotouring104\/wp-content\/uploads\/sites\/6\/2022\/07\/FOTO-PRESENTAZIONE-CASTELLO-DI-SABBIA.jpg","width":2016,"height":1134},{"@type":"BreadcrumbList","@id":"https:\/\/progettotouring.it\/radiotouring104\/2022\/07\/19\/il-castello-di-sabbia-arriva-il-corto-danimazione-dedicato-al-giudice-antonino-scopelliti\/#breadcrumb","itemListElement":[{"@type":"ListItem","position":1,"name":"Home","item":"https:\/\/progettotouring.it\/radiotouring104\/"},{"@type":"ListItem","position":2,"name":"Il Castello di Sabbia: arriva il corto d&#8217;animazione dedicato al giudice Antonino Scopelliti"}]},{"@type":"WebSite","@id":"https:\/\/progettotouring.it\/radiotouring104\/#website","url":"https:\/\/progettotouring.it\/radiotouring104\/","name":"Radio Touring 104","description":"La prima radio Reggina","publisher":{"@id":"https:\/\/progettotouring.it\/radiotouring104\/#organization"},"potentialAction":[{"@type":"SearchAction","target":{"@type":"EntryPoint","urlTemplate":"https:\/\/progettotouring.it\/radiotouring104\/?s={search_term_string}"},"query-input":{"@type":"PropertyValueSpecification","valueRequired":true,"valueName":"search_term_string"}}],"inLanguage":"it-IT"},{"@type":"Organization","@id":"https:\/\/progettotouring.it\/radiotouring104\/#organization","name":"Radio Touring 104","url":"https:\/\/progettotouring.it\/radiotouring104\/","logo":{"@type":"ImageObject","inLanguage":"it-IT","@id":"https:\/\/progettotouring.it\/radiotouring104\/#\/schema\/logo\/image\/","url":"https:\/\/progettotouring.it\/radiotouring104\/wp-content\/uploads\/sites\/6\/2022\/02\/cropped-logo-radio-touring-104.png","contentUrl":"https:\/\/progettotouring.it\/radiotouring104\/wp-content\/uploads\/sites\/6\/2022\/02\/cropped-logo-radio-touring-104.png","width":377,"height":182,"caption":"Radio Touring 104"},"image":{"@id":"https:\/\/progettotouring.it\/radiotouring104\/#\/schema\/logo\/image\/"}},{"@type":"Person","@id":"https:\/\/progettotouring.it\/radiotouring104\/#\/schema\/person\/1b3eb3c07c47136bc44c785c543e635f","name":"redazione","image":{"@type":"ImageObject","inLanguage":"it-IT","@id":"https:\/\/secure.gravatar.com\/avatar\/0b31605b49f100769e8b624b3e05de1b73e1692e9568a352f60f53fd072e6e11?s=96&d=mm&r=g","url":"https:\/\/secure.gravatar.com\/avatar\/0b31605b49f100769e8b624b3e05de1b73e1692e9568a352f60f53fd072e6e11?s=96&d=mm&r=g","contentUrl":"https:\/\/secure.gravatar.com\/avatar\/0b31605b49f100769e8b624b3e05de1b73e1692e9568a352f60f53fd072e6e11?s=96&d=mm&r=g","caption":"redazione"},"url":"https:\/\/progettotouring.it\/radiotouring104\/author\/redazione\/"}]}},"jetpack_publicize_connections":[],"jetpack_featured_media_url":"https:\/\/progettotouring.it\/radiotouring104\/wp-content\/uploads\/sites\/6\/2022\/07\/FOTO-PRESENTAZIONE-CASTELLO-DI-SABBIA.jpg","jetpack_sharing_enabled":true,"_links":{"self":[{"href":"https:\/\/progettotouring.it\/radiotouring104\/wp-json\/wp\/v2\/posts\/8037","targetHints":{"allow":["GET"]}}],"collection":[{"href":"https:\/\/progettotouring.it\/radiotouring104\/wp-json\/wp\/v2\/posts"}],"about":[{"href":"https:\/\/progettotouring.it\/radiotouring104\/wp-json\/wp\/v2\/types\/post"}],"author":[{"embeddable":true,"href":"https:\/\/progettotouring.it\/radiotouring104\/wp-json\/wp\/v2\/users\/5"}],"replies":[{"embeddable":true,"href":"https:\/\/progettotouring.it\/radiotouring104\/wp-json\/wp\/v2\/comments?post=8037"}],"version-history":[{"count":1,"href":"https:\/\/progettotouring.it\/radiotouring104\/wp-json\/wp\/v2\/posts\/8037\/revisions"}],"predecessor-version":[{"id":8039,"href":"https:\/\/progettotouring.it\/radiotouring104\/wp-json\/wp\/v2\/posts\/8037\/revisions\/8039"}],"wp:featuredmedia":[{"embeddable":true,"href":"https:\/\/progettotouring.it\/radiotouring104\/wp-json\/wp\/v2\/media\/8038"}],"wp:attachment":[{"href":"https:\/\/progettotouring.it\/radiotouring104\/wp-json\/wp\/v2\/media?parent=8037"}],"wp:term":[{"taxonomy":"category","embeddable":true,"href":"https:\/\/progettotouring.it\/radiotouring104\/wp-json\/wp\/v2\/categories?post=8037"},{"taxonomy":"post_tag","embeddable":true,"href":"https:\/\/progettotouring.it\/radiotouring104\/wp-json\/wp\/v2\/tags?post=8037"}],"curies":[{"name":"wp","href":"https:\/\/api.w.org\/{rel}","templated":true}]}}