{"id":8043,"date":"2022-07-19T17:05:12","date_gmt":"2022-07-19T15:05:12","guid":{"rendered":"https:\/\/progettotouring.it\/radiotouring104\/?p=8043"},"modified":"2022-07-19T17:05:22","modified_gmt":"2022-07-19T15:05:22","slug":"melicucca-fuda-lavoro-metrocity-sta-producendo-gli-effetti-sperati-come-sanno-bene-sindaci-e-amministratori-del-territorio","status":"publish","type":"post","link":"https:\/\/progettotouring.it\/radiotouring104\/2022\/07\/19\/melicucca-fuda-lavoro-metrocity-sta-producendo-gli-effetti-sperati-come-sanno-bene-sindaci-e-amministratori-del-territorio\/","title":{"rendered":"Melicucc\u00e0, Fuda: \u201cLavoro Metrocity sta producendo gli effetti sperati, come sanno bene Sindaci e amministratori del territorio\u201d"},"content":{"rendered":"<p style=\"text-align: justify;\">&#8220;Registriamo ancora una volta, con sconcerto, che per alcuni amministratori che dovrebbero essere soggetti consapevoli circa la complessit\u00e0 della gestione di un territorio, sia preferibile evitare di entrare nel merito delle questioni e limitarsi ad una becera e strumentale propaganda che ha come unico obiettivo quello di generare confusione nel dibattito pubblico e quindi nella cittadinanza, oltre che facili vetrine mediatiche&#8221;. E&#8217; quanto afferma il consigliere metropolitano delegato al Ciclo integrato dei rifiuti, Salvatore Fuda, commentando le esternazioni di alcuni consiglieri comunali del territorio metropolitano, circa l&#8217;attuale situazione riguardante la riapertura del sito di conferimento dei rifiuti di Melicucc\u00e0. Nessun approccio polemico, evidenzia il rappresentante di Palazzo Alvaro, &#8220;semmai una doverosa quanto obiettiva puntualizzazione circa il reale stato dell&#8217;arte, che deriva dalla forza dei fatti e dal lavoro serio ed attento che l&#8217;Ente metropolitano sta conducendo su questo delicatissimo settore\u201d.<\/p>\n<p>Entrando nel merito della questione, Fuda mette in evidenza inoltre come \u201cle recenti scelte adottate dalla Citt\u00e0 metropolitana, frutto di una precisa strategia che guarda al medio e lungo periodo, facciano risparmiare all\u2019intero territorio reggino ingenti risorse pubbliche, consentendo all\u2019Ente di non finire nelle mani di speculatori per quel che riguarda la gestione degli scarti di lavorazione\u201d. Sotto il profilo tecnico, inoltre, \u201cmi pare perfino superfluo evidenziare che la Citt\u00e0 metropolitana attiva gli impianti nel pieno rispetto delle norme a tutela della salute pubblica e senza esporre il territorio a situazioni di rischio. Quell\u2019impianto, infatti, \u00e8 una struttura sicura, moderna, costruita a regola d\u2019arte e chi continua a diffondere false informazioni al riguardo, semplicemente non sa di cosa parla. Un impianto che andr\u00e0 ad ospitare scarti di lavorazione che peraltro vengono sottoposti ad una rigidissima procedura di controllo che assicura livelli e standard elevatissimi di sicurezza circa i materiali che vengono conferiti al suo interno. In altre parole, in quel sito possono entrare solo determinati scarti di lavorazione, cos\u00ec come occorre assolutamente andare oltre il concetto di discarica intesa come \u201cbuco\u201d in cui sversare qualsiasi cosa perch\u00e9 tale modello, ormai definitivamente superato, non riguarda minimamente il contesto del nostro territorio\u201d.<\/p>\n<p>L&#8217;attivazione dell&#8217;impianto di Melicucc\u00e0, provvisoriamente come centro di stoccaggio, in attesa della definitiva analisi che avverr\u00e0 con il monitoraggio molto approfondito che passer\u00e0 al vaglio del Consiglio metropolitano gioved\u00ec, \u201cconsentir\u00e0 agli impianti \u2013 rimarca Fuda &#8211; di poter lavorare a regime e quindi di garantire a tutti i Comuni e ai cittadini della Citt\u00e0 metropolitana di avere un territorio libero da rifiuti. Accanto a ci\u00f2, \u00e8 bene ripeterlo, si realizza anche un rilevante risparmio di risorse pubbliche che possiamo quantificare nell&#8217;ordine di circa 40mila euro al giorno rispetto a quanto avremmo dovuto spendere per mandare i rifiuti fuori dalla Citt\u00e0 metropolitana. Parliamo, dunque, di impianti di ultima generazione, sicuri e utili alla vita delle comunit\u00e0 come sanno bene, del resto, i Sindaci e gli amministratori del territorio. E in ogni caso la Citt\u00e0 metropolitana prima di agire si \u00e8 presa tutto il tempo necessario, proprio per evitare di incorrere in qualsiasi situazione di rischio per la salute dei cittadini e per l&#8217;ambiente. Questi sono i fatti, questo quanto sta realmente accadendo e questo, infine, il lavoro che l&#8217;Ente sta portando avanti, con senso di responsabilit\u00e0, competenza e ponendo al centro, prima di ogni altra cosa, la salute pubblica, la tutela dell\u2019ambiente e l\u2019esigenza di restituire normalit\u00e0, prospettiva e sostenibilit\u00e0 al settore rifiuti\u201d.<\/p>\n","protected":false},"excerpt":{"rendered":"<p>&#8220;Registriamo ancora una volta, con sconcerto, che per alcuni amministratori che dovrebbero essere soggetti consapevoli circa la complessit\u00e0 della gestione di un territorio, sia preferibile evitare di entrare nel merito&hellip;<\/p>\n","protected":false},"author":5,"featured_media":4299,"comment_status":"open","ping_status":"open","sticky":false,"template":"","format":"standard","meta":{"_jetpack_memberships_contains_paid_content":false,"footnotes":"","jetpack_publicize_message":"","jetpack_publicize_feature_enabled":true,"jetpack_social_post_already_shared":false,"jetpack_social_options":{"image_generator_settings":{"template":"highway","default_image_id":0,"font":"","enabled":false},"version":2}},"categories":[921,196,140],"tags":[743,3286,3619,531,524,237],"class_list":["post-8043","post","type-post","status-publish","format-standard","has-post-thumbnail","hentry","category-home","category-news","category-reggio-calabria","tag-citta-metropolitana","tag-fuda","tag-melicucca","tag-metrocity","tag-rifiuti","tag-salvatore-fuda"],"yoast_head":"<!-- This site is optimized with the Yoast SEO plugin v27.2 - https:\/\/yoast.com\/product\/yoast-seo-wordpress\/ -->\n<title>Melicucc\u00e0, Fuda: \u201cLavoro Metrocity sta producendo effetti sperati\u201d<\/title>\n<meta name=\"description\" content=\"Il Consigliere metropolitano stigmatizza le polemiche circolate in merito alle recenti decisioni di Palazzo Alvaro\" \/>\n<meta name=\"robots\" content=\"index, follow, max-snippet:-1, max-image-preview:large, max-video-preview:-1\" \/>\n<link rel=\"canonical\" href=\"https:\/\/progettotouring.it\/radiotouring104\/2022\/07\/19\/melicucca-fuda-lavoro-metrocity-sta-producendo-gli-effetti-sperati-come-sanno-bene-sindaci-e-amministratori-del-territorio\/\" \/>\n<meta property=\"og:locale\" content=\"it_IT\" \/>\n<meta property=\"og:type\" content=\"article\" \/>\n<meta property=\"og:title\" content=\"Melicucc\u00e0, Fuda: \u201cLavoro Metrocity sta producendo effetti sperati\u201d\" \/>\n<meta property=\"og:description\" content=\"Il Consigliere metropolitano stigmatizza le polemiche circolate in merito alle recenti decisioni di Palazzo Alvaro\" \/>\n<meta property=\"og:url\" content=\"https:\/\/progettotouring.it\/radiotouring104\/2022\/07\/19\/melicucca-fuda-lavoro-metrocity-sta-producendo-gli-effetti-sperati-come-sanno-bene-sindaci-e-amministratori-del-territorio\/\" \/>\n<meta property=\"og:site_name\" content=\"Radio Touring 104\" \/>\n<meta property=\"article:published_time\" content=\"2022-07-19T15:05:12+00:00\" \/>\n<meta property=\"article:modified_time\" content=\"2022-07-19T15:05:22+00:00\" \/>\n<meta property=\"og:image\" content=\"https:\/\/progettotouring.it\/radiotouring104\/wp-content\/uploads\/sites\/6\/2022\/04\/Citta-metropolitana-palazzo-alvaro.jpg\" \/>\n\t<meta property=\"og:image:width\" content=\"1920\" \/>\n\t<meta property=\"og:image:height\" content=\"1080\" \/>\n\t<meta property=\"og:image:type\" content=\"image\/jpeg\" \/>\n<meta name=\"author\" content=\"redazione\" \/>\n<meta name=\"twitter:card\" content=\"summary_large_image\" \/>\n<meta name=\"twitter:label1\" content=\"Scritto da\" \/>\n\t<meta name=\"twitter:data1\" content=\"redazione\" \/>\n\t<meta name=\"twitter:label2\" content=\"Tempo di lettura stimato\" \/>\n\t<meta name=\"twitter:data2\" content=\"3 minuti\" \/>\n<script type=\"application\/ld+json\" class=\"yoast-schema-graph\">{\"@context\":\"https:\/\/schema.org\",\"@graph\":[{\"@type\":\"Article\",\"@id\":\"https:\/\/progettotouring.it\/radiotouring104\/2022\/07\/19\/melicucca-fuda-lavoro-metrocity-sta-producendo-gli-effetti-sperati-come-sanno-bene-sindaci-e-amministratori-del-territorio\/#article\",\"isPartOf\":{\"@id\":\"https:\/\/progettotouring.it\/radiotouring104\/2022\/07\/19\/melicucca-fuda-lavoro-metrocity-sta-producendo-gli-effetti-sperati-come-sanno-bene-sindaci-e-amministratori-del-territorio\/\"},\"author\":{\"name\":\"redazione\",\"@id\":\"https:\/\/progettotouring.it\/radiotouring104\/#\/schema\/person\/1b3eb3c07c47136bc44c785c543e635f\"},\"headline\":\"Melicucc\u00e0, Fuda: \u201cLavoro Metrocity sta producendo gli effetti sperati, come sanno bene Sindaci e amministratori del territorio\u201d\",\"datePublished\":\"2022-07-19T15:05:12+00:00\",\"dateModified\":\"2022-07-19T15:05:22+00:00\",\"mainEntityOfPage\":{\"@id\":\"https:\/\/progettotouring.it\/radiotouring104\/2022\/07\/19\/melicucca-fuda-lavoro-metrocity-sta-producendo-gli-effetti-sperati-come-sanno-bene-sindaci-e-amministratori-del-territorio\/\"},\"wordCount\":571,\"commentCount\":0,\"publisher\":{\"@id\":\"https:\/\/progettotouring.it\/radiotouring104\/#organization\"},\"image\":{\"@id\":\"https:\/\/progettotouring.it\/radiotouring104\/2022\/07\/19\/melicucca-fuda-lavoro-metrocity-sta-producendo-gli-effetti-sperati-come-sanno-bene-sindaci-e-amministratori-del-territorio\/#primaryimage\"},\"thumbnailUrl\":\"https:\/\/progettotouring.it\/radiotouring104\/wp-content\/uploads\/sites\/6\/2022\/04\/Citta-metropolitana-palazzo-alvaro.jpg\",\"keywords\":[\"Citt\u00e0 metropolitana\",\"Fuda\",\"Melicucc\u00e0\",\"Metrocity\",\"rifiuti\",\"salvatore fuda\"],\"articleSection\":[\"Home\",\"News\",\"Reggio Calabria\"],\"inLanguage\":\"it-IT\",\"potentialAction\":[{\"@type\":\"CommentAction\",\"name\":\"Comment\",\"target\":[\"https:\/\/progettotouring.it\/radiotouring104\/2022\/07\/19\/melicucca-fuda-lavoro-metrocity-sta-producendo-gli-effetti-sperati-come-sanno-bene-sindaci-e-amministratori-del-territorio\/#respond\"]}]},{\"@type\":\"WebPage\",\"@id\":\"https:\/\/progettotouring.it\/radiotouring104\/2022\/07\/19\/melicucca-fuda-lavoro-metrocity-sta-producendo-gli-effetti-sperati-come-sanno-bene-sindaci-e-amministratori-del-territorio\/\",\"url\":\"https:\/\/progettotouring.it\/radiotouring104\/2022\/07\/19\/melicucca-fuda-lavoro-metrocity-sta-producendo-gli-effetti-sperati-come-sanno-bene-sindaci-e-amministratori-del-territorio\/\",\"name\":\"Melicucc\u00e0, Fuda: \u201cLavoro Metrocity sta producendo effetti sperati\u201d\",\"isPartOf\":{\"@id\":\"https:\/\/progettotouring.it\/radiotouring104\/#website\"},\"primaryImageOfPage\":{\"@id\":\"https:\/\/progettotouring.it\/radiotouring104\/2022\/07\/19\/melicucca-fuda-lavoro-metrocity-sta-producendo-gli-effetti-sperati-come-sanno-bene-sindaci-e-amministratori-del-territorio\/#primaryimage\"},\"image\":{\"@id\":\"https:\/\/progettotouring.it\/radiotouring104\/2022\/07\/19\/melicucca-fuda-lavoro-metrocity-sta-producendo-gli-effetti-sperati-come-sanno-bene-sindaci-e-amministratori-del-territorio\/#primaryimage\"},\"thumbnailUrl\":\"https:\/\/progettotouring.it\/radiotouring104\/wp-content\/uploads\/sites\/6\/2022\/04\/Citta-metropolitana-palazzo-alvaro.jpg\",\"datePublished\":\"2022-07-19T15:05:12+00:00\",\"dateModified\":\"2022-07-19T15:05:22+00:00\",\"description\":\"Il Consigliere metropolitano stigmatizza le polemiche circolate in merito alle recenti decisioni di Palazzo Alvaro\",\"breadcrumb\":{\"@id\":\"https:\/\/progettotouring.it\/radiotouring104\/2022\/07\/19\/melicucca-fuda-lavoro-metrocity-sta-producendo-gli-effetti-sperati-come-sanno-bene-sindaci-e-amministratori-del-territorio\/#breadcrumb\"},\"inLanguage\":\"it-IT\",\"potentialAction\":[{\"@type\":\"ReadAction\",\"target\":[\"https:\/\/progettotouring.it\/radiotouring104\/2022\/07\/19\/melicucca-fuda-lavoro-metrocity-sta-producendo-gli-effetti-sperati-come-sanno-bene-sindaci-e-amministratori-del-territorio\/\"]}]},{\"@type\":\"ImageObject\",\"inLanguage\":\"it-IT\",\"@id\":\"https:\/\/progettotouring.it\/radiotouring104\/2022\/07\/19\/melicucca-fuda-lavoro-metrocity-sta-producendo-gli-effetti-sperati-come-sanno-bene-sindaci-e-amministratori-del-territorio\/#primaryimage\",\"url\":\"https:\/\/progettotouring.it\/radiotouring104\/wp-content\/uploads\/sites\/6\/2022\/04\/Citta-metropolitana-palazzo-alvaro.jpg\",\"contentUrl\":\"https:\/\/progettotouring.it\/radiotouring104\/wp-content\/uploads\/sites\/6\/2022\/04\/Citta-metropolitana-palazzo-alvaro.jpg\",\"width\":1920,\"height\":1080,\"caption\":\"palazzo alvaro\"},{\"@type\":\"BreadcrumbList\",\"@id\":\"https:\/\/progettotouring.it\/radiotouring104\/2022\/07\/19\/melicucca-fuda-lavoro-metrocity-sta-producendo-gli-effetti-sperati-come-sanno-bene-sindaci-e-amministratori-del-territorio\/#breadcrumb\",\"itemListElement\":[{\"@type\":\"ListItem\",\"position\":1,\"name\":\"Home\",\"item\":\"https:\/\/progettotouring.it\/radiotouring104\/\"},{\"@type\":\"ListItem\",\"position\":2,\"name\":\"Melicucc\u00e0, Fuda: \u201cLavoro Metrocity sta producendo gli effetti sperati, come sanno bene Sindaci e amministratori del territorio\u201d\"}]},{\"@type\":\"WebSite\",\"@id\":\"https:\/\/progettotouring.it\/radiotouring104\/#website\",\"url\":\"https:\/\/progettotouring.it\/radiotouring104\/\",\"name\":\"Radio Touring 104\",\"description\":\"La prima radio Reggina\",\"publisher\":{\"@id\":\"https:\/\/progettotouring.it\/radiotouring104\/#organization\"},\"potentialAction\":[{\"@type\":\"SearchAction\",\"target\":{\"@type\":\"EntryPoint\",\"urlTemplate\":\"https:\/\/progettotouring.it\/radiotouring104\/?s={search_term_string}\"},\"query-input\":{\"@type\":\"PropertyValueSpecification\",\"valueRequired\":true,\"valueName\":\"search_term_string\"}}],\"inLanguage\":\"it-IT\"},{\"@type\":\"Organization\",\"@id\":\"https:\/\/progettotouring.it\/radiotouring104\/#organization\",\"name\":\"Radio Touring 104\",\"url\":\"https:\/\/progettotouring.it\/radiotouring104\/\",\"logo\":{\"@type\":\"ImageObject\",\"inLanguage\":\"it-IT\",\"@id\":\"https:\/\/progettotouring.it\/radiotouring104\/#\/schema\/logo\/image\/\",\"url\":\"https:\/\/progettotouring.it\/radiotouring104\/wp-content\/uploads\/sites\/6\/2022\/02\/cropped-logo-radio-touring-104.png\",\"contentUrl\":\"https:\/\/progettotouring.it\/radiotouring104\/wp-content\/uploads\/sites\/6\/2022\/02\/cropped-logo-radio-touring-104.png\",\"width\":377,\"height\":182,\"caption\":\"Radio Touring 104\"},\"image\":{\"@id\":\"https:\/\/progettotouring.it\/radiotouring104\/#\/schema\/logo\/image\/\"}},{\"@type\":\"Person\",\"@id\":\"https:\/\/progettotouring.it\/radiotouring104\/#\/schema\/person\/1b3eb3c07c47136bc44c785c543e635f\",\"name\":\"redazione\",\"image\":{\"@type\":\"ImageObject\",\"inLanguage\":\"it-IT\",\"@id\":\"https:\/\/secure.gravatar.com\/avatar\/0b31605b49f100769e8b624b3e05de1b73e1692e9568a352f60f53fd072e6e11?s=96&d=mm&r=g\",\"url\":\"https:\/\/secure.gravatar.com\/avatar\/0b31605b49f100769e8b624b3e05de1b73e1692e9568a352f60f53fd072e6e11?s=96&d=mm&r=g\",\"contentUrl\":\"https:\/\/secure.gravatar.com\/avatar\/0b31605b49f100769e8b624b3e05de1b73e1692e9568a352f60f53fd072e6e11?s=96&d=mm&r=g\",\"caption\":\"redazione\"},\"url\":\"https:\/\/progettotouring.it\/radiotouring104\/author\/redazione\/\"}]}<\/script>\n<!-- \/ Yoast SEO plugin. -->","yoast_head_json":{"title":"Melicucc\u00e0, Fuda: \u201cLavoro Metrocity sta producendo effetti sperati\u201d","description":"Il Consigliere metropolitano stigmatizza le polemiche circolate in merito alle recenti decisioni di Palazzo Alvaro","robots":{"index":"index","follow":"follow","max-snippet":"max-snippet:-1","max-image-preview":"max-image-preview:large","max-video-preview":"max-video-preview:-1"},"canonical":"https:\/\/progettotouring.it\/radiotouring104\/2022\/07\/19\/melicucca-fuda-lavoro-metrocity-sta-producendo-gli-effetti-sperati-come-sanno-bene-sindaci-e-amministratori-del-territorio\/","og_locale":"it_IT","og_type":"article","og_title":"Melicucc\u00e0, Fuda: \u201cLavoro Metrocity sta producendo effetti sperati\u201d","og_description":"Il Consigliere metropolitano stigmatizza le polemiche circolate in merito alle recenti decisioni di Palazzo Alvaro","og_url":"https:\/\/progettotouring.it\/radiotouring104\/2022\/07\/19\/melicucca-fuda-lavoro-metrocity-sta-producendo-gli-effetti-sperati-come-sanno-bene-sindaci-e-amministratori-del-territorio\/","og_site_name":"Radio Touring 104","article_published_time":"2022-07-19T15:05:12+00:00","article_modified_time":"2022-07-19T15:05:22+00:00","og_image":[{"width":1920,"height":1080,"url":"https:\/\/progettotouring.it\/radiotouring104\/wp-content\/uploads\/sites\/6\/2022\/04\/Citta-metropolitana-palazzo-alvaro.jpg","type":"image\/jpeg"}],"author":"redazione","twitter_card":"summary_large_image","twitter_misc":{"Scritto da":"redazione","Tempo di lettura stimato":"3 minuti"},"schema":{"@context":"https:\/\/schema.org","@graph":[{"@type":"Article","@id":"https:\/\/progettotouring.it\/radiotouring104\/2022\/07\/19\/melicucca-fuda-lavoro-metrocity-sta-producendo-gli-effetti-sperati-come-sanno-bene-sindaci-e-amministratori-del-territorio\/#article","isPartOf":{"@id":"https:\/\/progettotouring.it\/radiotouring104\/2022\/07\/19\/melicucca-fuda-lavoro-metrocity-sta-producendo-gli-effetti-sperati-come-sanno-bene-sindaci-e-amministratori-del-territorio\/"},"author":{"name":"redazione","@id":"https:\/\/progettotouring.it\/radiotouring104\/#\/schema\/person\/1b3eb3c07c47136bc44c785c543e635f"},"headline":"Melicucc\u00e0, Fuda: \u201cLavoro Metrocity sta producendo gli effetti sperati, come sanno bene Sindaci e amministratori del territorio\u201d","datePublished":"2022-07-19T15:05:12+00:00","dateModified":"2022-07-19T15:05:22+00:00","mainEntityOfPage":{"@id":"https:\/\/progettotouring.it\/radiotouring104\/2022\/07\/19\/melicucca-fuda-lavoro-metrocity-sta-producendo-gli-effetti-sperati-come-sanno-bene-sindaci-e-amministratori-del-territorio\/"},"wordCount":571,"commentCount":0,"publisher":{"@id":"https:\/\/progettotouring.it\/radiotouring104\/#organization"},"image":{"@id":"https:\/\/progettotouring.it\/radiotouring104\/2022\/07\/19\/melicucca-fuda-lavoro-metrocity-sta-producendo-gli-effetti-sperati-come-sanno-bene-sindaci-e-amministratori-del-territorio\/#primaryimage"},"thumbnailUrl":"https:\/\/progettotouring.it\/radiotouring104\/wp-content\/uploads\/sites\/6\/2022\/04\/Citta-metropolitana-palazzo-alvaro.jpg","keywords":["Citt\u00e0 metropolitana","Fuda","Melicucc\u00e0","Metrocity","rifiuti","salvatore fuda"],"articleSection":["Home","News","Reggio Calabria"],"inLanguage":"it-IT","potentialAction":[{"@type":"CommentAction","name":"Comment","target":["https:\/\/progettotouring.it\/radiotouring104\/2022\/07\/19\/melicucca-fuda-lavoro-metrocity-sta-producendo-gli-effetti-sperati-come-sanno-bene-sindaci-e-amministratori-del-territorio\/#respond"]}]},{"@type":"WebPage","@id":"https:\/\/progettotouring.it\/radiotouring104\/2022\/07\/19\/melicucca-fuda-lavoro-metrocity-sta-producendo-gli-effetti-sperati-come-sanno-bene-sindaci-e-amministratori-del-territorio\/","url":"https:\/\/progettotouring.it\/radiotouring104\/2022\/07\/19\/melicucca-fuda-lavoro-metrocity-sta-producendo-gli-effetti-sperati-come-sanno-bene-sindaci-e-amministratori-del-territorio\/","name":"Melicucc\u00e0, Fuda: \u201cLavoro Metrocity sta producendo effetti sperati\u201d","isPartOf":{"@id":"https:\/\/progettotouring.it\/radiotouring104\/#website"},"primaryImageOfPage":{"@id":"https:\/\/progettotouring.it\/radiotouring104\/2022\/07\/19\/melicucca-fuda-lavoro-metrocity-sta-producendo-gli-effetti-sperati-come-sanno-bene-sindaci-e-amministratori-del-territorio\/#primaryimage"},"image":{"@id":"https:\/\/progettotouring.it\/radiotouring104\/2022\/07\/19\/melicucca-fuda-lavoro-metrocity-sta-producendo-gli-effetti-sperati-come-sanno-bene-sindaci-e-amministratori-del-territorio\/#primaryimage"},"thumbnailUrl":"https:\/\/progettotouring.it\/radiotouring104\/wp-content\/uploads\/sites\/6\/2022\/04\/Citta-metropolitana-palazzo-alvaro.jpg","datePublished":"2022-07-19T15:05:12+00:00","dateModified":"2022-07-19T15:05:22+00:00","description":"Il Consigliere metropolitano stigmatizza le polemiche circolate in merito alle recenti decisioni di Palazzo Alvaro","breadcrumb":{"@id":"https:\/\/progettotouring.it\/radiotouring104\/2022\/07\/19\/melicucca-fuda-lavoro-metrocity-sta-producendo-gli-effetti-sperati-come-sanno-bene-sindaci-e-amministratori-del-territorio\/#breadcrumb"},"inLanguage":"it-IT","potentialAction":[{"@type":"ReadAction","target":["https:\/\/progettotouring.it\/radiotouring104\/2022\/07\/19\/melicucca-fuda-lavoro-metrocity-sta-producendo-gli-effetti-sperati-come-sanno-bene-sindaci-e-amministratori-del-territorio\/"]}]},{"@type":"ImageObject","inLanguage":"it-IT","@id":"https:\/\/progettotouring.it\/radiotouring104\/2022\/07\/19\/melicucca-fuda-lavoro-metrocity-sta-producendo-gli-effetti-sperati-come-sanno-bene-sindaci-e-amministratori-del-territorio\/#primaryimage","url":"https:\/\/progettotouring.it\/radiotouring104\/wp-content\/uploads\/sites\/6\/2022\/04\/Citta-metropolitana-palazzo-alvaro.jpg","contentUrl":"https:\/\/progettotouring.it\/radiotouring104\/wp-content\/uploads\/sites\/6\/2022\/04\/Citta-metropolitana-palazzo-alvaro.jpg","width":1920,"height":1080,"caption":"palazzo alvaro"},{"@type":"BreadcrumbList","@id":"https:\/\/progettotouring.it\/radiotouring104\/2022\/07\/19\/melicucca-fuda-lavoro-metrocity-sta-producendo-gli-effetti-sperati-come-sanno-bene-sindaci-e-amministratori-del-territorio\/#breadcrumb","itemListElement":[{"@type":"ListItem","position":1,"name":"Home","item":"https:\/\/progettotouring.it\/radiotouring104\/"},{"@type":"ListItem","position":2,"name":"Melicucc\u00e0, Fuda: \u201cLavoro Metrocity sta producendo gli effetti sperati, come sanno bene Sindaci e amministratori del territorio\u201d"}]},{"@type":"WebSite","@id":"https:\/\/progettotouring.it\/radiotouring104\/#website","url":"https:\/\/progettotouring.it\/radiotouring104\/","name":"Radio Touring 104","description":"La prima radio Reggina","publisher":{"@id":"https:\/\/progettotouring.it\/radiotouring104\/#organization"},"potentialAction":[{"@type":"SearchAction","target":{"@type":"EntryPoint","urlTemplate":"https:\/\/progettotouring.it\/radiotouring104\/?s={search_term_string}"},"query-input":{"@type":"PropertyValueSpecification","valueRequired":true,"valueName":"search_term_string"}}],"inLanguage":"it-IT"},{"@type":"Organization","@id":"https:\/\/progettotouring.it\/radiotouring104\/#organization","name":"Radio Touring 104","url":"https:\/\/progettotouring.it\/radiotouring104\/","logo":{"@type":"ImageObject","inLanguage":"it-IT","@id":"https:\/\/progettotouring.it\/radiotouring104\/#\/schema\/logo\/image\/","url":"https:\/\/progettotouring.it\/radiotouring104\/wp-content\/uploads\/sites\/6\/2022\/02\/cropped-logo-radio-touring-104.png","contentUrl":"https:\/\/progettotouring.it\/radiotouring104\/wp-content\/uploads\/sites\/6\/2022\/02\/cropped-logo-radio-touring-104.png","width":377,"height":182,"caption":"Radio Touring 104"},"image":{"@id":"https:\/\/progettotouring.it\/radiotouring104\/#\/schema\/logo\/image\/"}},{"@type":"Person","@id":"https:\/\/progettotouring.it\/radiotouring104\/#\/schema\/person\/1b3eb3c07c47136bc44c785c543e635f","name":"redazione","image":{"@type":"ImageObject","inLanguage":"it-IT","@id":"https:\/\/secure.gravatar.com\/avatar\/0b31605b49f100769e8b624b3e05de1b73e1692e9568a352f60f53fd072e6e11?s=96&d=mm&r=g","url":"https:\/\/secure.gravatar.com\/avatar\/0b31605b49f100769e8b624b3e05de1b73e1692e9568a352f60f53fd072e6e11?s=96&d=mm&r=g","contentUrl":"https:\/\/secure.gravatar.com\/avatar\/0b31605b49f100769e8b624b3e05de1b73e1692e9568a352f60f53fd072e6e11?s=96&d=mm&r=g","caption":"redazione"},"url":"https:\/\/progettotouring.it\/radiotouring104\/author\/redazione\/"}]}},"jetpack_publicize_connections":[],"jetpack_featured_media_url":"https:\/\/progettotouring.it\/radiotouring104\/wp-content\/uploads\/sites\/6\/2022\/04\/Citta-metropolitana-palazzo-alvaro.jpg","jetpack_sharing_enabled":true,"_links":{"self":[{"href":"https:\/\/progettotouring.it\/radiotouring104\/wp-json\/wp\/v2\/posts\/8043","targetHints":{"allow":["GET"]}}],"collection":[{"href":"https:\/\/progettotouring.it\/radiotouring104\/wp-json\/wp\/v2\/posts"}],"about":[{"href":"https:\/\/progettotouring.it\/radiotouring104\/wp-json\/wp\/v2\/types\/post"}],"author":[{"embeddable":true,"href":"https:\/\/progettotouring.it\/radiotouring104\/wp-json\/wp\/v2\/users\/5"}],"replies":[{"embeddable":true,"href":"https:\/\/progettotouring.it\/radiotouring104\/wp-json\/wp\/v2\/comments?post=8043"}],"version-history":[{"count":1,"href":"https:\/\/progettotouring.it\/radiotouring104\/wp-json\/wp\/v2\/posts\/8043\/revisions"}],"predecessor-version":[{"id":8044,"href":"https:\/\/progettotouring.it\/radiotouring104\/wp-json\/wp\/v2\/posts\/8043\/revisions\/8044"}],"wp:featuredmedia":[{"embeddable":true,"href":"https:\/\/progettotouring.it\/radiotouring104\/wp-json\/wp\/v2\/media\/4299"}],"wp:attachment":[{"href":"https:\/\/progettotouring.it\/radiotouring104\/wp-json\/wp\/v2\/media?parent=8043"}],"wp:term":[{"taxonomy":"category","embeddable":true,"href":"https:\/\/progettotouring.it\/radiotouring104\/wp-json\/wp\/v2\/categories?post=8043"},{"taxonomy":"post_tag","embeddable":true,"href":"https:\/\/progettotouring.it\/radiotouring104\/wp-json\/wp\/v2\/tags?post=8043"}],"curies":[{"name":"wp","href":"https:\/\/api.w.org\/{rel}","templated":true}]}}