{"id":80560,"date":"2025-09-01T15:52:01","date_gmt":"2025-09-01T13:52:01","guid":{"rendered":"https:\/\/progettotouring.it\/radiotouring104\/?p=80560"},"modified":"2025-09-01T15:52:01","modified_gmt":"2025-09-01T13:52:01","slug":"a-roccella-jonica-una-tavola-rotonda-sullintelligenza-artificiale","status":"publish","type":"post","link":"https:\/\/progettotouring.it\/radiotouring104\/2025\/09\/01\/a-roccella-jonica-una-tavola-rotonda-sullintelligenza-artificiale\/","title":{"rendered":"A Roccella Jonica una tavola rotonda sull\u2019Intelligenza Artificiale"},"content":{"rendered":"<p data-start=\"273\" data-end=\"784\">L\u2019Intelligenza Artificiale, sempre pi\u00f9 presente nella vita di tutti i giorni, sar\u00e0 al centro di una tavola rotonda pubblica in programma a Roccella Jonica gioved\u00ec 4 settembre alle 21:00, in Largo Colonne \u2013 Rita Levi Montalcini. L\u2019incontro, dal titolo \u201cChi ha paura dell\u2019Intelligenza Artificiale?\u201d, vedr\u00e0 dialogare esperti e cittadini su temi cruciali: dal futuro del lavoro alle responsabilit\u00e0 sui contenuti generati dalle macchine, fino al dibattito sull\u2019eventuale sviluppo di una coscienza autonoma dell\u2019IA.<\/p>\n<p data-start=\"786\" data-end=\"1219\">L\u2019appuntamento si inserisce all\u2019interno della <strong data-start=\"832\" data-end=\"889\">Roccella Conference on Inference and AI \u2013 ROC(K)IN\u2019AI<\/strong>, che dall\u20191 al 5 settembre riunisce nella cittadina ionica studiosi e ricercatori internazionali di fisica, matematica, neuroscienze e informatica. L\u2019iniziativa \u00e8 promossa in collaborazione con la Fondazione FAIR, l\u2019ICTP di Trieste, l\u2019Universit\u00e0 di Bologna e l\u2019Universit\u00e0 Bocconi, con il sostegno del Comune di Roccella Jonica.<\/p>\n<p data-start=\"1221\" data-end=\"1620\">A moderare il confronto sar\u00e0 il giornalista scientifico <strong data-start=\"1277\" data-end=\"1295\">Gianluca Dotti<\/strong>, collaboratore di Wired, Il Sole 24 Ore e Famiglia Cristiana. Interverranno <strong data-start=\"1372\" data-end=\"1394\">Pierluigi Contucci<\/strong>, professore ordinario di Fisica Matematica all\u2019Universit\u00e0 di Bologna, <strong data-start=\"1465\" data-end=\"1484\">Federica Gerace<\/strong>, ricercatrice e direttrice R&amp;D di SynDiag s.r.l., e <strong data-start=\"1537\" data-end=\"1559\">Giuseppe De Pietro<\/strong>, professore ordinario di Informatica e presidente di FAIR.<\/p>\n<p data-start=\"1622\" data-end=\"1760\">Un\u2019occasione per discutere, fuori dalle aule accademiche, delle grandi sfide che l\u2019IA pone non solo alla ricerca ma alla societ\u00e0 intera. Di seguito il comunicato stampa<\/p>\n<p data-start=\"1622\" data-end=\"1760\">\u201c<em>COMUNICATO STAMPA. Roccella, il 4 settembre una tavola rotonda sul tema dell\u2019Intelligenza Artificiale L\u2019evento affronter\u00e0 temi cruciali sull\u2019impatto dell\u2019IA nella vita quotidiana \u00a0 L\u2019intelligenza artificiale (IA) \u00e8 diventata in pochi anni parte integrante delle nostre vite ed \u00e8 ormai una vera e propria rivoluzione industriale. La disponibilit\u00e0 di enormi quantit\u00e0 di dati e di straordinarie capacit\u00e0 di calcolo hanno reso possibili applicazioni che spaziano dalla traduzione automatica al riconoscimento di lesioni tumorali, fino ai moderni strumenti di generazione di testi e immagini come il celebre ChatGPT. L\u2019IA promette grandi ricchezze e trasformazioni profonde, ma le sue fondamenta scientifiche restano ancora in gran parte da chiarire. La Roccella Conference on Inference and AI &#8211; ROC(K)IN\u2019AI &#8211; mira a riunire a Roccella Jonica i principali esperti e ricercatori internazionali nei campi della fisica, della matematica, delle neuroscienze e dell\u2019informatica, con l\u2019obiettivo di offrire nuove prospettive scientifiche sull\u2019IA. L\u2019iniziativa \u00e8 organizzata in collaborazione con la Fondazione Future Artificial Intelligence Research (FAIR), il Centro Internazionale di Fisica Teorica di Trieste (ICTP), il Dipartimento di Matematica dell\u2019Universit\u00e0 di Bologna e il Dipartimento di Computing Sciences dell\u2019Universit\u00e0 Bocconi e con il sostegno del Comune di Roccella Jonica. Al centro dei lavori figurano i modelli matematici che descrivono le memorie associative e la generazione di contenuti, i limiti dell\u2019apprendimento automatico e le connessioni con la fisica statistica dei sistemi complessi, un campo che \u00e8 valso il premio Nobel a Giorgio Parisi nel 2021 e a John J. Hopfield e Geoffrey Hinton nel 2024. Roccella Jonica, una delle coste pi\u00f9 suggestive del Mediterraneo, offre con lo storico Convento dei Minimi un ambiente ideale per il confronto scientifico ed ospiter\u00e0 la Conferenza dall\u20191 al 5 settembre. Considerato che, come sperimentiamo quotidianamente attraverso smartphone, smartwatch e computer, l\u2019impatto dell\u2019IA non riguarda pi\u00f9 soltanto la ricerca ma permea la vita di tutti, si \u00e8 avvertita la necessit\u00e0 di discuterne anche con un pubblico pi\u00f9 ampio della comunit\u00e0 accademica. Per questo motivo, il comitato organizzatore, in collaborazione con il Comune di Roccella Jonica e la Fondazione FAIR, ha previsto una tavola rotonda per instaurare un dialogo fra cittadini ed esperti, moderata dal giornalista scientifico Gianluca Dotti, collaboratore di testate come Wired, Il Sole 24 Ore e Famiglia Cristiana, e segretario generale della European Federation for Science Journalism (EFSJ). La tavola rotonda, dal titolo provocatorio \u201cChi ha paura dell\u2019Intelligenza Artificiale?\u201d, affronter\u00e0 domande cruciali: quale impatto avr\u00e0 l\u2019IA sul lavoro? Chi \u00e8 responsabile dei contenuti generati dalle macchine? \u00c8 realistico temere che l\u2019IA sviluppi una propria autocoscienza? Questi e altri interrogativi saranno discussi gioved\u00ec 4 settembre alle ore 21:00 in Largo Colonne &#8211; Rita Levi Montalcini con gli interventi di: Pierluigi Contucci, Professore Ordinario di Fisica Matematica, Universit\u00e0 di Bologna; Federica Gerace, Ricercatrice di Fisica Matematica, Universit\u00e0 di Bologna e Direttrice R&amp;D di SynDiag s.r.l.; Giuseppe De Pietro, Professore Ordinario di Informatica, Universit\u00e0 Pegaso e Presidente di FAIR. \u00a0 Roccella Jonica, 01\/09\/2025\u201d<\/em><\/p>\n<p data-start=\"1622\" data-end=\"1760\">\n","protected":false},"excerpt":{"rendered":"<p>L\u2019Intelligenza Artificiale, sempre pi\u00f9 presente nella vita di tutti i giorni, sar\u00e0 al centro di una tavola rotonda pubblica in programma a Roccella Jonica gioved\u00ec 4 settembre alle 21:00, in&hellip;<\/p>\n","protected":false},"author":18,"featured_media":80561,"comment_status":"closed","ping_status":"open","sticky":false,"template":"","format":"standard","meta":{"_jetpack_memberships_contains_paid_content":false,"footnotes":"","jetpack_publicize_message":"","jetpack_publicize_feature_enabled":true,"jetpack_social_post_already_shared":true,"jetpack_social_options":{"image_generator_settings":{"template":"highway","default_image_id":0,"font":"","enabled":false},"version":2}},"categories":[142,145,921,4303,196],"tags":[],"class_list":["post-80560","post","type-post","status-publish","format-standard","has-post-thumbnail","hentry","category-calabria","category-cultura","category-home","category-istruzione","category-news"],"yoast_head":"<!-- This site is optimized with the Yoast SEO plugin v27.2 - https:\/\/yoast.com\/product\/yoast-seo-wordpress\/ -->\n<title>A Roccella Jonica una tavola rotonda sull\u2019Intelligenza Artificiale - Radio Touring 104<\/title>\n<meta name=\"description\" content=\"Il 4 settembre cittadini ed esperti a confronto su rischi, opportunit\u00e0 e impatti dell\u2019IA nella vita quotidiana\" \/>\n<meta name=\"robots\" content=\"index, follow, max-snippet:-1, max-image-preview:large, max-video-preview:-1\" \/>\n<link rel=\"canonical\" href=\"https:\/\/progettotouring.it\/radiotouring104\/2025\/09\/01\/a-roccella-jonica-una-tavola-rotonda-sullintelligenza-artificiale\/\" \/>\n<meta property=\"og:locale\" content=\"it_IT\" \/>\n<meta property=\"og:type\" content=\"article\" \/>\n<meta property=\"og:title\" content=\"A Roccella Jonica una tavola rotonda sull\u2019Intelligenza Artificiale - Radio Touring 104\" \/>\n<meta property=\"og:description\" content=\"Il 4 settembre cittadini ed esperti a confronto su rischi, opportunit\u00e0 e impatti dell\u2019IA nella vita quotidiana\" \/>\n<meta property=\"og:url\" content=\"https:\/\/progettotouring.it\/radiotouring104\/2025\/09\/01\/a-roccella-jonica-una-tavola-rotonda-sullintelligenza-artificiale\/\" \/>\n<meta property=\"og:site_name\" content=\"Radio Touring 104\" \/>\n<meta property=\"article:published_time\" content=\"2025-09-01T13:52:01+00:00\" \/>\n<meta property=\"og:image\" content=\"https:\/\/progettotouring.it\/radiotouring104\/wp-content\/uploads\/sites\/6\/2025\/09\/IMG_1577.jpeg\" \/>\n\t<meta property=\"og:image:width\" content=\"1280\" \/>\n\t<meta property=\"og:image:height\" content=\"720\" \/>\n\t<meta property=\"og:image:type\" content=\"image\/jpeg\" \/>\n<meta name=\"author\" content=\"Andrea Benedetto\" \/>\n<meta name=\"twitter:card\" content=\"summary_large_image\" \/>\n<meta name=\"twitter:label1\" content=\"Scritto da\" \/>\n\t<meta name=\"twitter:data1\" content=\"Andrea Benedetto\" \/>\n\t<meta name=\"twitter:label2\" content=\"Tempo di lettura stimato\" \/>\n\t<meta name=\"twitter:data2\" content=\"4 minuti\" \/>\n<script type=\"application\/ld+json\" class=\"yoast-schema-graph\">{\"@context\":\"https:\/\/schema.org\",\"@graph\":[{\"@type\":\"Article\",\"@id\":\"https:\/\/progettotouring.it\/radiotouring104\/2025\/09\/01\/a-roccella-jonica-una-tavola-rotonda-sullintelligenza-artificiale\/#article\",\"isPartOf\":{\"@id\":\"https:\/\/progettotouring.it\/radiotouring104\/2025\/09\/01\/a-roccella-jonica-una-tavola-rotonda-sullintelligenza-artificiale\/\"},\"author\":{\"name\":\"Andrea Benedetto\",\"@id\":\"https:\/\/progettotouring.it\/radiotouring104\/#\/schema\/person\/97ff4f729b79fd682a1cf68c714af29c\"},\"headline\":\"A Roccella Jonica una tavola rotonda sull\u2019Intelligenza Artificiale\",\"datePublished\":\"2025-09-01T13:52:01+00:00\",\"mainEntityOfPage\":{\"@id\":\"https:\/\/progettotouring.it\/radiotouring104\/2025\/09\/01\/a-roccella-jonica-una-tavola-rotonda-sullintelligenza-artificiale\/\"},\"wordCount\":718,\"publisher\":{\"@id\":\"https:\/\/progettotouring.it\/radiotouring104\/#organization\"},\"image\":{\"@id\":\"https:\/\/progettotouring.it\/radiotouring104\/2025\/09\/01\/a-roccella-jonica-una-tavola-rotonda-sullintelligenza-artificiale\/#primaryimage\"},\"thumbnailUrl\":\"https:\/\/progettotouring.it\/radiotouring104\/wp-content\/uploads\/sites\/6\/2025\/09\/IMG_1577.jpeg\",\"articleSection\":[\"Calabria\",\"Cultura\",\"Home\",\"Istruzione\",\"News\"],\"inLanguage\":\"it-IT\"},{\"@type\":\"WebPage\",\"@id\":\"https:\/\/progettotouring.it\/radiotouring104\/2025\/09\/01\/a-roccella-jonica-una-tavola-rotonda-sullintelligenza-artificiale\/\",\"url\":\"https:\/\/progettotouring.it\/radiotouring104\/2025\/09\/01\/a-roccella-jonica-una-tavola-rotonda-sullintelligenza-artificiale\/\",\"name\":\"A Roccella Jonica una tavola rotonda sull\u2019Intelligenza Artificiale - Radio Touring 104\",\"isPartOf\":{\"@id\":\"https:\/\/progettotouring.it\/radiotouring104\/#website\"},\"primaryImageOfPage\":{\"@id\":\"https:\/\/progettotouring.it\/radiotouring104\/2025\/09\/01\/a-roccella-jonica-una-tavola-rotonda-sullintelligenza-artificiale\/#primaryimage\"},\"image\":{\"@id\":\"https:\/\/progettotouring.it\/radiotouring104\/2025\/09\/01\/a-roccella-jonica-una-tavola-rotonda-sullintelligenza-artificiale\/#primaryimage\"},\"thumbnailUrl\":\"https:\/\/progettotouring.it\/radiotouring104\/wp-content\/uploads\/sites\/6\/2025\/09\/IMG_1577.jpeg\",\"datePublished\":\"2025-09-01T13:52:01+00:00\",\"description\":\"Il 4 settembre cittadini ed esperti a confronto su rischi, opportunit\u00e0 e impatti dell\u2019IA nella vita quotidiana\",\"breadcrumb\":{\"@id\":\"https:\/\/progettotouring.it\/radiotouring104\/2025\/09\/01\/a-roccella-jonica-una-tavola-rotonda-sullintelligenza-artificiale\/#breadcrumb\"},\"inLanguage\":\"it-IT\",\"potentialAction\":[{\"@type\":\"ReadAction\",\"target\":[\"https:\/\/progettotouring.it\/radiotouring104\/2025\/09\/01\/a-roccella-jonica-una-tavola-rotonda-sullintelligenza-artificiale\/\"]}]},{\"@type\":\"ImageObject\",\"inLanguage\":\"it-IT\",\"@id\":\"https:\/\/progettotouring.it\/radiotouring104\/2025\/09\/01\/a-roccella-jonica-una-tavola-rotonda-sullintelligenza-artificiale\/#primaryimage\",\"url\":\"https:\/\/progettotouring.it\/radiotouring104\/wp-content\/uploads\/sites\/6\/2025\/09\/IMG_1577.jpeg\",\"contentUrl\":\"https:\/\/progettotouring.it\/radiotouring104\/wp-content\/uploads\/sites\/6\/2025\/09\/IMG_1577.jpeg\",\"width\":1280,\"height\":720},{\"@type\":\"BreadcrumbList\",\"@id\":\"https:\/\/progettotouring.it\/radiotouring104\/2025\/09\/01\/a-roccella-jonica-una-tavola-rotonda-sullintelligenza-artificiale\/#breadcrumb\",\"itemListElement\":[{\"@type\":\"ListItem\",\"position\":1,\"name\":\"Home\",\"item\":\"https:\/\/progettotouring.it\/radiotouring104\/\"},{\"@type\":\"ListItem\",\"position\":2,\"name\":\"A Roccella Jonica una tavola rotonda sull\u2019Intelligenza Artificiale\"}]},{\"@type\":\"WebSite\",\"@id\":\"https:\/\/progettotouring.it\/radiotouring104\/#website\",\"url\":\"https:\/\/progettotouring.it\/radiotouring104\/\",\"name\":\"Radio Touring 104\",\"description\":\"La prima radio Reggina\",\"publisher\":{\"@id\":\"https:\/\/progettotouring.it\/radiotouring104\/#organization\"},\"potentialAction\":[{\"@type\":\"SearchAction\",\"target\":{\"@type\":\"EntryPoint\",\"urlTemplate\":\"https:\/\/progettotouring.it\/radiotouring104\/?s={search_term_string}\"},\"query-input\":{\"@type\":\"PropertyValueSpecification\",\"valueRequired\":true,\"valueName\":\"search_term_string\"}}],\"inLanguage\":\"it-IT\"},{\"@type\":\"Organization\",\"@id\":\"https:\/\/progettotouring.it\/radiotouring104\/#organization\",\"name\":\"Radio Touring 104\",\"url\":\"https:\/\/progettotouring.it\/radiotouring104\/\",\"logo\":{\"@type\":\"ImageObject\",\"inLanguage\":\"it-IT\",\"@id\":\"https:\/\/progettotouring.it\/radiotouring104\/#\/schema\/logo\/image\/\",\"url\":\"https:\/\/progettotouring.it\/radiotouring104\/wp-content\/uploads\/sites\/6\/2022\/02\/cropped-logo-radio-touring-104.png\",\"contentUrl\":\"https:\/\/progettotouring.it\/radiotouring104\/wp-content\/uploads\/sites\/6\/2022\/02\/cropped-logo-radio-touring-104.png\",\"width\":377,\"height\":182,\"caption\":\"Radio Touring 104\"},\"image\":{\"@id\":\"https:\/\/progettotouring.it\/radiotouring104\/#\/schema\/logo\/image\/\"}},{\"@type\":\"Person\",\"@id\":\"https:\/\/progettotouring.it\/radiotouring104\/#\/schema\/person\/97ff4f729b79fd682a1cf68c714af29c\",\"name\":\"Andrea Benedetto\",\"image\":{\"@type\":\"ImageObject\",\"inLanguage\":\"it-IT\",\"@id\":\"https:\/\/secure.gravatar.com\/avatar\/28b474e46fd81ca24e23c2a4450ad55141239d9ed3ad65642c2ab5af4baab51a?s=96&d=mm&r=g\",\"url\":\"https:\/\/secure.gravatar.com\/avatar\/28b474e46fd81ca24e23c2a4450ad55141239d9ed3ad65642c2ab5af4baab51a?s=96&d=mm&r=g\",\"contentUrl\":\"https:\/\/secure.gravatar.com\/avatar\/28b474e46fd81ca24e23c2a4450ad55141239d9ed3ad65642c2ab5af4baab51a?s=96&d=mm&r=g\",\"caption\":\"Andrea Benedetto\"},\"url\":\"https:\/\/progettotouring.it\/radiotouring104\/author\/andrea\/\"}]}<\/script>\n<!-- \/ Yoast SEO plugin. -->","yoast_head_json":{"title":"A Roccella Jonica una tavola rotonda sull\u2019Intelligenza Artificiale - Radio Touring 104","description":"Il 4 settembre cittadini ed esperti a confronto su rischi, opportunit\u00e0 e impatti dell\u2019IA nella vita quotidiana","robots":{"index":"index","follow":"follow","max-snippet":"max-snippet:-1","max-image-preview":"max-image-preview:large","max-video-preview":"max-video-preview:-1"},"canonical":"https:\/\/progettotouring.it\/radiotouring104\/2025\/09\/01\/a-roccella-jonica-una-tavola-rotonda-sullintelligenza-artificiale\/","og_locale":"it_IT","og_type":"article","og_title":"A Roccella Jonica una tavola rotonda sull\u2019Intelligenza Artificiale - Radio Touring 104","og_description":"Il 4 settembre cittadini ed esperti a confronto su rischi, opportunit\u00e0 e impatti dell\u2019IA nella vita quotidiana","og_url":"https:\/\/progettotouring.it\/radiotouring104\/2025\/09\/01\/a-roccella-jonica-una-tavola-rotonda-sullintelligenza-artificiale\/","og_site_name":"Radio Touring 104","article_published_time":"2025-09-01T13:52:01+00:00","og_image":[{"width":1280,"height":720,"url":"https:\/\/progettotouring.it\/radiotouring104\/wp-content\/uploads\/sites\/6\/2025\/09\/IMG_1577.jpeg","type":"image\/jpeg"}],"author":"Andrea Benedetto","twitter_card":"summary_large_image","twitter_misc":{"Scritto da":"Andrea Benedetto","Tempo di lettura stimato":"4 minuti"},"schema":{"@context":"https:\/\/schema.org","@graph":[{"@type":"Article","@id":"https:\/\/progettotouring.it\/radiotouring104\/2025\/09\/01\/a-roccella-jonica-una-tavola-rotonda-sullintelligenza-artificiale\/#article","isPartOf":{"@id":"https:\/\/progettotouring.it\/radiotouring104\/2025\/09\/01\/a-roccella-jonica-una-tavola-rotonda-sullintelligenza-artificiale\/"},"author":{"name":"Andrea Benedetto","@id":"https:\/\/progettotouring.it\/radiotouring104\/#\/schema\/person\/97ff4f729b79fd682a1cf68c714af29c"},"headline":"A Roccella Jonica una tavola rotonda sull\u2019Intelligenza Artificiale","datePublished":"2025-09-01T13:52:01+00:00","mainEntityOfPage":{"@id":"https:\/\/progettotouring.it\/radiotouring104\/2025\/09\/01\/a-roccella-jonica-una-tavola-rotonda-sullintelligenza-artificiale\/"},"wordCount":718,"publisher":{"@id":"https:\/\/progettotouring.it\/radiotouring104\/#organization"},"image":{"@id":"https:\/\/progettotouring.it\/radiotouring104\/2025\/09\/01\/a-roccella-jonica-una-tavola-rotonda-sullintelligenza-artificiale\/#primaryimage"},"thumbnailUrl":"https:\/\/progettotouring.it\/radiotouring104\/wp-content\/uploads\/sites\/6\/2025\/09\/IMG_1577.jpeg","articleSection":["Calabria","Cultura","Home","Istruzione","News"],"inLanguage":"it-IT"},{"@type":"WebPage","@id":"https:\/\/progettotouring.it\/radiotouring104\/2025\/09\/01\/a-roccella-jonica-una-tavola-rotonda-sullintelligenza-artificiale\/","url":"https:\/\/progettotouring.it\/radiotouring104\/2025\/09\/01\/a-roccella-jonica-una-tavola-rotonda-sullintelligenza-artificiale\/","name":"A Roccella Jonica una tavola rotonda sull\u2019Intelligenza Artificiale - Radio Touring 104","isPartOf":{"@id":"https:\/\/progettotouring.it\/radiotouring104\/#website"},"primaryImageOfPage":{"@id":"https:\/\/progettotouring.it\/radiotouring104\/2025\/09\/01\/a-roccella-jonica-una-tavola-rotonda-sullintelligenza-artificiale\/#primaryimage"},"image":{"@id":"https:\/\/progettotouring.it\/radiotouring104\/2025\/09\/01\/a-roccella-jonica-una-tavola-rotonda-sullintelligenza-artificiale\/#primaryimage"},"thumbnailUrl":"https:\/\/progettotouring.it\/radiotouring104\/wp-content\/uploads\/sites\/6\/2025\/09\/IMG_1577.jpeg","datePublished":"2025-09-01T13:52:01+00:00","description":"Il 4 settembre cittadini ed esperti a confronto su rischi, opportunit\u00e0 e impatti dell\u2019IA nella vita quotidiana","breadcrumb":{"@id":"https:\/\/progettotouring.it\/radiotouring104\/2025\/09\/01\/a-roccella-jonica-una-tavola-rotonda-sullintelligenza-artificiale\/#breadcrumb"},"inLanguage":"it-IT","potentialAction":[{"@type":"ReadAction","target":["https:\/\/progettotouring.it\/radiotouring104\/2025\/09\/01\/a-roccella-jonica-una-tavola-rotonda-sullintelligenza-artificiale\/"]}]},{"@type":"ImageObject","inLanguage":"it-IT","@id":"https:\/\/progettotouring.it\/radiotouring104\/2025\/09\/01\/a-roccella-jonica-una-tavola-rotonda-sullintelligenza-artificiale\/#primaryimage","url":"https:\/\/progettotouring.it\/radiotouring104\/wp-content\/uploads\/sites\/6\/2025\/09\/IMG_1577.jpeg","contentUrl":"https:\/\/progettotouring.it\/radiotouring104\/wp-content\/uploads\/sites\/6\/2025\/09\/IMG_1577.jpeg","width":1280,"height":720},{"@type":"BreadcrumbList","@id":"https:\/\/progettotouring.it\/radiotouring104\/2025\/09\/01\/a-roccella-jonica-una-tavola-rotonda-sullintelligenza-artificiale\/#breadcrumb","itemListElement":[{"@type":"ListItem","position":1,"name":"Home","item":"https:\/\/progettotouring.it\/radiotouring104\/"},{"@type":"ListItem","position":2,"name":"A Roccella Jonica una tavola rotonda sull\u2019Intelligenza Artificiale"}]},{"@type":"WebSite","@id":"https:\/\/progettotouring.it\/radiotouring104\/#website","url":"https:\/\/progettotouring.it\/radiotouring104\/","name":"Radio Touring 104","description":"La prima radio Reggina","publisher":{"@id":"https:\/\/progettotouring.it\/radiotouring104\/#organization"},"potentialAction":[{"@type":"SearchAction","target":{"@type":"EntryPoint","urlTemplate":"https:\/\/progettotouring.it\/radiotouring104\/?s={search_term_string}"},"query-input":{"@type":"PropertyValueSpecification","valueRequired":true,"valueName":"search_term_string"}}],"inLanguage":"it-IT"},{"@type":"Organization","@id":"https:\/\/progettotouring.it\/radiotouring104\/#organization","name":"Radio Touring 104","url":"https:\/\/progettotouring.it\/radiotouring104\/","logo":{"@type":"ImageObject","inLanguage":"it-IT","@id":"https:\/\/progettotouring.it\/radiotouring104\/#\/schema\/logo\/image\/","url":"https:\/\/progettotouring.it\/radiotouring104\/wp-content\/uploads\/sites\/6\/2022\/02\/cropped-logo-radio-touring-104.png","contentUrl":"https:\/\/progettotouring.it\/radiotouring104\/wp-content\/uploads\/sites\/6\/2022\/02\/cropped-logo-radio-touring-104.png","width":377,"height":182,"caption":"Radio Touring 104"},"image":{"@id":"https:\/\/progettotouring.it\/radiotouring104\/#\/schema\/logo\/image\/"}},{"@type":"Person","@id":"https:\/\/progettotouring.it\/radiotouring104\/#\/schema\/person\/97ff4f729b79fd682a1cf68c714af29c","name":"Andrea Benedetto","image":{"@type":"ImageObject","inLanguage":"it-IT","@id":"https:\/\/secure.gravatar.com\/avatar\/28b474e46fd81ca24e23c2a4450ad55141239d9ed3ad65642c2ab5af4baab51a?s=96&d=mm&r=g","url":"https:\/\/secure.gravatar.com\/avatar\/28b474e46fd81ca24e23c2a4450ad55141239d9ed3ad65642c2ab5af4baab51a?s=96&d=mm&r=g","contentUrl":"https:\/\/secure.gravatar.com\/avatar\/28b474e46fd81ca24e23c2a4450ad55141239d9ed3ad65642c2ab5af4baab51a?s=96&d=mm&r=g","caption":"Andrea Benedetto"},"url":"https:\/\/progettotouring.it\/radiotouring104\/author\/andrea\/"}]}},"jetpack_publicize_connections":[],"jetpack_featured_media_url":"https:\/\/progettotouring.it\/radiotouring104\/wp-content\/uploads\/sites\/6\/2025\/09\/IMG_1577.jpeg","jetpack_sharing_enabled":true,"_links":{"self":[{"href":"https:\/\/progettotouring.it\/radiotouring104\/wp-json\/wp\/v2\/posts\/80560","targetHints":{"allow":["GET"]}}],"collection":[{"href":"https:\/\/progettotouring.it\/radiotouring104\/wp-json\/wp\/v2\/posts"}],"about":[{"href":"https:\/\/progettotouring.it\/radiotouring104\/wp-json\/wp\/v2\/types\/post"}],"author":[{"embeddable":true,"href":"https:\/\/progettotouring.it\/radiotouring104\/wp-json\/wp\/v2\/users\/18"}],"replies":[{"embeddable":true,"href":"https:\/\/progettotouring.it\/radiotouring104\/wp-json\/wp\/v2\/comments?post=80560"}],"version-history":[{"count":1,"href":"https:\/\/progettotouring.it\/radiotouring104\/wp-json\/wp\/v2\/posts\/80560\/revisions"}],"predecessor-version":[{"id":80562,"href":"https:\/\/progettotouring.it\/radiotouring104\/wp-json\/wp\/v2\/posts\/80560\/revisions\/80562"}],"wp:featuredmedia":[{"embeddable":true,"href":"https:\/\/progettotouring.it\/radiotouring104\/wp-json\/wp\/v2\/media\/80561"}],"wp:attachment":[{"href":"https:\/\/progettotouring.it\/radiotouring104\/wp-json\/wp\/v2\/media?parent=80560"}],"wp:term":[{"taxonomy":"category","embeddable":true,"href":"https:\/\/progettotouring.it\/radiotouring104\/wp-json\/wp\/v2\/categories?post=80560"},{"taxonomy":"post_tag","embeddable":true,"href":"https:\/\/progettotouring.it\/radiotouring104\/wp-json\/wp\/v2\/tags?post=80560"}],"curies":[{"name":"wp","href":"https:\/\/api.w.org\/{rel}","templated":true}]}}