{"id":80564,"date":"2025-09-01T15:59:43","date_gmt":"2025-09-01T13:59:43","guid":{"rendered":"https:\/\/progettotouring.it\/radiotouring104\/?p=80564"},"modified":"2026-01-23T18:37:29","modified_gmt":"2026-01-23T17:37:29","slug":"festival-roccella-jazz-rumori-mediterranei-falcomata-evento-unico-nel-suo-genere","status":"publish","type":"post","link":"https:\/\/progettotouring.it\/radiotouring104\/2025\/09\/01\/festival-roccella-jazz-rumori-mediterranei-falcomata-evento-unico-nel-suo-genere\/","title":{"rendered":"Festival Roccella Jazz Rumori Mediterranei, Falcomat\u00e0: \u00abEvento unico nel suo genere\u00bb"},"content":{"rendered":"<p>Alla sua 45esima edizione, l\u2019evento ha ribadito il suo ruolo di motore pulsante dell\u2019estate nella Riviera dei Gelsomini, capace di coniugare la storica vocazione jazzistica con una proposta culturale di respiro globale. Un patrimonio che, come sottolineato dal sindaco metropolitano di Reggio Calabria <strong data-start=\"855\" data-end=\"877\">Giuseppe Falcomat\u00e0<\/strong>, rappresenta una vetrina d\u2019eccellenza per l\u2019intero territorio.<\/p>\n<h2 data-start=\"949\" data-end=\"975\">Comunicato integrale<\/h2>\n<p data-start=\"977\" data-end=\"1142\"><em>Festival Roccella Jazz Rumori Mediterranei, Falcomat\u00e0: \u201cEvento unico nel suo genere, in grado di coniugare tradizione popolare con i grandi temi artistici globali\u201d<\/em><\/p>\n<p data-start=\"1144\" data-end=\"1201\"><em>Motore pulsante dell\u2019estate della Riviera dei Gelsomini<\/em><\/p>\n<p data-start=\"1203\" data-end=\"2802\"><em>&#8220;Il Festival Roccella Jazz Rumori Mediterranei \u00e8 una delle espressioni artistiche e culturali pi\u00f9 antiche e prestigiose del nostro territorio. Un vanto per la Citt\u00e0 Metropolitana, una tradizione che, grazie al lavoro instancabile dell&#8217;Amministrazione comunale di Roccella Jonica, del Sindaco Vittorio Zito e di tutta la sua squadra, ha raggiunto in questi anni un livello di eccellenza che travalica i confini regionali e nazionali, ponendosi come uno dei punti di riferimento qualitativi pi\u00f9 importanti del contesto mediterraneo ed europeo&#8221;. E&#8217; quanto afferma il sindaco metropolitano di Reggio Calabria Giuseppe Falcomat\u00e0 a margine dell&#8217;ultima serata della 45esima edizione del Festival, aggiungendo che: \u201csi tratta di un progetto di sviluppo artistico che, mantenendo salda la vocazione jazzista con cui \u00e8 nato, punta ad allargare ed a consolidare il rapporto con il territorio attraverso una variegata offerta culturale, accentuandone l\u2019aspetto attrattivo di rilevanza internazionale\u201d. \u201cE\u2019 un patrimonio calabrese che &#8211; sottolinea il Sindaco Metropolitano &#8211; da oltre quarant\u2019anni rappresenta il motore pulsante dell\u2019estate della Riviera dei Gelsomini. Un evento storicizzato che la Citt\u00e0 Metropolitana sostiene con convinzione, perch\u00e9 tra i pochi in grado di coniugare tradizione popolare con i grandi temi artistici globali, sempre ben contestualizzati nel ricco e variegato programma presentato al pubblico\u201d. \u201cBuona vita ancora ad un evento unico nel suo genere, che certamente si afferma tra i festival calabresi pi\u00f9 longevi, e capace di raccontare la Calabria migliore\u201d &#8211; conclude la nota.<\/em><\/p>\n","protected":false},"excerpt":{"rendered":"<p>Alla sua 45esima edizione, l\u2019evento ha ribadito il suo ruolo di motore pulsante dell\u2019estate nella Riviera dei Gelsomini, capace di coniugare la storica vocazione jazzistica con una proposta culturale di&hellip;<\/p>\n","protected":false},"author":18,"featured_media":72928,"comment_status":"closed","ping_status":"open","sticky":false,"template":"","format":"standard","meta":{"_jetpack_memberships_contains_paid_content":false,"footnotes":"","jetpack_publicize_message":"","jetpack_publicize_feature_enabled":true,"jetpack_social_post_already_shared":true,"jetpack_social_options":{"image_generator_settings":{"template":"highway","default_image_id":0,"font":"","enabled":false},"version":2}},"categories":[142,145,921,146,196,147],"tags":[],"class_list":["post-80564","post","type-post","status-publish","format-standard","has-post-thumbnail","hentry","category-calabria","category-cultura","category-home","category-musica","category-news","category-spettacoli"],"yoast_head":"<!-- This site is optimized with the Yoast SEO plugin v27.2 - https:\/\/yoast.com\/product\/yoast-seo-wordpress\/ -->\n<title>Festival Roccella Jazz Rumori Mediterranei, Falcomat\u00e0: \u00abEvento unico nel suo genere\u00bb - Radio Touring 104<\/title>\n<meta name=\"description\" content=\"Il sindaco metropolitano: \u201cUn patrimonio calabrese capace di coniugare tradizione popolare e grandi temi artistici globali\u201d\" \/>\n<meta name=\"robots\" content=\"index, follow, max-snippet:-1, max-image-preview:large, max-video-preview:-1\" \/>\n<link rel=\"canonical\" href=\"https:\/\/progettotouring.it\/radiotouring104\/2025\/09\/01\/festival-roccella-jazz-rumori-mediterranei-falcomata-evento-unico-nel-suo-genere\/\" \/>\n<meta property=\"og:locale\" content=\"it_IT\" \/>\n<meta property=\"og:type\" content=\"article\" \/>\n<meta property=\"og:title\" content=\"Festival Roccella Jazz Rumori Mediterranei, Falcomat\u00e0: \u00abEvento unico nel suo genere\u00bb - Radio Touring 104\" \/>\n<meta property=\"og:description\" content=\"Il sindaco metropolitano: \u201cUn patrimonio calabrese capace di coniugare tradizione popolare e grandi temi artistici globali\u201d\" \/>\n<meta property=\"og:url\" content=\"https:\/\/progettotouring.it\/radiotouring104\/2025\/09\/01\/festival-roccella-jazz-rumori-mediterranei-falcomata-evento-unico-nel-suo-genere\/\" \/>\n<meta property=\"og:site_name\" content=\"Radio Touring 104\" \/>\n<meta property=\"article:published_time\" content=\"2025-09-01T13:59:43+00:00\" \/>\n<meta property=\"article:modified_time\" content=\"2026-01-23T17:37:29+00:00\" \/>\n<meta property=\"og:image\" content=\"https:\/\/progettotouring.it\/radiotouring104\/wp-content\/uploads\/sites\/6\/2025\/05\/Giuseppe-Falcomata.jpeg\" \/>\n\t<meta property=\"og:image:width\" content=\"2048\" \/>\n\t<meta property=\"og:image:height\" content=\"1152\" \/>\n\t<meta property=\"og:image:type\" content=\"image\/jpeg\" \/>\n<meta name=\"author\" content=\"Andrea Benedetto\" \/>\n<meta name=\"twitter:card\" content=\"summary_large_image\" \/>\n<meta name=\"twitter:label1\" content=\"Scritto da\" \/>\n\t<meta name=\"twitter:data1\" content=\"Andrea Benedetto\" \/>\n\t<meta name=\"twitter:label2\" content=\"Tempo di lettura stimato\" \/>\n\t<meta name=\"twitter:data2\" content=\"2 minuti\" \/>\n<script type=\"application\/ld+json\" class=\"yoast-schema-graph\">{\"@context\":\"https:\/\/schema.org\",\"@graph\":[{\"@type\":\"Article\",\"@id\":\"https:\/\/progettotouring.it\/radiotouring104\/2025\/09\/01\/festival-roccella-jazz-rumori-mediterranei-falcomata-evento-unico-nel-suo-genere\/#article\",\"isPartOf\":{\"@id\":\"https:\/\/progettotouring.it\/radiotouring104\/2025\/09\/01\/festival-roccella-jazz-rumori-mediterranei-falcomata-evento-unico-nel-suo-genere\/\"},\"author\":{\"name\":\"Andrea Benedetto\",\"@id\":\"https:\/\/progettotouring.it\/radiotouring104\/#\/schema\/person\/97ff4f729b79fd682a1cf68c714af29c\"},\"headline\":\"Festival Roccella Jazz Rumori Mediterranei, Falcomat\u00e0: \u00abEvento unico nel suo genere\u00bb\",\"datePublished\":\"2025-09-01T13:59:43+00:00\",\"dateModified\":\"2026-01-23T17:37:29+00:00\",\"mainEntityOfPage\":{\"@id\":\"https:\/\/progettotouring.it\/radiotouring104\/2025\/09\/01\/festival-roccella-jazz-rumori-mediterranei-falcomata-evento-unico-nel-suo-genere\/\"},\"wordCount\":333,\"publisher\":{\"@id\":\"https:\/\/progettotouring.it\/radiotouring104\/#organization\"},\"image\":{\"@id\":\"https:\/\/progettotouring.it\/radiotouring104\/2025\/09\/01\/festival-roccella-jazz-rumori-mediterranei-falcomata-evento-unico-nel-suo-genere\/#primaryimage\"},\"thumbnailUrl\":\"https:\/\/progettotouring.it\/radiotouring104\/wp-content\/uploads\/sites\/6\/2025\/05\/Giuseppe-Falcomata.jpeg\",\"articleSection\":[\"Calabria\",\"Cultura\",\"Home\",\"Musica\",\"News\",\"Spettacoli\"],\"inLanguage\":\"it-IT\"},{\"@type\":\"WebPage\",\"@id\":\"https:\/\/progettotouring.it\/radiotouring104\/2025\/09\/01\/festival-roccella-jazz-rumori-mediterranei-falcomata-evento-unico-nel-suo-genere\/\",\"url\":\"https:\/\/progettotouring.it\/radiotouring104\/2025\/09\/01\/festival-roccella-jazz-rumori-mediterranei-falcomata-evento-unico-nel-suo-genere\/\",\"name\":\"Festival Roccella Jazz Rumori Mediterranei, Falcomat\u00e0: \u00abEvento unico nel suo genere\u00bb - Radio Touring 104\",\"isPartOf\":{\"@id\":\"https:\/\/progettotouring.it\/radiotouring104\/#website\"},\"primaryImageOfPage\":{\"@id\":\"https:\/\/progettotouring.it\/radiotouring104\/2025\/09\/01\/festival-roccella-jazz-rumori-mediterranei-falcomata-evento-unico-nel-suo-genere\/#primaryimage\"},\"image\":{\"@id\":\"https:\/\/progettotouring.it\/radiotouring104\/2025\/09\/01\/festival-roccella-jazz-rumori-mediterranei-falcomata-evento-unico-nel-suo-genere\/#primaryimage\"},\"thumbnailUrl\":\"https:\/\/progettotouring.it\/radiotouring104\/wp-content\/uploads\/sites\/6\/2025\/05\/Giuseppe-Falcomata.jpeg\",\"datePublished\":\"2025-09-01T13:59:43+00:00\",\"dateModified\":\"2026-01-23T17:37:29+00:00\",\"description\":\"Il sindaco metropolitano: \u201cUn patrimonio calabrese capace di coniugare tradizione popolare e grandi temi artistici globali\u201d\",\"breadcrumb\":{\"@id\":\"https:\/\/progettotouring.it\/radiotouring104\/2025\/09\/01\/festival-roccella-jazz-rumori-mediterranei-falcomata-evento-unico-nel-suo-genere\/#breadcrumb\"},\"inLanguage\":\"it-IT\",\"potentialAction\":[{\"@type\":\"ReadAction\",\"target\":[\"https:\/\/progettotouring.it\/radiotouring104\/2025\/09\/01\/festival-roccella-jazz-rumori-mediterranei-falcomata-evento-unico-nel-suo-genere\/\"]}]},{\"@type\":\"ImageObject\",\"inLanguage\":\"it-IT\",\"@id\":\"https:\/\/progettotouring.it\/radiotouring104\/2025\/09\/01\/festival-roccella-jazz-rumori-mediterranei-falcomata-evento-unico-nel-suo-genere\/#primaryimage\",\"url\":\"https:\/\/progettotouring.it\/radiotouring104\/wp-content\/uploads\/sites\/6\/2025\/05\/Giuseppe-Falcomata.jpeg\",\"contentUrl\":\"https:\/\/progettotouring.it\/radiotouring104\/wp-content\/uploads\/sites\/6\/2025\/05\/Giuseppe-Falcomata.jpeg\",\"width\":2048,\"height\":1152},{\"@type\":\"BreadcrumbList\",\"@id\":\"https:\/\/progettotouring.it\/radiotouring104\/2025\/09\/01\/festival-roccella-jazz-rumori-mediterranei-falcomata-evento-unico-nel-suo-genere\/#breadcrumb\",\"itemListElement\":[{\"@type\":\"ListItem\",\"position\":1,\"name\":\"Home\",\"item\":\"https:\/\/progettotouring.it\/radiotouring104\/\"},{\"@type\":\"ListItem\",\"position\":2,\"name\":\"Festival Roccella Jazz Rumori Mediterranei, Falcomat\u00e0: \u00abEvento unico nel suo genere\u00bb\"}]},{\"@type\":\"WebSite\",\"@id\":\"https:\/\/progettotouring.it\/radiotouring104\/#website\",\"url\":\"https:\/\/progettotouring.it\/radiotouring104\/\",\"name\":\"Radio Touring 104\",\"description\":\"La prima radio Reggina\",\"publisher\":{\"@id\":\"https:\/\/progettotouring.it\/radiotouring104\/#organization\"},\"potentialAction\":[{\"@type\":\"SearchAction\",\"target\":{\"@type\":\"EntryPoint\",\"urlTemplate\":\"https:\/\/progettotouring.it\/radiotouring104\/?s={search_term_string}\"},\"query-input\":{\"@type\":\"PropertyValueSpecification\",\"valueRequired\":true,\"valueName\":\"search_term_string\"}}],\"inLanguage\":\"it-IT\"},{\"@type\":\"Organization\",\"@id\":\"https:\/\/progettotouring.it\/radiotouring104\/#organization\",\"name\":\"Radio Touring 104\",\"url\":\"https:\/\/progettotouring.it\/radiotouring104\/\",\"logo\":{\"@type\":\"ImageObject\",\"inLanguage\":\"it-IT\",\"@id\":\"https:\/\/progettotouring.it\/radiotouring104\/#\/schema\/logo\/image\/\",\"url\":\"https:\/\/progettotouring.it\/radiotouring104\/wp-content\/uploads\/sites\/6\/2022\/02\/cropped-logo-radio-touring-104.png\",\"contentUrl\":\"https:\/\/progettotouring.it\/radiotouring104\/wp-content\/uploads\/sites\/6\/2022\/02\/cropped-logo-radio-touring-104.png\",\"width\":377,\"height\":182,\"caption\":\"Radio Touring 104\"},\"image\":{\"@id\":\"https:\/\/progettotouring.it\/radiotouring104\/#\/schema\/logo\/image\/\"}},{\"@type\":\"Person\",\"@id\":\"https:\/\/progettotouring.it\/radiotouring104\/#\/schema\/person\/97ff4f729b79fd682a1cf68c714af29c\",\"name\":\"Andrea Benedetto\",\"image\":{\"@type\":\"ImageObject\",\"inLanguage\":\"it-IT\",\"@id\":\"https:\/\/secure.gravatar.com\/avatar\/28b474e46fd81ca24e23c2a4450ad55141239d9ed3ad65642c2ab5af4baab51a?s=96&d=mm&r=g\",\"url\":\"https:\/\/secure.gravatar.com\/avatar\/28b474e46fd81ca24e23c2a4450ad55141239d9ed3ad65642c2ab5af4baab51a?s=96&d=mm&r=g\",\"contentUrl\":\"https:\/\/secure.gravatar.com\/avatar\/28b474e46fd81ca24e23c2a4450ad55141239d9ed3ad65642c2ab5af4baab51a?s=96&d=mm&r=g\",\"caption\":\"Andrea Benedetto\"},\"url\":\"https:\/\/progettotouring.it\/radiotouring104\/author\/andrea\/\"}]}<\/script>\n<!-- \/ Yoast SEO plugin. -->","yoast_head_json":{"title":"Festival Roccella Jazz Rumori Mediterranei, Falcomat\u00e0: \u00abEvento unico nel suo genere\u00bb - Radio Touring 104","description":"Il sindaco metropolitano: \u201cUn patrimonio calabrese capace di coniugare tradizione popolare e grandi temi artistici globali\u201d","robots":{"index":"index","follow":"follow","max-snippet":"max-snippet:-1","max-image-preview":"max-image-preview:large","max-video-preview":"max-video-preview:-1"},"canonical":"https:\/\/progettotouring.it\/radiotouring104\/2025\/09\/01\/festival-roccella-jazz-rumori-mediterranei-falcomata-evento-unico-nel-suo-genere\/","og_locale":"it_IT","og_type":"article","og_title":"Festival Roccella Jazz Rumori Mediterranei, Falcomat\u00e0: \u00abEvento unico nel suo genere\u00bb - Radio Touring 104","og_description":"Il sindaco metropolitano: \u201cUn patrimonio calabrese capace di coniugare tradizione popolare e grandi temi artistici globali\u201d","og_url":"https:\/\/progettotouring.it\/radiotouring104\/2025\/09\/01\/festival-roccella-jazz-rumori-mediterranei-falcomata-evento-unico-nel-suo-genere\/","og_site_name":"Radio Touring 104","article_published_time":"2025-09-01T13:59:43+00:00","article_modified_time":"2026-01-23T17:37:29+00:00","og_image":[{"width":2048,"height":1152,"url":"https:\/\/progettotouring.it\/radiotouring104\/wp-content\/uploads\/sites\/6\/2025\/05\/Giuseppe-Falcomata.jpeg","type":"image\/jpeg"}],"author":"Andrea Benedetto","twitter_card":"summary_large_image","twitter_misc":{"Scritto da":"Andrea Benedetto","Tempo di lettura stimato":"2 minuti"},"schema":{"@context":"https:\/\/schema.org","@graph":[{"@type":"Article","@id":"https:\/\/progettotouring.it\/radiotouring104\/2025\/09\/01\/festival-roccella-jazz-rumori-mediterranei-falcomata-evento-unico-nel-suo-genere\/#article","isPartOf":{"@id":"https:\/\/progettotouring.it\/radiotouring104\/2025\/09\/01\/festival-roccella-jazz-rumori-mediterranei-falcomata-evento-unico-nel-suo-genere\/"},"author":{"name":"Andrea Benedetto","@id":"https:\/\/progettotouring.it\/radiotouring104\/#\/schema\/person\/97ff4f729b79fd682a1cf68c714af29c"},"headline":"Festival Roccella Jazz Rumori Mediterranei, Falcomat\u00e0: \u00abEvento unico nel suo genere\u00bb","datePublished":"2025-09-01T13:59:43+00:00","dateModified":"2026-01-23T17:37:29+00:00","mainEntityOfPage":{"@id":"https:\/\/progettotouring.it\/radiotouring104\/2025\/09\/01\/festival-roccella-jazz-rumori-mediterranei-falcomata-evento-unico-nel-suo-genere\/"},"wordCount":333,"publisher":{"@id":"https:\/\/progettotouring.it\/radiotouring104\/#organization"},"image":{"@id":"https:\/\/progettotouring.it\/radiotouring104\/2025\/09\/01\/festival-roccella-jazz-rumori-mediterranei-falcomata-evento-unico-nel-suo-genere\/#primaryimage"},"thumbnailUrl":"https:\/\/progettotouring.it\/radiotouring104\/wp-content\/uploads\/sites\/6\/2025\/05\/Giuseppe-Falcomata.jpeg","articleSection":["Calabria","Cultura","Home","Musica","News","Spettacoli"],"inLanguage":"it-IT"},{"@type":"WebPage","@id":"https:\/\/progettotouring.it\/radiotouring104\/2025\/09\/01\/festival-roccella-jazz-rumori-mediterranei-falcomata-evento-unico-nel-suo-genere\/","url":"https:\/\/progettotouring.it\/radiotouring104\/2025\/09\/01\/festival-roccella-jazz-rumori-mediterranei-falcomata-evento-unico-nel-suo-genere\/","name":"Festival Roccella Jazz Rumori Mediterranei, Falcomat\u00e0: \u00abEvento unico nel suo genere\u00bb - Radio Touring 104","isPartOf":{"@id":"https:\/\/progettotouring.it\/radiotouring104\/#website"},"primaryImageOfPage":{"@id":"https:\/\/progettotouring.it\/radiotouring104\/2025\/09\/01\/festival-roccella-jazz-rumori-mediterranei-falcomata-evento-unico-nel-suo-genere\/#primaryimage"},"image":{"@id":"https:\/\/progettotouring.it\/radiotouring104\/2025\/09\/01\/festival-roccella-jazz-rumori-mediterranei-falcomata-evento-unico-nel-suo-genere\/#primaryimage"},"thumbnailUrl":"https:\/\/progettotouring.it\/radiotouring104\/wp-content\/uploads\/sites\/6\/2025\/05\/Giuseppe-Falcomata.jpeg","datePublished":"2025-09-01T13:59:43+00:00","dateModified":"2026-01-23T17:37:29+00:00","description":"Il sindaco metropolitano: \u201cUn patrimonio calabrese capace di coniugare tradizione popolare e grandi temi artistici globali\u201d","breadcrumb":{"@id":"https:\/\/progettotouring.it\/radiotouring104\/2025\/09\/01\/festival-roccella-jazz-rumori-mediterranei-falcomata-evento-unico-nel-suo-genere\/#breadcrumb"},"inLanguage":"it-IT","potentialAction":[{"@type":"ReadAction","target":["https:\/\/progettotouring.it\/radiotouring104\/2025\/09\/01\/festival-roccella-jazz-rumori-mediterranei-falcomata-evento-unico-nel-suo-genere\/"]}]},{"@type":"ImageObject","inLanguage":"it-IT","@id":"https:\/\/progettotouring.it\/radiotouring104\/2025\/09\/01\/festival-roccella-jazz-rumori-mediterranei-falcomata-evento-unico-nel-suo-genere\/#primaryimage","url":"https:\/\/progettotouring.it\/radiotouring104\/wp-content\/uploads\/sites\/6\/2025\/05\/Giuseppe-Falcomata.jpeg","contentUrl":"https:\/\/progettotouring.it\/radiotouring104\/wp-content\/uploads\/sites\/6\/2025\/05\/Giuseppe-Falcomata.jpeg","width":2048,"height":1152},{"@type":"BreadcrumbList","@id":"https:\/\/progettotouring.it\/radiotouring104\/2025\/09\/01\/festival-roccella-jazz-rumori-mediterranei-falcomata-evento-unico-nel-suo-genere\/#breadcrumb","itemListElement":[{"@type":"ListItem","position":1,"name":"Home","item":"https:\/\/progettotouring.it\/radiotouring104\/"},{"@type":"ListItem","position":2,"name":"Festival Roccella Jazz Rumori Mediterranei, Falcomat\u00e0: \u00abEvento unico nel suo genere\u00bb"}]},{"@type":"WebSite","@id":"https:\/\/progettotouring.it\/radiotouring104\/#website","url":"https:\/\/progettotouring.it\/radiotouring104\/","name":"Radio Touring 104","description":"La prima radio Reggina","publisher":{"@id":"https:\/\/progettotouring.it\/radiotouring104\/#organization"},"potentialAction":[{"@type":"SearchAction","target":{"@type":"EntryPoint","urlTemplate":"https:\/\/progettotouring.it\/radiotouring104\/?s={search_term_string}"},"query-input":{"@type":"PropertyValueSpecification","valueRequired":true,"valueName":"search_term_string"}}],"inLanguage":"it-IT"},{"@type":"Organization","@id":"https:\/\/progettotouring.it\/radiotouring104\/#organization","name":"Radio Touring 104","url":"https:\/\/progettotouring.it\/radiotouring104\/","logo":{"@type":"ImageObject","inLanguage":"it-IT","@id":"https:\/\/progettotouring.it\/radiotouring104\/#\/schema\/logo\/image\/","url":"https:\/\/progettotouring.it\/radiotouring104\/wp-content\/uploads\/sites\/6\/2022\/02\/cropped-logo-radio-touring-104.png","contentUrl":"https:\/\/progettotouring.it\/radiotouring104\/wp-content\/uploads\/sites\/6\/2022\/02\/cropped-logo-radio-touring-104.png","width":377,"height":182,"caption":"Radio Touring 104"},"image":{"@id":"https:\/\/progettotouring.it\/radiotouring104\/#\/schema\/logo\/image\/"}},{"@type":"Person","@id":"https:\/\/progettotouring.it\/radiotouring104\/#\/schema\/person\/97ff4f729b79fd682a1cf68c714af29c","name":"Andrea Benedetto","image":{"@type":"ImageObject","inLanguage":"it-IT","@id":"https:\/\/secure.gravatar.com\/avatar\/28b474e46fd81ca24e23c2a4450ad55141239d9ed3ad65642c2ab5af4baab51a?s=96&d=mm&r=g","url":"https:\/\/secure.gravatar.com\/avatar\/28b474e46fd81ca24e23c2a4450ad55141239d9ed3ad65642c2ab5af4baab51a?s=96&d=mm&r=g","contentUrl":"https:\/\/secure.gravatar.com\/avatar\/28b474e46fd81ca24e23c2a4450ad55141239d9ed3ad65642c2ab5af4baab51a?s=96&d=mm&r=g","caption":"Andrea Benedetto"},"url":"https:\/\/progettotouring.it\/radiotouring104\/author\/andrea\/"}]}},"jetpack_publicize_connections":[],"jetpack_featured_media_url":"https:\/\/progettotouring.it\/radiotouring104\/wp-content\/uploads\/sites\/6\/2025\/05\/Giuseppe-Falcomata.jpeg","jetpack_sharing_enabled":true,"_links":{"self":[{"href":"https:\/\/progettotouring.it\/radiotouring104\/wp-json\/wp\/v2\/posts\/80564","targetHints":{"allow":["GET"]}}],"collection":[{"href":"https:\/\/progettotouring.it\/radiotouring104\/wp-json\/wp\/v2\/posts"}],"about":[{"href":"https:\/\/progettotouring.it\/radiotouring104\/wp-json\/wp\/v2\/types\/post"}],"author":[{"embeddable":true,"href":"https:\/\/progettotouring.it\/radiotouring104\/wp-json\/wp\/v2\/users\/18"}],"replies":[{"embeddable":true,"href":"https:\/\/progettotouring.it\/radiotouring104\/wp-json\/wp\/v2\/comments?post=80564"}],"version-history":[{"count":3,"href":"https:\/\/progettotouring.it\/radiotouring104\/wp-json\/wp\/v2\/posts\/80564\/revisions"}],"predecessor-version":[{"id":89393,"href":"https:\/\/progettotouring.it\/radiotouring104\/wp-json\/wp\/v2\/posts\/80564\/revisions\/89393"}],"wp:featuredmedia":[{"embeddable":true,"href":"https:\/\/progettotouring.it\/radiotouring104\/wp-json\/wp\/v2\/media\/72928"}],"wp:attachment":[{"href":"https:\/\/progettotouring.it\/radiotouring104\/wp-json\/wp\/v2\/media?parent=80564"}],"wp:term":[{"taxonomy":"category","embeddable":true,"href":"https:\/\/progettotouring.it\/radiotouring104\/wp-json\/wp\/v2\/categories?post=80564"},{"taxonomy":"post_tag","embeddable":true,"href":"https:\/\/progettotouring.it\/radiotouring104\/wp-json\/wp\/v2\/tags?post=80564"}],"curies":[{"name":"wp","href":"https:\/\/api.w.org\/{rel}","templated":true}]}}