{"id":80582,"date":"2025-09-01T17:26:24","date_gmt":"2025-09-01T15:26:24","guid":{"rendered":"https:\/\/progettotouring.it\/radiotouring104\/?p=80582"},"modified":"2025-09-01T17:26:24","modified_gmt":"2025-09-01T15:26:24","slug":"assistenti-educativi-incontro-tra-citta-metropolitana-e-sindacati-falcomata-e-lizzi-confermano-impegno-per-garantire-continuita-e-tutela-delle-professionalita","status":"publish","type":"post","link":"https:\/\/progettotouring.it\/radiotouring104\/2025\/09\/01\/assistenti-educativi-incontro-tra-citta-metropolitana-e-sindacati-falcomata-e-lizzi-confermano-impegno-per-garantire-continuita-e-tutela-delle-professionalita\/","title":{"rendered":"Assistenti educativi, incontro tra Citt\u00e0 Metropolitana e sindacati: Falcomat\u00e0 e Lizzi confermano impegno per garantire continuit\u00e0 e tutela delle professionalit\u00e0"},"content":{"rendered":"<p data-start=\"289\" data-end=\"815\">A Palazzo Alvaro si \u00e8 svolto un incontro tra la Citt\u00e0 Metropolitana di Reggio Calabria e le rappresentanze sindacali per discutere del servizio degli assistenti educativi e alla comunicazione nelle scuole superiori di II grado. Un confronto che ha permesso di fare il punto sulle liquidazioni relative all\u2019anno scolastico appena concluso e sulle prospettive del nuovo, con l\u2019obiettivo di migliorare efficienza, continuit\u00e0 e qualit\u00e0 del servizio. Di seguito riportiamo integralmente il comunicato ufficiale diffuso dall\u2019Ente.<\/p>\n<p data-start=\"817\" data-end=\"840\"><strong data-start=\"817\" data-end=\"838\">\u201d<\/strong><em>Assistenti educativi, incontro proficuo tra Citt\u00e0 Metropolitana e rappresentanze sindacali, Falcomat\u00e0 e Lizzi: \u201cPercorso intrapreso nell\u2019interesse delle professionalit\u00e0 a cui \u00e8 affidata l\u2019assistenza dei ragazzi\u201d<\/em><\/p>\n<p data-start=\"1057\" data-end=\"1421\"><em>Quest\u2019oggi a Palazzo Alvaro si \u00e8 tenuto un incontro tra Citt\u00e0 Metropolitana e rappresentanze sindacali, per affrontare l\u2019argomento degli assistenti educativi e alla comunicazione per le scuole superiori di II grado allo scopo di informare e fare il punto della situazione riguardo l\u2019anno scolastico appena concluso e nell\u2019imminenza dell\u2019apertura di quello nuovo.<\/em><\/p>\n<p data-start=\"1423\" data-end=\"1617\"><em>Per l\u2019Ente, hanno preso parte alla riunione il Sindaco Giuseppe Falcomat\u00e0, il Consigliere delegato Rudi Lizzi, il dirigente Francesco Macheda e il Responsabile servizio Istruzione Felice Foti.<\/em><\/p>\n<p data-start=\"1619\" data-end=\"2181\"><em>Il dirigente ha preliminarmente rassicurato che sono gi\u00e0 in fase di ultimazione le liquidazioni relativa alle rendicontazioni pervenute per il trimestre Aprile Giugno 2025 rispetto ai 28 istituti di riferimento; in particolare e acquisita contabilmente la somma integrativa messa a disposizione su impegno dell\u2019Ente, \u00e8 iniziata la liquidazione (ne sono stati gi\u00e0 liquidati 1 su 28) e che si concluder\u00e0 integralmente entro questa settimana, permettendo cos\u00ec il successivo pagamento a tutte le scuole che hanno presentato la rendicontazione dopo il 30.6.2025.<\/em><\/p>\n<p data-start=\"2183\" data-end=\"2868\"><em>Lo stesso dirigente ha poi spiegato \u201cche \u00e8 stato necessario e si \u00e8 dovuta attendere la disponibilit\u00e0 contabile delle somme integrative che l\u2019Ente si era impegnato a reperire e stanziare a carico del proprio bilancio (come poi avvenuto con Delibera Sindacale di variazione di bilancio del Settore Finanziario n. 106 del mese di agosto 2025). Queste somme integrative di circa \u20ac 125.000,00 sono dunque andate ad aggiungersi ai residui dei trasferimenti statali e regionali disponibili per l\u2019anno scolastico 2024\/2025 ed erano necessarie per la liquidazione integrale delle rendicontazioni pervenute successivamente a partire dal 30.6.2025 e relative al trimestre aprile \u2013 giugno 2025\u201c.<\/em><\/p>\n<p data-start=\"2870\" data-end=\"3447\">Nel corso dell\u2019incontro si \u00e8 anche discusso dell\u2019inizio del nuovo anno scolastico e delle modalit\u00e0 pi\u00f9 opportune per migliorare il servizio in termini di efficienza ed efficacia e continuit\u00e0. Si \u00e8 fatta presente la possibilit\u00e0 in tal senso di intervenire nella gestione con il supporto di una propria societ\u00e0 partecipata, migliorando le modalit\u00e0 di controllo da parte dell\u2019Ente in modo tale da renderle pi\u00f9 efficienti e pi\u00f9 funzionali a vantaggio degli studenti con disabilit\u00e0 e allo stesso tempo permettere un proficuo controllo di spesa e sugli atti da parte del Settore 7.<\/p>\n<p data-start=\"3449\" data-end=\"4113\">Su richiesta del Consigliere Delegato Rudi Lizzi (che \u00e8 stata accolta favorevolmente da tutti presenti), \u00e8 stata ravvisata la necessit\u00e0 di accorciare il termine delle rendicontazioni dai tre attuali a due mesi; ci\u00f2 permetter\u00e0 da un lato agli assistenti educativi di ricevere le spettanze trasferite alla Citt\u00e0 Metropolitana ogni 60 giorni riducendo i tempi di erogazione; permetter\u00e0 anche un migliore e pi\u00f9 accurato monitoraggio in termini qualitativi da parte del Settore Istruzione dell\u2019Ente, con riferimento alla spesa rendicontata e una pi\u00f9 compiuta correlazione e controllo rispetto alle risorse che vengono trasferite a seguito di DPCM e Decreto Regionale.<\/p>\n<p data-start=\"4115\" data-end=\"5266\">A margine dell\u2019incontro, Falcomat\u00e0 e Lizzi hanno sottolineato che la volont\u00e0 politica \u00e8 quella di assicurare le massime garanzie a quei professionisti che hanno il complicato e delicato compito di assistere ragazzi con disabilit\u00e0 allo scopo di accompagnarli nel loro percorso scolastico e affinch\u00e9 la loro formazione e il loro apprendimento sia il pi\u00f9 possibile sostenibile, sotto tutti i punti di vista: \u201cPurtroppo come ente, lavoriamo in una cornice giuridica non definita per il mancato trasferimento delle deleghe da parte della Regione, che continua a \u2018galleggiare\u2019 senza assegnare o delegare la titolarit\u00e0 delle funzioni fondamentali alla Citt\u00e0 Metropolitana come quello dell\u2019Assistenza scolastica per la disabilit\u00e0 nelle scuole superiori di 2 grado cos\u00ec come le altre previste dalla Legge 65\/2014 e dalle norme successive. Ma lavoriamo, qualora ce ne fosse bisogno, cos\u00ec come abbiamo fatto per lo scorso anno scolastico, per sostenere in caso di necessit\u00e0 il servizio, che riteniamo fondamentale per i ragazzi che ne hanno assolutamente bisogno, e al contempo, cercando di garantire la continuit\u00e0 didattica e scolastica per gli assistenti\u201d.<\/p>\n<p data-start=\"5268\" data-end=\"5781\">Il tavolo si \u00e8 concluso con l\u2019anticipazione che in occasione dell\u2019inizio del nuovo anno scolastico sar\u00e0 diramata una circolare operativa da parte del Settore Istruzione con le varie indicazioni amministrative e contabili ai dirigenti scolastici, per permettere la continuit\u00e0 del servizio anche nelle more dell\u2019approvazione del nuovo DPCM che indicher\u00e0 le somme stanziate per la Citt\u00e0 Metropolitana di Reggio Calabria per l\u2019anno scolastico 2025\/2026 e che probabilmente interverr\u00e0 ad anno scolastico gi\u00e0 avviato.\u201d<\/p>\n","protected":false},"excerpt":{"rendered":"<p>A Palazzo Alvaro si \u00e8 svolto un incontro tra la Citt\u00e0 Metropolitana di Reggio Calabria e le rappresentanze sindacali per discutere del servizio degli assistenti educativi e alla comunicazione nelle&hellip;<\/p>\n","protected":false},"author":18,"featured_media":80583,"comment_status":"closed","ping_status":"open","sticky":false,"template":"","format":"standard","meta":{"_jetpack_memberships_contains_paid_content":false,"footnotes":"","jetpack_publicize_message":"","jetpack_publicize_feature_enabled":true,"jetpack_social_post_already_shared":true,"jetpack_social_options":{"image_generator_settings":{"template":"highway","default_image_id":0,"font":"","enabled":false},"version":2}},"categories":[921,196,195,140],"tags":[],"class_list":["post-80582","post","type-post","status-publish","format-standard","has-post-thumbnail","hentry","category-home","category-news","category-politica","category-reggio-calabria"],"yoast_head":"<!-- This site is optimized with the Yoast SEO plugin v27.2 - https:\/\/yoast.com\/product\/yoast-seo-wordpress\/ -->\n<title>Assistenti educativi, incontro tra Citt\u00e0 Metropolitana e sindacati: Falcomat\u00e0 e Lizzi confermano impegno per garantire continuit\u00e0 e tutela delle professionalit\u00e0 - Radio Touring 104<\/title>\n<meta name=\"description\" content=\"Falcomat\u00e0 e Lizzi: \u201cMassime garanzie agli assistenti educativi per assicurare continuit\u00e0 e qualit\u00e0 del servizio\u201d\" \/>\n<meta name=\"robots\" content=\"index, follow, max-snippet:-1, max-image-preview:large, max-video-preview:-1\" \/>\n<link rel=\"canonical\" href=\"https:\/\/progettotouring.it\/radiotouring104\/2025\/09\/01\/assistenti-educativi-incontro-tra-citta-metropolitana-e-sindacati-falcomata-e-lizzi-confermano-impegno-per-garantire-continuita-e-tutela-delle-professionalita\/\" \/>\n<meta property=\"og:locale\" content=\"it_IT\" \/>\n<meta property=\"og:type\" content=\"article\" \/>\n<meta property=\"og:title\" content=\"Assistenti educativi, incontro tra Citt\u00e0 Metropolitana e sindacati: Falcomat\u00e0 e Lizzi confermano impegno per garantire continuit\u00e0 e tutela delle professionalit\u00e0 - Radio Touring 104\" \/>\n<meta property=\"og:description\" content=\"Falcomat\u00e0 e Lizzi: \u201cMassime garanzie agli assistenti educativi per assicurare continuit\u00e0 e qualit\u00e0 del servizio\u201d\" \/>\n<meta property=\"og:url\" content=\"https:\/\/progettotouring.it\/radiotouring104\/2025\/09\/01\/assistenti-educativi-incontro-tra-citta-metropolitana-e-sindacati-falcomata-e-lizzi-confermano-impegno-per-garantire-continuita-e-tutela-delle-professionalita\/\" \/>\n<meta property=\"og:site_name\" content=\"Radio Touring 104\" \/>\n<meta property=\"article:published_time\" content=\"2025-09-01T15:26:24+00:00\" \/>\n<meta property=\"og:image\" content=\"https:\/\/progettotouring.it\/radiotouring104\/wp-content\/uploads\/sites\/6\/2025\/09\/Riunione_palazzo_alvaro.jpeg\" \/>\n\t<meta property=\"og:image:width\" content=\"1677\" \/>\n\t<meta property=\"og:image:height\" content=\"1080\" \/>\n\t<meta property=\"og:image:type\" content=\"image\/jpeg\" \/>\n<meta name=\"author\" content=\"Andrea Benedetto\" \/>\n<meta name=\"twitter:card\" content=\"summary_large_image\" \/>\n<meta name=\"twitter:label1\" content=\"Scritto da\" \/>\n\t<meta name=\"twitter:data1\" content=\"Andrea Benedetto\" \/>\n\t<meta name=\"twitter:label2\" content=\"Tempo di lettura stimato\" \/>\n\t<meta name=\"twitter:data2\" content=\"4 minuti\" \/>\n<script type=\"application\/ld+json\" class=\"yoast-schema-graph\">{\"@context\":\"https:\/\/schema.org\",\"@graph\":[{\"@type\":\"Article\",\"@id\":\"https:\/\/progettotouring.it\/radiotouring104\/2025\/09\/01\/assistenti-educativi-incontro-tra-citta-metropolitana-e-sindacati-falcomata-e-lizzi-confermano-impegno-per-garantire-continuita-e-tutela-delle-professionalita\/#article\",\"isPartOf\":{\"@id\":\"https:\/\/progettotouring.it\/radiotouring104\/2025\/09\/01\/assistenti-educativi-incontro-tra-citta-metropolitana-e-sindacati-falcomata-e-lizzi-confermano-impegno-per-garantire-continuita-e-tutela-delle-professionalita\/\"},\"author\":{\"name\":\"Andrea Benedetto\",\"@id\":\"https:\/\/progettotouring.it\/radiotouring104\/#\/schema\/person\/97ff4f729b79fd682a1cf68c714af29c\"},\"headline\":\"Assistenti educativi, incontro tra Citt\u00e0 Metropolitana e sindacati: Falcomat\u00e0 e Lizzi confermano impegno per garantire continuit\u00e0 e tutela delle professionalit\u00e0\",\"datePublished\":\"2025-09-01T15:26:24+00:00\",\"mainEntityOfPage\":{\"@id\":\"https:\/\/progettotouring.it\/radiotouring104\/2025\/09\/01\/assistenti-educativi-incontro-tra-citta-metropolitana-e-sindacati-falcomata-e-lizzi-confermano-impegno-per-garantire-continuita-e-tutela-delle-professionalita\/\"},\"wordCount\":811,\"publisher\":{\"@id\":\"https:\/\/progettotouring.it\/radiotouring104\/#organization\"},\"image\":{\"@id\":\"https:\/\/progettotouring.it\/radiotouring104\/2025\/09\/01\/assistenti-educativi-incontro-tra-citta-metropolitana-e-sindacati-falcomata-e-lizzi-confermano-impegno-per-garantire-continuita-e-tutela-delle-professionalita\/#primaryimage\"},\"thumbnailUrl\":\"https:\/\/progettotouring.it\/radiotouring104\/wp-content\/uploads\/sites\/6\/2025\/09\/Riunione_palazzo_alvaro.jpeg\",\"articleSection\":[\"Home\",\"News\",\"Politica\",\"Reggio Calabria\"],\"inLanguage\":\"it-IT\"},{\"@type\":\"WebPage\",\"@id\":\"https:\/\/progettotouring.it\/radiotouring104\/2025\/09\/01\/assistenti-educativi-incontro-tra-citta-metropolitana-e-sindacati-falcomata-e-lizzi-confermano-impegno-per-garantire-continuita-e-tutela-delle-professionalita\/\",\"url\":\"https:\/\/progettotouring.it\/radiotouring104\/2025\/09\/01\/assistenti-educativi-incontro-tra-citta-metropolitana-e-sindacati-falcomata-e-lizzi-confermano-impegno-per-garantire-continuita-e-tutela-delle-professionalita\/\",\"name\":\"Assistenti educativi, incontro tra Citt\u00e0 Metropolitana e sindacati: Falcomat\u00e0 e Lizzi confermano impegno per garantire continuit\u00e0 e tutela delle professionalit\u00e0 - Radio Touring 104\",\"isPartOf\":{\"@id\":\"https:\/\/progettotouring.it\/radiotouring104\/#website\"},\"primaryImageOfPage\":{\"@id\":\"https:\/\/progettotouring.it\/radiotouring104\/2025\/09\/01\/assistenti-educativi-incontro-tra-citta-metropolitana-e-sindacati-falcomata-e-lizzi-confermano-impegno-per-garantire-continuita-e-tutela-delle-professionalita\/#primaryimage\"},\"image\":{\"@id\":\"https:\/\/progettotouring.it\/radiotouring104\/2025\/09\/01\/assistenti-educativi-incontro-tra-citta-metropolitana-e-sindacati-falcomata-e-lizzi-confermano-impegno-per-garantire-continuita-e-tutela-delle-professionalita\/#primaryimage\"},\"thumbnailUrl\":\"https:\/\/progettotouring.it\/radiotouring104\/wp-content\/uploads\/sites\/6\/2025\/09\/Riunione_palazzo_alvaro.jpeg\",\"datePublished\":\"2025-09-01T15:26:24+00:00\",\"description\":\"Falcomat\u00e0 e Lizzi: \u201cMassime garanzie agli assistenti educativi per assicurare continuit\u00e0 e qualit\u00e0 del servizio\u201d\",\"breadcrumb\":{\"@id\":\"https:\/\/progettotouring.it\/radiotouring104\/2025\/09\/01\/assistenti-educativi-incontro-tra-citta-metropolitana-e-sindacati-falcomata-e-lizzi-confermano-impegno-per-garantire-continuita-e-tutela-delle-professionalita\/#breadcrumb\"},\"inLanguage\":\"it-IT\",\"potentialAction\":[{\"@type\":\"ReadAction\",\"target\":[\"https:\/\/progettotouring.it\/radiotouring104\/2025\/09\/01\/assistenti-educativi-incontro-tra-citta-metropolitana-e-sindacati-falcomata-e-lizzi-confermano-impegno-per-garantire-continuita-e-tutela-delle-professionalita\/\"]}]},{\"@type\":\"ImageObject\",\"inLanguage\":\"it-IT\",\"@id\":\"https:\/\/progettotouring.it\/radiotouring104\/2025\/09\/01\/assistenti-educativi-incontro-tra-citta-metropolitana-e-sindacati-falcomata-e-lizzi-confermano-impegno-per-garantire-continuita-e-tutela-delle-professionalita\/#primaryimage\",\"url\":\"https:\/\/progettotouring.it\/radiotouring104\/wp-content\/uploads\/sites\/6\/2025\/09\/Riunione_palazzo_alvaro.jpeg\",\"contentUrl\":\"https:\/\/progettotouring.it\/radiotouring104\/wp-content\/uploads\/sites\/6\/2025\/09\/Riunione_palazzo_alvaro.jpeg\",\"width\":1677,\"height\":1080},{\"@type\":\"BreadcrumbList\",\"@id\":\"https:\/\/progettotouring.it\/radiotouring104\/2025\/09\/01\/assistenti-educativi-incontro-tra-citta-metropolitana-e-sindacati-falcomata-e-lizzi-confermano-impegno-per-garantire-continuita-e-tutela-delle-professionalita\/#breadcrumb\",\"itemListElement\":[{\"@type\":\"ListItem\",\"position\":1,\"name\":\"Home\",\"item\":\"https:\/\/progettotouring.it\/radiotouring104\/\"},{\"@type\":\"ListItem\",\"position\":2,\"name\":\"Assistenti educativi, incontro tra Citt\u00e0 Metropolitana e sindacati: Falcomat\u00e0 e Lizzi confermano impegno per garantire continuit\u00e0 e tutela delle professionalit\u00e0\"}]},{\"@type\":\"WebSite\",\"@id\":\"https:\/\/progettotouring.it\/radiotouring104\/#website\",\"url\":\"https:\/\/progettotouring.it\/radiotouring104\/\",\"name\":\"Radio Touring 104\",\"description\":\"La prima radio Reggina\",\"publisher\":{\"@id\":\"https:\/\/progettotouring.it\/radiotouring104\/#organization\"},\"potentialAction\":[{\"@type\":\"SearchAction\",\"target\":{\"@type\":\"EntryPoint\",\"urlTemplate\":\"https:\/\/progettotouring.it\/radiotouring104\/?s={search_term_string}\"},\"query-input\":{\"@type\":\"PropertyValueSpecification\",\"valueRequired\":true,\"valueName\":\"search_term_string\"}}],\"inLanguage\":\"it-IT\"},{\"@type\":\"Organization\",\"@id\":\"https:\/\/progettotouring.it\/radiotouring104\/#organization\",\"name\":\"Radio Touring 104\",\"url\":\"https:\/\/progettotouring.it\/radiotouring104\/\",\"logo\":{\"@type\":\"ImageObject\",\"inLanguage\":\"it-IT\",\"@id\":\"https:\/\/progettotouring.it\/radiotouring104\/#\/schema\/logo\/image\/\",\"url\":\"https:\/\/progettotouring.it\/radiotouring104\/wp-content\/uploads\/sites\/6\/2022\/02\/cropped-logo-radio-touring-104.png\",\"contentUrl\":\"https:\/\/progettotouring.it\/radiotouring104\/wp-content\/uploads\/sites\/6\/2022\/02\/cropped-logo-radio-touring-104.png\",\"width\":377,\"height\":182,\"caption\":\"Radio Touring 104\"},\"image\":{\"@id\":\"https:\/\/progettotouring.it\/radiotouring104\/#\/schema\/logo\/image\/\"}},{\"@type\":\"Person\",\"@id\":\"https:\/\/progettotouring.it\/radiotouring104\/#\/schema\/person\/97ff4f729b79fd682a1cf68c714af29c\",\"name\":\"Andrea Benedetto\",\"image\":{\"@type\":\"ImageObject\",\"inLanguage\":\"it-IT\",\"@id\":\"https:\/\/secure.gravatar.com\/avatar\/28b474e46fd81ca24e23c2a4450ad55141239d9ed3ad65642c2ab5af4baab51a?s=96&d=mm&r=g\",\"url\":\"https:\/\/secure.gravatar.com\/avatar\/28b474e46fd81ca24e23c2a4450ad55141239d9ed3ad65642c2ab5af4baab51a?s=96&d=mm&r=g\",\"contentUrl\":\"https:\/\/secure.gravatar.com\/avatar\/28b474e46fd81ca24e23c2a4450ad55141239d9ed3ad65642c2ab5af4baab51a?s=96&d=mm&r=g\",\"caption\":\"Andrea Benedetto\"},\"url\":\"https:\/\/progettotouring.it\/radiotouring104\/author\/andrea\/\"}]}<\/script>\n<!-- \/ Yoast SEO plugin. -->","yoast_head_json":{"title":"Assistenti educativi, incontro tra Citt\u00e0 Metropolitana e sindacati: Falcomat\u00e0 e Lizzi confermano impegno per garantire continuit\u00e0 e tutela delle professionalit\u00e0 - Radio Touring 104","description":"Falcomat\u00e0 e Lizzi: \u201cMassime garanzie agli assistenti educativi per assicurare continuit\u00e0 e qualit\u00e0 del servizio\u201d","robots":{"index":"index","follow":"follow","max-snippet":"max-snippet:-1","max-image-preview":"max-image-preview:large","max-video-preview":"max-video-preview:-1"},"canonical":"https:\/\/progettotouring.it\/radiotouring104\/2025\/09\/01\/assistenti-educativi-incontro-tra-citta-metropolitana-e-sindacati-falcomata-e-lizzi-confermano-impegno-per-garantire-continuita-e-tutela-delle-professionalita\/","og_locale":"it_IT","og_type":"article","og_title":"Assistenti educativi, incontro tra Citt\u00e0 Metropolitana e sindacati: Falcomat\u00e0 e Lizzi confermano impegno per garantire continuit\u00e0 e tutela delle professionalit\u00e0 - Radio Touring 104","og_description":"Falcomat\u00e0 e Lizzi: \u201cMassime garanzie agli assistenti educativi per assicurare continuit\u00e0 e qualit\u00e0 del servizio\u201d","og_url":"https:\/\/progettotouring.it\/radiotouring104\/2025\/09\/01\/assistenti-educativi-incontro-tra-citta-metropolitana-e-sindacati-falcomata-e-lizzi-confermano-impegno-per-garantire-continuita-e-tutela-delle-professionalita\/","og_site_name":"Radio Touring 104","article_published_time":"2025-09-01T15:26:24+00:00","og_image":[{"width":1677,"height":1080,"url":"https:\/\/progettotouring.it\/radiotouring104\/wp-content\/uploads\/sites\/6\/2025\/09\/Riunione_palazzo_alvaro.jpeg","type":"image\/jpeg"}],"author":"Andrea Benedetto","twitter_card":"summary_large_image","twitter_misc":{"Scritto da":"Andrea Benedetto","Tempo di lettura stimato":"4 minuti"},"schema":{"@context":"https:\/\/schema.org","@graph":[{"@type":"Article","@id":"https:\/\/progettotouring.it\/radiotouring104\/2025\/09\/01\/assistenti-educativi-incontro-tra-citta-metropolitana-e-sindacati-falcomata-e-lizzi-confermano-impegno-per-garantire-continuita-e-tutela-delle-professionalita\/#article","isPartOf":{"@id":"https:\/\/progettotouring.it\/radiotouring104\/2025\/09\/01\/assistenti-educativi-incontro-tra-citta-metropolitana-e-sindacati-falcomata-e-lizzi-confermano-impegno-per-garantire-continuita-e-tutela-delle-professionalita\/"},"author":{"name":"Andrea Benedetto","@id":"https:\/\/progettotouring.it\/radiotouring104\/#\/schema\/person\/97ff4f729b79fd682a1cf68c714af29c"},"headline":"Assistenti educativi, incontro tra Citt\u00e0 Metropolitana e sindacati: Falcomat\u00e0 e Lizzi confermano impegno per garantire continuit\u00e0 e tutela delle professionalit\u00e0","datePublished":"2025-09-01T15:26:24+00:00","mainEntityOfPage":{"@id":"https:\/\/progettotouring.it\/radiotouring104\/2025\/09\/01\/assistenti-educativi-incontro-tra-citta-metropolitana-e-sindacati-falcomata-e-lizzi-confermano-impegno-per-garantire-continuita-e-tutela-delle-professionalita\/"},"wordCount":811,"publisher":{"@id":"https:\/\/progettotouring.it\/radiotouring104\/#organization"},"image":{"@id":"https:\/\/progettotouring.it\/radiotouring104\/2025\/09\/01\/assistenti-educativi-incontro-tra-citta-metropolitana-e-sindacati-falcomata-e-lizzi-confermano-impegno-per-garantire-continuita-e-tutela-delle-professionalita\/#primaryimage"},"thumbnailUrl":"https:\/\/progettotouring.it\/radiotouring104\/wp-content\/uploads\/sites\/6\/2025\/09\/Riunione_palazzo_alvaro.jpeg","articleSection":["Home","News","Politica","Reggio Calabria"],"inLanguage":"it-IT"},{"@type":"WebPage","@id":"https:\/\/progettotouring.it\/radiotouring104\/2025\/09\/01\/assistenti-educativi-incontro-tra-citta-metropolitana-e-sindacati-falcomata-e-lizzi-confermano-impegno-per-garantire-continuita-e-tutela-delle-professionalita\/","url":"https:\/\/progettotouring.it\/radiotouring104\/2025\/09\/01\/assistenti-educativi-incontro-tra-citta-metropolitana-e-sindacati-falcomata-e-lizzi-confermano-impegno-per-garantire-continuita-e-tutela-delle-professionalita\/","name":"Assistenti educativi, incontro tra Citt\u00e0 Metropolitana e sindacati: Falcomat\u00e0 e Lizzi confermano impegno per garantire continuit\u00e0 e tutela delle professionalit\u00e0 - Radio Touring 104","isPartOf":{"@id":"https:\/\/progettotouring.it\/radiotouring104\/#website"},"primaryImageOfPage":{"@id":"https:\/\/progettotouring.it\/radiotouring104\/2025\/09\/01\/assistenti-educativi-incontro-tra-citta-metropolitana-e-sindacati-falcomata-e-lizzi-confermano-impegno-per-garantire-continuita-e-tutela-delle-professionalita\/#primaryimage"},"image":{"@id":"https:\/\/progettotouring.it\/radiotouring104\/2025\/09\/01\/assistenti-educativi-incontro-tra-citta-metropolitana-e-sindacati-falcomata-e-lizzi-confermano-impegno-per-garantire-continuita-e-tutela-delle-professionalita\/#primaryimage"},"thumbnailUrl":"https:\/\/progettotouring.it\/radiotouring104\/wp-content\/uploads\/sites\/6\/2025\/09\/Riunione_palazzo_alvaro.jpeg","datePublished":"2025-09-01T15:26:24+00:00","description":"Falcomat\u00e0 e Lizzi: \u201cMassime garanzie agli assistenti educativi per assicurare continuit\u00e0 e qualit\u00e0 del servizio\u201d","breadcrumb":{"@id":"https:\/\/progettotouring.it\/radiotouring104\/2025\/09\/01\/assistenti-educativi-incontro-tra-citta-metropolitana-e-sindacati-falcomata-e-lizzi-confermano-impegno-per-garantire-continuita-e-tutela-delle-professionalita\/#breadcrumb"},"inLanguage":"it-IT","potentialAction":[{"@type":"ReadAction","target":["https:\/\/progettotouring.it\/radiotouring104\/2025\/09\/01\/assistenti-educativi-incontro-tra-citta-metropolitana-e-sindacati-falcomata-e-lizzi-confermano-impegno-per-garantire-continuita-e-tutela-delle-professionalita\/"]}]},{"@type":"ImageObject","inLanguage":"it-IT","@id":"https:\/\/progettotouring.it\/radiotouring104\/2025\/09\/01\/assistenti-educativi-incontro-tra-citta-metropolitana-e-sindacati-falcomata-e-lizzi-confermano-impegno-per-garantire-continuita-e-tutela-delle-professionalita\/#primaryimage","url":"https:\/\/progettotouring.it\/radiotouring104\/wp-content\/uploads\/sites\/6\/2025\/09\/Riunione_palazzo_alvaro.jpeg","contentUrl":"https:\/\/progettotouring.it\/radiotouring104\/wp-content\/uploads\/sites\/6\/2025\/09\/Riunione_palazzo_alvaro.jpeg","width":1677,"height":1080},{"@type":"BreadcrumbList","@id":"https:\/\/progettotouring.it\/radiotouring104\/2025\/09\/01\/assistenti-educativi-incontro-tra-citta-metropolitana-e-sindacati-falcomata-e-lizzi-confermano-impegno-per-garantire-continuita-e-tutela-delle-professionalita\/#breadcrumb","itemListElement":[{"@type":"ListItem","position":1,"name":"Home","item":"https:\/\/progettotouring.it\/radiotouring104\/"},{"@type":"ListItem","position":2,"name":"Assistenti educativi, incontro tra Citt\u00e0 Metropolitana e sindacati: Falcomat\u00e0 e Lizzi confermano impegno per garantire continuit\u00e0 e tutela delle professionalit\u00e0"}]},{"@type":"WebSite","@id":"https:\/\/progettotouring.it\/radiotouring104\/#website","url":"https:\/\/progettotouring.it\/radiotouring104\/","name":"Radio Touring 104","description":"La prima radio Reggina","publisher":{"@id":"https:\/\/progettotouring.it\/radiotouring104\/#organization"},"potentialAction":[{"@type":"SearchAction","target":{"@type":"EntryPoint","urlTemplate":"https:\/\/progettotouring.it\/radiotouring104\/?s={search_term_string}"},"query-input":{"@type":"PropertyValueSpecification","valueRequired":true,"valueName":"search_term_string"}}],"inLanguage":"it-IT"},{"@type":"Organization","@id":"https:\/\/progettotouring.it\/radiotouring104\/#organization","name":"Radio Touring 104","url":"https:\/\/progettotouring.it\/radiotouring104\/","logo":{"@type":"ImageObject","inLanguage":"it-IT","@id":"https:\/\/progettotouring.it\/radiotouring104\/#\/schema\/logo\/image\/","url":"https:\/\/progettotouring.it\/radiotouring104\/wp-content\/uploads\/sites\/6\/2022\/02\/cropped-logo-radio-touring-104.png","contentUrl":"https:\/\/progettotouring.it\/radiotouring104\/wp-content\/uploads\/sites\/6\/2022\/02\/cropped-logo-radio-touring-104.png","width":377,"height":182,"caption":"Radio Touring 104"},"image":{"@id":"https:\/\/progettotouring.it\/radiotouring104\/#\/schema\/logo\/image\/"}},{"@type":"Person","@id":"https:\/\/progettotouring.it\/radiotouring104\/#\/schema\/person\/97ff4f729b79fd682a1cf68c714af29c","name":"Andrea Benedetto","image":{"@type":"ImageObject","inLanguage":"it-IT","@id":"https:\/\/secure.gravatar.com\/avatar\/28b474e46fd81ca24e23c2a4450ad55141239d9ed3ad65642c2ab5af4baab51a?s=96&d=mm&r=g","url":"https:\/\/secure.gravatar.com\/avatar\/28b474e46fd81ca24e23c2a4450ad55141239d9ed3ad65642c2ab5af4baab51a?s=96&d=mm&r=g","contentUrl":"https:\/\/secure.gravatar.com\/avatar\/28b474e46fd81ca24e23c2a4450ad55141239d9ed3ad65642c2ab5af4baab51a?s=96&d=mm&r=g","caption":"Andrea Benedetto"},"url":"https:\/\/progettotouring.it\/radiotouring104\/author\/andrea\/"}]}},"jetpack_publicize_connections":[],"jetpack_featured_media_url":"https:\/\/progettotouring.it\/radiotouring104\/wp-content\/uploads\/sites\/6\/2025\/09\/Riunione_palazzo_alvaro.jpeg","jetpack_sharing_enabled":true,"_links":{"self":[{"href":"https:\/\/progettotouring.it\/radiotouring104\/wp-json\/wp\/v2\/posts\/80582","targetHints":{"allow":["GET"]}}],"collection":[{"href":"https:\/\/progettotouring.it\/radiotouring104\/wp-json\/wp\/v2\/posts"}],"about":[{"href":"https:\/\/progettotouring.it\/radiotouring104\/wp-json\/wp\/v2\/types\/post"}],"author":[{"embeddable":true,"href":"https:\/\/progettotouring.it\/radiotouring104\/wp-json\/wp\/v2\/users\/18"}],"replies":[{"embeddable":true,"href":"https:\/\/progettotouring.it\/radiotouring104\/wp-json\/wp\/v2\/comments?post=80582"}],"version-history":[{"count":1,"href":"https:\/\/progettotouring.it\/radiotouring104\/wp-json\/wp\/v2\/posts\/80582\/revisions"}],"predecessor-version":[{"id":80584,"href":"https:\/\/progettotouring.it\/radiotouring104\/wp-json\/wp\/v2\/posts\/80582\/revisions\/80584"}],"wp:featuredmedia":[{"embeddable":true,"href":"https:\/\/progettotouring.it\/radiotouring104\/wp-json\/wp\/v2\/media\/80583"}],"wp:attachment":[{"href":"https:\/\/progettotouring.it\/radiotouring104\/wp-json\/wp\/v2\/media?parent=80582"}],"wp:term":[{"taxonomy":"category","embeddable":true,"href":"https:\/\/progettotouring.it\/radiotouring104\/wp-json\/wp\/v2\/categories?post=80582"},{"taxonomy":"post_tag","embeddable":true,"href":"https:\/\/progettotouring.it\/radiotouring104\/wp-json\/wp\/v2\/tags?post=80582"}],"curies":[{"name":"wp","href":"https:\/\/api.w.org\/{rel}","templated":true}]}}