{"id":80586,"date":"2025-09-02T08:55:42","date_gmt":"2025-09-02T06:55:42","guid":{"rendered":"https:\/\/progettotouring.it\/radiotouring104\/?p=80586"},"modified":"2025-09-02T09:37:10","modified_gmt":"2025-09-02T07:37:10","slug":"plastic-free-organizza-una-nuova-giornata-ecologica-a-punta-pellaro","status":"publish","type":"post","link":"https:\/\/progettotouring.it\/radiotouring104\/2025\/09\/02\/plastic-free-organizza-una-nuova-giornata-ecologica-a-punta-pellaro\/","title":{"rendered":"Plastic Free organizza una nuova giornata ecologica a Punta Pellaro"},"content":{"rendered":"<p><strong>Ricominciano le attivit\u00e0 di Plastic Free<\/strong> per l&#8217;ambiente: il <strong>primo appuntamento<\/strong> dopo la pausa estiva sar\u00e0 sul rettilineo di<strong> Punta Pellaro.<\/strong><\/p>\n<p><strong>I volontari<\/strong> dell&#8217;associazione, che ormai da diversi anni stanno operando su tutto il territorio nazionale per contrastare i danni derivanti dall&#8217;inquinamento da plastica, sono<strong> pronti a riunirsi per un nuovo clan up sulla spiaggia di Pellaro.<\/strong><\/p>\n<p>L&#8217;appuntamento, realizzato in collaborazione con Pro Loco Reggio Sud,<strong> \u00e8 per sabato 6 agosto alle ore 09:30 alla Statua del Cristo.<\/strong><\/p>\n<p>Grandi e piccini sono invitati a prendere parte all&#8217;iniziativa, che mira a sensibilizzare pi\u00f9 persone possibile sulla pericolosit\u00e0 dei rifiuti abbandonati illecitamente sul litorale, in prossimit\u00e0 del mare.<\/p>\n<p><em>&#8220;Torniamo carichi e pieni di energia dopo la breve pausa di agosto. Abbiamo monitorato per tutta l\u2019estate il nostro territorio, raccogliendo le segnalazioni dei nostri concittadini, e adesso siamo pronti a rimetterci a lavoro per prenderci cura insieme a loro della nostra Reggio\u201d,<\/em><strong> dichiarano i referenti reggini di Plastic Free.<\/strong><\/p>\n<p>La <strong>partecipazione all\u2019evento di sabato \u00e8 libera<\/strong> e gratuita, ma<strong> \u00e8 necessario registrarsi all&#8217;appuntamento cliccando<\/strong> &#8220;Partecipa&#8221; al link<\/p>\n<p><a href=\"https:\/\/www.plasticfreeonlus.it\/eventi\/12515\/6-set-reggio-di-calabria\">https:\/\/www.plasticfreeonlus.it\/eventi\/12515\/6-set-reggio-di-calabria<\/a><\/p>\n<p>&nbsp;<\/p>\n<p><strong>Si consiglia di portare con s\u00e9 dei guanti da lavoro<\/strong>, un cappellino per il sole e una borraccia con l\u2019acqua. Tutto il resto dell\u2019occorrente sar\u00e0 fornito da Plastic Free e da Ecologia Oggi, che si ringrazia per la collaborazione.<\/p>\n<p>&nbsp;<\/p>\n<p><strong>L\u2019evento \u00e8 autorizzato dal Comune di Reggio<\/strong> Calabria.<\/p>\n","protected":false},"excerpt":{"rendered":"<p>Ricominciano le attivit\u00e0 di Plastic Free per l&#8217;ambiente: il primo appuntamento dopo la pausa estiva sar\u00e0 sul rettilineo di Punta Pellaro. I volontari dell&#8217;associazione, che ormai da diversi anni stanno&hellip;<\/p>\n","protected":false},"author":5,"featured_media":80587,"comment_status":"closed","ping_status":"open","sticky":false,"template":"","format":"standard","meta":{"_jetpack_memberships_contains_paid_content":false,"footnotes":"","jetpack_publicize_message":"","jetpack_publicize_feature_enabled":true,"jetpack_social_post_already_shared":true,"jetpack_social_options":{"image_generator_settings":{"template":"highway","default_image_id":0,"font":"","enabled":false},"version":2}},"categories":[921,150,196,140],"tags":[342,47020,786,35035,2835,47021],"class_list":["post-80586","post","type-post","status-publish","format-standard","has-post-thumbnail","hentry","category-home","category-in-primo-piano","category-news","category-reggio-calabria","tag-comune-di-reggio-calabria","tag-nuova-giornata-ecologica","tag-plastic-free","tag-pulizia-spiaggia","tag-punta-pellaro","tag-statua-del-cristo"],"yoast_head":"<!-- This site is optimized with the Yoast SEO plugin v27.2 - https:\/\/yoast.com\/product\/yoast-seo-wordpress\/ -->\n<title>Plastic Free: nuova giornata ecologica a Punta Pellaro<\/title>\n<meta name=\"description\" content=\"L&#039;appuntamento per la pulizia della spiaggia di Punta Pellaro, \u00e8 fissato per sabato 6 agosto, alle ore 09:30, alla Statua del Cristo\" \/>\n<meta name=\"robots\" content=\"index, follow, max-snippet:-1, max-image-preview:large, max-video-preview:-1\" \/>\n<link rel=\"canonical\" href=\"https:\/\/progettotouring.it\/radiotouring104\/2025\/09\/02\/plastic-free-organizza-una-nuova-giornata-ecologica-a-punta-pellaro\/\" \/>\n<meta property=\"og:locale\" content=\"it_IT\" \/>\n<meta property=\"og:type\" content=\"article\" \/>\n<meta property=\"og:title\" content=\"Plastic Free: nuova giornata ecologica a Punta Pellaro\" \/>\n<meta property=\"og:description\" content=\"L&#039;appuntamento per la pulizia della spiaggia di Punta Pellaro, \u00e8 fissato per sabato 6 agosto, alle ore 09:30, alla Statua del Cristo\" \/>\n<meta property=\"og:url\" content=\"https:\/\/progettotouring.it\/radiotouring104\/2025\/09\/02\/plastic-free-organizza-una-nuova-giornata-ecologica-a-punta-pellaro\/\" \/>\n<meta property=\"og:site_name\" content=\"Radio Touring 104\" \/>\n<meta property=\"article:published_time\" content=\"2025-09-02T06:55:42+00:00\" \/>\n<meta property=\"article:modified_time\" content=\"2025-09-02T07:37:10+00:00\" \/>\n<meta property=\"og:image\" content=\"https:\/\/progettotouring.it\/radiotouring104\/wp-content\/uploads\/sites\/6\/2025\/09\/Plastic-Free-Punta-Pellaro.png\" \/>\n\t<meta property=\"og:image:width\" content=\"1080\" \/>\n\t<meta property=\"og:image:height\" content=\"1350\" \/>\n\t<meta property=\"og:image:type\" content=\"image\/png\" \/>\n<meta name=\"author\" content=\"redazione\" \/>\n<meta name=\"twitter:card\" content=\"summary_large_image\" \/>\n<meta name=\"twitter:label1\" content=\"Scritto da\" \/>\n\t<meta name=\"twitter:data1\" content=\"redazione\" \/>\n\t<meta name=\"twitter:label2\" content=\"Tempo di lettura stimato\" \/>\n\t<meta name=\"twitter:data2\" content=\"1 minuto\" \/>\n<script type=\"application\/ld+json\" class=\"yoast-schema-graph\">{\"@context\":\"https:\/\/schema.org\",\"@graph\":[{\"@type\":\"Article\",\"@id\":\"https:\/\/progettotouring.it\/radiotouring104\/2025\/09\/02\/plastic-free-organizza-una-nuova-giornata-ecologica-a-punta-pellaro\/#article\",\"isPartOf\":{\"@id\":\"https:\/\/progettotouring.it\/radiotouring104\/2025\/09\/02\/plastic-free-organizza-una-nuova-giornata-ecologica-a-punta-pellaro\/\"},\"author\":{\"name\":\"redazione\",\"@id\":\"https:\/\/progettotouring.it\/radiotouring104\/#\/schema\/person\/1b3eb3c07c47136bc44c785c543e635f\"},\"headline\":\"Plastic Free organizza una nuova giornata ecologica a Punta Pellaro\",\"datePublished\":\"2025-09-02T06:55:42+00:00\",\"dateModified\":\"2025-09-02T07:37:10+00:00\",\"mainEntityOfPage\":{\"@id\":\"https:\/\/progettotouring.it\/radiotouring104\/2025\/09\/02\/plastic-free-organizza-una-nuova-giornata-ecologica-a-punta-pellaro\/\"},\"wordCount\":238,\"publisher\":{\"@id\":\"https:\/\/progettotouring.it\/radiotouring104\/#organization\"},\"image\":{\"@id\":\"https:\/\/progettotouring.it\/radiotouring104\/2025\/09\/02\/plastic-free-organizza-una-nuova-giornata-ecologica-a-punta-pellaro\/#primaryimage\"},\"thumbnailUrl\":\"https:\/\/progettotouring.it\/radiotouring104\/wp-content\/uploads\/sites\/6\/2025\/09\/Plastic-Free-Punta-Pellaro.png\",\"keywords\":[\"Comune di Reggio Calabria\",\"nuova giornata ecologica\",\"plastic free\",\"pulizia spiaggia\",\"punta pellaro\",\"statua del Cristo\"],\"articleSection\":[\"Home\",\"In primo piano\",\"News\",\"Reggio Calabria\"],\"inLanguage\":\"it-IT\"},{\"@type\":\"WebPage\",\"@id\":\"https:\/\/progettotouring.it\/radiotouring104\/2025\/09\/02\/plastic-free-organizza-una-nuova-giornata-ecologica-a-punta-pellaro\/\",\"url\":\"https:\/\/progettotouring.it\/radiotouring104\/2025\/09\/02\/plastic-free-organizza-una-nuova-giornata-ecologica-a-punta-pellaro\/\",\"name\":\"Plastic Free: nuova giornata ecologica a Punta Pellaro\",\"isPartOf\":{\"@id\":\"https:\/\/progettotouring.it\/radiotouring104\/#website\"},\"primaryImageOfPage\":{\"@id\":\"https:\/\/progettotouring.it\/radiotouring104\/2025\/09\/02\/plastic-free-organizza-una-nuova-giornata-ecologica-a-punta-pellaro\/#primaryimage\"},\"image\":{\"@id\":\"https:\/\/progettotouring.it\/radiotouring104\/2025\/09\/02\/plastic-free-organizza-una-nuova-giornata-ecologica-a-punta-pellaro\/#primaryimage\"},\"thumbnailUrl\":\"https:\/\/progettotouring.it\/radiotouring104\/wp-content\/uploads\/sites\/6\/2025\/09\/Plastic-Free-Punta-Pellaro.png\",\"datePublished\":\"2025-09-02T06:55:42+00:00\",\"dateModified\":\"2025-09-02T07:37:10+00:00\",\"description\":\"L'appuntamento per la pulizia della spiaggia di Punta Pellaro, \u00e8 fissato per sabato 6 agosto, alle ore 09:30, alla Statua del Cristo\",\"breadcrumb\":{\"@id\":\"https:\/\/progettotouring.it\/radiotouring104\/2025\/09\/02\/plastic-free-organizza-una-nuova-giornata-ecologica-a-punta-pellaro\/#breadcrumb\"},\"inLanguage\":\"it-IT\",\"potentialAction\":[{\"@type\":\"ReadAction\",\"target\":[\"https:\/\/progettotouring.it\/radiotouring104\/2025\/09\/02\/plastic-free-organizza-una-nuova-giornata-ecologica-a-punta-pellaro\/\"]}]},{\"@type\":\"ImageObject\",\"inLanguage\":\"it-IT\",\"@id\":\"https:\/\/progettotouring.it\/radiotouring104\/2025\/09\/02\/plastic-free-organizza-una-nuova-giornata-ecologica-a-punta-pellaro\/#primaryimage\",\"url\":\"https:\/\/progettotouring.it\/radiotouring104\/wp-content\/uploads\/sites\/6\/2025\/09\/Plastic-Free-Punta-Pellaro.png\",\"contentUrl\":\"https:\/\/progettotouring.it\/radiotouring104\/wp-content\/uploads\/sites\/6\/2025\/09\/Plastic-Free-Punta-Pellaro.png\",\"width\":1080,\"height\":1350},{\"@type\":\"BreadcrumbList\",\"@id\":\"https:\/\/progettotouring.it\/radiotouring104\/2025\/09\/02\/plastic-free-organizza-una-nuova-giornata-ecologica-a-punta-pellaro\/#breadcrumb\",\"itemListElement\":[{\"@type\":\"ListItem\",\"position\":1,\"name\":\"Home\",\"item\":\"https:\/\/progettotouring.it\/radiotouring104\/\"},{\"@type\":\"ListItem\",\"position\":2,\"name\":\"Plastic Free organizza una nuova giornata ecologica a Punta Pellaro\"}]},{\"@type\":\"WebSite\",\"@id\":\"https:\/\/progettotouring.it\/radiotouring104\/#website\",\"url\":\"https:\/\/progettotouring.it\/radiotouring104\/\",\"name\":\"Radio Touring 104\",\"description\":\"La prima radio Reggina\",\"publisher\":{\"@id\":\"https:\/\/progettotouring.it\/radiotouring104\/#organization\"},\"potentialAction\":[{\"@type\":\"SearchAction\",\"target\":{\"@type\":\"EntryPoint\",\"urlTemplate\":\"https:\/\/progettotouring.it\/radiotouring104\/?s={search_term_string}\"},\"query-input\":{\"@type\":\"PropertyValueSpecification\",\"valueRequired\":true,\"valueName\":\"search_term_string\"}}],\"inLanguage\":\"it-IT\"},{\"@type\":\"Organization\",\"@id\":\"https:\/\/progettotouring.it\/radiotouring104\/#organization\",\"name\":\"Radio Touring 104\",\"url\":\"https:\/\/progettotouring.it\/radiotouring104\/\",\"logo\":{\"@type\":\"ImageObject\",\"inLanguage\":\"it-IT\",\"@id\":\"https:\/\/progettotouring.it\/radiotouring104\/#\/schema\/logo\/image\/\",\"url\":\"https:\/\/progettotouring.it\/radiotouring104\/wp-content\/uploads\/sites\/6\/2022\/02\/cropped-logo-radio-touring-104.png\",\"contentUrl\":\"https:\/\/progettotouring.it\/radiotouring104\/wp-content\/uploads\/sites\/6\/2022\/02\/cropped-logo-radio-touring-104.png\",\"width\":377,\"height\":182,\"caption\":\"Radio Touring 104\"},\"image\":{\"@id\":\"https:\/\/progettotouring.it\/radiotouring104\/#\/schema\/logo\/image\/\"}},{\"@type\":\"Person\",\"@id\":\"https:\/\/progettotouring.it\/radiotouring104\/#\/schema\/person\/1b3eb3c07c47136bc44c785c543e635f\",\"name\":\"redazione\",\"image\":{\"@type\":\"ImageObject\",\"inLanguage\":\"it-IT\",\"@id\":\"https:\/\/secure.gravatar.com\/avatar\/0b31605b49f100769e8b624b3e05de1b73e1692e9568a352f60f53fd072e6e11?s=96&d=mm&r=g\",\"url\":\"https:\/\/secure.gravatar.com\/avatar\/0b31605b49f100769e8b624b3e05de1b73e1692e9568a352f60f53fd072e6e11?s=96&d=mm&r=g\",\"contentUrl\":\"https:\/\/secure.gravatar.com\/avatar\/0b31605b49f100769e8b624b3e05de1b73e1692e9568a352f60f53fd072e6e11?s=96&d=mm&r=g\",\"caption\":\"redazione\"},\"url\":\"https:\/\/progettotouring.it\/radiotouring104\/author\/redazione\/\"}]}<\/script>\n<!-- \/ Yoast SEO plugin. -->","yoast_head_json":{"title":"Plastic Free: nuova giornata ecologica a Punta Pellaro","description":"L'appuntamento per la pulizia della spiaggia di Punta Pellaro, \u00e8 fissato per sabato 6 agosto, alle ore 09:30, alla Statua del Cristo","robots":{"index":"index","follow":"follow","max-snippet":"max-snippet:-1","max-image-preview":"max-image-preview:large","max-video-preview":"max-video-preview:-1"},"canonical":"https:\/\/progettotouring.it\/radiotouring104\/2025\/09\/02\/plastic-free-organizza-una-nuova-giornata-ecologica-a-punta-pellaro\/","og_locale":"it_IT","og_type":"article","og_title":"Plastic Free: nuova giornata ecologica a Punta Pellaro","og_description":"L'appuntamento per la pulizia della spiaggia di Punta Pellaro, \u00e8 fissato per sabato 6 agosto, alle ore 09:30, alla Statua del Cristo","og_url":"https:\/\/progettotouring.it\/radiotouring104\/2025\/09\/02\/plastic-free-organizza-una-nuova-giornata-ecologica-a-punta-pellaro\/","og_site_name":"Radio Touring 104","article_published_time":"2025-09-02T06:55:42+00:00","article_modified_time":"2025-09-02T07:37:10+00:00","og_image":[{"width":1080,"height":1350,"url":"https:\/\/progettotouring.it\/radiotouring104\/wp-content\/uploads\/sites\/6\/2025\/09\/Plastic-Free-Punta-Pellaro.png","type":"image\/png"}],"author":"redazione","twitter_card":"summary_large_image","twitter_misc":{"Scritto da":"redazione","Tempo di lettura stimato":"1 minuto"},"schema":{"@context":"https:\/\/schema.org","@graph":[{"@type":"Article","@id":"https:\/\/progettotouring.it\/radiotouring104\/2025\/09\/02\/plastic-free-organizza-una-nuova-giornata-ecologica-a-punta-pellaro\/#article","isPartOf":{"@id":"https:\/\/progettotouring.it\/radiotouring104\/2025\/09\/02\/plastic-free-organizza-una-nuova-giornata-ecologica-a-punta-pellaro\/"},"author":{"name":"redazione","@id":"https:\/\/progettotouring.it\/radiotouring104\/#\/schema\/person\/1b3eb3c07c47136bc44c785c543e635f"},"headline":"Plastic Free organizza una nuova giornata ecologica a Punta Pellaro","datePublished":"2025-09-02T06:55:42+00:00","dateModified":"2025-09-02T07:37:10+00:00","mainEntityOfPage":{"@id":"https:\/\/progettotouring.it\/radiotouring104\/2025\/09\/02\/plastic-free-organizza-una-nuova-giornata-ecologica-a-punta-pellaro\/"},"wordCount":238,"publisher":{"@id":"https:\/\/progettotouring.it\/radiotouring104\/#organization"},"image":{"@id":"https:\/\/progettotouring.it\/radiotouring104\/2025\/09\/02\/plastic-free-organizza-una-nuova-giornata-ecologica-a-punta-pellaro\/#primaryimage"},"thumbnailUrl":"https:\/\/progettotouring.it\/radiotouring104\/wp-content\/uploads\/sites\/6\/2025\/09\/Plastic-Free-Punta-Pellaro.png","keywords":["Comune di Reggio Calabria","nuova giornata ecologica","plastic free","pulizia spiaggia","punta pellaro","statua del Cristo"],"articleSection":["Home","In primo piano","News","Reggio Calabria"],"inLanguage":"it-IT"},{"@type":"WebPage","@id":"https:\/\/progettotouring.it\/radiotouring104\/2025\/09\/02\/plastic-free-organizza-una-nuova-giornata-ecologica-a-punta-pellaro\/","url":"https:\/\/progettotouring.it\/radiotouring104\/2025\/09\/02\/plastic-free-organizza-una-nuova-giornata-ecologica-a-punta-pellaro\/","name":"Plastic Free: nuova giornata ecologica a Punta Pellaro","isPartOf":{"@id":"https:\/\/progettotouring.it\/radiotouring104\/#website"},"primaryImageOfPage":{"@id":"https:\/\/progettotouring.it\/radiotouring104\/2025\/09\/02\/plastic-free-organizza-una-nuova-giornata-ecologica-a-punta-pellaro\/#primaryimage"},"image":{"@id":"https:\/\/progettotouring.it\/radiotouring104\/2025\/09\/02\/plastic-free-organizza-una-nuova-giornata-ecologica-a-punta-pellaro\/#primaryimage"},"thumbnailUrl":"https:\/\/progettotouring.it\/radiotouring104\/wp-content\/uploads\/sites\/6\/2025\/09\/Plastic-Free-Punta-Pellaro.png","datePublished":"2025-09-02T06:55:42+00:00","dateModified":"2025-09-02T07:37:10+00:00","description":"L'appuntamento per la pulizia della spiaggia di Punta Pellaro, \u00e8 fissato per sabato 6 agosto, alle ore 09:30, alla Statua del Cristo","breadcrumb":{"@id":"https:\/\/progettotouring.it\/radiotouring104\/2025\/09\/02\/plastic-free-organizza-una-nuova-giornata-ecologica-a-punta-pellaro\/#breadcrumb"},"inLanguage":"it-IT","potentialAction":[{"@type":"ReadAction","target":["https:\/\/progettotouring.it\/radiotouring104\/2025\/09\/02\/plastic-free-organizza-una-nuova-giornata-ecologica-a-punta-pellaro\/"]}]},{"@type":"ImageObject","inLanguage":"it-IT","@id":"https:\/\/progettotouring.it\/radiotouring104\/2025\/09\/02\/plastic-free-organizza-una-nuova-giornata-ecologica-a-punta-pellaro\/#primaryimage","url":"https:\/\/progettotouring.it\/radiotouring104\/wp-content\/uploads\/sites\/6\/2025\/09\/Plastic-Free-Punta-Pellaro.png","contentUrl":"https:\/\/progettotouring.it\/radiotouring104\/wp-content\/uploads\/sites\/6\/2025\/09\/Plastic-Free-Punta-Pellaro.png","width":1080,"height":1350},{"@type":"BreadcrumbList","@id":"https:\/\/progettotouring.it\/radiotouring104\/2025\/09\/02\/plastic-free-organizza-una-nuova-giornata-ecologica-a-punta-pellaro\/#breadcrumb","itemListElement":[{"@type":"ListItem","position":1,"name":"Home","item":"https:\/\/progettotouring.it\/radiotouring104\/"},{"@type":"ListItem","position":2,"name":"Plastic Free organizza una nuova giornata ecologica a Punta Pellaro"}]},{"@type":"WebSite","@id":"https:\/\/progettotouring.it\/radiotouring104\/#website","url":"https:\/\/progettotouring.it\/radiotouring104\/","name":"Radio Touring 104","description":"La prima radio Reggina","publisher":{"@id":"https:\/\/progettotouring.it\/radiotouring104\/#organization"},"potentialAction":[{"@type":"SearchAction","target":{"@type":"EntryPoint","urlTemplate":"https:\/\/progettotouring.it\/radiotouring104\/?s={search_term_string}"},"query-input":{"@type":"PropertyValueSpecification","valueRequired":true,"valueName":"search_term_string"}}],"inLanguage":"it-IT"},{"@type":"Organization","@id":"https:\/\/progettotouring.it\/radiotouring104\/#organization","name":"Radio Touring 104","url":"https:\/\/progettotouring.it\/radiotouring104\/","logo":{"@type":"ImageObject","inLanguage":"it-IT","@id":"https:\/\/progettotouring.it\/radiotouring104\/#\/schema\/logo\/image\/","url":"https:\/\/progettotouring.it\/radiotouring104\/wp-content\/uploads\/sites\/6\/2022\/02\/cropped-logo-radio-touring-104.png","contentUrl":"https:\/\/progettotouring.it\/radiotouring104\/wp-content\/uploads\/sites\/6\/2022\/02\/cropped-logo-radio-touring-104.png","width":377,"height":182,"caption":"Radio Touring 104"},"image":{"@id":"https:\/\/progettotouring.it\/radiotouring104\/#\/schema\/logo\/image\/"}},{"@type":"Person","@id":"https:\/\/progettotouring.it\/radiotouring104\/#\/schema\/person\/1b3eb3c07c47136bc44c785c543e635f","name":"redazione","image":{"@type":"ImageObject","inLanguage":"it-IT","@id":"https:\/\/secure.gravatar.com\/avatar\/0b31605b49f100769e8b624b3e05de1b73e1692e9568a352f60f53fd072e6e11?s=96&d=mm&r=g","url":"https:\/\/secure.gravatar.com\/avatar\/0b31605b49f100769e8b624b3e05de1b73e1692e9568a352f60f53fd072e6e11?s=96&d=mm&r=g","contentUrl":"https:\/\/secure.gravatar.com\/avatar\/0b31605b49f100769e8b624b3e05de1b73e1692e9568a352f60f53fd072e6e11?s=96&d=mm&r=g","caption":"redazione"},"url":"https:\/\/progettotouring.it\/radiotouring104\/author\/redazione\/"}]}},"jetpack_publicize_connections":[],"jetpack_featured_media_url":"https:\/\/progettotouring.it\/radiotouring104\/wp-content\/uploads\/sites\/6\/2025\/09\/Plastic-Free-Punta-Pellaro.png","jetpack_sharing_enabled":true,"_links":{"self":[{"href":"https:\/\/progettotouring.it\/radiotouring104\/wp-json\/wp\/v2\/posts\/80586","targetHints":{"allow":["GET"]}}],"collection":[{"href":"https:\/\/progettotouring.it\/radiotouring104\/wp-json\/wp\/v2\/posts"}],"about":[{"href":"https:\/\/progettotouring.it\/radiotouring104\/wp-json\/wp\/v2\/types\/post"}],"author":[{"embeddable":true,"href":"https:\/\/progettotouring.it\/radiotouring104\/wp-json\/wp\/v2\/users\/5"}],"replies":[{"embeddable":true,"href":"https:\/\/progettotouring.it\/radiotouring104\/wp-json\/wp\/v2\/comments?post=80586"}],"version-history":[{"count":3,"href":"https:\/\/progettotouring.it\/radiotouring104\/wp-json\/wp\/v2\/posts\/80586\/revisions"}],"predecessor-version":[{"id":80601,"href":"https:\/\/progettotouring.it\/radiotouring104\/wp-json\/wp\/v2\/posts\/80586\/revisions\/80601"}],"wp:featuredmedia":[{"embeddable":true,"href":"https:\/\/progettotouring.it\/radiotouring104\/wp-json\/wp\/v2\/media\/80587"}],"wp:attachment":[{"href":"https:\/\/progettotouring.it\/radiotouring104\/wp-json\/wp\/v2\/media?parent=80586"}],"wp:term":[{"taxonomy":"category","embeddable":true,"href":"https:\/\/progettotouring.it\/radiotouring104\/wp-json\/wp\/v2\/categories?post=80586"},{"taxonomy":"post_tag","embeddable":true,"href":"https:\/\/progettotouring.it\/radiotouring104\/wp-json\/wp\/v2\/tags?post=80586"}],"curies":[{"name":"wp","href":"https:\/\/api.w.org\/{rel}","templated":true}]}}