{"id":80589,"date":"2025-09-02T09:06:09","date_gmt":"2025-09-02T07:06:09","guid":{"rendered":"https:\/\/progettotouring.it\/radiotouring104\/?p=80589"},"modified":"2025-09-02T09:33:54","modified_gmt":"2025-09-02T07:33:54","slug":"pellaro-globo-teatro-festival-2025-entra-nelle-battute-finali","status":"publish","type":"post","link":"https:\/\/progettotouring.it\/radiotouring104\/2025\/09\/02\/pellaro-globo-teatro-festival-2025-entra-nelle-battute-finali\/","title":{"rendered":"Pellaro: Globo Teatro Festival 2025 entra nelle battute finali"},"content":{"rendered":"<p>Con l\u2019appuntamento del 30 e 31 agosto, il <strong>Globo Teatro Festival 2025<\/strong> \u2013 diretto da <strong>Maria Milasi<\/strong> e <strong>Americo Melchionda<\/strong> \u2013 si avvia al gran finale. Una settimana intensa che dal 26 agosto ha trasformato l\u2019<strong>Arena della Lega Navale sul Lungomare di Pellaro<\/strong> in un presidio culturale animato da teatro, musica e danza contemporanea. La rassegna, promossa da <strong>Officine Jonike Arti<\/strong> all\u2019interno del progetto <strong>ReggioFest 2025 cultura diffusa<\/strong> e cofinanziata dal <strong>Ministero della Cultura<\/strong> attraverso il Fondo nazionale per lo spettacolo dal vivo, ha offerto al pubblico spettacoli che uniscono ricerca, memoria e impegno civile.<\/p>\n<p>&nbsp;<\/p>\n<p><strong>Canti per la pace: un viaggio nel Mediterraneo<\/strong><\/p>\n<p>Sabato 30 agosto il festival ha ospitato <strong>\u201cCanti per la Pace\u201d<\/strong>, firmato dalla compagnia <strong>Errare Persona<\/strong>, con <strong>Damiana Leone<\/strong> (voce), <strong>Michele Bucciarelli<\/strong> (chitarra) e <strong>Robertino Carisi<\/strong> (fisarmonica).<\/p>\n<p>Uno spettacolo strutturato, ha spiegato la stessa <strong>Leone<\/strong>, \u201ccome una messa sacra con musiche del Mediterraneo: pezzi libanesi, un Ave Maria araba, canti sefarditi e una canzone palestinese. Ho voluto costruire un percorso di unione, accompagnato dalle meditazioni tratte dal diario di <strong>Etty Hillesum<\/strong>, giovane ebrea morta ad Auschwitz che ha scelto di condividere fino in fondo il destino del suo popolo. Il titolo <em>Canti per la pace<\/em> nasce dal bisogno di ricordare che il canto, soprattutto quello liturgico, \u00e8 nato per unire e non per dividere. \u00c8 un messaggio di cui oggi abbiamo estremo bisogno\u201d.<\/p>\n<p>&nbsp;<\/p>\n<p><strong>Fiabe italiane: il teatro per i pi\u00f9 piccoli<\/strong><\/p>\n<p>Il pomeriggio di ieri 31 agosto ha visto il debutto di <strong>\u201cFiabe italiane\u201d<\/strong>, liberamente tratto dall\u2019opera di <strong>Italo Calvino<\/strong> e adattato da <strong>Damiana Leone<\/strong>, con l\u2019accompagnamento musicale di <strong>Michele Bucciarelli<\/strong>.<\/p>\n<p>Uno spettacolo pensato per i bambini, che ha restituito la magia della narrazione popolare, avvicinando le nuove generazioni al teatro attraverso il gioco e la musica dal vivo.<\/p>\n<p>&nbsp;<\/p>\n<p><strong>La grande menzogna: la voce di Borsellino<\/strong><\/p>\n<p>Il momento pi\u00f9 intenso \u00e8 arrivato la sera del 31 agosto con <strong>\u201cLa grande menzogna\u201d<\/strong>, scritto e diretto da <strong>Claudio Fava<\/strong> e interpretato da <strong>David Coco<\/strong>.<\/p>\n<p>L\u2019attore ha dato vita a un <strong>Paolo Borsellino<\/strong> che non racconta la sua vita o la strage di via D\u2019Amelio, ma parla da morto, con rabbia e lucidit\u00e0, del depistaggio che ha seguito la sua uccisione. \u201cIn questo testo non c\u2019\u00e8 l\u2019eroe celebrato, ma un uomo che da morto lancia un\u2019invettiva contro coloro che hanno permesso il depistaggio, non i cattivi \u2018classici\u2019, ma quelli che avremmo dovuto considerare i buoni. Credo che Borsellino avrebbe apprezzato questa operazione, perch\u00e9 \u00e8 un grido di verit\u00e0, scritto da un autore come Claudio Fava che conosce sulla propria pelle il prezzo della mafia\u201d ha spiegato l\u2019attore.<\/p>\n<p>Uno spettacolo vibrante e toccante che ha restituito al pubblico un finale aperto e bruciante: \u201cLa verit\u00e0. Dedicatemi la verit\u00e0\u201d.<\/p>\n<p>&nbsp;<\/p>\n<p><strong>Le parole dei direttori artistici<\/strong><\/p>\n<p>\u201cIl Globo Teatro Festival ha portato qui all\u2019Arena Lega Navale, sul lungomare, diverse tipologie di spettacoli con un comune denominatore: lo sguardo che l\u2019arte ha sulla realt\u00e0 contemporanea. Dal 26 al 31 agosto si sono susseguiti teatro di prosa, danza, musica sperimentale. \u00c8 la prima volta che il festival si sposta a Pellaro: un\u2019innovazione che ha contribuito a trasformare un luogo periferico in un originale presidio culturale, che potrebbe essere sviluppato ulteriormente, in linea con la finalit\u00e0 di <strong>Reggio Fest 2025 Cultura Diffusa<\/strong>\u201d ha spiegato la <strong>codirettrice artistica del festival Maria Milasi,<\/strong> tracciando un bilancio della VI edizione.<\/p>\n<p>\u201cIl fine era quello di portare il teatro contemporaneo nelle periferie e l\u2019obiettivo \u00e8 stato raggiunto. La programmazione peraltro ha visto alternarsi compagnie diverse \u2013 <strong>Errare Persona, Nutrimenti Terrestri, Portacenere Teatro, Zefiro, noi di Officine Jonike Arti <\/strong>\u2013 con nuove produzioni e due anteprime assolute: <em>Mi spaventa l\u2019inverno<\/em> e <em>Alfabeto inesatto<\/em>. Importante anche l\u2019arrivo per la prima volta a Reggio di <em>La grande menzogna<\/em> di Claudio Fava con David Coco\u201d ha aggiunto la Milasi.<\/p>\n<p>\u201cQuest\u2019anno il festival si \u00e8 realizzato in una delle periferie della citt\u00e0, il lungomare di Pellaro. Volevamo proporre spettacoli di qualit\u00e0 e contribuire alla diversificazione dell\u2019offerta culturale della citt\u00e0. E cos\u00ec \u00e8 stato\u201d ha confermato il <strong>codirettore artistico Americo Melchionda<\/strong>. \u201cDal 26 agosto con <em>L\u2019impossibile banchetto<\/em> fino agli altri appuntamenti. Il pubblico \u00e8 rimasto affascinato, non solo da quello spettacolo ma anche dal concerto di chitarra battente di <strong>Alessandro Santacaterina<\/strong> e dalle performance di danza contemporanea <em>Mi spaventa l\u2019interno<\/em>. Abbiamo portato anche la sperimentazione con il videomapping di <em>Alfabeto inesatto<\/em> e con <em>Uccelli o della citt\u00e0 sognata<\/em>. Poi ancora \u2013 ha sottolineato Melchionda &#8211; il viaggio musicale di <em>Canti per la pace<\/em> e per i pi\u00f9 piccini la commistione di teatro e musica di <em>Fiabe Italiane<\/em>. Infine, <em>La grande menzogna<\/em>: uno spettacolo che ci sbatte in faccia la necessit\u00e0 di riflettere sulla giustizia\u201d.<\/p>\n<p>&nbsp;<\/p>\n<p><strong>Verso il gran finale del 21 settembre<\/strong><\/p>\n<p>Il <strong>Globo Teatro Festival 2025<\/strong> si avvia ora verso il gran finale del <strong>21 settembre<\/strong> con <strong>\u201cIn occasione di una nuova era\u201d<\/strong> di Andrea Borgogno e Alessio Negro, diretto da <strong>Pierre Byland<\/strong> e <strong>Mareike Schnitker<\/strong>.<\/p>\n<p>Il festival, che ha portato il teatro nelle periferie con l\u2019obiettivo di diffondere cultura e partecipazione, chiuder\u00e0, dunque, con un ultimo appuntamento dal forte valore simbolico.<br \/>\nA Pellaro rester\u00e0 l\u2019eredit\u00e0 di una settimana in cui arte e impegno hanno saputo accendere riflessioni profonde: dal canto come ponte di pace, alla voce di Borsellino che chiede ancora verit\u00e0.<\/p>\n<h2><\/h2>\n<h2>Info e prenotazioni<\/h2>\n<p>\u201cGlobo Teatro Festival VI edizione \u2013 Periferie\u201d \u00e8 un evento Officine Jonike Arti. L\u2019iniziativa \u00e8 promossa dalla citt\u00e0 di Reggio Calabria nell\u2019ambito del progetto \u201cReggioFest2025: cultura diffusa\u201d e cofinanziata a valere sul Fondo nazionale per lo spettacolo dal vivo della \u201cDirezione Generale Spettacolo del Ministero della Cultura\u201d. Partner culturali del progetto: proloco Reggio Sud Aps e Lega Navale Italiana sezione Reggio Calabria Sud.<\/p>\n<p>Per info\u00a0<a href=\"http:\/\/www.globoteatrofestival.it\/\"><em>www.globoteatrofestival.it<\/em><\/a>\u00a0\u2013 +393458307784 (anche WhatsApp)<\/p>\n<p>&nbsp;<\/p>\n","protected":false},"excerpt":{"rendered":"<p>Con l\u2019appuntamento del 30 e 31 agosto, il Globo Teatro Festival 2025 \u2013 diretto da Maria Milasi e Americo Melchionda \u2013 si avvia al gran finale. Una settimana intensa che&hellip;<\/p>\n","protected":false},"author":5,"featured_media":80590,"comment_status":"closed","ping_status":"open","sticky":false,"template":"","format":"standard","meta":{"_jetpack_memberships_contains_paid_content":false,"footnotes":"","jetpack_publicize_message":"","jetpack_publicize_feature_enabled":true,"jetpack_social_post_already_shared":true,"jetpack_social_options":{"image_generator_settings":{"template":"highway","default_image_id":0,"font":"","enabled":false},"version":2}},"categories":[921,196,140,147],"tags":[47024,47025,47026,12326,47023,47022,12325],"class_list":["post-80589","post","type-post","status-publish","format-standard","has-post-thumbnail","hentry","category-home","category-news","category-reggio-calabria","category-spettacoli","tag-canti-per-la-pace","tag-fiabe-italiane","tag-la-grande-menzogna","tag-americo-melchionda","tag-arena-della-lega-navale-sul-lungomare-di-pellaro","tag-globo-teatro-festival-2025","tag-maria-milasi"],"yoast_head":"<!-- This site is optimized with the Yoast SEO plugin v27.2 - https:\/\/yoast.com\/product\/yoast-seo-wordpress\/ -->\n<title>Pellaro: Globo Teatro Festival 2025 entra nelle battute finali<\/title>\n<meta name=\"description\" content=\"Dopo \u201cCanti per la pace\u201d e il doppio appuntamento con \u201cFiabe italiane\u201d e \u201cLa grande menzogna\u201d, il gran finale si terr\u00e0 il 21 settembre\" \/>\n<meta name=\"robots\" content=\"index, follow, max-snippet:-1, max-image-preview:large, max-video-preview:-1\" \/>\n<link rel=\"canonical\" href=\"https:\/\/progettotouring.it\/radiotouring104\/2025\/09\/02\/pellaro-globo-teatro-festival-2025-entra-nelle-battute-finali\/\" \/>\n<meta property=\"og:locale\" content=\"it_IT\" \/>\n<meta property=\"og:type\" content=\"article\" \/>\n<meta property=\"og:title\" content=\"Pellaro: Globo Teatro Festival 2025 entra nelle battute finali\" \/>\n<meta property=\"og:description\" content=\"Dopo \u201cCanti per la pace\u201d e il doppio appuntamento con \u201cFiabe italiane\u201d e \u201cLa grande menzogna\u201d, il gran finale si terr\u00e0 il 21 settembre\" \/>\n<meta property=\"og:url\" content=\"https:\/\/progettotouring.it\/radiotouring104\/2025\/09\/02\/pellaro-globo-teatro-festival-2025-entra-nelle-battute-finali\/\" \/>\n<meta property=\"og:site_name\" content=\"Radio Touring 104\" \/>\n<meta property=\"article:published_time\" content=\"2025-09-02T07:06:09+00:00\" \/>\n<meta property=\"article:modified_time\" content=\"2025-09-02T07:33:54+00:00\" \/>\n<meta property=\"og:image\" content=\"https:\/\/progettotouring.it\/radiotouring104\/wp-content\/uploads\/sites\/6\/2025\/09\/Globo-Teatro-Festival-2025.jpeg\" \/>\n\t<meta property=\"og:image:width\" content=\"2048\" \/>\n\t<meta property=\"og:image:height\" content=\"1148\" \/>\n\t<meta property=\"og:image:type\" content=\"image\/jpeg\" \/>\n<meta name=\"author\" content=\"redazione\" \/>\n<meta name=\"twitter:card\" content=\"summary_large_image\" \/>\n<meta name=\"twitter:label1\" content=\"Scritto da\" \/>\n\t<meta name=\"twitter:data1\" content=\"redazione\" \/>\n\t<meta name=\"twitter:label2\" content=\"Tempo di lettura stimato\" \/>\n\t<meta name=\"twitter:data2\" content=\"5 minuti\" \/>\n<script type=\"application\/ld+json\" class=\"yoast-schema-graph\">{\"@context\":\"https:\/\/schema.org\",\"@graph\":[{\"@type\":\"Article\",\"@id\":\"https:\/\/progettotouring.it\/radiotouring104\/2025\/09\/02\/pellaro-globo-teatro-festival-2025-entra-nelle-battute-finali\/#article\",\"isPartOf\":{\"@id\":\"https:\/\/progettotouring.it\/radiotouring104\/2025\/09\/02\/pellaro-globo-teatro-festival-2025-entra-nelle-battute-finali\/\"},\"author\":{\"name\":\"redazione\",\"@id\":\"https:\/\/progettotouring.it\/radiotouring104\/#\/schema\/person\/1b3eb3c07c47136bc44c785c543e635f\"},\"headline\":\"Pellaro: Globo Teatro Festival 2025 entra nelle battute finali\",\"datePublished\":\"2025-09-02T07:06:09+00:00\",\"dateModified\":\"2025-09-02T07:33:54+00:00\",\"mainEntityOfPage\":{\"@id\":\"https:\/\/progettotouring.it\/radiotouring104\/2025\/09\/02\/pellaro-globo-teatro-festival-2025-entra-nelle-battute-finali\/\"},\"wordCount\":945,\"publisher\":{\"@id\":\"https:\/\/progettotouring.it\/radiotouring104\/#organization\"},\"image\":{\"@id\":\"https:\/\/progettotouring.it\/radiotouring104\/2025\/09\/02\/pellaro-globo-teatro-festival-2025-entra-nelle-battute-finali\/#primaryimage\"},\"thumbnailUrl\":\"https:\/\/progettotouring.it\/radiotouring104\/wp-content\/uploads\/sites\/6\/2025\/09\/Globo-Teatro-Festival-2025.jpeg\",\"keywords\":[\"\u201cCanti per la pace\u201d\",\"\u201cFiabe italiane\u201d\",\"\u201cLa grande menzogna\u201d\",\"Americo Melchionda\",\"Arena della Lega Navale sul Lungomare di Pellaro\",\"Globo Teatro Festival 2025\",\"Maria Milasi\"],\"articleSection\":[\"Home\",\"News\",\"Reggio Calabria\",\"Spettacoli\"],\"inLanguage\":\"it-IT\"},{\"@type\":\"WebPage\",\"@id\":\"https:\/\/progettotouring.it\/radiotouring104\/2025\/09\/02\/pellaro-globo-teatro-festival-2025-entra-nelle-battute-finali\/\",\"url\":\"https:\/\/progettotouring.it\/radiotouring104\/2025\/09\/02\/pellaro-globo-teatro-festival-2025-entra-nelle-battute-finali\/\",\"name\":\"Pellaro: Globo Teatro Festival 2025 entra nelle battute finali\",\"isPartOf\":{\"@id\":\"https:\/\/progettotouring.it\/radiotouring104\/#website\"},\"primaryImageOfPage\":{\"@id\":\"https:\/\/progettotouring.it\/radiotouring104\/2025\/09\/02\/pellaro-globo-teatro-festival-2025-entra-nelle-battute-finali\/#primaryimage\"},\"image\":{\"@id\":\"https:\/\/progettotouring.it\/radiotouring104\/2025\/09\/02\/pellaro-globo-teatro-festival-2025-entra-nelle-battute-finali\/#primaryimage\"},\"thumbnailUrl\":\"https:\/\/progettotouring.it\/radiotouring104\/wp-content\/uploads\/sites\/6\/2025\/09\/Globo-Teatro-Festival-2025.jpeg\",\"datePublished\":\"2025-09-02T07:06:09+00:00\",\"dateModified\":\"2025-09-02T07:33:54+00:00\",\"description\":\"Dopo \u201cCanti per la pace\u201d e il doppio appuntamento con \u201cFiabe italiane\u201d e \u201cLa grande menzogna\u201d, il gran finale si terr\u00e0 il 21 settembre\",\"breadcrumb\":{\"@id\":\"https:\/\/progettotouring.it\/radiotouring104\/2025\/09\/02\/pellaro-globo-teatro-festival-2025-entra-nelle-battute-finali\/#breadcrumb\"},\"inLanguage\":\"it-IT\",\"potentialAction\":[{\"@type\":\"ReadAction\",\"target\":[\"https:\/\/progettotouring.it\/radiotouring104\/2025\/09\/02\/pellaro-globo-teatro-festival-2025-entra-nelle-battute-finali\/\"]}]},{\"@type\":\"ImageObject\",\"inLanguage\":\"it-IT\",\"@id\":\"https:\/\/progettotouring.it\/radiotouring104\/2025\/09\/02\/pellaro-globo-teatro-festival-2025-entra-nelle-battute-finali\/#primaryimage\",\"url\":\"https:\/\/progettotouring.it\/radiotouring104\/wp-content\/uploads\/sites\/6\/2025\/09\/Globo-Teatro-Festival-2025.jpeg\",\"contentUrl\":\"https:\/\/progettotouring.it\/radiotouring104\/wp-content\/uploads\/sites\/6\/2025\/09\/Globo-Teatro-Festival-2025.jpeg\",\"width\":2048,\"height\":1148},{\"@type\":\"BreadcrumbList\",\"@id\":\"https:\/\/progettotouring.it\/radiotouring104\/2025\/09\/02\/pellaro-globo-teatro-festival-2025-entra-nelle-battute-finali\/#breadcrumb\",\"itemListElement\":[{\"@type\":\"ListItem\",\"position\":1,\"name\":\"Home\",\"item\":\"https:\/\/progettotouring.it\/radiotouring104\/\"},{\"@type\":\"ListItem\",\"position\":2,\"name\":\"Pellaro: Globo Teatro Festival 2025 entra nelle battute finali\"}]},{\"@type\":\"WebSite\",\"@id\":\"https:\/\/progettotouring.it\/radiotouring104\/#website\",\"url\":\"https:\/\/progettotouring.it\/radiotouring104\/\",\"name\":\"Radio Touring 104\",\"description\":\"La prima radio Reggina\",\"publisher\":{\"@id\":\"https:\/\/progettotouring.it\/radiotouring104\/#organization\"},\"potentialAction\":[{\"@type\":\"SearchAction\",\"target\":{\"@type\":\"EntryPoint\",\"urlTemplate\":\"https:\/\/progettotouring.it\/radiotouring104\/?s={search_term_string}\"},\"query-input\":{\"@type\":\"PropertyValueSpecification\",\"valueRequired\":true,\"valueName\":\"search_term_string\"}}],\"inLanguage\":\"it-IT\"},{\"@type\":\"Organization\",\"@id\":\"https:\/\/progettotouring.it\/radiotouring104\/#organization\",\"name\":\"Radio Touring 104\",\"url\":\"https:\/\/progettotouring.it\/radiotouring104\/\",\"logo\":{\"@type\":\"ImageObject\",\"inLanguage\":\"it-IT\",\"@id\":\"https:\/\/progettotouring.it\/radiotouring104\/#\/schema\/logo\/image\/\",\"url\":\"https:\/\/progettotouring.it\/radiotouring104\/wp-content\/uploads\/sites\/6\/2022\/02\/cropped-logo-radio-touring-104.png\",\"contentUrl\":\"https:\/\/progettotouring.it\/radiotouring104\/wp-content\/uploads\/sites\/6\/2022\/02\/cropped-logo-radio-touring-104.png\",\"width\":377,\"height\":182,\"caption\":\"Radio Touring 104\"},\"image\":{\"@id\":\"https:\/\/progettotouring.it\/radiotouring104\/#\/schema\/logo\/image\/\"}},{\"@type\":\"Person\",\"@id\":\"https:\/\/progettotouring.it\/radiotouring104\/#\/schema\/person\/1b3eb3c07c47136bc44c785c543e635f\",\"name\":\"redazione\",\"image\":{\"@type\":\"ImageObject\",\"inLanguage\":\"it-IT\",\"@id\":\"https:\/\/secure.gravatar.com\/avatar\/0b31605b49f100769e8b624b3e05de1b73e1692e9568a352f60f53fd072e6e11?s=96&d=mm&r=g\",\"url\":\"https:\/\/secure.gravatar.com\/avatar\/0b31605b49f100769e8b624b3e05de1b73e1692e9568a352f60f53fd072e6e11?s=96&d=mm&r=g\",\"contentUrl\":\"https:\/\/secure.gravatar.com\/avatar\/0b31605b49f100769e8b624b3e05de1b73e1692e9568a352f60f53fd072e6e11?s=96&d=mm&r=g\",\"caption\":\"redazione\"},\"url\":\"https:\/\/progettotouring.it\/radiotouring104\/author\/redazione\/\"}]}<\/script>\n<!-- \/ Yoast SEO plugin. -->","yoast_head_json":{"title":"Pellaro: Globo Teatro Festival 2025 entra nelle battute finali","description":"Dopo \u201cCanti per la pace\u201d e il doppio appuntamento con \u201cFiabe italiane\u201d e \u201cLa grande menzogna\u201d, il gran finale si terr\u00e0 il 21 settembre","robots":{"index":"index","follow":"follow","max-snippet":"max-snippet:-1","max-image-preview":"max-image-preview:large","max-video-preview":"max-video-preview:-1"},"canonical":"https:\/\/progettotouring.it\/radiotouring104\/2025\/09\/02\/pellaro-globo-teatro-festival-2025-entra-nelle-battute-finali\/","og_locale":"it_IT","og_type":"article","og_title":"Pellaro: Globo Teatro Festival 2025 entra nelle battute finali","og_description":"Dopo \u201cCanti per la pace\u201d e il doppio appuntamento con \u201cFiabe italiane\u201d e \u201cLa grande menzogna\u201d, il gran finale si terr\u00e0 il 21 settembre","og_url":"https:\/\/progettotouring.it\/radiotouring104\/2025\/09\/02\/pellaro-globo-teatro-festival-2025-entra-nelle-battute-finali\/","og_site_name":"Radio Touring 104","article_published_time":"2025-09-02T07:06:09+00:00","article_modified_time":"2025-09-02T07:33:54+00:00","og_image":[{"width":2048,"height":1148,"url":"https:\/\/progettotouring.it\/radiotouring104\/wp-content\/uploads\/sites\/6\/2025\/09\/Globo-Teatro-Festival-2025.jpeg","type":"image\/jpeg"}],"author":"redazione","twitter_card":"summary_large_image","twitter_misc":{"Scritto da":"redazione","Tempo di lettura stimato":"5 minuti"},"schema":{"@context":"https:\/\/schema.org","@graph":[{"@type":"Article","@id":"https:\/\/progettotouring.it\/radiotouring104\/2025\/09\/02\/pellaro-globo-teatro-festival-2025-entra-nelle-battute-finali\/#article","isPartOf":{"@id":"https:\/\/progettotouring.it\/radiotouring104\/2025\/09\/02\/pellaro-globo-teatro-festival-2025-entra-nelle-battute-finali\/"},"author":{"name":"redazione","@id":"https:\/\/progettotouring.it\/radiotouring104\/#\/schema\/person\/1b3eb3c07c47136bc44c785c543e635f"},"headline":"Pellaro: Globo Teatro Festival 2025 entra nelle battute finali","datePublished":"2025-09-02T07:06:09+00:00","dateModified":"2025-09-02T07:33:54+00:00","mainEntityOfPage":{"@id":"https:\/\/progettotouring.it\/radiotouring104\/2025\/09\/02\/pellaro-globo-teatro-festival-2025-entra-nelle-battute-finali\/"},"wordCount":945,"publisher":{"@id":"https:\/\/progettotouring.it\/radiotouring104\/#organization"},"image":{"@id":"https:\/\/progettotouring.it\/radiotouring104\/2025\/09\/02\/pellaro-globo-teatro-festival-2025-entra-nelle-battute-finali\/#primaryimage"},"thumbnailUrl":"https:\/\/progettotouring.it\/radiotouring104\/wp-content\/uploads\/sites\/6\/2025\/09\/Globo-Teatro-Festival-2025.jpeg","keywords":["\u201cCanti per la pace\u201d","\u201cFiabe italiane\u201d","\u201cLa grande menzogna\u201d","Americo Melchionda","Arena della Lega Navale sul Lungomare di Pellaro","Globo Teatro Festival 2025","Maria Milasi"],"articleSection":["Home","News","Reggio Calabria","Spettacoli"],"inLanguage":"it-IT"},{"@type":"WebPage","@id":"https:\/\/progettotouring.it\/radiotouring104\/2025\/09\/02\/pellaro-globo-teatro-festival-2025-entra-nelle-battute-finali\/","url":"https:\/\/progettotouring.it\/radiotouring104\/2025\/09\/02\/pellaro-globo-teatro-festival-2025-entra-nelle-battute-finali\/","name":"Pellaro: Globo Teatro Festival 2025 entra nelle battute finali","isPartOf":{"@id":"https:\/\/progettotouring.it\/radiotouring104\/#website"},"primaryImageOfPage":{"@id":"https:\/\/progettotouring.it\/radiotouring104\/2025\/09\/02\/pellaro-globo-teatro-festival-2025-entra-nelle-battute-finali\/#primaryimage"},"image":{"@id":"https:\/\/progettotouring.it\/radiotouring104\/2025\/09\/02\/pellaro-globo-teatro-festival-2025-entra-nelle-battute-finali\/#primaryimage"},"thumbnailUrl":"https:\/\/progettotouring.it\/radiotouring104\/wp-content\/uploads\/sites\/6\/2025\/09\/Globo-Teatro-Festival-2025.jpeg","datePublished":"2025-09-02T07:06:09+00:00","dateModified":"2025-09-02T07:33:54+00:00","description":"Dopo \u201cCanti per la pace\u201d e il doppio appuntamento con \u201cFiabe italiane\u201d e \u201cLa grande menzogna\u201d, il gran finale si terr\u00e0 il 21 settembre","breadcrumb":{"@id":"https:\/\/progettotouring.it\/radiotouring104\/2025\/09\/02\/pellaro-globo-teatro-festival-2025-entra-nelle-battute-finali\/#breadcrumb"},"inLanguage":"it-IT","potentialAction":[{"@type":"ReadAction","target":["https:\/\/progettotouring.it\/radiotouring104\/2025\/09\/02\/pellaro-globo-teatro-festival-2025-entra-nelle-battute-finali\/"]}]},{"@type":"ImageObject","inLanguage":"it-IT","@id":"https:\/\/progettotouring.it\/radiotouring104\/2025\/09\/02\/pellaro-globo-teatro-festival-2025-entra-nelle-battute-finali\/#primaryimage","url":"https:\/\/progettotouring.it\/radiotouring104\/wp-content\/uploads\/sites\/6\/2025\/09\/Globo-Teatro-Festival-2025.jpeg","contentUrl":"https:\/\/progettotouring.it\/radiotouring104\/wp-content\/uploads\/sites\/6\/2025\/09\/Globo-Teatro-Festival-2025.jpeg","width":2048,"height":1148},{"@type":"BreadcrumbList","@id":"https:\/\/progettotouring.it\/radiotouring104\/2025\/09\/02\/pellaro-globo-teatro-festival-2025-entra-nelle-battute-finali\/#breadcrumb","itemListElement":[{"@type":"ListItem","position":1,"name":"Home","item":"https:\/\/progettotouring.it\/radiotouring104\/"},{"@type":"ListItem","position":2,"name":"Pellaro: Globo Teatro Festival 2025 entra nelle battute finali"}]},{"@type":"WebSite","@id":"https:\/\/progettotouring.it\/radiotouring104\/#website","url":"https:\/\/progettotouring.it\/radiotouring104\/","name":"Radio Touring 104","description":"La prima radio Reggina","publisher":{"@id":"https:\/\/progettotouring.it\/radiotouring104\/#organization"},"potentialAction":[{"@type":"SearchAction","target":{"@type":"EntryPoint","urlTemplate":"https:\/\/progettotouring.it\/radiotouring104\/?s={search_term_string}"},"query-input":{"@type":"PropertyValueSpecification","valueRequired":true,"valueName":"search_term_string"}}],"inLanguage":"it-IT"},{"@type":"Organization","@id":"https:\/\/progettotouring.it\/radiotouring104\/#organization","name":"Radio Touring 104","url":"https:\/\/progettotouring.it\/radiotouring104\/","logo":{"@type":"ImageObject","inLanguage":"it-IT","@id":"https:\/\/progettotouring.it\/radiotouring104\/#\/schema\/logo\/image\/","url":"https:\/\/progettotouring.it\/radiotouring104\/wp-content\/uploads\/sites\/6\/2022\/02\/cropped-logo-radio-touring-104.png","contentUrl":"https:\/\/progettotouring.it\/radiotouring104\/wp-content\/uploads\/sites\/6\/2022\/02\/cropped-logo-radio-touring-104.png","width":377,"height":182,"caption":"Radio Touring 104"},"image":{"@id":"https:\/\/progettotouring.it\/radiotouring104\/#\/schema\/logo\/image\/"}},{"@type":"Person","@id":"https:\/\/progettotouring.it\/radiotouring104\/#\/schema\/person\/1b3eb3c07c47136bc44c785c543e635f","name":"redazione","image":{"@type":"ImageObject","inLanguage":"it-IT","@id":"https:\/\/secure.gravatar.com\/avatar\/0b31605b49f100769e8b624b3e05de1b73e1692e9568a352f60f53fd072e6e11?s=96&d=mm&r=g","url":"https:\/\/secure.gravatar.com\/avatar\/0b31605b49f100769e8b624b3e05de1b73e1692e9568a352f60f53fd072e6e11?s=96&d=mm&r=g","contentUrl":"https:\/\/secure.gravatar.com\/avatar\/0b31605b49f100769e8b624b3e05de1b73e1692e9568a352f60f53fd072e6e11?s=96&d=mm&r=g","caption":"redazione"},"url":"https:\/\/progettotouring.it\/radiotouring104\/author\/redazione\/"}]}},"jetpack_publicize_connections":[],"jetpack_featured_media_url":"https:\/\/progettotouring.it\/radiotouring104\/wp-content\/uploads\/sites\/6\/2025\/09\/Globo-Teatro-Festival-2025.jpeg","jetpack_sharing_enabled":true,"_links":{"self":[{"href":"https:\/\/progettotouring.it\/radiotouring104\/wp-json\/wp\/v2\/posts\/80589","targetHints":{"allow":["GET"]}}],"collection":[{"href":"https:\/\/progettotouring.it\/radiotouring104\/wp-json\/wp\/v2\/posts"}],"about":[{"href":"https:\/\/progettotouring.it\/radiotouring104\/wp-json\/wp\/v2\/types\/post"}],"author":[{"embeddable":true,"href":"https:\/\/progettotouring.it\/radiotouring104\/wp-json\/wp\/v2\/users\/5"}],"replies":[{"embeddable":true,"href":"https:\/\/progettotouring.it\/radiotouring104\/wp-json\/wp\/v2\/comments?post=80589"}],"version-history":[{"count":1,"href":"https:\/\/progettotouring.it\/radiotouring104\/wp-json\/wp\/v2\/posts\/80589\/revisions"}],"predecessor-version":[{"id":80591,"href":"https:\/\/progettotouring.it\/radiotouring104\/wp-json\/wp\/v2\/posts\/80589\/revisions\/80591"}],"wp:featuredmedia":[{"embeddable":true,"href":"https:\/\/progettotouring.it\/radiotouring104\/wp-json\/wp\/v2\/media\/80590"}],"wp:attachment":[{"href":"https:\/\/progettotouring.it\/radiotouring104\/wp-json\/wp\/v2\/media?parent=80589"}],"wp:term":[{"taxonomy":"category","embeddable":true,"href":"https:\/\/progettotouring.it\/radiotouring104\/wp-json\/wp\/v2\/categories?post=80589"},{"taxonomy":"post_tag","embeddable":true,"href":"https:\/\/progettotouring.it\/radiotouring104\/wp-json\/wp\/v2\/tags?post=80589"}],"curies":[{"name":"wp","href":"https:\/\/api.w.org\/{rel}","templated":true}]}}