{"id":80644,"date":"2025-09-02T16:58:26","date_gmt":"2025-09-02T14:58:26","guid":{"rendered":"https:\/\/progettotouring.it\/radiotouring104\/?p=80644"},"modified":"2025-09-02T16:58:26","modified_gmt":"2025-09-02T14:58:26","slug":"dierre-basketball-alessandro-alescio-si-racconta-entusiasmo-gruppo-unito-e-voglia-di-derby","status":"publish","type":"post","link":"https:\/\/progettotouring.it\/radiotouring104\/2025\/09\/02\/dierre-basketball-alessandro-alescio-si-racconta-entusiasmo-gruppo-unito-e-voglia-di-derby\/","title":{"rendered":"Dierre Basketball, Alessandro Alescio si racconta: entusiasmo, gruppo unito e voglia di derby"},"content":{"rendered":"<p data-start=\"393\" data-end=\"758\">Un ritorno a casa pieno di entusiasmo per <strong data-start=\"435\" data-end=\"457\">Alessandro Alescio<\/strong>, giovane guardia reggina della <strong data-start=\"489\" data-end=\"510\">Dierre Basketball<\/strong>, reduce da un\u2019esperienza formativa negli Stati Uniti accanto al coach Francesco Inguaggiato. A pochi giorni dall\u2019inizio della preparazione, Alescio descrive un ambiente positivo e un gruppo coeso, pronto a mettersi in gioco nella nuova stagione.<\/p>\n<p data-start=\"760\" data-end=\"1027\">Lo spogliatoio si presenta giovane e affiatato, con rapporti gi\u00e0 consolidati anche fuori dal campo, mentre il legame con coach Inguaggiato \u2013 nato durante la Summer League in Texas \u2013 si conferma un valore aggiunto per affrontare la fase di costruzione della squadra.<\/p>\n<p data-start=\"1029\" data-end=\"1449\">Lo sguardo \u00e8 gi\u00e0 rivolto al campionato, che esordir\u00e0 con un derby affascinante contro la Gioiese, occasione speciale per Alescio che ritrover\u00e0 in campo amici ed ex compagni come Mirko Pucinotti e l\u2019allenatore Polimeni. La guardia reggina non nasconde l\u2019emozione per l\u2019avvio della stagione, ma resta consapevole delle difficolt\u00e0 di un girone competitivo, invitando tutti a rimanere concentrati sin dalla prima giornata.<\/p>\n<p data-start=\"1451\" data-end=\"1499\">Di seguito riportiamo il comunicato ufficiale:<\/p>\n<p data-start=\"1503\" data-end=\"4003\"><strong data-start=\"1503\" data-end=\"1576\">\u201c<em>Alescio (Dierre): &#8220;Gruppo giovane e fantastico, puntiamo a fare bene&#8221;<\/em><\/strong><br data-start=\"1576\" data-end=\"1579\" \/><em>La giovane guardia reggina, reduce da un&#8217;esperienza negli USA insieme al Coach Inguaggiato, racconta l&#8217;ambiente in casa biancoblu, il rapporto con il coach e non nasconde l&#8217;emozione per l&#8217;inizio delle attivit\u00e0.<\/em><br data-start=\"1791\" data-end=\"1794\" \/><em>Un ritorno a casa con entusiasmo e tanta voglia di mettersi in gioco. Alessandro Alescio, giovane guardia della Dierre, si racconta a pochi giorni dall&#8217;inizio della preparazione. Dopo l&#8217;esperienza d&#8217;oltreoceano, il giovane biancoblu si \u00e8 tuffato a capofitto nella nuova avventura in casa di via dei mille, trovando un ambiente decisamente positivo.<\/em><br data-start=\"2144\" data-end=\"2147\" \/><em>Intervistato, Alescio non ha dubbi nel descrivere il clima dello spogliatoio.\u2028\u00abEh, molto bene. Siamo giovani, eh, belli, simpatici \u2013 esordisce con una battuta \u2013, ehm, ci stiamo divertendo un sacco\u00bb. Un feeling nato gi\u00e0 nei ritiri e cementato dalla vita quotidiana: \u00abSui nuovi, eh, tutti bravi ragazzi. Gi\u00e0 abbiamo mangiato qualcosa assieme, siamo sempre assieme in questi giorni, eh. Tutti bravi ragazzi, giovani, tanta roba\u00bb.<\/em><br data-start=\"2575\" data-end=\"2578\" \/><em>Un capitolo a parte merita il rapporto con il coach Francesco Inguaggiato, figura centrale in questa fase di costruzione della squadra. Alescio rivela che l&#8217;intesa era gi\u00e0 stata costruita in estate: \u00abBene, bene. Per fortuna avevamo gi\u00e0 creato un bel rapporto in quel periodo l\u00ec, appunto, per la Summer League in Texas\u00bb. Un vantaggio che sta facilitando tutto il lavoro di preparazione: \u00abCon la squadra, eh? Molto bene. S\u00ec. Eh, siamo tutti contenti del coach. Questa transizione che stiamo facendo sta andando molto bene\u00bb.<\/em><br data-start=\"3101\" data-end=\"3104\" \/><em>L&#8217;occhio non pu\u00f2 che andare alle prime giornate di campionato, che regalano subito un derby di altissimo fascino contro la Gioiese. Una sfida che per Alescio ha un sapore speciale, per gli avversari che trover\u00e0 in campo.\u2028\u00abHo sentito Mirk Pucinotti pochi giorni fa quando ho letto la notizia del suo ingaggio, ma gi\u00e0 ne avevamo parlato \u2013 racconta \u2013 ed \u00e8 bello finalmente avere un derby\u00bb. Un duello in cui incrocer\u00e0 il suo ex compagno e un coach, Polimeni, che conosce bene: \u00ab&#8230;pure con coach Polimeni che mi ha allenato quando ero un po&#8217; pi\u00f9 piccolo, finalmente una calabrese. Speriamo se ne aggiungano sempre di pi\u00f9\u00bb.<\/em><br data-start=\"3724\" data-end=\"3727\" \/><em>Consapevole della difficolt\u00e0 di un girone che &#8220;alla carta&#8221; sembra spietato, Alescio mantiene i piedi per terra: \u00abS\u00ec, tocca essere concentrati comunque perch\u00e9 poi eh sono partite difficili gi\u00e0 dalla prima, poi ci sar\u00e0 la fase intermedia, insomma bisogna stare concentrati\u00bb.\u201d<\/em><\/p>\n","protected":false},"excerpt":{"rendered":"<p>Un ritorno a casa pieno di entusiasmo per Alessandro Alescio, giovane guardia reggina della Dierre Basketball, reduce da un\u2019esperienza formativa negli Stati Uniti accanto al coach Francesco Inguaggiato. A pochi&hellip;<\/p>\n","protected":false},"author":18,"featured_media":80645,"comment_status":"closed","ping_status":"open","sticky":false,"template":"","format":"standard","meta":{"_jetpack_memberships_contains_paid_content":false,"footnotes":"","jetpack_publicize_message":"","jetpack_publicize_feature_enabled":true,"jetpack_social_post_already_shared":true,"jetpack_social_options":{"image_generator_settings":{"template":"highway","default_image_id":0,"font":"","enabled":false},"version":2}},"categories":[196,140,144],"tags":[],"class_list":["post-80644","post","type-post","status-publish","format-standard","has-post-thumbnail","hentry","category-news","category-reggio-calabria","category-sport"],"yoast_head":"<!-- This site is optimized with the Yoast SEO plugin v27.2 - https:\/\/yoast.com\/product\/yoast-seo-wordpress\/ -->\n<title>Dierre Basketball, Alessandro Alescio si racconta: entusiasmo, gruppo unito e voglia di derby - Radio Touring 104<\/title>\n<meta name=\"description\" content=\"La giovane guardia reggina,Alescio, torna dagli USA e punta a fare bene con la Dierre Basketball\" \/>\n<meta name=\"robots\" content=\"index, follow, max-snippet:-1, max-image-preview:large, max-video-preview:-1\" \/>\n<link rel=\"canonical\" href=\"https:\/\/progettotouring.it\/radiotouring104\/2025\/09\/02\/dierre-basketball-alessandro-alescio-si-racconta-entusiasmo-gruppo-unito-e-voglia-di-derby\/\" \/>\n<meta property=\"og:locale\" content=\"it_IT\" \/>\n<meta property=\"og:type\" content=\"article\" \/>\n<meta property=\"og:title\" content=\"Dierre Basketball, Alessandro Alescio si racconta: entusiasmo, gruppo unito e voglia di derby - Radio Touring 104\" \/>\n<meta property=\"og:description\" content=\"La giovane guardia reggina,Alescio, torna dagli USA e punta a fare bene con la Dierre Basketball\" \/>\n<meta property=\"og:url\" content=\"https:\/\/progettotouring.it\/radiotouring104\/2025\/09\/02\/dierre-basketball-alessandro-alescio-si-racconta-entusiasmo-gruppo-unito-e-voglia-di-derby\/\" \/>\n<meta property=\"og:site_name\" content=\"Radio Touring 104\" \/>\n<meta property=\"article:published_time\" content=\"2025-09-02T14:58:26+00:00\" \/>\n<meta property=\"og:image\" content=\"https:\/\/progettotouring.it\/radiotouring104\/wp-content\/uploads\/sites\/6\/2025\/09\/Dierre-Alescio.jpg\" \/>\n\t<meta property=\"og:image:width\" content=\"824\" \/>\n\t<meta property=\"og:image:height\" content=\"792\" \/>\n\t<meta property=\"og:image:type\" content=\"image\/jpeg\" \/>\n<meta name=\"author\" content=\"Andrea Benedetto\" \/>\n<meta name=\"twitter:card\" content=\"summary_large_image\" \/>\n<meta name=\"twitter:label1\" content=\"Scritto da\" \/>\n\t<meta name=\"twitter:data1\" content=\"Andrea Benedetto\" \/>\n\t<meta name=\"twitter:label2\" content=\"Tempo di lettura stimato\" \/>\n\t<meta name=\"twitter:data2\" content=\"3 minuti\" \/>\n<script type=\"application\/ld+json\" class=\"yoast-schema-graph\">{\"@context\":\"https:\/\/schema.org\",\"@graph\":[{\"@type\":\"Article\",\"@id\":\"https:\/\/progettotouring.it\/radiotouring104\/2025\/09\/02\/dierre-basketball-alessandro-alescio-si-racconta-entusiasmo-gruppo-unito-e-voglia-di-derby\/#article\",\"isPartOf\":{\"@id\":\"https:\/\/progettotouring.it\/radiotouring104\/2025\/09\/02\/dierre-basketball-alessandro-alescio-si-racconta-entusiasmo-gruppo-unito-e-voglia-di-derby\/\"},\"author\":{\"name\":\"Andrea Benedetto\",\"@id\":\"https:\/\/progettotouring.it\/radiotouring104\/#\/schema\/person\/97ff4f729b79fd682a1cf68c714af29c\"},\"headline\":\"Dierre Basketball, Alessandro Alescio si racconta: entusiasmo, gruppo unito e voglia di derby\",\"datePublished\":\"2025-09-02T14:58:26+00:00\",\"mainEntityOfPage\":{\"@id\":\"https:\/\/progettotouring.it\/radiotouring104\/2025\/09\/02\/dierre-basketball-alessandro-alescio-si-racconta-entusiasmo-gruppo-unito-e-voglia-di-derby\/\"},\"wordCount\":562,\"publisher\":{\"@id\":\"https:\/\/progettotouring.it\/radiotouring104\/#organization\"},\"image\":{\"@id\":\"https:\/\/progettotouring.it\/radiotouring104\/2025\/09\/02\/dierre-basketball-alessandro-alescio-si-racconta-entusiasmo-gruppo-unito-e-voglia-di-derby\/#primaryimage\"},\"thumbnailUrl\":\"https:\/\/progettotouring.it\/radiotouring104\/wp-content\/uploads\/sites\/6\/2025\/09\/Dierre-Alescio.jpg\",\"articleSection\":[\"News\",\"Reggio Calabria\",\"Sport\"],\"inLanguage\":\"it-IT\"},{\"@type\":\"WebPage\",\"@id\":\"https:\/\/progettotouring.it\/radiotouring104\/2025\/09\/02\/dierre-basketball-alessandro-alescio-si-racconta-entusiasmo-gruppo-unito-e-voglia-di-derby\/\",\"url\":\"https:\/\/progettotouring.it\/radiotouring104\/2025\/09\/02\/dierre-basketball-alessandro-alescio-si-racconta-entusiasmo-gruppo-unito-e-voglia-di-derby\/\",\"name\":\"Dierre Basketball, Alessandro Alescio si racconta: entusiasmo, gruppo unito e voglia di derby - Radio Touring 104\",\"isPartOf\":{\"@id\":\"https:\/\/progettotouring.it\/radiotouring104\/#website\"},\"primaryImageOfPage\":{\"@id\":\"https:\/\/progettotouring.it\/radiotouring104\/2025\/09\/02\/dierre-basketball-alessandro-alescio-si-racconta-entusiasmo-gruppo-unito-e-voglia-di-derby\/#primaryimage\"},\"image\":{\"@id\":\"https:\/\/progettotouring.it\/radiotouring104\/2025\/09\/02\/dierre-basketball-alessandro-alescio-si-racconta-entusiasmo-gruppo-unito-e-voglia-di-derby\/#primaryimage\"},\"thumbnailUrl\":\"https:\/\/progettotouring.it\/radiotouring104\/wp-content\/uploads\/sites\/6\/2025\/09\/Dierre-Alescio.jpg\",\"datePublished\":\"2025-09-02T14:58:26+00:00\",\"description\":\"La giovane guardia reggina,Alescio, torna dagli USA e punta a fare bene con la Dierre Basketball\",\"breadcrumb\":{\"@id\":\"https:\/\/progettotouring.it\/radiotouring104\/2025\/09\/02\/dierre-basketball-alessandro-alescio-si-racconta-entusiasmo-gruppo-unito-e-voglia-di-derby\/#breadcrumb\"},\"inLanguage\":\"it-IT\",\"potentialAction\":[{\"@type\":\"ReadAction\",\"target\":[\"https:\/\/progettotouring.it\/radiotouring104\/2025\/09\/02\/dierre-basketball-alessandro-alescio-si-racconta-entusiasmo-gruppo-unito-e-voglia-di-derby\/\"]}]},{\"@type\":\"ImageObject\",\"inLanguage\":\"it-IT\",\"@id\":\"https:\/\/progettotouring.it\/radiotouring104\/2025\/09\/02\/dierre-basketball-alessandro-alescio-si-racconta-entusiasmo-gruppo-unito-e-voglia-di-derby\/#primaryimage\",\"url\":\"https:\/\/progettotouring.it\/radiotouring104\/wp-content\/uploads\/sites\/6\/2025\/09\/Dierre-Alescio.jpg\",\"contentUrl\":\"https:\/\/progettotouring.it\/radiotouring104\/wp-content\/uploads\/sites\/6\/2025\/09\/Dierre-Alescio.jpg\",\"width\":824,\"height\":792},{\"@type\":\"BreadcrumbList\",\"@id\":\"https:\/\/progettotouring.it\/radiotouring104\/2025\/09\/02\/dierre-basketball-alessandro-alescio-si-racconta-entusiasmo-gruppo-unito-e-voglia-di-derby\/#breadcrumb\",\"itemListElement\":[{\"@type\":\"ListItem\",\"position\":1,\"name\":\"Home\",\"item\":\"https:\/\/progettotouring.it\/radiotouring104\/\"},{\"@type\":\"ListItem\",\"position\":2,\"name\":\"Dierre Basketball, Alessandro Alescio si racconta: entusiasmo, gruppo unito e voglia di derby\"}]},{\"@type\":\"WebSite\",\"@id\":\"https:\/\/progettotouring.it\/radiotouring104\/#website\",\"url\":\"https:\/\/progettotouring.it\/radiotouring104\/\",\"name\":\"Radio Touring 104\",\"description\":\"La prima radio Reggina\",\"publisher\":{\"@id\":\"https:\/\/progettotouring.it\/radiotouring104\/#organization\"},\"potentialAction\":[{\"@type\":\"SearchAction\",\"target\":{\"@type\":\"EntryPoint\",\"urlTemplate\":\"https:\/\/progettotouring.it\/radiotouring104\/?s={search_term_string}\"},\"query-input\":{\"@type\":\"PropertyValueSpecification\",\"valueRequired\":true,\"valueName\":\"search_term_string\"}}],\"inLanguage\":\"it-IT\"},{\"@type\":\"Organization\",\"@id\":\"https:\/\/progettotouring.it\/radiotouring104\/#organization\",\"name\":\"Radio Touring 104\",\"url\":\"https:\/\/progettotouring.it\/radiotouring104\/\",\"logo\":{\"@type\":\"ImageObject\",\"inLanguage\":\"it-IT\",\"@id\":\"https:\/\/progettotouring.it\/radiotouring104\/#\/schema\/logo\/image\/\",\"url\":\"https:\/\/progettotouring.it\/radiotouring104\/wp-content\/uploads\/sites\/6\/2022\/02\/cropped-logo-radio-touring-104.png\",\"contentUrl\":\"https:\/\/progettotouring.it\/radiotouring104\/wp-content\/uploads\/sites\/6\/2022\/02\/cropped-logo-radio-touring-104.png\",\"width\":377,\"height\":182,\"caption\":\"Radio Touring 104\"},\"image\":{\"@id\":\"https:\/\/progettotouring.it\/radiotouring104\/#\/schema\/logo\/image\/\"}},{\"@type\":\"Person\",\"@id\":\"https:\/\/progettotouring.it\/radiotouring104\/#\/schema\/person\/97ff4f729b79fd682a1cf68c714af29c\",\"name\":\"Andrea Benedetto\",\"image\":{\"@type\":\"ImageObject\",\"inLanguage\":\"it-IT\",\"@id\":\"https:\/\/secure.gravatar.com\/avatar\/28b474e46fd81ca24e23c2a4450ad55141239d9ed3ad65642c2ab5af4baab51a?s=96&d=mm&r=g\",\"url\":\"https:\/\/secure.gravatar.com\/avatar\/28b474e46fd81ca24e23c2a4450ad55141239d9ed3ad65642c2ab5af4baab51a?s=96&d=mm&r=g\",\"contentUrl\":\"https:\/\/secure.gravatar.com\/avatar\/28b474e46fd81ca24e23c2a4450ad55141239d9ed3ad65642c2ab5af4baab51a?s=96&d=mm&r=g\",\"caption\":\"Andrea Benedetto\"},\"url\":\"https:\/\/progettotouring.it\/radiotouring104\/author\/andrea\/\"}]}<\/script>\n<!-- \/ Yoast SEO plugin. -->","yoast_head_json":{"title":"Dierre Basketball, Alessandro Alescio si racconta: entusiasmo, gruppo unito e voglia di derby - Radio Touring 104","description":"La giovane guardia reggina,Alescio, torna dagli USA e punta a fare bene con la Dierre Basketball","robots":{"index":"index","follow":"follow","max-snippet":"max-snippet:-1","max-image-preview":"max-image-preview:large","max-video-preview":"max-video-preview:-1"},"canonical":"https:\/\/progettotouring.it\/radiotouring104\/2025\/09\/02\/dierre-basketball-alessandro-alescio-si-racconta-entusiasmo-gruppo-unito-e-voglia-di-derby\/","og_locale":"it_IT","og_type":"article","og_title":"Dierre Basketball, Alessandro Alescio si racconta: entusiasmo, gruppo unito e voglia di derby - Radio Touring 104","og_description":"La giovane guardia reggina,Alescio, torna dagli USA e punta a fare bene con la Dierre Basketball","og_url":"https:\/\/progettotouring.it\/radiotouring104\/2025\/09\/02\/dierre-basketball-alessandro-alescio-si-racconta-entusiasmo-gruppo-unito-e-voglia-di-derby\/","og_site_name":"Radio Touring 104","article_published_time":"2025-09-02T14:58:26+00:00","og_image":[{"width":824,"height":792,"url":"https:\/\/progettotouring.it\/radiotouring104\/wp-content\/uploads\/sites\/6\/2025\/09\/Dierre-Alescio.jpg","type":"image\/jpeg"}],"author":"Andrea Benedetto","twitter_card":"summary_large_image","twitter_misc":{"Scritto da":"Andrea Benedetto","Tempo di lettura stimato":"3 minuti"},"schema":{"@context":"https:\/\/schema.org","@graph":[{"@type":"Article","@id":"https:\/\/progettotouring.it\/radiotouring104\/2025\/09\/02\/dierre-basketball-alessandro-alescio-si-racconta-entusiasmo-gruppo-unito-e-voglia-di-derby\/#article","isPartOf":{"@id":"https:\/\/progettotouring.it\/radiotouring104\/2025\/09\/02\/dierre-basketball-alessandro-alescio-si-racconta-entusiasmo-gruppo-unito-e-voglia-di-derby\/"},"author":{"name":"Andrea Benedetto","@id":"https:\/\/progettotouring.it\/radiotouring104\/#\/schema\/person\/97ff4f729b79fd682a1cf68c714af29c"},"headline":"Dierre Basketball, Alessandro Alescio si racconta: entusiasmo, gruppo unito e voglia di derby","datePublished":"2025-09-02T14:58:26+00:00","mainEntityOfPage":{"@id":"https:\/\/progettotouring.it\/radiotouring104\/2025\/09\/02\/dierre-basketball-alessandro-alescio-si-racconta-entusiasmo-gruppo-unito-e-voglia-di-derby\/"},"wordCount":562,"publisher":{"@id":"https:\/\/progettotouring.it\/radiotouring104\/#organization"},"image":{"@id":"https:\/\/progettotouring.it\/radiotouring104\/2025\/09\/02\/dierre-basketball-alessandro-alescio-si-racconta-entusiasmo-gruppo-unito-e-voglia-di-derby\/#primaryimage"},"thumbnailUrl":"https:\/\/progettotouring.it\/radiotouring104\/wp-content\/uploads\/sites\/6\/2025\/09\/Dierre-Alescio.jpg","articleSection":["News","Reggio Calabria","Sport"],"inLanguage":"it-IT"},{"@type":"WebPage","@id":"https:\/\/progettotouring.it\/radiotouring104\/2025\/09\/02\/dierre-basketball-alessandro-alescio-si-racconta-entusiasmo-gruppo-unito-e-voglia-di-derby\/","url":"https:\/\/progettotouring.it\/radiotouring104\/2025\/09\/02\/dierre-basketball-alessandro-alescio-si-racconta-entusiasmo-gruppo-unito-e-voglia-di-derby\/","name":"Dierre Basketball, Alessandro Alescio si racconta: entusiasmo, gruppo unito e voglia di derby - Radio Touring 104","isPartOf":{"@id":"https:\/\/progettotouring.it\/radiotouring104\/#website"},"primaryImageOfPage":{"@id":"https:\/\/progettotouring.it\/radiotouring104\/2025\/09\/02\/dierre-basketball-alessandro-alescio-si-racconta-entusiasmo-gruppo-unito-e-voglia-di-derby\/#primaryimage"},"image":{"@id":"https:\/\/progettotouring.it\/radiotouring104\/2025\/09\/02\/dierre-basketball-alessandro-alescio-si-racconta-entusiasmo-gruppo-unito-e-voglia-di-derby\/#primaryimage"},"thumbnailUrl":"https:\/\/progettotouring.it\/radiotouring104\/wp-content\/uploads\/sites\/6\/2025\/09\/Dierre-Alescio.jpg","datePublished":"2025-09-02T14:58:26+00:00","description":"La giovane guardia reggina,Alescio, torna dagli USA e punta a fare bene con la Dierre Basketball","breadcrumb":{"@id":"https:\/\/progettotouring.it\/radiotouring104\/2025\/09\/02\/dierre-basketball-alessandro-alescio-si-racconta-entusiasmo-gruppo-unito-e-voglia-di-derby\/#breadcrumb"},"inLanguage":"it-IT","potentialAction":[{"@type":"ReadAction","target":["https:\/\/progettotouring.it\/radiotouring104\/2025\/09\/02\/dierre-basketball-alessandro-alescio-si-racconta-entusiasmo-gruppo-unito-e-voglia-di-derby\/"]}]},{"@type":"ImageObject","inLanguage":"it-IT","@id":"https:\/\/progettotouring.it\/radiotouring104\/2025\/09\/02\/dierre-basketball-alessandro-alescio-si-racconta-entusiasmo-gruppo-unito-e-voglia-di-derby\/#primaryimage","url":"https:\/\/progettotouring.it\/radiotouring104\/wp-content\/uploads\/sites\/6\/2025\/09\/Dierre-Alescio.jpg","contentUrl":"https:\/\/progettotouring.it\/radiotouring104\/wp-content\/uploads\/sites\/6\/2025\/09\/Dierre-Alescio.jpg","width":824,"height":792},{"@type":"BreadcrumbList","@id":"https:\/\/progettotouring.it\/radiotouring104\/2025\/09\/02\/dierre-basketball-alessandro-alescio-si-racconta-entusiasmo-gruppo-unito-e-voglia-di-derby\/#breadcrumb","itemListElement":[{"@type":"ListItem","position":1,"name":"Home","item":"https:\/\/progettotouring.it\/radiotouring104\/"},{"@type":"ListItem","position":2,"name":"Dierre Basketball, Alessandro Alescio si racconta: entusiasmo, gruppo unito e voglia di derby"}]},{"@type":"WebSite","@id":"https:\/\/progettotouring.it\/radiotouring104\/#website","url":"https:\/\/progettotouring.it\/radiotouring104\/","name":"Radio Touring 104","description":"La prima radio Reggina","publisher":{"@id":"https:\/\/progettotouring.it\/radiotouring104\/#organization"},"potentialAction":[{"@type":"SearchAction","target":{"@type":"EntryPoint","urlTemplate":"https:\/\/progettotouring.it\/radiotouring104\/?s={search_term_string}"},"query-input":{"@type":"PropertyValueSpecification","valueRequired":true,"valueName":"search_term_string"}}],"inLanguage":"it-IT"},{"@type":"Organization","@id":"https:\/\/progettotouring.it\/radiotouring104\/#organization","name":"Radio Touring 104","url":"https:\/\/progettotouring.it\/radiotouring104\/","logo":{"@type":"ImageObject","inLanguage":"it-IT","@id":"https:\/\/progettotouring.it\/radiotouring104\/#\/schema\/logo\/image\/","url":"https:\/\/progettotouring.it\/radiotouring104\/wp-content\/uploads\/sites\/6\/2022\/02\/cropped-logo-radio-touring-104.png","contentUrl":"https:\/\/progettotouring.it\/radiotouring104\/wp-content\/uploads\/sites\/6\/2022\/02\/cropped-logo-radio-touring-104.png","width":377,"height":182,"caption":"Radio Touring 104"},"image":{"@id":"https:\/\/progettotouring.it\/radiotouring104\/#\/schema\/logo\/image\/"}},{"@type":"Person","@id":"https:\/\/progettotouring.it\/radiotouring104\/#\/schema\/person\/97ff4f729b79fd682a1cf68c714af29c","name":"Andrea Benedetto","image":{"@type":"ImageObject","inLanguage":"it-IT","@id":"https:\/\/secure.gravatar.com\/avatar\/28b474e46fd81ca24e23c2a4450ad55141239d9ed3ad65642c2ab5af4baab51a?s=96&d=mm&r=g","url":"https:\/\/secure.gravatar.com\/avatar\/28b474e46fd81ca24e23c2a4450ad55141239d9ed3ad65642c2ab5af4baab51a?s=96&d=mm&r=g","contentUrl":"https:\/\/secure.gravatar.com\/avatar\/28b474e46fd81ca24e23c2a4450ad55141239d9ed3ad65642c2ab5af4baab51a?s=96&d=mm&r=g","caption":"Andrea Benedetto"},"url":"https:\/\/progettotouring.it\/radiotouring104\/author\/andrea\/"}]}},"jetpack_publicize_connections":[],"jetpack_featured_media_url":"https:\/\/progettotouring.it\/radiotouring104\/wp-content\/uploads\/sites\/6\/2025\/09\/Dierre-Alescio.jpg","jetpack_sharing_enabled":true,"_links":{"self":[{"href":"https:\/\/progettotouring.it\/radiotouring104\/wp-json\/wp\/v2\/posts\/80644","targetHints":{"allow":["GET"]}}],"collection":[{"href":"https:\/\/progettotouring.it\/radiotouring104\/wp-json\/wp\/v2\/posts"}],"about":[{"href":"https:\/\/progettotouring.it\/radiotouring104\/wp-json\/wp\/v2\/types\/post"}],"author":[{"embeddable":true,"href":"https:\/\/progettotouring.it\/radiotouring104\/wp-json\/wp\/v2\/users\/18"}],"replies":[{"embeddable":true,"href":"https:\/\/progettotouring.it\/radiotouring104\/wp-json\/wp\/v2\/comments?post=80644"}],"version-history":[{"count":1,"href":"https:\/\/progettotouring.it\/radiotouring104\/wp-json\/wp\/v2\/posts\/80644\/revisions"}],"predecessor-version":[{"id":80646,"href":"https:\/\/progettotouring.it\/radiotouring104\/wp-json\/wp\/v2\/posts\/80644\/revisions\/80646"}],"wp:featuredmedia":[{"embeddable":true,"href":"https:\/\/progettotouring.it\/radiotouring104\/wp-json\/wp\/v2\/media\/80645"}],"wp:attachment":[{"href":"https:\/\/progettotouring.it\/radiotouring104\/wp-json\/wp\/v2\/media?parent=80644"}],"wp:term":[{"taxonomy":"category","embeddable":true,"href":"https:\/\/progettotouring.it\/radiotouring104\/wp-json\/wp\/v2\/categories?post=80644"},{"taxonomy":"post_tag","embeddable":true,"href":"https:\/\/progettotouring.it\/radiotouring104\/wp-json\/wp\/v2\/tags?post=80644"}],"curies":[{"name":"wp","href":"https:\/\/api.w.org\/{rel}","templated":true}]}}