{"id":80647,"date":"2025-09-02T17:08:41","date_gmt":"2025-09-02T15:08:41","guid":{"rendered":"https:\/\/progettotouring.it\/radiotouring104\/?p=80647"},"modified":"2025-09-02T17:08:41","modified_gmt":"2025-09-02T15:08:41","slug":"giusi-princi-esprime-solidarieta-alla-giornalista-elisa-barresi-dopo-le-minacce-ricevute","status":"publish","type":"post","link":"https:\/\/progettotouring.it\/radiotouring104\/2025\/09\/02\/giusi-princi-esprime-solidarieta-alla-giornalista-elisa-barresi-dopo-le-minacce-ricevute\/","title":{"rendered":"Giusi Princi esprime solidariet\u00e0 alla giornalista Elisa Barresi dopo le minacce ricevute"},"content":{"rendered":"<p data-start=\"341\" data-end=\"796\">Un messaggio di vicinanza forte e chiaro arriva dall\u2019europarlamentare calabrese <strong data-start=\"421\" data-end=\"437\">Giusi Princi. <\/strong>L\u2019europarlamentare ha voluto manifestare pubblicamente la propria solidariet\u00e0 a <strong data-start=\"504\" data-end=\"521\">Elisa Barresi<\/strong>, vice direttore de <em data-start=\"541\" data-end=\"555\">ilReggino.it<\/em>, destinataria di recenti minacce. Princi ha ricordato la lunga conoscenza con la giornalista, sin dai tempi in cui era dirigente scolastico. Sottolineandone le qualit\u00e0 professionali e umane, oltre alla dedizione dimostrata nel suo lavoro.<\/p>\n<p data-start=\"798\" data-end=\"1184\">L\u2019europarlamentare ha ribadito la fiducia nella caparbiet\u00e0 e determinazione di Barresi, sicura che non si lascer\u00e0 intimidire da gesti intimidatori, e ha esteso la sua vicinanza anche alle redazioni de <em data-start=\"999\" data-end=\"1009\">LaC News<\/em> e <em data-start=\"1012\" data-end=\"1026\">ilReggino.it<\/em>, ai rispettivi direttori <strong data-start=\"1052\" data-end=\"1073\">Francesco Laratta<\/strong> e <strong data-start=\"1076\" data-end=\"1094\">Claudio Labate<\/strong>, all\u2019editore <strong data-start=\"1108\" data-end=\"1127\">Domenico Maduli<\/strong> e alla direttrice editoriale <strong data-start=\"1157\" data-end=\"1181\">Maria Grazia Falduto<\/strong>.<\/p>\n<p data-start=\"1186\" data-end=\"1372\">Un\u2019occasione per riaffermare con decisione il valore della <strong data-start=\"1245\" data-end=\"1266\">libert\u00e0 di stampa<\/strong>, che Princi definisce \u201cpresidio irrinunciabile della nostra democrazia\u201d e che va tutelato con fermezza.<\/p>\n<p data-start=\"1374\" data-end=\"1422\">Di seguito riportiamo il comunicato ufficiale:<\/p>\n<p data-start=\"1426\" data-end=\"1504\"><em><strong data-start=\"1426\" data-end=\"1502\">Princi \u201cElisa Barresi determinata e caparbia, non si lascer\u00e0 intimidire\u201d<\/strong><\/em><\/p>\n<p data-start=\"1511\" data-end=\"2327\"><em>\u201cDesidero esprimere la mia sincera solidariet\u00e0 alla giornalista Elisa Barresi, vice direttore de ilReggino.it, che conosco e stimo sin dai tempi in cui ero dirigente scolastico. Ho sempre apprezzato la dedizione con cui svolge il suo lavoro e le sue qualit\u00e0 umane e professionali. Conosco bene la sua determinazione e la sua caparbiet\u00e0: sono certa che non si lascer\u00e0 intimidire da inaccettabili minacce\u201d. Lo afferma in una nota l\u2019europarlamentare calabrese Giusi Princi.<\/em><br class=\"yoast-text-mark\" data-start=\"1981\" data-end=\"1984\" \/>&gt;<em>\u201cLa mia vicinanza \u2013 aggiunge &#8211; va anche alle redazioni, ai Direttori di LaC News e ilReggino.it Francesco Laratta e Claudio Labate, all\u2019editore Domenico Maduli e alla direttrice editoriale Maria Grazia Falduto. La libert\u00e0 di stampa \u2013 conclude Giusi Princi &#8211; \u00e8 un presidio irrinunciabile della nostra democrazia e va tutelata con fermezza\u201d.<\/em><\/p>\n","protected":false},"excerpt":{"rendered":"<p>Un messaggio di vicinanza forte e chiaro arriva dall\u2019europarlamentare calabrese Giusi Princi. L\u2019europarlamentare ha voluto manifestare pubblicamente la propria solidariet\u00e0 a Elisa Barresi, vice direttore de ilReggino.it, destinataria di recenti&hellip;<\/p>\n","protected":false},"author":18,"featured_media":75892,"comment_status":"closed","ping_status":"open","sticky":false,"template":"","format":"standard","meta":{"_jetpack_memberships_contains_paid_content":false,"footnotes":"","jetpack_publicize_message":"","jetpack_publicize_feature_enabled":true,"jetpack_social_post_already_shared":true,"jetpack_social_options":{"image_generator_settings":{"template":"highway","default_image_id":0,"font":"","enabled":false},"version":2}},"categories":[921,196,195,140],"tags":[],"class_list":["post-80647","post","type-post","status-publish","format-standard","has-post-thumbnail","hentry","category-home","category-news","category-politica","category-reggio-calabria"],"yoast_head":"<!-- This site is optimized with the Yoast SEO plugin v27.2 - https:\/\/yoast.com\/product\/yoast-seo-wordpress\/ -->\n<title>Giusi Princi esprime solidariet\u00e0 alla giornalista Elisa Barresi dopo le minacce ricevute - Radio Touring 104<\/title>\n<meta name=\"description\" content=\"L\u2019europarlamentare calabrese, Giusi Princi: \u201cLa Barresi, caparbia e determinata, non si lascer\u00e0 intimidire\u201d\" \/>\n<meta name=\"robots\" content=\"index, follow, max-snippet:-1, max-image-preview:large, max-video-preview:-1\" \/>\n<link rel=\"canonical\" href=\"https:\/\/progettotouring.it\/radiotouring104\/2025\/09\/02\/giusi-princi-esprime-solidarieta-alla-giornalista-elisa-barresi-dopo-le-minacce-ricevute\/\" \/>\n<meta property=\"og:locale\" content=\"it_IT\" \/>\n<meta property=\"og:type\" content=\"article\" \/>\n<meta property=\"og:title\" content=\"Giusi Princi esprime solidariet\u00e0 alla giornalista Elisa Barresi dopo le minacce ricevute - Radio Touring 104\" \/>\n<meta property=\"og:description\" content=\"L\u2019europarlamentare calabrese, Giusi Princi: \u201cLa Barresi, caparbia e determinata, non si lascer\u00e0 intimidire\u201d\" \/>\n<meta property=\"og:url\" content=\"https:\/\/progettotouring.it\/radiotouring104\/2025\/09\/02\/giusi-princi-esprime-solidarieta-alla-giornalista-elisa-barresi-dopo-le-minacce-ricevute\/\" \/>\n<meta property=\"og:site_name\" content=\"Radio Touring 104\" \/>\n<meta property=\"article:published_time\" content=\"2025-09-02T15:08:41+00:00\" \/>\n<meta property=\"og:image\" content=\"https:\/\/progettotouring.it\/radiotouring104\/wp-content\/uploads\/sites\/6\/2025\/06\/princi.jpg\" \/>\n\t<meta property=\"og:image:width\" content=\"2000\" \/>\n\t<meta property=\"og:image:height\" content=\"1545\" \/>\n\t<meta property=\"og:image:type\" content=\"image\/jpeg\" \/>\n<meta name=\"author\" content=\"Andrea Benedetto\" \/>\n<meta name=\"twitter:card\" content=\"summary_large_image\" \/>\n<meta name=\"twitter:label1\" content=\"Scritto da\" \/>\n\t<meta name=\"twitter:data1\" content=\"Andrea Benedetto\" \/>\n\t<meta name=\"twitter:label2\" content=\"Tempo di lettura stimato\" \/>\n\t<meta name=\"twitter:data2\" content=\"1 minuto\" \/>\n<script type=\"application\/ld+json\" class=\"yoast-schema-graph\">{\"@context\":\"https:\/\/schema.org\",\"@graph\":[{\"@type\":\"Article\",\"@id\":\"https:\/\/progettotouring.it\/radiotouring104\/2025\/09\/02\/giusi-princi-esprime-solidarieta-alla-giornalista-elisa-barresi-dopo-le-minacce-ricevute\/#article\",\"isPartOf\":{\"@id\":\"https:\/\/progettotouring.it\/radiotouring104\/2025\/09\/02\/giusi-princi-esprime-solidarieta-alla-giornalista-elisa-barresi-dopo-le-minacce-ricevute\/\"},\"author\":{\"name\":\"Andrea Benedetto\",\"@id\":\"https:\/\/progettotouring.it\/radiotouring104\/#\/schema\/person\/97ff4f729b79fd682a1cf68c714af29c\"},\"headline\":\"Giusi Princi esprime solidariet\u00e0 alla giornalista Elisa Barresi dopo le minacce ricevute\",\"datePublished\":\"2025-09-02T15:08:41+00:00\",\"mainEntityOfPage\":{\"@id\":\"https:\/\/progettotouring.it\/radiotouring104\/2025\/09\/02\/giusi-princi-esprime-solidarieta-alla-giornalista-elisa-barresi-dopo-le-minacce-ricevute\/\"},\"wordCount\":300,\"publisher\":{\"@id\":\"https:\/\/progettotouring.it\/radiotouring104\/#organization\"},\"image\":{\"@id\":\"https:\/\/progettotouring.it\/radiotouring104\/2025\/09\/02\/giusi-princi-esprime-solidarieta-alla-giornalista-elisa-barresi-dopo-le-minacce-ricevute\/#primaryimage\"},\"thumbnailUrl\":\"https:\/\/progettotouring.it\/radiotouring104\/wp-content\/uploads\/sites\/6\/2025\/06\/princi.jpg\",\"articleSection\":[\"Home\",\"News\",\"Politica\",\"Reggio Calabria\"],\"inLanguage\":\"it-IT\"},{\"@type\":\"WebPage\",\"@id\":\"https:\/\/progettotouring.it\/radiotouring104\/2025\/09\/02\/giusi-princi-esprime-solidarieta-alla-giornalista-elisa-barresi-dopo-le-minacce-ricevute\/\",\"url\":\"https:\/\/progettotouring.it\/radiotouring104\/2025\/09\/02\/giusi-princi-esprime-solidarieta-alla-giornalista-elisa-barresi-dopo-le-minacce-ricevute\/\",\"name\":\"Giusi Princi esprime solidariet\u00e0 alla giornalista Elisa Barresi dopo le minacce ricevute - Radio Touring 104\",\"isPartOf\":{\"@id\":\"https:\/\/progettotouring.it\/radiotouring104\/#website\"},\"primaryImageOfPage\":{\"@id\":\"https:\/\/progettotouring.it\/radiotouring104\/2025\/09\/02\/giusi-princi-esprime-solidarieta-alla-giornalista-elisa-barresi-dopo-le-minacce-ricevute\/#primaryimage\"},\"image\":{\"@id\":\"https:\/\/progettotouring.it\/radiotouring104\/2025\/09\/02\/giusi-princi-esprime-solidarieta-alla-giornalista-elisa-barresi-dopo-le-minacce-ricevute\/#primaryimage\"},\"thumbnailUrl\":\"https:\/\/progettotouring.it\/radiotouring104\/wp-content\/uploads\/sites\/6\/2025\/06\/princi.jpg\",\"datePublished\":\"2025-09-02T15:08:41+00:00\",\"description\":\"L\u2019europarlamentare calabrese, Giusi Princi: \u201cLa Barresi, caparbia e determinata, non si lascer\u00e0 intimidire\u201d\",\"breadcrumb\":{\"@id\":\"https:\/\/progettotouring.it\/radiotouring104\/2025\/09\/02\/giusi-princi-esprime-solidarieta-alla-giornalista-elisa-barresi-dopo-le-minacce-ricevute\/#breadcrumb\"},\"inLanguage\":\"it-IT\",\"potentialAction\":[{\"@type\":\"ReadAction\",\"target\":[\"https:\/\/progettotouring.it\/radiotouring104\/2025\/09\/02\/giusi-princi-esprime-solidarieta-alla-giornalista-elisa-barresi-dopo-le-minacce-ricevute\/\"]}]},{\"@type\":\"ImageObject\",\"inLanguage\":\"it-IT\",\"@id\":\"https:\/\/progettotouring.it\/radiotouring104\/2025\/09\/02\/giusi-princi-esprime-solidarieta-alla-giornalista-elisa-barresi-dopo-le-minacce-ricevute\/#primaryimage\",\"url\":\"https:\/\/progettotouring.it\/radiotouring104\/wp-content\/uploads\/sites\/6\/2025\/06\/princi.jpg\",\"contentUrl\":\"https:\/\/progettotouring.it\/radiotouring104\/wp-content\/uploads\/sites\/6\/2025\/06\/princi.jpg\",\"width\":2000,\"height\":1545},{\"@type\":\"BreadcrumbList\",\"@id\":\"https:\/\/progettotouring.it\/radiotouring104\/2025\/09\/02\/giusi-princi-esprime-solidarieta-alla-giornalista-elisa-barresi-dopo-le-minacce-ricevute\/#breadcrumb\",\"itemListElement\":[{\"@type\":\"ListItem\",\"position\":1,\"name\":\"Home\",\"item\":\"https:\/\/progettotouring.it\/radiotouring104\/\"},{\"@type\":\"ListItem\",\"position\":2,\"name\":\"Giusi Princi esprime solidariet\u00e0 alla giornalista Elisa Barresi dopo le minacce ricevute\"}]},{\"@type\":\"WebSite\",\"@id\":\"https:\/\/progettotouring.it\/radiotouring104\/#website\",\"url\":\"https:\/\/progettotouring.it\/radiotouring104\/\",\"name\":\"Radio Touring 104\",\"description\":\"La prima radio Reggina\",\"publisher\":{\"@id\":\"https:\/\/progettotouring.it\/radiotouring104\/#organization\"},\"potentialAction\":[{\"@type\":\"SearchAction\",\"target\":{\"@type\":\"EntryPoint\",\"urlTemplate\":\"https:\/\/progettotouring.it\/radiotouring104\/?s={search_term_string}\"},\"query-input\":{\"@type\":\"PropertyValueSpecification\",\"valueRequired\":true,\"valueName\":\"search_term_string\"}}],\"inLanguage\":\"it-IT\"},{\"@type\":\"Organization\",\"@id\":\"https:\/\/progettotouring.it\/radiotouring104\/#organization\",\"name\":\"Radio Touring 104\",\"url\":\"https:\/\/progettotouring.it\/radiotouring104\/\",\"logo\":{\"@type\":\"ImageObject\",\"inLanguage\":\"it-IT\",\"@id\":\"https:\/\/progettotouring.it\/radiotouring104\/#\/schema\/logo\/image\/\",\"url\":\"https:\/\/progettotouring.it\/radiotouring104\/wp-content\/uploads\/sites\/6\/2022\/02\/cropped-logo-radio-touring-104.png\",\"contentUrl\":\"https:\/\/progettotouring.it\/radiotouring104\/wp-content\/uploads\/sites\/6\/2022\/02\/cropped-logo-radio-touring-104.png\",\"width\":377,\"height\":182,\"caption\":\"Radio Touring 104\"},\"image\":{\"@id\":\"https:\/\/progettotouring.it\/radiotouring104\/#\/schema\/logo\/image\/\"}},{\"@type\":\"Person\",\"@id\":\"https:\/\/progettotouring.it\/radiotouring104\/#\/schema\/person\/97ff4f729b79fd682a1cf68c714af29c\",\"name\":\"Andrea Benedetto\",\"image\":{\"@type\":\"ImageObject\",\"inLanguage\":\"it-IT\",\"@id\":\"https:\/\/secure.gravatar.com\/avatar\/28b474e46fd81ca24e23c2a4450ad55141239d9ed3ad65642c2ab5af4baab51a?s=96&d=mm&r=g\",\"url\":\"https:\/\/secure.gravatar.com\/avatar\/28b474e46fd81ca24e23c2a4450ad55141239d9ed3ad65642c2ab5af4baab51a?s=96&d=mm&r=g\",\"contentUrl\":\"https:\/\/secure.gravatar.com\/avatar\/28b474e46fd81ca24e23c2a4450ad55141239d9ed3ad65642c2ab5af4baab51a?s=96&d=mm&r=g\",\"caption\":\"Andrea Benedetto\"},\"url\":\"https:\/\/progettotouring.it\/radiotouring104\/author\/andrea\/\"}]}<\/script>\n<!-- \/ Yoast SEO plugin. -->","yoast_head_json":{"title":"Giusi Princi esprime solidariet\u00e0 alla giornalista Elisa Barresi dopo le minacce ricevute - Radio Touring 104","description":"L\u2019europarlamentare calabrese, Giusi Princi: \u201cLa Barresi, caparbia e determinata, non si lascer\u00e0 intimidire\u201d","robots":{"index":"index","follow":"follow","max-snippet":"max-snippet:-1","max-image-preview":"max-image-preview:large","max-video-preview":"max-video-preview:-1"},"canonical":"https:\/\/progettotouring.it\/radiotouring104\/2025\/09\/02\/giusi-princi-esprime-solidarieta-alla-giornalista-elisa-barresi-dopo-le-minacce-ricevute\/","og_locale":"it_IT","og_type":"article","og_title":"Giusi Princi esprime solidariet\u00e0 alla giornalista Elisa Barresi dopo le minacce ricevute - Radio Touring 104","og_description":"L\u2019europarlamentare calabrese, Giusi Princi: \u201cLa Barresi, caparbia e determinata, non si lascer\u00e0 intimidire\u201d","og_url":"https:\/\/progettotouring.it\/radiotouring104\/2025\/09\/02\/giusi-princi-esprime-solidarieta-alla-giornalista-elisa-barresi-dopo-le-minacce-ricevute\/","og_site_name":"Radio Touring 104","article_published_time":"2025-09-02T15:08:41+00:00","og_image":[{"width":2000,"height":1545,"url":"https:\/\/progettotouring.it\/radiotouring104\/wp-content\/uploads\/sites\/6\/2025\/06\/princi.jpg","type":"image\/jpeg"}],"author":"Andrea Benedetto","twitter_card":"summary_large_image","twitter_misc":{"Scritto da":"Andrea Benedetto","Tempo di lettura stimato":"1 minuto"},"schema":{"@context":"https:\/\/schema.org","@graph":[{"@type":"Article","@id":"https:\/\/progettotouring.it\/radiotouring104\/2025\/09\/02\/giusi-princi-esprime-solidarieta-alla-giornalista-elisa-barresi-dopo-le-minacce-ricevute\/#article","isPartOf":{"@id":"https:\/\/progettotouring.it\/radiotouring104\/2025\/09\/02\/giusi-princi-esprime-solidarieta-alla-giornalista-elisa-barresi-dopo-le-minacce-ricevute\/"},"author":{"name":"Andrea Benedetto","@id":"https:\/\/progettotouring.it\/radiotouring104\/#\/schema\/person\/97ff4f729b79fd682a1cf68c714af29c"},"headline":"Giusi Princi esprime solidariet\u00e0 alla giornalista Elisa Barresi dopo le minacce ricevute","datePublished":"2025-09-02T15:08:41+00:00","mainEntityOfPage":{"@id":"https:\/\/progettotouring.it\/radiotouring104\/2025\/09\/02\/giusi-princi-esprime-solidarieta-alla-giornalista-elisa-barresi-dopo-le-minacce-ricevute\/"},"wordCount":300,"publisher":{"@id":"https:\/\/progettotouring.it\/radiotouring104\/#organization"},"image":{"@id":"https:\/\/progettotouring.it\/radiotouring104\/2025\/09\/02\/giusi-princi-esprime-solidarieta-alla-giornalista-elisa-barresi-dopo-le-minacce-ricevute\/#primaryimage"},"thumbnailUrl":"https:\/\/progettotouring.it\/radiotouring104\/wp-content\/uploads\/sites\/6\/2025\/06\/princi.jpg","articleSection":["Home","News","Politica","Reggio Calabria"],"inLanguage":"it-IT"},{"@type":"WebPage","@id":"https:\/\/progettotouring.it\/radiotouring104\/2025\/09\/02\/giusi-princi-esprime-solidarieta-alla-giornalista-elisa-barresi-dopo-le-minacce-ricevute\/","url":"https:\/\/progettotouring.it\/radiotouring104\/2025\/09\/02\/giusi-princi-esprime-solidarieta-alla-giornalista-elisa-barresi-dopo-le-minacce-ricevute\/","name":"Giusi Princi esprime solidariet\u00e0 alla giornalista Elisa Barresi dopo le minacce ricevute - Radio Touring 104","isPartOf":{"@id":"https:\/\/progettotouring.it\/radiotouring104\/#website"},"primaryImageOfPage":{"@id":"https:\/\/progettotouring.it\/radiotouring104\/2025\/09\/02\/giusi-princi-esprime-solidarieta-alla-giornalista-elisa-barresi-dopo-le-minacce-ricevute\/#primaryimage"},"image":{"@id":"https:\/\/progettotouring.it\/radiotouring104\/2025\/09\/02\/giusi-princi-esprime-solidarieta-alla-giornalista-elisa-barresi-dopo-le-minacce-ricevute\/#primaryimage"},"thumbnailUrl":"https:\/\/progettotouring.it\/radiotouring104\/wp-content\/uploads\/sites\/6\/2025\/06\/princi.jpg","datePublished":"2025-09-02T15:08:41+00:00","description":"L\u2019europarlamentare calabrese, Giusi Princi: \u201cLa Barresi, caparbia e determinata, non si lascer\u00e0 intimidire\u201d","breadcrumb":{"@id":"https:\/\/progettotouring.it\/radiotouring104\/2025\/09\/02\/giusi-princi-esprime-solidarieta-alla-giornalista-elisa-barresi-dopo-le-minacce-ricevute\/#breadcrumb"},"inLanguage":"it-IT","potentialAction":[{"@type":"ReadAction","target":["https:\/\/progettotouring.it\/radiotouring104\/2025\/09\/02\/giusi-princi-esprime-solidarieta-alla-giornalista-elisa-barresi-dopo-le-minacce-ricevute\/"]}]},{"@type":"ImageObject","inLanguage":"it-IT","@id":"https:\/\/progettotouring.it\/radiotouring104\/2025\/09\/02\/giusi-princi-esprime-solidarieta-alla-giornalista-elisa-barresi-dopo-le-minacce-ricevute\/#primaryimage","url":"https:\/\/progettotouring.it\/radiotouring104\/wp-content\/uploads\/sites\/6\/2025\/06\/princi.jpg","contentUrl":"https:\/\/progettotouring.it\/radiotouring104\/wp-content\/uploads\/sites\/6\/2025\/06\/princi.jpg","width":2000,"height":1545},{"@type":"BreadcrumbList","@id":"https:\/\/progettotouring.it\/radiotouring104\/2025\/09\/02\/giusi-princi-esprime-solidarieta-alla-giornalista-elisa-barresi-dopo-le-minacce-ricevute\/#breadcrumb","itemListElement":[{"@type":"ListItem","position":1,"name":"Home","item":"https:\/\/progettotouring.it\/radiotouring104\/"},{"@type":"ListItem","position":2,"name":"Giusi Princi esprime solidariet\u00e0 alla giornalista Elisa Barresi dopo le minacce ricevute"}]},{"@type":"WebSite","@id":"https:\/\/progettotouring.it\/radiotouring104\/#website","url":"https:\/\/progettotouring.it\/radiotouring104\/","name":"Radio Touring 104","description":"La prima radio Reggina","publisher":{"@id":"https:\/\/progettotouring.it\/radiotouring104\/#organization"},"potentialAction":[{"@type":"SearchAction","target":{"@type":"EntryPoint","urlTemplate":"https:\/\/progettotouring.it\/radiotouring104\/?s={search_term_string}"},"query-input":{"@type":"PropertyValueSpecification","valueRequired":true,"valueName":"search_term_string"}}],"inLanguage":"it-IT"},{"@type":"Organization","@id":"https:\/\/progettotouring.it\/radiotouring104\/#organization","name":"Radio Touring 104","url":"https:\/\/progettotouring.it\/radiotouring104\/","logo":{"@type":"ImageObject","inLanguage":"it-IT","@id":"https:\/\/progettotouring.it\/radiotouring104\/#\/schema\/logo\/image\/","url":"https:\/\/progettotouring.it\/radiotouring104\/wp-content\/uploads\/sites\/6\/2022\/02\/cropped-logo-radio-touring-104.png","contentUrl":"https:\/\/progettotouring.it\/radiotouring104\/wp-content\/uploads\/sites\/6\/2022\/02\/cropped-logo-radio-touring-104.png","width":377,"height":182,"caption":"Radio Touring 104"},"image":{"@id":"https:\/\/progettotouring.it\/radiotouring104\/#\/schema\/logo\/image\/"}},{"@type":"Person","@id":"https:\/\/progettotouring.it\/radiotouring104\/#\/schema\/person\/97ff4f729b79fd682a1cf68c714af29c","name":"Andrea Benedetto","image":{"@type":"ImageObject","inLanguage":"it-IT","@id":"https:\/\/secure.gravatar.com\/avatar\/28b474e46fd81ca24e23c2a4450ad55141239d9ed3ad65642c2ab5af4baab51a?s=96&d=mm&r=g","url":"https:\/\/secure.gravatar.com\/avatar\/28b474e46fd81ca24e23c2a4450ad55141239d9ed3ad65642c2ab5af4baab51a?s=96&d=mm&r=g","contentUrl":"https:\/\/secure.gravatar.com\/avatar\/28b474e46fd81ca24e23c2a4450ad55141239d9ed3ad65642c2ab5af4baab51a?s=96&d=mm&r=g","caption":"Andrea Benedetto"},"url":"https:\/\/progettotouring.it\/radiotouring104\/author\/andrea\/"}]}},"jetpack_publicize_connections":[],"jetpack_featured_media_url":"https:\/\/progettotouring.it\/radiotouring104\/wp-content\/uploads\/sites\/6\/2025\/06\/princi.jpg","jetpack_sharing_enabled":true,"_links":{"self":[{"href":"https:\/\/progettotouring.it\/radiotouring104\/wp-json\/wp\/v2\/posts\/80647","targetHints":{"allow":["GET"]}}],"collection":[{"href":"https:\/\/progettotouring.it\/radiotouring104\/wp-json\/wp\/v2\/posts"}],"about":[{"href":"https:\/\/progettotouring.it\/radiotouring104\/wp-json\/wp\/v2\/types\/post"}],"author":[{"embeddable":true,"href":"https:\/\/progettotouring.it\/radiotouring104\/wp-json\/wp\/v2\/users\/18"}],"replies":[{"embeddable":true,"href":"https:\/\/progettotouring.it\/radiotouring104\/wp-json\/wp\/v2\/comments?post=80647"}],"version-history":[{"count":1,"href":"https:\/\/progettotouring.it\/radiotouring104\/wp-json\/wp\/v2\/posts\/80647\/revisions"}],"predecessor-version":[{"id":80648,"href":"https:\/\/progettotouring.it\/radiotouring104\/wp-json\/wp\/v2\/posts\/80647\/revisions\/80648"}],"wp:featuredmedia":[{"embeddable":true,"href":"https:\/\/progettotouring.it\/radiotouring104\/wp-json\/wp\/v2\/media\/75892"}],"wp:attachment":[{"href":"https:\/\/progettotouring.it\/radiotouring104\/wp-json\/wp\/v2\/media?parent=80647"}],"wp:term":[{"taxonomy":"category","embeddable":true,"href":"https:\/\/progettotouring.it\/radiotouring104\/wp-json\/wp\/v2\/categories?post=80647"},{"taxonomy":"post_tag","embeddable":true,"href":"https:\/\/progettotouring.it\/radiotouring104\/wp-json\/wp\/v2\/tags?post=80647"}],"curies":[{"name":"wp","href":"https:\/\/api.w.org\/{rel}","templated":true}]}}