{"id":80649,"date":"2025-09-02T17:14:56","date_gmt":"2025-09-02T15:14:56","guid":{"rendered":"https:\/\/progettotouring.it\/radiotouring104\/?p=80649"},"modified":"2025-09-02T17:14:56","modified_gmt":"2025-09-02T15:14:56","slug":"da-santiago-del-cile-a-reggio-calabria-grazie-a-chatgpt","status":"publish","type":"post","link":"https:\/\/progettotouring.it\/radiotouring104\/2025\/09\/02\/da-santiago-del-cile-a-reggio-calabria-grazie-a-chatgpt\/","title":{"rendered":"Da Santiago del Cile a Reggio Calabria grazie a ChatGPT"},"content":{"rendered":"<p data-start=\"332\" data-end=\"728\">Una storia che unisce radici familiari, tecnologia e speranza per il futuro arriva a Reggio Calabria. <strong data-start=\"434\" data-end=\"458\">Vincenzo e Katherine<\/strong>, due giovani cileni, hanno scelto di trasferirsi nella citt\u00e0 dello Stretto dopo aver chiesto a <strong data-start=\"554\" data-end=\"565\">ChatGPT<\/strong> quale fosse la realt\u00e0 italiana pi\u00f9 adatta alle loro caratteristiche e ai loro desideri di vita. La risposta li ha guidati proprio qui, nel cuore della Calabria.<\/p>\n<p data-start=\"730\" data-end=\"1300\">Per Vincenzo, cittadino italiano grazie al nonno originario di Napoli, il trasferimento rappresenta un ritorno alle origini e un ponte con quella vasta <strong data-start=\"882\" data-end=\"903\">diaspora italiana<\/strong> che conta milioni di discendenti nel mondo. Katherine, compagna di vita e di viaggio, condivide l\u2019entusiasmo di questa scelta che non \u00e8 solo personale, ma porta con s\u00e9 un messaggio di pi\u00f9 ampio respiro: il Sud, e in particolare la Calabria, possono diventare una terra di ritorno e di crescita se capaci di accogliere e valorizzare i tanti giovani con legami familiari e culturali con l\u2019Italia.<\/p>\n<p data-start=\"1302\" data-end=\"1766\">Questa storia si intreccia con le sfide che il territorio calabrese vive da tempo \u2013 spopolamento, emigrazione giovanile, mancanza di opportunit\u00e0 \u2013 ma mostra anche una possibile via di rilancio: <strong data-start=\"1496\" data-end=\"1556\">riconnettersi con le proprie radici per costruire futuro<\/strong>. La tecnologia ha fatto da scintilla, ma sono il desiderio di ricostruire legami familiari, l\u2019amore per la cultura italiana e la ricerca di una migliore qualit\u00e0 della vita a rendere autentica la loro scelta.<\/p>\n<p data-start=\"1768\" data-end=\"1955\">Il percorso di Vincenzo e Katherine \u00e8 appena iniziato, ma gi\u00e0 porta con s\u00e9 un messaggio forte: la Calabria pu\u00f2 essere non solo terra da cui si parte, ma sempre pi\u00f9 terra a cui si torna. Di seguito riportiamo il comunicato ufficiale:<\/p>\n<p data-start=\"2009\" data-end=\"2149\"><strong data-start=\"2009\" data-end=\"2147\">\u201c<em>Due giovani italo-cileni scelgono Reggio Calabria grazie a CHATGPT: una storia di ritorno e nuove opportunit\u00e0 per la diaspora italiana<\/em><\/strong><\/p>\n<p data-start=\"2156\" data-end=\"2536\"><em>Reggio Calabria \u2013 Una storia di radici, modernit\u00e0 e speranza arriva dal Sud America fino allo Stretto. Vincenzo e Katherine, due giovani cileni, hanno deciso di trasferirsi a Reggio Calabria dopo aver chiesto a ChatGPT quale fosse la citt\u00e0 italiana pi\u00f9 adatta alle loro caratteristiche e ai loro desideri di vita. La risposta li ha portati proprio qui, nel cuore della Calabria.<\/em><\/p>\n<p data-start=\"2543\" data-end=\"2988\"><em>Vincenzo, cittadino italiano grazie al nonno originario di Napoli, appartiene a quella vasta comunit\u00e0 di discendenti degli emigrati italiani che oggi viene definita diaspora italiana. Una risorsa immensa e spesso poco valorizzata, che conta milioni di persone nel mondo con legami culturali, affettivi e storici con l\u2019Italia. Katherine, sua compagna di vita e di viaggio, lo accompagna in questa avventura con entusiasmo e spirito di scoperta.<\/em><\/p>\n<p data-start=\"2995\" data-end=\"3275\"><em>La loro scelta non \u00e8 solo personale, ma porta con s\u00e9 un messaggio pi\u00f9 ampio: il Sud Italia, e in particolare la Calabria, possono diventare una terra di ritorno, crescita e progresso se capaci di accogliere e valorizzare i tanti giovani discendenti di italiani sparsi nel mondo.<\/em><\/p>\n<p data-start=\"3282\" data-end=\"3660\"><em>Oggi la regione affronta sfide cruciali: spopolamento, fuga di cervelli e carenza di opportunit\u00e0 lavorative. Tuttavia, storie come quella di Vincenzo e Katherine mostrano come la diaspora calabrese possa rappresentare una straordinaria occasione di rilancio. Tornare a investire sulle proprie radici significa portare nuove competenze, visioni internazionali, energie fresche.<\/em><\/p>\n<p data-start=\"3667\" data-end=\"3968\"><em>La tecnologia, in questo caso, ha fatto da ponte: un consiglio arrivato da un\u2019intelligenza artificiale ha acceso la scintilla. Ma \u00e8 il desiderio di ricostruire legami familiari e culturali, insieme alla ricerca di una qualit\u00e0 della vita migliore, a rendere questo percorso autentico e significativo.<\/em><\/p>\n<p data-start=\"3975\" data-end=\"4293\"><em>Il futuro di Vincenzo e Katherine a Reggio Calabria \u00e8 appena iniziato. La loro esperienza pu\u00f2 diventare un simbolo di ci\u00f2 che il territorio calabrese ha da offrire: bellezza, autenticit\u00e0, tradizioni vive, ma anche la possibilit\u00e0 di aprirsi a nuove forme di sviluppo e innovazione grazie al contributo della diaspora.<\/em><\/p>\n<p data-start=\"4300\" data-end=\"4557\"><em>Riconoscere e valorizzare questo patrimonio umano diffuso nel mondo potrebbe trasformarsi in una strategia concreta per il rilancio socio-economico del Sud, facendo della Calabria non solo una terra da cui si parte, ma sempre pi\u00f9 una terra a cui si torna.\u201d<\/em><\/p>\n<p data-start=\"1768\" data-end=\"1955\">\n","protected":false},"excerpt":{"rendered":"<p>Una storia che unisce radici familiari, tecnologia e speranza per il futuro arriva a Reggio Calabria. Vincenzo e Katherine, due giovani cileni, hanno scelto di trasferirsi nella citt\u00e0 dello Stretto&hellip;<\/p>\n","protected":false},"author":18,"featured_media":80650,"comment_status":"closed","ping_status":"open","sticky":false,"template":"","format":"standard","meta":{"_jetpack_memberships_contains_paid_content":false,"footnotes":"","jetpack_publicize_message":"","jetpack_publicize_feature_enabled":true,"jetpack_social_post_already_shared":true,"jetpack_social_options":{"image_generator_settings":{"template":"highway","default_image_id":0,"font":"","enabled":false},"version":2}},"categories":[145,196,140],"tags":[],"class_list":["post-80649","post","type-post","status-publish","format-standard","has-post-thumbnail","hentry","category-cultura","category-news","category-reggio-calabria"],"yoast_head":"<!-- This site is optimized with the Yoast SEO plugin v27.2 - https:\/\/yoast.com\/product\/yoast-seo-wordpress\/ -->\n<title>Da Santiago del Cile a Reggio Calabria grazie a ChatGPT - Radio Touring 104<\/title>\n<meta name=\"description\" content=\"Vincenzo e Katherine, due giovani italo-cileni, scelgono lo Stretto come nuova casa e simbolo di ritorno della diaspora italiana\" \/>\n<meta name=\"robots\" content=\"index, follow, max-snippet:-1, max-image-preview:large, max-video-preview:-1\" \/>\n<link rel=\"canonical\" href=\"https:\/\/progettotouring.it\/radiotouring104\/2025\/09\/02\/da-santiago-del-cile-a-reggio-calabria-grazie-a-chatgpt\/\" \/>\n<meta property=\"og:locale\" content=\"it_IT\" \/>\n<meta property=\"og:type\" content=\"article\" \/>\n<meta property=\"og:title\" content=\"Da Santiago del Cile a Reggio Calabria grazie a ChatGPT - Radio Touring 104\" \/>\n<meta property=\"og:description\" content=\"Vincenzo e Katherine, due giovani italo-cileni, scelgono lo Stretto come nuova casa e simbolo di ritorno della diaspora italiana\" \/>\n<meta property=\"og:url\" content=\"https:\/\/progettotouring.it\/radiotouring104\/2025\/09\/02\/da-santiago-del-cile-a-reggio-calabria-grazie-a-chatgpt\/\" \/>\n<meta property=\"og:site_name\" content=\"Radio Touring 104\" \/>\n<meta property=\"article:published_time\" content=\"2025-09-02T15:14:56+00:00\" \/>\n<meta property=\"og:image\" content=\"https:\/\/progettotouring.it\/radiotouring104\/wp-content\/uploads\/sites\/6\/2025\/09\/00001EA6.jpeg\" \/>\n\t<meta property=\"og:image:width\" content=\"1170\" \/>\n\t<meta property=\"og:image:height\" content=\"1266\" \/>\n\t<meta property=\"og:image:type\" content=\"image\/jpeg\" \/>\n<meta name=\"author\" content=\"Andrea Benedetto\" \/>\n<meta name=\"twitter:card\" content=\"summary_large_image\" \/>\n<meta name=\"twitter:label1\" content=\"Scritto da\" \/>\n\t<meta name=\"twitter:data1\" content=\"Andrea Benedetto\" \/>\n\t<meta name=\"twitter:label2\" content=\"Tempo di lettura stimato\" \/>\n\t<meta name=\"twitter:data2\" content=\"3 minuti\" \/>\n<script type=\"application\/ld+json\" class=\"yoast-schema-graph\">{\"@context\":\"https:\/\/schema.org\",\"@graph\":[{\"@type\":\"Article\",\"@id\":\"https:\/\/progettotouring.it\/radiotouring104\/2025\/09\/02\/da-santiago-del-cile-a-reggio-calabria-grazie-a-chatgpt\/#article\",\"isPartOf\":{\"@id\":\"https:\/\/progettotouring.it\/radiotouring104\/2025\/09\/02\/da-santiago-del-cile-a-reggio-calabria-grazie-a-chatgpt\/\"},\"author\":{\"name\":\"Andrea Benedetto\",\"@id\":\"https:\/\/progettotouring.it\/radiotouring104\/#\/schema\/person\/97ff4f729b79fd682a1cf68c714af29c\"},\"headline\":\"Da Santiago del Cile a Reggio Calabria grazie a ChatGPT\",\"datePublished\":\"2025-09-02T15:14:56+00:00\",\"mainEntityOfPage\":{\"@id\":\"https:\/\/progettotouring.it\/radiotouring104\/2025\/09\/02\/da-santiago-del-cile-a-reggio-calabria-grazie-a-chatgpt\/\"},\"wordCount\":654,\"publisher\":{\"@id\":\"https:\/\/progettotouring.it\/radiotouring104\/#organization\"},\"image\":{\"@id\":\"https:\/\/progettotouring.it\/radiotouring104\/2025\/09\/02\/da-santiago-del-cile-a-reggio-calabria-grazie-a-chatgpt\/#primaryimage\"},\"thumbnailUrl\":\"https:\/\/progettotouring.it\/radiotouring104\/wp-content\/uploads\/sites\/6\/2025\/09\/00001EA6.jpeg\",\"articleSection\":[\"Cultura\",\"News\",\"Reggio Calabria\"],\"inLanguage\":\"it-IT\"},{\"@type\":\"WebPage\",\"@id\":\"https:\/\/progettotouring.it\/radiotouring104\/2025\/09\/02\/da-santiago-del-cile-a-reggio-calabria-grazie-a-chatgpt\/\",\"url\":\"https:\/\/progettotouring.it\/radiotouring104\/2025\/09\/02\/da-santiago-del-cile-a-reggio-calabria-grazie-a-chatgpt\/\",\"name\":\"Da Santiago del Cile a Reggio Calabria grazie a ChatGPT - Radio Touring 104\",\"isPartOf\":{\"@id\":\"https:\/\/progettotouring.it\/radiotouring104\/#website\"},\"primaryImageOfPage\":{\"@id\":\"https:\/\/progettotouring.it\/radiotouring104\/2025\/09\/02\/da-santiago-del-cile-a-reggio-calabria-grazie-a-chatgpt\/#primaryimage\"},\"image\":{\"@id\":\"https:\/\/progettotouring.it\/radiotouring104\/2025\/09\/02\/da-santiago-del-cile-a-reggio-calabria-grazie-a-chatgpt\/#primaryimage\"},\"thumbnailUrl\":\"https:\/\/progettotouring.it\/radiotouring104\/wp-content\/uploads\/sites\/6\/2025\/09\/00001EA6.jpeg\",\"datePublished\":\"2025-09-02T15:14:56+00:00\",\"description\":\"Vincenzo e Katherine, due giovani italo-cileni, scelgono lo Stretto come nuova casa e simbolo di ritorno della diaspora italiana\",\"breadcrumb\":{\"@id\":\"https:\/\/progettotouring.it\/radiotouring104\/2025\/09\/02\/da-santiago-del-cile-a-reggio-calabria-grazie-a-chatgpt\/#breadcrumb\"},\"inLanguage\":\"it-IT\",\"potentialAction\":[{\"@type\":\"ReadAction\",\"target\":[\"https:\/\/progettotouring.it\/radiotouring104\/2025\/09\/02\/da-santiago-del-cile-a-reggio-calabria-grazie-a-chatgpt\/\"]}]},{\"@type\":\"ImageObject\",\"inLanguage\":\"it-IT\",\"@id\":\"https:\/\/progettotouring.it\/radiotouring104\/2025\/09\/02\/da-santiago-del-cile-a-reggio-calabria-grazie-a-chatgpt\/#primaryimage\",\"url\":\"https:\/\/progettotouring.it\/radiotouring104\/wp-content\/uploads\/sites\/6\/2025\/09\/00001EA6.jpeg\",\"contentUrl\":\"https:\/\/progettotouring.it\/radiotouring104\/wp-content\/uploads\/sites\/6\/2025\/09\/00001EA6.jpeg\",\"width\":1170,\"height\":1266},{\"@type\":\"BreadcrumbList\",\"@id\":\"https:\/\/progettotouring.it\/radiotouring104\/2025\/09\/02\/da-santiago-del-cile-a-reggio-calabria-grazie-a-chatgpt\/#breadcrumb\",\"itemListElement\":[{\"@type\":\"ListItem\",\"position\":1,\"name\":\"Home\",\"item\":\"https:\/\/progettotouring.it\/radiotouring104\/\"},{\"@type\":\"ListItem\",\"position\":2,\"name\":\"Da Santiago del Cile a Reggio Calabria grazie a ChatGPT\"}]},{\"@type\":\"WebSite\",\"@id\":\"https:\/\/progettotouring.it\/radiotouring104\/#website\",\"url\":\"https:\/\/progettotouring.it\/radiotouring104\/\",\"name\":\"Radio Touring 104\",\"description\":\"La prima radio Reggina\",\"publisher\":{\"@id\":\"https:\/\/progettotouring.it\/radiotouring104\/#organization\"},\"potentialAction\":[{\"@type\":\"SearchAction\",\"target\":{\"@type\":\"EntryPoint\",\"urlTemplate\":\"https:\/\/progettotouring.it\/radiotouring104\/?s={search_term_string}\"},\"query-input\":{\"@type\":\"PropertyValueSpecification\",\"valueRequired\":true,\"valueName\":\"search_term_string\"}}],\"inLanguage\":\"it-IT\"},{\"@type\":\"Organization\",\"@id\":\"https:\/\/progettotouring.it\/radiotouring104\/#organization\",\"name\":\"Radio Touring 104\",\"url\":\"https:\/\/progettotouring.it\/radiotouring104\/\",\"logo\":{\"@type\":\"ImageObject\",\"inLanguage\":\"it-IT\",\"@id\":\"https:\/\/progettotouring.it\/radiotouring104\/#\/schema\/logo\/image\/\",\"url\":\"https:\/\/progettotouring.it\/radiotouring104\/wp-content\/uploads\/sites\/6\/2022\/02\/cropped-logo-radio-touring-104.png\",\"contentUrl\":\"https:\/\/progettotouring.it\/radiotouring104\/wp-content\/uploads\/sites\/6\/2022\/02\/cropped-logo-radio-touring-104.png\",\"width\":377,\"height\":182,\"caption\":\"Radio Touring 104\"},\"image\":{\"@id\":\"https:\/\/progettotouring.it\/radiotouring104\/#\/schema\/logo\/image\/\"}},{\"@type\":\"Person\",\"@id\":\"https:\/\/progettotouring.it\/radiotouring104\/#\/schema\/person\/97ff4f729b79fd682a1cf68c714af29c\",\"name\":\"Andrea Benedetto\",\"image\":{\"@type\":\"ImageObject\",\"inLanguage\":\"it-IT\",\"@id\":\"https:\/\/secure.gravatar.com\/avatar\/28b474e46fd81ca24e23c2a4450ad55141239d9ed3ad65642c2ab5af4baab51a?s=96&d=mm&r=g\",\"url\":\"https:\/\/secure.gravatar.com\/avatar\/28b474e46fd81ca24e23c2a4450ad55141239d9ed3ad65642c2ab5af4baab51a?s=96&d=mm&r=g\",\"contentUrl\":\"https:\/\/secure.gravatar.com\/avatar\/28b474e46fd81ca24e23c2a4450ad55141239d9ed3ad65642c2ab5af4baab51a?s=96&d=mm&r=g\",\"caption\":\"Andrea Benedetto\"},\"url\":\"https:\/\/progettotouring.it\/radiotouring104\/author\/andrea\/\"}]}<\/script>\n<!-- \/ Yoast SEO plugin. -->","yoast_head_json":{"title":"Da Santiago del Cile a Reggio Calabria grazie a ChatGPT - Radio Touring 104","description":"Vincenzo e Katherine, due giovani italo-cileni, scelgono lo Stretto come nuova casa e simbolo di ritorno della diaspora italiana","robots":{"index":"index","follow":"follow","max-snippet":"max-snippet:-1","max-image-preview":"max-image-preview:large","max-video-preview":"max-video-preview:-1"},"canonical":"https:\/\/progettotouring.it\/radiotouring104\/2025\/09\/02\/da-santiago-del-cile-a-reggio-calabria-grazie-a-chatgpt\/","og_locale":"it_IT","og_type":"article","og_title":"Da Santiago del Cile a Reggio Calabria grazie a ChatGPT - Radio Touring 104","og_description":"Vincenzo e Katherine, due giovani italo-cileni, scelgono lo Stretto come nuova casa e simbolo di ritorno della diaspora italiana","og_url":"https:\/\/progettotouring.it\/radiotouring104\/2025\/09\/02\/da-santiago-del-cile-a-reggio-calabria-grazie-a-chatgpt\/","og_site_name":"Radio Touring 104","article_published_time":"2025-09-02T15:14:56+00:00","og_image":[{"width":1170,"height":1266,"url":"https:\/\/progettotouring.it\/radiotouring104\/wp-content\/uploads\/sites\/6\/2025\/09\/00001EA6.jpeg","type":"image\/jpeg"}],"author":"Andrea Benedetto","twitter_card":"summary_large_image","twitter_misc":{"Scritto da":"Andrea Benedetto","Tempo di lettura stimato":"3 minuti"},"schema":{"@context":"https:\/\/schema.org","@graph":[{"@type":"Article","@id":"https:\/\/progettotouring.it\/radiotouring104\/2025\/09\/02\/da-santiago-del-cile-a-reggio-calabria-grazie-a-chatgpt\/#article","isPartOf":{"@id":"https:\/\/progettotouring.it\/radiotouring104\/2025\/09\/02\/da-santiago-del-cile-a-reggio-calabria-grazie-a-chatgpt\/"},"author":{"name":"Andrea Benedetto","@id":"https:\/\/progettotouring.it\/radiotouring104\/#\/schema\/person\/97ff4f729b79fd682a1cf68c714af29c"},"headline":"Da Santiago del Cile a Reggio Calabria grazie a ChatGPT","datePublished":"2025-09-02T15:14:56+00:00","mainEntityOfPage":{"@id":"https:\/\/progettotouring.it\/radiotouring104\/2025\/09\/02\/da-santiago-del-cile-a-reggio-calabria-grazie-a-chatgpt\/"},"wordCount":654,"publisher":{"@id":"https:\/\/progettotouring.it\/radiotouring104\/#organization"},"image":{"@id":"https:\/\/progettotouring.it\/radiotouring104\/2025\/09\/02\/da-santiago-del-cile-a-reggio-calabria-grazie-a-chatgpt\/#primaryimage"},"thumbnailUrl":"https:\/\/progettotouring.it\/radiotouring104\/wp-content\/uploads\/sites\/6\/2025\/09\/00001EA6.jpeg","articleSection":["Cultura","News","Reggio Calabria"],"inLanguage":"it-IT"},{"@type":"WebPage","@id":"https:\/\/progettotouring.it\/radiotouring104\/2025\/09\/02\/da-santiago-del-cile-a-reggio-calabria-grazie-a-chatgpt\/","url":"https:\/\/progettotouring.it\/radiotouring104\/2025\/09\/02\/da-santiago-del-cile-a-reggio-calabria-grazie-a-chatgpt\/","name":"Da Santiago del Cile a Reggio Calabria grazie a ChatGPT - Radio Touring 104","isPartOf":{"@id":"https:\/\/progettotouring.it\/radiotouring104\/#website"},"primaryImageOfPage":{"@id":"https:\/\/progettotouring.it\/radiotouring104\/2025\/09\/02\/da-santiago-del-cile-a-reggio-calabria-grazie-a-chatgpt\/#primaryimage"},"image":{"@id":"https:\/\/progettotouring.it\/radiotouring104\/2025\/09\/02\/da-santiago-del-cile-a-reggio-calabria-grazie-a-chatgpt\/#primaryimage"},"thumbnailUrl":"https:\/\/progettotouring.it\/radiotouring104\/wp-content\/uploads\/sites\/6\/2025\/09\/00001EA6.jpeg","datePublished":"2025-09-02T15:14:56+00:00","description":"Vincenzo e Katherine, due giovani italo-cileni, scelgono lo Stretto come nuova casa e simbolo di ritorno della diaspora italiana","breadcrumb":{"@id":"https:\/\/progettotouring.it\/radiotouring104\/2025\/09\/02\/da-santiago-del-cile-a-reggio-calabria-grazie-a-chatgpt\/#breadcrumb"},"inLanguage":"it-IT","potentialAction":[{"@type":"ReadAction","target":["https:\/\/progettotouring.it\/radiotouring104\/2025\/09\/02\/da-santiago-del-cile-a-reggio-calabria-grazie-a-chatgpt\/"]}]},{"@type":"ImageObject","inLanguage":"it-IT","@id":"https:\/\/progettotouring.it\/radiotouring104\/2025\/09\/02\/da-santiago-del-cile-a-reggio-calabria-grazie-a-chatgpt\/#primaryimage","url":"https:\/\/progettotouring.it\/radiotouring104\/wp-content\/uploads\/sites\/6\/2025\/09\/00001EA6.jpeg","contentUrl":"https:\/\/progettotouring.it\/radiotouring104\/wp-content\/uploads\/sites\/6\/2025\/09\/00001EA6.jpeg","width":1170,"height":1266},{"@type":"BreadcrumbList","@id":"https:\/\/progettotouring.it\/radiotouring104\/2025\/09\/02\/da-santiago-del-cile-a-reggio-calabria-grazie-a-chatgpt\/#breadcrumb","itemListElement":[{"@type":"ListItem","position":1,"name":"Home","item":"https:\/\/progettotouring.it\/radiotouring104\/"},{"@type":"ListItem","position":2,"name":"Da Santiago del Cile a Reggio Calabria grazie a ChatGPT"}]},{"@type":"WebSite","@id":"https:\/\/progettotouring.it\/radiotouring104\/#website","url":"https:\/\/progettotouring.it\/radiotouring104\/","name":"Radio Touring 104","description":"La prima radio Reggina","publisher":{"@id":"https:\/\/progettotouring.it\/radiotouring104\/#organization"},"potentialAction":[{"@type":"SearchAction","target":{"@type":"EntryPoint","urlTemplate":"https:\/\/progettotouring.it\/radiotouring104\/?s={search_term_string}"},"query-input":{"@type":"PropertyValueSpecification","valueRequired":true,"valueName":"search_term_string"}}],"inLanguage":"it-IT"},{"@type":"Organization","@id":"https:\/\/progettotouring.it\/radiotouring104\/#organization","name":"Radio Touring 104","url":"https:\/\/progettotouring.it\/radiotouring104\/","logo":{"@type":"ImageObject","inLanguage":"it-IT","@id":"https:\/\/progettotouring.it\/radiotouring104\/#\/schema\/logo\/image\/","url":"https:\/\/progettotouring.it\/radiotouring104\/wp-content\/uploads\/sites\/6\/2022\/02\/cropped-logo-radio-touring-104.png","contentUrl":"https:\/\/progettotouring.it\/radiotouring104\/wp-content\/uploads\/sites\/6\/2022\/02\/cropped-logo-radio-touring-104.png","width":377,"height":182,"caption":"Radio Touring 104"},"image":{"@id":"https:\/\/progettotouring.it\/radiotouring104\/#\/schema\/logo\/image\/"}},{"@type":"Person","@id":"https:\/\/progettotouring.it\/radiotouring104\/#\/schema\/person\/97ff4f729b79fd682a1cf68c714af29c","name":"Andrea Benedetto","image":{"@type":"ImageObject","inLanguage":"it-IT","@id":"https:\/\/secure.gravatar.com\/avatar\/28b474e46fd81ca24e23c2a4450ad55141239d9ed3ad65642c2ab5af4baab51a?s=96&d=mm&r=g","url":"https:\/\/secure.gravatar.com\/avatar\/28b474e46fd81ca24e23c2a4450ad55141239d9ed3ad65642c2ab5af4baab51a?s=96&d=mm&r=g","contentUrl":"https:\/\/secure.gravatar.com\/avatar\/28b474e46fd81ca24e23c2a4450ad55141239d9ed3ad65642c2ab5af4baab51a?s=96&d=mm&r=g","caption":"Andrea Benedetto"},"url":"https:\/\/progettotouring.it\/radiotouring104\/author\/andrea\/"}]}},"jetpack_publicize_connections":[],"jetpack_featured_media_url":"https:\/\/progettotouring.it\/radiotouring104\/wp-content\/uploads\/sites\/6\/2025\/09\/00001EA6.jpeg","jetpack_sharing_enabled":true,"_links":{"self":[{"href":"https:\/\/progettotouring.it\/radiotouring104\/wp-json\/wp\/v2\/posts\/80649","targetHints":{"allow":["GET"]}}],"collection":[{"href":"https:\/\/progettotouring.it\/radiotouring104\/wp-json\/wp\/v2\/posts"}],"about":[{"href":"https:\/\/progettotouring.it\/radiotouring104\/wp-json\/wp\/v2\/types\/post"}],"author":[{"embeddable":true,"href":"https:\/\/progettotouring.it\/radiotouring104\/wp-json\/wp\/v2\/users\/18"}],"replies":[{"embeddable":true,"href":"https:\/\/progettotouring.it\/radiotouring104\/wp-json\/wp\/v2\/comments?post=80649"}],"version-history":[{"count":1,"href":"https:\/\/progettotouring.it\/radiotouring104\/wp-json\/wp\/v2\/posts\/80649\/revisions"}],"predecessor-version":[{"id":80651,"href":"https:\/\/progettotouring.it\/radiotouring104\/wp-json\/wp\/v2\/posts\/80649\/revisions\/80651"}],"wp:featuredmedia":[{"embeddable":true,"href":"https:\/\/progettotouring.it\/radiotouring104\/wp-json\/wp\/v2\/media\/80650"}],"wp:attachment":[{"href":"https:\/\/progettotouring.it\/radiotouring104\/wp-json\/wp\/v2\/media?parent=80649"}],"wp:term":[{"taxonomy":"category","embeddable":true,"href":"https:\/\/progettotouring.it\/radiotouring104\/wp-json\/wp\/v2\/categories?post=80649"},{"taxonomy":"post_tag","embeddable":true,"href":"https:\/\/progettotouring.it\/radiotouring104\/wp-json\/wp\/v2\/tags?post=80649"}],"curies":[{"name":"wp","href":"https:\/\/api.w.org\/{rel}","templated":true}]}}