{"id":80652,"date":"2025-09-02T17:20:44","date_gmt":"2025-09-02T15:20:44","guid":{"rendered":"https:\/\/progettotouring.it\/radiotouring104\/?p=80652"},"modified":"2025-09-02T17:20:44","modified_gmt":"2025-09-02T15:20:44","slug":"falcomata-la-calabria-non-puo-fare-a-meno-dei-fondi-di-coesione","status":"publish","type":"post","link":"https:\/\/progettotouring.it\/radiotouring104\/2025\/09\/02\/falcomata-la-calabria-non-puo-fare-a-meno-dei-fondi-di-coesione\/","title":{"rendered":"Falcomat\u00e0: \u00abLa Calabria non pu\u00f2 fare a meno dei fondi di Coesione\u00bb"},"content":{"rendered":"<p data-start=\"356\" data-end=\"665\">Un duro attacco alla gestione delle risorse europee per la <strong data-start=\"415\" data-end=\"439\">politica di Coesione<\/strong> arriva dal sindaco di Reggio Calabria, <strong data-start=\"479\" data-end=\"501\">Giuseppe Falcomat\u00e0<\/strong>, che denuncia lo spostamento dei fondi destinati allo sviluppo del Sud verso progetti che definisce \u00abirrealizzabili\u00bb e \u00abpericolosi per il futuro della Calabria\u00bb.<\/p>\n<p data-start=\"667\" data-end=\"908\">\u00abBasta chiedere ai sindaci, ai cittadini e alle associazioni \u2013 ha dichiarato \u2013 quanto siano vitali questi fondi: senza di essi non sarebbe possibile portare avanti tanti progetti che migliorano la qualit\u00e0 della vita delle nostre comunit\u00e0\u00bb.<\/p>\n<p data-start=\"910\" data-end=\"1221\">Falcomat\u00e0 sottolinea come la sua amministrazione abbia potuto realizzare opere fondamentali proprio grazie a queste risorse: dagli <strong data-start=\"1041\" data-end=\"1055\">asili nido<\/strong> passati da zero a tre dal 2014, fino al progetto del <strong data-start=\"1109\" data-end=\"1141\">Museo del Mare di Zaha Hadid<\/strong>, destinato a diventare uno dei poli culturali pi\u00f9 importanti del Mezzogiorno.<\/p>\n<p data-start=\"1223\" data-end=\"1568\">Secondo il sindaco, la decisione di destinare risorse a progetti come il <strong data-start=\"1296\" data-end=\"1319\">Ponte sullo Stretto<\/strong> o alla corsa al riarmo rischia di privare la Calabria di strumenti concreti per creare occupazione, infrastrutture e welfare. \u00abTogliere anche un solo euro dalla Coesione \u2013 ha ribadito \u2013 significa meno opportunit\u00e0 per famiglie, imprese e giovani\u00bb.<\/p>\n<p data-start=\"1570\" data-end=\"1857\">Infine, Falcomat\u00e0 ha lanciato un appello: \u00abChi agisce contro queste possibilit\u00e0 vuole condannare il nostro territorio alla marginalit\u00e0 e al sottosviluppo. Noi crediamo invece che un\u2019altra Calabria sia possibile, fondata sulla concretezza e sull\u2019uso intelligente delle risorse europee\u00bb. Di seguito riportiamo il comunicato ufficiale:<\/p>\n<p data-start=\"1914\" data-end=\"2096\">\u201c<em>Falcomat\u00e0: \u201cPropaganda squallida su politica di Coesione\u201d<\/em><br data-start=\"1971\" data-end=\"1974\" \/><em>Nel silenzio della politica regionale, svilita la missione di accorciare il gap economico delle regioni pi\u00f9 svantaggiate<\/em><\/p>\n<p data-start=\"2098\" data-end=\"2939\"><em>\u201cCalabria penalizzata da scelte scellerate che non tengono conto delle reali esigenze dei territori. Basta chiedere ai sindaci, ai cittadini, alle centinaia di associazioni e soggetti del terzo settore quanto siano vitali, i fondi per la Coesione, per il rilancio e lo sviluppo della Calabria. Vi risponderanno che \u00e8 proprio grazie a quelle risorse che, quotidianamente, riescono a portare avanti progetti che migliorano, sostanzialmente, la qualit\u00e0 della vita di ognuno di noi\u201d. E\u2019 quanto afferma il sindaco Giuseppe Falcomat\u00e0 che, in una nota, aggiunge: \u201cLa Regione, invece, con il compiacimento del Governo nazionale, sta ferma e guarda, immobile, il dirottamento di risorse essenziali verso progetti che non stanno in piedi e che rischiano di non vedere la luce. Come il Ponte sullo Stretto, o la corsa al riarmo imposta da Bruxelles\u201d.<\/em><\/p>\n<p data-start=\"2941\" data-end=\"3668\"><em>\u201cTogliere anche un solo euro dai programmi per la Coesione &#8211; sostiene Falcomat\u00e0 &#8211; vuol dire: meno agevolazioni per le famiglie, meno infrastrutture, meno possibilit\u00e0 per le nostre imprese in termini di competitivit\u00e0, meno occupazione, meno sostenibilit\u00e0 ambientale. Vuol dire azzerare il presente, mica solo il futuro, di centinaia di miglia di calabresi. E\u2019 anche grazie a finanziamenti legati alla politica di Coesione che la citt\u00e0 di Reggio Calabria \u00e8 passata, dal 2014 ad oggi, da zero a tre asili nido con la prospettiva di crescita fino a 355 gli oltre cento posti gi\u00e0 disponibili per i nostri bambini e le nostre bambine. Che vuol dire: lavoro, costruzione di strutture sociali, educazione, serenit\u00e0, crescita, tempo\u201d.<\/em><\/p>\n<p data-start=\"3670\" data-end=\"4308\"><em>\u201cIn questi anni &#8211; continua la nota &#8211; con le casse del Comune &#8220;congelate&#8221; dal Piano di rientro contro il dissesto economico, abbiamo fatto leva proprio sulla grande opportunit\u00e0 offerta dai fondi europei per investire in infrastrutture, occupazione, welfare ed equit\u00e0 sociale. Fondi per la Coesione, ma anche Pnrr, Pon Metro, Pn Metro Plus e tutto quanto di vantaggioso viene proposto da Bruxelles. Se il sogno impossibile del Museo del Mare di Zaha Hadid presto sar\u00e0 realt\u00e0 \u00e8 perch\u00e9 siamo riusciti a canalizzare le risorse comunitarie verso la realizzazione del pi\u00f9 grande polo culturale del Mezzogiorno, fra i pi\u00f9 importanti del Paese\u201d.<\/em><\/p>\n<p data-start=\"4310\" data-end=\"4874\"><em>\u201cOggi, Reggio Calabria &#8211; conclude Giuseppe Falcomat\u00e0 &#8211; \u00e8 un esempio, in Italia, per capacit\u00e0 di gestione e rendicontazione dei fondi europei. Chi agisce ed opera contro questa enorme possibilit\u00e0 vuole spingere il nostro territorio ai margini dell\u2019Europa e costringe i cittadini calabresi a continuare a vivere nella precariet\u00e0 e nel sottosviluppo. Meno illusioni e pi\u00f9 concretezza: \u00e8 questo che serve per tornare ad essere baricentro nel Mediterraneo e protagonisti del nostro futuro. L\u2019esperienza ci d\u00e0 la forza per affermare che un\u2019altra Calabria \u00e8 possibile\u201d.\u201d<\/em><\/p>\n","protected":false},"excerpt":{"rendered":"<p>Un duro attacco alla gestione delle risorse europee per la politica di Coesione arriva dal sindaco di Reggio Calabria, Giuseppe Falcomat\u00e0, che denuncia lo spostamento dei fondi destinati allo sviluppo&hellip;<\/p>\n","protected":false},"author":18,"featured_media":77040,"comment_status":"closed","ping_status":"open","sticky":false,"template":"","format":"standard","meta":{"_jetpack_memberships_contains_paid_content":false,"footnotes":"","jetpack_publicize_message":"","jetpack_publicize_feature_enabled":true,"jetpack_social_post_already_shared":true,"jetpack_social_options":{"image_generator_settings":{"template":"highway","default_image_id":0,"font":"","enabled":false},"version":2}},"categories":[921,196,195,140],"tags":[],"class_list":["post-80652","post","type-post","status-publish","format-standard","has-post-thumbnail","hentry","category-home","category-news","category-politica","category-reggio-calabria"],"yoast_head":"<!-- This site is optimized with the Yoast SEO plugin v27.2 - https:\/\/yoast.com\/product\/yoast-seo-wordpress\/ -->\n<title>Falcomat\u00e0: \u00abLa Calabria non pu\u00f2 fare a meno dei fondi di Coesione\u00bb - Radio Touring 104<\/title>\n<meta name=\"description\" content=\"Il sindaco di Reggio attacca Governo e Regione: \u00abScelte scellerate che penalizzano i territori. Servono meno illusioni e pi\u00f9 concretezza\u00bb\" \/>\n<meta name=\"robots\" content=\"index, follow, max-snippet:-1, max-image-preview:large, max-video-preview:-1\" \/>\n<link rel=\"canonical\" href=\"https:\/\/progettotouring.it\/radiotouring104\/2025\/09\/02\/falcomata-la-calabria-non-puo-fare-a-meno-dei-fondi-di-coesione\/\" \/>\n<meta property=\"og:locale\" content=\"it_IT\" \/>\n<meta property=\"og:type\" content=\"article\" \/>\n<meta property=\"og:title\" content=\"Falcomat\u00e0: \u00abLa Calabria non pu\u00f2 fare a meno dei fondi di Coesione\u00bb - Radio Touring 104\" \/>\n<meta property=\"og:description\" content=\"Il sindaco di Reggio attacca Governo e Regione: \u00abScelte scellerate che penalizzano i territori. Servono meno illusioni e pi\u00f9 concretezza\u00bb\" \/>\n<meta property=\"og:url\" content=\"https:\/\/progettotouring.it\/radiotouring104\/2025\/09\/02\/falcomata-la-calabria-non-puo-fare-a-meno-dei-fondi-di-coesione\/\" \/>\n<meta property=\"og:site_name\" content=\"Radio Touring 104\" \/>\n<meta property=\"article:published_time\" content=\"2025-09-02T15:20:44+00:00\" \/>\n<meta property=\"og:image\" content=\"https:\/\/progettotouring.it\/radiotouring104\/wp-content\/uploads\/sites\/6\/2025\/07\/falcomata-consiglio-comunale-30-giugno-2026-scaled.jpeg\" \/>\n\t<meta property=\"og:image:width\" content=\"2560\" \/>\n\t<meta property=\"og:image:height\" content=\"1707\" \/>\n\t<meta property=\"og:image:type\" content=\"image\/jpeg\" \/>\n<meta name=\"author\" content=\"Andrea Benedetto\" \/>\n<meta name=\"twitter:card\" content=\"summary_large_image\" \/>\n<meta name=\"twitter:label1\" content=\"Scritto da\" \/>\n\t<meta name=\"twitter:data1\" content=\"Andrea Benedetto\" \/>\n\t<meta name=\"twitter:label2\" content=\"Tempo di lettura stimato\" \/>\n\t<meta name=\"twitter:data2\" content=\"3 minuti\" \/>\n<script type=\"application\/ld+json\" class=\"yoast-schema-graph\">{\"@context\":\"https:\/\/schema.org\",\"@graph\":[{\"@type\":\"Article\",\"@id\":\"https:\/\/progettotouring.it\/radiotouring104\/2025\/09\/02\/falcomata-la-calabria-non-puo-fare-a-meno-dei-fondi-di-coesione\/#article\",\"isPartOf\":{\"@id\":\"https:\/\/progettotouring.it\/radiotouring104\/2025\/09\/02\/falcomata-la-calabria-non-puo-fare-a-meno-dei-fondi-di-coesione\/\"},\"author\":{\"name\":\"Andrea Benedetto\",\"@id\":\"https:\/\/progettotouring.it\/radiotouring104\/#\/schema\/person\/97ff4f729b79fd682a1cf68c714af29c\"},\"headline\":\"Falcomat\u00e0: \u00abLa Calabria non pu\u00f2 fare a meno dei fondi di Coesione\u00bb\",\"datePublished\":\"2025-09-02T15:20:44+00:00\",\"mainEntityOfPage\":{\"@id\":\"https:\/\/progettotouring.it\/radiotouring104\/2025\/09\/02\/falcomata-la-calabria-non-puo-fare-a-meno-dei-fondi-di-coesione\/\"},\"wordCount\":686,\"publisher\":{\"@id\":\"https:\/\/progettotouring.it\/radiotouring104\/#organization\"},\"image\":{\"@id\":\"https:\/\/progettotouring.it\/radiotouring104\/2025\/09\/02\/falcomata-la-calabria-non-puo-fare-a-meno-dei-fondi-di-coesione\/#primaryimage\"},\"thumbnailUrl\":\"https:\/\/progettotouring.it\/radiotouring104\/wp-content\/uploads\/sites\/6\/2025\/07\/falcomata-consiglio-comunale-30-giugno-2026-scaled.jpeg\",\"articleSection\":[\"Home\",\"News\",\"Politica\",\"Reggio Calabria\"],\"inLanguage\":\"it-IT\"},{\"@type\":\"WebPage\",\"@id\":\"https:\/\/progettotouring.it\/radiotouring104\/2025\/09\/02\/falcomata-la-calabria-non-puo-fare-a-meno-dei-fondi-di-coesione\/\",\"url\":\"https:\/\/progettotouring.it\/radiotouring104\/2025\/09\/02\/falcomata-la-calabria-non-puo-fare-a-meno-dei-fondi-di-coesione\/\",\"name\":\"Falcomat\u00e0: \u00abLa Calabria non pu\u00f2 fare a meno dei fondi di Coesione\u00bb - Radio Touring 104\",\"isPartOf\":{\"@id\":\"https:\/\/progettotouring.it\/radiotouring104\/#website\"},\"primaryImageOfPage\":{\"@id\":\"https:\/\/progettotouring.it\/radiotouring104\/2025\/09\/02\/falcomata-la-calabria-non-puo-fare-a-meno-dei-fondi-di-coesione\/#primaryimage\"},\"image\":{\"@id\":\"https:\/\/progettotouring.it\/radiotouring104\/2025\/09\/02\/falcomata-la-calabria-non-puo-fare-a-meno-dei-fondi-di-coesione\/#primaryimage\"},\"thumbnailUrl\":\"https:\/\/progettotouring.it\/radiotouring104\/wp-content\/uploads\/sites\/6\/2025\/07\/falcomata-consiglio-comunale-30-giugno-2026-scaled.jpeg\",\"datePublished\":\"2025-09-02T15:20:44+00:00\",\"description\":\"Il sindaco di Reggio attacca Governo e Regione: \u00abScelte scellerate che penalizzano i territori. Servono meno illusioni e pi\u00f9 concretezza\u00bb\",\"breadcrumb\":{\"@id\":\"https:\/\/progettotouring.it\/radiotouring104\/2025\/09\/02\/falcomata-la-calabria-non-puo-fare-a-meno-dei-fondi-di-coesione\/#breadcrumb\"},\"inLanguage\":\"it-IT\",\"potentialAction\":[{\"@type\":\"ReadAction\",\"target\":[\"https:\/\/progettotouring.it\/radiotouring104\/2025\/09\/02\/falcomata-la-calabria-non-puo-fare-a-meno-dei-fondi-di-coesione\/\"]}]},{\"@type\":\"ImageObject\",\"inLanguage\":\"it-IT\",\"@id\":\"https:\/\/progettotouring.it\/radiotouring104\/2025\/09\/02\/falcomata-la-calabria-non-puo-fare-a-meno-dei-fondi-di-coesione\/#primaryimage\",\"url\":\"https:\/\/progettotouring.it\/radiotouring104\/wp-content\/uploads\/sites\/6\/2025\/07\/falcomata-consiglio-comunale-30-giugno-2026-scaled.jpeg\",\"contentUrl\":\"https:\/\/progettotouring.it\/radiotouring104\/wp-content\/uploads\/sites\/6\/2025\/07\/falcomata-consiglio-comunale-30-giugno-2026-scaled.jpeg\",\"width\":2560,\"height\":1707},{\"@type\":\"BreadcrumbList\",\"@id\":\"https:\/\/progettotouring.it\/radiotouring104\/2025\/09\/02\/falcomata-la-calabria-non-puo-fare-a-meno-dei-fondi-di-coesione\/#breadcrumb\",\"itemListElement\":[{\"@type\":\"ListItem\",\"position\":1,\"name\":\"Home\",\"item\":\"https:\/\/progettotouring.it\/radiotouring104\/\"},{\"@type\":\"ListItem\",\"position\":2,\"name\":\"Falcomat\u00e0: \u00abLa Calabria non pu\u00f2 fare a meno dei fondi di Coesione\u00bb\"}]},{\"@type\":\"WebSite\",\"@id\":\"https:\/\/progettotouring.it\/radiotouring104\/#website\",\"url\":\"https:\/\/progettotouring.it\/radiotouring104\/\",\"name\":\"Radio Touring 104\",\"description\":\"La prima radio Reggina\",\"publisher\":{\"@id\":\"https:\/\/progettotouring.it\/radiotouring104\/#organization\"},\"potentialAction\":[{\"@type\":\"SearchAction\",\"target\":{\"@type\":\"EntryPoint\",\"urlTemplate\":\"https:\/\/progettotouring.it\/radiotouring104\/?s={search_term_string}\"},\"query-input\":{\"@type\":\"PropertyValueSpecification\",\"valueRequired\":true,\"valueName\":\"search_term_string\"}}],\"inLanguage\":\"it-IT\"},{\"@type\":\"Organization\",\"@id\":\"https:\/\/progettotouring.it\/radiotouring104\/#organization\",\"name\":\"Radio Touring 104\",\"url\":\"https:\/\/progettotouring.it\/radiotouring104\/\",\"logo\":{\"@type\":\"ImageObject\",\"inLanguage\":\"it-IT\",\"@id\":\"https:\/\/progettotouring.it\/radiotouring104\/#\/schema\/logo\/image\/\",\"url\":\"https:\/\/progettotouring.it\/radiotouring104\/wp-content\/uploads\/sites\/6\/2022\/02\/cropped-logo-radio-touring-104.png\",\"contentUrl\":\"https:\/\/progettotouring.it\/radiotouring104\/wp-content\/uploads\/sites\/6\/2022\/02\/cropped-logo-radio-touring-104.png\",\"width\":377,\"height\":182,\"caption\":\"Radio Touring 104\"},\"image\":{\"@id\":\"https:\/\/progettotouring.it\/radiotouring104\/#\/schema\/logo\/image\/\"}},{\"@type\":\"Person\",\"@id\":\"https:\/\/progettotouring.it\/radiotouring104\/#\/schema\/person\/97ff4f729b79fd682a1cf68c714af29c\",\"name\":\"Andrea Benedetto\",\"image\":{\"@type\":\"ImageObject\",\"inLanguage\":\"it-IT\",\"@id\":\"https:\/\/secure.gravatar.com\/avatar\/28b474e46fd81ca24e23c2a4450ad55141239d9ed3ad65642c2ab5af4baab51a?s=96&d=mm&r=g\",\"url\":\"https:\/\/secure.gravatar.com\/avatar\/28b474e46fd81ca24e23c2a4450ad55141239d9ed3ad65642c2ab5af4baab51a?s=96&d=mm&r=g\",\"contentUrl\":\"https:\/\/secure.gravatar.com\/avatar\/28b474e46fd81ca24e23c2a4450ad55141239d9ed3ad65642c2ab5af4baab51a?s=96&d=mm&r=g\",\"caption\":\"Andrea Benedetto\"},\"url\":\"https:\/\/progettotouring.it\/radiotouring104\/author\/andrea\/\"}]}<\/script>\n<!-- \/ Yoast SEO plugin. -->","yoast_head_json":{"title":"Falcomat\u00e0: \u00abLa Calabria non pu\u00f2 fare a meno dei fondi di Coesione\u00bb - Radio Touring 104","description":"Il sindaco di Reggio attacca Governo e Regione: \u00abScelte scellerate che penalizzano i territori. Servono meno illusioni e pi\u00f9 concretezza\u00bb","robots":{"index":"index","follow":"follow","max-snippet":"max-snippet:-1","max-image-preview":"max-image-preview:large","max-video-preview":"max-video-preview:-1"},"canonical":"https:\/\/progettotouring.it\/radiotouring104\/2025\/09\/02\/falcomata-la-calabria-non-puo-fare-a-meno-dei-fondi-di-coesione\/","og_locale":"it_IT","og_type":"article","og_title":"Falcomat\u00e0: \u00abLa Calabria non pu\u00f2 fare a meno dei fondi di Coesione\u00bb - Radio Touring 104","og_description":"Il sindaco di Reggio attacca Governo e Regione: \u00abScelte scellerate che penalizzano i territori. Servono meno illusioni e pi\u00f9 concretezza\u00bb","og_url":"https:\/\/progettotouring.it\/radiotouring104\/2025\/09\/02\/falcomata-la-calabria-non-puo-fare-a-meno-dei-fondi-di-coesione\/","og_site_name":"Radio Touring 104","article_published_time":"2025-09-02T15:20:44+00:00","og_image":[{"width":2560,"height":1707,"url":"https:\/\/progettotouring.it\/radiotouring104\/wp-content\/uploads\/sites\/6\/2025\/07\/falcomata-consiglio-comunale-30-giugno-2026-scaled.jpeg","type":"image\/jpeg"}],"author":"Andrea Benedetto","twitter_card":"summary_large_image","twitter_misc":{"Scritto da":"Andrea Benedetto","Tempo di lettura stimato":"3 minuti"},"schema":{"@context":"https:\/\/schema.org","@graph":[{"@type":"Article","@id":"https:\/\/progettotouring.it\/radiotouring104\/2025\/09\/02\/falcomata-la-calabria-non-puo-fare-a-meno-dei-fondi-di-coesione\/#article","isPartOf":{"@id":"https:\/\/progettotouring.it\/radiotouring104\/2025\/09\/02\/falcomata-la-calabria-non-puo-fare-a-meno-dei-fondi-di-coesione\/"},"author":{"name":"Andrea Benedetto","@id":"https:\/\/progettotouring.it\/radiotouring104\/#\/schema\/person\/97ff4f729b79fd682a1cf68c714af29c"},"headline":"Falcomat\u00e0: \u00abLa Calabria non pu\u00f2 fare a meno dei fondi di Coesione\u00bb","datePublished":"2025-09-02T15:20:44+00:00","mainEntityOfPage":{"@id":"https:\/\/progettotouring.it\/radiotouring104\/2025\/09\/02\/falcomata-la-calabria-non-puo-fare-a-meno-dei-fondi-di-coesione\/"},"wordCount":686,"publisher":{"@id":"https:\/\/progettotouring.it\/radiotouring104\/#organization"},"image":{"@id":"https:\/\/progettotouring.it\/radiotouring104\/2025\/09\/02\/falcomata-la-calabria-non-puo-fare-a-meno-dei-fondi-di-coesione\/#primaryimage"},"thumbnailUrl":"https:\/\/progettotouring.it\/radiotouring104\/wp-content\/uploads\/sites\/6\/2025\/07\/falcomata-consiglio-comunale-30-giugno-2026-scaled.jpeg","articleSection":["Home","News","Politica","Reggio Calabria"],"inLanguage":"it-IT"},{"@type":"WebPage","@id":"https:\/\/progettotouring.it\/radiotouring104\/2025\/09\/02\/falcomata-la-calabria-non-puo-fare-a-meno-dei-fondi-di-coesione\/","url":"https:\/\/progettotouring.it\/radiotouring104\/2025\/09\/02\/falcomata-la-calabria-non-puo-fare-a-meno-dei-fondi-di-coesione\/","name":"Falcomat\u00e0: \u00abLa Calabria non pu\u00f2 fare a meno dei fondi di Coesione\u00bb - Radio Touring 104","isPartOf":{"@id":"https:\/\/progettotouring.it\/radiotouring104\/#website"},"primaryImageOfPage":{"@id":"https:\/\/progettotouring.it\/radiotouring104\/2025\/09\/02\/falcomata-la-calabria-non-puo-fare-a-meno-dei-fondi-di-coesione\/#primaryimage"},"image":{"@id":"https:\/\/progettotouring.it\/radiotouring104\/2025\/09\/02\/falcomata-la-calabria-non-puo-fare-a-meno-dei-fondi-di-coesione\/#primaryimage"},"thumbnailUrl":"https:\/\/progettotouring.it\/radiotouring104\/wp-content\/uploads\/sites\/6\/2025\/07\/falcomata-consiglio-comunale-30-giugno-2026-scaled.jpeg","datePublished":"2025-09-02T15:20:44+00:00","description":"Il sindaco di Reggio attacca Governo e Regione: \u00abScelte scellerate che penalizzano i territori. Servono meno illusioni e pi\u00f9 concretezza\u00bb","breadcrumb":{"@id":"https:\/\/progettotouring.it\/radiotouring104\/2025\/09\/02\/falcomata-la-calabria-non-puo-fare-a-meno-dei-fondi-di-coesione\/#breadcrumb"},"inLanguage":"it-IT","potentialAction":[{"@type":"ReadAction","target":["https:\/\/progettotouring.it\/radiotouring104\/2025\/09\/02\/falcomata-la-calabria-non-puo-fare-a-meno-dei-fondi-di-coesione\/"]}]},{"@type":"ImageObject","inLanguage":"it-IT","@id":"https:\/\/progettotouring.it\/radiotouring104\/2025\/09\/02\/falcomata-la-calabria-non-puo-fare-a-meno-dei-fondi-di-coesione\/#primaryimage","url":"https:\/\/progettotouring.it\/radiotouring104\/wp-content\/uploads\/sites\/6\/2025\/07\/falcomata-consiglio-comunale-30-giugno-2026-scaled.jpeg","contentUrl":"https:\/\/progettotouring.it\/radiotouring104\/wp-content\/uploads\/sites\/6\/2025\/07\/falcomata-consiglio-comunale-30-giugno-2026-scaled.jpeg","width":2560,"height":1707},{"@type":"BreadcrumbList","@id":"https:\/\/progettotouring.it\/radiotouring104\/2025\/09\/02\/falcomata-la-calabria-non-puo-fare-a-meno-dei-fondi-di-coesione\/#breadcrumb","itemListElement":[{"@type":"ListItem","position":1,"name":"Home","item":"https:\/\/progettotouring.it\/radiotouring104\/"},{"@type":"ListItem","position":2,"name":"Falcomat\u00e0: \u00abLa Calabria non pu\u00f2 fare a meno dei fondi di Coesione\u00bb"}]},{"@type":"WebSite","@id":"https:\/\/progettotouring.it\/radiotouring104\/#website","url":"https:\/\/progettotouring.it\/radiotouring104\/","name":"Radio Touring 104","description":"La prima radio Reggina","publisher":{"@id":"https:\/\/progettotouring.it\/radiotouring104\/#organization"},"potentialAction":[{"@type":"SearchAction","target":{"@type":"EntryPoint","urlTemplate":"https:\/\/progettotouring.it\/radiotouring104\/?s={search_term_string}"},"query-input":{"@type":"PropertyValueSpecification","valueRequired":true,"valueName":"search_term_string"}}],"inLanguage":"it-IT"},{"@type":"Organization","@id":"https:\/\/progettotouring.it\/radiotouring104\/#organization","name":"Radio Touring 104","url":"https:\/\/progettotouring.it\/radiotouring104\/","logo":{"@type":"ImageObject","inLanguage":"it-IT","@id":"https:\/\/progettotouring.it\/radiotouring104\/#\/schema\/logo\/image\/","url":"https:\/\/progettotouring.it\/radiotouring104\/wp-content\/uploads\/sites\/6\/2022\/02\/cropped-logo-radio-touring-104.png","contentUrl":"https:\/\/progettotouring.it\/radiotouring104\/wp-content\/uploads\/sites\/6\/2022\/02\/cropped-logo-radio-touring-104.png","width":377,"height":182,"caption":"Radio Touring 104"},"image":{"@id":"https:\/\/progettotouring.it\/radiotouring104\/#\/schema\/logo\/image\/"}},{"@type":"Person","@id":"https:\/\/progettotouring.it\/radiotouring104\/#\/schema\/person\/97ff4f729b79fd682a1cf68c714af29c","name":"Andrea Benedetto","image":{"@type":"ImageObject","inLanguage":"it-IT","@id":"https:\/\/secure.gravatar.com\/avatar\/28b474e46fd81ca24e23c2a4450ad55141239d9ed3ad65642c2ab5af4baab51a?s=96&d=mm&r=g","url":"https:\/\/secure.gravatar.com\/avatar\/28b474e46fd81ca24e23c2a4450ad55141239d9ed3ad65642c2ab5af4baab51a?s=96&d=mm&r=g","contentUrl":"https:\/\/secure.gravatar.com\/avatar\/28b474e46fd81ca24e23c2a4450ad55141239d9ed3ad65642c2ab5af4baab51a?s=96&d=mm&r=g","caption":"Andrea Benedetto"},"url":"https:\/\/progettotouring.it\/radiotouring104\/author\/andrea\/"}]}},"jetpack_publicize_connections":[],"jetpack_featured_media_url":"https:\/\/progettotouring.it\/radiotouring104\/wp-content\/uploads\/sites\/6\/2025\/07\/falcomata-consiglio-comunale-30-giugno-2026-scaled.jpeg","jetpack_sharing_enabled":true,"_links":{"self":[{"href":"https:\/\/progettotouring.it\/radiotouring104\/wp-json\/wp\/v2\/posts\/80652","targetHints":{"allow":["GET"]}}],"collection":[{"href":"https:\/\/progettotouring.it\/radiotouring104\/wp-json\/wp\/v2\/posts"}],"about":[{"href":"https:\/\/progettotouring.it\/radiotouring104\/wp-json\/wp\/v2\/types\/post"}],"author":[{"embeddable":true,"href":"https:\/\/progettotouring.it\/radiotouring104\/wp-json\/wp\/v2\/users\/18"}],"replies":[{"embeddable":true,"href":"https:\/\/progettotouring.it\/radiotouring104\/wp-json\/wp\/v2\/comments?post=80652"}],"version-history":[{"count":1,"href":"https:\/\/progettotouring.it\/radiotouring104\/wp-json\/wp\/v2\/posts\/80652\/revisions"}],"predecessor-version":[{"id":80653,"href":"https:\/\/progettotouring.it\/radiotouring104\/wp-json\/wp\/v2\/posts\/80652\/revisions\/80653"}],"wp:featuredmedia":[{"embeddable":true,"href":"https:\/\/progettotouring.it\/radiotouring104\/wp-json\/wp\/v2\/media\/77040"}],"wp:attachment":[{"href":"https:\/\/progettotouring.it\/radiotouring104\/wp-json\/wp\/v2\/media?parent=80652"}],"wp:term":[{"taxonomy":"category","embeddable":true,"href":"https:\/\/progettotouring.it\/radiotouring104\/wp-json\/wp\/v2\/categories?post=80652"},{"taxonomy":"post_tag","embeddable":true,"href":"https:\/\/progettotouring.it\/radiotouring104\/wp-json\/wp\/v2\/tags?post=80652"}],"curies":[{"name":"wp","href":"https:\/\/api.w.org\/{rel}","templated":true}]}}