{"id":81136,"date":"2025-09-09T12:05:00","date_gmt":"2025-09-09T10:05:00","guid":{"rendered":"https:\/\/progettotouring.it\/radiotouring104\/?p=81136"},"modified":"2025-09-09T12:25:51","modified_gmt":"2025-09-09T10:25:51","slug":"lasd-michele-priolo-gallinese-presenta-il-nuovo-staff-tecnico","status":"publish","type":"post","link":"https:\/\/progettotouring.it\/radiotouring104\/2025\/09\/09\/lasd-michele-priolo-gallinese-presenta-il-nuovo-staff-tecnico\/","title":{"rendered":"L\u2019Asd Michele Priolo Gallinese presenta il nuovo Staff Tecnico"},"content":{"rendered":"<div class=\"xdj266r x14z9mp xat24cr x1lziwak x1vvkbs x126k92a\">\n<div dir=\"auto\">UFFICIALE LO STAFF TECNICO: GIRIOLO, MALARA E IMBALZANO SI PRESENTANO<\/div>\n<\/div>\n<div class=\"x14z9mp xat24cr x1lziwak x1vvkbs xtlvy1s x126k92a\">\n<div dir=\"auto\"><\/div>\n<div dir=\"auto\">L\u2019Asd Michele Priolo Gallinese Woman, annuncia il proprio staff tecnico che per la stagione 2025-2026, lavorer\u00e0 di supporto al duo Cacciola-Florio.<\/div>\n<\/div>\n<div class=\"x14z9mp xat24cr x1lziwak x1vvkbs xtlvy1s x126k92a\">\n<div dir=\"auto\">Nel ruolo di direttore tecnico ci sar\u00e0 Giuseppe Giriolo, giocatore della Gallinese e gi\u00e0 viceallenatore della femminile nelle passate stagioni.<\/div>\n<\/div>\n<div class=\"x14z9mp xat24cr x1lziwak x1vvkbs xtlvy1s x126k92a\">\n<div dir=\"auto\"><\/div>\n<div dir=\"auto\">Un percorso che prosegue anche per Fabio Malara, rinnovato ancora una volta e con un nuovo ruolo: sar\u00e0 lui, infatti, il match-analyst e preparatore atletico della squadra in collaborazione con Giulia Lisi.<\/div>\n<\/div>\n<div class=\"x14z9mp xat24cr x1lziwak x1vvkbs xtlvy1s x126k92a\">\n<div dir=\"auto\">La \u201cnew-entry\u201d \u00e8 Lorenzo Imbalzano, che si occuper\u00e0 della preparazione dei portieri, ruolo che ha ricoperto nella sua carriera di calcio a 5.<\/div>\n<\/div>\n<div class=\"x14z9mp xat24cr x1lziwak x1vvkbs xtlvy1s x126k92a\">\n<div dir=\"auto\"><\/div>\n<div dir=\"auto\">GIRIOLO \u2013 \u201cVoglio ringraziare la societ\u00e0 per il ruolo affidatomi e soprattutto per la fiducia. Ci aspetta un anno difficile, ma abbiamo il dovere di portare alto il nome di questo club, per il grande lavoro svolto fin qui ed in particolar modo in vista di questa stagione. Sono cambiate molte cose, ma non gli obiettivi; bisogna dare continuit\u00e0 a quanto di buono fatto in passato. Le ragazze sono cresciute tantissimo, grazie soprattutto al lavoro di mister Scopelliti. Ora tocca a noi. Ci vorr\u00e0, da parte di tutti, voglia, determinazione, spirito di squadra, ma in particolare senso di appartenenza, per poter ambire sempre di pi\u00f9 ai risultati migliori. C\u2019\u00e8 tanta voglia di ricominciare e non vediamo l\u2019ora di scoprire cosa ci riserver\u00e0 il futuro\u201d.<\/div>\n<\/div>\n<div class=\"x14z9mp xat24cr x1lziwak x1vvkbs xtlvy1s x126k92a\">\n<div dir=\"auto\"><\/div>\n<div dir=\"auto\">MALARA \u2013 \u201cNuova societ\u00e0, nuovi colori e nuovo percorso con la stessa dirigenza, ma con gli obiettivi di sempre e con un presidente onorario unico e inarrivabile. Quest&#8217;anno inizia un viaggio molto particolare, perch\u00e9 mi ritrover\u00f2 a ricoprire un ruolo diverso dagli altri anni, in un certo senso nuovo perch\u00e9 \u00e8 passato tanto tempo dall&#8217;ultima volta che mi sono cimentato a fare il preparatore atletico ed il match analyst. Non sar\u00f2 il solo a lavorare con le ragazze sotto il punto di vista atletico, lo far\u00f2 in collaborazione con Giulia, che ha moltissima esperienza\u201d.<\/div>\n<\/div>\n<div class=\"x14z9mp xat24cr x1lziwak x1vvkbs xtlvy1s x126k92a\">\n<div dir=\"auto\"><\/div>\n<div dir=\"auto\">IMBALZANO \u2013 \u201cRingrazio la societ\u00e0 e il mister per avermi fortemente voluto. Metter\u00f2 tutto il mio impegno al servizio dello staff e dei portieri affinch\u00e9 insieme si possano raggiungere gli obiettivi che ci siamo prefissati. I portieri sanno che con me si lavora duramente e che il duro lavoro \u00e8 l\u2019unica strada per essere performanti la domenica; non ci sono scorciatoie\u201d.<\/div>\n<\/div>\n","protected":false},"excerpt":{"rendered":"<p>UFFICIALE LO STAFF TECNICO: GIRIOLO, MALARA E IMBALZANO SI PRESENTANO L\u2019Asd Michele Priolo Gallinese Woman, annuncia il proprio staff tecnico che per la stagione 2025-2026, lavorer\u00e0 di supporto al duo&hellip;<\/p>\n","protected":false},"author":5,"featured_media":81137,"comment_status":"closed","ping_status":"open","sticky":false,"template":"","format":"standard","meta":{"_jetpack_memberships_contains_paid_content":false,"footnotes":"","jetpack_publicize_message":"","jetpack_publicize_feature_enabled":true,"jetpack_social_post_already_shared":true,"jetpack_social_options":{"image_generator_settings":{"template":"highway","default_image_id":0,"font":"","enabled":false},"version":2}},"categories":[196,140,144],"tags":[46733,47290,47291,47289,2672,46648],"class_list":["post-81136","post","type-post","status-publish","format-standard","has-post-thumbnail","hentry","category-news","category-reggio-calabria","category-sport","tag-asd-michele-priolo-gallinese-woman","tag-fabio-malara","tag-giuseppe-giriolo","tag-lorenzo-imbalzano","tag-presentazione","tag-staff-tecnico"],"yoast_head":"<!-- This site is optimized with the Yoast SEO plugin v27.2 - https:\/\/yoast.com\/product\/yoast-seo-wordpress\/ -->\n<title>L\u2019Asd Michele Priolo Gallinese presenta il nuovo Staff Tecnico<\/title>\n<meta name=\"description\" content=\"L\u2019Asd Michele Priolo Gallinese Woman presenta i nuovi membri dello Staff Tecnico: Giuseppe Giriolo, Fabio Malara e Lorenzo Imbalzano\" \/>\n<meta name=\"robots\" content=\"index, follow, max-snippet:-1, max-image-preview:large, max-video-preview:-1\" \/>\n<link rel=\"canonical\" href=\"https:\/\/progettotouring.it\/radiotouring104\/2025\/09\/09\/lasd-michele-priolo-gallinese-presenta-il-nuovo-staff-tecnico\/\" \/>\n<meta property=\"og:locale\" content=\"it_IT\" \/>\n<meta property=\"og:type\" content=\"article\" \/>\n<meta property=\"og:title\" content=\"L\u2019Asd Michele Priolo Gallinese presenta il nuovo Staff Tecnico\" \/>\n<meta property=\"og:description\" content=\"L\u2019Asd Michele Priolo Gallinese Woman presenta i nuovi membri dello Staff Tecnico: Giuseppe Giriolo, Fabio Malara e Lorenzo Imbalzano\" \/>\n<meta property=\"og:url\" content=\"https:\/\/progettotouring.it\/radiotouring104\/2025\/09\/09\/lasd-michele-priolo-gallinese-presenta-il-nuovo-staff-tecnico\/\" \/>\n<meta property=\"og:site_name\" content=\"Radio Touring 104\" \/>\n<meta property=\"article:published_time\" content=\"2025-09-09T10:05:00+00:00\" \/>\n<meta property=\"article:modified_time\" content=\"2025-09-09T10:25:51+00:00\" \/>\n<meta property=\"og:image\" content=\"https:\/\/progettotouring.it\/radiotouring104\/wp-content\/uploads\/sites\/6\/2025\/09\/Priolo-Gallicese-Woman-Fabio-Malara.gif\" \/>\n\t<meta property=\"og:image:width\" content=\"522\" \/>\n\t<meta property=\"og:image:height\" content=\"526\" \/>\n\t<meta property=\"og:image:type\" content=\"image\/gif\" \/>\n<meta name=\"author\" content=\"redazione\" \/>\n<meta name=\"twitter:card\" content=\"summary_large_image\" \/>\n<meta name=\"twitter:label1\" content=\"Scritto da\" \/>\n\t<meta name=\"twitter:data1\" content=\"redazione\" \/>\n\t<meta name=\"twitter:label2\" content=\"Tempo di lettura stimato\" \/>\n\t<meta name=\"twitter:data2\" content=\"2 minuti\" \/>\n<script type=\"application\/ld+json\" class=\"yoast-schema-graph\">{\"@context\":\"https:\/\/schema.org\",\"@graph\":[{\"@type\":\"Article\",\"@id\":\"https:\/\/progettotouring.it\/radiotouring104\/2025\/09\/09\/lasd-michele-priolo-gallinese-presenta-il-nuovo-staff-tecnico\/#article\",\"isPartOf\":{\"@id\":\"https:\/\/progettotouring.it\/radiotouring104\/2025\/09\/09\/lasd-michele-priolo-gallinese-presenta-il-nuovo-staff-tecnico\/\"},\"author\":{\"name\":\"redazione\",\"@id\":\"https:\/\/progettotouring.it\/radiotouring104\/#\/schema\/person\/1b3eb3c07c47136bc44c785c543e635f\"},\"headline\":\"L\u2019Asd Michele Priolo Gallinese presenta il nuovo Staff Tecnico\",\"datePublished\":\"2025-09-09T10:05:00+00:00\",\"dateModified\":\"2025-09-09T10:25:51+00:00\",\"mainEntityOfPage\":{\"@id\":\"https:\/\/progettotouring.it\/radiotouring104\/2025\/09\/09\/lasd-michele-priolo-gallinese-presenta-il-nuovo-staff-tecnico\/\"},\"wordCount\":391,\"publisher\":{\"@id\":\"https:\/\/progettotouring.it\/radiotouring104\/#organization\"},\"image\":{\"@id\":\"https:\/\/progettotouring.it\/radiotouring104\/2025\/09\/09\/lasd-michele-priolo-gallinese-presenta-il-nuovo-staff-tecnico\/#primaryimage\"},\"thumbnailUrl\":\"https:\/\/progettotouring.it\/radiotouring104\/wp-content\/uploads\/sites\/6\/2025\/09\/Priolo-Gallicese-Woman-Fabio-Malara.gif\",\"keywords\":[\"Asd Michele Priolo Gallinese Woman\",\"Fabio Malara\",\"Giuseppe Giriolo\",\"Lorenzo Imbalzano\",\"presentazione\",\"Staff Tecnico\"],\"articleSection\":[\"News\",\"Reggio Calabria\",\"Sport\"],\"inLanguage\":\"it-IT\"},{\"@type\":\"WebPage\",\"@id\":\"https:\/\/progettotouring.it\/radiotouring104\/2025\/09\/09\/lasd-michele-priolo-gallinese-presenta-il-nuovo-staff-tecnico\/\",\"url\":\"https:\/\/progettotouring.it\/radiotouring104\/2025\/09\/09\/lasd-michele-priolo-gallinese-presenta-il-nuovo-staff-tecnico\/\",\"name\":\"L\u2019Asd Michele Priolo Gallinese presenta il nuovo Staff Tecnico\",\"isPartOf\":{\"@id\":\"https:\/\/progettotouring.it\/radiotouring104\/#website\"},\"primaryImageOfPage\":{\"@id\":\"https:\/\/progettotouring.it\/radiotouring104\/2025\/09\/09\/lasd-michele-priolo-gallinese-presenta-il-nuovo-staff-tecnico\/#primaryimage\"},\"image\":{\"@id\":\"https:\/\/progettotouring.it\/radiotouring104\/2025\/09\/09\/lasd-michele-priolo-gallinese-presenta-il-nuovo-staff-tecnico\/#primaryimage\"},\"thumbnailUrl\":\"https:\/\/progettotouring.it\/radiotouring104\/wp-content\/uploads\/sites\/6\/2025\/09\/Priolo-Gallicese-Woman-Fabio-Malara.gif\",\"datePublished\":\"2025-09-09T10:05:00+00:00\",\"dateModified\":\"2025-09-09T10:25:51+00:00\",\"description\":\"L\u2019Asd Michele Priolo Gallinese Woman presenta i nuovi membri dello Staff Tecnico: Giuseppe Giriolo, Fabio Malara e Lorenzo Imbalzano\",\"breadcrumb\":{\"@id\":\"https:\/\/progettotouring.it\/radiotouring104\/2025\/09\/09\/lasd-michele-priolo-gallinese-presenta-il-nuovo-staff-tecnico\/#breadcrumb\"},\"inLanguage\":\"it-IT\",\"potentialAction\":[{\"@type\":\"ReadAction\",\"target\":[\"https:\/\/progettotouring.it\/radiotouring104\/2025\/09\/09\/lasd-michele-priolo-gallinese-presenta-il-nuovo-staff-tecnico\/\"]}]},{\"@type\":\"ImageObject\",\"inLanguage\":\"it-IT\",\"@id\":\"https:\/\/progettotouring.it\/radiotouring104\/2025\/09\/09\/lasd-michele-priolo-gallinese-presenta-il-nuovo-staff-tecnico\/#primaryimage\",\"url\":\"https:\/\/progettotouring.it\/radiotouring104\/wp-content\/uploads\/sites\/6\/2025\/09\/Priolo-Gallicese-Woman-Fabio-Malara.gif\",\"contentUrl\":\"https:\/\/progettotouring.it\/radiotouring104\/wp-content\/uploads\/sites\/6\/2025\/09\/Priolo-Gallicese-Woman-Fabio-Malara.gif\",\"width\":522,\"height\":526},{\"@type\":\"BreadcrumbList\",\"@id\":\"https:\/\/progettotouring.it\/radiotouring104\/2025\/09\/09\/lasd-michele-priolo-gallinese-presenta-il-nuovo-staff-tecnico\/#breadcrumb\",\"itemListElement\":[{\"@type\":\"ListItem\",\"position\":1,\"name\":\"Home\",\"item\":\"https:\/\/progettotouring.it\/radiotouring104\/\"},{\"@type\":\"ListItem\",\"position\":2,\"name\":\"L\u2019Asd Michele Priolo Gallinese presenta il nuovo Staff Tecnico\"}]},{\"@type\":\"WebSite\",\"@id\":\"https:\/\/progettotouring.it\/radiotouring104\/#website\",\"url\":\"https:\/\/progettotouring.it\/radiotouring104\/\",\"name\":\"Radio Touring 104\",\"description\":\"La prima radio Reggina\",\"publisher\":{\"@id\":\"https:\/\/progettotouring.it\/radiotouring104\/#organization\"},\"potentialAction\":[{\"@type\":\"SearchAction\",\"target\":{\"@type\":\"EntryPoint\",\"urlTemplate\":\"https:\/\/progettotouring.it\/radiotouring104\/?s={search_term_string}\"},\"query-input\":{\"@type\":\"PropertyValueSpecification\",\"valueRequired\":true,\"valueName\":\"search_term_string\"}}],\"inLanguage\":\"it-IT\"},{\"@type\":\"Organization\",\"@id\":\"https:\/\/progettotouring.it\/radiotouring104\/#organization\",\"name\":\"Radio Touring 104\",\"url\":\"https:\/\/progettotouring.it\/radiotouring104\/\",\"logo\":{\"@type\":\"ImageObject\",\"inLanguage\":\"it-IT\",\"@id\":\"https:\/\/progettotouring.it\/radiotouring104\/#\/schema\/logo\/image\/\",\"url\":\"https:\/\/progettotouring.it\/radiotouring104\/wp-content\/uploads\/sites\/6\/2022\/02\/cropped-logo-radio-touring-104.png\",\"contentUrl\":\"https:\/\/progettotouring.it\/radiotouring104\/wp-content\/uploads\/sites\/6\/2022\/02\/cropped-logo-radio-touring-104.png\",\"width\":377,\"height\":182,\"caption\":\"Radio Touring 104\"},\"image\":{\"@id\":\"https:\/\/progettotouring.it\/radiotouring104\/#\/schema\/logo\/image\/\"}},{\"@type\":\"Person\",\"@id\":\"https:\/\/progettotouring.it\/radiotouring104\/#\/schema\/person\/1b3eb3c07c47136bc44c785c543e635f\",\"name\":\"redazione\",\"image\":{\"@type\":\"ImageObject\",\"inLanguage\":\"it-IT\",\"@id\":\"https:\/\/secure.gravatar.com\/avatar\/0b31605b49f100769e8b624b3e05de1b73e1692e9568a352f60f53fd072e6e11?s=96&d=mm&r=g\",\"url\":\"https:\/\/secure.gravatar.com\/avatar\/0b31605b49f100769e8b624b3e05de1b73e1692e9568a352f60f53fd072e6e11?s=96&d=mm&r=g\",\"contentUrl\":\"https:\/\/secure.gravatar.com\/avatar\/0b31605b49f100769e8b624b3e05de1b73e1692e9568a352f60f53fd072e6e11?s=96&d=mm&r=g\",\"caption\":\"redazione\"},\"url\":\"https:\/\/progettotouring.it\/radiotouring104\/author\/redazione\/\"}]}<\/script>\n<!-- \/ Yoast SEO plugin. -->","yoast_head_json":{"title":"L\u2019Asd Michele Priolo Gallinese presenta il nuovo Staff Tecnico","description":"L\u2019Asd Michele Priolo Gallinese Woman presenta i nuovi membri dello Staff Tecnico: Giuseppe Giriolo, Fabio Malara e Lorenzo Imbalzano","robots":{"index":"index","follow":"follow","max-snippet":"max-snippet:-1","max-image-preview":"max-image-preview:large","max-video-preview":"max-video-preview:-1"},"canonical":"https:\/\/progettotouring.it\/radiotouring104\/2025\/09\/09\/lasd-michele-priolo-gallinese-presenta-il-nuovo-staff-tecnico\/","og_locale":"it_IT","og_type":"article","og_title":"L\u2019Asd Michele Priolo Gallinese presenta il nuovo Staff Tecnico","og_description":"L\u2019Asd Michele Priolo Gallinese Woman presenta i nuovi membri dello Staff Tecnico: Giuseppe Giriolo, Fabio Malara e Lorenzo Imbalzano","og_url":"https:\/\/progettotouring.it\/radiotouring104\/2025\/09\/09\/lasd-michele-priolo-gallinese-presenta-il-nuovo-staff-tecnico\/","og_site_name":"Radio Touring 104","article_published_time":"2025-09-09T10:05:00+00:00","article_modified_time":"2025-09-09T10:25:51+00:00","og_image":[{"width":522,"height":526,"url":"https:\/\/progettotouring.it\/radiotouring104\/wp-content\/uploads\/sites\/6\/2025\/09\/Priolo-Gallicese-Woman-Fabio-Malara.gif","type":"image\/gif"}],"author":"redazione","twitter_card":"summary_large_image","twitter_misc":{"Scritto da":"redazione","Tempo di lettura stimato":"2 minuti"},"schema":{"@context":"https:\/\/schema.org","@graph":[{"@type":"Article","@id":"https:\/\/progettotouring.it\/radiotouring104\/2025\/09\/09\/lasd-michele-priolo-gallinese-presenta-il-nuovo-staff-tecnico\/#article","isPartOf":{"@id":"https:\/\/progettotouring.it\/radiotouring104\/2025\/09\/09\/lasd-michele-priolo-gallinese-presenta-il-nuovo-staff-tecnico\/"},"author":{"name":"redazione","@id":"https:\/\/progettotouring.it\/radiotouring104\/#\/schema\/person\/1b3eb3c07c47136bc44c785c543e635f"},"headline":"L\u2019Asd Michele Priolo Gallinese presenta il nuovo Staff Tecnico","datePublished":"2025-09-09T10:05:00+00:00","dateModified":"2025-09-09T10:25:51+00:00","mainEntityOfPage":{"@id":"https:\/\/progettotouring.it\/radiotouring104\/2025\/09\/09\/lasd-michele-priolo-gallinese-presenta-il-nuovo-staff-tecnico\/"},"wordCount":391,"publisher":{"@id":"https:\/\/progettotouring.it\/radiotouring104\/#organization"},"image":{"@id":"https:\/\/progettotouring.it\/radiotouring104\/2025\/09\/09\/lasd-michele-priolo-gallinese-presenta-il-nuovo-staff-tecnico\/#primaryimage"},"thumbnailUrl":"https:\/\/progettotouring.it\/radiotouring104\/wp-content\/uploads\/sites\/6\/2025\/09\/Priolo-Gallicese-Woman-Fabio-Malara.gif","keywords":["Asd Michele Priolo Gallinese Woman","Fabio Malara","Giuseppe Giriolo","Lorenzo Imbalzano","presentazione","Staff Tecnico"],"articleSection":["News","Reggio Calabria","Sport"],"inLanguage":"it-IT"},{"@type":"WebPage","@id":"https:\/\/progettotouring.it\/radiotouring104\/2025\/09\/09\/lasd-michele-priolo-gallinese-presenta-il-nuovo-staff-tecnico\/","url":"https:\/\/progettotouring.it\/radiotouring104\/2025\/09\/09\/lasd-michele-priolo-gallinese-presenta-il-nuovo-staff-tecnico\/","name":"L\u2019Asd Michele Priolo Gallinese presenta il nuovo Staff Tecnico","isPartOf":{"@id":"https:\/\/progettotouring.it\/radiotouring104\/#website"},"primaryImageOfPage":{"@id":"https:\/\/progettotouring.it\/radiotouring104\/2025\/09\/09\/lasd-michele-priolo-gallinese-presenta-il-nuovo-staff-tecnico\/#primaryimage"},"image":{"@id":"https:\/\/progettotouring.it\/radiotouring104\/2025\/09\/09\/lasd-michele-priolo-gallinese-presenta-il-nuovo-staff-tecnico\/#primaryimage"},"thumbnailUrl":"https:\/\/progettotouring.it\/radiotouring104\/wp-content\/uploads\/sites\/6\/2025\/09\/Priolo-Gallicese-Woman-Fabio-Malara.gif","datePublished":"2025-09-09T10:05:00+00:00","dateModified":"2025-09-09T10:25:51+00:00","description":"L\u2019Asd Michele Priolo Gallinese Woman presenta i nuovi membri dello Staff Tecnico: Giuseppe Giriolo, Fabio Malara e Lorenzo Imbalzano","breadcrumb":{"@id":"https:\/\/progettotouring.it\/radiotouring104\/2025\/09\/09\/lasd-michele-priolo-gallinese-presenta-il-nuovo-staff-tecnico\/#breadcrumb"},"inLanguage":"it-IT","potentialAction":[{"@type":"ReadAction","target":["https:\/\/progettotouring.it\/radiotouring104\/2025\/09\/09\/lasd-michele-priolo-gallinese-presenta-il-nuovo-staff-tecnico\/"]}]},{"@type":"ImageObject","inLanguage":"it-IT","@id":"https:\/\/progettotouring.it\/radiotouring104\/2025\/09\/09\/lasd-michele-priolo-gallinese-presenta-il-nuovo-staff-tecnico\/#primaryimage","url":"https:\/\/progettotouring.it\/radiotouring104\/wp-content\/uploads\/sites\/6\/2025\/09\/Priolo-Gallicese-Woman-Fabio-Malara.gif","contentUrl":"https:\/\/progettotouring.it\/radiotouring104\/wp-content\/uploads\/sites\/6\/2025\/09\/Priolo-Gallicese-Woman-Fabio-Malara.gif","width":522,"height":526},{"@type":"BreadcrumbList","@id":"https:\/\/progettotouring.it\/radiotouring104\/2025\/09\/09\/lasd-michele-priolo-gallinese-presenta-il-nuovo-staff-tecnico\/#breadcrumb","itemListElement":[{"@type":"ListItem","position":1,"name":"Home","item":"https:\/\/progettotouring.it\/radiotouring104\/"},{"@type":"ListItem","position":2,"name":"L\u2019Asd Michele Priolo Gallinese presenta il nuovo Staff Tecnico"}]},{"@type":"WebSite","@id":"https:\/\/progettotouring.it\/radiotouring104\/#website","url":"https:\/\/progettotouring.it\/radiotouring104\/","name":"Radio Touring 104","description":"La prima radio Reggina","publisher":{"@id":"https:\/\/progettotouring.it\/radiotouring104\/#organization"},"potentialAction":[{"@type":"SearchAction","target":{"@type":"EntryPoint","urlTemplate":"https:\/\/progettotouring.it\/radiotouring104\/?s={search_term_string}"},"query-input":{"@type":"PropertyValueSpecification","valueRequired":true,"valueName":"search_term_string"}}],"inLanguage":"it-IT"},{"@type":"Organization","@id":"https:\/\/progettotouring.it\/radiotouring104\/#organization","name":"Radio Touring 104","url":"https:\/\/progettotouring.it\/radiotouring104\/","logo":{"@type":"ImageObject","inLanguage":"it-IT","@id":"https:\/\/progettotouring.it\/radiotouring104\/#\/schema\/logo\/image\/","url":"https:\/\/progettotouring.it\/radiotouring104\/wp-content\/uploads\/sites\/6\/2022\/02\/cropped-logo-radio-touring-104.png","contentUrl":"https:\/\/progettotouring.it\/radiotouring104\/wp-content\/uploads\/sites\/6\/2022\/02\/cropped-logo-radio-touring-104.png","width":377,"height":182,"caption":"Radio Touring 104"},"image":{"@id":"https:\/\/progettotouring.it\/radiotouring104\/#\/schema\/logo\/image\/"}},{"@type":"Person","@id":"https:\/\/progettotouring.it\/radiotouring104\/#\/schema\/person\/1b3eb3c07c47136bc44c785c543e635f","name":"redazione","image":{"@type":"ImageObject","inLanguage":"it-IT","@id":"https:\/\/secure.gravatar.com\/avatar\/0b31605b49f100769e8b624b3e05de1b73e1692e9568a352f60f53fd072e6e11?s=96&d=mm&r=g","url":"https:\/\/secure.gravatar.com\/avatar\/0b31605b49f100769e8b624b3e05de1b73e1692e9568a352f60f53fd072e6e11?s=96&d=mm&r=g","contentUrl":"https:\/\/secure.gravatar.com\/avatar\/0b31605b49f100769e8b624b3e05de1b73e1692e9568a352f60f53fd072e6e11?s=96&d=mm&r=g","caption":"redazione"},"url":"https:\/\/progettotouring.it\/radiotouring104\/author\/redazione\/"}]}},"jetpack_publicize_connections":[],"jetpack_featured_media_url":"https:\/\/progettotouring.it\/radiotouring104\/wp-content\/uploads\/sites\/6\/2025\/09\/Priolo-Gallicese-Woman-Fabio-Malara.gif","jetpack_sharing_enabled":true,"_links":{"self":[{"href":"https:\/\/progettotouring.it\/radiotouring104\/wp-json\/wp\/v2\/posts\/81136","targetHints":{"allow":["GET"]}}],"collection":[{"href":"https:\/\/progettotouring.it\/radiotouring104\/wp-json\/wp\/v2\/posts"}],"about":[{"href":"https:\/\/progettotouring.it\/radiotouring104\/wp-json\/wp\/v2\/types\/post"}],"author":[{"embeddable":true,"href":"https:\/\/progettotouring.it\/radiotouring104\/wp-json\/wp\/v2\/users\/5"}],"replies":[{"embeddable":true,"href":"https:\/\/progettotouring.it\/radiotouring104\/wp-json\/wp\/v2\/comments?post=81136"}],"version-history":[{"count":1,"href":"https:\/\/progettotouring.it\/radiotouring104\/wp-json\/wp\/v2\/posts\/81136\/revisions"}],"predecessor-version":[{"id":81138,"href":"https:\/\/progettotouring.it\/radiotouring104\/wp-json\/wp\/v2\/posts\/81136\/revisions\/81138"}],"wp:featuredmedia":[{"embeddable":true,"href":"https:\/\/progettotouring.it\/radiotouring104\/wp-json\/wp\/v2\/media\/81137"}],"wp:attachment":[{"href":"https:\/\/progettotouring.it\/radiotouring104\/wp-json\/wp\/v2\/media?parent=81136"}],"wp:term":[{"taxonomy":"category","embeddable":true,"href":"https:\/\/progettotouring.it\/radiotouring104\/wp-json\/wp\/v2\/categories?post=81136"},{"taxonomy":"post_tag","embeddable":true,"href":"https:\/\/progettotouring.it\/radiotouring104\/wp-json\/wp\/v2\/tags?post=81136"}],"curies":[{"name":"wp","href":"https:\/\/api.w.org\/{rel}","templated":true}]}}