{"id":8184,"date":"2022-07-21T14:30:16","date_gmt":"2022-07-21T12:30:16","guid":{"rendered":"https:\/\/progettotouring.it\/radiotouring104\/?p=8184"},"modified":"2022-07-21T14:30:16","modified_gmt":"2022-07-21T12:30:16","slug":"angelica-de-seta-e-la-nuova-miss-la-pecora-nera-beach","status":"publish","type":"post","link":"https:\/\/progettotouring.it\/radiotouring104\/2022\/07\/21\/angelica-de-seta-e-la-nuova-miss-la-pecora-nera-beach\/","title":{"rendered":"Angelica De Seta \u00e8 la nuova miss La Pecora Nera Beach"},"content":{"rendered":"<p style=\"text-align: justify\">Angelica De Seta \u00e8 Miss la Pecora Nera Beach e vincitrice della quarta selezione di Miss Italia Calabria 2022, Si piazza invece al secondo posto con la fascia Miss Rocchetta Bellezza Marianna Carbone 19 anni di Cosenza, Miss terza classificata Simona Terzi 21 anni di Corigliano-Rossano, Miss Quarta classificata Mirella Magliocco 18 anni di Corigliano-Rossano, Miss Quinta classificata Carolina Gaudio 19 anni di Cosenza, Miss Sesta classificata Marika Sotero 23 anni di San Lucido. Angelica De Seta \u00e8 riuscita a conquistare il voto della giuria di esperti e professionisti presenti composta da: Maria Vittoria Rizzuti, Tiziana Pellegrino, Fabio Pagliaro, Alfonso Guido, Arcangelo Barone, Vincenzo Serra, Franco Florio, Francesco Altamura, Angelo Scorzo, Stefano Sdao, Roberto Vitaro e Fabio D&#8217;Ippolito.<\/p>\n<p style=\"text-align: justify\"><em>&#8220;L&#8217;emozione di questo momento spazza via tutte le parole. \u00c8 sicuramente un traguardo inaspettato. Miss Italia \u00e8 sempre stato un sogno che coltivo sin da bambina, quindi spero si concretizzi in qualcosa di importante.<\/em>\u201d \u2013 Dichiara Angelica De Seta Miss la Pecora Nera Beach 2022 \u2013 <em>\u201cSogno di diventare un&#8217;educatrice perch\u00e9 considero i bambini il motore della nostra societ\u00e0. Al contempo vorrei anche affermarmi nel mondo della moda perch\u00e9 \u00e8 un qualcosa che mi ha sempre affascinato. Se dovessi descrivermi direi che il mio miglior pregio \u00e8 essere una persona empatica, mentre un difetto \u00e8 l&#8217;essere testarda&#8221;.<\/em><\/p>\n<p style=\"text-align: justify\"><em>&#8220;Ringraziamo Fabio Pagliaro e Gianpiero di Puglia de la Pecora Nera Beach per averci nuovamente accolto con entusiasmo anche quest\u2019anno, rinnovando l&#8217;invito a visitare il loro stabilimento balneare che grazie allo scenario spettacolare che offre, rappresenta il luogo perfetto per trascorrere le vacanze al mare in assoluta tranquillit\u00e0 tra musica e ottimo cibo. Ringraziamo inoltre imprenditori e comuni che ogni anno rinnovano la propria fiducia nei nostri confronti e ci aiutano nella realizzazione della nostra importante mission che \u00e8 quella della valorizzazione della nostra bellissima Calabria.&#8221;<\/em><\/p>\n<p style=\"text-align: justify\">Commentano gli agenti regionali Linda Suriano e Carmelo Ambrogio della CarliFashionAgency, agenzia esclusivista per il concorso di Miss Italia in Calabria, che hanno cos\u00ec concluso la quarta serata sull&#8217;incantevole spiaggia della costa tirrenica. A condurre l\u2019evento Andrea De Iacovo e Linda Suriano che \u00e8 anche il Direttore Artistico del concorso, con la partecipazione del corpo di ballo coreografato da Lia Molinaro; e della straordinaria musicalit\u00e0 del cantante Francesco Cestino. L\u2019appuntamento per la prossima selezione \u00e8 venerd\u00ec 22 luglio 2022 alle ore 21:30, dove sar\u00e0 assegnata la fascia di \u201cMiss citt\u00e0 di Castiglione Cosentino\u201d in Piazza della Concordia, Castiglione Cosentino (CS).<\/p>\n","protected":false},"excerpt":{"rendered":"<p>Angelica De Seta \u00e8 Miss la Pecora Nera Beach e vincitrice della quarta selezione di Miss Italia Calabria 2022, Si piazza invece al secondo posto con la fascia Miss Rocchetta&hellip;<\/p>\n","protected":false},"author":8,"featured_media":8185,"comment_status":"open","ping_status":"open","sticky":false,"template":"","format":"standard","meta":{"_jetpack_memberships_contains_paid_content":false,"footnotes":"","jetpack_publicize_message":"","jetpack_publicize_feature_enabled":true,"jetpack_social_post_already_shared":false,"jetpack_social_options":{"image_generator_settings":{"template":"highway","default_image_id":0,"font":"","enabled":false},"version":2}},"categories":[921,196,140],"tags":[3730,3731],"class_list":["post-8184","post","type-post","status-publish","format-standard","has-post-thumbnail","hentry","category-home","category-news","category-reggio-calabria","tag-angelica-de-seta","tag-la-pecora-nera-beach"],"yoast_head":"<!-- This site is optimized with the Yoast SEO plugin v27.2 - https:\/\/yoast.com\/product\/yoast-seo-wordpress\/ -->\n<title>Angelica De Seta \u00e8 la nuova miss La Pecora Nera Beach<\/title>\n<meta name=\"description\" content=\"La calabrese Angelica De Seta \u00e8 la nuova Miss la Pecora Nera Beach. vincitrice della quarta selezione di Miss Italia Calabria.\" \/>\n<meta name=\"robots\" content=\"index, follow, max-snippet:-1, max-image-preview:large, max-video-preview:-1\" \/>\n<link rel=\"canonical\" href=\"https:\/\/progettotouring.it\/radiotouring104\/2022\/07\/21\/angelica-de-seta-e-la-nuova-miss-la-pecora-nera-beach\/\" \/>\n<meta property=\"og:locale\" content=\"it_IT\" \/>\n<meta property=\"og:type\" content=\"article\" \/>\n<meta property=\"og:title\" content=\"Angelica De Seta \u00e8 la nuova miss La Pecora Nera Beach\" \/>\n<meta property=\"og:description\" content=\"La calabrese Angelica De Seta \u00e8 la nuova Miss la Pecora Nera Beach. vincitrice della quarta selezione di Miss Italia Calabria.\" \/>\n<meta property=\"og:url\" content=\"https:\/\/progettotouring.it\/radiotouring104\/2022\/07\/21\/angelica-de-seta-e-la-nuova-miss-la-pecora-nera-beach\/\" \/>\n<meta property=\"og:site_name\" content=\"Radio Touring 104\" \/>\n<meta property=\"article:published_time\" content=\"2022-07-21T12:30:16+00:00\" \/>\n<meta property=\"og:image\" content=\"https:\/\/progettotouring.it\/radiotouring104\/wp-content\/uploads\/sites\/6\/2022\/07\/ANGELICA-DE-SETA.jpg\" \/>\n\t<meta property=\"og:image:width\" content=\"1278\" \/>\n\t<meta property=\"og:image:height\" content=\"959\" \/>\n\t<meta property=\"og:image:type\" content=\"image\/jpeg\" \/>\n<meta name=\"author\" content=\"Filippo Francesco Idone\" \/>\n<meta name=\"twitter:card\" content=\"summary_large_image\" \/>\n<meta name=\"twitter:label1\" content=\"Scritto da\" \/>\n\t<meta name=\"twitter:data1\" content=\"Filippo Francesco Idone\" \/>\n\t<meta name=\"twitter:label2\" content=\"Tempo di lettura stimato\" \/>\n\t<meta name=\"twitter:data2\" content=\"2 minuti\" \/>\n<script type=\"application\/ld+json\" class=\"yoast-schema-graph\">{\"@context\":\"https:\/\/schema.org\",\"@graph\":[{\"@type\":\"Article\",\"@id\":\"https:\/\/progettotouring.it\/radiotouring104\/2022\/07\/21\/angelica-de-seta-e-la-nuova-miss-la-pecora-nera-beach\/#article\",\"isPartOf\":{\"@id\":\"https:\/\/progettotouring.it\/radiotouring104\/2022\/07\/21\/angelica-de-seta-e-la-nuova-miss-la-pecora-nera-beach\/\"},\"author\":{\"name\":\"Filippo Francesco Idone\",\"@id\":\"https:\/\/progettotouring.it\/radiotouring104\/#\/schema\/person\/4a82259ca52ac8702ad1a8f9e5a3120b\"},\"headline\":\"Angelica De Seta \u00e8 la nuova miss La Pecora Nera Beach\",\"datePublished\":\"2022-07-21T12:30:16+00:00\",\"mainEntityOfPage\":{\"@id\":\"https:\/\/progettotouring.it\/radiotouring104\/2022\/07\/21\/angelica-de-seta-e-la-nuova-miss-la-pecora-nera-beach\/\"},\"wordCount\":392,\"commentCount\":0,\"publisher\":{\"@id\":\"https:\/\/progettotouring.it\/radiotouring104\/#organization\"},\"image\":{\"@id\":\"https:\/\/progettotouring.it\/radiotouring104\/2022\/07\/21\/angelica-de-seta-e-la-nuova-miss-la-pecora-nera-beach\/#primaryimage\"},\"thumbnailUrl\":\"https:\/\/progettotouring.it\/radiotouring104\/wp-content\/uploads\/sites\/6\/2022\/07\/ANGELICA-DE-SETA.jpg\",\"keywords\":[\"Angelica De Seta\",\"La Pecora Nera Beach\"],\"articleSection\":[\"Home\",\"News\",\"Reggio Calabria\"],\"inLanguage\":\"it-IT\",\"potentialAction\":[{\"@type\":\"CommentAction\",\"name\":\"Comment\",\"target\":[\"https:\/\/progettotouring.it\/radiotouring104\/2022\/07\/21\/angelica-de-seta-e-la-nuova-miss-la-pecora-nera-beach\/#respond\"]}]},{\"@type\":\"WebPage\",\"@id\":\"https:\/\/progettotouring.it\/radiotouring104\/2022\/07\/21\/angelica-de-seta-e-la-nuova-miss-la-pecora-nera-beach\/\",\"url\":\"https:\/\/progettotouring.it\/radiotouring104\/2022\/07\/21\/angelica-de-seta-e-la-nuova-miss-la-pecora-nera-beach\/\",\"name\":\"Angelica De Seta \u00e8 la nuova miss La Pecora Nera Beach\",\"isPartOf\":{\"@id\":\"https:\/\/progettotouring.it\/radiotouring104\/#website\"},\"primaryImageOfPage\":{\"@id\":\"https:\/\/progettotouring.it\/radiotouring104\/2022\/07\/21\/angelica-de-seta-e-la-nuova-miss-la-pecora-nera-beach\/#primaryimage\"},\"image\":{\"@id\":\"https:\/\/progettotouring.it\/radiotouring104\/2022\/07\/21\/angelica-de-seta-e-la-nuova-miss-la-pecora-nera-beach\/#primaryimage\"},\"thumbnailUrl\":\"https:\/\/progettotouring.it\/radiotouring104\/wp-content\/uploads\/sites\/6\/2022\/07\/ANGELICA-DE-SETA.jpg\",\"datePublished\":\"2022-07-21T12:30:16+00:00\",\"description\":\"La calabrese Angelica De Seta \u00e8 la nuova Miss la Pecora Nera Beach. vincitrice della quarta selezione di Miss Italia Calabria.\",\"breadcrumb\":{\"@id\":\"https:\/\/progettotouring.it\/radiotouring104\/2022\/07\/21\/angelica-de-seta-e-la-nuova-miss-la-pecora-nera-beach\/#breadcrumb\"},\"inLanguage\":\"it-IT\",\"potentialAction\":[{\"@type\":\"ReadAction\",\"target\":[\"https:\/\/progettotouring.it\/radiotouring104\/2022\/07\/21\/angelica-de-seta-e-la-nuova-miss-la-pecora-nera-beach\/\"]}]},{\"@type\":\"ImageObject\",\"inLanguage\":\"it-IT\",\"@id\":\"https:\/\/progettotouring.it\/radiotouring104\/2022\/07\/21\/angelica-de-seta-e-la-nuova-miss-la-pecora-nera-beach\/#primaryimage\",\"url\":\"https:\/\/progettotouring.it\/radiotouring104\/wp-content\/uploads\/sites\/6\/2022\/07\/ANGELICA-DE-SETA.jpg\",\"contentUrl\":\"https:\/\/progettotouring.it\/radiotouring104\/wp-content\/uploads\/sites\/6\/2022\/07\/ANGELICA-DE-SETA.jpg\",\"width\":1278,\"height\":959},{\"@type\":\"BreadcrumbList\",\"@id\":\"https:\/\/progettotouring.it\/radiotouring104\/2022\/07\/21\/angelica-de-seta-e-la-nuova-miss-la-pecora-nera-beach\/#breadcrumb\",\"itemListElement\":[{\"@type\":\"ListItem\",\"position\":1,\"name\":\"Home\",\"item\":\"https:\/\/progettotouring.it\/radiotouring104\/\"},{\"@type\":\"ListItem\",\"position\":2,\"name\":\"Angelica De Seta \u00e8 la nuova miss La Pecora Nera Beach\"}]},{\"@type\":\"WebSite\",\"@id\":\"https:\/\/progettotouring.it\/radiotouring104\/#website\",\"url\":\"https:\/\/progettotouring.it\/radiotouring104\/\",\"name\":\"Radio Touring 104\",\"description\":\"La prima radio Reggina\",\"publisher\":{\"@id\":\"https:\/\/progettotouring.it\/radiotouring104\/#organization\"},\"potentialAction\":[{\"@type\":\"SearchAction\",\"target\":{\"@type\":\"EntryPoint\",\"urlTemplate\":\"https:\/\/progettotouring.it\/radiotouring104\/?s={search_term_string}\"},\"query-input\":{\"@type\":\"PropertyValueSpecification\",\"valueRequired\":true,\"valueName\":\"search_term_string\"}}],\"inLanguage\":\"it-IT\"},{\"@type\":\"Organization\",\"@id\":\"https:\/\/progettotouring.it\/radiotouring104\/#organization\",\"name\":\"Radio Touring 104\",\"url\":\"https:\/\/progettotouring.it\/radiotouring104\/\",\"logo\":{\"@type\":\"ImageObject\",\"inLanguage\":\"it-IT\",\"@id\":\"https:\/\/progettotouring.it\/radiotouring104\/#\/schema\/logo\/image\/\",\"url\":\"https:\/\/progettotouring.it\/radiotouring104\/wp-content\/uploads\/sites\/6\/2022\/02\/cropped-logo-radio-touring-104.png\",\"contentUrl\":\"https:\/\/progettotouring.it\/radiotouring104\/wp-content\/uploads\/sites\/6\/2022\/02\/cropped-logo-radio-touring-104.png\",\"width\":377,\"height\":182,\"caption\":\"Radio Touring 104\"},\"image\":{\"@id\":\"https:\/\/progettotouring.it\/radiotouring104\/#\/schema\/logo\/image\/\"}},{\"@type\":\"Person\",\"@id\":\"https:\/\/progettotouring.it\/radiotouring104\/#\/schema\/person\/4a82259ca52ac8702ad1a8f9e5a3120b\",\"name\":\"Filippo Francesco Idone\",\"image\":{\"@type\":\"ImageObject\",\"inLanguage\":\"it-IT\",\"@id\":\"https:\/\/secure.gravatar.com\/avatar\/7268715d2366395c3dd314385670e6484117d44f5c442e61e230f7008b7b62d3?s=96&d=mm&r=g\",\"url\":\"https:\/\/secure.gravatar.com\/avatar\/7268715d2366395c3dd314385670e6484117d44f5c442e61e230f7008b7b62d3?s=96&d=mm&r=g\",\"contentUrl\":\"https:\/\/secure.gravatar.com\/avatar\/7268715d2366395c3dd314385670e6484117d44f5c442e61e230f7008b7b62d3?s=96&d=mm&r=g\",\"caption\":\"Filippo Francesco Idone\"},\"url\":\"https:\/\/progettotouring.it\/radiotouring104\/author\/filippoidone\/\"}]}<\/script>\n<!-- \/ Yoast SEO plugin. -->","yoast_head_json":{"title":"Angelica De Seta \u00e8 la nuova miss La Pecora Nera Beach","description":"La calabrese Angelica De Seta \u00e8 la nuova Miss la Pecora Nera Beach. vincitrice della quarta selezione di Miss Italia Calabria.","robots":{"index":"index","follow":"follow","max-snippet":"max-snippet:-1","max-image-preview":"max-image-preview:large","max-video-preview":"max-video-preview:-1"},"canonical":"https:\/\/progettotouring.it\/radiotouring104\/2022\/07\/21\/angelica-de-seta-e-la-nuova-miss-la-pecora-nera-beach\/","og_locale":"it_IT","og_type":"article","og_title":"Angelica De Seta \u00e8 la nuova miss La Pecora Nera Beach","og_description":"La calabrese Angelica De Seta \u00e8 la nuova Miss la Pecora Nera Beach. vincitrice della quarta selezione di Miss Italia Calabria.","og_url":"https:\/\/progettotouring.it\/radiotouring104\/2022\/07\/21\/angelica-de-seta-e-la-nuova-miss-la-pecora-nera-beach\/","og_site_name":"Radio Touring 104","article_published_time":"2022-07-21T12:30:16+00:00","og_image":[{"width":1278,"height":959,"url":"https:\/\/progettotouring.it\/radiotouring104\/wp-content\/uploads\/sites\/6\/2022\/07\/ANGELICA-DE-SETA.jpg","type":"image\/jpeg"}],"author":"Filippo Francesco Idone","twitter_card":"summary_large_image","twitter_misc":{"Scritto da":"Filippo Francesco Idone","Tempo di lettura stimato":"2 minuti"},"schema":{"@context":"https:\/\/schema.org","@graph":[{"@type":"Article","@id":"https:\/\/progettotouring.it\/radiotouring104\/2022\/07\/21\/angelica-de-seta-e-la-nuova-miss-la-pecora-nera-beach\/#article","isPartOf":{"@id":"https:\/\/progettotouring.it\/radiotouring104\/2022\/07\/21\/angelica-de-seta-e-la-nuova-miss-la-pecora-nera-beach\/"},"author":{"name":"Filippo Francesco Idone","@id":"https:\/\/progettotouring.it\/radiotouring104\/#\/schema\/person\/4a82259ca52ac8702ad1a8f9e5a3120b"},"headline":"Angelica De Seta \u00e8 la nuova miss La Pecora Nera Beach","datePublished":"2022-07-21T12:30:16+00:00","mainEntityOfPage":{"@id":"https:\/\/progettotouring.it\/radiotouring104\/2022\/07\/21\/angelica-de-seta-e-la-nuova-miss-la-pecora-nera-beach\/"},"wordCount":392,"commentCount":0,"publisher":{"@id":"https:\/\/progettotouring.it\/radiotouring104\/#organization"},"image":{"@id":"https:\/\/progettotouring.it\/radiotouring104\/2022\/07\/21\/angelica-de-seta-e-la-nuova-miss-la-pecora-nera-beach\/#primaryimage"},"thumbnailUrl":"https:\/\/progettotouring.it\/radiotouring104\/wp-content\/uploads\/sites\/6\/2022\/07\/ANGELICA-DE-SETA.jpg","keywords":["Angelica De Seta","La Pecora Nera Beach"],"articleSection":["Home","News","Reggio Calabria"],"inLanguage":"it-IT","potentialAction":[{"@type":"CommentAction","name":"Comment","target":["https:\/\/progettotouring.it\/radiotouring104\/2022\/07\/21\/angelica-de-seta-e-la-nuova-miss-la-pecora-nera-beach\/#respond"]}]},{"@type":"WebPage","@id":"https:\/\/progettotouring.it\/radiotouring104\/2022\/07\/21\/angelica-de-seta-e-la-nuova-miss-la-pecora-nera-beach\/","url":"https:\/\/progettotouring.it\/radiotouring104\/2022\/07\/21\/angelica-de-seta-e-la-nuova-miss-la-pecora-nera-beach\/","name":"Angelica De Seta \u00e8 la nuova miss La Pecora Nera Beach","isPartOf":{"@id":"https:\/\/progettotouring.it\/radiotouring104\/#website"},"primaryImageOfPage":{"@id":"https:\/\/progettotouring.it\/radiotouring104\/2022\/07\/21\/angelica-de-seta-e-la-nuova-miss-la-pecora-nera-beach\/#primaryimage"},"image":{"@id":"https:\/\/progettotouring.it\/radiotouring104\/2022\/07\/21\/angelica-de-seta-e-la-nuova-miss-la-pecora-nera-beach\/#primaryimage"},"thumbnailUrl":"https:\/\/progettotouring.it\/radiotouring104\/wp-content\/uploads\/sites\/6\/2022\/07\/ANGELICA-DE-SETA.jpg","datePublished":"2022-07-21T12:30:16+00:00","description":"La calabrese Angelica De Seta \u00e8 la nuova Miss la Pecora Nera Beach. vincitrice della quarta selezione di Miss Italia Calabria.","breadcrumb":{"@id":"https:\/\/progettotouring.it\/radiotouring104\/2022\/07\/21\/angelica-de-seta-e-la-nuova-miss-la-pecora-nera-beach\/#breadcrumb"},"inLanguage":"it-IT","potentialAction":[{"@type":"ReadAction","target":["https:\/\/progettotouring.it\/radiotouring104\/2022\/07\/21\/angelica-de-seta-e-la-nuova-miss-la-pecora-nera-beach\/"]}]},{"@type":"ImageObject","inLanguage":"it-IT","@id":"https:\/\/progettotouring.it\/radiotouring104\/2022\/07\/21\/angelica-de-seta-e-la-nuova-miss-la-pecora-nera-beach\/#primaryimage","url":"https:\/\/progettotouring.it\/radiotouring104\/wp-content\/uploads\/sites\/6\/2022\/07\/ANGELICA-DE-SETA.jpg","contentUrl":"https:\/\/progettotouring.it\/radiotouring104\/wp-content\/uploads\/sites\/6\/2022\/07\/ANGELICA-DE-SETA.jpg","width":1278,"height":959},{"@type":"BreadcrumbList","@id":"https:\/\/progettotouring.it\/radiotouring104\/2022\/07\/21\/angelica-de-seta-e-la-nuova-miss-la-pecora-nera-beach\/#breadcrumb","itemListElement":[{"@type":"ListItem","position":1,"name":"Home","item":"https:\/\/progettotouring.it\/radiotouring104\/"},{"@type":"ListItem","position":2,"name":"Angelica De Seta \u00e8 la nuova miss La Pecora Nera Beach"}]},{"@type":"WebSite","@id":"https:\/\/progettotouring.it\/radiotouring104\/#website","url":"https:\/\/progettotouring.it\/radiotouring104\/","name":"Radio Touring 104","description":"La prima radio Reggina","publisher":{"@id":"https:\/\/progettotouring.it\/radiotouring104\/#organization"},"potentialAction":[{"@type":"SearchAction","target":{"@type":"EntryPoint","urlTemplate":"https:\/\/progettotouring.it\/radiotouring104\/?s={search_term_string}"},"query-input":{"@type":"PropertyValueSpecification","valueRequired":true,"valueName":"search_term_string"}}],"inLanguage":"it-IT"},{"@type":"Organization","@id":"https:\/\/progettotouring.it\/radiotouring104\/#organization","name":"Radio Touring 104","url":"https:\/\/progettotouring.it\/radiotouring104\/","logo":{"@type":"ImageObject","inLanguage":"it-IT","@id":"https:\/\/progettotouring.it\/radiotouring104\/#\/schema\/logo\/image\/","url":"https:\/\/progettotouring.it\/radiotouring104\/wp-content\/uploads\/sites\/6\/2022\/02\/cropped-logo-radio-touring-104.png","contentUrl":"https:\/\/progettotouring.it\/radiotouring104\/wp-content\/uploads\/sites\/6\/2022\/02\/cropped-logo-radio-touring-104.png","width":377,"height":182,"caption":"Radio Touring 104"},"image":{"@id":"https:\/\/progettotouring.it\/radiotouring104\/#\/schema\/logo\/image\/"}},{"@type":"Person","@id":"https:\/\/progettotouring.it\/radiotouring104\/#\/schema\/person\/4a82259ca52ac8702ad1a8f9e5a3120b","name":"Filippo Francesco Idone","image":{"@type":"ImageObject","inLanguage":"it-IT","@id":"https:\/\/secure.gravatar.com\/avatar\/7268715d2366395c3dd314385670e6484117d44f5c442e61e230f7008b7b62d3?s=96&d=mm&r=g","url":"https:\/\/secure.gravatar.com\/avatar\/7268715d2366395c3dd314385670e6484117d44f5c442e61e230f7008b7b62d3?s=96&d=mm&r=g","contentUrl":"https:\/\/secure.gravatar.com\/avatar\/7268715d2366395c3dd314385670e6484117d44f5c442e61e230f7008b7b62d3?s=96&d=mm&r=g","caption":"Filippo Francesco Idone"},"url":"https:\/\/progettotouring.it\/radiotouring104\/author\/filippoidone\/"}]}},"jetpack_publicize_connections":[],"jetpack_featured_media_url":"https:\/\/progettotouring.it\/radiotouring104\/wp-content\/uploads\/sites\/6\/2022\/07\/ANGELICA-DE-SETA.jpg","jetpack_sharing_enabled":true,"_links":{"self":[{"href":"https:\/\/progettotouring.it\/radiotouring104\/wp-json\/wp\/v2\/posts\/8184","targetHints":{"allow":["GET"]}}],"collection":[{"href":"https:\/\/progettotouring.it\/radiotouring104\/wp-json\/wp\/v2\/posts"}],"about":[{"href":"https:\/\/progettotouring.it\/radiotouring104\/wp-json\/wp\/v2\/types\/post"}],"author":[{"embeddable":true,"href":"https:\/\/progettotouring.it\/radiotouring104\/wp-json\/wp\/v2\/users\/8"}],"replies":[{"embeddable":true,"href":"https:\/\/progettotouring.it\/radiotouring104\/wp-json\/wp\/v2\/comments?post=8184"}],"version-history":[{"count":1,"href":"https:\/\/progettotouring.it\/radiotouring104\/wp-json\/wp\/v2\/posts\/8184\/revisions"}],"predecessor-version":[{"id":8186,"href":"https:\/\/progettotouring.it\/radiotouring104\/wp-json\/wp\/v2\/posts\/8184\/revisions\/8186"}],"wp:featuredmedia":[{"embeddable":true,"href":"https:\/\/progettotouring.it\/radiotouring104\/wp-json\/wp\/v2\/media\/8185"}],"wp:attachment":[{"href":"https:\/\/progettotouring.it\/radiotouring104\/wp-json\/wp\/v2\/media?parent=8184"}],"wp:term":[{"taxonomy":"category","embeddable":true,"href":"https:\/\/progettotouring.it\/radiotouring104\/wp-json\/wp\/v2\/categories?post=8184"},{"taxonomy":"post_tag","embeddable":true,"href":"https:\/\/progettotouring.it\/radiotouring104\/wp-json\/wp\/v2\/tags?post=8184"}],"curies":[{"name":"wp","href":"https:\/\/api.w.org\/{rel}","templated":true}]}}