{"id":82314,"date":"2025-09-27T09:59:22","date_gmt":"2025-09-27T07:59:22","guid":{"rendered":"https:\/\/progettotouring.it\/radiotouring104\/?p=82314"},"modified":"2025-09-27T09:59:22","modified_gmt":"2025-09-27T07:59:22","slug":"inaugurato-il-villaggio-reggio-calabria-comics-2025","status":"publish","type":"post","link":"https:\/\/progettotouring.it\/radiotouring104\/2025\/09\/27\/inaugurato-il-villaggio-reggio-calabria-comics-2025\/","title":{"rendered":"Inaugurato il villaggio Reggio Calabria Comics 2025"},"content":{"rendered":"<div>\u201cUna manifestazione che cresce e che fa crescere anche la nostra citt\u00e0, considerate le presenze attese in questi giorni. Il Reggio Calabria Comics \u00e8 entrato ormai pienamente nel sentire cittadini, offrendo ai moltissimi appassionati del settore, non sono in citt\u00e0 ma anche nel comprensorio, diversi momenti di incontro e confronto comune. Siamo lieti che in questa edizione ci sia stato un coinvolgimento ampio anche delle istituzioni, dal Comune, alla Citt\u00e0 metropolitana, ma penso anche l\u2019Universit\u00e0 Mediterranea e Poste Italiane che hanno reso omaggio all\u2019evento con uno speciale annullo filatelico. Grazie a questo il nome di Reggio Calabria e il suo Comics gireranno per tutta l\u2019Italia e ci fa davvero piacere perch\u00e9 contribuir\u00e0 a migliorare l\u2019immagine della nostra citt\u00e0. Chi visiter\u00e0 il Comics quest\u2019anno potr\u00e0 apprezzare tutto questo, dal fantastico mondo dei fumetti e a tutto il ci\u00f2 che ruota attorno, dalla musica ad attori che prestano la voce a personaggi animati dei cartoni animati e delle reclame. Complimenti a tutti ed in particolare agli organizzatori\u201d. C<\/div>\n<div>Cos\u00ec Giuseppe Falcomat\u00e0, sindaco di Reggio Calabria, partecipando all\u2019inaugurazione del villaggio Reggio Calabria Comics presso il Palabenvenuti di piazzale Botteghelle.<\/div>\n","protected":false},"excerpt":{"rendered":"<p>\u201cUna manifestazione che cresce e che fa crescere anche la nostra citt\u00e0, considerate le presenze attese in questi giorni. Il Reggio Calabria Comics \u00e8 entrato ormai pienamente nel sentire cittadini,&hellip;<\/p>\n","protected":false},"author":19,"featured_media":82315,"comment_status":"closed","ping_status":"open","sticky":false,"template":"","format":"standard","meta":{"_jetpack_memberships_contains_paid_content":false,"footnotes":"","jetpack_publicize_message":"","jetpack_publicize_feature_enabled":true,"jetpack_social_post_already_shared":true,"jetpack_social_options":{"image_generator_settings":{"template":"highway","default_image_id":0,"font":"","enabled":false},"version":2}},"categories":[921,196,140],"tags":[],"class_list":["post-82314","post","type-post","status-publish","format-standard","has-post-thumbnail","hentry","category-home","category-news","category-reggio-calabria"],"yoast_head":"<!-- This site is optimized with the Yoast SEO plugin v27.2 - https:\/\/yoast.com\/product\/yoast-seo-wordpress\/ -->\n<title>Inaugurato il villaggio Reggio Calabria Comics 2025 - Radio Touring 104<\/title>\n<meta name=\"description\" content=\"Falcomat\u00e0: \u201cPer questa edizione massimo coinvolgimento anche delle istituzioni, compresa l\u2019Universit\u00e0 e Poste Italiane che ha emesso un annullo filatelico\u201d\" \/>\n<meta name=\"robots\" content=\"index, follow, max-snippet:-1, max-image-preview:large, max-video-preview:-1\" \/>\n<link rel=\"canonical\" href=\"https:\/\/progettotouring.it\/radiotouring104\/2025\/09\/27\/inaugurato-il-villaggio-reggio-calabria-comics-2025\/\" \/>\n<meta property=\"og:locale\" content=\"it_IT\" \/>\n<meta property=\"og:type\" content=\"article\" \/>\n<meta property=\"og:title\" content=\"Inaugurato il villaggio Reggio Calabria Comics 2025 - Radio Touring 104\" \/>\n<meta property=\"og:description\" content=\"Falcomat\u00e0: \u201cPer questa edizione massimo coinvolgimento anche delle istituzioni, compresa l\u2019Universit\u00e0 e Poste Italiane che ha emesso un annullo filatelico\u201d\" \/>\n<meta property=\"og:url\" content=\"https:\/\/progettotouring.it\/radiotouring104\/2025\/09\/27\/inaugurato-il-villaggio-reggio-calabria-comics-2025\/\" \/>\n<meta property=\"og:site_name\" content=\"Radio Touring 104\" \/>\n<meta property=\"article:published_time\" content=\"2025-09-27T07:59:22+00:00\" \/>\n<meta property=\"og:image\" content=\"https:\/\/progettotouring.it\/radiotouring104\/wp-content\/uploads\/sites\/6\/2025\/09\/IMMAGINI-X-SITO-78.jpg\" \/>\n\t<meta property=\"og:image:width\" content=\"2000\" \/>\n\t<meta property=\"og:image:height\" content=\"1545\" \/>\n\t<meta property=\"og:image:type\" content=\"image\/jpeg\" \/>\n<meta name=\"author\" content=\"S L\" \/>\n<meta name=\"twitter:card\" content=\"summary_large_image\" \/>\n<meta name=\"twitter:label1\" content=\"Scritto da\" \/>\n\t<meta name=\"twitter:data1\" content=\"S L\" \/>\n\t<meta name=\"twitter:label2\" content=\"Tempo di lettura stimato\" \/>\n\t<meta name=\"twitter:data2\" content=\"1 minuto\" \/>\n<script type=\"application\/ld+json\" class=\"yoast-schema-graph\">{\"@context\":\"https:\/\/schema.org\",\"@graph\":[{\"@type\":\"Article\",\"@id\":\"https:\/\/progettotouring.it\/radiotouring104\/2025\/09\/27\/inaugurato-il-villaggio-reggio-calabria-comics-2025\/#article\",\"isPartOf\":{\"@id\":\"https:\/\/progettotouring.it\/radiotouring104\/2025\/09\/27\/inaugurato-il-villaggio-reggio-calabria-comics-2025\/\"},\"author\":{\"name\":\"S L\",\"@id\":\"https:\/\/progettotouring.it\/radiotouring104\/#\/schema\/person\/b9f9c3730b0a78814c9b9f3bfc52c619\"},\"headline\":\"Inaugurato il villaggio Reggio Calabria Comics 2025\",\"datePublished\":\"2025-09-27T07:59:22+00:00\",\"mainEntityOfPage\":{\"@id\":\"https:\/\/progettotouring.it\/radiotouring104\/2025\/09\/27\/inaugurato-il-villaggio-reggio-calabria-comics-2025\/\"},\"wordCount\":197,\"publisher\":{\"@id\":\"https:\/\/progettotouring.it\/radiotouring104\/#organization\"},\"image\":{\"@id\":\"https:\/\/progettotouring.it\/radiotouring104\/2025\/09\/27\/inaugurato-il-villaggio-reggio-calabria-comics-2025\/#primaryimage\"},\"thumbnailUrl\":\"https:\/\/progettotouring.it\/radiotouring104\/wp-content\/uploads\/sites\/6\/2025\/09\/IMMAGINI-X-SITO-78.jpg\",\"articleSection\":[\"Home\",\"News\",\"Reggio Calabria\"],\"inLanguage\":\"it-IT\"},{\"@type\":\"WebPage\",\"@id\":\"https:\/\/progettotouring.it\/radiotouring104\/2025\/09\/27\/inaugurato-il-villaggio-reggio-calabria-comics-2025\/\",\"url\":\"https:\/\/progettotouring.it\/radiotouring104\/2025\/09\/27\/inaugurato-il-villaggio-reggio-calabria-comics-2025\/\",\"name\":\"Inaugurato il villaggio Reggio Calabria Comics 2025 - Radio Touring 104\",\"isPartOf\":{\"@id\":\"https:\/\/progettotouring.it\/radiotouring104\/#website\"},\"primaryImageOfPage\":{\"@id\":\"https:\/\/progettotouring.it\/radiotouring104\/2025\/09\/27\/inaugurato-il-villaggio-reggio-calabria-comics-2025\/#primaryimage\"},\"image\":{\"@id\":\"https:\/\/progettotouring.it\/radiotouring104\/2025\/09\/27\/inaugurato-il-villaggio-reggio-calabria-comics-2025\/#primaryimage\"},\"thumbnailUrl\":\"https:\/\/progettotouring.it\/radiotouring104\/wp-content\/uploads\/sites\/6\/2025\/09\/IMMAGINI-X-SITO-78.jpg\",\"datePublished\":\"2025-09-27T07:59:22+00:00\",\"description\":\"Falcomat\u00e0: \u201cPer questa edizione massimo coinvolgimento anche delle istituzioni, compresa l\u2019Universit\u00e0 e Poste Italiane che ha emesso un annullo filatelico\u201d\",\"breadcrumb\":{\"@id\":\"https:\/\/progettotouring.it\/radiotouring104\/2025\/09\/27\/inaugurato-il-villaggio-reggio-calabria-comics-2025\/#breadcrumb\"},\"inLanguage\":\"it-IT\",\"potentialAction\":[{\"@type\":\"ReadAction\",\"target\":[\"https:\/\/progettotouring.it\/radiotouring104\/2025\/09\/27\/inaugurato-il-villaggio-reggio-calabria-comics-2025\/\"]}]},{\"@type\":\"ImageObject\",\"inLanguage\":\"it-IT\",\"@id\":\"https:\/\/progettotouring.it\/radiotouring104\/2025\/09\/27\/inaugurato-il-villaggio-reggio-calabria-comics-2025\/#primaryimage\",\"url\":\"https:\/\/progettotouring.it\/radiotouring104\/wp-content\/uploads\/sites\/6\/2025\/09\/IMMAGINI-X-SITO-78.jpg\",\"contentUrl\":\"https:\/\/progettotouring.it\/radiotouring104\/wp-content\/uploads\/sites\/6\/2025\/09\/IMMAGINI-X-SITO-78.jpg\",\"width\":2000,\"height\":1545},{\"@type\":\"BreadcrumbList\",\"@id\":\"https:\/\/progettotouring.it\/radiotouring104\/2025\/09\/27\/inaugurato-il-villaggio-reggio-calabria-comics-2025\/#breadcrumb\",\"itemListElement\":[{\"@type\":\"ListItem\",\"position\":1,\"name\":\"Home\",\"item\":\"https:\/\/progettotouring.it\/radiotouring104\/\"},{\"@type\":\"ListItem\",\"position\":2,\"name\":\"Inaugurato il villaggio Reggio Calabria Comics 2025\"}]},{\"@type\":\"WebSite\",\"@id\":\"https:\/\/progettotouring.it\/radiotouring104\/#website\",\"url\":\"https:\/\/progettotouring.it\/radiotouring104\/\",\"name\":\"Radio Touring 104\",\"description\":\"La prima radio Reggina\",\"publisher\":{\"@id\":\"https:\/\/progettotouring.it\/radiotouring104\/#organization\"},\"potentialAction\":[{\"@type\":\"SearchAction\",\"target\":{\"@type\":\"EntryPoint\",\"urlTemplate\":\"https:\/\/progettotouring.it\/radiotouring104\/?s={search_term_string}\"},\"query-input\":{\"@type\":\"PropertyValueSpecification\",\"valueRequired\":true,\"valueName\":\"search_term_string\"}}],\"inLanguage\":\"it-IT\"},{\"@type\":\"Organization\",\"@id\":\"https:\/\/progettotouring.it\/radiotouring104\/#organization\",\"name\":\"Radio Touring 104\",\"url\":\"https:\/\/progettotouring.it\/radiotouring104\/\",\"logo\":{\"@type\":\"ImageObject\",\"inLanguage\":\"it-IT\",\"@id\":\"https:\/\/progettotouring.it\/radiotouring104\/#\/schema\/logo\/image\/\",\"url\":\"https:\/\/progettotouring.it\/radiotouring104\/wp-content\/uploads\/sites\/6\/2022\/02\/cropped-logo-radio-touring-104.png\",\"contentUrl\":\"https:\/\/progettotouring.it\/radiotouring104\/wp-content\/uploads\/sites\/6\/2022\/02\/cropped-logo-radio-touring-104.png\",\"width\":377,\"height\":182,\"caption\":\"Radio Touring 104\"},\"image\":{\"@id\":\"https:\/\/progettotouring.it\/radiotouring104\/#\/schema\/logo\/image\/\"}},{\"@type\":\"Person\",\"@id\":\"https:\/\/progettotouring.it\/radiotouring104\/#\/schema\/person\/b9f9c3730b0a78814c9b9f3bfc52c619\",\"name\":\"S L\",\"image\":{\"@type\":\"ImageObject\",\"inLanguage\":\"it-IT\",\"@id\":\"https:\/\/secure.gravatar.com\/avatar\/652c51789d7030aaed9ff828331360502a68204fe6fb0831bc280515210e16d2?s=96&d=mm&r=g\",\"url\":\"https:\/\/secure.gravatar.com\/avatar\/652c51789d7030aaed9ff828331360502a68204fe6fb0831bc280515210e16d2?s=96&d=mm&r=g\",\"contentUrl\":\"https:\/\/secure.gravatar.com\/avatar\/652c51789d7030aaed9ff828331360502a68204fe6fb0831bc280515210e16d2?s=96&d=mm&r=g\",\"caption\":\"S L\"},\"url\":\"https:\/\/progettotouring.it\/radiotouring104\/author\/slibri\/\"}]}<\/script>\n<!-- \/ Yoast SEO plugin. -->","yoast_head_json":{"title":"Inaugurato il villaggio Reggio Calabria Comics 2025 - Radio Touring 104","description":"Falcomat\u00e0: \u201cPer questa edizione massimo coinvolgimento anche delle istituzioni, compresa l\u2019Universit\u00e0 e Poste Italiane che ha emesso un annullo filatelico\u201d","robots":{"index":"index","follow":"follow","max-snippet":"max-snippet:-1","max-image-preview":"max-image-preview:large","max-video-preview":"max-video-preview:-1"},"canonical":"https:\/\/progettotouring.it\/radiotouring104\/2025\/09\/27\/inaugurato-il-villaggio-reggio-calabria-comics-2025\/","og_locale":"it_IT","og_type":"article","og_title":"Inaugurato il villaggio Reggio Calabria Comics 2025 - Radio Touring 104","og_description":"Falcomat\u00e0: \u201cPer questa edizione massimo coinvolgimento anche delle istituzioni, compresa l\u2019Universit\u00e0 e Poste Italiane che ha emesso un annullo filatelico\u201d","og_url":"https:\/\/progettotouring.it\/radiotouring104\/2025\/09\/27\/inaugurato-il-villaggio-reggio-calabria-comics-2025\/","og_site_name":"Radio Touring 104","article_published_time":"2025-09-27T07:59:22+00:00","og_image":[{"width":2000,"height":1545,"url":"https:\/\/progettotouring.it\/radiotouring104\/wp-content\/uploads\/sites\/6\/2025\/09\/IMMAGINI-X-SITO-78.jpg","type":"image\/jpeg"}],"author":"S L","twitter_card":"summary_large_image","twitter_misc":{"Scritto da":"S L","Tempo di lettura stimato":"1 minuto"},"schema":{"@context":"https:\/\/schema.org","@graph":[{"@type":"Article","@id":"https:\/\/progettotouring.it\/radiotouring104\/2025\/09\/27\/inaugurato-il-villaggio-reggio-calabria-comics-2025\/#article","isPartOf":{"@id":"https:\/\/progettotouring.it\/radiotouring104\/2025\/09\/27\/inaugurato-il-villaggio-reggio-calabria-comics-2025\/"},"author":{"name":"S L","@id":"https:\/\/progettotouring.it\/radiotouring104\/#\/schema\/person\/b9f9c3730b0a78814c9b9f3bfc52c619"},"headline":"Inaugurato il villaggio Reggio Calabria Comics 2025","datePublished":"2025-09-27T07:59:22+00:00","mainEntityOfPage":{"@id":"https:\/\/progettotouring.it\/radiotouring104\/2025\/09\/27\/inaugurato-il-villaggio-reggio-calabria-comics-2025\/"},"wordCount":197,"publisher":{"@id":"https:\/\/progettotouring.it\/radiotouring104\/#organization"},"image":{"@id":"https:\/\/progettotouring.it\/radiotouring104\/2025\/09\/27\/inaugurato-il-villaggio-reggio-calabria-comics-2025\/#primaryimage"},"thumbnailUrl":"https:\/\/progettotouring.it\/radiotouring104\/wp-content\/uploads\/sites\/6\/2025\/09\/IMMAGINI-X-SITO-78.jpg","articleSection":["Home","News","Reggio Calabria"],"inLanguage":"it-IT"},{"@type":"WebPage","@id":"https:\/\/progettotouring.it\/radiotouring104\/2025\/09\/27\/inaugurato-il-villaggio-reggio-calabria-comics-2025\/","url":"https:\/\/progettotouring.it\/radiotouring104\/2025\/09\/27\/inaugurato-il-villaggio-reggio-calabria-comics-2025\/","name":"Inaugurato il villaggio Reggio Calabria Comics 2025 - Radio Touring 104","isPartOf":{"@id":"https:\/\/progettotouring.it\/radiotouring104\/#website"},"primaryImageOfPage":{"@id":"https:\/\/progettotouring.it\/radiotouring104\/2025\/09\/27\/inaugurato-il-villaggio-reggio-calabria-comics-2025\/#primaryimage"},"image":{"@id":"https:\/\/progettotouring.it\/radiotouring104\/2025\/09\/27\/inaugurato-il-villaggio-reggio-calabria-comics-2025\/#primaryimage"},"thumbnailUrl":"https:\/\/progettotouring.it\/radiotouring104\/wp-content\/uploads\/sites\/6\/2025\/09\/IMMAGINI-X-SITO-78.jpg","datePublished":"2025-09-27T07:59:22+00:00","description":"Falcomat\u00e0: \u201cPer questa edizione massimo coinvolgimento anche delle istituzioni, compresa l\u2019Universit\u00e0 e Poste Italiane che ha emesso un annullo filatelico\u201d","breadcrumb":{"@id":"https:\/\/progettotouring.it\/radiotouring104\/2025\/09\/27\/inaugurato-il-villaggio-reggio-calabria-comics-2025\/#breadcrumb"},"inLanguage":"it-IT","potentialAction":[{"@type":"ReadAction","target":["https:\/\/progettotouring.it\/radiotouring104\/2025\/09\/27\/inaugurato-il-villaggio-reggio-calabria-comics-2025\/"]}]},{"@type":"ImageObject","inLanguage":"it-IT","@id":"https:\/\/progettotouring.it\/radiotouring104\/2025\/09\/27\/inaugurato-il-villaggio-reggio-calabria-comics-2025\/#primaryimage","url":"https:\/\/progettotouring.it\/radiotouring104\/wp-content\/uploads\/sites\/6\/2025\/09\/IMMAGINI-X-SITO-78.jpg","contentUrl":"https:\/\/progettotouring.it\/radiotouring104\/wp-content\/uploads\/sites\/6\/2025\/09\/IMMAGINI-X-SITO-78.jpg","width":2000,"height":1545},{"@type":"BreadcrumbList","@id":"https:\/\/progettotouring.it\/radiotouring104\/2025\/09\/27\/inaugurato-il-villaggio-reggio-calabria-comics-2025\/#breadcrumb","itemListElement":[{"@type":"ListItem","position":1,"name":"Home","item":"https:\/\/progettotouring.it\/radiotouring104\/"},{"@type":"ListItem","position":2,"name":"Inaugurato il villaggio Reggio Calabria Comics 2025"}]},{"@type":"WebSite","@id":"https:\/\/progettotouring.it\/radiotouring104\/#website","url":"https:\/\/progettotouring.it\/radiotouring104\/","name":"Radio Touring 104","description":"La prima radio Reggina","publisher":{"@id":"https:\/\/progettotouring.it\/radiotouring104\/#organization"},"potentialAction":[{"@type":"SearchAction","target":{"@type":"EntryPoint","urlTemplate":"https:\/\/progettotouring.it\/radiotouring104\/?s={search_term_string}"},"query-input":{"@type":"PropertyValueSpecification","valueRequired":true,"valueName":"search_term_string"}}],"inLanguage":"it-IT"},{"@type":"Organization","@id":"https:\/\/progettotouring.it\/radiotouring104\/#organization","name":"Radio Touring 104","url":"https:\/\/progettotouring.it\/radiotouring104\/","logo":{"@type":"ImageObject","inLanguage":"it-IT","@id":"https:\/\/progettotouring.it\/radiotouring104\/#\/schema\/logo\/image\/","url":"https:\/\/progettotouring.it\/radiotouring104\/wp-content\/uploads\/sites\/6\/2022\/02\/cropped-logo-radio-touring-104.png","contentUrl":"https:\/\/progettotouring.it\/radiotouring104\/wp-content\/uploads\/sites\/6\/2022\/02\/cropped-logo-radio-touring-104.png","width":377,"height":182,"caption":"Radio Touring 104"},"image":{"@id":"https:\/\/progettotouring.it\/radiotouring104\/#\/schema\/logo\/image\/"}},{"@type":"Person","@id":"https:\/\/progettotouring.it\/radiotouring104\/#\/schema\/person\/b9f9c3730b0a78814c9b9f3bfc52c619","name":"S L","image":{"@type":"ImageObject","inLanguage":"it-IT","@id":"https:\/\/secure.gravatar.com\/avatar\/652c51789d7030aaed9ff828331360502a68204fe6fb0831bc280515210e16d2?s=96&d=mm&r=g","url":"https:\/\/secure.gravatar.com\/avatar\/652c51789d7030aaed9ff828331360502a68204fe6fb0831bc280515210e16d2?s=96&d=mm&r=g","contentUrl":"https:\/\/secure.gravatar.com\/avatar\/652c51789d7030aaed9ff828331360502a68204fe6fb0831bc280515210e16d2?s=96&d=mm&r=g","caption":"S L"},"url":"https:\/\/progettotouring.it\/radiotouring104\/author\/slibri\/"}]}},"jetpack_publicize_connections":[],"jetpack_featured_media_url":"https:\/\/progettotouring.it\/radiotouring104\/wp-content\/uploads\/sites\/6\/2025\/09\/IMMAGINI-X-SITO-78.jpg","jetpack_sharing_enabled":true,"_links":{"self":[{"href":"https:\/\/progettotouring.it\/radiotouring104\/wp-json\/wp\/v2\/posts\/82314","targetHints":{"allow":["GET"]}}],"collection":[{"href":"https:\/\/progettotouring.it\/radiotouring104\/wp-json\/wp\/v2\/posts"}],"about":[{"href":"https:\/\/progettotouring.it\/radiotouring104\/wp-json\/wp\/v2\/types\/post"}],"author":[{"embeddable":true,"href":"https:\/\/progettotouring.it\/radiotouring104\/wp-json\/wp\/v2\/users\/19"}],"replies":[{"embeddable":true,"href":"https:\/\/progettotouring.it\/radiotouring104\/wp-json\/wp\/v2\/comments?post=82314"}],"version-history":[{"count":1,"href":"https:\/\/progettotouring.it\/radiotouring104\/wp-json\/wp\/v2\/posts\/82314\/revisions"}],"predecessor-version":[{"id":82316,"href":"https:\/\/progettotouring.it\/radiotouring104\/wp-json\/wp\/v2\/posts\/82314\/revisions\/82316"}],"wp:featuredmedia":[{"embeddable":true,"href":"https:\/\/progettotouring.it\/radiotouring104\/wp-json\/wp\/v2\/media\/82315"}],"wp:attachment":[{"href":"https:\/\/progettotouring.it\/radiotouring104\/wp-json\/wp\/v2\/media?parent=82314"}],"wp:term":[{"taxonomy":"category","embeddable":true,"href":"https:\/\/progettotouring.it\/radiotouring104\/wp-json\/wp\/v2\/categories?post=82314"},{"taxonomy":"post_tag","embeddable":true,"href":"https:\/\/progettotouring.it\/radiotouring104\/wp-json\/wp\/v2\/tags?post=82314"}],"curies":[{"name":"wp","href":"https:\/\/api.w.org\/{rel}","templated":true}]}}