{"id":82323,"date":"2025-09-27T12:46:06","date_gmt":"2025-09-27T10:46:06","guid":{"rendered":"https:\/\/progettotouring.it\/radiotouring104\/?p=82323"},"modified":"2025-09-27T12:46:06","modified_gmt":"2025-09-27T10:46:06","slug":"al-planetarium-pythagoras-si-parla-di-filosofia-quantistica","status":"publish","type":"post","link":"https:\/\/progettotouring.it\/radiotouring104\/2025\/09\/27\/al-planetarium-pythagoras-si-parla-di-filosofia-quantistica\/","title":{"rendered":"Al Planetarium Pythagoras si parla di Filosofia Quantistica"},"content":{"rendered":"<p>Quarto e ultimo appuntamento con la fortunata rassegna <em>\u00abFilosofia Quantistica\u00bb<\/em> condotta al Planetarium Pythagoras &#8211; Citt\u00e0 Metropolitana di Reggio Calabria dal prof. Gianfranco Cord\u00ec, filosofo della scienza.<\/p>\n<p>Marted\u00ec 30 settembre, alle ore 21.00, il discorso verter\u00e0 sull\u2019argomento molto pi\u00f9 generale dell\u2019<em>\u00abIdea di determinismo nella fisica classica e nella fisica moderna\u00bb.<\/em><\/p>\n<p>Partendo dalle considerazioni di Alexandre Koj\u00e8ve, il prof. Cord\u00ec render\u00e0 partecipe il pubblico di uno dei pi\u00f9 importanti problemi del pensiero filosofico-scientifico.<\/p>\n<p>La serata finale della rassegna costituir\u00e0 quindi l\u2019occasione per penetrare dentro il significato di una vera e propria <em>\u00abFilosofia quantistica<\/em>\u00bb.<\/p>\n<p>L\u2019ingresso \u00e8 libero e gratuito. Non occorre prenotare.<\/p>\n","protected":false},"excerpt":{"rendered":"<p>Quarto e ultimo appuntamento con la fortunata rassegna \u00abFilosofia Quantistica\u00bb condotta al Planetarium Pythagoras &#8211; Citt\u00e0 Metropolitana di Reggio Calabria dal prof. Gianfranco Cord\u00ec, filosofo della scienza. Marted\u00ec 30 settembre,&hellip;<\/p>\n","protected":false},"author":19,"featured_media":82324,"comment_status":"closed","ping_status":"open","sticky":false,"template":"","format":"standard","meta":{"_jetpack_memberships_contains_paid_content":false,"footnotes":"","jetpack_publicize_message":"","jetpack_publicize_feature_enabled":true,"jetpack_social_post_already_shared":true,"jetpack_social_options":{"image_generator_settings":{"template":"highway","default_image_id":0,"font":"","enabled":false},"version":2}},"categories":[145,921,196,140],"tags":[],"class_list":["post-82323","post","type-post","status-publish","format-standard","has-post-thumbnail","hentry","category-cultura","category-home","category-news","category-reggio-calabria"],"yoast_head":"<!-- This site is optimized with the Yoast SEO plugin v27.2 - https:\/\/yoast.com\/product\/yoast-seo-wordpress\/ -->\n<title>Al Planetarium Pythagoras si parla di Filosofia Quantistica - Radio Touring 104<\/title>\n<meta name=\"description\" content=\"Marted\u00ec 30 settembre, alle ore 21.00, incontro con il prof. Gianfranco Cord\u00ec, filosofo della scienza\" \/>\n<meta name=\"robots\" content=\"index, follow, max-snippet:-1, max-image-preview:large, max-video-preview:-1\" \/>\n<link rel=\"canonical\" href=\"https:\/\/progettotouring.it\/radiotouring104\/2025\/09\/27\/al-planetarium-pythagoras-si-parla-di-filosofia-quantistica\/\" \/>\n<meta property=\"og:locale\" content=\"it_IT\" \/>\n<meta property=\"og:type\" content=\"article\" \/>\n<meta property=\"og:title\" content=\"Al Planetarium Pythagoras si parla di Filosofia Quantistica - Radio Touring 104\" \/>\n<meta property=\"og:description\" content=\"Marted\u00ec 30 settembre, alle ore 21.00, incontro con il prof. Gianfranco Cord\u00ec, filosofo della scienza\" \/>\n<meta property=\"og:url\" content=\"https:\/\/progettotouring.it\/radiotouring104\/2025\/09\/27\/al-planetarium-pythagoras-si-parla-di-filosofia-quantistica\/\" \/>\n<meta property=\"og:site_name\" content=\"Radio Touring 104\" \/>\n<meta property=\"article:published_time\" content=\"2025-09-27T10:46:06+00:00\" \/>\n<meta property=\"og:image\" content=\"https:\/\/progettotouring.it\/radiotouring104\/wp-content\/uploads\/sites\/6\/2025\/09\/IMMAGINI-X-SITO-81.jpg\" \/>\n\t<meta property=\"og:image:width\" content=\"2000\" \/>\n\t<meta property=\"og:image:height\" content=\"1545\" \/>\n\t<meta property=\"og:image:type\" content=\"image\/jpeg\" \/>\n<meta name=\"author\" content=\"S L\" \/>\n<meta name=\"twitter:card\" content=\"summary_large_image\" \/>\n<meta name=\"twitter:label1\" content=\"Scritto da\" \/>\n\t<meta name=\"twitter:data1\" content=\"S L\" \/>\n\t<meta name=\"twitter:label2\" content=\"Tempo di lettura stimato\" \/>\n\t<meta name=\"twitter:data2\" content=\"1 minuto\" \/>\n<script type=\"application\/ld+json\" class=\"yoast-schema-graph\">{\"@context\":\"https:\/\/schema.org\",\"@graph\":[{\"@type\":\"Article\",\"@id\":\"https:\/\/progettotouring.it\/radiotouring104\/2025\/09\/27\/al-planetarium-pythagoras-si-parla-di-filosofia-quantistica\/#article\",\"isPartOf\":{\"@id\":\"https:\/\/progettotouring.it\/radiotouring104\/2025\/09\/27\/al-planetarium-pythagoras-si-parla-di-filosofia-quantistica\/\"},\"author\":{\"name\":\"S L\",\"@id\":\"https:\/\/progettotouring.it\/radiotouring104\/#\/schema\/person\/b9f9c3730b0a78814c9b9f3bfc52c619\"},\"headline\":\"Al Planetarium Pythagoras si parla di Filosofia Quantistica\",\"datePublished\":\"2025-09-27T10:46:06+00:00\",\"mainEntityOfPage\":{\"@id\":\"https:\/\/progettotouring.it\/radiotouring104\/2025\/09\/27\/al-planetarium-pythagoras-si-parla-di-filosofia-quantistica\/\"},\"wordCount\":110,\"publisher\":{\"@id\":\"https:\/\/progettotouring.it\/radiotouring104\/#organization\"},\"image\":{\"@id\":\"https:\/\/progettotouring.it\/radiotouring104\/2025\/09\/27\/al-planetarium-pythagoras-si-parla-di-filosofia-quantistica\/#primaryimage\"},\"thumbnailUrl\":\"https:\/\/progettotouring.it\/radiotouring104\/wp-content\/uploads\/sites\/6\/2025\/09\/IMMAGINI-X-SITO-81.jpg\",\"articleSection\":[\"Cultura\",\"Home\",\"News\",\"Reggio Calabria\"],\"inLanguage\":\"it-IT\"},{\"@type\":\"WebPage\",\"@id\":\"https:\/\/progettotouring.it\/radiotouring104\/2025\/09\/27\/al-planetarium-pythagoras-si-parla-di-filosofia-quantistica\/\",\"url\":\"https:\/\/progettotouring.it\/radiotouring104\/2025\/09\/27\/al-planetarium-pythagoras-si-parla-di-filosofia-quantistica\/\",\"name\":\"Al Planetarium Pythagoras si parla di Filosofia Quantistica - Radio Touring 104\",\"isPartOf\":{\"@id\":\"https:\/\/progettotouring.it\/radiotouring104\/#website\"},\"primaryImageOfPage\":{\"@id\":\"https:\/\/progettotouring.it\/radiotouring104\/2025\/09\/27\/al-planetarium-pythagoras-si-parla-di-filosofia-quantistica\/#primaryimage\"},\"image\":{\"@id\":\"https:\/\/progettotouring.it\/radiotouring104\/2025\/09\/27\/al-planetarium-pythagoras-si-parla-di-filosofia-quantistica\/#primaryimage\"},\"thumbnailUrl\":\"https:\/\/progettotouring.it\/radiotouring104\/wp-content\/uploads\/sites\/6\/2025\/09\/IMMAGINI-X-SITO-81.jpg\",\"datePublished\":\"2025-09-27T10:46:06+00:00\",\"description\":\"Marted\u00ec 30 settembre, alle ore 21.00, incontro con il prof. Gianfranco Cord\u00ec, filosofo della scienza\",\"breadcrumb\":{\"@id\":\"https:\/\/progettotouring.it\/radiotouring104\/2025\/09\/27\/al-planetarium-pythagoras-si-parla-di-filosofia-quantistica\/#breadcrumb\"},\"inLanguage\":\"it-IT\",\"potentialAction\":[{\"@type\":\"ReadAction\",\"target\":[\"https:\/\/progettotouring.it\/radiotouring104\/2025\/09\/27\/al-planetarium-pythagoras-si-parla-di-filosofia-quantistica\/\"]}]},{\"@type\":\"ImageObject\",\"inLanguage\":\"it-IT\",\"@id\":\"https:\/\/progettotouring.it\/radiotouring104\/2025\/09\/27\/al-planetarium-pythagoras-si-parla-di-filosofia-quantistica\/#primaryimage\",\"url\":\"https:\/\/progettotouring.it\/radiotouring104\/wp-content\/uploads\/sites\/6\/2025\/09\/IMMAGINI-X-SITO-81.jpg\",\"contentUrl\":\"https:\/\/progettotouring.it\/radiotouring104\/wp-content\/uploads\/sites\/6\/2025\/09\/IMMAGINI-X-SITO-81.jpg\",\"width\":2000,\"height\":1545},{\"@type\":\"BreadcrumbList\",\"@id\":\"https:\/\/progettotouring.it\/radiotouring104\/2025\/09\/27\/al-planetarium-pythagoras-si-parla-di-filosofia-quantistica\/#breadcrumb\",\"itemListElement\":[{\"@type\":\"ListItem\",\"position\":1,\"name\":\"Home\",\"item\":\"https:\/\/progettotouring.it\/radiotouring104\/\"},{\"@type\":\"ListItem\",\"position\":2,\"name\":\"Al Planetarium Pythagoras si parla di Filosofia Quantistica\"}]},{\"@type\":\"WebSite\",\"@id\":\"https:\/\/progettotouring.it\/radiotouring104\/#website\",\"url\":\"https:\/\/progettotouring.it\/radiotouring104\/\",\"name\":\"Radio Touring 104\",\"description\":\"La prima radio Reggina\",\"publisher\":{\"@id\":\"https:\/\/progettotouring.it\/radiotouring104\/#organization\"},\"potentialAction\":[{\"@type\":\"SearchAction\",\"target\":{\"@type\":\"EntryPoint\",\"urlTemplate\":\"https:\/\/progettotouring.it\/radiotouring104\/?s={search_term_string}\"},\"query-input\":{\"@type\":\"PropertyValueSpecification\",\"valueRequired\":true,\"valueName\":\"search_term_string\"}}],\"inLanguage\":\"it-IT\"},{\"@type\":\"Organization\",\"@id\":\"https:\/\/progettotouring.it\/radiotouring104\/#organization\",\"name\":\"Radio Touring 104\",\"url\":\"https:\/\/progettotouring.it\/radiotouring104\/\",\"logo\":{\"@type\":\"ImageObject\",\"inLanguage\":\"it-IT\",\"@id\":\"https:\/\/progettotouring.it\/radiotouring104\/#\/schema\/logo\/image\/\",\"url\":\"https:\/\/progettotouring.it\/radiotouring104\/wp-content\/uploads\/sites\/6\/2022\/02\/cropped-logo-radio-touring-104.png\",\"contentUrl\":\"https:\/\/progettotouring.it\/radiotouring104\/wp-content\/uploads\/sites\/6\/2022\/02\/cropped-logo-radio-touring-104.png\",\"width\":377,\"height\":182,\"caption\":\"Radio Touring 104\"},\"image\":{\"@id\":\"https:\/\/progettotouring.it\/radiotouring104\/#\/schema\/logo\/image\/\"}},{\"@type\":\"Person\",\"@id\":\"https:\/\/progettotouring.it\/radiotouring104\/#\/schema\/person\/b9f9c3730b0a78814c9b9f3bfc52c619\",\"name\":\"S L\",\"image\":{\"@type\":\"ImageObject\",\"inLanguage\":\"it-IT\",\"@id\":\"https:\/\/secure.gravatar.com\/avatar\/652c51789d7030aaed9ff828331360502a68204fe6fb0831bc280515210e16d2?s=96&d=mm&r=g\",\"url\":\"https:\/\/secure.gravatar.com\/avatar\/652c51789d7030aaed9ff828331360502a68204fe6fb0831bc280515210e16d2?s=96&d=mm&r=g\",\"contentUrl\":\"https:\/\/secure.gravatar.com\/avatar\/652c51789d7030aaed9ff828331360502a68204fe6fb0831bc280515210e16d2?s=96&d=mm&r=g\",\"caption\":\"S L\"},\"url\":\"https:\/\/progettotouring.it\/radiotouring104\/author\/slibri\/\"}]}<\/script>\n<!-- \/ Yoast SEO plugin. -->","yoast_head_json":{"title":"Al Planetarium Pythagoras si parla di Filosofia Quantistica - Radio Touring 104","description":"Marted\u00ec 30 settembre, alle ore 21.00, incontro con il prof. Gianfranco Cord\u00ec, filosofo della scienza","robots":{"index":"index","follow":"follow","max-snippet":"max-snippet:-1","max-image-preview":"max-image-preview:large","max-video-preview":"max-video-preview:-1"},"canonical":"https:\/\/progettotouring.it\/radiotouring104\/2025\/09\/27\/al-planetarium-pythagoras-si-parla-di-filosofia-quantistica\/","og_locale":"it_IT","og_type":"article","og_title":"Al Planetarium Pythagoras si parla di Filosofia Quantistica - Radio Touring 104","og_description":"Marted\u00ec 30 settembre, alle ore 21.00, incontro con il prof. Gianfranco Cord\u00ec, filosofo della scienza","og_url":"https:\/\/progettotouring.it\/radiotouring104\/2025\/09\/27\/al-planetarium-pythagoras-si-parla-di-filosofia-quantistica\/","og_site_name":"Radio Touring 104","article_published_time":"2025-09-27T10:46:06+00:00","og_image":[{"width":2000,"height":1545,"url":"https:\/\/progettotouring.it\/radiotouring104\/wp-content\/uploads\/sites\/6\/2025\/09\/IMMAGINI-X-SITO-81.jpg","type":"image\/jpeg"}],"author":"S L","twitter_card":"summary_large_image","twitter_misc":{"Scritto da":"S L","Tempo di lettura stimato":"1 minuto"},"schema":{"@context":"https:\/\/schema.org","@graph":[{"@type":"Article","@id":"https:\/\/progettotouring.it\/radiotouring104\/2025\/09\/27\/al-planetarium-pythagoras-si-parla-di-filosofia-quantistica\/#article","isPartOf":{"@id":"https:\/\/progettotouring.it\/radiotouring104\/2025\/09\/27\/al-planetarium-pythagoras-si-parla-di-filosofia-quantistica\/"},"author":{"name":"S L","@id":"https:\/\/progettotouring.it\/radiotouring104\/#\/schema\/person\/b9f9c3730b0a78814c9b9f3bfc52c619"},"headline":"Al Planetarium Pythagoras si parla di Filosofia Quantistica","datePublished":"2025-09-27T10:46:06+00:00","mainEntityOfPage":{"@id":"https:\/\/progettotouring.it\/radiotouring104\/2025\/09\/27\/al-planetarium-pythagoras-si-parla-di-filosofia-quantistica\/"},"wordCount":110,"publisher":{"@id":"https:\/\/progettotouring.it\/radiotouring104\/#organization"},"image":{"@id":"https:\/\/progettotouring.it\/radiotouring104\/2025\/09\/27\/al-planetarium-pythagoras-si-parla-di-filosofia-quantistica\/#primaryimage"},"thumbnailUrl":"https:\/\/progettotouring.it\/radiotouring104\/wp-content\/uploads\/sites\/6\/2025\/09\/IMMAGINI-X-SITO-81.jpg","articleSection":["Cultura","Home","News","Reggio Calabria"],"inLanguage":"it-IT"},{"@type":"WebPage","@id":"https:\/\/progettotouring.it\/radiotouring104\/2025\/09\/27\/al-planetarium-pythagoras-si-parla-di-filosofia-quantistica\/","url":"https:\/\/progettotouring.it\/radiotouring104\/2025\/09\/27\/al-planetarium-pythagoras-si-parla-di-filosofia-quantistica\/","name":"Al Planetarium Pythagoras si parla di Filosofia Quantistica - Radio Touring 104","isPartOf":{"@id":"https:\/\/progettotouring.it\/radiotouring104\/#website"},"primaryImageOfPage":{"@id":"https:\/\/progettotouring.it\/radiotouring104\/2025\/09\/27\/al-planetarium-pythagoras-si-parla-di-filosofia-quantistica\/#primaryimage"},"image":{"@id":"https:\/\/progettotouring.it\/radiotouring104\/2025\/09\/27\/al-planetarium-pythagoras-si-parla-di-filosofia-quantistica\/#primaryimage"},"thumbnailUrl":"https:\/\/progettotouring.it\/radiotouring104\/wp-content\/uploads\/sites\/6\/2025\/09\/IMMAGINI-X-SITO-81.jpg","datePublished":"2025-09-27T10:46:06+00:00","description":"Marted\u00ec 30 settembre, alle ore 21.00, incontro con il prof. Gianfranco Cord\u00ec, filosofo della scienza","breadcrumb":{"@id":"https:\/\/progettotouring.it\/radiotouring104\/2025\/09\/27\/al-planetarium-pythagoras-si-parla-di-filosofia-quantistica\/#breadcrumb"},"inLanguage":"it-IT","potentialAction":[{"@type":"ReadAction","target":["https:\/\/progettotouring.it\/radiotouring104\/2025\/09\/27\/al-planetarium-pythagoras-si-parla-di-filosofia-quantistica\/"]}]},{"@type":"ImageObject","inLanguage":"it-IT","@id":"https:\/\/progettotouring.it\/radiotouring104\/2025\/09\/27\/al-planetarium-pythagoras-si-parla-di-filosofia-quantistica\/#primaryimage","url":"https:\/\/progettotouring.it\/radiotouring104\/wp-content\/uploads\/sites\/6\/2025\/09\/IMMAGINI-X-SITO-81.jpg","contentUrl":"https:\/\/progettotouring.it\/radiotouring104\/wp-content\/uploads\/sites\/6\/2025\/09\/IMMAGINI-X-SITO-81.jpg","width":2000,"height":1545},{"@type":"BreadcrumbList","@id":"https:\/\/progettotouring.it\/radiotouring104\/2025\/09\/27\/al-planetarium-pythagoras-si-parla-di-filosofia-quantistica\/#breadcrumb","itemListElement":[{"@type":"ListItem","position":1,"name":"Home","item":"https:\/\/progettotouring.it\/radiotouring104\/"},{"@type":"ListItem","position":2,"name":"Al Planetarium Pythagoras si parla di Filosofia Quantistica"}]},{"@type":"WebSite","@id":"https:\/\/progettotouring.it\/radiotouring104\/#website","url":"https:\/\/progettotouring.it\/radiotouring104\/","name":"Radio Touring 104","description":"La prima radio Reggina","publisher":{"@id":"https:\/\/progettotouring.it\/radiotouring104\/#organization"},"potentialAction":[{"@type":"SearchAction","target":{"@type":"EntryPoint","urlTemplate":"https:\/\/progettotouring.it\/radiotouring104\/?s={search_term_string}"},"query-input":{"@type":"PropertyValueSpecification","valueRequired":true,"valueName":"search_term_string"}}],"inLanguage":"it-IT"},{"@type":"Organization","@id":"https:\/\/progettotouring.it\/radiotouring104\/#organization","name":"Radio Touring 104","url":"https:\/\/progettotouring.it\/radiotouring104\/","logo":{"@type":"ImageObject","inLanguage":"it-IT","@id":"https:\/\/progettotouring.it\/radiotouring104\/#\/schema\/logo\/image\/","url":"https:\/\/progettotouring.it\/radiotouring104\/wp-content\/uploads\/sites\/6\/2022\/02\/cropped-logo-radio-touring-104.png","contentUrl":"https:\/\/progettotouring.it\/radiotouring104\/wp-content\/uploads\/sites\/6\/2022\/02\/cropped-logo-radio-touring-104.png","width":377,"height":182,"caption":"Radio Touring 104"},"image":{"@id":"https:\/\/progettotouring.it\/radiotouring104\/#\/schema\/logo\/image\/"}},{"@type":"Person","@id":"https:\/\/progettotouring.it\/radiotouring104\/#\/schema\/person\/b9f9c3730b0a78814c9b9f3bfc52c619","name":"S L","image":{"@type":"ImageObject","inLanguage":"it-IT","@id":"https:\/\/secure.gravatar.com\/avatar\/652c51789d7030aaed9ff828331360502a68204fe6fb0831bc280515210e16d2?s=96&d=mm&r=g","url":"https:\/\/secure.gravatar.com\/avatar\/652c51789d7030aaed9ff828331360502a68204fe6fb0831bc280515210e16d2?s=96&d=mm&r=g","contentUrl":"https:\/\/secure.gravatar.com\/avatar\/652c51789d7030aaed9ff828331360502a68204fe6fb0831bc280515210e16d2?s=96&d=mm&r=g","caption":"S L"},"url":"https:\/\/progettotouring.it\/radiotouring104\/author\/slibri\/"}]}},"jetpack_publicize_connections":[],"jetpack_featured_media_url":"https:\/\/progettotouring.it\/radiotouring104\/wp-content\/uploads\/sites\/6\/2025\/09\/IMMAGINI-X-SITO-81.jpg","jetpack_sharing_enabled":true,"_links":{"self":[{"href":"https:\/\/progettotouring.it\/radiotouring104\/wp-json\/wp\/v2\/posts\/82323","targetHints":{"allow":["GET"]}}],"collection":[{"href":"https:\/\/progettotouring.it\/radiotouring104\/wp-json\/wp\/v2\/posts"}],"about":[{"href":"https:\/\/progettotouring.it\/radiotouring104\/wp-json\/wp\/v2\/types\/post"}],"author":[{"embeddable":true,"href":"https:\/\/progettotouring.it\/radiotouring104\/wp-json\/wp\/v2\/users\/19"}],"replies":[{"embeddable":true,"href":"https:\/\/progettotouring.it\/radiotouring104\/wp-json\/wp\/v2\/comments?post=82323"}],"version-history":[{"count":1,"href":"https:\/\/progettotouring.it\/radiotouring104\/wp-json\/wp\/v2\/posts\/82323\/revisions"}],"predecessor-version":[{"id":82325,"href":"https:\/\/progettotouring.it\/radiotouring104\/wp-json\/wp\/v2\/posts\/82323\/revisions\/82325"}],"wp:featuredmedia":[{"embeddable":true,"href":"https:\/\/progettotouring.it\/radiotouring104\/wp-json\/wp\/v2\/media\/82324"}],"wp:attachment":[{"href":"https:\/\/progettotouring.it\/radiotouring104\/wp-json\/wp\/v2\/media?parent=82323"}],"wp:term":[{"taxonomy":"category","embeddable":true,"href":"https:\/\/progettotouring.it\/radiotouring104\/wp-json\/wp\/v2\/categories?post=82323"},{"taxonomy":"post_tag","embeddable":true,"href":"https:\/\/progettotouring.it\/radiotouring104\/wp-json\/wp\/v2\/tags?post=82323"}],"curies":[{"name":"wp","href":"https:\/\/api.w.org\/{rel}","templated":true}]}}