{"id":82329,"date":"2025-09-27T13:00:17","date_gmt":"2025-09-27T11:00:17","guid":{"rendered":"https:\/\/progettotouring.it\/radiotouring104\/?p=82329"},"modified":"2025-09-27T13:00:17","modified_gmt":"2025-09-27T11:00:17","slug":"reggio-lamministrazione-comunale-incontra-anziani-in-movimento","status":"publish","type":"post","link":"https:\/\/progettotouring.it\/radiotouring104\/2025\/09\/27\/reggio-lamministrazione-comunale-incontra-anziani-in-movimento\/","title":{"rendered":"Reggio: l&#8217;Amministrazione comunale incontra \u2018Anziani in movimento\u2019"},"content":{"rendered":"<p>Il Sindaco, insieme all&#8217; Assessore Lucia Nucera e al Consigliere Giovanni Latella, ha incontrato l\u2019associazione \u201c<em>Anziani in movimento\u201d <\/em>di Pellaro<em>.<\/em><\/p>\n<p>Cos\u00ec Falcomat\u00e0: \u201cR<em>ealt\u00e0 come la vostra sono l\u2019esempio pi\u00f9 bello dell\u2019aggregazione e della vivacit\u00e0 che animano le nostre comunit\u00e0. Dimostrate con il vostro impegno sociale un amore incondizionato per la citt\u00e0. Siete legati alla storia di questo quartiere che \u00e8 tra i pi\u00f9 importanti della citt\u00e0, e che quest\u2019amministrazione, ha voluto fortemente valorizzare con interventi importanti e opere, in grado di favorire socialit\u00e0 e attivit\u00e0 di animazione territoriale e inclusione sociale, che potessero amplificare quel forte spirito aggregativo che appartiene alla grande comunit\u00e0 pellarese<\/em>.<br \/>\n<em>Grazie per quello che fate, perch\u00e9, con le vostre attivit\u00e0 e con le vostre azioni evitate che alcuni anziani si sentano soli, si sentano poco utili nella comunit\u00e0 in cui vivono. Con il vostro senso di prossimit\u00e0, evitate che le persone pi\u00f9 sole e pi\u00f9 vulnerabili si spengano inesorabilmente, e apprezzo con immensa gratitudine, il vostro contributo a stimolare gioia e voglia di vivere. Sono felice di essere qui con voi\u201d.<\/em><\/p>\n","protected":false},"excerpt":{"rendered":"<p>Il Sindaco, insieme all&#8217; Assessore Lucia Nucera e al Consigliere Giovanni Latella, ha incontrato l\u2019associazione \u201cAnziani in movimento\u201d di Pellaro. Cos\u00ec Falcomat\u00e0: \u201cRealt\u00e0 come la vostra sono l\u2019esempio pi\u00f9 bello&hellip;<\/p>\n","protected":false},"author":19,"featured_media":82330,"comment_status":"closed","ping_status":"open","sticky":false,"template":"","format":"standard","meta":{"_jetpack_memberships_contains_paid_content":false,"footnotes":"","jetpack_publicize_message":"","jetpack_publicize_feature_enabled":true,"jetpack_social_post_already_shared":true,"jetpack_social_options":{"image_generator_settings":{"template":"highway","default_image_id":0,"font":"","enabled":false},"version":2}},"categories":[921,196,140],"tags":[],"class_list":["post-82329","post","type-post","status-publish","format-standard","has-post-thumbnail","hentry","category-home","category-news","category-reggio-calabria"],"yoast_head":"<!-- This site is optimized with the Yoast SEO plugin v27.2 - https:\/\/yoast.com\/product\/yoast-seo-wordpress\/ -->\n<title>Reggio: l&#039;Amministrazione comunale incontra \u2018Anziani in movimento\u2019 - Radio Touring 104<\/title>\n<meta name=\"description\" content=\"Falcomat\u00e0: \u201cImmensa gratitudine per il vostro contributo a stimolare gioia e voglia di vivere nelle persone sole e pi\u00f9 vulnerabili\u201d\" \/>\n<meta name=\"robots\" content=\"index, follow, max-snippet:-1, max-image-preview:large, max-video-preview:-1\" \/>\n<link rel=\"canonical\" href=\"https:\/\/progettotouring.it\/radiotouring104\/2025\/09\/27\/reggio-lamministrazione-comunale-incontra-anziani-in-movimento\/\" \/>\n<meta property=\"og:locale\" content=\"it_IT\" \/>\n<meta property=\"og:type\" content=\"article\" \/>\n<meta property=\"og:title\" content=\"Reggio: l&#039;Amministrazione comunale incontra \u2018Anziani in movimento\u2019 - Radio Touring 104\" \/>\n<meta property=\"og:description\" content=\"Falcomat\u00e0: \u201cImmensa gratitudine per il vostro contributo a stimolare gioia e voglia di vivere nelle persone sole e pi\u00f9 vulnerabili\u201d\" \/>\n<meta property=\"og:url\" content=\"https:\/\/progettotouring.it\/radiotouring104\/2025\/09\/27\/reggio-lamministrazione-comunale-incontra-anziani-in-movimento\/\" \/>\n<meta property=\"og:site_name\" content=\"Radio Touring 104\" \/>\n<meta property=\"article:published_time\" content=\"2025-09-27T11:00:17+00:00\" \/>\n<meta property=\"og:image\" content=\"https:\/\/progettotouring.it\/radiotouring104\/wp-content\/uploads\/sites\/6\/2025\/09\/IMMAGINI-X-SITO-83.jpg\" \/>\n\t<meta property=\"og:image:width\" content=\"2000\" \/>\n\t<meta property=\"og:image:height\" content=\"1545\" \/>\n\t<meta property=\"og:image:type\" content=\"image\/jpeg\" \/>\n<meta name=\"author\" content=\"S L\" \/>\n<meta name=\"twitter:card\" content=\"summary_large_image\" \/>\n<meta name=\"twitter:label1\" content=\"Scritto da\" \/>\n\t<meta name=\"twitter:data1\" content=\"S L\" \/>\n\t<meta name=\"twitter:label2\" content=\"Tempo di lettura stimato\" \/>\n\t<meta name=\"twitter:data2\" content=\"1 minuto\" \/>\n<script type=\"application\/ld+json\" class=\"yoast-schema-graph\">{\"@context\":\"https:\/\/schema.org\",\"@graph\":[{\"@type\":\"Article\",\"@id\":\"https:\/\/progettotouring.it\/radiotouring104\/2025\/09\/27\/reggio-lamministrazione-comunale-incontra-anziani-in-movimento\/#article\",\"isPartOf\":{\"@id\":\"https:\/\/progettotouring.it\/radiotouring104\/2025\/09\/27\/reggio-lamministrazione-comunale-incontra-anziani-in-movimento\/\"},\"author\":{\"name\":\"S L\",\"@id\":\"https:\/\/progettotouring.it\/radiotouring104\/#\/schema\/person\/b9f9c3730b0a78814c9b9f3bfc52c619\"},\"headline\":\"Reggio: l&#8217;Amministrazione comunale incontra \u2018Anziani in movimento\u2019\",\"datePublished\":\"2025-09-27T11:00:17+00:00\",\"mainEntityOfPage\":{\"@id\":\"https:\/\/progettotouring.it\/radiotouring104\/2025\/09\/27\/reggio-lamministrazione-comunale-incontra-anziani-in-movimento\/\"},\"wordCount\":185,\"publisher\":{\"@id\":\"https:\/\/progettotouring.it\/radiotouring104\/#organization\"},\"image\":{\"@id\":\"https:\/\/progettotouring.it\/radiotouring104\/2025\/09\/27\/reggio-lamministrazione-comunale-incontra-anziani-in-movimento\/#primaryimage\"},\"thumbnailUrl\":\"https:\/\/progettotouring.it\/radiotouring104\/wp-content\/uploads\/sites\/6\/2025\/09\/IMMAGINI-X-SITO-83.jpg\",\"articleSection\":[\"Home\",\"News\",\"Reggio Calabria\"],\"inLanguage\":\"it-IT\"},{\"@type\":\"WebPage\",\"@id\":\"https:\/\/progettotouring.it\/radiotouring104\/2025\/09\/27\/reggio-lamministrazione-comunale-incontra-anziani-in-movimento\/\",\"url\":\"https:\/\/progettotouring.it\/radiotouring104\/2025\/09\/27\/reggio-lamministrazione-comunale-incontra-anziani-in-movimento\/\",\"name\":\"Reggio: l'Amministrazione comunale incontra \u2018Anziani in movimento\u2019 - Radio Touring 104\",\"isPartOf\":{\"@id\":\"https:\/\/progettotouring.it\/radiotouring104\/#website\"},\"primaryImageOfPage\":{\"@id\":\"https:\/\/progettotouring.it\/radiotouring104\/2025\/09\/27\/reggio-lamministrazione-comunale-incontra-anziani-in-movimento\/#primaryimage\"},\"image\":{\"@id\":\"https:\/\/progettotouring.it\/radiotouring104\/2025\/09\/27\/reggio-lamministrazione-comunale-incontra-anziani-in-movimento\/#primaryimage\"},\"thumbnailUrl\":\"https:\/\/progettotouring.it\/radiotouring104\/wp-content\/uploads\/sites\/6\/2025\/09\/IMMAGINI-X-SITO-83.jpg\",\"datePublished\":\"2025-09-27T11:00:17+00:00\",\"description\":\"Falcomat\u00e0: \u201cImmensa gratitudine per il vostro contributo a stimolare gioia e voglia di vivere nelle persone sole e pi\u00f9 vulnerabili\u201d\",\"breadcrumb\":{\"@id\":\"https:\/\/progettotouring.it\/radiotouring104\/2025\/09\/27\/reggio-lamministrazione-comunale-incontra-anziani-in-movimento\/#breadcrumb\"},\"inLanguage\":\"it-IT\",\"potentialAction\":[{\"@type\":\"ReadAction\",\"target\":[\"https:\/\/progettotouring.it\/radiotouring104\/2025\/09\/27\/reggio-lamministrazione-comunale-incontra-anziani-in-movimento\/\"]}]},{\"@type\":\"ImageObject\",\"inLanguage\":\"it-IT\",\"@id\":\"https:\/\/progettotouring.it\/radiotouring104\/2025\/09\/27\/reggio-lamministrazione-comunale-incontra-anziani-in-movimento\/#primaryimage\",\"url\":\"https:\/\/progettotouring.it\/radiotouring104\/wp-content\/uploads\/sites\/6\/2025\/09\/IMMAGINI-X-SITO-83.jpg\",\"contentUrl\":\"https:\/\/progettotouring.it\/radiotouring104\/wp-content\/uploads\/sites\/6\/2025\/09\/IMMAGINI-X-SITO-83.jpg\",\"width\":2000,\"height\":1545},{\"@type\":\"BreadcrumbList\",\"@id\":\"https:\/\/progettotouring.it\/radiotouring104\/2025\/09\/27\/reggio-lamministrazione-comunale-incontra-anziani-in-movimento\/#breadcrumb\",\"itemListElement\":[{\"@type\":\"ListItem\",\"position\":1,\"name\":\"Home\",\"item\":\"https:\/\/progettotouring.it\/radiotouring104\/\"},{\"@type\":\"ListItem\",\"position\":2,\"name\":\"Reggio: l&#8217;Amministrazione comunale incontra \u2018Anziani in movimento\u2019\"}]},{\"@type\":\"WebSite\",\"@id\":\"https:\/\/progettotouring.it\/radiotouring104\/#website\",\"url\":\"https:\/\/progettotouring.it\/radiotouring104\/\",\"name\":\"Radio Touring 104\",\"description\":\"La prima radio Reggina\",\"publisher\":{\"@id\":\"https:\/\/progettotouring.it\/radiotouring104\/#organization\"},\"potentialAction\":[{\"@type\":\"SearchAction\",\"target\":{\"@type\":\"EntryPoint\",\"urlTemplate\":\"https:\/\/progettotouring.it\/radiotouring104\/?s={search_term_string}\"},\"query-input\":{\"@type\":\"PropertyValueSpecification\",\"valueRequired\":true,\"valueName\":\"search_term_string\"}}],\"inLanguage\":\"it-IT\"},{\"@type\":\"Organization\",\"@id\":\"https:\/\/progettotouring.it\/radiotouring104\/#organization\",\"name\":\"Radio Touring 104\",\"url\":\"https:\/\/progettotouring.it\/radiotouring104\/\",\"logo\":{\"@type\":\"ImageObject\",\"inLanguage\":\"it-IT\",\"@id\":\"https:\/\/progettotouring.it\/radiotouring104\/#\/schema\/logo\/image\/\",\"url\":\"https:\/\/progettotouring.it\/radiotouring104\/wp-content\/uploads\/sites\/6\/2022\/02\/cropped-logo-radio-touring-104.png\",\"contentUrl\":\"https:\/\/progettotouring.it\/radiotouring104\/wp-content\/uploads\/sites\/6\/2022\/02\/cropped-logo-radio-touring-104.png\",\"width\":377,\"height\":182,\"caption\":\"Radio Touring 104\"},\"image\":{\"@id\":\"https:\/\/progettotouring.it\/radiotouring104\/#\/schema\/logo\/image\/\"}},{\"@type\":\"Person\",\"@id\":\"https:\/\/progettotouring.it\/radiotouring104\/#\/schema\/person\/b9f9c3730b0a78814c9b9f3bfc52c619\",\"name\":\"S L\",\"image\":{\"@type\":\"ImageObject\",\"inLanguage\":\"it-IT\",\"@id\":\"https:\/\/secure.gravatar.com\/avatar\/652c51789d7030aaed9ff828331360502a68204fe6fb0831bc280515210e16d2?s=96&d=mm&r=g\",\"url\":\"https:\/\/secure.gravatar.com\/avatar\/652c51789d7030aaed9ff828331360502a68204fe6fb0831bc280515210e16d2?s=96&d=mm&r=g\",\"contentUrl\":\"https:\/\/secure.gravatar.com\/avatar\/652c51789d7030aaed9ff828331360502a68204fe6fb0831bc280515210e16d2?s=96&d=mm&r=g\",\"caption\":\"S L\"},\"url\":\"https:\/\/progettotouring.it\/radiotouring104\/author\/slibri\/\"}]}<\/script>\n<!-- \/ Yoast SEO plugin. -->","yoast_head_json":{"title":"Reggio: l'Amministrazione comunale incontra \u2018Anziani in movimento\u2019 - Radio Touring 104","description":"Falcomat\u00e0: \u201cImmensa gratitudine per il vostro contributo a stimolare gioia e voglia di vivere nelle persone sole e pi\u00f9 vulnerabili\u201d","robots":{"index":"index","follow":"follow","max-snippet":"max-snippet:-1","max-image-preview":"max-image-preview:large","max-video-preview":"max-video-preview:-1"},"canonical":"https:\/\/progettotouring.it\/radiotouring104\/2025\/09\/27\/reggio-lamministrazione-comunale-incontra-anziani-in-movimento\/","og_locale":"it_IT","og_type":"article","og_title":"Reggio: l'Amministrazione comunale incontra \u2018Anziani in movimento\u2019 - Radio Touring 104","og_description":"Falcomat\u00e0: \u201cImmensa gratitudine per il vostro contributo a stimolare gioia e voglia di vivere nelle persone sole e pi\u00f9 vulnerabili\u201d","og_url":"https:\/\/progettotouring.it\/radiotouring104\/2025\/09\/27\/reggio-lamministrazione-comunale-incontra-anziani-in-movimento\/","og_site_name":"Radio Touring 104","article_published_time":"2025-09-27T11:00:17+00:00","og_image":[{"width":2000,"height":1545,"url":"https:\/\/progettotouring.it\/radiotouring104\/wp-content\/uploads\/sites\/6\/2025\/09\/IMMAGINI-X-SITO-83.jpg","type":"image\/jpeg"}],"author":"S L","twitter_card":"summary_large_image","twitter_misc":{"Scritto da":"S L","Tempo di lettura stimato":"1 minuto"},"schema":{"@context":"https:\/\/schema.org","@graph":[{"@type":"Article","@id":"https:\/\/progettotouring.it\/radiotouring104\/2025\/09\/27\/reggio-lamministrazione-comunale-incontra-anziani-in-movimento\/#article","isPartOf":{"@id":"https:\/\/progettotouring.it\/radiotouring104\/2025\/09\/27\/reggio-lamministrazione-comunale-incontra-anziani-in-movimento\/"},"author":{"name":"S L","@id":"https:\/\/progettotouring.it\/radiotouring104\/#\/schema\/person\/b9f9c3730b0a78814c9b9f3bfc52c619"},"headline":"Reggio: l&#8217;Amministrazione comunale incontra \u2018Anziani in movimento\u2019","datePublished":"2025-09-27T11:00:17+00:00","mainEntityOfPage":{"@id":"https:\/\/progettotouring.it\/radiotouring104\/2025\/09\/27\/reggio-lamministrazione-comunale-incontra-anziani-in-movimento\/"},"wordCount":185,"publisher":{"@id":"https:\/\/progettotouring.it\/radiotouring104\/#organization"},"image":{"@id":"https:\/\/progettotouring.it\/radiotouring104\/2025\/09\/27\/reggio-lamministrazione-comunale-incontra-anziani-in-movimento\/#primaryimage"},"thumbnailUrl":"https:\/\/progettotouring.it\/radiotouring104\/wp-content\/uploads\/sites\/6\/2025\/09\/IMMAGINI-X-SITO-83.jpg","articleSection":["Home","News","Reggio Calabria"],"inLanguage":"it-IT"},{"@type":"WebPage","@id":"https:\/\/progettotouring.it\/radiotouring104\/2025\/09\/27\/reggio-lamministrazione-comunale-incontra-anziani-in-movimento\/","url":"https:\/\/progettotouring.it\/radiotouring104\/2025\/09\/27\/reggio-lamministrazione-comunale-incontra-anziani-in-movimento\/","name":"Reggio: l'Amministrazione comunale incontra \u2018Anziani in movimento\u2019 - Radio Touring 104","isPartOf":{"@id":"https:\/\/progettotouring.it\/radiotouring104\/#website"},"primaryImageOfPage":{"@id":"https:\/\/progettotouring.it\/radiotouring104\/2025\/09\/27\/reggio-lamministrazione-comunale-incontra-anziani-in-movimento\/#primaryimage"},"image":{"@id":"https:\/\/progettotouring.it\/radiotouring104\/2025\/09\/27\/reggio-lamministrazione-comunale-incontra-anziani-in-movimento\/#primaryimage"},"thumbnailUrl":"https:\/\/progettotouring.it\/radiotouring104\/wp-content\/uploads\/sites\/6\/2025\/09\/IMMAGINI-X-SITO-83.jpg","datePublished":"2025-09-27T11:00:17+00:00","description":"Falcomat\u00e0: \u201cImmensa gratitudine per il vostro contributo a stimolare gioia e voglia di vivere nelle persone sole e pi\u00f9 vulnerabili\u201d","breadcrumb":{"@id":"https:\/\/progettotouring.it\/radiotouring104\/2025\/09\/27\/reggio-lamministrazione-comunale-incontra-anziani-in-movimento\/#breadcrumb"},"inLanguage":"it-IT","potentialAction":[{"@type":"ReadAction","target":["https:\/\/progettotouring.it\/radiotouring104\/2025\/09\/27\/reggio-lamministrazione-comunale-incontra-anziani-in-movimento\/"]}]},{"@type":"ImageObject","inLanguage":"it-IT","@id":"https:\/\/progettotouring.it\/radiotouring104\/2025\/09\/27\/reggio-lamministrazione-comunale-incontra-anziani-in-movimento\/#primaryimage","url":"https:\/\/progettotouring.it\/radiotouring104\/wp-content\/uploads\/sites\/6\/2025\/09\/IMMAGINI-X-SITO-83.jpg","contentUrl":"https:\/\/progettotouring.it\/radiotouring104\/wp-content\/uploads\/sites\/6\/2025\/09\/IMMAGINI-X-SITO-83.jpg","width":2000,"height":1545},{"@type":"BreadcrumbList","@id":"https:\/\/progettotouring.it\/radiotouring104\/2025\/09\/27\/reggio-lamministrazione-comunale-incontra-anziani-in-movimento\/#breadcrumb","itemListElement":[{"@type":"ListItem","position":1,"name":"Home","item":"https:\/\/progettotouring.it\/radiotouring104\/"},{"@type":"ListItem","position":2,"name":"Reggio: l&#8217;Amministrazione comunale incontra \u2018Anziani in movimento\u2019"}]},{"@type":"WebSite","@id":"https:\/\/progettotouring.it\/radiotouring104\/#website","url":"https:\/\/progettotouring.it\/radiotouring104\/","name":"Radio Touring 104","description":"La prima radio Reggina","publisher":{"@id":"https:\/\/progettotouring.it\/radiotouring104\/#organization"},"potentialAction":[{"@type":"SearchAction","target":{"@type":"EntryPoint","urlTemplate":"https:\/\/progettotouring.it\/radiotouring104\/?s={search_term_string}"},"query-input":{"@type":"PropertyValueSpecification","valueRequired":true,"valueName":"search_term_string"}}],"inLanguage":"it-IT"},{"@type":"Organization","@id":"https:\/\/progettotouring.it\/radiotouring104\/#organization","name":"Radio Touring 104","url":"https:\/\/progettotouring.it\/radiotouring104\/","logo":{"@type":"ImageObject","inLanguage":"it-IT","@id":"https:\/\/progettotouring.it\/radiotouring104\/#\/schema\/logo\/image\/","url":"https:\/\/progettotouring.it\/radiotouring104\/wp-content\/uploads\/sites\/6\/2022\/02\/cropped-logo-radio-touring-104.png","contentUrl":"https:\/\/progettotouring.it\/radiotouring104\/wp-content\/uploads\/sites\/6\/2022\/02\/cropped-logo-radio-touring-104.png","width":377,"height":182,"caption":"Radio Touring 104"},"image":{"@id":"https:\/\/progettotouring.it\/radiotouring104\/#\/schema\/logo\/image\/"}},{"@type":"Person","@id":"https:\/\/progettotouring.it\/radiotouring104\/#\/schema\/person\/b9f9c3730b0a78814c9b9f3bfc52c619","name":"S L","image":{"@type":"ImageObject","inLanguage":"it-IT","@id":"https:\/\/secure.gravatar.com\/avatar\/652c51789d7030aaed9ff828331360502a68204fe6fb0831bc280515210e16d2?s=96&d=mm&r=g","url":"https:\/\/secure.gravatar.com\/avatar\/652c51789d7030aaed9ff828331360502a68204fe6fb0831bc280515210e16d2?s=96&d=mm&r=g","contentUrl":"https:\/\/secure.gravatar.com\/avatar\/652c51789d7030aaed9ff828331360502a68204fe6fb0831bc280515210e16d2?s=96&d=mm&r=g","caption":"S L"},"url":"https:\/\/progettotouring.it\/radiotouring104\/author\/slibri\/"}]}},"jetpack_publicize_connections":[],"jetpack_featured_media_url":"https:\/\/progettotouring.it\/radiotouring104\/wp-content\/uploads\/sites\/6\/2025\/09\/IMMAGINI-X-SITO-83.jpg","jetpack_sharing_enabled":true,"_links":{"self":[{"href":"https:\/\/progettotouring.it\/radiotouring104\/wp-json\/wp\/v2\/posts\/82329","targetHints":{"allow":["GET"]}}],"collection":[{"href":"https:\/\/progettotouring.it\/radiotouring104\/wp-json\/wp\/v2\/posts"}],"about":[{"href":"https:\/\/progettotouring.it\/radiotouring104\/wp-json\/wp\/v2\/types\/post"}],"author":[{"embeddable":true,"href":"https:\/\/progettotouring.it\/radiotouring104\/wp-json\/wp\/v2\/users\/19"}],"replies":[{"embeddable":true,"href":"https:\/\/progettotouring.it\/radiotouring104\/wp-json\/wp\/v2\/comments?post=82329"}],"version-history":[{"count":1,"href":"https:\/\/progettotouring.it\/radiotouring104\/wp-json\/wp\/v2\/posts\/82329\/revisions"}],"predecessor-version":[{"id":82331,"href":"https:\/\/progettotouring.it\/radiotouring104\/wp-json\/wp\/v2\/posts\/82329\/revisions\/82331"}],"wp:featuredmedia":[{"embeddable":true,"href":"https:\/\/progettotouring.it\/radiotouring104\/wp-json\/wp\/v2\/media\/82330"}],"wp:attachment":[{"href":"https:\/\/progettotouring.it\/radiotouring104\/wp-json\/wp\/v2\/media?parent=82329"}],"wp:term":[{"taxonomy":"category","embeddable":true,"href":"https:\/\/progettotouring.it\/radiotouring104\/wp-json\/wp\/v2\/categories?post=82329"},{"taxonomy":"post_tag","embeddable":true,"href":"https:\/\/progettotouring.it\/radiotouring104\/wp-json\/wp\/v2\/tags?post=82329"}],"curies":[{"name":"wp","href":"https:\/\/api.w.org\/{rel}","templated":true}]}}