{"id":82354,"date":"2025-09-28T11:17:34","date_gmt":"2025-09-28T09:17:34","guid":{"rendered":"https:\/\/progettotouring.it\/radiotouring104\/?p=82354"},"modified":"2025-09-29T16:48:08","modified_gmt":"2025-09-29T14:48:08","slug":"volkov-torna-a-reggio-calabria","status":"publish","type":"post","link":"https:\/\/progettotouring.it\/radiotouring104\/2025\/09\/28\/volkov-torna-a-reggio-calabria\/","title":{"rendered":"Volkov torna a Reggio Calabria"},"content":{"rendered":"<p>L\u2019indimenticato Alexsander \u201cSasha\u201d Volkov, leggenda della Viola basket Reggio Calabria, accettato l\u2019invito della produzione del docu-film \u201cPer Tutti Charly\u201d prodotto da WE for YOU Events&amp;Communication di Alessandro Nava e far\u00e0 ritorno a Reggio Calabria.<br \/>\nIl campione Ucraino, non poteva mancare all\u2019appuntamento nostalgico dedicato al suo allenatore pi\u00f9 amato che lo ha \u201cconvito\u201d ad accettare l\u2019offerta della leggendaria Panasonic Viola Reggio Calabria nel campionato di serie A1 nel 1992-93.<\/p>\n<p>Tributo Evento<br \/>\nVolkov, insieme alle leggende della Viola (Hugo Sconochini, Donato Avenia, Roberto Bullara, Marco Spangaro, Lucio Lagan\u00e0, Rocco Fam\u00e0, anche loro impegnati sul set delle riprese nei prossimi giorni), saranno ospiti della suggestiva struttura Oasi marted\u00ec 30 settembre alle ore 20 per evento-tributo.<br \/>\nL\u2019evento sar\u00e0 trasmesso in diretta da Video Touring all\u2019interno di una puntata speciale di Momenti Neroarancio.<br \/>\nPer info e prenotazioni al numero whatsapp 3386912313.<\/p>\n","protected":false},"excerpt":{"rendered":"<p>L\u2019indimenticato Alexsander \u201cSasha\u201d Volkov, leggenda della Viola basket Reggio Calabria, accettato l\u2019invito della produzione del docu-film \u201cPer Tutti Charly\u201d prodotto da WE for YOU Events&amp;Communication di Alessandro Nava e far\u00e0&hellip;<\/p>\n","protected":false},"author":21,"featured_media":82355,"comment_status":"closed","ping_status":"open","sticky":false,"template":"","format":"standard","meta":{"_jetpack_memberships_contains_paid_content":false,"footnotes":"","jetpack_publicize_message":"","jetpack_publicize_feature_enabled":true,"jetpack_social_post_already_shared":true,"jetpack_social_options":{"image_generator_settings":{"template":"highway","default_image_id":0,"font":"","enabled":false},"version":2}},"categories":[196,144],"tags":[41369,20825,768],"class_list":["post-82354","post","type-post","status-publish","format-standard","has-post-thumbnail","hentry","category-news","category-sport","tag-docufilm-su-carlo-recalcati","tag-sasha-volkov","tag-viola-basket"],"yoast_head":"<!-- This site is optimized with the Yoast SEO plugin v27.2 - https:\/\/yoast.com\/product\/yoast-seo-wordpress\/ -->\n<title>Volkov torna a Reggio Calabria - Radio Touring 104<\/title>\n<meta name=\"robots\" content=\"index, follow, max-snippet:-1, max-image-preview:large, max-video-preview:-1\" \/>\n<link rel=\"canonical\" href=\"https:\/\/progettotouring.it\/radiotouring104\/2025\/09\/28\/volkov-torna-a-reggio-calabria\/\" \/>\n<meta property=\"og:locale\" content=\"it_IT\" \/>\n<meta property=\"og:type\" content=\"article\" \/>\n<meta property=\"og:title\" content=\"Volkov torna a Reggio Calabria - Radio Touring 104\" \/>\n<meta property=\"og:description\" content=\"L\u2019indimenticato Alexsander \u201cSasha\u201d Volkov, leggenda della Viola basket Reggio Calabria, accettato l\u2019invito della produzione del docu-film \u201cPer Tutti Charly\u201d prodotto da WE for YOU Events&amp;Communication di Alessandro Nava e far\u00e0&hellip;\" \/>\n<meta property=\"og:url\" content=\"https:\/\/progettotouring.it\/radiotouring104\/2025\/09\/28\/volkov-torna-a-reggio-calabria\/\" \/>\n<meta property=\"og:site_name\" content=\"Radio Touring 104\" \/>\n<meta property=\"article:published_time\" content=\"2025-09-28T09:17:34+00:00\" \/>\n<meta property=\"article:modified_time\" content=\"2025-09-29T14:48:08+00:00\" \/>\n<meta property=\"og:image\" content=\"https:\/\/progettotouring.it\/radiotouring104\/wp-content\/uploads\/sites\/6\/2025\/09\/IMG_1098.jpeg\" \/>\n\t<meta property=\"og:image:width\" content=\"479\" \/>\n\t<meta property=\"og:image:height\" content=\"715\" \/>\n\t<meta property=\"og:image:type\" content=\"image\/jpeg\" \/>\n<meta name=\"author\" content=\"Giuseppe Dattola\" \/>\n<meta name=\"twitter:card\" content=\"summary_large_image\" \/>\n<meta name=\"twitter:label1\" content=\"Scritto da\" \/>\n\t<meta name=\"twitter:data1\" content=\"Giuseppe Dattola\" \/>\n\t<meta name=\"twitter:label2\" content=\"Tempo di lettura stimato\" \/>\n\t<meta name=\"twitter:data2\" content=\"1 minuto\" \/>\n<script type=\"application\/ld+json\" class=\"yoast-schema-graph\">{\"@context\":\"https:\/\/schema.org\",\"@graph\":[{\"@type\":\"Article\",\"@id\":\"https:\/\/progettotouring.it\/radiotouring104\/2025\/09\/28\/volkov-torna-a-reggio-calabria\/#article\",\"isPartOf\":{\"@id\":\"https:\/\/progettotouring.it\/radiotouring104\/2025\/09\/28\/volkov-torna-a-reggio-calabria\/\"},\"author\":{\"name\":\"Giuseppe Dattola\",\"@id\":\"https:\/\/progettotouring.it\/radiotouring104\/#\/schema\/person\/c0e800756c839eae8c93153858959084\"},\"headline\":\"Volkov torna a Reggio Calabria\",\"datePublished\":\"2025-09-28T09:17:34+00:00\",\"dateModified\":\"2025-09-29T14:48:08+00:00\",\"mainEntityOfPage\":{\"@id\":\"https:\/\/progettotouring.it\/radiotouring104\/2025\/09\/28\/volkov-torna-a-reggio-calabria\/\"},\"wordCount\":146,\"publisher\":{\"@id\":\"https:\/\/progettotouring.it\/radiotouring104\/#organization\"},\"image\":{\"@id\":\"https:\/\/progettotouring.it\/radiotouring104\/2025\/09\/28\/volkov-torna-a-reggio-calabria\/#primaryimage\"},\"thumbnailUrl\":\"https:\/\/progettotouring.it\/radiotouring104\/wp-content\/uploads\/sites\/6\/2025\/09\/IMG_1098.jpeg\",\"keywords\":[\"Docufilm su Carlo Recalcati\",\"Sasha Volkov\",\"Viola basket\"],\"articleSection\":[\"News\",\"Sport\"],\"inLanguage\":\"it-IT\"},{\"@type\":\"WebPage\",\"@id\":\"https:\/\/progettotouring.it\/radiotouring104\/2025\/09\/28\/volkov-torna-a-reggio-calabria\/\",\"url\":\"https:\/\/progettotouring.it\/radiotouring104\/2025\/09\/28\/volkov-torna-a-reggio-calabria\/\",\"name\":\"Volkov torna a Reggio Calabria - Radio Touring 104\",\"isPartOf\":{\"@id\":\"https:\/\/progettotouring.it\/radiotouring104\/#website\"},\"primaryImageOfPage\":{\"@id\":\"https:\/\/progettotouring.it\/radiotouring104\/2025\/09\/28\/volkov-torna-a-reggio-calabria\/#primaryimage\"},\"image\":{\"@id\":\"https:\/\/progettotouring.it\/radiotouring104\/2025\/09\/28\/volkov-torna-a-reggio-calabria\/#primaryimage\"},\"thumbnailUrl\":\"https:\/\/progettotouring.it\/radiotouring104\/wp-content\/uploads\/sites\/6\/2025\/09\/IMG_1098.jpeg\",\"datePublished\":\"2025-09-28T09:17:34+00:00\",\"dateModified\":\"2025-09-29T14:48:08+00:00\",\"breadcrumb\":{\"@id\":\"https:\/\/progettotouring.it\/radiotouring104\/2025\/09\/28\/volkov-torna-a-reggio-calabria\/#breadcrumb\"},\"inLanguage\":\"it-IT\",\"potentialAction\":[{\"@type\":\"ReadAction\",\"target\":[\"https:\/\/progettotouring.it\/radiotouring104\/2025\/09\/28\/volkov-torna-a-reggio-calabria\/\"]}]},{\"@type\":\"ImageObject\",\"inLanguage\":\"it-IT\",\"@id\":\"https:\/\/progettotouring.it\/radiotouring104\/2025\/09\/28\/volkov-torna-a-reggio-calabria\/#primaryimage\",\"url\":\"https:\/\/progettotouring.it\/radiotouring104\/wp-content\/uploads\/sites\/6\/2025\/09\/IMG_1098.jpeg\",\"contentUrl\":\"https:\/\/progettotouring.it\/radiotouring104\/wp-content\/uploads\/sites\/6\/2025\/09\/IMG_1098.jpeg\",\"width\":479,\"height\":715},{\"@type\":\"BreadcrumbList\",\"@id\":\"https:\/\/progettotouring.it\/radiotouring104\/2025\/09\/28\/volkov-torna-a-reggio-calabria\/#breadcrumb\",\"itemListElement\":[{\"@type\":\"ListItem\",\"position\":1,\"name\":\"Home\",\"item\":\"https:\/\/progettotouring.it\/radiotouring104\/\"},{\"@type\":\"ListItem\",\"position\":2,\"name\":\"Volkov torna a Reggio Calabria\"}]},{\"@type\":\"WebSite\",\"@id\":\"https:\/\/progettotouring.it\/radiotouring104\/#website\",\"url\":\"https:\/\/progettotouring.it\/radiotouring104\/\",\"name\":\"Radio Touring 104\",\"description\":\"La prima radio Reggina\",\"publisher\":{\"@id\":\"https:\/\/progettotouring.it\/radiotouring104\/#organization\"},\"potentialAction\":[{\"@type\":\"SearchAction\",\"target\":{\"@type\":\"EntryPoint\",\"urlTemplate\":\"https:\/\/progettotouring.it\/radiotouring104\/?s={search_term_string}\"},\"query-input\":{\"@type\":\"PropertyValueSpecification\",\"valueRequired\":true,\"valueName\":\"search_term_string\"}}],\"inLanguage\":\"it-IT\"},{\"@type\":\"Organization\",\"@id\":\"https:\/\/progettotouring.it\/radiotouring104\/#organization\",\"name\":\"Radio Touring 104\",\"url\":\"https:\/\/progettotouring.it\/radiotouring104\/\",\"logo\":{\"@type\":\"ImageObject\",\"inLanguage\":\"it-IT\",\"@id\":\"https:\/\/progettotouring.it\/radiotouring104\/#\/schema\/logo\/image\/\",\"url\":\"https:\/\/progettotouring.it\/radiotouring104\/wp-content\/uploads\/sites\/6\/2022\/02\/cropped-logo-radio-touring-104.png\",\"contentUrl\":\"https:\/\/progettotouring.it\/radiotouring104\/wp-content\/uploads\/sites\/6\/2022\/02\/cropped-logo-radio-touring-104.png\",\"width\":377,\"height\":182,\"caption\":\"Radio Touring 104\"},\"image\":{\"@id\":\"https:\/\/progettotouring.it\/radiotouring104\/#\/schema\/logo\/image\/\"}},{\"@type\":\"Person\",\"@id\":\"https:\/\/progettotouring.it\/radiotouring104\/#\/schema\/person\/c0e800756c839eae8c93153858959084\",\"name\":\"Giuseppe Dattola\",\"image\":{\"@type\":\"ImageObject\",\"inLanguage\":\"it-IT\",\"@id\":\"https:\/\/secure.gravatar.com\/avatar\/c5771b35d04c75debcca6c29ddd4741e6a8276b8c8f1598b29c8fba52c35e758?s=96&d=mm&r=g\",\"url\":\"https:\/\/secure.gravatar.com\/avatar\/c5771b35d04c75debcca6c29ddd4741e6a8276b8c8f1598b29c8fba52c35e758?s=96&d=mm&r=g\",\"contentUrl\":\"https:\/\/secure.gravatar.com\/avatar\/c5771b35d04c75debcca6c29ddd4741e6a8276b8c8f1598b29c8fba52c35e758?s=96&d=mm&r=g\",\"caption\":\"Giuseppe Dattola\"},\"url\":\"https:\/\/progettotouring.it\/radiotouring104\/author\/gdattola\/\"}]}<\/script>\n<!-- \/ Yoast SEO plugin. -->","yoast_head_json":{"title":"Volkov torna a Reggio Calabria - Radio Touring 104","robots":{"index":"index","follow":"follow","max-snippet":"max-snippet:-1","max-image-preview":"max-image-preview:large","max-video-preview":"max-video-preview:-1"},"canonical":"https:\/\/progettotouring.it\/radiotouring104\/2025\/09\/28\/volkov-torna-a-reggio-calabria\/","og_locale":"it_IT","og_type":"article","og_title":"Volkov torna a Reggio Calabria - Radio Touring 104","og_description":"L\u2019indimenticato Alexsander \u201cSasha\u201d Volkov, leggenda della Viola basket Reggio Calabria, accettato l\u2019invito della produzione del docu-film \u201cPer Tutti Charly\u201d prodotto da WE for YOU Events&amp;Communication di Alessandro Nava e far\u00e0&hellip;","og_url":"https:\/\/progettotouring.it\/radiotouring104\/2025\/09\/28\/volkov-torna-a-reggio-calabria\/","og_site_name":"Radio Touring 104","article_published_time":"2025-09-28T09:17:34+00:00","article_modified_time":"2025-09-29T14:48:08+00:00","og_image":[{"width":479,"height":715,"url":"https:\/\/progettotouring.it\/radiotouring104\/wp-content\/uploads\/sites\/6\/2025\/09\/IMG_1098.jpeg","type":"image\/jpeg"}],"author":"Giuseppe Dattola","twitter_card":"summary_large_image","twitter_misc":{"Scritto da":"Giuseppe Dattola","Tempo di lettura stimato":"1 minuto"},"schema":{"@context":"https:\/\/schema.org","@graph":[{"@type":"Article","@id":"https:\/\/progettotouring.it\/radiotouring104\/2025\/09\/28\/volkov-torna-a-reggio-calabria\/#article","isPartOf":{"@id":"https:\/\/progettotouring.it\/radiotouring104\/2025\/09\/28\/volkov-torna-a-reggio-calabria\/"},"author":{"name":"Giuseppe Dattola","@id":"https:\/\/progettotouring.it\/radiotouring104\/#\/schema\/person\/c0e800756c839eae8c93153858959084"},"headline":"Volkov torna a Reggio Calabria","datePublished":"2025-09-28T09:17:34+00:00","dateModified":"2025-09-29T14:48:08+00:00","mainEntityOfPage":{"@id":"https:\/\/progettotouring.it\/radiotouring104\/2025\/09\/28\/volkov-torna-a-reggio-calabria\/"},"wordCount":146,"publisher":{"@id":"https:\/\/progettotouring.it\/radiotouring104\/#organization"},"image":{"@id":"https:\/\/progettotouring.it\/radiotouring104\/2025\/09\/28\/volkov-torna-a-reggio-calabria\/#primaryimage"},"thumbnailUrl":"https:\/\/progettotouring.it\/radiotouring104\/wp-content\/uploads\/sites\/6\/2025\/09\/IMG_1098.jpeg","keywords":["Docufilm su Carlo Recalcati","Sasha Volkov","Viola basket"],"articleSection":["News","Sport"],"inLanguage":"it-IT"},{"@type":"WebPage","@id":"https:\/\/progettotouring.it\/radiotouring104\/2025\/09\/28\/volkov-torna-a-reggio-calabria\/","url":"https:\/\/progettotouring.it\/radiotouring104\/2025\/09\/28\/volkov-torna-a-reggio-calabria\/","name":"Volkov torna a Reggio Calabria - Radio Touring 104","isPartOf":{"@id":"https:\/\/progettotouring.it\/radiotouring104\/#website"},"primaryImageOfPage":{"@id":"https:\/\/progettotouring.it\/radiotouring104\/2025\/09\/28\/volkov-torna-a-reggio-calabria\/#primaryimage"},"image":{"@id":"https:\/\/progettotouring.it\/radiotouring104\/2025\/09\/28\/volkov-torna-a-reggio-calabria\/#primaryimage"},"thumbnailUrl":"https:\/\/progettotouring.it\/radiotouring104\/wp-content\/uploads\/sites\/6\/2025\/09\/IMG_1098.jpeg","datePublished":"2025-09-28T09:17:34+00:00","dateModified":"2025-09-29T14:48:08+00:00","breadcrumb":{"@id":"https:\/\/progettotouring.it\/radiotouring104\/2025\/09\/28\/volkov-torna-a-reggio-calabria\/#breadcrumb"},"inLanguage":"it-IT","potentialAction":[{"@type":"ReadAction","target":["https:\/\/progettotouring.it\/radiotouring104\/2025\/09\/28\/volkov-torna-a-reggio-calabria\/"]}]},{"@type":"ImageObject","inLanguage":"it-IT","@id":"https:\/\/progettotouring.it\/radiotouring104\/2025\/09\/28\/volkov-torna-a-reggio-calabria\/#primaryimage","url":"https:\/\/progettotouring.it\/radiotouring104\/wp-content\/uploads\/sites\/6\/2025\/09\/IMG_1098.jpeg","contentUrl":"https:\/\/progettotouring.it\/radiotouring104\/wp-content\/uploads\/sites\/6\/2025\/09\/IMG_1098.jpeg","width":479,"height":715},{"@type":"BreadcrumbList","@id":"https:\/\/progettotouring.it\/radiotouring104\/2025\/09\/28\/volkov-torna-a-reggio-calabria\/#breadcrumb","itemListElement":[{"@type":"ListItem","position":1,"name":"Home","item":"https:\/\/progettotouring.it\/radiotouring104\/"},{"@type":"ListItem","position":2,"name":"Volkov torna a Reggio Calabria"}]},{"@type":"WebSite","@id":"https:\/\/progettotouring.it\/radiotouring104\/#website","url":"https:\/\/progettotouring.it\/radiotouring104\/","name":"Radio Touring 104","description":"La prima radio Reggina","publisher":{"@id":"https:\/\/progettotouring.it\/radiotouring104\/#organization"},"potentialAction":[{"@type":"SearchAction","target":{"@type":"EntryPoint","urlTemplate":"https:\/\/progettotouring.it\/radiotouring104\/?s={search_term_string}"},"query-input":{"@type":"PropertyValueSpecification","valueRequired":true,"valueName":"search_term_string"}}],"inLanguage":"it-IT"},{"@type":"Organization","@id":"https:\/\/progettotouring.it\/radiotouring104\/#organization","name":"Radio Touring 104","url":"https:\/\/progettotouring.it\/radiotouring104\/","logo":{"@type":"ImageObject","inLanguage":"it-IT","@id":"https:\/\/progettotouring.it\/radiotouring104\/#\/schema\/logo\/image\/","url":"https:\/\/progettotouring.it\/radiotouring104\/wp-content\/uploads\/sites\/6\/2022\/02\/cropped-logo-radio-touring-104.png","contentUrl":"https:\/\/progettotouring.it\/radiotouring104\/wp-content\/uploads\/sites\/6\/2022\/02\/cropped-logo-radio-touring-104.png","width":377,"height":182,"caption":"Radio Touring 104"},"image":{"@id":"https:\/\/progettotouring.it\/radiotouring104\/#\/schema\/logo\/image\/"}},{"@type":"Person","@id":"https:\/\/progettotouring.it\/radiotouring104\/#\/schema\/person\/c0e800756c839eae8c93153858959084","name":"Giuseppe Dattola","image":{"@type":"ImageObject","inLanguage":"it-IT","@id":"https:\/\/secure.gravatar.com\/avatar\/c5771b35d04c75debcca6c29ddd4741e6a8276b8c8f1598b29c8fba52c35e758?s=96&d=mm&r=g","url":"https:\/\/secure.gravatar.com\/avatar\/c5771b35d04c75debcca6c29ddd4741e6a8276b8c8f1598b29c8fba52c35e758?s=96&d=mm&r=g","contentUrl":"https:\/\/secure.gravatar.com\/avatar\/c5771b35d04c75debcca6c29ddd4741e6a8276b8c8f1598b29c8fba52c35e758?s=96&d=mm&r=g","caption":"Giuseppe Dattola"},"url":"https:\/\/progettotouring.it\/radiotouring104\/author\/gdattola\/"}]}},"jetpack_publicize_connections":[],"jetpack_featured_media_url":"https:\/\/progettotouring.it\/radiotouring104\/wp-content\/uploads\/sites\/6\/2025\/09\/IMG_1098.jpeg","jetpack_sharing_enabled":true,"_links":{"self":[{"href":"https:\/\/progettotouring.it\/radiotouring104\/wp-json\/wp\/v2\/posts\/82354","targetHints":{"allow":["GET"]}}],"collection":[{"href":"https:\/\/progettotouring.it\/radiotouring104\/wp-json\/wp\/v2\/posts"}],"about":[{"href":"https:\/\/progettotouring.it\/radiotouring104\/wp-json\/wp\/v2\/types\/post"}],"author":[{"embeddable":true,"href":"https:\/\/progettotouring.it\/radiotouring104\/wp-json\/wp\/v2\/users\/21"}],"replies":[{"embeddable":true,"href":"https:\/\/progettotouring.it\/radiotouring104\/wp-json\/wp\/v2\/comments?post=82354"}],"version-history":[{"count":1,"href":"https:\/\/progettotouring.it\/radiotouring104\/wp-json\/wp\/v2\/posts\/82354\/revisions"}],"predecessor-version":[{"id":82356,"href":"https:\/\/progettotouring.it\/radiotouring104\/wp-json\/wp\/v2\/posts\/82354\/revisions\/82356"}],"wp:featuredmedia":[{"embeddable":true,"href":"https:\/\/progettotouring.it\/radiotouring104\/wp-json\/wp\/v2\/media\/82355"}],"wp:attachment":[{"href":"https:\/\/progettotouring.it\/radiotouring104\/wp-json\/wp\/v2\/media?parent=82354"}],"wp:term":[{"taxonomy":"category","embeddable":true,"href":"https:\/\/progettotouring.it\/radiotouring104\/wp-json\/wp\/v2\/categories?post=82354"},{"taxonomy":"post_tag","embeddable":true,"href":"https:\/\/progettotouring.it\/radiotouring104\/wp-json\/wp\/v2\/tags?post=82354"}],"curies":[{"name":"wp","href":"https:\/\/api.w.org\/{rel}","templated":true}]}}