{"id":82404,"date":"2025-09-29T09:44:42","date_gmt":"2025-09-29T07:44:42","guid":{"rendered":"https:\/\/progettotouring.it\/radiotouring104\/?p=82404"},"modified":"2025-09-29T12:21:54","modified_gmt":"2025-09-29T10:21:54","slug":"reggio-larena-dello-stretto-si-accende-con-linstallazione-tech4you-per-la-notte-europea-dei-ricercatori-2025","status":"publish","type":"post","link":"https:\/\/progettotouring.it\/radiotouring104\/2025\/09\/29\/reggio-larena-dello-stretto-si-accende-con-linstallazione-tech4you-per-la-notte-europea-dei-ricercatori-2025\/","title":{"rendered":"Reggio: l&#8217;Arena dello Stretto si accende con l\u2019installazione &#8220;Tech4You&#8221; per la &#8220;Notte Europea dei Ricercatori 2025&#8221;"},"content":{"rendered":"<p>Lo splendido lungomare Falcomat\u00e0 di Reggio Calabria si \u00e8 trasformato in un laboratorio a cielo aperto in occasione della Notte Europea dei Ricercatori e delle Ricercatrici 2025, che celebra quest\u2019anno i vent\u2019anni della manifestazione nazionale.<\/p>\n<p>Tra gli eventi pi\u00f9 partecipati e suggestivi del programma promosso dall\u2019Universit\u00e0 Mediterranea, grande successo ha riscosso l\u2019installazione dell\u2019ecosistema dell\u2019innovazione Tech4You, collocata a ridosso dell\u2019Arena dello Stretto e capace di attrarre cittadini, studenti e visitatori di tutte le et\u00e0.<\/p>\n<p>Le attivit\u00e0 sono state coordinate dalla professoressa Mariateresa Russo, Prorettrice Delegata ai Grandi Progetti e alle Infrastrutture di Ricerca, responsabile del progetto per la Mediterranea e vicepresidente del Consorzio Tech4You. Con lei, i responsabili di spoke dei progetti presenti all\u2019evento \u2013 i professori Giuseppe Araniti, Francesco Mauriello e Consuelo Nava \u2013 hanno contribuito a definire un percorso di divulgazione scientifica chiaro e coinvolgente.<\/p>\n<p>Protagonisti assoluti i ricercatori e le ricercatrici, che hanno illustrato al pubblico i risultati delle ricerche sviluppate nell\u2019ambito di Tech4You, molte delle quali realizzate in collaborazione con l\u2019Universit\u00e0 della Calabria, l\u2019Universit\u00e0 della Basilicata e il CNR. I temi affrontati, dalla transizione digitale a quella ecologica, sono stati raccontati con un linguaggio semplice e accessibile, dimostrando come l\u2019innovazione possa diventare patrimonio condiviso.<\/p>\n<p>All\u2019evento hanno partecipato, tra gli altri, il Magnifico Rettore della Mediterranea, prof. Giuseppe Zimbalatti ed il Direttore generale Pietro Foti. Cittadini e visitatori hanno potuto sperimentare in prima persona le tecnologie innovative sviluppate grazie al PNRR, dialogando direttamente con i ricercatori e partecipando a esperienze interattive pensate per rendere fruibili anche i temi pi\u00f9 complessi.<\/p>\n<p>A rendere la serata ancora pi\u00f9 suggestiva \u00e8 stato l\u2019intervento dell\u2019artista Gigi Miseferi, che con ironia e bravura ha saputo intrecciare scienza e spettacolo, trasformando l\u2019incontro in un\u2019esperienza unica di conoscenza e intrattenimento.<\/p>\n<p>Le iniziative della Notte Europea dei Ricercatori e delle Ricercatrici proseguiranno fino a domani, luned\u00ec 29 settembre. Questa sera, alle ore 21.00, \u00e8 atteso il Tech4You Science Show presso il Funky Drop \u2013 Urban Taproom (via Zecca, Reggio Calabria): giovani ricercatori presenteranno le idee imprenditoriali nate dal progetto Tech4You e il pubblico sar\u00e0 protagonista, votando le proposte che riterr\u00e0 pi\u00f9 interessanti.<\/p>\n<p>L\u2019installazione Tech4You, si \u00e8 affermata come cuore pulsante della manifestazione, dimostrando come la scienza, quando raccontata in modo partecipato, possa rafforzare il legame tra ricerca e societ\u00e0 e diventare stimolo di crescita per l\u2019intera comunit\u00e0.<\/p>\n","protected":false},"excerpt":{"rendered":"<p>Lo splendido lungomare Falcomat\u00e0 di Reggio Calabria si \u00e8 trasformato in un laboratorio a cielo aperto in occasione della Notte Europea dei Ricercatori e delle Ricercatrici 2025, che celebra quest\u2019anno&hellip;<\/p>\n","protected":false},"author":5,"featured_media":82405,"comment_status":"closed","ping_status":"open","sticky":false,"template":"","format":"standard","meta":{"_jetpack_memberships_contains_paid_content":false,"footnotes":"","jetpack_publicize_message":"","jetpack_publicize_feature_enabled":true,"jetpack_social_post_already_shared":true,"jetpack_social_options":{"image_generator_settings":{"template":"highway","default_image_id":0,"font":"","enabled":false},"version":2}},"categories":[921,196,140],"tags":[47824,848,47823,47822],"class_list":["post-82404","post","type-post","status-publish","format-standard","has-post-thumbnail","hentry","category-home","category-news","category-reggio-calabria","tag-20-edizione","tag-arena-dello-stretto","tag-installazione-tech4you","tag-notte-europea-dei-ricercatori-2025"],"yoast_head":"<!-- This site is optimized with the Yoast SEO plugin v27.2 - https:\/\/yoast.com\/product\/yoast-seo-wordpress\/ -->\n<title>Notte dei Ricercatori: l&#039;Arena si accende con istallazione Tech4You<\/title>\n<meta name=\"description\" content=\"Il lungomare &quot;Falcomat\u00e0 si \u00e8 trasformato in un laboratorio a cielo aperto per la XX edizione &quot;Notte Europea dei Ricercatori 2025&quot;\" \/>\n<meta name=\"robots\" content=\"index, follow, max-snippet:-1, max-image-preview:large, max-video-preview:-1\" \/>\n<link rel=\"canonical\" href=\"https:\/\/progettotouring.it\/radiotouring104\/2025\/09\/29\/reggio-larena-dello-stretto-si-accende-con-linstallazione-tech4you-per-la-notte-europea-dei-ricercatori-2025\/\" \/>\n<meta property=\"og:locale\" content=\"it_IT\" \/>\n<meta property=\"og:type\" content=\"article\" \/>\n<meta property=\"og:title\" content=\"Notte dei Ricercatori: l&#039;Arena si accende con istallazione Tech4You\" \/>\n<meta property=\"og:description\" content=\"Il lungomare &quot;Falcomat\u00e0 si \u00e8 trasformato in un laboratorio a cielo aperto per la XX edizione &quot;Notte Europea dei Ricercatori 2025&quot;\" \/>\n<meta property=\"og:url\" content=\"https:\/\/progettotouring.it\/radiotouring104\/2025\/09\/29\/reggio-larena-dello-stretto-si-accende-con-linstallazione-tech4you-per-la-notte-europea-dei-ricercatori-2025\/\" \/>\n<meta property=\"og:site_name\" content=\"Radio Touring 104\" \/>\n<meta property=\"article:published_time\" content=\"2025-09-29T07:44:42+00:00\" \/>\n<meta property=\"article:modified_time\" content=\"2025-09-29T10:21:54+00:00\" \/>\n<meta property=\"og:image\" content=\"https:\/\/progettotouring.it\/radiotouring104\/wp-content\/uploads\/sites\/6\/2025\/09\/Notte-ricercatori-2025-Tech4You-UniRc.jpeg\" \/>\n\t<meta property=\"og:image:width\" content=\"1600\" \/>\n\t<meta property=\"og:image:height\" content=\"1200\" \/>\n\t<meta property=\"og:image:type\" content=\"image\/jpeg\" \/>\n<meta name=\"author\" content=\"redazione\" \/>\n<meta name=\"twitter:card\" content=\"summary_large_image\" \/>\n<meta name=\"twitter:label1\" content=\"Scritto da\" \/>\n\t<meta name=\"twitter:data1\" content=\"redazione\" \/>\n\t<meta name=\"twitter:label2\" content=\"Tempo di lettura stimato\" \/>\n\t<meta name=\"twitter:data2\" content=\"2 minuti\" \/>\n<script type=\"application\/ld+json\" class=\"yoast-schema-graph\">{\"@context\":\"https:\/\/schema.org\",\"@graph\":[{\"@type\":\"Article\",\"@id\":\"https:\/\/progettotouring.it\/radiotouring104\/2025\/09\/29\/reggio-larena-dello-stretto-si-accende-con-linstallazione-tech4you-per-la-notte-europea-dei-ricercatori-2025\/#article\",\"isPartOf\":{\"@id\":\"https:\/\/progettotouring.it\/radiotouring104\/2025\/09\/29\/reggio-larena-dello-stretto-si-accende-con-linstallazione-tech4you-per-la-notte-europea-dei-ricercatori-2025\/\"},\"author\":{\"name\":\"redazione\",\"@id\":\"https:\/\/progettotouring.it\/radiotouring104\/#\/schema\/person\/1b3eb3c07c47136bc44c785c543e635f\"},\"headline\":\"Reggio: l&#8217;Arena dello Stretto si accende con l\u2019installazione &#8220;Tech4You&#8221; per la &#8220;Notte Europea dei Ricercatori 2025&#8221;\",\"datePublished\":\"2025-09-29T07:44:42+00:00\",\"dateModified\":\"2025-09-29T10:21:54+00:00\",\"mainEntityOfPage\":{\"@id\":\"https:\/\/progettotouring.it\/radiotouring104\/2025\/09\/29\/reggio-larena-dello-stretto-si-accende-con-linstallazione-tech4you-per-la-notte-europea-dei-ricercatori-2025\/\"},\"wordCount\":413,\"publisher\":{\"@id\":\"https:\/\/progettotouring.it\/radiotouring104\/#organization\"},\"image\":{\"@id\":\"https:\/\/progettotouring.it\/radiotouring104\/2025\/09\/29\/reggio-larena-dello-stretto-si-accende-con-linstallazione-tech4you-per-la-notte-europea-dei-ricercatori-2025\/#primaryimage\"},\"thumbnailUrl\":\"https:\/\/progettotouring.it\/radiotouring104\/wp-content\/uploads\/sites\/6\/2025\/09\/Notte-ricercatori-2025-Tech4You-UniRc.jpeg\",\"keywords\":[\"20\u00b0 edizione\",\"Arena dello Stretto\",\"installazione \\\"Tech4You\\\"\",\"Notte Europea dei Ricercatori 2025\"],\"articleSection\":[\"Home\",\"News\",\"Reggio Calabria\"],\"inLanguage\":\"it-IT\"},{\"@type\":\"WebPage\",\"@id\":\"https:\/\/progettotouring.it\/radiotouring104\/2025\/09\/29\/reggio-larena-dello-stretto-si-accende-con-linstallazione-tech4you-per-la-notte-europea-dei-ricercatori-2025\/\",\"url\":\"https:\/\/progettotouring.it\/radiotouring104\/2025\/09\/29\/reggio-larena-dello-stretto-si-accende-con-linstallazione-tech4you-per-la-notte-europea-dei-ricercatori-2025\/\",\"name\":\"Notte dei Ricercatori: l'Arena si accende con istallazione Tech4You\",\"isPartOf\":{\"@id\":\"https:\/\/progettotouring.it\/radiotouring104\/#website\"},\"primaryImageOfPage\":{\"@id\":\"https:\/\/progettotouring.it\/radiotouring104\/2025\/09\/29\/reggio-larena-dello-stretto-si-accende-con-linstallazione-tech4you-per-la-notte-europea-dei-ricercatori-2025\/#primaryimage\"},\"image\":{\"@id\":\"https:\/\/progettotouring.it\/radiotouring104\/2025\/09\/29\/reggio-larena-dello-stretto-si-accende-con-linstallazione-tech4you-per-la-notte-europea-dei-ricercatori-2025\/#primaryimage\"},\"thumbnailUrl\":\"https:\/\/progettotouring.it\/radiotouring104\/wp-content\/uploads\/sites\/6\/2025\/09\/Notte-ricercatori-2025-Tech4You-UniRc.jpeg\",\"datePublished\":\"2025-09-29T07:44:42+00:00\",\"dateModified\":\"2025-09-29T10:21:54+00:00\",\"description\":\"Il lungomare \\\"Falcomat\u00e0 si \u00e8 trasformato in un laboratorio a cielo aperto per la XX edizione \\\"Notte Europea dei Ricercatori 2025\\\"\",\"breadcrumb\":{\"@id\":\"https:\/\/progettotouring.it\/radiotouring104\/2025\/09\/29\/reggio-larena-dello-stretto-si-accende-con-linstallazione-tech4you-per-la-notte-europea-dei-ricercatori-2025\/#breadcrumb\"},\"inLanguage\":\"it-IT\",\"potentialAction\":[{\"@type\":\"ReadAction\",\"target\":[\"https:\/\/progettotouring.it\/radiotouring104\/2025\/09\/29\/reggio-larena-dello-stretto-si-accende-con-linstallazione-tech4you-per-la-notte-europea-dei-ricercatori-2025\/\"]}]},{\"@type\":\"ImageObject\",\"inLanguage\":\"it-IT\",\"@id\":\"https:\/\/progettotouring.it\/radiotouring104\/2025\/09\/29\/reggio-larena-dello-stretto-si-accende-con-linstallazione-tech4you-per-la-notte-europea-dei-ricercatori-2025\/#primaryimage\",\"url\":\"https:\/\/progettotouring.it\/radiotouring104\/wp-content\/uploads\/sites\/6\/2025\/09\/Notte-ricercatori-2025-Tech4You-UniRc.jpeg\",\"contentUrl\":\"https:\/\/progettotouring.it\/radiotouring104\/wp-content\/uploads\/sites\/6\/2025\/09\/Notte-ricercatori-2025-Tech4You-UniRc.jpeg\",\"width\":1600,\"height\":1200},{\"@type\":\"BreadcrumbList\",\"@id\":\"https:\/\/progettotouring.it\/radiotouring104\/2025\/09\/29\/reggio-larena-dello-stretto-si-accende-con-linstallazione-tech4you-per-la-notte-europea-dei-ricercatori-2025\/#breadcrumb\",\"itemListElement\":[{\"@type\":\"ListItem\",\"position\":1,\"name\":\"Home\",\"item\":\"https:\/\/progettotouring.it\/radiotouring104\/\"},{\"@type\":\"ListItem\",\"position\":2,\"name\":\"Reggio: l&#8217;Arena dello Stretto si accende con l\u2019installazione &#8220;Tech4You&#8221; per la &#8220;Notte Europea dei Ricercatori 2025&#8221;\"}]},{\"@type\":\"WebSite\",\"@id\":\"https:\/\/progettotouring.it\/radiotouring104\/#website\",\"url\":\"https:\/\/progettotouring.it\/radiotouring104\/\",\"name\":\"Radio Touring 104\",\"description\":\"La prima radio Reggina\",\"publisher\":{\"@id\":\"https:\/\/progettotouring.it\/radiotouring104\/#organization\"},\"potentialAction\":[{\"@type\":\"SearchAction\",\"target\":{\"@type\":\"EntryPoint\",\"urlTemplate\":\"https:\/\/progettotouring.it\/radiotouring104\/?s={search_term_string}\"},\"query-input\":{\"@type\":\"PropertyValueSpecification\",\"valueRequired\":true,\"valueName\":\"search_term_string\"}}],\"inLanguage\":\"it-IT\"},{\"@type\":\"Organization\",\"@id\":\"https:\/\/progettotouring.it\/radiotouring104\/#organization\",\"name\":\"Radio Touring 104\",\"url\":\"https:\/\/progettotouring.it\/radiotouring104\/\",\"logo\":{\"@type\":\"ImageObject\",\"inLanguage\":\"it-IT\",\"@id\":\"https:\/\/progettotouring.it\/radiotouring104\/#\/schema\/logo\/image\/\",\"url\":\"https:\/\/progettotouring.it\/radiotouring104\/wp-content\/uploads\/sites\/6\/2022\/02\/cropped-logo-radio-touring-104.png\",\"contentUrl\":\"https:\/\/progettotouring.it\/radiotouring104\/wp-content\/uploads\/sites\/6\/2022\/02\/cropped-logo-radio-touring-104.png\",\"width\":377,\"height\":182,\"caption\":\"Radio Touring 104\"},\"image\":{\"@id\":\"https:\/\/progettotouring.it\/radiotouring104\/#\/schema\/logo\/image\/\"}},{\"@type\":\"Person\",\"@id\":\"https:\/\/progettotouring.it\/radiotouring104\/#\/schema\/person\/1b3eb3c07c47136bc44c785c543e635f\",\"name\":\"redazione\",\"image\":{\"@type\":\"ImageObject\",\"inLanguage\":\"it-IT\",\"@id\":\"https:\/\/secure.gravatar.com\/avatar\/0b31605b49f100769e8b624b3e05de1b73e1692e9568a352f60f53fd072e6e11?s=96&d=mm&r=g\",\"url\":\"https:\/\/secure.gravatar.com\/avatar\/0b31605b49f100769e8b624b3e05de1b73e1692e9568a352f60f53fd072e6e11?s=96&d=mm&r=g\",\"contentUrl\":\"https:\/\/secure.gravatar.com\/avatar\/0b31605b49f100769e8b624b3e05de1b73e1692e9568a352f60f53fd072e6e11?s=96&d=mm&r=g\",\"caption\":\"redazione\"},\"url\":\"https:\/\/progettotouring.it\/radiotouring104\/author\/redazione\/\"}]}<\/script>\n<!-- \/ Yoast SEO plugin. -->","yoast_head_json":{"title":"Notte dei Ricercatori: l'Arena si accende con istallazione Tech4You","description":"Il lungomare \"Falcomat\u00e0 si \u00e8 trasformato in un laboratorio a cielo aperto per la XX edizione \"Notte Europea dei Ricercatori 2025\"","robots":{"index":"index","follow":"follow","max-snippet":"max-snippet:-1","max-image-preview":"max-image-preview:large","max-video-preview":"max-video-preview:-1"},"canonical":"https:\/\/progettotouring.it\/radiotouring104\/2025\/09\/29\/reggio-larena-dello-stretto-si-accende-con-linstallazione-tech4you-per-la-notte-europea-dei-ricercatori-2025\/","og_locale":"it_IT","og_type":"article","og_title":"Notte dei Ricercatori: l'Arena si accende con istallazione Tech4You","og_description":"Il lungomare \"Falcomat\u00e0 si \u00e8 trasformato in un laboratorio a cielo aperto per la XX edizione \"Notte Europea dei Ricercatori 2025\"","og_url":"https:\/\/progettotouring.it\/radiotouring104\/2025\/09\/29\/reggio-larena-dello-stretto-si-accende-con-linstallazione-tech4you-per-la-notte-europea-dei-ricercatori-2025\/","og_site_name":"Radio Touring 104","article_published_time":"2025-09-29T07:44:42+00:00","article_modified_time":"2025-09-29T10:21:54+00:00","og_image":[{"width":1600,"height":1200,"url":"https:\/\/progettotouring.it\/radiotouring104\/wp-content\/uploads\/sites\/6\/2025\/09\/Notte-ricercatori-2025-Tech4You-UniRc.jpeg","type":"image\/jpeg"}],"author":"redazione","twitter_card":"summary_large_image","twitter_misc":{"Scritto da":"redazione","Tempo di lettura stimato":"2 minuti"},"schema":{"@context":"https:\/\/schema.org","@graph":[{"@type":"Article","@id":"https:\/\/progettotouring.it\/radiotouring104\/2025\/09\/29\/reggio-larena-dello-stretto-si-accende-con-linstallazione-tech4you-per-la-notte-europea-dei-ricercatori-2025\/#article","isPartOf":{"@id":"https:\/\/progettotouring.it\/radiotouring104\/2025\/09\/29\/reggio-larena-dello-stretto-si-accende-con-linstallazione-tech4you-per-la-notte-europea-dei-ricercatori-2025\/"},"author":{"name":"redazione","@id":"https:\/\/progettotouring.it\/radiotouring104\/#\/schema\/person\/1b3eb3c07c47136bc44c785c543e635f"},"headline":"Reggio: l&#8217;Arena dello Stretto si accende con l\u2019installazione &#8220;Tech4You&#8221; per la &#8220;Notte Europea dei Ricercatori 2025&#8221;","datePublished":"2025-09-29T07:44:42+00:00","dateModified":"2025-09-29T10:21:54+00:00","mainEntityOfPage":{"@id":"https:\/\/progettotouring.it\/radiotouring104\/2025\/09\/29\/reggio-larena-dello-stretto-si-accende-con-linstallazione-tech4you-per-la-notte-europea-dei-ricercatori-2025\/"},"wordCount":413,"publisher":{"@id":"https:\/\/progettotouring.it\/radiotouring104\/#organization"},"image":{"@id":"https:\/\/progettotouring.it\/radiotouring104\/2025\/09\/29\/reggio-larena-dello-stretto-si-accende-con-linstallazione-tech4you-per-la-notte-europea-dei-ricercatori-2025\/#primaryimage"},"thumbnailUrl":"https:\/\/progettotouring.it\/radiotouring104\/wp-content\/uploads\/sites\/6\/2025\/09\/Notte-ricercatori-2025-Tech4You-UniRc.jpeg","keywords":["20\u00b0 edizione","Arena dello Stretto","installazione \"Tech4You\"","Notte Europea dei Ricercatori 2025"],"articleSection":["Home","News","Reggio Calabria"],"inLanguage":"it-IT"},{"@type":"WebPage","@id":"https:\/\/progettotouring.it\/radiotouring104\/2025\/09\/29\/reggio-larena-dello-stretto-si-accende-con-linstallazione-tech4you-per-la-notte-europea-dei-ricercatori-2025\/","url":"https:\/\/progettotouring.it\/radiotouring104\/2025\/09\/29\/reggio-larena-dello-stretto-si-accende-con-linstallazione-tech4you-per-la-notte-europea-dei-ricercatori-2025\/","name":"Notte dei Ricercatori: l'Arena si accende con istallazione Tech4You","isPartOf":{"@id":"https:\/\/progettotouring.it\/radiotouring104\/#website"},"primaryImageOfPage":{"@id":"https:\/\/progettotouring.it\/radiotouring104\/2025\/09\/29\/reggio-larena-dello-stretto-si-accende-con-linstallazione-tech4you-per-la-notte-europea-dei-ricercatori-2025\/#primaryimage"},"image":{"@id":"https:\/\/progettotouring.it\/radiotouring104\/2025\/09\/29\/reggio-larena-dello-stretto-si-accende-con-linstallazione-tech4you-per-la-notte-europea-dei-ricercatori-2025\/#primaryimage"},"thumbnailUrl":"https:\/\/progettotouring.it\/radiotouring104\/wp-content\/uploads\/sites\/6\/2025\/09\/Notte-ricercatori-2025-Tech4You-UniRc.jpeg","datePublished":"2025-09-29T07:44:42+00:00","dateModified":"2025-09-29T10:21:54+00:00","description":"Il lungomare \"Falcomat\u00e0 si \u00e8 trasformato in un laboratorio a cielo aperto per la XX edizione \"Notte Europea dei Ricercatori 2025\"","breadcrumb":{"@id":"https:\/\/progettotouring.it\/radiotouring104\/2025\/09\/29\/reggio-larena-dello-stretto-si-accende-con-linstallazione-tech4you-per-la-notte-europea-dei-ricercatori-2025\/#breadcrumb"},"inLanguage":"it-IT","potentialAction":[{"@type":"ReadAction","target":["https:\/\/progettotouring.it\/radiotouring104\/2025\/09\/29\/reggio-larena-dello-stretto-si-accende-con-linstallazione-tech4you-per-la-notte-europea-dei-ricercatori-2025\/"]}]},{"@type":"ImageObject","inLanguage":"it-IT","@id":"https:\/\/progettotouring.it\/radiotouring104\/2025\/09\/29\/reggio-larena-dello-stretto-si-accende-con-linstallazione-tech4you-per-la-notte-europea-dei-ricercatori-2025\/#primaryimage","url":"https:\/\/progettotouring.it\/radiotouring104\/wp-content\/uploads\/sites\/6\/2025\/09\/Notte-ricercatori-2025-Tech4You-UniRc.jpeg","contentUrl":"https:\/\/progettotouring.it\/radiotouring104\/wp-content\/uploads\/sites\/6\/2025\/09\/Notte-ricercatori-2025-Tech4You-UniRc.jpeg","width":1600,"height":1200},{"@type":"BreadcrumbList","@id":"https:\/\/progettotouring.it\/radiotouring104\/2025\/09\/29\/reggio-larena-dello-stretto-si-accende-con-linstallazione-tech4you-per-la-notte-europea-dei-ricercatori-2025\/#breadcrumb","itemListElement":[{"@type":"ListItem","position":1,"name":"Home","item":"https:\/\/progettotouring.it\/radiotouring104\/"},{"@type":"ListItem","position":2,"name":"Reggio: l&#8217;Arena dello Stretto si accende con l\u2019installazione &#8220;Tech4You&#8221; per la &#8220;Notte Europea dei Ricercatori 2025&#8221;"}]},{"@type":"WebSite","@id":"https:\/\/progettotouring.it\/radiotouring104\/#website","url":"https:\/\/progettotouring.it\/radiotouring104\/","name":"Radio Touring 104","description":"La prima radio Reggina","publisher":{"@id":"https:\/\/progettotouring.it\/radiotouring104\/#organization"},"potentialAction":[{"@type":"SearchAction","target":{"@type":"EntryPoint","urlTemplate":"https:\/\/progettotouring.it\/radiotouring104\/?s={search_term_string}"},"query-input":{"@type":"PropertyValueSpecification","valueRequired":true,"valueName":"search_term_string"}}],"inLanguage":"it-IT"},{"@type":"Organization","@id":"https:\/\/progettotouring.it\/radiotouring104\/#organization","name":"Radio Touring 104","url":"https:\/\/progettotouring.it\/radiotouring104\/","logo":{"@type":"ImageObject","inLanguage":"it-IT","@id":"https:\/\/progettotouring.it\/radiotouring104\/#\/schema\/logo\/image\/","url":"https:\/\/progettotouring.it\/radiotouring104\/wp-content\/uploads\/sites\/6\/2022\/02\/cropped-logo-radio-touring-104.png","contentUrl":"https:\/\/progettotouring.it\/radiotouring104\/wp-content\/uploads\/sites\/6\/2022\/02\/cropped-logo-radio-touring-104.png","width":377,"height":182,"caption":"Radio Touring 104"},"image":{"@id":"https:\/\/progettotouring.it\/radiotouring104\/#\/schema\/logo\/image\/"}},{"@type":"Person","@id":"https:\/\/progettotouring.it\/radiotouring104\/#\/schema\/person\/1b3eb3c07c47136bc44c785c543e635f","name":"redazione","image":{"@type":"ImageObject","inLanguage":"it-IT","@id":"https:\/\/secure.gravatar.com\/avatar\/0b31605b49f100769e8b624b3e05de1b73e1692e9568a352f60f53fd072e6e11?s=96&d=mm&r=g","url":"https:\/\/secure.gravatar.com\/avatar\/0b31605b49f100769e8b624b3e05de1b73e1692e9568a352f60f53fd072e6e11?s=96&d=mm&r=g","contentUrl":"https:\/\/secure.gravatar.com\/avatar\/0b31605b49f100769e8b624b3e05de1b73e1692e9568a352f60f53fd072e6e11?s=96&d=mm&r=g","caption":"redazione"},"url":"https:\/\/progettotouring.it\/radiotouring104\/author\/redazione\/"}]}},"jetpack_publicize_connections":[],"jetpack_featured_media_url":"https:\/\/progettotouring.it\/radiotouring104\/wp-content\/uploads\/sites\/6\/2025\/09\/Notte-ricercatori-2025-Tech4You-UniRc.jpeg","jetpack_sharing_enabled":true,"_links":{"self":[{"href":"https:\/\/progettotouring.it\/radiotouring104\/wp-json\/wp\/v2\/posts\/82404","targetHints":{"allow":["GET"]}}],"collection":[{"href":"https:\/\/progettotouring.it\/radiotouring104\/wp-json\/wp\/v2\/posts"}],"about":[{"href":"https:\/\/progettotouring.it\/radiotouring104\/wp-json\/wp\/v2\/types\/post"}],"author":[{"embeddable":true,"href":"https:\/\/progettotouring.it\/radiotouring104\/wp-json\/wp\/v2\/users\/5"}],"replies":[{"embeddable":true,"href":"https:\/\/progettotouring.it\/radiotouring104\/wp-json\/wp\/v2\/comments?post=82404"}],"version-history":[{"count":1,"href":"https:\/\/progettotouring.it\/radiotouring104\/wp-json\/wp\/v2\/posts\/82404\/revisions"}],"predecessor-version":[{"id":82406,"href":"https:\/\/progettotouring.it\/radiotouring104\/wp-json\/wp\/v2\/posts\/82404\/revisions\/82406"}],"wp:featuredmedia":[{"embeddable":true,"href":"https:\/\/progettotouring.it\/radiotouring104\/wp-json\/wp\/v2\/media\/82405"}],"wp:attachment":[{"href":"https:\/\/progettotouring.it\/radiotouring104\/wp-json\/wp\/v2\/media?parent=82404"}],"wp:term":[{"taxonomy":"category","embeddable":true,"href":"https:\/\/progettotouring.it\/radiotouring104\/wp-json\/wp\/v2\/categories?post=82404"},{"taxonomy":"post_tag","embeddable":true,"href":"https:\/\/progettotouring.it\/radiotouring104\/wp-json\/wp\/v2\/tags?post=82404"}],"curies":[{"name":"wp","href":"https:\/\/api.w.org\/{rel}","templated":true}]}}