{"id":82409,"date":"2025-09-29T09:58:58","date_gmt":"2025-09-29T07:58:58","guid":{"rendered":"https:\/\/progettotouring.it\/radiotouring104\/?p=82409"},"modified":"2025-09-29T12:22:04","modified_gmt":"2025-09-29T10:22:04","slug":"melito-p-s-falcomata-attacca-occhiuto-sulla-gestione-dellospedale","status":"publish","type":"post","link":"https:\/\/progettotouring.it\/radiotouring104\/2025\/09\/29\/melito-p-s-falcomata-attacca-occhiuto-sulla-gestione-dellospedale\/","title":{"rendered":"Melito P.S.: Falcomat\u00e0 attacca Occhiuto sulla gestione dell&#8217;Ospedale"},"content":{"rendered":"<p>\u201cCome non condividere le posizioni del Sindaco di Melito Nastasi: nessun risultato da registrare su Ospedale di Melito in quattro anni di gestione Occhiuto che, a differenza di altri presidenti del passato, ha avuto super poteri per gestire la sanit\u00e0 e soprattutto la ristrutturazione della rete ospedaliera calabrese\u201d &#8211; lo ha dichiarato il Sindaco metropolitano Giuseppe Falcomat\u00e0 che ha aggiunto: \u201cmancate risposte per un presidio sanitario che rappresenta un punto di riferimento per l\u2019intera area grecanica, che ha subito un ridimensionamento inaccettabile per le esigenze dei cittadini che hanno visto mortificato il proprio diritto alla salute\u201d.<\/p>\n<p>\u201cDa anni, il nosocomio di Melito &#8211; continua Falcomat\u00e0 &#8211; nonostante l&#8217;encomiabile sforzo dei medici e di tutti gli operatori sanitari che assurgono alla loro missione senza mai risparmiarsi, e nonostante le difficolt\u00e0 strutturali, \u00e8 un ospedale che soffre di carenze di organico con la maggior parte degli operatori sanitari in servizio che \u00e8 prossima alla pensione o gode dei diritti previsti dalla legge 104, con conseguenti assenze che incidono sulla funzionalit\u00e0 dei servizi erogati. E come emerso dagli ultimi confronti con addetti ai lavori e cittadini, emerge pure una criticit\u00e0 abbastanza accentuata riferita a posti letto, per reparti importantissimi come medicina Interna e Oncologia, ma soprattutto persiste da tempo un disagio organizzativo ambulatoriale dovuto a spazi ridotti e non riqualificati. A tutto questo si aggiunge l&#8217;obsolescenza delle attrezzature, con strumenti ormai fuori produzione e fatiscenti, che non sono degni di un Paese civile\u201d.<\/p>\n<p>\u201cLa sanit\u00e0 di qualit\u00e0 sui territori \u00e8 una chimera, perch\u00e9 &#8211; conclude &#8211; siamo costretti a rivendicare un diritto sancito dalla Costituzione ma che rischia di diventare un privilegio per chi vive nei centri periferici, perch\u00e9 \u00e8 inaccettabile l\u2019attesa infinita di una TAC o di un esame strumentale, pertanto, occorre invertire la tendenza e potremo farlo solo con una presa di consapevolezza alle urne. Anche e soprattutto per restituire ai calabresi un servizio sanitario all\u2019altezza delle loro aspettative dei cittadini\u201d.<\/p>\n","protected":false},"excerpt":{"rendered":"<p>\u201cCome non condividere le posizioni del Sindaco di Melito Nastasi: nessun risultato da registrare su Ospedale di Melito in quattro anni di gestione Occhiuto che, a differenza di altri presidenti&hellip;<\/p>\n","protected":false},"author":5,"featured_media":72928,"comment_status":"closed","ping_status":"open","sticky":false,"template":"","format":"standard","meta":{"_jetpack_memberships_contains_paid_content":false,"footnotes":"","jetpack_publicize_message":"","jetpack_publicize_feature_enabled":true,"jetpack_social_post_already_shared":true,"jetpack_social_options":{"image_generator_settings":{"template":"highway","default_image_id":0,"font":"","enabled":false},"version":2}},"categories":[921,196,140],"tags":[812,4760,47828,47827,1235],"class_list":["post-82409","post","type-post","status-publish","format-standard","has-post-thumbnail","hentry","category-home","category-news","category-reggio-calabria","tag-giuseppe-falcomata","tag-melito-porto-salvo","tag-nessun-risultato-in-4-anni-di-gestione-occhiuto","tag-ospedale-t-evoli","tag-roberto-occhiuto"],"yoast_head":"<!-- This site is optimized with the Yoast SEO plugin v27.2 - https:\/\/yoast.com\/product\/yoast-seo-wordpress\/ -->\n<title>Falcomat\u00e0 attacca Occhiuto sulla gestione dell&#039;Ospedale di Melito<\/title>\n<meta name=\"description\" content=\"\u201cA Melito nessun risultato concreto per l\u2019ospedale \u2018T.Evoli\u2019 in 4 anni di gestione Occhiuto\u201d, attacca il Sindaco di Reggio\" \/>\n<meta name=\"robots\" content=\"index, follow, max-snippet:-1, max-image-preview:large, max-video-preview:-1\" \/>\n<link rel=\"canonical\" href=\"https:\/\/progettotouring.it\/radiotouring104\/2025\/09\/29\/melito-p-s-falcomata-attacca-occhiuto-sulla-gestione-dellospedale\/\" \/>\n<meta property=\"og:locale\" content=\"it_IT\" \/>\n<meta property=\"og:type\" content=\"article\" \/>\n<meta property=\"og:title\" content=\"Falcomat\u00e0 attacca Occhiuto sulla gestione dell&#039;Ospedale di Melito\" \/>\n<meta property=\"og:description\" content=\"\u201cA Melito nessun risultato concreto per l\u2019ospedale \u2018T.Evoli\u2019 in 4 anni di gestione Occhiuto\u201d, attacca il Sindaco di Reggio\" \/>\n<meta property=\"og:url\" content=\"https:\/\/progettotouring.it\/radiotouring104\/2025\/09\/29\/melito-p-s-falcomata-attacca-occhiuto-sulla-gestione-dellospedale\/\" \/>\n<meta property=\"og:site_name\" content=\"Radio Touring 104\" \/>\n<meta property=\"article:published_time\" content=\"2025-09-29T07:58:58+00:00\" \/>\n<meta property=\"article:modified_time\" content=\"2025-09-29T10:22:04+00:00\" \/>\n<meta property=\"og:image\" content=\"https:\/\/progettotouring.it\/radiotouring104\/wp-content\/uploads\/sites\/6\/2025\/05\/Giuseppe-Falcomata.jpeg\" \/>\n\t<meta property=\"og:image:width\" content=\"2048\" \/>\n\t<meta property=\"og:image:height\" content=\"1152\" \/>\n\t<meta property=\"og:image:type\" content=\"image\/jpeg\" \/>\n<meta name=\"author\" content=\"redazione\" \/>\n<meta name=\"twitter:card\" content=\"summary_large_image\" \/>\n<meta name=\"twitter:label1\" content=\"Scritto da\" \/>\n\t<meta name=\"twitter:data1\" content=\"redazione\" \/>\n\t<meta name=\"twitter:label2\" content=\"Tempo di lettura stimato\" \/>\n\t<meta name=\"twitter:data2\" content=\"2 minuti\" \/>\n<script type=\"application\/ld+json\" class=\"yoast-schema-graph\">{\"@context\":\"https:\/\/schema.org\",\"@graph\":[{\"@type\":\"Article\",\"@id\":\"https:\/\/progettotouring.it\/radiotouring104\/2025\/09\/29\/melito-p-s-falcomata-attacca-occhiuto-sulla-gestione-dellospedale\/#article\",\"isPartOf\":{\"@id\":\"https:\/\/progettotouring.it\/radiotouring104\/2025\/09\/29\/melito-p-s-falcomata-attacca-occhiuto-sulla-gestione-dellospedale\/\"},\"author\":{\"name\":\"redazione\",\"@id\":\"https:\/\/progettotouring.it\/radiotouring104\/#\/schema\/person\/1b3eb3c07c47136bc44c785c543e635f\"},\"headline\":\"Melito P.S.: Falcomat\u00e0 attacca Occhiuto sulla gestione dell&#8217;Ospedale\",\"datePublished\":\"2025-09-29T07:58:58+00:00\",\"dateModified\":\"2025-09-29T10:22:04+00:00\",\"mainEntityOfPage\":{\"@id\":\"https:\/\/progettotouring.it\/radiotouring104\/2025\/09\/29\/melito-p-s-falcomata-attacca-occhiuto-sulla-gestione-dellospedale\/\"},\"wordCount\":327,\"publisher\":{\"@id\":\"https:\/\/progettotouring.it\/radiotouring104\/#organization\"},\"image\":{\"@id\":\"https:\/\/progettotouring.it\/radiotouring104\/2025\/09\/29\/melito-p-s-falcomata-attacca-occhiuto-sulla-gestione-dellospedale\/#primaryimage\"},\"thumbnailUrl\":\"https:\/\/progettotouring.it\/radiotouring104\/wp-content\/uploads\/sites\/6\/2025\/05\/Giuseppe-Falcomata.jpeg\",\"keywords\":[\"Giuseppe Falcomat\u00e0\",\"melito porto salvo\",\"nessun risultato in 4 anni di gestione Occhiuto\",\"Ospedale T.Evoli\",\"roberto occhiuto\"],\"articleSection\":[\"Home\",\"News\",\"Reggio Calabria\"],\"inLanguage\":\"it-IT\"},{\"@type\":\"WebPage\",\"@id\":\"https:\/\/progettotouring.it\/radiotouring104\/2025\/09\/29\/melito-p-s-falcomata-attacca-occhiuto-sulla-gestione-dellospedale\/\",\"url\":\"https:\/\/progettotouring.it\/radiotouring104\/2025\/09\/29\/melito-p-s-falcomata-attacca-occhiuto-sulla-gestione-dellospedale\/\",\"name\":\"Falcomat\u00e0 attacca Occhiuto sulla gestione dell'Ospedale di Melito\",\"isPartOf\":{\"@id\":\"https:\/\/progettotouring.it\/radiotouring104\/#website\"},\"primaryImageOfPage\":{\"@id\":\"https:\/\/progettotouring.it\/radiotouring104\/2025\/09\/29\/melito-p-s-falcomata-attacca-occhiuto-sulla-gestione-dellospedale\/#primaryimage\"},\"image\":{\"@id\":\"https:\/\/progettotouring.it\/radiotouring104\/2025\/09\/29\/melito-p-s-falcomata-attacca-occhiuto-sulla-gestione-dellospedale\/#primaryimage\"},\"thumbnailUrl\":\"https:\/\/progettotouring.it\/radiotouring104\/wp-content\/uploads\/sites\/6\/2025\/05\/Giuseppe-Falcomata.jpeg\",\"datePublished\":\"2025-09-29T07:58:58+00:00\",\"dateModified\":\"2025-09-29T10:22:04+00:00\",\"description\":\"\u201cA Melito nessun risultato concreto per l\u2019ospedale \u2018T.Evoli\u2019 in 4 anni di gestione Occhiuto\u201d, attacca il Sindaco di Reggio\",\"breadcrumb\":{\"@id\":\"https:\/\/progettotouring.it\/radiotouring104\/2025\/09\/29\/melito-p-s-falcomata-attacca-occhiuto-sulla-gestione-dellospedale\/#breadcrumb\"},\"inLanguage\":\"it-IT\",\"potentialAction\":[{\"@type\":\"ReadAction\",\"target\":[\"https:\/\/progettotouring.it\/radiotouring104\/2025\/09\/29\/melito-p-s-falcomata-attacca-occhiuto-sulla-gestione-dellospedale\/\"]}]},{\"@type\":\"ImageObject\",\"inLanguage\":\"it-IT\",\"@id\":\"https:\/\/progettotouring.it\/radiotouring104\/2025\/09\/29\/melito-p-s-falcomata-attacca-occhiuto-sulla-gestione-dellospedale\/#primaryimage\",\"url\":\"https:\/\/progettotouring.it\/radiotouring104\/wp-content\/uploads\/sites\/6\/2025\/05\/Giuseppe-Falcomata.jpeg\",\"contentUrl\":\"https:\/\/progettotouring.it\/radiotouring104\/wp-content\/uploads\/sites\/6\/2025\/05\/Giuseppe-Falcomata.jpeg\",\"width\":2048,\"height\":1152},{\"@type\":\"BreadcrumbList\",\"@id\":\"https:\/\/progettotouring.it\/radiotouring104\/2025\/09\/29\/melito-p-s-falcomata-attacca-occhiuto-sulla-gestione-dellospedale\/#breadcrumb\",\"itemListElement\":[{\"@type\":\"ListItem\",\"position\":1,\"name\":\"Home\",\"item\":\"https:\/\/progettotouring.it\/radiotouring104\/\"},{\"@type\":\"ListItem\",\"position\":2,\"name\":\"Melito P.S.: Falcomat\u00e0 attacca Occhiuto sulla gestione dell&#8217;Ospedale\"}]},{\"@type\":\"WebSite\",\"@id\":\"https:\/\/progettotouring.it\/radiotouring104\/#website\",\"url\":\"https:\/\/progettotouring.it\/radiotouring104\/\",\"name\":\"Radio Touring 104\",\"description\":\"La prima radio Reggina\",\"publisher\":{\"@id\":\"https:\/\/progettotouring.it\/radiotouring104\/#organization\"},\"potentialAction\":[{\"@type\":\"SearchAction\",\"target\":{\"@type\":\"EntryPoint\",\"urlTemplate\":\"https:\/\/progettotouring.it\/radiotouring104\/?s={search_term_string}\"},\"query-input\":{\"@type\":\"PropertyValueSpecification\",\"valueRequired\":true,\"valueName\":\"search_term_string\"}}],\"inLanguage\":\"it-IT\"},{\"@type\":\"Organization\",\"@id\":\"https:\/\/progettotouring.it\/radiotouring104\/#organization\",\"name\":\"Radio Touring 104\",\"url\":\"https:\/\/progettotouring.it\/radiotouring104\/\",\"logo\":{\"@type\":\"ImageObject\",\"inLanguage\":\"it-IT\",\"@id\":\"https:\/\/progettotouring.it\/radiotouring104\/#\/schema\/logo\/image\/\",\"url\":\"https:\/\/progettotouring.it\/radiotouring104\/wp-content\/uploads\/sites\/6\/2022\/02\/cropped-logo-radio-touring-104.png\",\"contentUrl\":\"https:\/\/progettotouring.it\/radiotouring104\/wp-content\/uploads\/sites\/6\/2022\/02\/cropped-logo-radio-touring-104.png\",\"width\":377,\"height\":182,\"caption\":\"Radio Touring 104\"},\"image\":{\"@id\":\"https:\/\/progettotouring.it\/radiotouring104\/#\/schema\/logo\/image\/\"}},{\"@type\":\"Person\",\"@id\":\"https:\/\/progettotouring.it\/radiotouring104\/#\/schema\/person\/1b3eb3c07c47136bc44c785c543e635f\",\"name\":\"redazione\",\"image\":{\"@type\":\"ImageObject\",\"inLanguage\":\"it-IT\",\"@id\":\"https:\/\/secure.gravatar.com\/avatar\/0b31605b49f100769e8b624b3e05de1b73e1692e9568a352f60f53fd072e6e11?s=96&d=mm&r=g\",\"url\":\"https:\/\/secure.gravatar.com\/avatar\/0b31605b49f100769e8b624b3e05de1b73e1692e9568a352f60f53fd072e6e11?s=96&d=mm&r=g\",\"contentUrl\":\"https:\/\/secure.gravatar.com\/avatar\/0b31605b49f100769e8b624b3e05de1b73e1692e9568a352f60f53fd072e6e11?s=96&d=mm&r=g\",\"caption\":\"redazione\"},\"url\":\"https:\/\/progettotouring.it\/radiotouring104\/author\/redazione\/\"}]}<\/script>\n<!-- \/ Yoast SEO plugin. -->","yoast_head_json":{"title":"Falcomat\u00e0 attacca Occhiuto sulla gestione dell'Ospedale di Melito","description":"\u201cA Melito nessun risultato concreto per l\u2019ospedale \u2018T.Evoli\u2019 in 4 anni di gestione Occhiuto\u201d, attacca il Sindaco di Reggio","robots":{"index":"index","follow":"follow","max-snippet":"max-snippet:-1","max-image-preview":"max-image-preview:large","max-video-preview":"max-video-preview:-1"},"canonical":"https:\/\/progettotouring.it\/radiotouring104\/2025\/09\/29\/melito-p-s-falcomata-attacca-occhiuto-sulla-gestione-dellospedale\/","og_locale":"it_IT","og_type":"article","og_title":"Falcomat\u00e0 attacca Occhiuto sulla gestione dell'Ospedale di Melito","og_description":"\u201cA Melito nessun risultato concreto per l\u2019ospedale \u2018T.Evoli\u2019 in 4 anni di gestione Occhiuto\u201d, attacca il Sindaco di Reggio","og_url":"https:\/\/progettotouring.it\/radiotouring104\/2025\/09\/29\/melito-p-s-falcomata-attacca-occhiuto-sulla-gestione-dellospedale\/","og_site_name":"Radio Touring 104","article_published_time":"2025-09-29T07:58:58+00:00","article_modified_time":"2025-09-29T10:22:04+00:00","og_image":[{"width":2048,"height":1152,"url":"https:\/\/progettotouring.it\/radiotouring104\/wp-content\/uploads\/sites\/6\/2025\/05\/Giuseppe-Falcomata.jpeg","type":"image\/jpeg"}],"author":"redazione","twitter_card":"summary_large_image","twitter_misc":{"Scritto da":"redazione","Tempo di lettura stimato":"2 minuti"},"schema":{"@context":"https:\/\/schema.org","@graph":[{"@type":"Article","@id":"https:\/\/progettotouring.it\/radiotouring104\/2025\/09\/29\/melito-p-s-falcomata-attacca-occhiuto-sulla-gestione-dellospedale\/#article","isPartOf":{"@id":"https:\/\/progettotouring.it\/radiotouring104\/2025\/09\/29\/melito-p-s-falcomata-attacca-occhiuto-sulla-gestione-dellospedale\/"},"author":{"name":"redazione","@id":"https:\/\/progettotouring.it\/radiotouring104\/#\/schema\/person\/1b3eb3c07c47136bc44c785c543e635f"},"headline":"Melito P.S.: Falcomat\u00e0 attacca Occhiuto sulla gestione dell&#8217;Ospedale","datePublished":"2025-09-29T07:58:58+00:00","dateModified":"2025-09-29T10:22:04+00:00","mainEntityOfPage":{"@id":"https:\/\/progettotouring.it\/radiotouring104\/2025\/09\/29\/melito-p-s-falcomata-attacca-occhiuto-sulla-gestione-dellospedale\/"},"wordCount":327,"publisher":{"@id":"https:\/\/progettotouring.it\/radiotouring104\/#organization"},"image":{"@id":"https:\/\/progettotouring.it\/radiotouring104\/2025\/09\/29\/melito-p-s-falcomata-attacca-occhiuto-sulla-gestione-dellospedale\/#primaryimage"},"thumbnailUrl":"https:\/\/progettotouring.it\/radiotouring104\/wp-content\/uploads\/sites\/6\/2025\/05\/Giuseppe-Falcomata.jpeg","keywords":["Giuseppe Falcomat\u00e0","melito porto salvo","nessun risultato in 4 anni di gestione Occhiuto","Ospedale T.Evoli","roberto occhiuto"],"articleSection":["Home","News","Reggio Calabria"],"inLanguage":"it-IT"},{"@type":"WebPage","@id":"https:\/\/progettotouring.it\/radiotouring104\/2025\/09\/29\/melito-p-s-falcomata-attacca-occhiuto-sulla-gestione-dellospedale\/","url":"https:\/\/progettotouring.it\/radiotouring104\/2025\/09\/29\/melito-p-s-falcomata-attacca-occhiuto-sulla-gestione-dellospedale\/","name":"Falcomat\u00e0 attacca Occhiuto sulla gestione dell'Ospedale di Melito","isPartOf":{"@id":"https:\/\/progettotouring.it\/radiotouring104\/#website"},"primaryImageOfPage":{"@id":"https:\/\/progettotouring.it\/radiotouring104\/2025\/09\/29\/melito-p-s-falcomata-attacca-occhiuto-sulla-gestione-dellospedale\/#primaryimage"},"image":{"@id":"https:\/\/progettotouring.it\/radiotouring104\/2025\/09\/29\/melito-p-s-falcomata-attacca-occhiuto-sulla-gestione-dellospedale\/#primaryimage"},"thumbnailUrl":"https:\/\/progettotouring.it\/radiotouring104\/wp-content\/uploads\/sites\/6\/2025\/05\/Giuseppe-Falcomata.jpeg","datePublished":"2025-09-29T07:58:58+00:00","dateModified":"2025-09-29T10:22:04+00:00","description":"\u201cA Melito nessun risultato concreto per l\u2019ospedale \u2018T.Evoli\u2019 in 4 anni di gestione Occhiuto\u201d, attacca il Sindaco di Reggio","breadcrumb":{"@id":"https:\/\/progettotouring.it\/radiotouring104\/2025\/09\/29\/melito-p-s-falcomata-attacca-occhiuto-sulla-gestione-dellospedale\/#breadcrumb"},"inLanguage":"it-IT","potentialAction":[{"@type":"ReadAction","target":["https:\/\/progettotouring.it\/radiotouring104\/2025\/09\/29\/melito-p-s-falcomata-attacca-occhiuto-sulla-gestione-dellospedale\/"]}]},{"@type":"ImageObject","inLanguage":"it-IT","@id":"https:\/\/progettotouring.it\/radiotouring104\/2025\/09\/29\/melito-p-s-falcomata-attacca-occhiuto-sulla-gestione-dellospedale\/#primaryimage","url":"https:\/\/progettotouring.it\/radiotouring104\/wp-content\/uploads\/sites\/6\/2025\/05\/Giuseppe-Falcomata.jpeg","contentUrl":"https:\/\/progettotouring.it\/radiotouring104\/wp-content\/uploads\/sites\/6\/2025\/05\/Giuseppe-Falcomata.jpeg","width":2048,"height":1152},{"@type":"BreadcrumbList","@id":"https:\/\/progettotouring.it\/radiotouring104\/2025\/09\/29\/melito-p-s-falcomata-attacca-occhiuto-sulla-gestione-dellospedale\/#breadcrumb","itemListElement":[{"@type":"ListItem","position":1,"name":"Home","item":"https:\/\/progettotouring.it\/radiotouring104\/"},{"@type":"ListItem","position":2,"name":"Melito P.S.: Falcomat\u00e0 attacca Occhiuto sulla gestione dell&#8217;Ospedale"}]},{"@type":"WebSite","@id":"https:\/\/progettotouring.it\/radiotouring104\/#website","url":"https:\/\/progettotouring.it\/radiotouring104\/","name":"Radio Touring 104","description":"La prima radio Reggina","publisher":{"@id":"https:\/\/progettotouring.it\/radiotouring104\/#organization"},"potentialAction":[{"@type":"SearchAction","target":{"@type":"EntryPoint","urlTemplate":"https:\/\/progettotouring.it\/radiotouring104\/?s={search_term_string}"},"query-input":{"@type":"PropertyValueSpecification","valueRequired":true,"valueName":"search_term_string"}}],"inLanguage":"it-IT"},{"@type":"Organization","@id":"https:\/\/progettotouring.it\/radiotouring104\/#organization","name":"Radio Touring 104","url":"https:\/\/progettotouring.it\/radiotouring104\/","logo":{"@type":"ImageObject","inLanguage":"it-IT","@id":"https:\/\/progettotouring.it\/radiotouring104\/#\/schema\/logo\/image\/","url":"https:\/\/progettotouring.it\/radiotouring104\/wp-content\/uploads\/sites\/6\/2022\/02\/cropped-logo-radio-touring-104.png","contentUrl":"https:\/\/progettotouring.it\/radiotouring104\/wp-content\/uploads\/sites\/6\/2022\/02\/cropped-logo-radio-touring-104.png","width":377,"height":182,"caption":"Radio Touring 104"},"image":{"@id":"https:\/\/progettotouring.it\/radiotouring104\/#\/schema\/logo\/image\/"}},{"@type":"Person","@id":"https:\/\/progettotouring.it\/radiotouring104\/#\/schema\/person\/1b3eb3c07c47136bc44c785c543e635f","name":"redazione","image":{"@type":"ImageObject","inLanguage":"it-IT","@id":"https:\/\/secure.gravatar.com\/avatar\/0b31605b49f100769e8b624b3e05de1b73e1692e9568a352f60f53fd072e6e11?s=96&d=mm&r=g","url":"https:\/\/secure.gravatar.com\/avatar\/0b31605b49f100769e8b624b3e05de1b73e1692e9568a352f60f53fd072e6e11?s=96&d=mm&r=g","contentUrl":"https:\/\/secure.gravatar.com\/avatar\/0b31605b49f100769e8b624b3e05de1b73e1692e9568a352f60f53fd072e6e11?s=96&d=mm&r=g","caption":"redazione"},"url":"https:\/\/progettotouring.it\/radiotouring104\/author\/redazione\/"}]}},"jetpack_publicize_connections":[],"jetpack_featured_media_url":"https:\/\/progettotouring.it\/radiotouring104\/wp-content\/uploads\/sites\/6\/2025\/05\/Giuseppe-Falcomata.jpeg","jetpack_sharing_enabled":true,"_links":{"self":[{"href":"https:\/\/progettotouring.it\/radiotouring104\/wp-json\/wp\/v2\/posts\/82409","targetHints":{"allow":["GET"]}}],"collection":[{"href":"https:\/\/progettotouring.it\/radiotouring104\/wp-json\/wp\/v2\/posts"}],"about":[{"href":"https:\/\/progettotouring.it\/radiotouring104\/wp-json\/wp\/v2\/types\/post"}],"author":[{"embeddable":true,"href":"https:\/\/progettotouring.it\/radiotouring104\/wp-json\/wp\/v2\/users\/5"}],"replies":[{"embeddable":true,"href":"https:\/\/progettotouring.it\/radiotouring104\/wp-json\/wp\/v2\/comments?post=82409"}],"version-history":[{"count":1,"href":"https:\/\/progettotouring.it\/radiotouring104\/wp-json\/wp\/v2\/posts\/82409\/revisions"}],"predecessor-version":[{"id":82410,"href":"https:\/\/progettotouring.it\/radiotouring104\/wp-json\/wp\/v2\/posts\/82409\/revisions\/82410"}],"wp:featuredmedia":[{"embeddable":true,"href":"https:\/\/progettotouring.it\/radiotouring104\/wp-json\/wp\/v2\/media\/72928"}],"wp:attachment":[{"href":"https:\/\/progettotouring.it\/radiotouring104\/wp-json\/wp\/v2\/media?parent=82409"}],"wp:term":[{"taxonomy":"category","embeddable":true,"href":"https:\/\/progettotouring.it\/radiotouring104\/wp-json\/wp\/v2\/categories?post=82409"},{"taxonomy":"post_tag","embeddable":true,"href":"https:\/\/progettotouring.it\/radiotouring104\/wp-json\/wp\/v2\/tags?post=82409"}],"curies":[{"name":"wp","href":"https:\/\/api.w.org\/{rel}","templated":true}]}}