{"id":82416,"date":"2025-09-29T10:30:34","date_gmt":"2025-09-29T08:30:34","guid":{"rendered":"https:\/\/progettotouring.it\/radiotouring104\/?p=82416"},"modified":"2025-09-29T12:22:20","modified_gmt":"2025-09-29T10:22:20","slug":"a-mosorrofa-la-presentazione-del-libro-calopinace","status":"publish","type":"post","link":"https:\/\/progettotouring.it\/radiotouring104\/2025\/09\/29\/a-mosorrofa-la-presentazione-del-libro-calopinace\/","title":{"rendered":"A Mosorrofa la presentazione del libro \u201cCalopinace\u201d"},"content":{"rendered":"<p>Mercoled\u00ec 1 ottobre alle ore 18.00 a Mosorrofa (RC) presso la Sala &#8220;A. Caridi&#8221;, sita in Via Strapunti Largo Leotta, si terr\u00e0 la presentazione del libro \u201cCalopinace\u201d scritto dal dr. Emanuele Minniti edito da &#8220;La rosa del pozzo&#8221;.<\/p>\n<p>L\u2019 evento \u00e8 organizzato dalla Parrocchia San Demetrio, dall\u2019Azione Cattolica locale e dall\u2019Eco di Mosorrofa (giornale parrocchiale con una tiratura di circa 2000 copie che raggiunge gli emigrati mosorrofani in tutti i continenti).<\/p>\n<p>Calopinace \u00e8 un libro nel quale l\u2019autore attraverso il racconto dei suoi ricordi giovanili affronta molti temi quali l\u2019amicizia, il vissuto sociale che cambia nel tempo, i rapporti interpersonali e con il territorio e, soprattutto, l\u2019emigrazione. Racconta uno spaccato di vita che scorre tra due torrenti il Calopinace e il Sant\u2019Agata. Nei ricordi giovanili ricorre spesso la localit\u00e0 Sala di Mosorrofa con un nutrito numero di suoi abitanti e una bella descrizione della Vallata del Sant\u2019Agata. La ricchezza di quest\u2019opera pi\u00f9 che nella stessa storia raccontata, di per s\u00e9 molto ricca, va ricercata nella minuziosa descrizione degli usi e costumi del tempo, dei paesaggi e nel rapporto\/confronto ieri\/oggi. L\u2019impegno ecologico dell\u2019autore si manifesta chiaramente nella seconda parte del libro con uno sguardo al futuro possibile.<\/p>\n<p>Ci saranno gli interventi del sac. Domenico Labella, parroco di Mosorrofa e direttore dell\u2019Eco di Mosorrofa, del prof. Domenico Minuto che ha scritto la prefazione al libro e del dr. Antonino Santisi, editore. Il presidente dell\u2019Azione Cattolica di Mosorrofa Pasquale Andidero dialogher\u00e0 con l\u2019autore dr. Emanuele Minniti, chirurgo ora in pensione che nato a RC rione Ferrovieri ha lavorato per circa quarant\u2019anni in ospedali pubblici del Nord. Ci sar\u00e0 spazio per interventi del pubblico che potr\u00e0 condividere i propri ricordi che sicuramente la presentazione stimoler\u00e0 o chiedere approfondimenti all\u2019autore.<\/p>\n<p>&nbsp;<\/p>\n<p>&nbsp;<\/p>\n","protected":false},"excerpt":{"rendered":"<p>Mercoled\u00ec 1 ottobre alle ore 18.00 a Mosorrofa (RC) presso la Sala &#8220;A. Caridi&#8221;, sita in Via Strapunti Largo Leotta, si terr\u00e0 la presentazione del libro \u201cCalopinace\u201d scritto dal dr.&hellip;<\/p>\n","protected":false},"author":5,"featured_media":82417,"comment_status":"closed","ping_status":"open","sticky":false,"template":"","format":"standard","meta":{"_jetpack_memberships_contains_paid_content":false,"footnotes":"","jetpack_publicize_message":"","jetpack_publicize_feature_enabled":true,"jetpack_social_post_already_shared":true,"jetpack_social_options":{"image_generator_settings":{"template":"highway","default_image_id":0,"font":"","enabled":false},"version":2}},"categories":[921,196,140],"tags":[47836,47835,2686,34589,3027,47837],"class_list":["post-82416","post","type-post","status-publish","format-standard","has-post-thumbnail","hentry","category-home","category-news","category-reggio-calabria","tag-dr-emanuele-minniti","tag-edito-da-la-rosa-del-pozzo","tag-mosorrofa","tag-parrocchia-san-demetrio","tag-pasquale-andidero","tag-presentazione-del-libro-calopinace"],"yoast_head":"<!-- This site is optimized with the Yoast SEO plugin v27.2 - https:\/\/yoast.com\/product\/yoast-seo-wordpress\/ -->\n<title>A Mosorrofa la presentazione del libro \u201cCalopinace\u201d<\/title>\n<meta name=\"description\" content=\"Il volume del dr. Emanuele Minniti, si terr\u00e0 mercoled\u00ec 1 ottobre alle 18:00, nella sala &quot;A. Caridi&quot;, sita in Via Strapunti Largo Leotta\" \/>\n<meta name=\"robots\" content=\"index, follow, max-snippet:-1, max-image-preview:large, max-video-preview:-1\" \/>\n<link rel=\"canonical\" href=\"https:\/\/progettotouring.it\/radiotouring104\/2025\/09\/29\/a-mosorrofa-la-presentazione-del-libro-calopinace\/\" \/>\n<meta property=\"og:locale\" content=\"it_IT\" \/>\n<meta property=\"og:type\" content=\"article\" \/>\n<meta property=\"og:title\" content=\"A Mosorrofa la presentazione del libro \u201cCalopinace\u201d\" \/>\n<meta property=\"og:description\" content=\"Il volume del dr. Emanuele Minniti, si terr\u00e0 mercoled\u00ec 1 ottobre alle 18:00, nella sala &quot;A. Caridi&quot;, sita in Via Strapunti Largo Leotta\" \/>\n<meta property=\"og:url\" content=\"https:\/\/progettotouring.it\/radiotouring104\/2025\/09\/29\/a-mosorrofa-la-presentazione-del-libro-calopinace\/\" \/>\n<meta property=\"og:site_name\" content=\"Radio Touring 104\" \/>\n<meta property=\"article:published_time\" content=\"2025-09-29T08:30:34+00:00\" \/>\n<meta property=\"article:modified_time\" content=\"2025-09-29T10:22:20+00:00\" \/>\n<meta property=\"og:image\" content=\"https:\/\/progettotouring.it\/radiotouring104\/wp-content\/uploads\/sites\/6\/2025\/09\/libro-Calopinace-Mosorrofa-Pasquale-Andidero.gif\" \/>\n\t<meta property=\"og:image:width\" content=\"300\" \/>\n\t<meta property=\"og:image:height\" content=\"319\" \/>\n\t<meta property=\"og:image:type\" content=\"image\/gif\" \/>\n<meta name=\"author\" content=\"redazione\" \/>\n<meta name=\"twitter:card\" content=\"summary_large_image\" \/>\n<meta name=\"twitter:label1\" content=\"Scritto da\" \/>\n\t<meta name=\"twitter:data1\" content=\"redazione\" \/>\n\t<meta name=\"twitter:label2\" content=\"Tempo di lettura stimato\" \/>\n\t<meta name=\"twitter:data2\" content=\"1 minuto\" \/>\n<script type=\"application\/ld+json\" class=\"yoast-schema-graph\">{\"@context\":\"https:\/\/schema.org\",\"@graph\":[{\"@type\":\"Article\",\"@id\":\"https:\/\/progettotouring.it\/radiotouring104\/2025\/09\/29\/a-mosorrofa-la-presentazione-del-libro-calopinace\/#article\",\"isPartOf\":{\"@id\":\"https:\/\/progettotouring.it\/radiotouring104\/2025\/09\/29\/a-mosorrofa-la-presentazione-del-libro-calopinace\/\"},\"author\":{\"name\":\"redazione\",\"@id\":\"https:\/\/progettotouring.it\/radiotouring104\/#\/schema\/person\/1b3eb3c07c47136bc44c785c543e635f\"},\"headline\":\"A Mosorrofa la presentazione del libro \u201cCalopinace\u201d\",\"datePublished\":\"2025-09-29T08:30:34+00:00\",\"dateModified\":\"2025-09-29T10:22:20+00:00\",\"mainEntityOfPage\":{\"@id\":\"https:\/\/progettotouring.it\/radiotouring104\/2025\/09\/29\/a-mosorrofa-la-presentazione-del-libro-calopinace\/\"},\"wordCount\":306,\"publisher\":{\"@id\":\"https:\/\/progettotouring.it\/radiotouring104\/#organization\"},\"image\":{\"@id\":\"https:\/\/progettotouring.it\/radiotouring104\/2025\/09\/29\/a-mosorrofa-la-presentazione-del-libro-calopinace\/#primaryimage\"},\"thumbnailUrl\":\"https:\/\/progettotouring.it\/radiotouring104\/wp-content\/uploads\/sites\/6\/2025\/09\/libro-Calopinace-Mosorrofa-Pasquale-Andidero.gif\",\"keywords\":[\"dr. Emanuele Minniti\",\"edito da \\\"La rosa del pozzo\\\".\",\"mosorrofa\",\"parrocchia San Demetrio\",\"pasquale andidero\",\"presentazione del libro \u201cCalopinace\u201d\"],\"articleSection\":[\"Home\",\"News\",\"Reggio Calabria\"],\"inLanguage\":\"it-IT\"},{\"@type\":\"WebPage\",\"@id\":\"https:\/\/progettotouring.it\/radiotouring104\/2025\/09\/29\/a-mosorrofa-la-presentazione-del-libro-calopinace\/\",\"url\":\"https:\/\/progettotouring.it\/radiotouring104\/2025\/09\/29\/a-mosorrofa-la-presentazione-del-libro-calopinace\/\",\"name\":\"A Mosorrofa la presentazione del libro \u201cCalopinace\u201d\",\"isPartOf\":{\"@id\":\"https:\/\/progettotouring.it\/radiotouring104\/#website\"},\"primaryImageOfPage\":{\"@id\":\"https:\/\/progettotouring.it\/radiotouring104\/2025\/09\/29\/a-mosorrofa-la-presentazione-del-libro-calopinace\/#primaryimage\"},\"image\":{\"@id\":\"https:\/\/progettotouring.it\/radiotouring104\/2025\/09\/29\/a-mosorrofa-la-presentazione-del-libro-calopinace\/#primaryimage\"},\"thumbnailUrl\":\"https:\/\/progettotouring.it\/radiotouring104\/wp-content\/uploads\/sites\/6\/2025\/09\/libro-Calopinace-Mosorrofa-Pasquale-Andidero.gif\",\"datePublished\":\"2025-09-29T08:30:34+00:00\",\"dateModified\":\"2025-09-29T10:22:20+00:00\",\"description\":\"Il volume del dr. Emanuele Minniti, si terr\u00e0 mercoled\u00ec 1 ottobre alle 18:00, nella sala \\\"A. Caridi\\\", sita in Via Strapunti Largo Leotta\",\"breadcrumb\":{\"@id\":\"https:\/\/progettotouring.it\/radiotouring104\/2025\/09\/29\/a-mosorrofa-la-presentazione-del-libro-calopinace\/#breadcrumb\"},\"inLanguage\":\"it-IT\",\"potentialAction\":[{\"@type\":\"ReadAction\",\"target\":[\"https:\/\/progettotouring.it\/radiotouring104\/2025\/09\/29\/a-mosorrofa-la-presentazione-del-libro-calopinace\/\"]}]},{\"@type\":\"ImageObject\",\"inLanguage\":\"it-IT\",\"@id\":\"https:\/\/progettotouring.it\/radiotouring104\/2025\/09\/29\/a-mosorrofa-la-presentazione-del-libro-calopinace\/#primaryimage\",\"url\":\"https:\/\/progettotouring.it\/radiotouring104\/wp-content\/uploads\/sites\/6\/2025\/09\/libro-Calopinace-Mosorrofa-Pasquale-Andidero.gif\",\"contentUrl\":\"https:\/\/progettotouring.it\/radiotouring104\/wp-content\/uploads\/sites\/6\/2025\/09\/libro-Calopinace-Mosorrofa-Pasquale-Andidero.gif\",\"width\":300,\"height\":319},{\"@type\":\"BreadcrumbList\",\"@id\":\"https:\/\/progettotouring.it\/radiotouring104\/2025\/09\/29\/a-mosorrofa-la-presentazione-del-libro-calopinace\/#breadcrumb\",\"itemListElement\":[{\"@type\":\"ListItem\",\"position\":1,\"name\":\"Home\",\"item\":\"https:\/\/progettotouring.it\/radiotouring104\/\"},{\"@type\":\"ListItem\",\"position\":2,\"name\":\"A Mosorrofa la presentazione del libro \u201cCalopinace\u201d\"}]},{\"@type\":\"WebSite\",\"@id\":\"https:\/\/progettotouring.it\/radiotouring104\/#website\",\"url\":\"https:\/\/progettotouring.it\/radiotouring104\/\",\"name\":\"Radio Touring 104\",\"description\":\"La prima radio Reggina\",\"publisher\":{\"@id\":\"https:\/\/progettotouring.it\/radiotouring104\/#organization\"},\"potentialAction\":[{\"@type\":\"SearchAction\",\"target\":{\"@type\":\"EntryPoint\",\"urlTemplate\":\"https:\/\/progettotouring.it\/radiotouring104\/?s={search_term_string}\"},\"query-input\":{\"@type\":\"PropertyValueSpecification\",\"valueRequired\":true,\"valueName\":\"search_term_string\"}}],\"inLanguage\":\"it-IT\"},{\"@type\":\"Organization\",\"@id\":\"https:\/\/progettotouring.it\/radiotouring104\/#organization\",\"name\":\"Radio Touring 104\",\"url\":\"https:\/\/progettotouring.it\/radiotouring104\/\",\"logo\":{\"@type\":\"ImageObject\",\"inLanguage\":\"it-IT\",\"@id\":\"https:\/\/progettotouring.it\/radiotouring104\/#\/schema\/logo\/image\/\",\"url\":\"https:\/\/progettotouring.it\/radiotouring104\/wp-content\/uploads\/sites\/6\/2022\/02\/cropped-logo-radio-touring-104.png\",\"contentUrl\":\"https:\/\/progettotouring.it\/radiotouring104\/wp-content\/uploads\/sites\/6\/2022\/02\/cropped-logo-radio-touring-104.png\",\"width\":377,\"height\":182,\"caption\":\"Radio Touring 104\"},\"image\":{\"@id\":\"https:\/\/progettotouring.it\/radiotouring104\/#\/schema\/logo\/image\/\"}},{\"@type\":\"Person\",\"@id\":\"https:\/\/progettotouring.it\/radiotouring104\/#\/schema\/person\/1b3eb3c07c47136bc44c785c543e635f\",\"name\":\"redazione\",\"image\":{\"@type\":\"ImageObject\",\"inLanguage\":\"it-IT\",\"@id\":\"https:\/\/secure.gravatar.com\/avatar\/0b31605b49f100769e8b624b3e05de1b73e1692e9568a352f60f53fd072e6e11?s=96&d=mm&r=g\",\"url\":\"https:\/\/secure.gravatar.com\/avatar\/0b31605b49f100769e8b624b3e05de1b73e1692e9568a352f60f53fd072e6e11?s=96&d=mm&r=g\",\"contentUrl\":\"https:\/\/secure.gravatar.com\/avatar\/0b31605b49f100769e8b624b3e05de1b73e1692e9568a352f60f53fd072e6e11?s=96&d=mm&r=g\",\"caption\":\"redazione\"},\"url\":\"https:\/\/progettotouring.it\/radiotouring104\/author\/redazione\/\"}]}<\/script>\n<!-- \/ Yoast SEO plugin. -->","yoast_head_json":{"title":"A Mosorrofa la presentazione del libro \u201cCalopinace\u201d","description":"Il volume del dr. Emanuele Minniti, si terr\u00e0 mercoled\u00ec 1 ottobre alle 18:00, nella sala \"A. Caridi\", sita in Via Strapunti Largo Leotta","robots":{"index":"index","follow":"follow","max-snippet":"max-snippet:-1","max-image-preview":"max-image-preview:large","max-video-preview":"max-video-preview:-1"},"canonical":"https:\/\/progettotouring.it\/radiotouring104\/2025\/09\/29\/a-mosorrofa-la-presentazione-del-libro-calopinace\/","og_locale":"it_IT","og_type":"article","og_title":"A Mosorrofa la presentazione del libro \u201cCalopinace\u201d","og_description":"Il volume del dr. Emanuele Minniti, si terr\u00e0 mercoled\u00ec 1 ottobre alle 18:00, nella sala \"A. Caridi\", sita in Via Strapunti Largo Leotta","og_url":"https:\/\/progettotouring.it\/radiotouring104\/2025\/09\/29\/a-mosorrofa-la-presentazione-del-libro-calopinace\/","og_site_name":"Radio Touring 104","article_published_time":"2025-09-29T08:30:34+00:00","article_modified_time":"2025-09-29T10:22:20+00:00","og_image":[{"width":300,"height":319,"url":"https:\/\/progettotouring.it\/radiotouring104\/wp-content\/uploads\/sites\/6\/2025\/09\/libro-Calopinace-Mosorrofa-Pasquale-Andidero.gif","type":"image\/gif"}],"author":"redazione","twitter_card":"summary_large_image","twitter_misc":{"Scritto da":"redazione","Tempo di lettura stimato":"1 minuto"},"schema":{"@context":"https:\/\/schema.org","@graph":[{"@type":"Article","@id":"https:\/\/progettotouring.it\/radiotouring104\/2025\/09\/29\/a-mosorrofa-la-presentazione-del-libro-calopinace\/#article","isPartOf":{"@id":"https:\/\/progettotouring.it\/radiotouring104\/2025\/09\/29\/a-mosorrofa-la-presentazione-del-libro-calopinace\/"},"author":{"name":"redazione","@id":"https:\/\/progettotouring.it\/radiotouring104\/#\/schema\/person\/1b3eb3c07c47136bc44c785c543e635f"},"headline":"A Mosorrofa la presentazione del libro \u201cCalopinace\u201d","datePublished":"2025-09-29T08:30:34+00:00","dateModified":"2025-09-29T10:22:20+00:00","mainEntityOfPage":{"@id":"https:\/\/progettotouring.it\/radiotouring104\/2025\/09\/29\/a-mosorrofa-la-presentazione-del-libro-calopinace\/"},"wordCount":306,"publisher":{"@id":"https:\/\/progettotouring.it\/radiotouring104\/#organization"},"image":{"@id":"https:\/\/progettotouring.it\/radiotouring104\/2025\/09\/29\/a-mosorrofa-la-presentazione-del-libro-calopinace\/#primaryimage"},"thumbnailUrl":"https:\/\/progettotouring.it\/radiotouring104\/wp-content\/uploads\/sites\/6\/2025\/09\/libro-Calopinace-Mosorrofa-Pasquale-Andidero.gif","keywords":["dr. Emanuele Minniti","edito da \"La rosa del pozzo\".","mosorrofa","parrocchia San Demetrio","pasquale andidero","presentazione del libro \u201cCalopinace\u201d"],"articleSection":["Home","News","Reggio Calabria"],"inLanguage":"it-IT"},{"@type":"WebPage","@id":"https:\/\/progettotouring.it\/radiotouring104\/2025\/09\/29\/a-mosorrofa-la-presentazione-del-libro-calopinace\/","url":"https:\/\/progettotouring.it\/radiotouring104\/2025\/09\/29\/a-mosorrofa-la-presentazione-del-libro-calopinace\/","name":"A Mosorrofa la presentazione del libro \u201cCalopinace\u201d","isPartOf":{"@id":"https:\/\/progettotouring.it\/radiotouring104\/#website"},"primaryImageOfPage":{"@id":"https:\/\/progettotouring.it\/radiotouring104\/2025\/09\/29\/a-mosorrofa-la-presentazione-del-libro-calopinace\/#primaryimage"},"image":{"@id":"https:\/\/progettotouring.it\/radiotouring104\/2025\/09\/29\/a-mosorrofa-la-presentazione-del-libro-calopinace\/#primaryimage"},"thumbnailUrl":"https:\/\/progettotouring.it\/radiotouring104\/wp-content\/uploads\/sites\/6\/2025\/09\/libro-Calopinace-Mosorrofa-Pasquale-Andidero.gif","datePublished":"2025-09-29T08:30:34+00:00","dateModified":"2025-09-29T10:22:20+00:00","description":"Il volume del dr. Emanuele Minniti, si terr\u00e0 mercoled\u00ec 1 ottobre alle 18:00, nella sala \"A. Caridi\", sita in Via Strapunti Largo Leotta","breadcrumb":{"@id":"https:\/\/progettotouring.it\/radiotouring104\/2025\/09\/29\/a-mosorrofa-la-presentazione-del-libro-calopinace\/#breadcrumb"},"inLanguage":"it-IT","potentialAction":[{"@type":"ReadAction","target":["https:\/\/progettotouring.it\/radiotouring104\/2025\/09\/29\/a-mosorrofa-la-presentazione-del-libro-calopinace\/"]}]},{"@type":"ImageObject","inLanguage":"it-IT","@id":"https:\/\/progettotouring.it\/radiotouring104\/2025\/09\/29\/a-mosorrofa-la-presentazione-del-libro-calopinace\/#primaryimage","url":"https:\/\/progettotouring.it\/radiotouring104\/wp-content\/uploads\/sites\/6\/2025\/09\/libro-Calopinace-Mosorrofa-Pasquale-Andidero.gif","contentUrl":"https:\/\/progettotouring.it\/radiotouring104\/wp-content\/uploads\/sites\/6\/2025\/09\/libro-Calopinace-Mosorrofa-Pasquale-Andidero.gif","width":300,"height":319},{"@type":"BreadcrumbList","@id":"https:\/\/progettotouring.it\/radiotouring104\/2025\/09\/29\/a-mosorrofa-la-presentazione-del-libro-calopinace\/#breadcrumb","itemListElement":[{"@type":"ListItem","position":1,"name":"Home","item":"https:\/\/progettotouring.it\/radiotouring104\/"},{"@type":"ListItem","position":2,"name":"A Mosorrofa la presentazione del libro \u201cCalopinace\u201d"}]},{"@type":"WebSite","@id":"https:\/\/progettotouring.it\/radiotouring104\/#website","url":"https:\/\/progettotouring.it\/radiotouring104\/","name":"Radio Touring 104","description":"La prima radio Reggina","publisher":{"@id":"https:\/\/progettotouring.it\/radiotouring104\/#organization"},"potentialAction":[{"@type":"SearchAction","target":{"@type":"EntryPoint","urlTemplate":"https:\/\/progettotouring.it\/radiotouring104\/?s={search_term_string}"},"query-input":{"@type":"PropertyValueSpecification","valueRequired":true,"valueName":"search_term_string"}}],"inLanguage":"it-IT"},{"@type":"Organization","@id":"https:\/\/progettotouring.it\/radiotouring104\/#organization","name":"Radio Touring 104","url":"https:\/\/progettotouring.it\/radiotouring104\/","logo":{"@type":"ImageObject","inLanguage":"it-IT","@id":"https:\/\/progettotouring.it\/radiotouring104\/#\/schema\/logo\/image\/","url":"https:\/\/progettotouring.it\/radiotouring104\/wp-content\/uploads\/sites\/6\/2022\/02\/cropped-logo-radio-touring-104.png","contentUrl":"https:\/\/progettotouring.it\/radiotouring104\/wp-content\/uploads\/sites\/6\/2022\/02\/cropped-logo-radio-touring-104.png","width":377,"height":182,"caption":"Radio Touring 104"},"image":{"@id":"https:\/\/progettotouring.it\/radiotouring104\/#\/schema\/logo\/image\/"}},{"@type":"Person","@id":"https:\/\/progettotouring.it\/radiotouring104\/#\/schema\/person\/1b3eb3c07c47136bc44c785c543e635f","name":"redazione","image":{"@type":"ImageObject","inLanguage":"it-IT","@id":"https:\/\/secure.gravatar.com\/avatar\/0b31605b49f100769e8b624b3e05de1b73e1692e9568a352f60f53fd072e6e11?s=96&d=mm&r=g","url":"https:\/\/secure.gravatar.com\/avatar\/0b31605b49f100769e8b624b3e05de1b73e1692e9568a352f60f53fd072e6e11?s=96&d=mm&r=g","contentUrl":"https:\/\/secure.gravatar.com\/avatar\/0b31605b49f100769e8b624b3e05de1b73e1692e9568a352f60f53fd072e6e11?s=96&d=mm&r=g","caption":"redazione"},"url":"https:\/\/progettotouring.it\/radiotouring104\/author\/redazione\/"}]}},"jetpack_publicize_connections":[],"jetpack_featured_media_url":"https:\/\/progettotouring.it\/radiotouring104\/wp-content\/uploads\/sites\/6\/2025\/09\/libro-Calopinace-Mosorrofa-Pasquale-Andidero.gif","jetpack_sharing_enabled":true,"_links":{"self":[{"href":"https:\/\/progettotouring.it\/radiotouring104\/wp-json\/wp\/v2\/posts\/82416","targetHints":{"allow":["GET"]}}],"collection":[{"href":"https:\/\/progettotouring.it\/radiotouring104\/wp-json\/wp\/v2\/posts"}],"about":[{"href":"https:\/\/progettotouring.it\/radiotouring104\/wp-json\/wp\/v2\/types\/post"}],"author":[{"embeddable":true,"href":"https:\/\/progettotouring.it\/radiotouring104\/wp-json\/wp\/v2\/users\/5"}],"replies":[{"embeddable":true,"href":"https:\/\/progettotouring.it\/radiotouring104\/wp-json\/wp\/v2\/comments?post=82416"}],"version-history":[{"count":2,"href":"https:\/\/progettotouring.it\/radiotouring104\/wp-json\/wp\/v2\/posts\/82416\/revisions"}],"predecessor-version":[{"id":82419,"href":"https:\/\/progettotouring.it\/radiotouring104\/wp-json\/wp\/v2\/posts\/82416\/revisions\/82419"}],"wp:featuredmedia":[{"embeddable":true,"href":"https:\/\/progettotouring.it\/radiotouring104\/wp-json\/wp\/v2\/media\/82417"}],"wp:attachment":[{"href":"https:\/\/progettotouring.it\/radiotouring104\/wp-json\/wp\/v2\/media?parent=82416"}],"wp:term":[{"taxonomy":"category","embeddable":true,"href":"https:\/\/progettotouring.it\/radiotouring104\/wp-json\/wp\/v2\/categories?post=82416"},{"taxonomy":"post_tag","embeddable":true,"href":"https:\/\/progettotouring.it\/radiotouring104\/wp-json\/wp\/v2\/tags?post=82416"}],"curies":[{"name":"wp","href":"https:\/\/api.w.org\/{rel}","templated":true}]}}