{"id":82435,"date":"2025-09-29T11:42:34","date_gmt":"2025-09-29T09:42:34","guid":{"rendered":"https:\/\/progettotouring.it\/radiotouring104\/?p=82435"},"modified":"2025-09-29T12:22:51","modified_gmt":"2025-09-29T10:22:51","slug":"reggio-laccademia-di-belle-arti-presenta-il-2-workshop-del-progetto-condominio-mediterraneo","status":"publish","type":"post","link":"https:\/\/progettotouring.it\/radiotouring104\/2025\/09\/29\/reggio-laccademia-di-belle-arti-presenta-il-2-workshop-del-progetto-condominio-mediterraneo\/","title":{"rendered":"Reggio: l&#8217;Accademia di Belle Arti presenta il 2\u00b0 workshop del progetto \u201cCondominio Mediterraneo\u201d"},"content":{"rendered":"<p>L\u2019Accademia di Belle Arti di Reggio Calabria presenta il secondo workshop del progetto \u201cCondominio Mediterraneo\u201d, parte del programma PNRR Performing PRMG (1 giugno 2024 \u2013 31 marzo 2026), di cui \u00e8 capofila l\u2019Accademia di Belle Arti di Catanzaro. Il progetto, fortemente sostenuto dal direttore dell\u2019ABARC Pietro Sacchetti e curato dal responsabile scientifico prof. Marcello Francolini, si sviluppa come un work in progress da giugno 2025 a marzo 2026. I dettagli del workshop con l\u2019artista Adrian Paci saranno illustrati marted\u00ec alle ore 10.30, durante la conferenza stampa di presentazione in Aula Magna.<\/p>\n<p>\u00abIl progetto \u2013 spiega il prof. Francolini \u2013 intende indagare il carattere performativo nelle arti contemporanee attraverso processi partecipativi che coinvolgono artisti e studenti in un percorso comune di ideazione, creazione e realizzazione. Per nove mesi l\u2019Accademia diventa cos\u00ec un centro di ricerca e produzione di situazioni che esplorano la performativit\u00e0 come qualit\u00e0 essenziale dei linguaggi dell\u2019arte contemporanea\u00bb.<\/p>\n<p>Nel workshop con Adrian Paci (settembre 2025), un gruppo di undici studenti dell\u2019ABARC ha lavorato sul medium cinematografico, intrecciando video, fotografia e installazione ambientale. \u00abAdrian \u00e8 un artista che esplora la condizione umana in transito, soffermandosi su temi come migrazione, identit\u00e0 e precariet\u00e0, attraverso un linguaggio che unisce esperienza personale, finzione e immaginazione \u2013 sottolinea il direttore Sacchetti \u2013 Nei suoi lavori alterna installazione, video, fotografia, pittura e performance per indagare le dinamiche sociali, politiche e culturali del nostro tempo\u00bb.<\/p>\n<p>Il workshop ha portato alla riedizione dell\u2019opera The Encounter (2011), riallestita sulla spiaggia di Favazzina, dove l\u2019artista ha incontrato gli studenti dell\u2019ABARC stringendo loro la mano in modo simbolico. Un gesto semplice ma fortemente metaforico, ripetuto fino a diventare rituale. Come in una processione laica, la lunga fila di partecipanti ha ridisegnato lo spazio naturale della \u201cCosta Viola\u201d, trasformando la stretta di mano in un segno di unione e tensione fra performer e contesto culturale, naturale e urbano.<\/p>\n<p>La documentazione audiovisiva dell\u2019azione \u00e8 stata curata dalla prof.ssa Rosita Commisso con il gruppo della Scuola di Cinema, che ha realizzato una video-performance come esito finale del progetto.<\/p>\n","protected":false},"excerpt":{"rendered":"<p>L\u2019Accademia di Belle Arti di Reggio Calabria presenta il secondo workshop del progetto \u201cCondominio Mediterraneo\u201d, parte del programma PNRR Performing PRMG (1 giugno 2024 \u2013 31 marzo 2026), di cui&hellip;<\/p>\n","protected":false},"author":5,"featured_media":82436,"comment_status":"closed","ping_status":"open","sticky":false,"template":"","format":"standard","meta":{"_jetpack_memberships_contains_paid_content":false,"footnotes":"","jetpack_publicize_message":"","jetpack_publicize_feature_enabled":true,"jetpack_social_post_already_shared":true,"jetpack_social_options":{"image_generator_settings":{"template":"highway","default_image_id":0,"font":"","enabled":false},"version":2}},"categories":[921,196,140],"tags":[46914,1437,14976,47846,47847],"class_list":["post-82435","post","type-post","status-publish","format-standard","has-post-thumbnail","hentry","category-home","category-news","category-reggio-calabria","tag-2-workshop","tag-accademia-di-belle-arti","tag-pietro-sacchetti","tag-prof-francolini","tag-progetto-condominio-mediterraneo"],"yoast_head":"<!-- This site is optimized with the Yoast SEO plugin v27.2 - https:\/\/yoast.com\/product\/yoast-seo-wordpress\/ -->\n<title>Reggio: l&#039;ABARC presenta il workshop \u201cCondominio Mediterraneo\u201d<\/title>\n<meta name=\"description\" content=\"Il 2\u00b0 workshop del progetto \u201cCondominio Mediterraneo\u201d verr\u00e0 presentato domani, alle 10:30 nell&#039;Aula Magna dell&#039;Accademia delle Belle Arti\" \/>\n<meta name=\"robots\" content=\"index, follow, max-snippet:-1, max-image-preview:large, max-video-preview:-1\" \/>\n<link rel=\"canonical\" href=\"https:\/\/progettotouring.it\/radiotouring104\/2025\/09\/29\/reggio-laccademia-di-belle-arti-presenta-il-2-workshop-del-progetto-condominio-mediterraneo\/\" \/>\n<meta property=\"og:locale\" content=\"it_IT\" \/>\n<meta property=\"og:type\" content=\"article\" \/>\n<meta property=\"og:title\" content=\"Reggio: l&#039;ABARC presenta il workshop \u201cCondominio Mediterraneo\u201d\" \/>\n<meta property=\"og:description\" content=\"Il 2\u00b0 workshop del progetto \u201cCondominio Mediterraneo\u201d verr\u00e0 presentato domani, alle 10:30 nell&#039;Aula Magna dell&#039;Accademia delle Belle Arti\" \/>\n<meta property=\"og:url\" content=\"https:\/\/progettotouring.it\/radiotouring104\/2025\/09\/29\/reggio-laccademia-di-belle-arti-presenta-il-2-workshop-del-progetto-condominio-mediterraneo\/\" \/>\n<meta property=\"og:site_name\" content=\"Radio Touring 104\" \/>\n<meta property=\"article:published_time\" content=\"2025-09-29T09:42:34+00:00\" \/>\n<meta property=\"article:modified_time\" content=\"2025-09-29T10:22:51+00:00\" \/>\n<meta property=\"og:image\" content=\"https:\/\/progettotouring.it\/radiotouring104\/wp-content\/uploads\/sites\/6\/2025\/09\/Accademia-Belle-arti-presentazione-secondo-workshop.gif\" \/>\n\t<meta property=\"og:image:width\" content=\"341\" \/>\n\t<meta property=\"og:image:height\" content=\"337\" \/>\n\t<meta property=\"og:image:type\" content=\"image\/gif\" \/>\n<meta name=\"author\" content=\"redazione\" \/>\n<meta name=\"twitter:card\" content=\"summary_large_image\" \/>\n<meta name=\"twitter:label1\" content=\"Scritto da\" \/>\n\t<meta name=\"twitter:data1\" content=\"redazione\" \/>\n\t<meta name=\"twitter:label2\" content=\"Tempo di lettura stimato\" \/>\n\t<meta name=\"twitter:data2\" content=\"2 minuti\" \/>\n<script type=\"application\/ld+json\" class=\"yoast-schema-graph\">{\"@context\":\"https:\/\/schema.org\",\"@graph\":[{\"@type\":\"Article\",\"@id\":\"https:\/\/progettotouring.it\/radiotouring104\/2025\/09\/29\/reggio-laccademia-di-belle-arti-presenta-il-2-workshop-del-progetto-condominio-mediterraneo\/#article\",\"isPartOf\":{\"@id\":\"https:\/\/progettotouring.it\/radiotouring104\/2025\/09\/29\/reggio-laccademia-di-belle-arti-presenta-il-2-workshop-del-progetto-condominio-mediterraneo\/\"},\"author\":{\"name\":\"redazione\",\"@id\":\"https:\/\/progettotouring.it\/radiotouring104\/#\/schema\/person\/1b3eb3c07c47136bc44c785c543e635f\"},\"headline\":\"Reggio: l&#8217;Accademia di Belle Arti presenta il 2\u00b0 workshop del progetto \u201cCondominio Mediterraneo\u201d\",\"datePublished\":\"2025-09-29T09:42:34+00:00\",\"dateModified\":\"2025-09-29T10:22:51+00:00\",\"mainEntityOfPage\":{\"@id\":\"https:\/\/progettotouring.it\/radiotouring104\/2025\/09\/29\/reggio-laccademia-di-belle-arti-presenta-il-2-workshop-del-progetto-condominio-mediterraneo\/\"},\"wordCount\":342,\"publisher\":{\"@id\":\"https:\/\/progettotouring.it\/radiotouring104\/#organization\"},\"image\":{\"@id\":\"https:\/\/progettotouring.it\/radiotouring104\/2025\/09\/29\/reggio-laccademia-di-belle-arti-presenta-il-2-workshop-del-progetto-condominio-mediterraneo\/#primaryimage\"},\"thumbnailUrl\":\"https:\/\/progettotouring.it\/radiotouring104\/wp-content\/uploads\/sites\/6\/2025\/09\/Accademia-Belle-arti-presentazione-secondo-workshop.gif\",\"keywords\":[\"2 workshop\",\"accademia di belle arti\",\"pietro sacchetti\",\"prof. Francolini\",\"progetto \u201cCondominio Mediterraneo\u201d\"],\"articleSection\":[\"Home\",\"News\",\"Reggio Calabria\"],\"inLanguage\":\"it-IT\"},{\"@type\":\"WebPage\",\"@id\":\"https:\/\/progettotouring.it\/radiotouring104\/2025\/09\/29\/reggio-laccademia-di-belle-arti-presenta-il-2-workshop-del-progetto-condominio-mediterraneo\/\",\"url\":\"https:\/\/progettotouring.it\/radiotouring104\/2025\/09\/29\/reggio-laccademia-di-belle-arti-presenta-il-2-workshop-del-progetto-condominio-mediterraneo\/\",\"name\":\"Reggio: l'ABARC presenta il workshop \u201cCondominio Mediterraneo\u201d\",\"isPartOf\":{\"@id\":\"https:\/\/progettotouring.it\/radiotouring104\/#website\"},\"primaryImageOfPage\":{\"@id\":\"https:\/\/progettotouring.it\/radiotouring104\/2025\/09\/29\/reggio-laccademia-di-belle-arti-presenta-il-2-workshop-del-progetto-condominio-mediterraneo\/#primaryimage\"},\"image\":{\"@id\":\"https:\/\/progettotouring.it\/radiotouring104\/2025\/09\/29\/reggio-laccademia-di-belle-arti-presenta-il-2-workshop-del-progetto-condominio-mediterraneo\/#primaryimage\"},\"thumbnailUrl\":\"https:\/\/progettotouring.it\/radiotouring104\/wp-content\/uploads\/sites\/6\/2025\/09\/Accademia-Belle-arti-presentazione-secondo-workshop.gif\",\"datePublished\":\"2025-09-29T09:42:34+00:00\",\"dateModified\":\"2025-09-29T10:22:51+00:00\",\"description\":\"Il 2\u00b0 workshop del progetto \u201cCondominio Mediterraneo\u201d verr\u00e0 presentato domani, alle 10:30 nell'Aula Magna dell'Accademia delle Belle Arti\",\"breadcrumb\":{\"@id\":\"https:\/\/progettotouring.it\/radiotouring104\/2025\/09\/29\/reggio-laccademia-di-belle-arti-presenta-il-2-workshop-del-progetto-condominio-mediterraneo\/#breadcrumb\"},\"inLanguage\":\"it-IT\",\"potentialAction\":[{\"@type\":\"ReadAction\",\"target\":[\"https:\/\/progettotouring.it\/radiotouring104\/2025\/09\/29\/reggio-laccademia-di-belle-arti-presenta-il-2-workshop-del-progetto-condominio-mediterraneo\/\"]}]},{\"@type\":\"ImageObject\",\"inLanguage\":\"it-IT\",\"@id\":\"https:\/\/progettotouring.it\/radiotouring104\/2025\/09\/29\/reggio-laccademia-di-belle-arti-presenta-il-2-workshop-del-progetto-condominio-mediterraneo\/#primaryimage\",\"url\":\"https:\/\/progettotouring.it\/radiotouring104\/wp-content\/uploads\/sites\/6\/2025\/09\/Accademia-Belle-arti-presentazione-secondo-workshop.gif\",\"contentUrl\":\"https:\/\/progettotouring.it\/radiotouring104\/wp-content\/uploads\/sites\/6\/2025\/09\/Accademia-Belle-arti-presentazione-secondo-workshop.gif\",\"width\":341,\"height\":337},{\"@type\":\"BreadcrumbList\",\"@id\":\"https:\/\/progettotouring.it\/radiotouring104\/2025\/09\/29\/reggio-laccademia-di-belle-arti-presenta-il-2-workshop-del-progetto-condominio-mediterraneo\/#breadcrumb\",\"itemListElement\":[{\"@type\":\"ListItem\",\"position\":1,\"name\":\"Home\",\"item\":\"https:\/\/progettotouring.it\/radiotouring104\/\"},{\"@type\":\"ListItem\",\"position\":2,\"name\":\"Reggio: l&#8217;Accademia di Belle Arti presenta il 2\u00b0 workshop del progetto \u201cCondominio Mediterraneo\u201d\"}]},{\"@type\":\"WebSite\",\"@id\":\"https:\/\/progettotouring.it\/radiotouring104\/#website\",\"url\":\"https:\/\/progettotouring.it\/radiotouring104\/\",\"name\":\"Radio Touring 104\",\"description\":\"La prima radio Reggina\",\"publisher\":{\"@id\":\"https:\/\/progettotouring.it\/radiotouring104\/#organization\"},\"potentialAction\":[{\"@type\":\"SearchAction\",\"target\":{\"@type\":\"EntryPoint\",\"urlTemplate\":\"https:\/\/progettotouring.it\/radiotouring104\/?s={search_term_string}\"},\"query-input\":{\"@type\":\"PropertyValueSpecification\",\"valueRequired\":true,\"valueName\":\"search_term_string\"}}],\"inLanguage\":\"it-IT\"},{\"@type\":\"Organization\",\"@id\":\"https:\/\/progettotouring.it\/radiotouring104\/#organization\",\"name\":\"Radio Touring 104\",\"url\":\"https:\/\/progettotouring.it\/radiotouring104\/\",\"logo\":{\"@type\":\"ImageObject\",\"inLanguage\":\"it-IT\",\"@id\":\"https:\/\/progettotouring.it\/radiotouring104\/#\/schema\/logo\/image\/\",\"url\":\"https:\/\/progettotouring.it\/radiotouring104\/wp-content\/uploads\/sites\/6\/2022\/02\/cropped-logo-radio-touring-104.png\",\"contentUrl\":\"https:\/\/progettotouring.it\/radiotouring104\/wp-content\/uploads\/sites\/6\/2022\/02\/cropped-logo-radio-touring-104.png\",\"width\":377,\"height\":182,\"caption\":\"Radio Touring 104\"},\"image\":{\"@id\":\"https:\/\/progettotouring.it\/radiotouring104\/#\/schema\/logo\/image\/\"}},{\"@type\":\"Person\",\"@id\":\"https:\/\/progettotouring.it\/radiotouring104\/#\/schema\/person\/1b3eb3c07c47136bc44c785c543e635f\",\"name\":\"redazione\",\"image\":{\"@type\":\"ImageObject\",\"inLanguage\":\"it-IT\",\"@id\":\"https:\/\/secure.gravatar.com\/avatar\/0b31605b49f100769e8b624b3e05de1b73e1692e9568a352f60f53fd072e6e11?s=96&d=mm&r=g\",\"url\":\"https:\/\/secure.gravatar.com\/avatar\/0b31605b49f100769e8b624b3e05de1b73e1692e9568a352f60f53fd072e6e11?s=96&d=mm&r=g\",\"contentUrl\":\"https:\/\/secure.gravatar.com\/avatar\/0b31605b49f100769e8b624b3e05de1b73e1692e9568a352f60f53fd072e6e11?s=96&d=mm&r=g\",\"caption\":\"redazione\"},\"url\":\"https:\/\/progettotouring.it\/radiotouring104\/author\/redazione\/\"}]}<\/script>\n<!-- \/ Yoast SEO plugin. -->","yoast_head_json":{"title":"Reggio: l'ABARC presenta il workshop \u201cCondominio Mediterraneo\u201d","description":"Il 2\u00b0 workshop del progetto \u201cCondominio Mediterraneo\u201d verr\u00e0 presentato domani, alle 10:30 nell'Aula Magna dell'Accademia delle Belle Arti","robots":{"index":"index","follow":"follow","max-snippet":"max-snippet:-1","max-image-preview":"max-image-preview:large","max-video-preview":"max-video-preview:-1"},"canonical":"https:\/\/progettotouring.it\/radiotouring104\/2025\/09\/29\/reggio-laccademia-di-belle-arti-presenta-il-2-workshop-del-progetto-condominio-mediterraneo\/","og_locale":"it_IT","og_type":"article","og_title":"Reggio: l'ABARC presenta il workshop \u201cCondominio Mediterraneo\u201d","og_description":"Il 2\u00b0 workshop del progetto \u201cCondominio Mediterraneo\u201d verr\u00e0 presentato domani, alle 10:30 nell'Aula Magna dell'Accademia delle Belle Arti","og_url":"https:\/\/progettotouring.it\/radiotouring104\/2025\/09\/29\/reggio-laccademia-di-belle-arti-presenta-il-2-workshop-del-progetto-condominio-mediterraneo\/","og_site_name":"Radio Touring 104","article_published_time":"2025-09-29T09:42:34+00:00","article_modified_time":"2025-09-29T10:22:51+00:00","og_image":[{"width":341,"height":337,"url":"https:\/\/progettotouring.it\/radiotouring104\/wp-content\/uploads\/sites\/6\/2025\/09\/Accademia-Belle-arti-presentazione-secondo-workshop.gif","type":"image\/gif"}],"author":"redazione","twitter_card":"summary_large_image","twitter_misc":{"Scritto da":"redazione","Tempo di lettura stimato":"2 minuti"},"schema":{"@context":"https:\/\/schema.org","@graph":[{"@type":"Article","@id":"https:\/\/progettotouring.it\/radiotouring104\/2025\/09\/29\/reggio-laccademia-di-belle-arti-presenta-il-2-workshop-del-progetto-condominio-mediterraneo\/#article","isPartOf":{"@id":"https:\/\/progettotouring.it\/radiotouring104\/2025\/09\/29\/reggio-laccademia-di-belle-arti-presenta-il-2-workshop-del-progetto-condominio-mediterraneo\/"},"author":{"name":"redazione","@id":"https:\/\/progettotouring.it\/radiotouring104\/#\/schema\/person\/1b3eb3c07c47136bc44c785c543e635f"},"headline":"Reggio: l&#8217;Accademia di Belle Arti presenta il 2\u00b0 workshop del progetto \u201cCondominio Mediterraneo\u201d","datePublished":"2025-09-29T09:42:34+00:00","dateModified":"2025-09-29T10:22:51+00:00","mainEntityOfPage":{"@id":"https:\/\/progettotouring.it\/radiotouring104\/2025\/09\/29\/reggio-laccademia-di-belle-arti-presenta-il-2-workshop-del-progetto-condominio-mediterraneo\/"},"wordCount":342,"publisher":{"@id":"https:\/\/progettotouring.it\/radiotouring104\/#organization"},"image":{"@id":"https:\/\/progettotouring.it\/radiotouring104\/2025\/09\/29\/reggio-laccademia-di-belle-arti-presenta-il-2-workshop-del-progetto-condominio-mediterraneo\/#primaryimage"},"thumbnailUrl":"https:\/\/progettotouring.it\/radiotouring104\/wp-content\/uploads\/sites\/6\/2025\/09\/Accademia-Belle-arti-presentazione-secondo-workshop.gif","keywords":["2 workshop","accademia di belle arti","pietro sacchetti","prof. Francolini","progetto \u201cCondominio Mediterraneo\u201d"],"articleSection":["Home","News","Reggio Calabria"],"inLanguage":"it-IT"},{"@type":"WebPage","@id":"https:\/\/progettotouring.it\/radiotouring104\/2025\/09\/29\/reggio-laccademia-di-belle-arti-presenta-il-2-workshop-del-progetto-condominio-mediterraneo\/","url":"https:\/\/progettotouring.it\/radiotouring104\/2025\/09\/29\/reggio-laccademia-di-belle-arti-presenta-il-2-workshop-del-progetto-condominio-mediterraneo\/","name":"Reggio: l'ABARC presenta il workshop \u201cCondominio Mediterraneo\u201d","isPartOf":{"@id":"https:\/\/progettotouring.it\/radiotouring104\/#website"},"primaryImageOfPage":{"@id":"https:\/\/progettotouring.it\/radiotouring104\/2025\/09\/29\/reggio-laccademia-di-belle-arti-presenta-il-2-workshop-del-progetto-condominio-mediterraneo\/#primaryimage"},"image":{"@id":"https:\/\/progettotouring.it\/radiotouring104\/2025\/09\/29\/reggio-laccademia-di-belle-arti-presenta-il-2-workshop-del-progetto-condominio-mediterraneo\/#primaryimage"},"thumbnailUrl":"https:\/\/progettotouring.it\/radiotouring104\/wp-content\/uploads\/sites\/6\/2025\/09\/Accademia-Belle-arti-presentazione-secondo-workshop.gif","datePublished":"2025-09-29T09:42:34+00:00","dateModified":"2025-09-29T10:22:51+00:00","description":"Il 2\u00b0 workshop del progetto \u201cCondominio Mediterraneo\u201d verr\u00e0 presentato domani, alle 10:30 nell'Aula Magna dell'Accademia delle Belle Arti","breadcrumb":{"@id":"https:\/\/progettotouring.it\/radiotouring104\/2025\/09\/29\/reggio-laccademia-di-belle-arti-presenta-il-2-workshop-del-progetto-condominio-mediterraneo\/#breadcrumb"},"inLanguage":"it-IT","potentialAction":[{"@type":"ReadAction","target":["https:\/\/progettotouring.it\/radiotouring104\/2025\/09\/29\/reggio-laccademia-di-belle-arti-presenta-il-2-workshop-del-progetto-condominio-mediterraneo\/"]}]},{"@type":"ImageObject","inLanguage":"it-IT","@id":"https:\/\/progettotouring.it\/radiotouring104\/2025\/09\/29\/reggio-laccademia-di-belle-arti-presenta-il-2-workshop-del-progetto-condominio-mediterraneo\/#primaryimage","url":"https:\/\/progettotouring.it\/radiotouring104\/wp-content\/uploads\/sites\/6\/2025\/09\/Accademia-Belle-arti-presentazione-secondo-workshop.gif","contentUrl":"https:\/\/progettotouring.it\/radiotouring104\/wp-content\/uploads\/sites\/6\/2025\/09\/Accademia-Belle-arti-presentazione-secondo-workshop.gif","width":341,"height":337},{"@type":"BreadcrumbList","@id":"https:\/\/progettotouring.it\/radiotouring104\/2025\/09\/29\/reggio-laccademia-di-belle-arti-presenta-il-2-workshop-del-progetto-condominio-mediterraneo\/#breadcrumb","itemListElement":[{"@type":"ListItem","position":1,"name":"Home","item":"https:\/\/progettotouring.it\/radiotouring104\/"},{"@type":"ListItem","position":2,"name":"Reggio: l&#8217;Accademia di Belle Arti presenta il 2\u00b0 workshop del progetto \u201cCondominio Mediterraneo\u201d"}]},{"@type":"WebSite","@id":"https:\/\/progettotouring.it\/radiotouring104\/#website","url":"https:\/\/progettotouring.it\/radiotouring104\/","name":"Radio Touring 104","description":"La prima radio Reggina","publisher":{"@id":"https:\/\/progettotouring.it\/radiotouring104\/#organization"},"potentialAction":[{"@type":"SearchAction","target":{"@type":"EntryPoint","urlTemplate":"https:\/\/progettotouring.it\/radiotouring104\/?s={search_term_string}"},"query-input":{"@type":"PropertyValueSpecification","valueRequired":true,"valueName":"search_term_string"}}],"inLanguage":"it-IT"},{"@type":"Organization","@id":"https:\/\/progettotouring.it\/radiotouring104\/#organization","name":"Radio Touring 104","url":"https:\/\/progettotouring.it\/radiotouring104\/","logo":{"@type":"ImageObject","inLanguage":"it-IT","@id":"https:\/\/progettotouring.it\/radiotouring104\/#\/schema\/logo\/image\/","url":"https:\/\/progettotouring.it\/radiotouring104\/wp-content\/uploads\/sites\/6\/2022\/02\/cropped-logo-radio-touring-104.png","contentUrl":"https:\/\/progettotouring.it\/radiotouring104\/wp-content\/uploads\/sites\/6\/2022\/02\/cropped-logo-radio-touring-104.png","width":377,"height":182,"caption":"Radio Touring 104"},"image":{"@id":"https:\/\/progettotouring.it\/radiotouring104\/#\/schema\/logo\/image\/"}},{"@type":"Person","@id":"https:\/\/progettotouring.it\/radiotouring104\/#\/schema\/person\/1b3eb3c07c47136bc44c785c543e635f","name":"redazione","image":{"@type":"ImageObject","inLanguage":"it-IT","@id":"https:\/\/secure.gravatar.com\/avatar\/0b31605b49f100769e8b624b3e05de1b73e1692e9568a352f60f53fd072e6e11?s=96&d=mm&r=g","url":"https:\/\/secure.gravatar.com\/avatar\/0b31605b49f100769e8b624b3e05de1b73e1692e9568a352f60f53fd072e6e11?s=96&d=mm&r=g","contentUrl":"https:\/\/secure.gravatar.com\/avatar\/0b31605b49f100769e8b624b3e05de1b73e1692e9568a352f60f53fd072e6e11?s=96&d=mm&r=g","caption":"redazione"},"url":"https:\/\/progettotouring.it\/radiotouring104\/author\/redazione\/"}]}},"jetpack_publicize_connections":[],"jetpack_featured_media_url":"https:\/\/progettotouring.it\/radiotouring104\/wp-content\/uploads\/sites\/6\/2025\/09\/Accademia-Belle-arti-presentazione-secondo-workshop.gif","jetpack_sharing_enabled":true,"_links":{"self":[{"href":"https:\/\/progettotouring.it\/radiotouring104\/wp-json\/wp\/v2\/posts\/82435","targetHints":{"allow":["GET"]}}],"collection":[{"href":"https:\/\/progettotouring.it\/radiotouring104\/wp-json\/wp\/v2\/posts"}],"about":[{"href":"https:\/\/progettotouring.it\/radiotouring104\/wp-json\/wp\/v2\/types\/post"}],"author":[{"embeddable":true,"href":"https:\/\/progettotouring.it\/radiotouring104\/wp-json\/wp\/v2\/users\/5"}],"replies":[{"embeddable":true,"href":"https:\/\/progettotouring.it\/radiotouring104\/wp-json\/wp\/v2\/comments?post=82435"}],"version-history":[{"count":1,"href":"https:\/\/progettotouring.it\/radiotouring104\/wp-json\/wp\/v2\/posts\/82435\/revisions"}],"predecessor-version":[{"id":82437,"href":"https:\/\/progettotouring.it\/radiotouring104\/wp-json\/wp\/v2\/posts\/82435\/revisions\/82437"}],"wp:featuredmedia":[{"embeddable":true,"href":"https:\/\/progettotouring.it\/radiotouring104\/wp-json\/wp\/v2\/media\/82436"}],"wp:attachment":[{"href":"https:\/\/progettotouring.it\/radiotouring104\/wp-json\/wp\/v2\/media?parent=82435"}],"wp:term":[{"taxonomy":"category","embeddable":true,"href":"https:\/\/progettotouring.it\/radiotouring104\/wp-json\/wp\/v2\/categories?post=82435"},{"taxonomy":"post_tag","embeddable":true,"href":"https:\/\/progettotouring.it\/radiotouring104\/wp-json\/wp\/v2\/tags?post=82435"}],"curies":[{"name":"wp","href":"https:\/\/api.w.org\/{rel}","templated":true}]}}