{"id":82442,"date":"2025-09-29T11:49:43","date_gmt":"2025-09-29T09:49:43","guid":{"rendered":"https:\/\/progettotouring.it\/radiotouring104\/?p=82442"},"modified":"2025-09-29T12:22:56","modified_gmt":"2025-09-29T10:22:56","slug":"reggio-falcomata-condivide-lappello-dell-ampa-venticinqueaprile","status":"publish","type":"post","link":"https:\/\/progettotouring.it\/radiotouring104\/2025\/09\/29\/reggio-falcomata-condivide-lappello-dell-ampa-venticinqueaprile\/","title":{"rendered":"Reggio: Falcomat\u00e0 condivide l&#8217;appello dell&#8217; &#8220;AMPA Venticinqueaprile&#8221;"},"content":{"rendered":"<p>\u201cIl nostro agire \u00e8 permeato e ispirato a valori antifascisti che fanno parte indissolubilmente della nostra identit\u00e0 &#8211; con queste parole il Sindaco Falcomat\u00e0 condivide l\u2019appello lanciato dall\u2019Associazione AMPA Venticinqueaprile\u2019, aggiungendo che: \u201cquelle di AMPA sono le nostre battaglie, perch\u00e9 quando si parla di sanit\u00e0, diritto alla mobilit\u00e0 e soprattutto di principi che rievocano la memoria storica e lo spirito collettivo antifascista, sappiamo che si parla delle nostre pi\u00f9 importanti sfide, e le porteremo con convinzione e credibilit\u00e0 nell\u2019agone politico regionale, affinch\u00e9 non restino solo obiettivi programmatici ma anche e soprattutto impegni politici\u201d.<\/p>\n<p>\u201cIn ultimo, non certo per importanza, onoreremo il ricordo della drammatica strage nazista di Rizziconi, del 1943, per cui, la massima Assise calabrese gi\u00e0 si era espressa in favore dell\u2019istituzione del riconoscimento formale, anche se non ha mai dato seguito ad iniziative e determinazioni consequenziali. I valori di AMPA, per chi come noi conosce il sacrificio antifascista, rappresentano una seconda pelle e li difenderemo con tutte le nostre forze in Consiglio regionale\u201d.<\/p>\n","protected":false},"excerpt":{"rendered":"<p>\u201cIl nostro agire \u00e8 permeato e ispirato a valori antifascisti che fanno parte indissolubilmente della nostra identit\u00e0 &#8211; con queste parole il Sindaco Falcomat\u00e0 condivide l\u2019appello lanciato dall\u2019Associazione AMPA Venticinqueaprile\u2019,&hellip;<\/p>\n","protected":false},"author":5,"featured_media":81236,"comment_status":"closed","ping_status":"open","sticky":false,"template":"","format":"standard","meta":{"_jetpack_memberships_contains_paid_content":false,"footnotes":"","jetpack_publicize_message":"","jetpack_publicize_feature_enabled":true,"jetpack_social_post_already_shared":true,"jetpack_social_options":{"image_generator_settings":{"template":"highway","default_image_id":0,"font":"","enabled":false},"version":2}},"categories":[921,196,140],"tags":[47848,47850,812,47849],"class_list":["post-82442","post","type-post","status-publish","format-standard","has-post-thumbnail","hentry","category-home","category-news","category-reggio-calabria","tag-ampa-25-aprile","tag-condivisione-impegno","tag-giuseppe-falcomata","tag-obiettivi-programmatici-che-diventano-un-impegno"],"yoast_head":"<!-- This site is optimized with the Yoast SEO plugin v27.2 - https:\/\/yoast.com\/product\/yoast-seo-wordpress\/ -->\n<title>Falcomat\u00e0 condivide l&#039;appello dell&#039; &quot;AMPA Venticinqueaprile&quot;<\/title>\n<meta name=\"description\" content=\"\u201cObiettivi programmatici che diventano un impegno\u201d, dichiara il sindaco metropolitano di Reggio, Giuseppe Falcomat\u00e0\" \/>\n<meta name=\"robots\" content=\"index, follow, max-snippet:-1, max-image-preview:large, max-video-preview:-1\" \/>\n<link rel=\"canonical\" href=\"https:\/\/progettotouring.it\/radiotouring104\/2025\/09\/29\/reggio-falcomata-condivide-lappello-dell-ampa-venticinqueaprile\/\" \/>\n<meta property=\"og:locale\" content=\"it_IT\" \/>\n<meta property=\"og:type\" content=\"article\" \/>\n<meta property=\"og:title\" content=\"Falcomat\u00e0 condivide l&#039;appello dell&#039; &quot;AMPA Venticinqueaprile&quot;\" \/>\n<meta property=\"og:description\" content=\"\u201cObiettivi programmatici che diventano un impegno\u201d, dichiara il sindaco metropolitano di Reggio, Giuseppe Falcomat\u00e0\" \/>\n<meta property=\"og:url\" content=\"https:\/\/progettotouring.it\/radiotouring104\/2025\/09\/29\/reggio-falcomata-condivide-lappello-dell-ampa-venticinqueaprile\/\" \/>\n<meta property=\"og:site_name\" content=\"Radio Touring 104\" \/>\n<meta property=\"article:published_time\" content=\"2025-09-29T09:49:43+00:00\" \/>\n<meta property=\"article:modified_time\" content=\"2025-09-29T10:22:56+00:00\" \/>\n<meta property=\"og:image\" content=\"https:\/\/progettotouring.it\/radiotouring104\/wp-content\/uploads\/sites\/6\/2025\/09\/Falcomata-25-aprile.jpg\" \/>\n\t<meta property=\"og:image:width\" content=\"1024\" \/>\n\t<meta property=\"og:image:height\" content=\"576\" \/>\n\t<meta property=\"og:image:type\" content=\"image\/jpeg\" \/>\n<meta name=\"author\" content=\"redazione\" \/>\n<meta name=\"twitter:card\" content=\"summary_large_image\" \/>\n<meta name=\"twitter:label1\" content=\"Scritto da\" \/>\n\t<meta name=\"twitter:data1\" content=\"redazione\" \/>\n\t<meta name=\"twitter:label2\" content=\"Tempo di lettura stimato\" \/>\n\t<meta name=\"twitter:data2\" content=\"1 minuto\" \/>\n<script type=\"application\/ld+json\" class=\"yoast-schema-graph\">{\"@context\":\"https:\/\/schema.org\",\"@graph\":[{\"@type\":\"Article\",\"@id\":\"https:\/\/progettotouring.it\/radiotouring104\/2025\/09\/29\/reggio-falcomata-condivide-lappello-dell-ampa-venticinqueaprile\/#article\",\"isPartOf\":{\"@id\":\"https:\/\/progettotouring.it\/radiotouring104\/2025\/09\/29\/reggio-falcomata-condivide-lappello-dell-ampa-venticinqueaprile\/\"},\"author\":{\"name\":\"redazione\",\"@id\":\"https:\/\/progettotouring.it\/radiotouring104\/#\/schema\/person\/1b3eb3c07c47136bc44c785c543e635f\"},\"headline\":\"Reggio: Falcomat\u00e0 condivide l&#8217;appello dell&#8217; &#8220;AMPA Venticinqueaprile&#8221;\",\"datePublished\":\"2025-09-29T09:49:43+00:00\",\"dateModified\":\"2025-09-29T10:22:56+00:00\",\"mainEntityOfPage\":{\"@id\":\"https:\/\/progettotouring.it\/radiotouring104\/2025\/09\/29\/reggio-falcomata-condivide-lappello-dell-ampa-venticinqueaprile\/\"},\"wordCount\":174,\"publisher\":{\"@id\":\"https:\/\/progettotouring.it\/radiotouring104\/#organization\"},\"image\":{\"@id\":\"https:\/\/progettotouring.it\/radiotouring104\/2025\/09\/29\/reggio-falcomata-condivide-lappello-dell-ampa-venticinqueaprile\/#primaryimage\"},\"thumbnailUrl\":\"https:\/\/progettotouring.it\/radiotouring104\/wp-content\/uploads\/sites\/6\/2025\/09\/Falcomata-25-aprile.jpg\",\"keywords\":[\"AMPA 25 APRILE\",\"condivisione impegno\",\"Giuseppe Falcomat\u00e0\",\"Obiettivi programmatici che diventano un impegno\"],\"articleSection\":[\"Home\",\"News\",\"Reggio Calabria\"],\"inLanguage\":\"it-IT\"},{\"@type\":\"WebPage\",\"@id\":\"https:\/\/progettotouring.it\/radiotouring104\/2025\/09\/29\/reggio-falcomata-condivide-lappello-dell-ampa-venticinqueaprile\/\",\"url\":\"https:\/\/progettotouring.it\/radiotouring104\/2025\/09\/29\/reggio-falcomata-condivide-lappello-dell-ampa-venticinqueaprile\/\",\"name\":\"Falcomat\u00e0 condivide l'appello dell' \\\"AMPA Venticinqueaprile\\\"\",\"isPartOf\":{\"@id\":\"https:\/\/progettotouring.it\/radiotouring104\/#website\"},\"primaryImageOfPage\":{\"@id\":\"https:\/\/progettotouring.it\/radiotouring104\/2025\/09\/29\/reggio-falcomata-condivide-lappello-dell-ampa-venticinqueaprile\/#primaryimage\"},\"image\":{\"@id\":\"https:\/\/progettotouring.it\/radiotouring104\/2025\/09\/29\/reggio-falcomata-condivide-lappello-dell-ampa-venticinqueaprile\/#primaryimage\"},\"thumbnailUrl\":\"https:\/\/progettotouring.it\/radiotouring104\/wp-content\/uploads\/sites\/6\/2025\/09\/Falcomata-25-aprile.jpg\",\"datePublished\":\"2025-09-29T09:49:43+00:00\",\"dateModified\":\"2025-09-29T10:22:56+00:00\",\"description\":\"\u201cObiettivi programmatici che diventano un impegno\u201d, dichiara il sindaco metropolitano di Reggio, Giuseppe Falcomat\u00e0\",\"breadcrumb\":{\"@id\":\"https:\/\/progettotouring.it\/radiotouring104\/2025\/09\/29\/reggio-falcomata-condivide-lappello-dell-ampa-venticinqueaprile\/#breadcrumb\"},\"inLanguage\":\"it-IT\",\"potentialAction\":[{\"@type\":\"ReadAction\",\"target\":[\"https:\/\/progettotouring.it\/radiotouring104\/2025\/09\/29\/reggio-falcomata-condivide-lappello-dell-ampa-venticinqueaprile\/\"]}]},{\"@type\":\"ImageObject\",\"inLanguage\":\"it-IT\",\"@id\":\"https:\/\/progettotouring.it\/radiotouring104\/2025\/09\/29\/reggio-falcomata-condivide-lappello-dell-ampa-venticinqueaprile\/#primaryimage\",\"url\":\"https:\/\/progettotouring.it\/radiotouring104\/wp-content\/uploads\/sites\/6\/2025\/09\/Falcomata-25-aprile.jpg\",\"contentUrl\":\"https:\/\/progettotouring.it\/radiotouring104\/wp-content\/uploads\/sites\/6\/2025\/09\/Falcomata-25-aprile.jpg\",\"width\":1024,\"height\":576},{\"@type\":\"BreadcrumbList\",\"@id\":\"https:\/\/progettotouring.it\/radiotouring104\/2025\/09\/29\/reggio-falcomata-condivide-lappello-dell-ampa-venticinqueaprile\/#breadcrumb\",\"itemListElement\":[{\"@type\":\"ListItem\",\"position\":1,\"name\":\"Home\",\"item\":\"https:\/\/progettotouring.it\/radiotouring104\/\"},{\"@type\":\"ListItem\",\"position\":2,\"name\":\"Reggio: Falcomat\u00e0 condivide l&#8217;appello dell&#8217; &#8220;AMPA Venticinqueaprile&#8221;\"}]},{\"@type\":\"WebSite\",\"@id\":\"https:\/\/progettotouring.it\/radiotouring104\/#website\",\"url\":\"https:\/\/progettotouring.it\/radiotouring104\/\",\"name\":\"Radio Touring 104\",\"description\":\"La prima radio Reggina\",\"publisher\":{\"@id\":\"https:\/\/progettotouring.it\/radiotouring104\/#organization\"},\"potentialAction\":[{\"@type\":\"SearchAction\",\"target\":{\"@type\":\"EntryPoint\",\"urlTemplate\":\"https:\/\/progettotouring.it\/radiotouring104\/?s={search_term_string}\"},\"query-input\":{\"@type\":\"PropertyValueSpecification\",\"valueRequired\":true,\"valueName\":\"search_term_string\"}}],\"inLanguage\":\"it-IT\"},{\"@type\":\"Organization\",\"@id\":\"https:\/\/progettotouring.it\/radiotouring104\/#organization\",\"name\":\"Radio Touring 104\",\"url\":\"https:\/\/progettotouring.it\/radiotouring104\/\",\"logo\":{\"@type\":\"ImageObject\",\"inLanguage\":\"it-IT\",\"@id\":\"https:\/\/progettotouring.it\/radiotouring104\/#\/schema\/logo\/image\/\",\"url\":\"https:\/\/progettotouring.it\/radiotouring104\/wp-content\/uploads\/sites\/6\/2022\/02\/cropped-logo-radio-touring-104.png\",\"contentUrl\":\"https:\/\/progettotouring.it\/radiotouring104\/wp-content\/uploads\/sites\/6\/2022\/02\/cropped-logo-radio-touring-104.png\",\"width\":377,\"height\":182,\"caption\":\"Radio Touring 104\"},\"image\":{\"@id\":\"https:\/\/progettotouring.it\/radiotouring104\/#\/schema\/logo\/image\/\"}},{\"@type\":\"Person\",\"@id\":\"https:\/\/progettotouring.it\/radiotouring104\/#\/schema\/person\/1b3eb3c07c47136bc44c785c543e635f\",\"name\":\"redazione\",\"image\":{\"@type\":\"ImageObject\",\"inLanguage\":\"it-IT\",\"@id\":\"https:\/\/secure.gravatar.com\/avatar\/0b31605b49f100769e8b624b3e05de1b73e1692e9568a352f60f53fd072e6e11?s=96&d=mm&r=g\",\"url\":\"https:\/\/secure.gravatar.com\/avatar\/0b31605b49f100769e8b624b3e05de1b73e1692e9568a352f60f53fd072e6e11?s=96&d=mm&r=g\",\"contentUrl\":\"https:\/\/secure.gravatar.com\/avatar\/0b31605b49f100769e8b624b3e05de1b73e1692e9568a352f60f53fd072e6e11?s=96&d=mm&r=g\",\"caption\":\"redazione\"},\"url\":\"https:\/\/progettotouring.it\/radiotouring104\/author\/redazione\/\"}]}<\/script>\n<!-- \/ Yoast SEO plugin. -->","yoast_head_json":{"title":"Falcomat\u00e0 condivide l'appello dell' \"AMPA Venticinqueaprile\"","description":"\u201cObiettivi programmatici che diventano un impegno\u201d, dichiara il sindaco metropolitano di Reggio, Giuseppe Falcomat\u00e0","robots":{"index":"index","follow":"follow","max-snippet":"max-snippet:-1","max-image-preview":"max-image-preview:large","max-video-preview":"max-video-preview:-1"},"canonical":"https:\/\/progettotouring.it\/radiotouring104\/2025\/09\/29\/reggio-falcomata-condivide-lappello-dell-ampa-venticinqueaprile\/","og_locale":"it_IT","og_type":"article","og_title":"Falcomat\u00e0 condivide l'appello dell' \"AMPA Venticinqueaprile\"","og_description":"\u201cObiettivi programmatici che diventano un impegno\u201d, dichiara il sindaco metropolitano di Reggio, Giuseppe Falcomat\u00e0","og_url":"https:\/\/progettotouring.it\/radiotouring104\/2025\/09\/29\/reggio-falcomata-condivide-lappello-dell-ampa-venticinqueaprile\/","og_site_name":"Radio Touring 104","article_published_time":"2025-09-29T09:49:43+00:00","article_modified_time":"2025-09-29T10:22:56+00:00","og_image":[{"width":1024,"height":576,"url":"https:\/\/progettotouring.it\/radiotouring104\/wp-content\/uploads\/sites\/6\/2025\/09\/Falcomata-25-aprile.jpg","type":"image\/jpeg"}],"author":"redazione","twitter_card":"summary_large_image","twitter_misc":{"Scritto da":"redazione","Tempo di lettura stimato":"1 minuto"},"schema":{"@context":"https:\/\/schema.org","@graph":[{"@type":"Article","@id":"https:\/\/progettotouring.it\/radiotouring104\/2025\/09\/29\/reggio-falcomata-condivide-lappello-dell-ampa-venticinqueaprile\/#article","isPartOf":{"@id":"https:\/\/progettotouring.it\/radiotouring104\/2025\/09\/29\/reggio-falcomata-condivide-lappello-dell-ampa-venticinqueaprile\/"},"author":{"name":"redazione","@id":"https:\/\/progettotouring.it\/radiotouring104\/#\/schema\/person\/1b3eb3c07c47136bc44c785c543e635f"},"headline":"Reggio: Falcomat\u00e0 condivide l&#8217;appello dell&#8217; &#8220;AMPA Venticinqueaprile&#8221;","datePublished":"2025-09-29T09:49:43+00:00","dateModified":"2025-09-29T10:22:56+00:00","mainEntityOfPage":{"@id":"https:\/\/progettotouring.it\/radiotouring104\/2025\/09\/29\/reggio-falcomata-condivide-lappello-dell-ampa-venticinqueaprile\/"},"wordCount":174,"publisher":{"@id":"https:\/\/progettotouring.it\/radiotouring104\/#organization"},"image":{"@id":"https:\/\/progettotouring.it\/radiotouring104\/2025\/09\/29\/reggio-falcomata-condivide-lappello-dell-ampa-venticinqueaprile\/#primaryimage"},"thumbnailUrl":"https:\/\/progettotouring.it\/radiotouring104\/wp-content\/uploads\/sites\/6\/2025\/09\/Falcomata-25-aprile.jpg","keywords":["AMPA 25 APRILE","condivisione impegno","Giuseppe Falcomat\u00e0","Obiettivi programmatici che diventano un impegno"],"articleSection":["Home","News","Reggio Calabria"],"inLanguage":"it-IT"},{"@type":"WebPage","@id":"https:\/\/progettotouring.it\/radiotouring104\/2025\/09\/29\/reggio-falcomata-condivide-lappello-dell-ampa-venticinqueaprile\/","url":"https:\/\/progettotouring.it\/radiotouring104\/2025\/09\/29\/reggio-falcomata-condivide-lappello-dell-ampa-venticinqueaprile\/","name":"Falcomat\u00e0 condivide l'appello dell' \"AMPA Venticinqueaprile\"","isPartOf":{"@id":"https:\/\/progettotouring.it\/radiotouring104\/#website"},"primaryImageOfPage":{"@id":"https:\/\/progettotouring.it\/radiotouring104\/2025\/09\/29\/reggio-falcomata-condivide-lappello-dell-ampa-venticinqueaprile\/#primaryimage"},"image":{"@id":"https:\/\/progettotouring.it\/radiotouring104\/2025\/09\/29\/reggio-falcomata-condivide-lappello-dell-ampa-venticinqueaprile\/#primaryimage"},"thumbnailUrl":"https:\/\/progettotouring.it\/radiotouring104\/wp-content\/uploads\/sites\/6\/2025\/09\/Falcomata-25-aprile.jpg","datePublished":"2025-09-29T09:49:43+00:00","dateModified":"2025-09-29T10:22:56+00:00","description":"\u201cObiettivi programmatici che diventano un impegno\u201d, dichiara il sindaco metropolitano di Reggio, Giuseppe Falcomat\u00e0","breadcrumb":{"@id":"https:\/\/progettotouring.it\/radiotouring104\/2025\/09\/29\/reggio-falcomata-condivide-lappello-dell-ampa-venticinqueaprile\/#breadcrumb"},"inLanguage":"it-IT","potentialAction":[{"@type":"ReadAction","target":["https:\/\/progettotouring.it\/radiotouring104\/2025\/09\/29\/reggio-falcomata-condivide-lappello-dell-ampa-venticinqueaprile\/"]}]},{"@type":"ImageObject","inLanguage":"it-IT","@id":"https:\/\/progettotouring.it\/radiotouring104\/2025\/09\/29\/reggio-falcomata-condivide-lappello-dell-ampa-venticinqueaprile\/#primaryimage","url":"https:\/\/progettotouring.it\/radiotouring104\/wp-content\/uploads\/sites\/6\/2025\/09\/Falcomata-25-aprile.jpg","contentUrl":"https:\/\/progettotouring.it\/radiotouring104\/wp-content\/uploads\/sites\/6\/2025\/09\/Falcomata-25-aprile.jpg","width":1024,"height":576},{"@type":"BreadcrumbList","@id":"https:\/\/progettotouring.it\/radiotouring104\/2025\/09\/29\/reggio-falcomata-condivide-lappello-dell-ampa-venticinqueaprile\/#breadcrumb","itemListElement":[{"@type":"ListItem","position":1,"name":"Home","item":"https:\/\/progettotouring.it\/radiotouring104\/"},{"@type":"ListItem","position":2,"name":"Reggio: Falcomat\u00e0 condivide l&#8217;appello dell&#8217; &#8220;AMPA Venticinqueaprile&#8221;"}]},{"@type":"WebSite","@id":"https:\/\/progettotouring.it\/radiotouring104\/#website","url":"https:\/\/progettotouring.it\/radiotouring104\/","name":"Radio Touring 104","description":"La prima radio Reggina","publisher":{"@id":"https:\/\/progettotouring.it\/radiotouring104\/#organization"},"potentialAction":[{"@type":"SearchAction","target":{"@type":"EntryPoint","urlTemplate":"https:\/\/progettotouring.it\/radiotouring104\/?s={search_term_string}"},"query-input":{"@type":"PropertyValueSpecification","valueRequired":true,"valueName":"search_term_string"}}],"inLanguage":"it-IT"},{"@type":"Organization","@id":"https:\/\/progettotouring.it\/radiotouring104\/#organization","name":"Radio Touring 104","url":"https:\/\/progettotouring.it\/radiotouring104\/","logo":{"@type":"ImageObject","inLanguage":"it-IT","@id":"https:\/\/progettotouring.it\/radiotouring104\/#\/schema\/logo\/image\/","url":"https:\/\/progettotouring.it\/radiotouring104\/wp-content\/uploads\/sites\/6\/2022\/02\/cropped-logo-radio-touring-104.png","contentUrl":"https:\/\/progettotouring.it\/radiotouring104\/wp-content\/uploads\/sites\/6\/2022\/02\/cropped-logo-radio-touring-104.png","width":377,"height":182,"caption":"Radio Touring 104"},"image":{"@id":"https:\/\/progettotouring.it\/radiotouring104\/#\/schema\/logo\/image\/"}},{"@type":"Person","@id":"https:\/\/progettotouring.it\/radiotouring104\/#\/schema\/person\/1b3eb3c07c47136bc44c785c543e635f","name":"redazione","image":{"@type":"ImageObject","inLanguage":"it-IT","@id":"https:\/\/secure.gravatar.com\/avatar\/0b31605b49f100769e8b624b3e05de1b73e1692e9568a352f60f53fd072e6e11?s=96&d=mm&r=g","url":"https:\/\/secure.gravatar.com\/avatar\/0b31605b49f100769e8b624b3e05de1b73e1692e9568a352f60f53fd072e6e11?s=96&d=mm&r=g","contentUrl":"https:\/\/secure.gravatar.com\/avatar\/0b31605b49f100769e8b624b3e05de1b73e1692e9568a352f60f53fd072e6e11?s=96&d=mm&r=g","caption":"redazione"},"url":"https:\/\/progettotouring.it\/radiotouring104\/author\/redazione\/"}]}},"jetpack_publicize_connections":[],"jetpack_featured_media_url":"https:\/\/progettotouring.it\/radiotouring104\/wp-content\/uploads\/sites\/6\/2025\/09\/Falcomata-25-aprile.jpg","jetpack_sharing_enabled":true,"_links":{"self":[{"href":"https:\/\/progettotouring.it\/radiotouring104\/wp-json\/wp\/v2\/posts\/82442","targetHints":{"allow":["GET"]}}],"collection":[{"href":"https:\/\/progettotouring.it\/radiotouring104\/wp-json\/wp\/v2\/posts"}],"about":[{"href":"https:\/\/progettotouring.it\/radiotouring104\/wp-json\/wp\/v2\/types\/post"}],"author":[{"embeddable":true,"href":"https:\/\/progettotouring.it\/radiotouring104\/wp-json\/wp\/v2\/users\/5"}],"replies":[{"embeddable":true,"href":"https:\/\/progettotouring.it\/radiotouring104\/wp-json\/wp\/v2\/comments?post=82442"}],"version-history":[{"count":1,"href":"https:\/\/progettotouring.it\/radiotouring104\/wp-json\/wp\/v2\/posts\/82442\/revisions"}],"predecessor-version":[{"id":82443,"href":"https:\/\/progettotouring.it\/radiotouring104\/wp-json\/wp\/v2\/posts\/82442\/revisions\/82443"}],"wp:featuredmedia":[{"embeddable":true,"href":"https:\/\/progettotouring.it\/radiotouring104\/wp-json\/wp\/v2\/media\/81236"}],"wp:attachment":[{"href":"https:\/\/progettotouring.it\/radiotouring104\/wp-json\/wp\/v2\/media?parent=82442"}],"wp:term":[{"taxonomy":"category","embeddable":true,"href":"https:\/\/progettotouring.it\/radiotouring104\/wp-json\/wp\/v2\/categories?post=82442"},{"taxonomy":"post_tag","embeddable":true,"href":"https:\/\/progettotouring.it\/radiotouring104\/wp-json\/wp\/v2\/tags?post=82442"}],"curies":[{"name":"wp","href":"https:\/\/api.w.org\/{rel}","templated":true}]}}