{"id":82444,"date":"2025-09-29T12:00:02","date_gmt":"2025-09-29T10:00:02","guid":{"rendered":"https:\/\/progettotouring.it\/radiotouring104\/?p=82444"},"modified":"2025-09-29T12:23:02","modified_gmt":"2025-09-29T10:23:02","slug":"covello-lega-calabria-trasporto-gratuito-per-le-forze-di-polizia","status":"publish","type":"post","link":"https:\/\/progettotouring.it\/radiotouring104\/2025\/09\/29\/covello-lega-calabria-trasporto-gratuito-per-le-forze-di-polizia\/","title":{"rendered":"Covello (Lega Calabria): &#8220;Trasporto gratuito per le Forze di Polizia&#8221;"},"content":{"rendered":"<p>Il candidato al Consiglio Regionale Michele Covello, candidato nella Circoscrizione Nord con la lista \u201cLega Salvini Calabria\u201d, annuncia la volont\u00e0 di richiedere al Vicepresidente del Consiglio dei Ministri Matteo Salvini un incontro urgente con i principali sindacati delle Forze di Polizia per affrontare il tema del trasporto gratuito per gli operatori in divisa.<br \/>\nRecepita in pieno la richiesta dei sindacati delle forze dell\u2019ordine, per una proposta da portare al tavolo del Ministero dei Trasporti.<\/p>\n<p>\u201c\u00c8 inaccettabile che chi ogni giorno garantisce la nostra sicurezza debba ancora oggi pagare il biglietto sui mezzi ferroviari \u201d \u2013 dichiara Covello . \u2013 \u201cLa presenza delle Forze dell\u2019Ordine sui treni e nei mezzi pubblici \u00e8 fondamentale per la sicurezza reale dei cittadini. Non \u00e8 solo una questione di agevolazioni, ma di riconoscimento del servizio costante che questi uomini e donne svolgono anche fuori dall\u2019orario di lavoro.\u201d<\/p>\n<p>L\u2019episodio avvenuto ieri a Molfetta, cosi come tanti altri episodi capitati in passato, presso un centro commerciale, ne \u00e8 un esempio concreto: un carabiniere, libero dal servizio, \u00e8 intervenuto con prontezza per fermare una situazione pericolosa, dimostrando come carabinieri, poliziotti e finanzieri siano sempre \u201cin servizio\u201d, a tutela della collettivit\u00e0.<\/p>\n<p>Covello sottolinea che in altre regioni italiane queste agevolazioni sono gi\u00e0 una realt\u00e0 e che \u00e8 giunto il momento di colmare questo divario.<\/p>\n<p>\u201cChi ci tutela merita di essere tutelato. Sosterremo con determinazione un tavolo di confronto con i sindacati per arrivare a una soluzione concreta e immediata. Il trasporto gratuito per le Forze di Polizia \u00e8 una misura di giustizia e buon senso che rafforza la sicurezza di tutti.\u201d<\/p>\n","protected":false},"excerpt":{"rendered":"<p>Il candidato al Consiglio Regionale Michele Covello, candidato nella Circoscrizione Nord con la lista \u201cLega Salvini Calabria\u201d, annuncia la volont\u00e0 di richiedere al Vicepresidente del Consiglio dei Ministri Matteo Salvini&hellip;<\/p>\n","protected":false},"author":5,"featured_media":82445,"comment_status":"closed","ping_status":"open","sticky":false,"template":"","format":"standard","meta":{"_jetpack_memberships_contains_paid_content":false,"footnotes":"","jetpack_publicize_message":"","jetpack_publicize_feature_enabled":true,"jetpack_social_post_already_shared":true,"jetpack_social_options":{"image_generator_settings":{"template":"highway","default_image_id":0,"font":"","enabled":false},"version":2}},"categories":[142,921,196],"tags":[8762,3953,47852,22085,38779,47851],"class_list":["post-82444","post","type-post","status-publish","format-standard","has-post-thumbnail","hentry","category-calabria","category-home","category-news","tag-lega-calabria","tag-matteo-salvini","tag-michele-covello","tag-proposta","tag-richiesta-incontro","tag-trasporto-gratuito-per-le-forze-di-polizia"],"yoast_head":"<!-- This site is optimized with the Yoast SEO plugin v27.2 - https:\/\/yoast.com\/product\/yoast-seo-wordpress\/ -->\n<title>Covello (Lega Calabria): &quot;Trasporto gratuito per le Forze di Polizia&quot;<\/title>\n<meta name=\"description\" content=\"L&#039;esponente di Lega Calabria chiede un incontro a Salvini per discutere della proposta sul trasporto gratuito alle Forze di Polizia\" \/>\n<meta name=\"robots\" content=\"index, follow, max-snippet:-1, max-image-preview:large, max-video-preview:-1\" \/>\n<link rel=\"canonical\" href=\"https:\/\/progettotouring.it\/radiotouring104\/2025\/09\/29\/covello-lega-calabria-trasporto-gratuito-per-le-forze-di-polizia\/\" \/>\n<meta property=\"og:locale\" content=\"it_IT\" \/>\n<meta property=\"og:type\" content=\"article\" \/>\n<meta property=\"og:title\" content=\"Covello (Lega Calabria): &quot;Trasporto gratuito per le Forze di Polizia&quot;\" \/>\n<meta property=\"og:description\" content=\"L&#039;esponente di Lega Calabria chiede un incontro a Salvini per discutere della proposta sul trasporto gratuito alle Forze di Polizia\" \/>\n<meta property=\"og:url\" content=\"https:\/\/progettotouring.it\/radiotouring104\/2025\/09\/29\/covello-lega-calabria-trasporto-gratuito-per-le-forze-di-polizia\/\" \/>\n<meta property=\"og:site_name\" content=\"Radio Touring 104\" \/>\n<meta property=\"article:published_time\" content=\"2025-09-29T10:00:02+00:00\" \/>\n<meta property=\"article:modified_time\" content=\"2025-09-29T10:23:02+00:00\" \/>\n<meta property=\"og:image\" content=\"https:\/\/progettotouring.it\/radiotouring104\/wp-content\/uploads\/sites\/6\/2025\/09\/Michele-COVELLO-E-Matteo-SALVINI-Lega-Calabria.jpg\" \/>\n\t<meta property=\"og:image:width\" content=\"1284\" \/>\n\t<meta property=\"og:image:height\" content=\"971\" \/>\n\t<meta property=\"og:image:type\" content=\"image\/jpeg\" \/>\n<meta name=\"author\" content=\"redazione\" \/>\n<meta name=\"twitter:card\" content=\"summary_large_image\" \/>\n<meta name=\"twitter:label1\" content=\"Scritto da\" \/>\n\t<meta name=\"twitter:data1\" content=\"redazione\" \/>\n\t<meta name=\"twitter:label2\" content=\"Tempo di lettura stimato\" \/>\n\t<meta name=\"twitter:data2\" content=\"1 minuto\" \/>\n<script type=\"application\/ld+json\" class=\"yoast-schema-graph\">{\"@context\":\"https:\/\/schema.org\",\"@graph\":[{\"@type\":\"Article\",\"@id\":\"https:\/\/progettotouring.it\/radiotouring104\/2025\/09\/29\/covello-lega-calabria-trasporto-gratuito-per-le-forze-di-polizia\/#article\",\"isPartOf\":{\"@id\":\"https:\/\/progettotouring.it\/radiotouring104\/2025\/09\/29\/covello-lega-calabria-trasporto-gratuito-per-le-forze-di-polizia\/\"},\"author\":{\"name\":\"redazione\",\"@id\":\"https:\/\/progettotouring.it\/radiotouring104\/#\/schema\/person\/1b3eb3c07c47136bc44c785c543e635f\"},\"headline\":\"Covello (Lega Calabria): &#8220;Trasporto gratuito per le Forze di Polizia&#8221;\",\"datePublished\":\"2025-09-29T10:00:02+00:00\",\"dateModified\":\"2025-09-29T10:23:02+00:00\",\"mainEntityOfPage\":{\"@id\":\"https:\/\/progettotouring.it\/radiotouring104\/2025\/09\/29\/covello-lega-calabria-trasporto-gratuito-per-le-forze-di-polizia\/\"},\"wordCount\":265,\"publisher\":{\"@id\":\"https:\/\/progettotouring.it\/radiotouring104\/#organization\"},\"image\":{\"@id\":\"https:\/\/progettotouring.it\/radiotouring104\/2025\/09\/29\/covello-lega-calabria-trasporto-gratuito-per-le-forze-di-polizia\/#primaryimage\"},\"thumbnailUrl\":\"https:\/\/progettotouring.it\/radiotouring104\/wp-content\/uploads\/sites\/6\/2025\/09\/Michele-COVELLO-E-Matteo-SALVINI-Lega-Calabria.jpg\",\"keywords\":[\"lega calabria\",\"Matteo Salvini\",\"Michele Covello\",\"proposta\",\"richiesta incontro\",\"Trasporto gratuito per le Forze di Polizia\"],\"articleSection\":[\"Calabria\",\"Home\",\"News\"],\"inLanguage\":\"it-IT\"},{\"@type\":\"WebPage\",\"@id\":\"https:\/\/progettotouring.it\/radiotouring104\/2025\/09\/29\/covello-lega-calabria-trasporto-gratuito-per-le-forze-di-polizia\/\",\"url\":\"https:\/\/progettotouring.it\/radiotouring104\/2025\/09\/29\/covello-lega-calabria-trasporto-gratuito-per-le-forze-di-polizia\/\",\"name\":\"Covello (Lega Calabria): \\\"Trasporto gratuito per le Forze di Polizia\\\"\",\"isPartOf\":{\"@id\":\"https:\/\/progettotouring.it\/radiotouring104\/#website\"},\"primaryImageOfPage\":{\"@id\":\"https:\/\/progettotouring.it\/radiotouring104\/2025\/09\/29\/covello-lega-calabria-trasporto-gratuito-per-le-forze-di-polizia\/#primaryimage\"},\"image\":{\"@id\":\"https:\/\/progettotouring.it\/radiotouring104\/2025\/09\/29\/covello-lega-calabria-trasporto-gratuito-per-le-forze-di-polizia\/#primaryimage\"},\"thumbnailUrl\":\"https:\/\/progettotouring.it\/radiotouring104\/wp-content\/uploads\/sites\/6\/2025\/09\/Michele-COVELLO-E-Matteo-SALVINI-Lega-Calabria.jpg\",\"datePublished\":\"2025-09-29T10:00:02+00:00\",\"dateModified\":\"2025-09-29T10:23:02+00:00\",\"description\":\"L'esponente di Lega Calabria chiede un incontro a Salvini per discutere della proposta sul trasporto gratuito alle Forze di Polizia\",\"breadcrumb\":{\"@id\":\"https:\/\/progettotouring.it\/radiotouring104\/2025\/09\/29\/covello-lega-calabria-trasporto-gratuito-per-le-forze-di-polizia\/#breadcrumb\"},\"inLanguage\":\"it-IT\",\"potentialAction\":[{\"@type\":\"ReadAction\",\"target\":[\"https:\/\/progettotouring.it\/radiotouring104\/2025\/09\/29\/covello-lega-calabria-trasporto-gratuito-per-le-forze-di-polizia\/\"]}]},{\"@type\":\"ImageObject\",\"inLanguage\":\"it-IT\",\"@id\":\"https:\/\/progettotouring.it\/radiotouring104\/2025\/09\/29\/covello-lega-calabria-trasporto-gratuito-per-le-forze-di-polizia\/#primaryimage\",\"url\":\"https:\/\/progettotouring.it\/radiotouring104\/wp-content\/uploads\/sites\/6\/2025\/09\/Michele-COVELLO-E-Matteo-SALVINI-Lega-Calabria.jpg\",\"contentUrl\":\"https:\/\/progettotouring.it\/radiotouring104\/wp-content\/uploads\/sites\/6\/2025\/09\/Michele-COVELLO-E-Matteo-SALVINI-Lega-Calabria.jpg\",\"width\":1284,\"height\":971},{\"@type\":\"BreadcrumbList\",\"@id\":\"https:\/\/progettotouring.it\/radiotouring104\/2025\/09\/29\/covello-lega-calabria-trasporto-gratuito-per-le-forze-di-polizia\/#breadcrumb\",\"itemListElement\":[{\"@type\":\"ListItem\",\"position\":1,\"name\":\"Home\",\"item\":\"https:\/\/progettotouring.it\/radiotouring104\/\"},{\"@type\":\"ListItem\",\"position\":2,\"name\":\"Covello (Lega Calabria): &#8220;Trasporto gratuito per le Forze di Polizia&#8221;\"}]},{\"@type\":\"WebSite\",\"@id\":\"https:\/\/progettotouring.it\/radiotouring104\/#website\",\"url\":\"https:\/\/progettotouring.it\/radiotouring104\/\",\"name\":\"Radio Touring 104\",\"description\":\"La prima radio Reggina\",\"publisher\":{\"@id\":\"https:\/\/progettotouring.it\/radiotouring104\/#organization\"},\"potentialAction\":[{\"@type\":\"SearchAction\",\"target\":{\"@type\":\"EntryPoint\",\"urlTemplate\":\"https:\/\/progettotouring.it\/radiotouring104\/?s={search_term_string}\"},\"query-input\":{\"@type\":\"PropertyValueSpecification\",\"valueRequired\":true,\"valueName\":\"search_term_string\"}}],\"inLanguage\":\"it-IT\"},{\"@type\":\"Organization\",\"@id\":\"https:\/\/progettotouring.it\/radiotouring104\/#organization\",\"name\":\"Radio Touring 104\",\"url\":\"https:\/\/progettotouring.it\/radiotouring104\/\",\"logo\":{\"@type\":\"ImageObject\",\"inLanguage\":\"it-IT\",\"@id\":\"https:\/\/progettotouring.it\/radiotouring104\/#\/schema\/logo\/image\/\",\"url\":\"https:\/\/progettotouring.it\/radiotouring104\/wp-content\/uploads\/sites\/6\/2022\/02\/cropped-logo-radio-touring-104.png\",\"contentUrl\":\"https:\/\/progettotouring.it\/radiotouring104\/wp-content\/uploads\/sites\/6\/2022\/02\/cropped-logo-radio-touring-104.png\",\"width\":377,\"height\":182,\"caption\":\"Radio Touring 104\"},\"image\":{\"@id\":\"https:\/\/progettotouring.it\/radiotouring104\/#\/schema\/logo\/image\/\"}},{\"@type\":\"Person\",\"@id\":\"https:\/\/progettotouring.it\/radiotouring104\/#\/schema\/person\/1b3eb3c07c47136bc44c785c543e635f\",\"name\":\"redazione\",\"image\":{\"@type\":\"ImageObject\",\"inLanguage\":\"it-IT\",\"@id\":\"https:\/\/secure.gravatar.com\/avatar\/0b31605b49f100769e8b624b3e05de1b73e1692e9568a352f60f53fd072e6e11?s=96&d=mm&r=g\",\"url\":\"https:\/\/secure.gravatar.com\/avatar\/0b31605b49f100769e8b624b3e05de1b73e1692e9568a352f60f53fd072e6e11?s=96&d=mm&r=g\",\"contentUrl\":\"https:\/\/secure.gravatar.com\/avatar\/0b31605b49f100769e8b624b3e05de1b73e1692e9568a352f60f53fd072e6e11?s=96&d=mm&r=g\",\"caption\":\"redazione\"},\"url\":\"https:\/\/progettotouring.it\/radiotouring104\/author\/redazione\/\"}]}<\/script>\n<!-- \/ Yoast SEO plugin. -->","yoast_head_json":{"title":"Covello (Lega Calabria): \"Trasporto gratuito per le Forze di Polizia\"","description":"L'esponente di Lega Calabria chiede un incontro a Salvini per discutere della proposta sul trasporto gratuito alle Forze di Polizia","robots":{"index":"index","follow":"follow","max-snippet":"max-snippet:-1","max-image-preview":"max-image-preview:large","max-video-preview":"max-video-preview:-1"},"canonical":"https:\/\/progettotouring.it\/radiotouring104\/2025\/09\/29\/covello-lega-calabria-trasporto-gratuito-per-le-forze-di-polizia\/","og_locale":"it_IT","og_type":"article","og_title":"Covello (Lega Calabria): \"Trasporto gratuito per le Forze di Polizia\"","og_description":"L'esponente di Lega Calabria chiede un incontro a Salvini per discutere della proposta sul trasporto gratuito alle Forze di Polizia","og_url":"https:\/\/progettotouring.it\/radiotouring104\/2025\/09\/29\/covello-lega-calabria-trasporto-gratuito-per-le-forze-di-polizia\/","og_site_name":"Radio Touring 104","article_published_time":"2025-09-29T10:00:02+00:00","article_modified_time":"2025-09-29T10:23:02+00:00","og_image":[{"width":1284,"height":971,"url":"https:\/\/progettotouring.it\/radiotouring104\/wp-content\/uploads\/sites\/6\/2025\/09\/Michele-COVELLO-E-Matteo-SALVINI-Lega-Calabria.jpg","type":"image\/jpeg"}],"author":"redazione","twitter_card":"summary_large_image","twitter_misc":{"Scritto da":"redazione","Tempo di lettura stimato":"1 minuto"},"schema":{"@context":"https:\/\/schema.org","@graph":[{"@type":"Article","@id":"https:\/\/progettotouring.it\/radiotouring104\/2025\/09\/29\/covello-lega-calabria-trasporto-gratuito-per-le-forze-di-polizia\/#article","isPartOf":{"@id":"https:\/\/progettotouring.it\/radiotouring104\/2025\/09\/29\/covello-lega-calabria-trasporto-gratuito-per-le-forze-di-polizia\/"},"author":{"name":"redazione","@id":"https:\/\/progettotouring.it\/radiotouring104\/#\/schema\/person\/1b3eb3c07c47136bc44c785c543e635f"},"headline":"Covello (Lega Calabria): &#8220;Trasporto gratuito per le Forze di Polizia&#8221;","datePublished":"2025-09-29T10:00:02+00:00","dateModified":"2025-09-29T10:23:02+00:00","mainEntityOfPage":{"@id":"https:\/\/progettotouring.it\/radiotouring104\/2025\/09\/29\/covello-lega-calabria-trasporto-gratuito-per-le-forze-di-polizia\/"},"wordCount":265,"publisher":{"@id":"https:\/\/progettotouring.it\/radiotouring104\/#organization"},"image":{"@id":"https:\/\/progettotouring.it\/radiotouring104\/2025\/09\/29\/covello-lega-calabria-trasporto-gratuito-per-le-forze-di-polizia\/#primaryimage"},"thumbnailUrl":"https:\/\/progettotouring.it\/radiotouring104\/wp-content\/uploads\/sites\/6\/2025\/09\/Michele-COVELLO-E-Matteo-SALVINI-Lega-Calabria.jpg","keywords":["lega calabria","Matteo Salvini","Michele Covello","proposta","richiesta incontro","Trasporto gratuito per le Forze di Polizia"],"articleSection":["Calabria","Home","News"],"inLanguage":"it-IT"},{"@type":"WebPage","@id":"https:\/\/progettotouring.it\/radiotouring104\/2025\/09\/29\/covello-lega-calabria-trasporto-gratuito-per-le-forze-di-polizia\/","url":"https:\/\/progettotouring.it\/radiotouring104\/2025\/09\/29\/covello-lega-calabria-trasporto-gratuito-per-le-forze-di-polizia\/","name":"Covello (Lega Calabria): \"Trasporto gratuito per le Forze di Polizia\"","isPartOf":{"@id":"https:\/\/progettotouring.it\/radiotouring104\/#website"},"primaryImageOfPage":{"@id":"https:\/\/progettotouring.it\/radiotouring104\/2025\/09\/29\/covello-lega-calabria-trasporto-gratuito-per-le-forze-di-polizia\/#primaryimage"},"image":{"@id":"https:\/\/progettotouring.it\/radiotouring104\/2025\/09\/29\/covello-lega-calabria-trasporto-gratuito-per-le-forze-di-polizia\/#primaryimage"},"thumbnailUrl":"https:\/\/progettotouring.it\/radiotouring104\/wp-content\/uploads\/sites\/6\/2025\/09\/Michele-COVELLO-E-Matteo-SALVINI-Lega-Calabria.jpg","datePublished":"2025-09-29T10:00:02+00:00","dateModified":"2025-09-29T10:23:02+00:00","description":"L'esponente di Lega Calabria chiede un incontro a Salvini per discutere della proposta sul trasporto gratuito alle Forze di Polizia","breadcrumb":{"@id":"https:\/\/progettotouring.it\/radiotouring104\/2025\/09\/29\/covello-lega-calabria-trasporto-gratuito-per-le-forze-di-polizia\/#breadcrumb"},"inLanguage":"it-IT","potentialAction":[{"@type":"ReadAction","target":["https:\/\/progettotouring.it\/radiotouring104\/2025\/09\/29\/covello-lega-calabria-trasporto-gratuito-per-le-forze-di-polizia\/"]}]},{"@type":"ImageObject","inLanguage":"it-IT","@id":"https:\/\/progettotouring.it\/radiotouring104\/2025\/09\/29\/covello-lega-calabria-trasporto-gratuito-per-le-forze-di-polizia\/#primaryimage","url":"https:\/\/progettotouring.it\/radiotouring104\/wp-content\/uploads\/sites\/6\/2025\/09\/Michele-COVELLO-E-Matteo-SALVINI-Lega-Calabria.jpg","contentUrl":"https:\/\/progettotouring.it\/radiotouring104\/wp-content\/uploads\/sites\/6\/2025\/09\/Michele-COVELLO-E-Matteo-SALVINI-Lega-Calabria.jpg","width":1284,"height":971},{"@type":"BreadcrumbList","@id":"https:\/\/progettotouring.it\/radiotouring104\/2025\/09\/29\/covello-lega-calabria-trasporto-gratuito-per-le-forze-di-polizia\/#breadcrumb","itemListElement":[{"@type":"ListItem","position":1,"name":"Home","item":"https:\/\/progettotouring.it\/radiotouring104\/"},{"@type":"ListItem","position":2,"name":"Covello (Lega Calabria): &#8220;Trasporto gratuito per le Forze di Polizia&#8221;"}]},{"@type":"WebSite","@id":"https:\/\/progettotouring.it\/radiotouring104\/#website","url":"https:\/\/progettotouring.it\/radiotouring104\/","name":"Radio Touring 104","description":"La prima radio Reggina","publisher":{"@id":"https:\/\/progettotouring.it\/radiotouring104\/#organization"},"potentialAction":[{"@type":"SearchAction","target":{"@type":"EntryPoint","urlTemplate":"https:\/\/progettotouring.it\/radiotouring104\/?s={search_term_string}"},"query-input":{"@type":"PropertyValueSpecification","valueRequired":true,"valueName":"search_term_string"}}],"inLanguage":"it-IT"},{"@type":"Organization","@id":"https:\/\/progettotouring.it\/radiotouring104\/#organization","name":"Radio Touring 104","url":"https:\/\/progettotouring.it\/radiotouring104\/","logo":{"@type":"ImageObject","inLanguage":"it-IT","@id":"https:\/\/progettotouring.it\/radiotouring104\/#\/schema\/logo\/image\/","url":"https:\/\/progettotouring.it\/radiotouring104\/wp-content\/uploads\/sites\/6\/2022\/02\/cropped-logo-radio-touring-104.png","contentUrl":"https:\/\/progettotouring.it\/radiotouring104\/wp-content\/uploads\/sites\/6\/2022\/02\/cropped-logo-radio-touring-104.png","width":377,"height":182,"caption":"Radio Touring 104"},"image":{"@id":"https:\/\/progettotouring.it\/radiotouring104\/#\/schema\/logo\/image\/"}},{"@type":"Person","@id":"https:\/\/progettotouring.it\/radiotouring104\/#\/schema\/person\/1b3eb3c07c47136bc44c785c543e635f","name":"redazione","image":{"@type":"ImageObject","inLanguage":"it-IT","@id":"https:\/\/secure.gravatar.com\/avatar\/0b31605b49f100769e8b624b3e05de1b73e1692e9568a352f60f53fd072e6e11?s=96&d=mm&r=g","url":"https:\/\/secure.gravatar.com\/avatar\/0b31605b49f100769e8b624b3e05de1b73e1692e9568a352f60f53fd072e6e11?s=96&d=mm&r=g","contentUrl":"https:\/\/secure.gravatar.com\/avatar\/0b31605b49f100769e8b624b3e05de1b73e1692e9568a352f60f53fd072e6e11?s=96&d=mm&r=g","caption":"redazione"},"url":"https:\/\/progettotouring.it\/radiotouring104\/author\/redazione\/"}]}},"jetpack_publicize_connections":[],"jetpack_featured_media_url":"https:\/\/progettotouring.it\/radiotouring104\/wp-content\/uploads\/sites\/6\/2025\/09\/Michele-COVELLO-E-Matteo-SALVINI-Lega-Calabria.jpg","jetpack_sharing_enabled":true,"_links":{"self":[{"href":"https:\/\/progettotouring.it\/radiotouring104\/wp-json\/wp\/v2\/posts\/82444","targetHints":{"allow":["GET"]}}],"collection":[{"href":"https:\/\/progettotouring.it\/radiotouring104\/wp-json\/wp\/v2\/posts"}],"about":[{"href":"https:\/\/progettotouring.it\/radiotouring104\/wp-json\/wp\/v2\/types\/post"}],"author":[{"embeddable":true,"href":"https:\/\/progettotouring.it\/radiotouring104\/wp-json\/wp\/v2\/users\/5"}],"replies":[{"embeddable":true,"href":"https:\/\/progettotouring.it\/radiotouring104\/wp-json\/wp\/v2\/comments?post=82444"}],"version-history":[{"count":1,"href":"https:\/\/progettotouring.it\/radiotouring104\/wp-json\/wp\/v2\/posts\/82444\/revisions"}],"predecessor-version":[{"id":82446,"href":"https:\/\/progettotouring.it\/radiotouring104\/wp-json\/wp\/v2\/posts\/82444\/revisions\/82446"}],"wp:featuredmedia":[{"embeddable":true,"href":"https:\/\/progettotouring.it\/radiotouring104\/wp-json\/wp\/v2\/media\/82445"}],"wp:attachment":[{"href":"https:\/\/progettotouring.it\/radiotouring104\/wp-json\/wp\/v2\/media?parent=82444"}],"wp:term":[{"taxonomy":"category","embeddable":true,"href":"https:\/\/progettotouring.it\/radiotouring104\/wp-json\/wp\/v2\/categories?post=82444"},{"taxonomy":"post_tag","embeddable":true,"href":"https:\/\/progettotouring.it\/radiotouring104\/wp-json\/wp\/v2\/tags?post=82444"}],"curies":[{"name":"wp","href":"https:\/\/api.w.org\/{rel}","templated":true}]}}